{"id":280065,"date":"2024-10-31T18:29:00","date_gmt":"2024-10-31T21:29:00","guid":{"rendered":"https:\/\/diariotextual.com\/inicio\/?p=280065"},"modified":"2024-11-01T09:30:26","modified_gmt":"2024-11-01T12:30:26","slug":"el-gobernador-ziliotto-anuncia-creditos-para-pymes-y-cooperativas","status":"publish","type":"post","link":"https:\/\/diariotextual.com\/inicio\/index.php\/2024\/10\/31\/el-gobernador-ziliotto-anuncia-creditos-para-pymes-y-cooperativas\/","title":{"rendered":"\u201cUna cartera agresiva\u201d: Ziliotto anunci\u00f3 5 l\u00edneas de cr\u00e9ditos de fomento para Pymes y cooperativas"},"content":{"rendered":"\n<p>El gobernador <strong>Sergio Ziliotto <\/strong>anunci\u00f3 este jueves el <strong>lanzamiento de cinco l\u00edneas de cr\u00e9ditos de fomento productivo para Pymes, cooperativas y mutuales<\/strong> de La Pampa.<strong> El monto total a prestar es de 167.000 millones de pesos.<\/strong> \u201cEl principal objetivo es sostener la actividad econ\u00f3mica, el consumo y el empleo. Por eso apuntamos a financiar capital de trabajo, nuevas inversiones y proteger a las pymes que exportan bienes con agregado de valor\u201d, dijo el mandatario. <strong>Incluso contrast\u00f3 el respaldo de la Provincia a las industrias, con cr\u00e9ditos a tasas subsidiadas, con las medidas de Naci\u00f3n: apertura indiscriminada de las importaciones que afectan a las Pymes manufactureras.<\/strong><\/p>\n\n\n\n<p><strong>Alexis Iviglia<\/strong>, presidente del Banco de La Pampa (BLP), dio precisiones del \u201cpaquete de fomento\u201d disponible. \u201cLa intenci\u00f3n es implementar una cartera agresiva, complementaria a los productos (del BLP) para la ayuda al consumo, siempre con el fin de sostener la actividad econ\u00f3mica\u201d, expres\u00f3.<\/p>\n\n\n\n<p>El acto se desarroll\u00f3 en el Sal\u00f3n de Acuerdos de Casa de Gobierno, desde pasadas las 10.30 horas. Adem\u00e1s de Ziliotto, estuvieron presentes autoridades del Banco de La Pampa, miembros del gabinete, legisladores y legisladoras provinciales y nacionales, y representantes de instituciones intermedias de los sectores comerciales y productivos pampeanos.<\/p>\n\n\n\n<div style=\"height:100px\" aria-hidden=\"true\" class=\"wp-block-spacer\"><\/div>\n\n\n\n<p><strong>Las cinco<\/strong><\/p>\n\n\n\n<p>El presidente del Banco de La Pampa, Alexis Iviglia fue el encargado de informar sobre &nbsp;las nuevas l\u00edneas.<\/p>\n\n\n\n<p><\/p>\n\n\n\n<p><strong>L\u00ednea Compre Pampeano:<\/strong><\/p>\n\n\n\n<ul class=\"wp-block-list\">\n<li>Cartera disponible: $ 30 mil millones.<\/li>\n\n\n\n<li>Monto de hasta $ 300 millones.<\/li>\n\n\n\n<li>Plazos hasta 5 a\u00f1os y 18 meses para inversi\u00f3n o capital de trabajo, respectivamente.<\/li>\n\n\n\n<li>Plazo de gracias de hasta 12 meses.<\/li>\n\n\n\n<li>Subsidio de tasa de 15 puntos.<\/li>\n\n\n\n<li>Ejemplo tasa octubre-24: 29 %.<\/li>\n\n\n\n<li>Acceso a garant\u00edas del FOGAPAM.<\/li>\n<\/ul>\n\n\n\n<p><strong>L\u00ednea Capital de Trabajo:<\/strong><\/p>\n\n\n\n<ul class=\"wp-block-list\">\n<li>Cartera disponible: $ 20 mil millones.<\/li>\n\n\n\n<li>Monto de hasta $ 300 millones.<\/li>\n\n\n\n<li>Plazos hasta 36 meses.<\/li>\n\n\n\n<li>Subsidio de tasa de 12 puntos.<\/li>\n\n\n\n<li>Ejemplo tasa octubre-24 a 180 d\u00edas: 27 %, hasta 18 meses: 34 % y hasta 36 meses: 35 %.<\/li>\n\n\n\n<li>Acceso a garant\u00edas del FOGAPAM.<\/li>\n<\/ul>\n\n\n\n<p><strong>L\u00ednea Inversi\u00f3n:<\/strong><\/p>\n\n\n\n<ul class=\"wp-block-list\">\n<li>Cartera disponible: $ 100 mil millones.<\/li>\n\n\n\n<li>Monto de hasta $ 2.000 millones.<\/li>\n\n\n\n<li>Plazos hasta 15 a\u00f1os.<\/li>\n\n\n\n<li>Plazo de gracias de hasta 2 a\u00f1os.<\/li>\n\n\n\n<li>Subsidio de tasa de 15 puntos.<\/li>\n\n\n\n<li>Ejemplo tasa octubre-24: 30 %<\/li>\n\n\n\n<li>Acceso a garant\u00edas del FOGAPAM.<\/li>\n\n\n\n<li>Opci\u00f3n en d\u00f3lares a disposici\u00f3n del cliente.<\/li>\n<\/ul>\n\n\n\n<p><strong>L\u00ednea Frigor\u00edficos Exportadores:<\/strong><\/p>\n\n\n\n<ul class=\"wp-block-list\">\n<li>Cartera disponible: $ 12 mil millones.<\/li>\n\n\n\n<li>Monto de hasta $ 3.000 millones.<\/li>\n\n\n\n<li>Modalidad: pr\u00e9stamo financiero o call (de disponibilidad opcional)<\/li>\n\n\n\n<li>Plazos hasta 36 meses y 90 d\u00edas, seg\u00fan modalidad elegida.<\/li>\n\n\n\n<li>Subsidio de Tasas: 15 puntos.<\/li>\n\n\n\n<li>Tasa octubre-24: Call: 33 %. Pr\u00e9stamo: hasta 36 meses: 32%.<\/li>\n\n\n\n<li>Garant\u00eda hipotecaria sobre planta frigor\u00edfica.<\/li>\n<\/ul>\n\n\n\n<p><strong>L\u00ednea Capital de Trabajo para Exportadores Pampeanos:<\/strong><\/p>\n\n\n\n<ul class=\"wp-block-list\">\n<li>Cartera disponible: $ 5 mil millones.<\/li>\n\n\n\n<li>Monto de hasta $ 300 millones.<\/li>\n\n\n\n<li>Plazos hasta 36 meses.<\/li>\n\n\n\n<li>Subsidio de tasa de 15 puntos.<\/li>\n\n\n\n<li>Tasa octubre-24: hasta 180 d\u00edas 24 %, hasta 18 meses 31 % y hasta 36 meses 32 %.<\/li>\n\n\n\n<li>Acceso a garant\u00edas del FOGAPAM.<\/li>\n<\/ul>\n\n\n\n<p><strong>Subsidio de tasa adicional:<\/strong><\/p>\n\n\n\n<p>En caso de emprendimientos liderados por mujeres se adicionar\u00e1n 5 puntos porcentuales anuales, en todas las l\u00edneas anunciadas.<\/p>\n\n\n\n<p><strong>Aumento de montos de garant\u00edas del Fogapam:<\/strong><\/p>\n\n\n\n<p>En el marco del acuerdo entre el Banco de La Pampa y el Fondo de Garant\u00edas Pampeanas (Fogapam) se duplican los montos de las garant\u00edas, seg\u00fan an\u00e1lisis y solvencia de cada cliente, que asume el Estado provincial.<\/p>\n\n\n\n<ul class=\"wp-block-list\">\n<li>Garant\u00edas autom\u00e1ticas: hasta $ 4 millones.<\/li>\n\n\n\n<li>Garant\u00edas semiautom\u00e1ticas: hasta $ 20 millones.<\/li>\n\n\n\n<li>Sistema Tradicional: Hasta $300 millones.<\/li>\n<\/ul>\n\n\n\n<p><\/p>\n\n\n\n<div style=\"height:100px\" aria-hidden=\"true\" class=\"wp-block-spacer\"><\/div>\n\n\n\n<p><strong>Palos a la UCR<\/strong><\/p>\n\n\n\n<p>Ziliotto, en su discurso,<strong><a href=\"https:\/\/diariotextual.com\/inicio\/index.php\/2024\/10\/26\/la-ucr-nego-el-estado-eficiente-del-que-habla-ziliotto-y-no-dijo-nada-de-la-deuda-de-milei-a-la-pampa\/\" target=\"_blank\" rel=\"noreferrer noopener\"> pareci\u00f3 tambi\u00e9n responderle a la UCR, que recientemente sostuvo que el Banco de La Pampa ya dej\u00f3 de ser fomento<\/a><\/strong>. \u201cEl Banco de La Pampa demuestra una vez m\u00e1s que, frente a los intentos de desprestigiarlo con no se qu\u00e9 intenciones, que sigue siendo de fomento\u201d, sostuvo el mandatario en el Sal\u00f3n de Acuerdos de Casa de Gobierno.<\/p>\n\n\n\n<p>\u201cHoy nuevamente ponemos en evidencia la fortaleza de nuestro banco provincial. El monto y los plazos son in\u00e9ditos. Conjuntamente con el subsidio de tasas generan una oferta crediticia que no existe en el sistema financiero en la actualidad\u201d, prosigui\u00f3.<\/p>\n\n\n\n<p>\u201cUna vez m\u00e1s ratificamos la vigencia de un Banco de La Pampa cada d\u00eda m\u00e1s posicionado del lado de la inversi\u00f3n y el crecimiento productivo\u201d, enfatiz\u00f3.<\/p>\n\n\n\n<p>Adem\u00e1s, dio otro dato para la oposici\u00f3n. \u201cSiempre los subsidios econ\u00f3micos superan los subsidios sociales\u201d, manifest\u00f3, en referencia a las ayudas a los sectores productivos.<\/p>\n\n\n\n<p>Tambi\u00e9n insisti\u00f3 con otro punto, tambi\u00e9n marcado por los radicales. \u201cTenemos un Estado eficiente\u201d, retruc\u00f3 Ziliotto.<\/p>\n\n\n\n<p>Incluso <strong>contrast\u00f3 el respaldo de la Provincia a las industrias, con cr\u00e9ditos a tasas subsidiadas, con las medidas de Naci\u00f3n: apertura indiscriminada de las importaciones que afectan a las Pymes manufactureras.<\/strong> Dijo que, pese a que los n\u00fameros de la macroeconom\u00eda no favorecen, reiter\u00f3 la \u201ctozudez\u201d del Gobierno provincial en seguir \u201cacompa\u00f1ando\u201d a la producci\u00f3n.<\/p>\n\n\n\n<figure class=\"wp-block-embed is-type-wp-embed is-provider-diario-textual wp-block-embed-diario-textual\"><div class=\"wp-block-embed__wrapper\">\n<blockquote class=\"wp-embedded-content\" data-secret=\"d51dYmSfOU\"><a href=\"https:\/\/diariotextual.com\/inicio\/index.php\/2024\/10\/31\/con-nuevos-creditos-por-167-mil-millones-ziliotto-le-responde-a-la-ucr-el-blp-tiene-espaldas-y-sigue-siendo-de-fomento\/\">Ziliotto y los cr\u00e9ditos por $167 mil millones: \u201cEl BLP tiene espalda y sigue siendo de fomento\u201d<\/a><\/blockquote><iframe class=\"wp-embedded-content\" sandbox=\"allow-scripts\" security=\"restricted\" style=\"position: absolute; visibility: hidden;\" title=\"\u00abZiliotto y los cr\u00e9ditos por $167 mil millones: \u201cEl BLP tiene espalda y sigue siendo de fomento\u201d\u00bb \u2014 Diario Textual\" src=\"https:\/\/diariotextual.com\/inicio\/index.php\/2024\/10\/31\/con-nuevos-creditos-por-167-mil-millones-ziliotto-le-responde-a-la-ucr-el-blp-tiene-espaldas-y-sigue-siendo-de-fomento\/embed\/#?secret=DTfEDqo63B#?secret=d51dYmSfOU\" data-secret=\"d51dYmSfOU\" width=\"600\" height=\"338\" frameborder=\"0\" marginwidth=\"0\" marginheight=\"0\" scrolling=\"no\"><\/iframe>\n<\/div><\/figure>\n\n\n\n<p><\/p>\n","protected":false},"excerpt":{"rendered":"<p>El gobernador Sergio Ziliotto anunci\u00f3 este jueves el lanzamiento de cinco l\u00edneas de cr\u00e9ditos de fomento productivo para Pymes, cooperativas y mutuales de La Pampa. El monto total a prestar&hellip;<\/p>\n","protected":false},"author":3,"featured_media":280116,"comment_status":"closed","ping_status":"open","sticky":false,"template":"","format":"standard","meta":{"_acf_changed":false,"footnotes":""},"categories":[11,12],"tags":[],"class_list":["post-280065","post","type-post","status-publish","format-standard","has-post-thumbnail","hentry","category-que-pasa","category-sociedad"],"acf":[],"yoast_head":"<!-- This site is optimized with the Yoast SEO plugin v27.5 - https:\/\/yoast.com\/product\/yoast-seo-wordpress\/ -->\n<title>\u201cUna cartera agresiva\u201d: Ziliotto anunci\u00f3 5 l\u00edneas de cr\u00e9ditos de fomento para Pymes y cooperativas - Diario Textual<\/title>\n<meta name=\"robots\" content=\"index, follow, max-snippet:-1, max-image-preview:large, max-video-preview:-1\" \/>\n<link rel=\"canonical\" href=\"https:\/\/diariotextual.com\/inicio\/index.php\/2024\/10\/31\/el-gobernador-ziliotto-anuncia-creditos-para-pymes-y-cooperativas\/\" \/>\n<meta property=\"og:locale\" content=\"es_ES\" \/>\n<meta property=\"og:type\" content=\"article\" \/>\n<meta property=\"og:title\" content=\"\u201cUna cartera agresiva\u201d: Ziliotto anunci\u00f3 5 l\u00edneas de cr\u00e9ditos de fomento para Pymes y cooperativas - Diario Textual\" \/>\n<meta property=\"og:description\" content=\"El gobernador Sergio Ziliotto anunci\u00f3 este jueves el lanzamiento de cinco l\u00edneas de cr\u00e9ditos de fomento productivo para Pymes, cooperativas y mutuales de La Pampa. El monto total a prestar&hellip;\" \/>\n<meta property=\"og:url\" content=\"https:\/\/diariotextual.com\/inicio\/index.php\/2024\/10\/31\/el-gobernador-ziliotto-anuncia-creditos-para-pymes-y-cooperativas\/\" \/>\n<meta property=\"og:site_name\" content=\"Diario Textual\" \/>\n<meta property=\"article:publisher\" content=\"https:\/\/www.facebook.com\/eltextual\" \/>\n<meta property=\"article:published_time\" content=\"2024-10-31T21:29:00+00:00\" \/>\n<meta property=\"article:modified_time\" content=\"2024-11-01T12:30:26+00:00\" \/>\n<meta property=\"og:image\" content=\"https:\/\/diariotextual.com\/inicio\/wp-content\/uploads\/2024\/10\/ziliottosergiocreditosindustrias2024-12.jpg\" \/>\n\t<meta property=\"og:image:width\" content=\"1500\" \/>\n\t<meta property=\"og:image:height\" content=\"998\" \/>\n\t<meta property=\"og:image:type\" content=\"image\/jpeg\" \/>\n<meta name=\"author\" content=\"Diario1 Diario1\" \/>\n<meta name=\"twitter:card\" content=\"summary_large_image\" \/>\n<meta name=\"twitter:creator\" content=\"@eltextual\" \/>\n<meta name=\"twitter:site\" content=\"@eltextual\" \/>\n<meta name=\"twitter:label1\" content=\"Escrito por\" \/>\n\t<meta name=\"twitter:data1\" content=\"Diario1 Diario1\" \/>\n\t<meta name=\"twitter:label2\" content=\"Tiempo de lectura\" \/>\n\t<meta name=\"twitter:data2\" content=\"4 minutos\" \/>\n<script type=\"application\/ld+json\" class=\"yoast-schema-graph\">{\"@context\":\"https:\\\/\\\/schema.org\",\"@graph\":[{\"@type\":\"Article\",\"@id\":\"https:\\\/\\\/diariotextual.com\\\/inicio\\\/index.php\\\/2024\\\/10\\\/31\\\/el-gobernador-ziliotto-anuncia-creditos-para-pymes-y-cooperativas\\\/#article\",\"isPartOf\":{\"@id\":\"https:\\\/\\\/diariotextual.com\\\/inicio\\\/index.php\\\/2024\\\/10\\\/31\\\/el-gobernador-ziliotto-anuncia-creditos-para-pymes-y-cooperativas\\\/\"},\"author\":{\"name\":\"Diario1 Diario1\",\"@id\":\"https:\\\/\\\/diariotextual.com\\\/inicio\\\/#\\\/schema\\\/person\\\/418fc4093c33e86ed41562db3508f958\"},\"headline\":\"\u201cUna cartera agresiva\u201d: Ziliotto anunci\u00f3 5 l\u00edneas de cr\u00e9ditos de fomento para Pymes y cooperativas\",\"datePublished\":\"2024-10-31T21:29:00+00:00\",\"dateModified\":\"2024-11-01T12:30:26+00:00\",\"mainEntityOfPage\":{\"@id\":\"https:\\\/\\\/diariotextual.com\\\/inicio\\\/index.php\\\/2024\\\/10\\\/31\\\/el-gobernador-ziliotto-anuncia-creditos-para-pymes-y-cooperativas\\\/\"},\"wordCount\":807,\"publisher\":{\"@id\":\"https:\\\/\\\/diariotextual.com\\\/inicio\\\/#organization\"},\"image\":{\"@id\":\"https:\\\/\\\/diariotextual.com\\\/inicio\\\/index.php\\\/2024\\\/10\\\/31\\\/el-gobernador-ziliotto-anuncia-creditos-para-pymes-y-cooperativas\\\/#primaryimage\"},\"thumbnailUrl\":\"https:\\\/\\\/diariotextual.com\\\/inicio\\\/wp-content\\\/uploads\\\/2024\\\/10\\\/ziliottosergiocreditosindustrias2024-12.jpg\",\"articleSection\":[\"A - QUE PASA (al costado)\",\"SOCIEDAD\"],\"inLanguage\":\"es\"},{\"@type\":\"WebPage\",\"@id\":\"https:\\\/\\\/diariotextual.com\\\/inicio\\\/index.php\\\/2024\\\/10\\\/31\\\/el-gobernador-ziliotto-anuncia-creditos-para-pymes-y-cooperativas\\\/\",\"url\":\"https:\\\/\\\/diariotextual.com\\\/inicio\\\/index.php\\\/2024\\\/10\\\/31\\\/el-gobernador-ziliotto-anuncia-creditos-para-pymes-y-cooperativas\\\/\",\"name\":\"\u201cUna cartera agresiva\u201d: Ziliotto anunci\u00f3 5 l\u00edneas de cr\u00e9ditos de fomento para Pymes y cooperativas - Diario Textual\",\"isPartOf\":{\"@id\":\"https:\\\/\\\/diariotextual.com\\\/inicio\\\/#website\"},\"primaryImageOfPage\":{\"@id\":\"https:\\\/\\\/diariotextual.com\\\/inicio\\\/index.php\\\/2024\\\/10\\\/31\\\/el-gobernador-ziliotto-anuncia-creditos-para-pymes-y-cooperativas\\\/#primaryimage\"},\"image\":{\"@id\":\"https:\\\/\\\/diariotextual.com\\\/inicio\\\/index.php\\\/2024\\\/10\\\/31\\\/el-gobernador-ziliotto-anuncia-creditos-para-pymes-y-cooperativas\\\/#primaryimage\"},\"thumbnailUrl\":\"https:\\\/\\\/diariotextual.com\\\/inicio\\\/wp-content\\\/uploads\\\/2024\\\/10\\\/ziliottosergiocreditosindustrias2024-12.jpg\",\"datePublished\":\"2024-10-31T21:29:00+00:00\",\"dateModified\":\"2024-11-01T12:30:26+00:00\",\"breadcrumb\":{\"@id\":\"https:\\\/\\\/diariotextual.com\\\/inicio\\\/index.php\\\/2024\\\/10\\\/31\\\/el-gobernador-ziliotto-anuncia-creditos-para-pymes-y-cooperativas\\\/#breadcrumb\"},\"inLanguage\":\"es\",\"potentialAction\":[{\"@type\":\"ReadAction\",\"target\":[\"https:\\\/\\\/diariotextual.com\\\/inicio\\\/index.php\\\/2024\\\/10\\\/31\\\/el-gobernador-ziliotto-anuncia-creditos-para-pymes-y-cooperativas\\\/\"]}]},{\"@type\":\"ImageObject\",\"inLanguage\":\"es\",\"@id\":\"https:\\\/\\\/diariotextual.com\\\/inicio\\\/index.php\\\/2024\\\/10\\\/31\\\/el-gobernador-ziliotto-anuncia-creditos-para-pymes-y-cooperativas\\\/#primaryimage\",\"url\":\"https:\\\/\\\/diariotextual.com\\\/inicio\\\/wp-content\\\/uploads\\\/2024\\\/10\\\/ziliottosergiocreditosindustrias2024-12.jpg\",\"contentUrl\":\"https:\\\/\\\/diariotextual.com\\\/inicio\\\/wp-content\\\/uploads\\\/2024\\\/10\\\/ziliottosergiocreditosindustrias2024-12.jpg\",\"width\":1500,\"height\":998},{\"@type\":\"BreadcrumbList\",\"@id\":\"https:\\\/\\\/diariotextual.com\\\/inicio\\\/index.php\\\/2024\\\/10\\\/31\\\/el-gobernador-ziliotto-anuncia-creditos-para-pymes-y-cooperativas\\\/#breadcrumb\",\"itemListElement\":[{\"@type\":\"ListItem\",\"position\":1,\"name\":\"Portada\",\"item\":\"https:\\\/\\\/diariotextual.com\\\/inicio\\\/\"},{\"@type\":\"ListItem\",\"position\":2,\"name\":\"\u201cUna cartera agresiva\u201d: Ziliotto anunci\u00f3 5 l\u00edneas de cr\u00e9ditos de fomento para Pymes y cooperativas\"}]},{\"@type\":\"WebSite\",\"@id\":\"https:\\\/\\\/diariotextual.com\\\/inicio\\\/#website\",\"url\":\"https:\\\/\\\/diariotextual.com\\\/inicio\\\/\",\"name\":\"Diario Textual\",\"description\":\"\",\"publisher\":{\"@id\":\"https:\\\/\\\/diariotextual.com\\\/inicio\\\/#organization\"},\"potentialAction\":[{\"@type\":\"SearchAction\",\"target\":{\"@type\":\"EntryPoint\",\"urlTemplate\":\"https:\\\/\\\/diariotextual.com\\\/inicio\\\/?s={search_term_string}\"},\"query-input\":{\"@type\":\"PropertyValueSpecification\",\"valueRequired\":true,\"valueName\":\"search_term_string\"}}],\"inLanguage\":\"es\"},{\"@type\":\"Organization\",\"@id\":\"https:\\\/\\\/diariotextual.com\\\/inicio\\\/#organization\",\"name\":\"Diario Textual\",\"url\":\"https:\\\/\\\/diariotextual.com\\\/inicio\\\/\",\"logo\":{\"@type\":\"ImageObject\",\"inLanguage\":\"es\",\"@id\":\"https:\\\/\\\/diariotextual.com\\\/inicio\\\/#\\\/schema\\\/logo\\\/image\\\/\",\"url\":\"https:\\\/\\\/diariotextual.com\\\/inicio\\\/wp-content\\\/uploads\\\/2023\\\/05\\\/logotextual1.jpg\",\"contentUrl\":\"https:\\\/\\\/diariotextual.com\\\/inicio\\\/wp-content\\\/uploads\\\/2023\\\/05\\\/logotextual1.jpg\",\"width\":516,\"height\":76,\"caption\":\"Diario Textual\"},\"image\":{\"@id\":\"https:\\\/\\\/diariotextual.com\\\/inicio\\\/#\\\/schema\\\/logo\\\/image\\\/\"},\"sameAs\":[\"https:\\\/\\\/www.facebook.com\\\/eltextual\",\"https:\\\/\\\/x.com\\\/eltextual\",\"http:\\\/\\\/www.instagram.com\\\/eltextual\"]},{\"@type\":\"Person\",\"@id\":\"https:\\\/\\\/diariotextual.com\\\/inicio\\\/#\\\/schema\\\/person\\\/418fc4093c33e86ed41562db3508f958\",\"name\":\"Diario1 Diario1\",\"image\":{\"@type\":\"ImageObject\",\"inLanguage\":\"es\",\"@id\":\"https:\\\/\\\/secure.gravatar.com\\\/avatar\\\/9167d280179c85bc18be67aa7eda765854300033af4896dd779b608640f2ef7a?s=96&d=mm&r=g\",\"url\":\"https:\\\/\\\/secure.gravatar.com\\\/avatar\\\/9167d280179c85bc18be67aa7eda765854300033af4896dd779b608640f2ef7a?s=96&d=mm&r=g\",\"contentUrl\":\"https:\\\/\\\/secure.gravatar.com\\\/avatar\\\/9167d280179c85bc18be67aa7eda765854300033af4896dd779b608640f2ef7a?s=96&d=mm&r=g\",\"caption\":\"Diario1 Diario1\"},\"url\":\"https:\\\/\\\/diariotextual.com\\\/inicio\\\/index.php\\\/author\\\/diario1\\\/\"}]}<\/script>\n<!-- \/ Yoast SEO plugin. -->","yoast_head_json":{"title":"\u201cUna cartera agresiva\u201d: Ziliotto anunci\u00f3 5 l\u00edneas de cr\u00e9ditos de fomento para Pymes y cooperativas - Diario Textual","robots":{"index":"index","follow":"follow","max-snippet":"max-snippet:-1","max-image-preview":"max-image-preview:large","max-video-preview":"max-video-preview:-1"},"canonical":"https:\/\/diariotextual.com\/inicio\/index.php\/2024\/10\/31\/el-gobernador-ziliotto-anuncia-creditos-para-pymes-y-cooperativas\/","og_locale":"es_ES","og_type":"article","og_title":"\u201cUna cartera agresiva\u201d: Ziliotto anunci\u00f3 5 l\u00edneas de cr\u00e9ditos de fomento para Pymes y cooperativas - Diario Textual","og_description":"El gobernador Sergio Ziliotto anunci\u00f3 este jueves el lanzamiento de cinco l\u00edneas de cr\u00e9ditos de fomento productivo para Pymes, cooperativas y mutuales de La Pampa. El monto total a prestar&hellip;","og_url":"https:\/\/diariotextual.com\/inicio\/index.php\/2024\/10\/31\/el-gobernador-ziliotto-anuncia-creditos-para-pymes-y-cooperativas\/","og_site_name":"Diario Textual","article_publisher":"https:\/\/www.facebook.com\/eltextual","article_published_time":"2024-10-31T21:29:00+00:00","article_modified_time":"2024-11-01T12:30:26+00:00","og_image":[{"width":1500,"height":998,"url":"https:\/\/diariotextual.com\/inicio\/wp-content\/uploads\/2024\/10\/ziliottosergiocreditosindustrias2024-12.jpg","type":"image\/jpeg"}],"author":"Diario1 Diario1","twitter_card":"summary_large_image","twitter_creator":"@eltextual","twitter_site":"@eltextual","twitter_misc":{"Escrito por":"Diario1 Diario1","Tiempo de lectura":"4 minutos"},"schema":{"@context":"https:\/\/schema.org","@graph":[{"@type":"Article","@id":"https:\/\/diariotextual.com\/inicio\/index.php\/2024\/10\/31\/el-gobernador-ziliotto-anuncia-creditos-para-pymes-y-cooperativas\/#article","isPartOf":{"@id":"https:\/\/diariotextual.com\/inicio\/index.php\/2024\/10\/31\/el-gobernador-ziliotto-anuncia-creditos-para-pymes-y-cooperativas\/"},"author":{"name":"Diario1 Diario1","@id":"https:\/\/diariotextual.com\/inicio\/#\/schema\/person\/418fc4093c33e86ed41562db3508f958"},"headline":"\u201cUna cartera agresiva\u201d: Ziliotto anunci\u00f3 5 l\u00edneas de cr\u00e9ditos de fomento para Pymes y cooperativas","datePublished":"2024-10-31T21:29:00+00:00","dateModified":"2024-11-01T12:30:26+00:00","mainEntityOfPage":{"@id":"https:\/\/diariotextual.com\/inicio\/index.php\/2024\/10\/31\/el-gobernador-ziliotto-anuncia-creditos-para-pymes-y-cooperativas\/"},"wordCount":807,"publisher":{"@id":"https:\/\/diariotextual.com\/inicio\/#organization"},"image":{"@id":"https:\/\/diariotextual.com\/inicio\/index.php\/2024\/10\/31\/el-gobernador-ziliotto-anuncia-creditos-para-pymes-y-cooperativas\/#primaryimage"},"thumbnailUrl":"https:\/\/diariotextual.com\/inicio\/wp-content\/uploads\/2024\/10\/ziliottosergiocreditosindustrias2024-12.jpg","articleSection":["A - QUE PASA (al costado)","SOCIEDAD"],"inLanguage":"es"},{"@type":"WebPage","@id":"https:\/\/diariotextual.com\/inicio\/index.php\/2024\/10\/31\/el-gobernador-ziliotto-anuncia-creditos-para-pymes-y-cooperativas\/","url":"https:\/\/diariotextual.com\/inicio\/index.php\/2024\/10\/31\/el-gobernador-ziliotto-anuncia-creditos-para-pymes-y-cooperativas\/","name":"\u201cUna cartera agresiva\u201d: Ziliotto anunci\u00f3 5 l\u00edneas de cr\u00e9ditos de fomento para Pymes y cooperativas - Diario Textual","isPartOf":{"@id":"https:\/\/diariotextual.com\/inicio\/#website"},"primaryImageOfPage":{"@id":"https:\/\/diariotextual.com\/inicio\/index.php\/2024\/10\/31\/el-gobernador-ziliotto-anuncia-creditos-para-pymes-y-cooperativas\/#primaryimage"},"image":{"@id":"https:\/\/diariotextual.com\/inicio\/index.php\/2024\/10\/31\/el-gobernador-ziliotto-anuncia-creditos-para-pymes-y-cooperativas\/#primaryimage"},"thumbnailUrl":"https:\/\/diariotextual.com\/inicio\/wp-content\/uploads\/2024\/10\/ziliottosergiocreditosindustrias2024-12.jpg","datePublished":"2024-10-31T21:29:00+00:00","dateModified":"2024-11-01T12:30:26+00:00","breadcrumb":{"@id":"https:\/\/diariotextual.com\/inicio\/index.php\/2024\/10\/31\/el-gobernador-ziliotto-anuncia-creditos-para-pymes-y-cooperativas\/#breadcrumb"},"inLanguage":"es","potentialAction":[{"@type":"ReadAction","target":["https:\/\/diariotextual.com\/inicio\/index.php\/2024\/10\/31\/el-gobernador-ziliotto-anuncia-creditos-para-pymes-y-cooperativas\/"]}]},{"@type":"ImageObject","inLanguage":"es","@id":"https:\/\/diariotextual.com\/inicio\/index.php\/2024\/10\/31\/el-gobernador-ziliotto-anuncia-creditos-para-pymes-y-cooperativas\/#primaryimage","url":"https:\/\/diariotextual.com\/inicio\/wp-content\/uploads\/2024\/10\/ziliottosergiocreditosindustrias2024-12.jpg","contentUrl":"https:\/\/diariotextual.com\/inicio\/wp-content\/uploads\/2024\/10\/ziliottosergiocreditosindustrias2024-12.jpg","width":1500,"height":998},{"@type":"BreadcrumbList","@id":"https:\/\/diariotextual.com\/inicio\/index.php\/2024\/10\/31\/el-gobernador-ziliotto-anuncia-creditos-para-pymes-y-cooperativas\/#breadcrumb","itemListElement":[{"@type":"ListItem","position":1,"name":"Portada","item":"https:\/\/diariotextual.com\/inicio\/"},{"@type":"ListItem","position":2,"name":"\u201cUna cartera agresiva\u201d: Ziliotto anunci\u00f3 5 l\u00edneas de cr\u00e9ditos de fomento para Pymes y cooperativas"}]},{"@type":"WebSite","@id":"https:\/\/diariotextual.com\/inicio\/#website","url":"https:\/\/diariotextual.com\/inicio\/","name":"Diario Textual","description":"","publisher":{"@id":"https:\/\/diariotextual.com\/inicio\/#organization"},"potentialAction":[{"@type":"SearchAction","target":{"@type":"EntryPoint","urlTemplate":"https:\/\/diariotextual.com\/inicio\/?s={search_term_string}"},"query-input":{"@type":"PropertyValueSpecification","valueRequired":true,"valueName":"search_term_string"}}],"inLanguage":"es"},{"@type":"Organization","@id":"https:\/\/diariotextual.com\/inicio\/#organization","name":"Diario Textual","url":"https:\/\/diariotextual.com\/inicio\/","logo":{"@type":"ImageObject","inLanguage":"es","@id":"https:\/\/diariotextual.com\/inicio\/#\/schema\/logo\/image\/","url":"https:\/\/diariotextual.com\/inicio\/wp-content\/uploads\/2023\/05\/logotextual1.jpg","contentUrl":"https:\/\/diariotextual.com\/inicio\/wp-content\/uploads\/2023\/05\/logotextual1.jpg","width":516,"height":76,"caption":"Diario Textual"},"image":{"@id":"https:\/\/diariotextual.com\/inicio\/#\/schema\/logo\/image\/"},"sameAs":["https:\/\/www.facebook.com\/eltextual","https:\/\/x.com\/eltextual","http:\/\/www.instagram.com\/eltextual"]},{"@type":"Person","@id":"https:\/\/diariotextual.com\/inicio\/#\/schema\/person\/418fc4093c33e86ed41562db3508f958","name":"Diario1 Diario1","image":{"@type":"ImageObject","inLanguage":"es","@id":"https:\/\/secure.gravatar.com\/avatar\/9167d280179c85bc18be67aa7eda765854300033af4896dd779b608640f2ef7a?s=96&d=mm&r=g","url":"https:\/\/secure.gravatar.com\/avatar\/9167d280179c85bc18be67aa7eda765854300033af4896dd779b608640f2ef7a?s=96&d=mm&r=g","contentUrl":"https:\/\/secure.gravatar.com\/avatar\/9167d280179c85bc18be67aa7eda765854300033af4896dd779b608640f2ef7a?s=96&d=mm&r=g","caption":"Diario1 Diario1"},"url":"https:\/\/diariotextual.com\/inicio\/index.php\/author\/diario1\/"}]}},"_links":{"self":[{"href":"https:\/\/diariotextual.com\/inicio\/index.php\/wp-json\/wp\/v2\/posts\/280065","targetHints":{"allow":["GET"]}}],"collection":[{"href":"https:\/\/diariotextual.com\/inicio\/index.php\/wp-json\/wp\/v2\/posts"}],"about":[{"href":"https:\/\/diariotextual.com\/inicio\/index.php\/wp-json\/wp\/v2\/types\/post"}],"author":[{"embeddable":true,"href":"https:\/\/diariotextual.com\/inicio\/index.php\/wp-json\/wp\/v2\/users\/3"}],"replies":[{"embeddable":true,"href":"https:\/\/diariotextual.com\/inicio\/index.php\/wp-json\/wp\/v2\/comments?post=280065"}],"version-history":[{"count":21,"href":"https:\/\/diariotextual.com\/inicio\/index.php\/wp-json\/wp\/v2\/posts\/280065\/revisions"}],"predecessor-version":[{"id":280128,"href":"https:\/\/diariotextual.com\/inicio\/index.php\/wp-json\/wp\/v2\/posts\/280065\/revisions\/280128"}],"wp:featuredmedia":[{"embeddable":true,"href":"https:\/\/diariotextual.com\/inicio\/index.php\/wp-json\/wp\/v2\/media\/280116"}],"wp:attachment":[{"href":"https:\/\/diariotextual.com\/inicio\/index.php\/wp-json\/wp\/v2\/media?parent=280065"}],"wp:term":[{"taxonomy":"category","embeddable":true,"href":"https:\/\/diariotextual.com\/inicio\/index.php\/wp-json\/wp\/v2\/categories?post=280065"},{"taxonomy":"post_tag","embeddable":true,"href":"https:\/\/diariotextual.com\/inicio\/index.php\/wp-json\/wp\/v2\/tags?post=280065"}],"curies":[{"name":"wp","href":"https:\/\/api.w.org\/{rel}","templated":true}]}}