{"id":280078,"date":"2024-10-31T10:09:12","date_gmt":"2024-10-31T13:09:12","guid":{"rendered":"https:\/\/diariotextual.com\/inicio\/?p=280078"},"modified":"2024-10-31T10:09:45","modified_gmt":"2024-10-31T13:09:45","slug":"se-viene-el-gp-de-brasil-para-franco-colapinto-donde-sera-local-frente-a-miles-de-argentinos","status":"publish","type":"post","link":"https:\/\/diariotextual.com\/inicio\/index.php\/2024\/10\/31\/se-viene-el-gp-de-brasil-para-franco-colapinto-donde-sera-local-frente-a-miles-de-argentinos\/","title":{"rendered":"Se viene el GP de Brasil para Franco Colapinto, donde ser\u00e1 local frente a miles de argentinos"},"content":{"rendered":"\n<p>El piloto argentino&nbsp;<strong>Franco Colapinto<\/strong>&nbsp;tendr\u00e1 un fin de semana lleno de actividad en el que correr\u00e1 el&nbsp;<strong>Gran Premio de Brasil de la F\u00f3rmula, donde se sentir\u00e1 como local frente a miles de argentinos.<\/strong><\/p>\n\n\n\n<p>Colapinto, que viene de quedar duod\u00e9cimo en M\u00e9xico, tendr\u00e1 un&nbsp;<strong>viernes movido<\/strong>, en el que participar\u00e1 de la&nbsp;<strong>pr\u00e1ctica libre a las 11:30&nbsp;<\/strong>y luego la&nbsp;<strong>clasificaci\u00f3n de la Sprint race a las 15:30.<\/strong><\/p>\n\n\n\n<p>Este fin de semana Colapinto correr\u00e1 su segundo Sprint, luego de haber tenido su debut en este formato en Estados Unidos, donde termin\u00f3 duod\u00e9cimo. Estas carreras son de 100 kil\u00f3metros, un tercio con respecto a las normales, y los pilotos no tienen la obligaci\u00f3n de parar en boxes.<\/p>\n\n\n\n<p><strong>La Sprint race ser\u00e1 el s\u00e1bado a las 11<\/strong>, mientras que<strong>&nbsp;la clasificaci\u00f3n para la carrera principal comenzar\u00e1 a las 15.<\/strong><\/p>\n\n\n\n<p>En esta \u00faltima sesi\u00f3n, Colapinto buscar\u00e1 mejorar lo realizado tanto en Estados Unidos como en M\u00e9xico, donde no logr\u00f3 superar el corte de la Q1 y debi\u00f3 largar en ambas ocasiones en las \u00faltimas posiciones de la grilla.<\/p>\n\n\n\n<p>Finalmente,&nbsp;<strong>la acci\u00f3n para Colapinto en Brasil culminar\u00e1 el domingo, cuando se corra la carrera principal a las 14.<\/strong><\/p>\n\n\n\n<p>El GP de Brasil se corre en el circuito del Aut\u00f3dromo Jos\u00e9 Carlos Pace, m\u00e1s conocido como Interlagos, y es uno de los m\u00e1s tradicionales del calendario.<\/p>\n\n\n\n<div style=\"height:100px\" aria-hidden=\"true\" class=\"wp-block-spacer\"><\/div>\n\n\n\n<h4 class=\"wp-block-heading\">C\u00f3mo le est\u00e1 yendo a Colapinto en la F\u00f3rmula 1<\/h4>\n\n\n\n<p>Colapinto tuvo una gran aparici\u00f3n en la m\u00e1xima categor\u00eda del automovilismo, donde mostr\u00f3 una gran regularidad y no baj\u00f3 en ninguna carrera del duod\u00e9cimo puesto.<\/p>\n\n\n\n<p>Incluso se dio el gusto de sumar cinco puntos, gracias al octavo puesto conseguido en Azerbaiy\u00e1n y al d\u00e9cimo en Estados Unidos.<\/p>\n\n\n\n<p>Esto provoc\u00f3 que varias escuder\u00edas se interesaran para contar con el pilarense en el 2025. Una de ellas es Sauber, que atraviesa un momento complicado pero que en 2026 pasar\u00e1 a ser Audi y podr\u00eda pelear arriba, mientras que la otra es Red Bull, equipo en el que corre el tricampe\u00f3n Max Verstappen.<\/p>\n\n\n\n<div style=\"height:100px\" aria-hidden=\"true\" class=\"wp-block-spacer\"><\/div>\n\n\n\n<h4 class=\"wp-block-heading\">C\u00f3mo contin\u00faa la temporada para Colapinto<\/h4>\n\n\n\n<p>Luego del GP de Brasil, Colapinto tendr\u00e1 tres semanas de descanso antes de los \u00faltimos GP de la temporada, que ser\u00e1n en Las Vegas, Qatar y Abu Dhabi.<\/p>\n","protected":false},"excerpt":{"rendered":"<p>El piloto argentino&nbsp;Franco Colapinto&nbsp;tendr\u00e1 un fin de semana lleno de actividad en el que correr\u00e1 el&nbsp;Gran Premio de Brasil de la F\u00f3rmula, donde se sentir\u00e1 como local frente a miles&hellip;<\/p>\n","protected":false},"author":3,"featured_media":279539,"comment_status":"closed","ping_status":"open","sticky":false,"template":"","format":"standard","meta":{"_acf_changed":false,"footnotes":""},"categories":[1,3],"tags":[],"class_list":["post-280078","post","type-post","status-publish","format-standard","has-post-thumbnail","hentry","category-es-noticia","category-deportes"],"acf":[],"yoast_head":"<!-- This site is optimized with the Yoast SEO plugin v27.5 - https:\/\/yoast.com\/product\/yoast-seo-wordpress\/ -->\n<title>Se viene el GP de Brasil para Franco Colapinto, donde ser\u00e1 local frente a miles de argentinos - Diario Textual<\/title>\n<meta name=\"robots\" content=\"index, follow, max-snippet:-1, max-image-preview:large, max-video-preview:-1\" \/>\n<link rel=\"canonical\" href=\"https:\/\/diariotextual.com\/inicio\/index.php\/2024\/10\/31\/se-viene-el-gp-de-brasil-para-franco-colapinto-donde-sera-local-frente-a-miles-de-argentinos\/\" \/>\n<meta property=\"og:locale\" content=\"es_ES\" \/>\n<meta property=\"og:type\" content=\"article\" \/>\n<meta property=\"og:title\" content=\"Se viene el GP de Brasil para Franco Colapinto, donde ser\u00e1 local frente a miles de argentinos - Diario Textual\" \/>\n<meta property=\"og:description\" content=\"El piloto argentino&nbsp;Franco Colapinto&nbsp;tendr\u00e1 un fin de semana lleno de actividad en el que correr\u00e1 el&nbsp;Gran Premio de Brasil de la F\u00f3rmula, donde se sentir\u00e1 como local frente a miles&hellip;\" \/>\n<meta property=\"og:url\" content=\"https:\/\/diariotextual.com\/inicio\/index.php\/2024\/10\/31\/se-viene-el-gp-de-brasil-para-franco-colapinto-donde-sera-local-frente-a-miles-de-argentinos\/\" \/>\n<meta property=\"og:site_name\" content=\"Diario Textual\" \/>\n<meta property=\"article:publisher\" content=\"https:\/\/www.facebook.com\/eltextual\" \/>\n<meta property=\"article:published_time\" content=\"2024-10-31T13:09:12+00:00\" \/>\n<meta property=\"article:modified_time\" content=\"2024-10-31T13:09:45+00:00\" \/>\n<meta property=\"og:image\" content=\"https:\/\/diariotextual.com\/inicio\/wp-content\/uploads\/2024\/10\/colapintofranco2024-008.jpg\" \/>\n\t<meta property=\"og:image:width\" content=\"680\" \/>\n\t<meta property=\"og:image:height\" content=\"454\" \/>\n\t<meta property=\"og:image:type\" content=\"image\/jpeg\" \/>\n<meta name=\"author\" content=\"Diario1 Diario1\" \/>\n<meta name=\"twitter:card\" content=\"summary_large_image\" \/>\n<meta name=\"twitter:creator\" content=\"@eltextual\" \/>\n<meta name=\"twitter:site\" content=\"@eltextual\" \/>\n<meta name=\"twitter:label1\" content=\"Escrito por\" \/>\n\t<meta name=\"twitter:data1\" content=\"Diario1 Diario1\" \/>\n\t<meta name=\"twitter:label2\" content=\"Tiempo de lectura\" \/>\n\t<meta name=\"twitter:data2\" content=\"2 minutos\" \/>\n<script type=\"application\/ld+json\" class=\"yoast-schema-graph\">{\"@context\":\"https:\\\/\\\/schema.org\",\"@graph\":[{\"@type\":\"Article\",\"@id\":\"https:\\\/\\\/diariotextual.com\\\/inicio\\\/index.php\\\/2024\\\/10\\\/31\\\/se-viene-el-gp-de-brasil-para-franco-colapinto-donde-sera-local-frente-a-miles-de-argentinos\\\/#article\",\"isPartOf\":{\"@id\":\"https:\\\/\\\/diariotextual.com\\\/inicio\\\/index.php\\\/2024\\\/10\\\/31\\\/se-viene-el-gp-de-brasil-para-franco-colapinto-donde-sera-local-frente-a-miles-de-argentinos\\\/\"},\"author\":{\"name\":\"Diario1 Diario1\",\"@id\":\"https:\\\/\\\/diariotextual.com\\\/inicio\\\/#\\\/schema\\\/person\\\/418fc4093c33e86ed41562db3508f958\"},\"headline\":\"Se viene el GP de Brasil para Franco Colapinto, donde ser\u00e1 local frente a miles de argentinos\",\"datePublished\":\"2024-10-31T13:09:12+00:00\",\"dateModified\":\"2024-10-31T13:09:45+00:00\",\"mainEntityOfPage\":{\"@id\":\"https:\\\/\\\/diariotextual.com\\\/inicio\\\/index.php\\\/2024\\\/10\\\/31\\\/se-viene-el-gp-de-brasil-para-franco-colapinto-donde-sera-local-frente-a-miles-de-argentinos\\\/\"},\"wordCount\":413,\"publisher\":{\"@id\":\"https:\\\/\\\/diariotextual.com\\\/inicio\\\/#organization\"},\"image\":{\"@id\":\"https:\\\/\\\/diariotextual.com\\\/inicio\\\/index.php\\\/2024\\\/10\\\/31\\\/se-viene-el-gp-de-brasil-para-franco-colapinto-donde-sera-local-frente-a-miles-de-argentinos\\\/#primaryimage\"},\"thumbnailUrl\":\"https:\\\/\\\/diariotextual.com\\\/inicio\\\/wp-content\\\/uploads\\\/2024\\\/10\\\/colapintofranco2024-008.jpg\",\"articleSection\":[\"A - ES NOTICIA (van abajo)\",\"DEPORTES\"],\"inLanguage\":\"es\"},{\"@type\":\"WebPage\",\"@id\":\"https:\\\/\\\/diariotextual.com\\\/inicio\\\/index.php\\\/2024\\\/10\\\/31\\\/se-viene-el-gp-de-brasil-para-franco-colapinto-donde-sera-local-frente-a-miles-de-argentinos\\\/\",\"url\":\"https:\\\/\\\/diariotextual.com\\\/inicio\\\/index.php\\\/2024\\\/10\\\/31\\\/se-viene-el-gp-de-brasil-para-franco-colapinto-donde-sera-local-frente-a-miles-de-argentinos\\\/\",\"name\":\"Se viene el GP de Brasil para Franco Colapinto, donde ser\u00e1 local frente a miles de argentinos - Diario Textual\",\"isPartOf\":{\"@id\":\"https:\\\/\\\/diariotextual.com\\\/inicio\\\/#website\"},\"primaryImageOfPage\":{\"@id\":\"https:\\\/\\\/diariotextual.com\\\/inicio\\\/index.php\\\/2024\\\/10\\\/31\\\/se-viene-el-gp-de-brasil-para-franco-colapinto-donde-sera-local-frente-a-miles-de-argentinos\\\/#primaryimage\"},\"image\":{\"@id\":\"https:\\\/\\\/diariotextual.com\\\/inicio\\\/index.php\\\/2024\\\/10\\\/31\\\/se-viene-el-gp-de-brasil-para-franco-colapinto-donde-sera-local-frente-a-miles-de-argentinos\\\/#primaryimage\"},\"thumbnailUrl\":\"https:\\\/\\\/diariotextual.com\\\/inicio\\\/wp-content\\\/uploads\\\/2024\\\/10\\\/colapintofranco2024-008.jpg\",\"datePublished\":\"2024-10-31T13:09:12+00:00\",\"dateModified\":\"2024-10-31T13:09:45+00:00\",\"breadcrumb\":{\"@id\":\"https:\\\/\\\/diariotextual.com\\\/inicio\\\/index.php\\\/2024\\\/10\\\/31\\\/se-viene-el-gp-de-brasil-para-franco-colapinto-donde-sera-local-frente-a-miles-de-argentinos\\\/#breadcrumb\"},\"inLanguage\":\"es\",\"potentialAction\":[{\"@type\":\"ReadAction\",\"target\":[\"https:\\\/\\\/diariotextual.com\\\/inicio\\\/index.php\\\/2024\\\/10\\\/31\\\/se-viene-el-gp-de-brasil-para-franco-colapinto-donde-sera-local-frente-a-miles-de-argentinos\\\/\"]}]},{\"@type\":\"ImageObject\",\"inLanguage\":\"es\",\"@id\":\"https:\\\/\\\/diariotextual.com\\\/inicio\\\/index.php\\\/2024\\\/10\\\/31\\\/se-viene-el-gp-de-brasil-para-franco-colapinto-donde-sera-local-frente-a-miles-de-argentinos\\\/#primaryimage\",\"url\":\"https:\\\/\\\/diariotextual.com\\\/inicio\\\/wp-content\\\/uploads\\\/2024\\\/10\\\/colapintofranco2024-008.jpg\",\"contentUrl\":\"https:\\\/\\\/diariotextual.com\\\/inicio\\\/wp-content\\\/uploads\\\/2024\\\/10\\\/colapintofranco2024-008.jpg\",\"width\":680,\"height\":454},{\"@type\":\"BreadcrumbList\",\"@id\":\"https:\\\/\\\/diariotextual.com\\\/inicio\\\/index.php\\\/2024\\\/10\\\/31\\\/se-viene-el-gp-de-brasil-para-franco-colapinto-donde-sera-local-frente-a-miles-de-argentinos\\\/#breadcrumb\",\"itemListElement\":[{\"@type\":\"ListItem\",\"position\":1,\"name\":\"Portada\",\"item\":\"https:\\\/\\\/diariotextual.com\\\/inicio\\\/\"},{\"@type\":\"ListItem\",\"position\":2,\"name\":\"Se viene el GP de Brasil para Franco Colapinto, donde ser\u00e1 local frente a miles de argentinos\"}]},{\"@type\":\"WebSite\",\"@id\":\"https:\\\/\\\/diariotextual.com\\\/inicio\\\/#website\",\"url\":\"https:\\\/\\\/diariotextual.com\\\/inicio\\\/\",\"name\":\"Diario Textual\",\"description\":\"\",\"publisher\":{\"@id\":\"https:\\\/\\\/diariotextual.com\\\/inicio\\\/#organization\"},\"potentialAction\":[{\"@type\":\"SearchAction\",\"target\":{\"@type\":\"EntryPoint\",\"urlTemplate\":\"https:\\\/\\\/diariotextual.com\\\/inicio\\\/?s={search_term_string}\"},\"query-input\":{\"@type\":\"PropertyValueSpecification\",\"valueRequired\":true,\"valueName\":\"search_term_string\"}}],\"inLanguage\":\"es\"},{\"@type\":\"Organization\",\"@id\":\"https:\\\/\\\/diariotextual.com\\\/inicio\\\/#organization\",\"name\":\"Diario Textual\",\"url\":\"https:\\\/\\\/diariotextual.com\\\/inicio\\\/\",\"logo\":{\"@type\":\"ImageObject\",\"inLanguage\":\"es\",\"@id\":\"https:\\\/\\\/diariotextual.com\\\/inicio\\\/#\\\/schema\\\/logo\\\/image\\\/\",\"url\":\"https:\\\/\\\/diariotextual.com\\\/inicio\\\/wp-content\\\/uploads\\\/2023\\\/05\\\/logotextual1.jpg\",\"contentUrl\":\"https:\\\/\\\/diariotextual.com\\\/inicio\\\/wp-content\\\/uploads\\\/2023\\\/05\\\/logotextual1.jpg\",\"width\":516,\"height\":76,\"caption\":\"Diario Textual\"},\"image\":{\"@id\":\"https:\\\/\\\/diariotextual.com\\\/inicio\\\/#\\\/schema\\\/logo\\\/image\\\/\"},\"sameAs\":[\"https:\\\/\\\/www.facebook.com\\\/eltextual\",\"https:\\\/\\\/x.com\\\/eltextual\",\"http:\\\/\\\/www.instagram.com\\\/eltextual\"]},{\"@type\":\"Person\",\"@id\":\"https:\\\/\\\/diariotextual.com\\\/inicio\\\/#\\\/schema\\\/person\\\/418fc4093c33e86ed41562db3508f958\",\"name\":\"Diario1 Diario1\",\"image\":{\"@type\":\"ImageObject\",\"inLanguage\":\"es\",\"@id\":\"https:\\\/\\\/secure.gravatar.com\\\/avatar\\\/9167d280179c85bc18be67aa7eda765854300033af4896dd779b608640f2ef7a?s=96&d=mm&r=g\",\"url\":\"https:\\\/\\\/secure.gravatar.com\\\/avatar\\\/9167d280179c85bc18be67aa7eda765854300033af4896dd779b608640f2ef7a?s=96&d=mm&r=g\",\"contentUrl\":\"https:\\\/\\\/secure.gravatar.com\\\/avatar\\\/9167d280179c85bc18be67aa7eda765854300033af4896dd779b608640f2ef7a?s=96&d=mm&r=g\",\"caption\":\"Diario1 Diario1\"},\"url\":\"https:\\\/\\\/diariotextual.com\\\/inicio\\\/index.php\\\/author\\\/diario1\\\/\"}]}<\/script>\n<!-- \/ Yoast SEO plugin. -->","yoast_head_json":{"title":"Se viene el GP de Brasil para Franco Colapinto, donde ser\u00e1 local frente a miles de argentinos - Diario Textual","robots":{"index":"index","follow":"follow","max-snippet":"max-snippet:-1","max-image-preview":"max-image-preview:large","max-video-preview":"max-video-preview:-1"},"canonical":"https:\/\/diariotextual.com\/inicio\/index.php\/2024\/10\/31\/se-viene-el-gp-de-brasil-para-franco-colapinto-donde-sera-local-frente-a-miles-de-argentinos\/","og_locale":"es_ES","og_type":"article","og_title":"Se viene el GP de Brasil para Franco Colapinto, donde ser\u00e1 local frente a miles de argentinos - Diario Textual","og_description":"El piloto argentino&nbsp;Franco Colapinto&nbsp;tendr\u00e1 un fin de semana lleno de actividad en el que correr\u00e1 el&nbsp;Gran Premio de Brasil de la F\u00f3rmula, donde se sentir\u00e1 como local frente a miles&hellip;","og_url":"https:\/\/diariotextual.com\/inicio\/index.php\/2024\/10\/31\/se-viene-el-gp-de-brasil-para-franco-colapinto-donde-sera-local-frente-a-miles-de-argentinos\/","og_site_name":"Diario Textual","article_publisher":"https:\/\/www.facebook.com\/eltextual","article_published_time":"2024-10-31T13:09:12+00:00","article_modified_time":"2024-10-31T13:09:45+00:00","og_image":[{"width":680,"height":454,"url":"https:\/\/diariotextual.com\/inicio\/wp-content\/uploads\/2024\/10\/colapintofranco2024-008.jpg","type":"image\/jpeg"}],"author":"Diario1 Diario1","twitter_card":"summary_large_image","twitter_creator":"@eltextual","twitter_site":"@eltextual","twitter_misc":{"Escrito por":"Diario1 Diario1","Tiempo de lectura":"2 minutos"},"schema":{"@context":"https:\/\/schema.org","@graph":[{"@type":"Article","@id":"https:\/\/diariotextual.com\/inicio\/index.php\/2024\/10\/31\/se-viene-el-gp-de-brasil-para-franco-colapinto-donde-sera-local-frente-a-miles-de-argentinos\/#article","isPartOf":{"@id":"https:\/\/diariotextual.com\/inicio\/index.php\/2024\/10\/31\/se-viene-el-gp-de-brasil-para-franco-colapinto-donde-sera-local-frente-a-miles-de-argentinos\/"},"author":{"name":"Diario1 Diario1","@id":"https:\/\/diariotextual.com\/inicio\/#\/schema\/person\/418fc4093c33e86ed41562db3508f958"},"headline":"Se viene el GP de Brasil para Franco Colapinto, donde ser\u00e1 local frente a miles de argentinos","datePublished":"2024-10-31T13:09:12+00:00","dateModified":"2024-10-31T13:09:45+00:00","mainEntityOfPage":{"@id":"https:\/\/diariotextual.com\/inicio\/index.php\/2024\/10\/31\/se-viene-el-gp-de-brasil-para-franco-colapinto-donde-sera-local-frente-a-miles-de-argentinos\/"},"wordCount":413,"publisher":{"@id":"https:\/\/diariotextual.com\/inicio\/#organization"},"image":{"@id":"https:\/\/diariotextual.com\/inicio\/index.php\/2024\/10\/31\/se-viene-el-gp-de-brasil-para-franco-colapinto-donde-sera-local-frente-a-miles-de-argentinos\/#primaryimage"},"thumbnailUrl":"https:\/\/diariotextual.com\/inicio\/wp-content\/uploads\/2024\/10\/colapintofranco2024-008.jpg","articleSection":["A - ES NOTICIA (van abajo)","DEPORTES"],"inLanguage":"es"},{"@type":"WebPage","@id":"https:\/\/diariotextual.com\/inicio\/index.php\/2024\/10\/31\/se-viene-el-gp-de-brasil-para-franco-colapinto-donde-sera-local-frente-a-miles-de-argentinos\/","url":"https:\/\/diariotextual.com\/inicio\/index.php\/2024\/10\/31\/se-viene-el-gp-de-brasil-para-franco-colapinto-donde-sera-local-frente-a-miles-de-argentinos\/","name":"Se viene el GP de Brasil para Franco Colapinto, donde ser\u00e1 local frente a miles de argentinos - Diario Textual","isPartOf":{"@id":"https:\/\/diariotextual.com\/inicio\/#website"},"primaryImageOfPage":{"@id":"https:\/\/diariotextual.com\/inicio\/index.php\/2024\/10\/31\/se-viene-el-gp-de-brasil-para-franco-colapinto-donde-sera-local-frente-a-miles-de-argentinos\/#primaryimage"},"image":{"@id":"https:\/\/diariotextual.com\/inicio\/index.php\/2024\/10\/31\/se-viene-el-gp-de-brasil-para-franco-colapinto-donde-sera-local-frente-a-miles-de-argentinos\/#primaryimage"},"thumbnailUrl":"https:\/\/diariotextual.com\/inicio\/wp-content\/uploads\/2024\/10\/colapintofranco2024-008.jpg","datePublished":"2024-10-31T13:09:12+00:00","dateModified":"2024-10-31T13:09:45+00:00","breadcrumb":{"@id":"https:\/\/diariotextual.com\/inicio\/index.php\/2024\/10\/31\/se-viene-el-gp-de-brasil-para-franco-colapinto-donde-sera-local-frente-a-miles-de-argentinos\/#breadcrumb"},"inLanguage":"es","potentialAction":[{"@type":"ReadAction","target":["https:\/\/diariotextual.com\/inicio\/index.php\/2024\/10\/31\/se-viene-el-gp-de-brasil-para-franco-colapinto-donde-sera-local-frente-a-miles-de-argentinos\/"]}]},{"@type":"ImageObject","inLanguage":"es","@id":"https:\/\/diariotextual.com\/inicio\/index.php\/2024\/10\/31\/se-viene-el-gp-de-brasil-para-franco-colapinto-donde-sera-local-frente-a-miles-de-argentinos\/#primaryimage","url":"https:\/\/diariotextual.com\/inicio\/wp-content\/uploads\/2024\/10\/colapintofranco2024-008.jpg","contentUrl":"https:\/\/diariotextual.com\/inicio\/wp-content\/uploads\/2024\/10\/colapintofranco2024-008.jpg","width":680,"height":454},{"@type":"BreadcrumbList","@id":"https:\/\/diariotextual.com\/inicio\/index.php\/2024\/10\/31\/se-viene-el-gp-de-brasil-para-franco-colapinto-donde-sera-local-frente-a-miles-de-argentinos\/#breadcrumb","itemListElement":[{"@type":"ListItem","position":1,"name":"Portada","item":"https:\/\/diariotextual.com\/inicio\/"},{"@type":"ListItem","position":2,"name":"Se viene el GP de Brasil para Franco Colapinto, donde ser\u00e1 local frente a miles de argentinos"}]},{"@type":"WebSite","@id":"https:\/\/diariotextual.com\/inicio\/#website","url":"https:\/\/diariotextual.com\/inicio\/","name":"Diario Textual","description":"","publisher":{"@id":"https:\/\/diariotextual.com\/inicio\/#organization"},"potentialAction":[{"@type":"SearchAction","target":{"@type":"EntryPoint","urlTemplate":"https:\/\/diariotextual.com\/inicio\/?s={search_term_string}"},"query-input":{"@type":"PropertyValueSpecification","valueRequired":true,"valueName":"search_term_string"}}],"inLanguage":"es"},{"@type":"Organization","@id":"https:\/\/diariotextual.com\/inicio\/#organization","name":"Diario Textual","url":"https:\/\/diariotextual.com\/inicio\/","logo":{"@type":"ImageObject","inLanguage":"es","@id":"https:\/\/diariotextual.com\/inicio\/#\/schema\/logo\/image\/","url":"https:\/\/diariotextual.com\/inicio\/wp-content\/uploads\/2023\/05\/logotextual1.jpg","contentUrl":"https:\/\/diariotextual.com\/inicio\/wp-content\/uploads\/2023\/05\/logotextual1.jpg","width":516,"height":76,"caption":"Diario Textual"},"image":{"@id":"https:\/\/diariotextual.com\/inicio\/#\/schema\/logo\/image\/"},"sameAs":["https:\/\/www.facebook.com\/eltextual","https:\/\/x.com\/eltextual","http:\/\/www.instagram.com\/eltextual"]},{"@type":"Person","@id":"https:\/\/diariotextual.com\/inicio\/#\/schema\/person\/418fc4093c33e86ed41562db3508f958","name":"Diario1 Diario1","image":{"@type":"ImageObject","inLanguage":"es","@id":"https:\/\/secure.gravatar.com\/avatar\/9167d280179c85bc18be67aa7eda765854300033af4896dd779b608640f2ef7a?s=96&d=mm&r=g","url":"https:\/\/secure.gravatar.com\/avatar\/9167d280179c85bc18be67aa7eda765854300033af4896dd779b608640f2ef7a?s=96&d=mm&r=g","contentUrl":"https:\/\/secure.gravatar.com\/avatar\/9167d280179c85bc18be67aa7eda765854300033af4896dd779b608640f2ef7a?s=96&d=mm&r=g","caption":"Diario1 Diario1"},"url":"https:\/\/diariotextual.com\/inicio\/index.php\/author\/diario1\/"}]}},"_links":{"self":[{"href":"https:\/\/diariotextual.com\/inicio\/index.php\/wp-json\/wp\/v2\/posts\/280078","targetHints":{"allow":["GET"]}}],"collection":[{"href":"https:\/\/diariotextual.com\/inicio\/index.php\/wp-json\/wp\/v2\/posts"}],"about":[{"href":"https:\/\/diariotextual.com\/inicio\/index.php\/wp-json\/wp\/v2\/types\/post"}],"author":[{"embeddable":true,"href":"https:\/\/diariotextual.com\/inicio\/index.php\/wp-json\/wp\/v2\/users\/3"}],"replies":[{"embeddable":true,"href":"https:\/\/diariotextual.com\/inicio\/index.php\/wp-json\/wp\/v2\/comments?post=280078"}],"version-history":[{"count":2,"href":"https:\/\/diariotextual.com\/inicio\/index.php\/wp-json\/wp\/v2\/posts\/280078\/revisions"}],"predecessor-version":[{"id":280081,"href":"https:\/\/diariotextual.com\/inicio\/index.php\/wp-json\/wp\/v2\/posts\/280078\/revisions\/280081"}],"wp:featuredmedia":[{"embeddable":true,"href":"https:\/\/diariotextual.com\/inicio\/index.php\/wp-json\/wp\/v2\/media\/279539"}],"wp:attachment":[{"href":"https:\/\/diariotextual.com\/inicio\/index.php\/wp-json\/wp\/v2\/media?parent=280078"}],"wp:term":[{"taxonomy":"category","embeddable":true,"href":"https:\/\/diariotextual.com\/inicio\/index.php\/wp-json\/wp\/v2\/categories?post=280078"},{"taxonomy":"post_tag","embeddable":true,"href":"https:\/\/diariotextual.com\/inicio\/index.php\/wp-json\/wp\/v2\/tags?post=280078"}],"curies":[{"name":"wp","href":"https:\/\/api.w.org\/{rel}","templated":true}]}}