{"id":280154,"date":"2024-10-31T17:58:39","date_gmt":"2024-10-31T20:58:39","guid":{"rendered":"https:\/\/diariotextual.com\/inicio\/?p=280154"},"modified":"2024-10-31T17:58:42","modified_gmt":"2024-10-31T20:58:42","slug":"que-dijo-messi-sobre-una-posible-participacion-en-el-mundial-2026","status":"publish","type":"post","link":"https:\/\/diariotextual.com\/inicio\/index.php\/2024\/10\/31\/que-dijo-messi-sobre-una-posible-participacion-en-el-mundial-2026\/","title":{"rendered":"Qu\u00e9 dijo Messi sobre una posible participaci\u00f3n en el Mundial 2026"},"content":{"rendered":"\n<p><strong>El capit\u00e1n de la Selecci\u00f3n argentina, Lionel Messi, asegur\u00f3 que deber\u00e1 someterse a una nueva preparaci\u00f3n f\u00edsica si quiere llegar con resto al Mundial 2026 ya que est\u00e1 tranquilo y trata de vivir el d\u00eda a d\u00eda despu\u00e9s de la obtenci\u00f3n de la Copa Am\u00e9rica 2024.<\/strong><\/p>\n\n\n\n<p><strong>\u201cEspero terminar bien este a\u00f1o y empezar bien el pr\u00f3ximo haciendo una buena pretemporada, la cual no tuve el a\u00f1o pasado por la cantidad de viajes que hicimos\u201d<\/strong>, explic\u00f3 el astro en una entrevista para el periodista Fabrizio Romano, en 433.<\/p>\n\n\n\n<p><strong>\u201cNo falta tanto, pero a la vez falta mucho; en el f\u00fatbol puede pasar cualquier cosa, por eso trato de vivir el d\u00eda a d\u00eda y no pensar m\u00e1s all\u00e1\u201d<\/strong>, a\u00f1adi\u00f3 sobre su situaci\u00f3n actual tras levantar la copa en Estados Unidos.<\/p>\n\n\n\n<p>Lo cierto es que adem\u00e1s de las lesiones que lo aquejaron a principios de este 2024, Messi tuvo que someterse a los viajes en la Major League Soccer con el Inter Miami, en donde marcha l\u00edder de la Conferencia Este, y tuvo la Copa Am\u00e9rica en el medio, en donde se lesion\u00f3 uno de los tobillos y estuvo fuera por algunos meses para recuperarse.<\/p>\n\n\n\n<p>Sin embargo, el \u201c10\u201d expres\u00f3 que no est\u00e1 desesperado por jugar su sexto Mundial, que ser\u00eda un r\u00e9cord hist\u00f3rico, y que si llega a pasar ser\u00e1 con un Messi m\u00e1s relajado por haberse sacado la espina en Qatar 2022. \u201c<strong>Gracias a dios pude conseguir mi mayor sue\u00f1o que era ganar el Mundial, que tanto pele\u00e9 y que tanto cost\u00f3\u201d, agreg\u00f3<\/strong>.<\/p>\n","protected":false},"excerpt":{"rendered":"<p>El capit\u00e1n de la Selecci\u00f3n argentina, Lionel Messi, asegur\u00f3 que deber\u00e1 someterse a una nueva preparaci\u00f3n f\u00edsica si quiere llegar con resto al Mundial 2026 ya que est\u00e1 tranquilo y&hellip;<\/p>\n","protected":false},"author":3,"featured_media":209831,"comment_status":"closed","ping_status":"open","sticky":false,"template":"","format":"standard","meta":{"_acf_changed":false,"footnotes":""},"categories":[1,3],"tags":[],"class_list":["post-280154","post","type-post","status-publish","format-standard","has-post-thumbnail","hentry","category-es-noticia","category-deportes"],"acf":[],"yoast_head":"<!-- This site is optimized with the Yoast SEO plugin v27.5 - https:\/\/yoast.com\/product\/yoast-seo-wordpress\/ -->\n<title>Qu\u00e9 dijo Messi sobre una posible participaci\u00f3n en el Mundial 2026 - Diario Textual<\/title>\n<meta name=\"robots\" content=\"index, follow, max-snippet:-1, max-image-preview:large, max-video-preview:-1\" \/>\n<link rel=\"canonical\" href=\"https:\/\/diariotextual.com\/inicio\/index.php\/2024\/10\/31\/que-dijo-messi-sobre-una-posible-participacion-en-el-mundial-2026\/\" \/>\n<meta property=\"og:locale\" content=\"es_ES\" \/>\n<meta property=\"og:type\" content=\"article\" \/>\n<meta property=\"og:title\" content=\"Qu\u00e9 dijo Messi sobre una posible participaci\u00f3n en el Mundial 2026 - Diario Textual\" \/>\n<meta property=\"og:description\" content=\"El capit\u00e1n de la Selecci\u00f3n argentina, Lionel Messi, asegur\u00f3 que deber\u00e1 someterse a una nueva preparaci\u00f3n f\u00edsica si quiere llegar con resto al Mundial 2026 ya que est\u00e1 tranquilo y&hellip;\" \/>\n<meta property=\"og:url\" content=\"https:\/\/diariotextual.com\/inicio\/index.php\/2024\/10\/31\/que-dijo-messi-sobre-una-posible-participacion-en-el-mundial-2026\/\" \/>\n<meta property=\"og:site_name\" content=\"Diario Textual\" \/>\n<meta property=\"article:publisher\" content=\"https:\/\/www.facebook.com\/eltextual\" \/>\n<meta property=\"article:published_time\" content=\"2024-10-31T20:58:39+00:00\" \/>\n<meta property=\"article:modified_time\" content=\"2024-10-31T20:58:42+00:00\" \/>\n<meta property=\"og:image\" content=\"https:\/\/diariotextual.com\/inicio\/wp-content\/uploads\/2022\/12\/messilionelseleccionqatar2022telam2022-1000.jpg\" \/>\n\t<meta property=\"og:image:width\" content=\"1200\" \/>\n\t<meta property=\"og:image:height\" content=\"675\" \/>\n\t<meta property=\"og:image:type\" content=\"image\/jpeg\" \/>\n<meta name=\"author\" content=\"Diario1 Diario1\" \/>\n<meta name=\"twitter:card\" content=\"summary_large_image\" \/>\n<meta name=\"twitter:creator\" content=\"@eltextual\" \/>\n<meta name=\"twitter:site\" content=\"@eltextual\" \/>\n<meta name=\"twitter:label1\" content=\"Escrito por\" \/>\n\t<meta name=\"twitter:data1\" content=\"Diario1 Diario1\" \/>\n\t<meta name=\"twitter:label2\" content=\"Tiempo de lectura\" \/>\n\t<meta name=\"twitter:data2\" content=\"2 minutos\" \/>\n<script type=\"application\/ld+json\" class=\"yoast-schema-graph\">{\"@context\":\"https:\\\/\\\/schema.org\",\"@graph\":[{\"@type\":\"Article\",\"@id\":\"https:\\\/\\\/diariotextual.com\\\/inicio\\\/index.php\\\/2024\\\/10\\\/31\\\/que-dijo-messi-sobre-una-posible-participacion-en-el-mundial-2026\\\/#article\",\"isPartOf\":{\"@id\":\"https:\\\/\\\/diariotextual.com\\\/inicio\\\/index.php\\\/2024\\\/10\\\/31\\\/que-dijo-messi-sobre-una-posible-participacion-en-el-mundial-2026\\\/\"},\"author\":{\"name\":\"Diario1 Diario1\",\"@id\":\"https:\\\/\\\/diariotextual.com\\\/inicio\\\/#\\\/schema\\\/person\\\/418fc4093c33e86ed41562db3508f958\"},\"headline\":\"Qu\u00e9 dijo Messi sobre una posible participaci\u00f3n en el Mundial 2026\",\"datePublished\":\"2024-10-31T20:58:39+00:00\",\"dateModified\":\"2024-10-31T20:58:42+00:00\",\"mainEntityOfPage\":{\"@id\":\"https:\\\/\\\/diariotextual.com\\\/inicio\\\/index.php\\\/2024\\\/10\\\/31\\\/que-dijo-messi-sobre-una-posible-participacion-en-el-mundial-2026\\\/\"},\"wordCount\":284,\"publisher\":{\"@id\":\"https:\\\/\\\/diariotextual.com\\\/inicio\\\/#organization\"},\"image\":{\"@id\":\"https:\\\/\\\/diariotextual.com\\\/inicio\\\/index.php\\\/2024\\\/10\\\/31\\\/que-dijo-messi-sobre-una-posible-participacion-en-el-mundial-2026\\\/#primaryimage\"},\"thumbnailUrl\":\"https:\\\/\\\/diariotextual.com\\\/inicio\\\/wp-content\\\/uploads\\\/2022\\\/12\\\/messilionelseleccionqatar2022telam2022-1000.jpg\",\"articleSection\":[\"A - ES NOTICIA (van abajo)\",\"DEPORTES\"],\"inLanguage\":\"es\"},{\"@type\":\"WebPage\",\"@id\":\"https:\\\/\\\/diariotextual.com\\\/inicio\\\/index.php\\\/2024\\\/10\\\/31\\\/que-dijo-messi-sobre-una-posible-participacion-en-el-mundial-2026\\\/\",\"url\":\"https:\\\/\\\/diariotextual.com\\\/inicio\\\/index.php\\\/2024\\\/10\\\/31\\\/que-dijo-messi-sobre-una-posible-participacion-en-el-mundial-2026\\\/\",\"name\":\"Qu\u00e9 dijo Messi sobre una posible participaci\u00f3n en el Mundial 2026 - Diario Textual\",\"isPartOf\":{\"@id\":\"https:\\\/\\\/diariotextual.com\\\/inicio\\\/#website\"},\"primaryImageOfPage\":{\"@id\":\"https:\\\/\\\/diariotextual.com\\\/inicio\\\/index.php\\\/2024\\\/10\\\/31\\\/que-dijo-messi-sobre-una-posible-participacion-en-el-mundial-2026\\\/#primaryimage\"},\"image\":{\"@id\":\"https:\\\/\\\/diariotextual.com\\\/inicio\\\/index.php\\\/2024\\\/10\\\/31\\\/que-dijo-messi-sobre-una-posible-participacion-en-el-mundial-2026\\\/#primaryimage\"},\"thumbnailUrl\":\"https:\\\/\\\/diariotextual.com\\\/inicio\\\/wp-content\\\/uploads\\\/2022\\\/12\\\/messilionelseleccionqatar2022telam2022-1000.jpg\",\"datePublished\":\"2024-10-31T20:58:39+00:00\",\"dateModified\":\"2024-10-31T20:58:42+00:00\",\"breadcrumb\":{\"@id\":\"https:\\\/\\\/diariotextual.com\\\/inicio\\\/index.php\\\/2024\\\/10\\\/31\\\/que-dijo-messi-sobre-una-posible-participacion-en-el-mundial-2026\\\/#breadcrumb\"},\"inLanguage\":\"es\",\"potentialAction\":[{\"@type\":\"ReadAction\",\"target\":[\"https:\\\/\\\/diariotextual.com\\\/inicio\\\/index.php\\\/2024\\\/10\\\/31\\\/que-dijo-messi-sobre-una-posible-participacion-en-el-mundial-2026\\\/\"]}]},{\"@type\":\"ImageObject\",\"inLanguage\":\"es\",\"@id\":\"https:\\\/\\\/diariotextual.com\\\/inicio\\\/index.php\\\/2024\\\/10\\\/31\\\/que-dijo-messi-sobre-una-posible-participacion-en-el-mundial-2026\\\/#primaryimage\",\"url\":\"https:\\\/\\\/diariotextual.com\\\/inicio\\\/wp-content\\\/uploads\\\/2022\\\/12\\\/messilionelseleccionqatar2022telam2022-1000.jpg\",\"contentUrl\":\"https:\\\/\\\/diariotextual.com\\\/inicio\\\/wp-content\\\/uploads\\\/2022\\\/12\\\/messilionelseleccionqatar2022telam2022-1000.jpg\",\"width\":1200,\"height\":675},{\"@type\":\"BreadcrumbList\",\"@id\":\"https:\\\/\\\/diariotextual.com\\\/inicio\\\/index.php\\\/2024\\\/10\\\/31\\\/que-dijo-messi-sobre-una-posible-participacion-en-el-mundial-2026\\\/#breadcrumb\",\"itemListElement\":[{\"@type\":\"ListItem\",\"position\":1,\"name\":\"Portada\",\"item\":\"https:\\\/\\\/diariotextual.com\\\/inicio\\\/\"},{\"@type\":\"ListItem\",\"position\":2,\"name\":\"Qu\u00e9 dijo Messi sobre una posible participaci\u00f3n en el Mundial 2026\"}]},{\"@type\":\"WebSite\",\"@id\":\"https:\\\/\\\/diariotextual.com\\\/inicio\\\/#website\",\"url\":\"https:\\\/\\\/diariotextual.com\\\/inicio\\\/\",\"name\":\"Diario Textual\",\"description\":\"\",\"publisher\":{\"@id\":\"https:\\\/\\\/diariotextual.com\\\/inicio\\\/#organization\"},\"potentialAction\":[{\"@type\":\"SearchAction\",\"target\":{\"@type\":\"EntryPoint\",\"urlTemplate\":\"https:\\\/\\\/diariotextual.com\\\/inicio\\\/?s={search_term_string}\"},\"query-input\":{\"@type\":\"PropertyValueSpecification\",\"valueRequired\":true,\"valueName\":\"search_term_string\"}}],\"inLanguage\":\"es\"},{\"@type\":\"Organization\",\"@id\":\"https:\\\/\\\/diariotextual.com\\\/inicio\\\/#organization\",\"name\":\"Diario Textual\",\"url\":\"https:\\\/\\\/diariotextual.com\\\/inicio\\\/\",\"logo\":{\"@type\":\"ImageObject\",\"inLanguage\":\"es\",\"@id\":\"https:\\\/\\\/diariotextual.com\\\/inicio\\\/#\\\/schema\\\/logo\\\/image\\\/\",\"url\":\"https:\\\/\\\/diariotextual.com\\\/inicio\\\/wp-content\\\/uploads\\\/2023\\\/05\\\/logotextual1.jpg\",\"contentUrl\":\"https:\\\/\\\/diariotextual.com\\\/inicio\\\/wp-content\\\/uploads\\\/2023\\\/05\\\/logotextual1.jpg\",\"width\":516,\"height\":76,\"caption\":\"Diario Textual\"},\"image\":{\"@id\":\"https:\\\/\\\/diariotextual.com\\\/inicio\\\/#\\\/schema\\\/logo\\\/image\\\/\"},\"sameAs\":[\"https:\\\/\\\/www.facebook.com\\\/eltextual\",\"https:\\\/\\\/x.com\\\/eltextual\",\"http:\\\/\\\/www.instagram.com\\\/eltextual\"]},{\"@type\":\"Person\",\"@id\":\"https:\\\/\\\/diariotextual.com\\\/inicio\\\/#\\\/schema\\\/person\\\/418fc4093c33e86ed41562db3508f958\",\"name\":\"Diario1 Diario1\",\"image\":{\"@type\":\"ImageObject\",\"inLanguage\":\"es\",\"@id\":\"https:\\\/\\\/secure.gravatar.com\\\/avatar\\\/9167d280179c85bc18be67aa7eda765854300033af4896dd779b608640f2ef7a?s=96&d=mm&r=g\",\"url\":\"https:\\\/\\\/secure.gravatar.com\\\/avatar\\\/9167d280179c85bc18be67aa7eda765854300033af4896dd779b608640f2ef7a?s=96&d=mm&r=g\",\"contentUrl\":\"https:\\\/\\\/secure.gravatar.com\\\/avatar\\\/9167d280179c85bc18be67aa7eda765854300033af4896dd779b608640f2ef7a?s=96&d=mm&r=g\",\"caption\":\"Diario1 Diario1\"},\"url\":\"https:\\\/\\\/diariotextual.com\\\/inicio\\\/index.php\\\/author\\\/diario1\\\/\"}]}<\/script>\n<!-- \/ Yoast SEO plugin. -->","yoast_head_json":{"title":"Qu\u00e9 dijo Messi sobre una posible participaci\u00f3n en el Mundial 2026 - Diario Textual","robots":{"index":"index","follow":"follow","max-snippet":"max-snippet:-1","max-image-preview":"max-image-preview:large","max-video-preview":"max-video-preview:-1"},"canonical":"https:\/\/diariotextual.com\/inicio\/index.php\/2024\/10\/31\/que-dijo-messi-sobre-una-posible-participacion-en-el-mundial-2026\/","og_locale":"es_ES","og_type":"article","og_title":"Qu\u00e9 dijo Messi sobre una posible participaci\u00f3n en el Mundial 2026 - Diario Textual","og_description":"El capit\u00e1n de la Selecci\u00f3n argentina, Lionel Messi, asegur\u00f3 que deber\u00e1 someterse a una nueva preparaci\u00f3n f\u00edsica si quiere llegar con resto al Mundial 2026 ya que est\u00e1 tranquilo y&hellip;","og_url":"https:\/\/diariotextual.com\/inicio\/index.php\/2024\/10\/31\/que-dijo-messi-sobre-una-posible-participacion-en-el-mundial-2026\/","og_site_name":"Diario Textual","article_publisher":"https:\/\/www.facebook.com\/eltextual","article_published_time":"2024-10-31T20:58:39+00:00","article_modified_time":"2024-10-31T20:58:42+00:00","og_image":[{"width":1200,"height":675,"url":"https:\/\/diariotextual.com\/inicio\/wp-content\/uploads\/2022\/12\/messilionelseleccionqatar2022telam2022-1000.jpg","type":"image\/jpeg"}],"author":"Diario1 Diario1","twitter_card":"summary_large_image","twitter_creator":"@eltextual","twitter_site":"@eltextual","twitter_misc":{"Escrito por":"Diario1 Diario1","Tiempo de lectura":"2 minutos"},"schema":{"@context":"https:\/\/schema.org","@graph":[{"@type":"Article","@id":"https:\/\/diariotextual.com\/inicio\/index.php\/2024\/10\/31\/que-dijo-messi-sobre-una-posible-participacion-en-el-mundial-2026\/#article","isPartOf":{"@id":"https:\/\/diariotextual.com\/inicio\/index.php\/2024\/10\/31\/que-dijo-messi-sobre-una-posible-participacion-en-el-mundial-2026\/"},"author":{"name":"Diario1 Diario1","@id":"https:\/\/diariotextual.com\/inicio\/#\/schema\/person\/418fc4093c33e86ed41562db3508f958"},"headline":"Qu\u00e9 dijo Messi sobre una posible participaci\u00f3n en el Mundial 2026","datePublished":"2024-10-31T20:58:39+00:00","dateModified":"2024-10-31T20:58:42+00:00","mainEntityOfPage":{"@id":"https:\/\/diariotextual.com\/inicio\/index.php\/2024\/10\/31\/que-dijo-messi-sobre-una-posible-participacion-en-el-mundial-2026\/"},"wordCount":284,"publisher":{"@id":"https:\/\/diariotextual.com\/inicio\/#organization"},"image":{"@id":"https:\/\/diariotextual.com\/inicio\/index.php\/2024\/10\/31\/que-dijo-messi-sobre-una-posible-participacion-en-el-mundial-2026\/#primaryimage"},"thumbnailUrl":"https:\/\/diariotextual.com\/inicio\/wp-content\/uploads\/2022\/12\/messilionelseleccionqatar2022telam2022-1000.jpg","articleSection":["A - ES NOTICIA (van abajo)","DEPORTES"],"inLanguage":"es"},{"@type":"WebPage","@id":"https:\/\/diariotextual.com\/inicio\/index.php\/2024\/10\/31\/que-dijo-messi-sobre-una-posible-participacion-en-el-mundial-2026\/","url":"https:\/\/diariotextual.com\/inicio\/index.php\/2024\/10\/31\/que-dijo-messi-sobre-una-posible-participacion-en-el-mundial-2026\/","name":"Qu\u00e9 dijo Messi sobre una posible participaci\u00f3n en el Mundial 2026 - Diario Textual","isPartOf":{"@id":"https:\/\/diariotextual.com\/inicio\/#website"},"primaryImageOfPage":{"@id":"https:\/\/diariotextual.com\/inicio\/index.php\/2024\/10\/31\/que-dijo-messi-sobre-una-posible-participacion-en-el-mundial-2026\/#primaryimage"},"image":{"@id":"https:\/\/diariotextual.com\/inicio\/index.php\/2024\/10\/31\/que-dijo-messi-sobre-una-posible-participacion-en-el-mundial-2026\/#primaryimage"},"thumbnailUrl":"https:\/\/diariotextual.com\/inicio\/wp-content\/uploads\/2022\/12\/messilionelseleccionqatar2022telam2022-1000.jpg","datePublished":"2024-10-31T20:58:39+00:00","dateModified":"2024-10-31T20:58:42+00:00","breadcrumb":{"@id":"https:\/\/diariotextual.com\/inicio\/index.php\/2024\/10\/31\/que-dijo-messi-sobre-una-posible-participacion-en-el-mundial-2026\/#breadcrumb"},"inLanguage":"es","potentialAction":[{"@type":"ReadAction","target":["https:\/\/diariotextual.com\/inicio\/index.php\/2024\/10\/31\/que-dijo-messi-sobre-una-posible-participacion-en-el-mundial-2026\/"]}]},{"@type":"ImageObject","inLanguage":"es","@id":"https:\/\/diariotextual.com\/inicio\/index.php\/2024\/10\/31\/que-dijo-messi-sobre-una-posible-participacion-en-el-mundial-2026\/#primaryimage","url":"https:\/\/diariotextual.com\/inicio\/wp-content\/uploads\/2022\/12\/messilionelseleccionqatar2022telam2022-1000.jpg","contentUrl":"https:\/\/diariotextual.com\/inicio\/wp-content\/uploads\/2022\/12\/messilionelseleccionqatar2022telam2022-1000.jpg","width":1200,"height":675},{"@type":"BreadcrumbList","@id":"https:\/\/diariotextual.com\/inicio\/index.php\/2024\/10\/31\/que-dijo-messi-sobre-una-posible-participacion-en-el-mundial-2026\/#breadcrumb","itemListElement":[{"@type":"ListItem","position":1,"name":"Portada","item":"https:\/\/diariotextual.com\/inicio\/"},{"@type":"ListItem","position":2,"name":"Qu\u00e9 dijo Messi sobre una posible participaci\u00f3n en el Mundial 2026"}]},{"@type":"WebSite","@id":"https:\/\/diariotextual.com\/inicio\/#website","url":"https:\/\/diariotextual.com\/inicio\/","name":"Diario Textual","description":"","publisher":{"@id":"https:\/\/diariotextual.com\/inicio\/#organization"},"potentialAction":[{"@type":"SearchAction","target":{"@type":"EntryPoint","urlTemplate":"https:\/\/diariotextual.com\/inicio\/?s={search_term_string}"},"query-input":{"@type":"PropertyValueSpecification","valueRequired":true,"valueName":"search_term_string"}}],"inLanguage":"es"},{"@type":"Organization","@id":"https:\/\/diariotextual.com\/inicio\/#organization","name":"Diario Textual","url":"https:\/\/diariotextual.com\/inicio\/","logo":{"@type":"ImageObject","inLanguage":"es","@id":"https:\/\/diariotextual.com\/inicio\/#\/schema\/logo\/image\/","url":"https:\/\/diariotextual.com\/inicio\/wp-content\/uploads\/2023\/05\/logotextual1.jpg","contentUrl":"https:\/\/diariotextual.com\/inicio\/wp-content\/uploads\/2023\/05\/logotextual1.jpg","width":516,"height":76,"caption":"Diario Textual"},"image":{"@id":"https:\/\/diariotextual.com\/inicio\/#\/schema\/logo\/image\/"},"sameAs":["https:\/\/www.facebook.com\/eltextual","https:\/\/x.com\/eltextual","http:\/\/www.instagram.com\/eltextual"]},{"@type":"Person","@id":"https:\/\/diariotextual.com\/inicio\/#\/schema\/person\/418fc4093c33e86ed41562db3508f958","name":"Diario1 Diario1","image":{"@type":"ImageObject","inLanguage":"es","@id":"https:\/\/secure.gravatar.com\/avatar\/9167d280179c85bc18be67aa7eda765854300033af4896dd779b608640f2ef7a?s=96&d=mm&r=g","url":"https:\/\/secure.gravatar.com\/avatar\/9167d280179c85bc18be67aa7eda765854300033af4896dd779b608640f2ef7a?s=96&d=mm&r=g","contentUrl":"https:\/\/secure.gravatar.com\/avatar\/9167d280179c85bc18be67aa7eda765854300033af4896dd779b608640f2ef7a?s=96&d=mm&r=g","caption":"Diario1 Diario1"},"url":"https:\/\/diariotextual.com\/inicio\/index.php\/author\/diario1\/"}]}},"_links":{"self":[{"href":"https:\/\/diariotextual.com\/inicio\/index.php\/wp-json\/wp\/v2\/posts\/280154","targetHints":{"allow":["GET"]}}],"collection":[{"href":"https:\/\/diariotextual.com\/inicio\/index.php\/wp-json\/wp\/v2\/posts"}],"about":[{"href":"https:\/\/diariotextual.com\/inicio\/index.php\/wp-json\/wp\/v2\/types\/post"}],"author":[{"embeddable":true,"href":"https:\/\/diariotextual.com\/inicio\/index.php\/wp-json\/wp\/v2\/users\/3"}],"replies":[{"embeddable":true,"href":"https:\/\/diariotextual.com\/inicio\/index.php\/wp-json\/wp\/v2\/comments?post=280154"}],"version-history":[{"count":1,"href":"https:\/\/diariotextual.com\/inicio\/index.php\/wp-json\/wp\/v2\/posts\/280154\/revisions"}],"predecessor-version":[{"id":280155,"href":"https:\/\/diariotextual.com\/inicio\/index.php\/wp-json\/wp\/v2\/posts\/280154\/revisions\/280155"}],"wp:featuredmedia":[{"embeddable":true,"href":"https:\/\/diariotextual.com\/inicio\/index.php\/wp-json\/wp\/v2\/media\/209831"}],"wp:attachment":[{"href":"https:\/\/diariotextual.com\/inicio\/index.php\/wp-json\/wp\/v2\/media?parent=280154"}],"wp:term":[{"taxonomy":"category","embeddable":true,"href":"https:\/\/diariotextual.com\/inicio\/index.php\/wp-json\/wp\/v2\/categories?post=280154"},{"taxonomy":"post_tag","embeddable":true,"href":"https:\/\/diariotextual.com\/inicio\/index.php\/wp-json\/wp\/v2\/tags?post=280154"}],"curies":[{"name":"wp","href":"https:\/\/api.w.org\/{rel}","templated":true}]}}