{"id":280349,"date":"2024-11-02T18:58:48","date_gmt":"2024-11-02T21:58:48","guid":{"rendered":"https:\/\/diariotextual.com\/inicio\/?p=280349"},"modified":"2024-11-03T10:34:40","modified_gmt":"2024-11-03T13:34:40","slug":"este-domingo-abre-sus-puertas-el-parque-lineal-lo-que-tenes-que-saber","status":"publish","type":"post","link":"https:\/\/diariotextual.com\/inicio\/index.php\/2024\/11\/02\/este-domingo-abre-sus-puertas-el-parque-lineal-lo-que-tenes-que-saber\/","title":{"rendered":"Este domingo abre sus puertas el Parque Lineal: lo que ten\u00e9s que saber"},"content":{"rendered":"\n<p>Este domingo 3, se inaugurar\u00e1 el Parque Lineal en Santa Rosa. Seg\u00fan comunic\u00f3 la intendencia, se trata de una \u201cobra de vanguardia que marca un punto de inflexi\u00f3n en el desarrollo urbano\u201d de la ciudad.<\/p>\n\n\n\n<p>Este nuevo espacio fue dise\u00f1ado para que santarrose\u00f1os y visitantes tengan un lugar de encuentro en lo que eran terrenos sin uso de la vieja traza del ferrocarril. Se ubica entre las calles Pichihuinca, avenida Spinetto, Diego Gonz\u00e1lez y Crispiniano Fern\u00e1ndez de la ciudad capital, con una extensi\u00f3n de m\u00e1s de 280 metros de longitud aproximadamente.<\/p>\n\n\n\n<p>\u201cSu concreci\u00f3n es un logro del trabajo conjunto entre el Municipio y la comunidad y proyecta a Santa Rosa hacia un futuro en el que se reencuentra con esa ciudad pujante y orgullosa de su infraestructura. La obra fue realizada 100% con fondos propios del municipio\u201d, agreg\u00f3.<\/p>\n\n\n\n<div style=\"height:100px\" aria-hidden=\"true\" class=\"wp-block-spacer\"><\/div>\n\n\n\n<p><strong>Jornada de inauguraci\u00f3n<\/strong><\/p>\n\n\n\n<p>Este domingo, a partir de las 17, el nuevo Parque Lineal estar\u00e1 abierto para la comunidad. En tanto, a las 18.30 se desarrollar\u00e1 el acto oficial con un corte de cintas que marcar\u00e1 la inauguraci\u00f3n formal. <\/p>\n\n\n\n<p>Posteriormente, el intendente Luciano di N\u00e1poli recorrer\u00e1 las diversas instalaciones del Parque, acompa\u00f1ado por instituciones intermedias, vecinos representativos de la comunidad santarrose\u00f1a y un desfile de la banda militar.<\/p>\n\n\n\n<p>La municipalidad invit\u00f3 los asistentes a llevar mates, reposeras, pelotas, patines, y a prepararse para disfrutar de una tarde en familia y entre amigos, en un ambiente pensado para la recreaci\u00f3n y el esparcimiento. El evento contar\u00e1 con la presencia y participaci\u00f3n de vecinos y referentes de diversas instituciones, entre ellas:<\/p>\n\n\n\n<p>\u2022&nbsp; Universidad Nacional de La Pampa (UNLPam)<\/p>\n\n\n\n<p>\u2022&nbsp; Centro de Veteranos de Malvinas<\/p>\n\n\n\n<p>\u2022&nbsp; Polic\u00eda Federal, Polic\u00eda de La Pampa y Xma Brigada Mecanizada \u00abTeniente General Nicol\u00e1s Levalle\u00bb<\/p>\n\n\n\n<p>\u2022&nbsp; Cuerpo de Bomberos de la URI<\/p>\n\n\n\n<p>\u2022&nbsp; C\u00e1mara de Comercio, Industria y Producci\u00f3n de La Pampa<\/p>\n\n\n\n<p>\u2022&nbsp; Cooperativa Popular de Electricidad (CPE)<\/p>\n\n\n\n<p>\u2022&nbsp; Federaci\u00f3n Empresaria Hotelera y Gastron\u00f3mica (FEHGRA)<\/p>\n\n\n\n<p>\u2022&nbsp; Luchadoras de la Vida<\/p>\n\n\n\n<p>\u2022&nbsp; Asociaci\u00f3n Crecer Juntos<\/p>\n\n\n\n<p>\u2022&nbsp; Estrellas Amarillas<\/p>\n\n\n\n<p>\u2022&nbsp; Consejo Profesional de Educaci\u00f3n F\u00edsica (COPEF)<\/p>\n\n\n\n<p>\u2022&nbsp; Programa Guadalupe<\/p>\n\n\n\n<p>\u2022 &nbsp;Asociaci\u00f3n de Trabajadores del Teatro Pampeano<\/p>\n\n\n\n<p>\u2022&nbsp; Clubes deportivos: All Boys, Santa Rosa, Mac Allister, La Barranca, Belgrano, Deportivo Matadero, Club Penales, Centro Oeste, Sarmiento, Matadero por la Lealtad, Colonia Santa Mar\u00eda<\/p>\n\n\n\n<p>\u2022&nbsp; Personalidades destacadas del deporte, el arte y la cultura local<\/p>\n\n\n\n<p>\u2022&nbsp; Instituciones religiosas<\/p>\n\n\n\n<p>\u2022 Instituciones de beneficencia: CARITAS y Abrazo de Oso<\/p>\n\n\n\n<p>\u2022&nbsp; Jardines maternales, Clubes de ciencias municipales, Cooperativas Escolares<\/p>\n\n\n\n<p>\u2022&nbsp; Docentes y alumnos de los trayectos municipales de Malambo<\/p>\n\n\n\n<div style=\"height:100px\" aria-hidden=\"true\" class=\"wp-block-spacer\"><\/div>\n\n\n\n<p><strong>Una propuesta pensada para el disfrute de todos<\/strong><\/p>\n\n\n\n<p>El Parque Lineal<strong> ofrece opciones para todas las edades: \u00e1reas de juegos tem\u00e1ticos, canchas deportivas, bicisendas, y zonas de descanso con pasto y sombra provista por la a\u00f1osa arboleda existente. <\/strong>Este espacio es una invitaci\u00f3n a la recreaci\u00f3n y el encuentro, con alternativas para distintos estilos de vida.<\/p>\n\n\n\n<p><strong>El espacio est\u00e1 organizado en \u201cc\u00e9lulas\u201d tem\u00e1ticas ambientadas con distintos motivos que se vinculan con la historia y la geograf\u00eda de La Pampa: Locomotora, Bosque, Sol, Espacio y Desierto.<\/strong> A ellas se suman un anfiteatro, una cancha de mini f\u00fatbol y una de b\u00e1squet 3&#215;3. En el dise\u00f1o de juegos se contempl\u00f3 la accesibilidad para ni\u00f1os con discapacidad motora.<\/p>\n\n\n\n<div style=\"height:100px\" aria-hidden=\"true\" class=\"wp-block-spacer\"><\/div>\n\n\n\n<p><strong>Un paseo gastron\u00f3mico para descubrir los sabores locales<\/strong><\/p>\n\n\n\n<p>La propuesta de esparcimiento y recreaci\u00f3n al aire libre se complementa con un \u00e1rea especial dedicada a la gastronom\u00eda en la que se asientan numerosos <strong><em>food trucks, <\/em><\/strong>con alternativas variadas, que van desde platos t\u00edpicos a propuestas innovadoras de la cocina local.<\/p>\n\n\n\n<p>El espacio cuenta con mobiliario e iluminaci\u00f3n lo que lo hace apto para uso a cualquier hora del d\u00eda. El paseo gastron\u00f3mico est\u00e1 en funcionamiento a partir de las 20 horas de este s\u00e1bado.<\/p>\n\n\n\n<div style=\"height:100px\" aria-hidden=\"true\" class=\"wp-block-spacer\"><\/div>\n\n\n\n<p><strong>La propuesta paisaj\u00edstica<\/strong><\/p>\n\n\n\n<p>El dise\u00f1o del espacio verde se bas\u00f3 en un esp\u00edritu naturalista, con una selecci\u00f3n de especies vegetales de bajo mantenimiento y una est\u00e9tica propia de est\u00e1 regi\u00f3n fitogeogr\u00e1fica. <\/p>\n\n\n\n<p>De este modo, se propicia un uso responsable del agua, junto con la generaci\u00f3n de un h\u00e1bitat adecuado para el refugio de aves, mariposas e insectos, que conduzca a espacio sustentable y de f\u00e1cil manejo.<\/p>\n\n\n\n<figure class=\"wp-block-image size-large\"><img fetchpriority=\"high\" decoding=\"async\" width=\"1024\" height=\"576\" src=\"https:\/\/diariotextual.com\/inicio\/wp-content\/uploads\/2024\/10\/parquelinealsantarosa2024-90-1024x576.jpg\" alt=\"\" class=\"wp-image-280142\" srcset=\"https:\/\/diariotextual.com\/inicio\/wp-content\/uploads\/2024\/10\/parquelinealsantarosa2024-90-1024x576.jpg 1024w, https:\/\/diariotextual.com\/inicio\/wp-content\/uploads\/2024\/10\/parquelinealsantarosa2024-90-300x169.jpg 300w, https:\/\/diariotextual.com\/inicio\/wp-content\/uploads\/2024\/10\/parquelinealsantarosa2024-90-768x432.jpg 768w, https:\/\/diariotextual.com\/inicio\/wp-content\/uploads\/2024\/10\/parquelinealsantarosa2024-90-1170x658.jpg 1170w, https:\/\/diariotextual.com\/inicio\/wp-content\/uploads\/2024\/10\/parquelinealsantarosa2024-90-585x329.jpg 585w, https:\/\/diariotextual.com\/inicio\/wp-content\/uploads\/2024\/10\/parquelinealsantarosa2024-90.jpg 1200w\" sizes=\"(max-width: 1024px) 100vw, 1024px\" \/><\/figure>\n\n\n\n<div style=\"height:100px\" aria-hidden=\"true\" class=\"wp-block-spacer\"><\/div>\n\n\n\n<p><strong>Recorrido tem\u00e1tico por c\u00e9lulas recreativas<\/strong><\/p>\n\n\n\n<p>Cada espacio en el Parque Lineal est\u00e1 organizado en \u201cc\u00e9lulas\u201d tem\u00e1ticas, dise\u00f1adas para brindar experiencias diferentes y enriquecer el recorrido:<\/p>\n\n\n\n<p>\u2022&nbsp;&nbsp;&nbsp;&nbsp;&nbsp;&nbsp;&nbsp;&nbsp;&nbsp;&nbsp;&nbsp;&nbsp; C\u00e9lula Locomotora: Un homenaje a la historia ferroviaria de la regi\u00f3n.<\/p>\n\n\n\n<p>\u2022&nbsp;&nbsp;&nbsp;&nbsp;&nbsp;&nbsp;&nbsp;&nbsp;&nbsp;&nbsp;&nbsp;&nbsp; C\u00e9lula Bosque: Una zona verde que invita al contacto con la naturaleza y a la diversi\u00f3n con hamacas y mangrullos.<\/p>\n\n\n\n<p>\u2022&nbsp;&nbsp;&nbsp;&nbsp;&nbsp;&nbsp;&nbsp;&nbsp;&nbsp;&nbsp;&nbsp;&nbsp; C\u00e9lula Sol: Espacio ideal para quienes disfrutan del sol y la energ\u00eda al aire libre.<\/p>\n\n\n\n<p>\u2022&nbsp;&nbsp;&nbsp;&nbsp;&nbsp;&nbsp;&nbsp;&nbsp;&nbsp;&nbsp;&nbsp;&nbsp; C\u00e9lula Espacio: Un \u00e1rea para la imaginaci\u00f3n y el descubrimiento, ideal para los m\u00e1s peque\u00f1os.<\/p>\n\n\n\n<p>\u2022&nbsp;&nbsp;&nbsp;&nbsp;&nbsp;&nbsp;&nbsp;&nbsp;&nbsp;&nbsp;&nbsp;&nbsp; Anfiteatro: Un escenario al aire libre para eventos culturales y espect\u00e1culos.<\/p>\n\n\n\n<p>\u2022&nbsp;&nbsp;&nbsp;&nbsp;&nbsp;&nbsp;&nbsp;&nbsp;&nbsp;&nbsp;&nbsp;&nbsp; C\u00e9lula Juegos Inclusivos: Espacio de juegos accesibles y seguros para que todos puedan disfrutar.<\/p>\n\n\n\n<p>\u2022&nbsp;&nbsp;&nbsp;&nbsp;&nbsp;&nbsp;&nbsp;&nbsp;&nbsp;&nbsp;&nbsp;&nbsp; Cancha de F\u00fatbol: Una invitaci\u00f3n al deporte y la recreaci\u00f3n en equipo.<\/p>\n\n\n\n<p>\u2022&nbsp;&nbsp;&nbsp;&nbsp;&nbsp;&nbsp;&nbsp;&nbsp;&nbsp;&nbsp;&nbsp;&nbsp; Cancha de B\u00e1squet: Zona para la pr\u00e1ctica del b\u00e1squet y el ejercicio al aire libre.<\/p>\n\n\n\n<p>\u2022&nbsp;&nbsp;&nbsp;&nbsp;&nbsp;&nbsp;&nbsp;&nbsp;&nbsp;&nbsp;&nbsp;&nbsp; C\u00e9lula Desierto: Un \u00e1rea que reivindica el paisaje natural de la regi\u00f3n con juegos \u00fanicos como escaladores y postas.<\/p>\n\n\n\n<p><\/p>\n\n\n\n<p><\/p>\n","protected":false},"excerpt":{"rendered":"<p>Este domingo 3, se inaugurar\u00e1 el Parque Lineal en Santa Rosa. Seg\u00fan comunic\u00f3 la intendencia, se trata de una \u201cobra de vanguardia que marca un punto de inflexi\u00f3n en el&hellip;<\/p>\n","protected":false},"author":3,"featured_media":280351,"comment_status":"closed","ping_status":"open","sticky":false,"template":"","format":"standard","meta":{"_acf_changed":false,"footnotes":""},"categories":[1,12],"tags":[],"class_list":["post-280349","post","type-post","status-publish","format-standard","has-post-thumbnail","hentry","category-es-noticia","category-sociedad"],"acf":[],"yoast_head":"<!-- This site is optimized with the Yoast SEO plugin v27.5 - https:\/\/yoast.com\/product\/yoast-seo-wordpress\/ -->\n<title>Este domingo abre sus puertas el Parque Lineal: lo que ten\u00e9s que saber - Diario Textual<\/title>\n<meta name=\"robots\" content=\"index, follow, max-snippet:-1, max-image-preview:large, max-video-preview:-1\" \/>\n<link rel=\"canonical\" href=\"https:\/\/diariotextual.com\/inicio\/index.php\/2024\/11\/02\/este-domingo-abre-sus-puertas-el-parque-lineal-lo-que-tenes-que-saber\/\" \/>\n<meta property=\"og:locale\" content=\"es_ES\" \/>\n<meta property=\"og:type\" content=\"article\" \/>\n<meta property=\"og:title\" content=\"Este domingo abre sus puertas el Parque Lineal: lo que ten\u00e9s que saber - Diario Textual\" \/>\n<meta property=\"og:description\" content=\"Este domingo 3, se inaugurar\u00e1 el Parque Lineal en Santa Rosa. Seg\u00fan comunic\u00f3 la intendencia, se trata de una \u201cobra de vanguardia que marca un punto de inflexi\u00f3n en el&hellip;\" \/>\n<meta property=\"og:url\" content=\"https:\/\/diariotextual.com\/inicio\/index.php\/2024\/11\/02\/este-domingo-abre-sus-puertas-el-parque-lineal-lo-que-tenes-que-saber\/\" \/>\n<meta property=\"og:site_name\" content=\"Diario Textual\" \/>\n<meta property=\"article:publisher\" content=\"https:\/\/www.facebook.com\/eltextual\" \/>\n<meta property=\"article:published_time\" content=\"2024-11-02T21:58:48+00:00\" \/>\n<meta property=\"article:modified_time\" content=\"2024-11-03T13:34:40+00:00\" \/>\n<meta property=\"og:image\" content=\"https:\/\/diariotextual.com\/inicio\/wp-content\/uploads\/2024\/11\/parquelinealsantarosa2024-91.jpg\" \/>\n\t<meta property=\"og:image:width\" content=\"1200\" \/>\n\t<meta property=\"og:image:height\" content=\"800\" \/>\n\t<meta property=\"og:image:type\" content=\"image\/jpeg\" \/>\n<meta name=\"author\" content=\"Diario1 Diario1\" \/>\n<meta name=\"twitter:card\" content=\"summary_large_image\" \/>\n<meta name=\"twitter:creator\" content=\"@eltextual\" \/>\n<meta name=\"twitter:site\" content=\"@eltextual\" \/>\n<meta name=\"twitter:label1\" content=\"Escrito por\" \/>\n\t<meta name=\"twitter:data1\" content=\"Diario1 Diario1\" \/>\n\t<meta name=\"twitter:label2\" content=\"Tiempo de lectura\" \/>\n\t<meta name=\"twitter:data2\" content=\"5 minutos\" \/>\n<script type=\"application\/ld+json\" class=\"yoast-schema-graph\">{\"@context\":\"https:\\\/\\\/schema.org\",\"@graph\":[{\"@type\":\"Article\",\"@id\":\"https:\\\/\\\/diariotextual.com\\\/inicio\\\/index.php\\\/2024\\\/11\\\/02\\\/este-domingo-abre-sus-puertas-el-parque-lineal-lo-que-tenes-que-saber\\\/#article\",\"isPartOf\":{\"@id\":\"https:\\\/\\\/diariotextual.com\\\/inicio\\\/index.php\\\/2024\\\/11\\\/02\\\/este-domingo-abre-sus-puertas-el-parque-lineal-lo-que-tenes-que-saber\\\/\"},\"author\":{\"name\":\"Diario1 Diario1\",\"@id\":\"https:\\\/\\\/diariotextual.com\\\/inicio\\\/#\\\/schema\\\/person\\\/418fc4093c33e86ed41562db3508f958\"},\"headline\":\"Este domingo abre sus puertas el Parque Lineal: lo que ten\u00e9s que saber\",\"datePublished\":\"2024-11-02T21:58:48+00:00\",\"dateModified\":\"2024-11-03T13:34:40+00:00\",\"mainEntityOfPage\":{\"@id\":\"https:\\\/\\\/diariotextual.com\\\/inicio\\\/index.php\\\/2024\\\/11\\\/02\\\/este-domingo-abre-sus-puertas-el-parque-lineal-lo-que-tenes-que-saber\\\/\"},\"wordCount\":1031,\"publisher\":{\"@id\":\"https:\\\/\\\/diariotextual.com\\\/inicio\\\/#organization\"},\"image\":{\"@id\":\"https:\\\/\\\/diariotextual.com\\\/inicio\\\/index.php\\\/2024\\\/11\\\/02\\\/este-domingo-abre-sus-puertas-el-parque-lineal-lo-que-tenes-que-saber\\\/#primaryimage\"},\"thumbnailUrl\":\"https:\\\/\\\/diariotextual.com\\\/inicio\\\/wp-content\\\/uploads\\\/2024\\\/11\\\/parquelinealsantarosa2024-91.jpg\",\"articleSection\":[\"A - ES NOTICIA (van abajo)\",\"SOCIEDAD\"],\"inLanguage\":\"es\"},{\"@type\":\"WebPage\",\"@id\":\"https:\\\/\\\/diariotextual.com\\\/inicio\\\/index.php\\\/2024\\\/11\\\/02\\\/este-domingo-abre-sus-puertas-el-parque-lineal-lo-que-tenes-que-saber\\\/\",\"url\":\"https:\\\/\\\/diariotextual.com\\\/inicio\\\/index.php\\\/2024\\\/11\\\/02\\\/este-domingo-abre-sus-puertas-el-parque-lineal-lo-que-tenes-que-saber\\\/\",\"name\":\"Este domingo abre sus puertas el Parque Lineal: lo que ten\u00e9s que saber - Diario Textual\",\"isPartOf\":{\"@id\":\"https:\\\/\\\/diariotextual.com\\\/inicio\\\/#website\"},\"primaryImageOfPage\":{\"@id\":\"https:\\\/\\\/diariotextual.com\\\/inicio\\\/index.php\\\/2024\\\/11\\\/02\\\/este-domingo-abre-sus-puertas-el-parque-lineal-lo-que-tenes-que-saber\\\/#primaryimage\"},\"image\":{\"@id\":\"https:\\\/\\\/diariotextual.com\\\/inicio\\\/index.php\\\/2024\\\/11\\\/02\\\/este-domingo-abre-sus-puertas-el-parque-lineal-lo-que-tenes-que-saber\\\/#primaryimage\"},\"thumbnailUrl\":\"https:\\\/\\\/diariotextual.com\\\/inicio\\\/wp-content\\\/uploads\\\/2024\\\/11\\\/parquelinealsantarosa2024-91.jpg\",\"datePublished\":\"2024-11-02T21:58:48+00:00\",\"dateModified\":\"2024-11-03T13:34:40+00:00\",\"breadcrumb\":{\"@id\":\"https:\\\/\\\/diariotextual.com\\\/inicio\\\/index.php\\\/2024\\\/11\\\/02\\\/este-domingo-abre-sus-puertas-el-parque-lineal-lo-que-tenes-que-saber\\\/#breadcrumb\"},\"inLanguage\":\"es\",\"potentialAction\":[{\"@type\":\"ReadAction\",\"target\":[\"https:\\\/\\\/diariotextual.com\\\/inicio\\\/index.php\\\/2024\\\/11\\\/02\\\/este-domingo-abre-sus-puertas-el-parque-lineal-lo-que-tenes-que-saber\\\/\"]}]},{\"@type\":\"ImageObject\",\"inLanguage\":\"es\",\"@id\":\"https:\\\/\\\/diariotextual.com\\\/inicio\\\/index.php\\\/2024\\\/11\\\/02\\\/este-domingo-abre-sus-puertas-el-parque-lineal-lo-que-tenes-que-saber\\\/#primaryimage\",\"url\":\"https:\\\/\\\/diariotextual.com\\\/inicio\\\/wp-content\\\/uploads\\\/2024\\\/11\\\/parquelinealsantarosa2024-91.jpg\",\"contentUrl\":\"https:\\\/\\\/diariotextual.com\\\/inicio\\\/wp-content\\\/uploads\\\/2024\\\/11\\\/parquelinealsantarosa2024-91.jpg\",\"width\":1200,\"height\":800},{\"@type\":\"BreadcrumbList\",\"@id\":\"https:\\\/\\\/diariotextual.com\\\/inicio\\\/index.php\\\/2024\\\/11\\\/02\\\/este-domingo-abre-sus-puertas-el-parque-lineal-lo-que-tenes-que-saber\\\/#breadcrumb\",\"itemListElement\":[{\"@type\":\"ListItem\",\"position\":1,\"name\":\"Portada\",\"item\":\"https:\\\/\\\/diariotextual.com\\\/inicio\\\/\"},{\"@type\":\"ListItem\",\"position\":2,\"name\":\"Este domingo abre sus puertas el Parque Lineal: lo que ten\u00e9s que saber\"}]},{\"@type\":\"WebSite\",\"@id\":\"https:\\\/\\\/diariotextual.com\\\/inicio\\\/#website\",\"url\":\"https:\\\/\\\/diariotextual.com\\\/inicio\\\/\",\"name\":\"Diario Textual\",\"description\":\"\",\"publisher\":{\"@id\":\"https:\\\/\\\/diariotextual.com\\\/inicio\\\/#organization\"},\"potentialAction\":[{\"@type\":\"SearchAction\",\"target\":{\"@type\":\"EntryPoint\",\"urlTemplate\":\"https:\\\/\\\/diariotextual.com\\\/inicio\\\/?s={search_term_string}\"},\"query-input\":{\"@type\":\"PropertyValueSpecification\",\"valueRequired\":true,\"valueName\":\"search_term_string\"}}],\"inLanguage\":\"es\"},{\"@type\":\"Organization\",\"@id\":\"https:\\\/\\\/diariotextual.com\\\/inicio\\\/#organization\",\"name\":\"Diario Textual\",\"url\":\"https:\\\/\\\/diariotextual.com\\\/inicio\\\/\",\"logo\":{\"@type\":\"ImageObject\",\"inLanguage\":\"es\",\"@id\":\"https:\\\/\\\/diariotextual.com\\\/inicio\\\/#\\\/schema\\\/logo\\\/image\\\/\",\"url\":\"https:\\\/\\\/diariotextual.com\\\/inicio\\\/wp-content\\\/uploads\\\/2023\\\/05\\\/logotextual1.jpg\",\"contentUrl\":\"https:\\\/\\\/diariotextual.com\\\/inicio\\\/wp-content\\\/uploads\\\/2023\\\/05\\\/logotextual1.jpg\",\"width\":516,\"height\":76,\"caption\":\"Diario Textual\"},\"image\":{\"@id\":\"https:\\\/\\\/diariotextual.com\\\/inicio\\\/#\\\/schema\\\/logo\\\/image\\\/\"},\"sameAs\":[\"https:\\\/\\\/www.facebook.com\\\/eltextual\",\"https:\\\/\\\/x.com\\\/eltextual\",\"http:\\\/\\\/www.instagram.com\\\/eltextual\"]},{\"@type\":\"Person\",\"@id\":\"https:\\\/\\\/diariotextual.com\\\/inicio\\\/#\\\/schema\\\/person\\\/418fc4093c33e86ed41562db3508f958\",\"name\":\"Diario1 Diario1\",\"image\":{\"@type\":\"ImageObject\",\"inLanguage\":\"es\",\"@id\":\"https:\\\/\\\/secure.gravatar.com\\\/avatar\\\/9167d280179c85bc18be67aa7eda765854300033af4896dd779b608640f2ef7a?s=96&d=mm&r=g\",\"url\":\"https:\\\/\\\/secure.gravatar.com\\\/avatar\\\/9167d280179c85bc18be67aa7eda765854300033af4896dd779b608640f2ef7a?s=96&d=mm&r=g\",\"contentUrl\":\"https:\\\/\\\/secure.gravatar.com\\\/avatar\\\/9167d280179c85bc18be67aa7eda765854300033af4896dd779b608640f2ef7a?s=96&d=mm&r=g\",\"caption\":\"Diario1 Diario1\"},\"url\":\"https:\\\/\\\/diariotextual.com\\\/inicio\\\/index.php\\\/author\\\/diario1\\\/\"}]}<\/script>\n<!-- \/ Yoast SEO plugin. -->","yoast_head_json":{"title":"Este domingo abre sus puertas el Parque Lineal: lo que ten\u00e9s que saber - Diario Textual","robots":{"index":"index","follow":"follow","max-snippet":"max-snippet:-1","max-image-preview":"max-image-preview:large","max-video-preview":"max-video-preview:-1"},"canonical":"https:\/\/diariotextual.com\/inicio\/index.php\/2024\/11\/02\/este-domingo-abre-sus-puertas-el-parque-lineal-lo-que-tenes-que-saber\/","og_locale":"es_ES","og_type":"article","og_title":"Este domingo abre sus puertas el Parque Lineal: lo que ten\u00e9s que saber - Diario Textual","og_description":"Este domingo 3, se inaugurar\u00e1 el Parque Lineal en Santa Rosa. Seg\u00fan comunic\u00f3 la intendencia, se trata de una \u201cobra de vanguardia que marca un punto de inflexi\u00f3n en el&hellip;","og_url":"https:\/\/diariotextual.com\/inicio\/index.php\/2024\/11\/02\/este-domingo-abre-sus-puertas-el-parque-lineal-lo-que-tenes-que-saber\/","og_site_name":"Diario Textual","article_publisher":"https:\/\/www.facebook.com\/eltextual","article_published_time":"2024-11-02T21:58:48+00:00","article_modified_time":"2024-11-03T13:34:40+00:00","og_image":[{"width":1200,"height":800,"url":"https:\/\/diariotextual.com\/inicio\/wp-content\/uploads\/2024\/11\/parquelinealsantarosa2024-91.jpg","type":"image\/jpeg"}],"author":"Diario1 Diario1","twitter_card":"summary_large_image","twitter_creator":"@eltextual","twitter_site":"@eltextual","twitter_misc":{"Escrito por":"Diario1 Diario1","Tiempo de lectura":"5 minutos"},"schema":{"@context":"https:\/\/schema.org","@graph":[{"@type":"Article","@id":"https:\/\/diariotextual.com\/inicio\/index.php\/2024\/11\/02\/este-domingo-abre-sus-puertas-el-parque-lineal-lo-que-tenes-que-saber\/#article","isPartOf":{"@id":"https:\/\/diariotextual.com\/inicio\/index.php\/2024\/11\/02\/este-domingo-abre-sus-puertas-el-parque-lineal-lo-que-tenes-que-saber\/"},"author":{"name":"Diario1 Diario1","@id":"https:\/\/diariotextual.com\/inicio\/#\/schema\/person\/418fc4093c33e86ed41562db3508f958"},"headline":"Este domingo abre sus puertas el Parque Lineal: lo que ten\u00e9s que saber","datePublished":"2024-11-02T21:58:48+00:00","dateModified":"2024-11-03T13:34:40+00:00","mainEntityOfPage":{"@id":"https:\/\/diariotextual.com\/inicio\/index.php\/2024\/11\/02\/este-domingo-abre-sus-puertas-el-parque-lineal-lo-que-tenes-que-saber\/"},"wordCount":1031,"publisher":{"@id":"https:\/\/diariotextual.com\/inicio\/#organization"},"image":{"@id":"https:\/\/diariotextual.com\/inicio\/index.php\/2024\/11\/02\/este-domingo-abre-sus-puertas-el-parque-lineal-lo-que-tenes-que-saber\/#primaryimage"},"thumbnailUrl":"https:\/\/diariotextual.com\/inicio\/wp-content\/uploads\/2024\/11\/parquelinealsantarosa2024-91.jpg","articleSection":["A - ES NOTICIA (van abajo)","SOCIEDAD"],"inLanguage":"es"},{"@type":"WebPage","@id":"https:\/\/diariotextual.com\/inicio\/index.php\/2024\/11\/02\/este-domingo-abre-sus-puertas-el-parque-lineal-lo-que-tenes-que-saber\/","url":"https:\/\/diariotextual.com\/inicio\/index.php\/2024\/11\/02\/este-domingo-abre-sus-puertas-el-parque-lineal-lo-que-tenes-que-saber\/","name":"Este domingo abre sus puertas el Parque Lineal: lo que ten\u00e9s que saber - Diario Textual","isPartOf":{"@id":"https:\/\/diariotextual.com\/inicio\/#website"},"primaryImageOfPage":{"@id":"https:\/\/diariotextual.com\/inicio\/index.php\/2024\/11\/02\/este-domingo-abre-sus-puertas-el-parque-lineal-lo-que-tenes-que-saber\/#primaryimage"},"image":{"@id":"https:\/\/diariotextual.com\/inicio\/index.php\/2024\/11\/02\/este-domingo-abre-sus-puertas-el-parque-lineal-lo-que-tenes-que-saber\/#primaryimage"},"thumbnailUrl":"https:\/\/diariotextual.com\/inicio\/wp-content\/uploads\/2024\/11\/parquelinealsantarosa2024-91.jpg","datePublished":"2024-11-02T21:58:48+00:00","dateModified":"2024-11-03T13:34:40+00:00","breadcrumb":{"@id":"https:\/\/diariotextual.com\/inicio\/index.php\/2024\/11\/02\/este-domingo-abre-sus-puertas-el-parque-lineal-lo-que-tenes-que-saber\/#breadcrumb"},"inLanguage":"es","potentialAction":[{"@type":"ReadAction","target":["https:\/\/diariotextual.com\/inicio\/index.php\/2024\/11\/02\/este-domingo-abre-sus-puertas-el-parque-lineal-lo-que-tenes-que-saber\/"]}]},{"@type":"ImageObject","inLanguage":"es","@id":"https:\/\/diariotextual.com\/inicio\/index.php\/2024\/11\/02\/este-domingo-abre-sus-puertas-el-parque-lineal-lo-que-tenes-que-saber\/#primaryimage","url":"https:\/\/diariotextual.com\/inicio\/wp-content\/uploads\/2024\/11\/parquelinealsantarosa2024-91.jpg","contentUrl":"https:\/\/diariotextual.com\/inicio\/wp-content\/uploads\/2024\/11\/parquelinealsantarosa2024-91.jpg","width":1200,"height":800},{"@type":"BreadcrumbList","@id":"https:\/\/diariotextual.com\/inicio\/index.php\/2024\/11\/02\/este-domingo-abre-sus-puertas-el-parque-lineal-lo-que-tenes-que-saber\/#breadcrumb","itemListElement":[{"@type":"ListItem","position":1,"name":"Portada","item":"https:\/\/diariotextual.com\/inicio\/"},{"@type":"ListItem","position":2,"name":"Este domingo abre sus puertas el Parque Lineal: lo que ten\u00e9s que saber"}]},{"@type":"WebSite","@id":"https:\/\/diariotextual.com\/inicio\/#website","url":"https:\/\/diariotextual.com\/inicio\/","name":"Diario Textual","description":"","publisher":{"@id":"https:\/\/diariotextual.com\/inicio\/#organization"},"potentialAction":[{"@type":"SearchAction","target":{"@type":"EntryPoint","urlTemplate":"https:\/\/diariotextual.com\/inicio\/?s={search_term_string}"},"query-input":{"@type":"PropertyValueSpecification","valueRequired":true,"valueName":"search_term_string"}}],"inLanguage":"es"},{"@type":"Organization","@id":"https:\/\/diariotextual.com\/inicio\/#organization","name":"Diario Textual","url":"https:\/\/diariotextual.com\/inicio\/","logo":{"@type":"ImageObject","inLanguage":"es","@id":"https:\/\/diariotextual.com\/inicio\/#\/schema\/logo\/image\/","url":"https:\/\/diariotextual.com\/inicio\/wp-content\/uploads\/2023\/05\/logotextual1.jpg","contentUrl":"https:\/\/diariotextual.com\/inicio\/wp-content\/uploads\/2023\/05\/logotextual1.jpg","width":516,"height":76,"caption":"Diario Textual"},"image":{"@id":"https:\/\/diariotextual.com\/inicio\/#\/schema\/logo\/image\/"},"sameAs":["https:\/\/www.facebook.com\/eltextual","https:\/\/x.com\/eltextual","http:\/\/www.instagram.com\/eltextual"]},{"@type":"Person","@id":"https:\/\/diariotextual.com\/inicio\/#\/schema\/person\/418fc4093c33e86ed41562db3508f958","name":"Diario1 Diario1","image":{"@type":"ImageObject","inLanguage":"es","@id":"https:\/\/secure.gravatar.com\/avatar\/9167d280179c85bc18be67aa7eda765854300033af4896dd779b608640f2ef7a?s=96&d=mm&r=g","url":"https:\/\/secure.gravatar.com\/avatar\/9167d280179c85bc18be67aa7eda765854300033af4896dd779b608640f2ef7a?s=96&d=mm&r=g","contentUrl":"https:\/\/secure.gravatar.com\/avatar\/9167d280179c85bc18be67aa7eda765854300033af4896dd779b608640f2ef7a?s=96&d=mm&r=g","caption":"Diario1 Diario1"},"url":"https:\/\/diariotextual.com\/inicio\/index.php\/author\/diario1\/"}]}},"_links":{"self":[{"href":"https:\/\/diariotextual.com\/inicio\/index.php\/wp-json\/wp\/v2\/posts\/280349","targetHints":{"allow":["GET"]}}],"collection":[{"href":"https:\/\/diariotextual.com\/inicio\/index.php\/wp-json\/wp\/v2\/posts"}],"about":[{"href":"https:\/\/diariotextual.com\/inicio\/index.php\/wp-json\/wp\/v2\/types\/post"}],"author":[{"embeddable":true,"href":"https:\/\/diariotextual.com\/inicio\/index.php\/wp-json\/wp\/v2\/users\/3"}],"replies":[{"embeddable":true,"href":"https:\/\/diariotextual.com\/inicio\/index.php\/wp-json\/wp\/v2\/comments?post=280349"}],"version-history":[{"count":4,"href":"https:\/\/diariotextual.com\/inicio\/index.php\/wp-json\/wp\/v2\/posts\/280349\/revisions"}],"predecessor-version":[{"id":280355,"href":"https:\/\/diariotextual.com\/inicio\/index.php\/wp-json\/wp\/v2\/posts\/280349\/revisions\/280355"}],"wp:featuredmedia":[{"embeddable":true,"href":"https:\/\/diariotextual.com\/inicio\/index.php\/wp-json\/wp\/v2\/media\/280351"}],"wp:attachment":[{"href":"https:\/\/diariotextual.com\/inicio\/index.php\/wp-json\/wp\/v2\/media?parent=280349"}],"wp:term":[{"taxonomy":"category","embeddable":true,"href":"https:\/\/diariotextual.com\/inicio\/index.php\/wp-json\/wp\/v2\/categories?post=280349"},{"taxonomy":"post_tag","embeddable":true,"href":"https:\/\/diariotextual.com\/inicio\/index.php\/wp-json\/wp\/v2\/tags?post=280349"}],"curies":[{"name":"wp","href":"https:\/\/api.w.org\/{rel}","templated":true}]}}