{"id":280733,"date":"2024-11-07T06:48:18","date_gmt":"2024-11-07T09:48:18","guid":{"rendered":"https:\/\/diariotextual.com\/inicio\/?p=280733"},"modified":"2024-11-07T08:43:50","modified_gmt":"2024-11-07T11:43:50","slug":"del-1-al-10-20-la-declaracion-de-la-manager-de-colapinto-que-genera-ilusion-por-su-futuro-en-la-formula-1","status":"publish","type":"post","link":"https:\/\/diariotextual.com\/inicio\/index.php\/2024\/11\/07\/del-1-al-10-20-la-declaracion-de-la-manager-de-colapinto-que-genera-ilusion-por-su-futuro-en-la-formula-1\/","title":{"rendered":"\u201c\u00bfDel 1 al 10? 20\u201d: la declaraci\u00f3n de la manager de Colapinto que genera ilusi\u00f3n por su futuro en la F\u00f3rmula 1"},"content":{"rendered":"\n<p>La manager de Franco Colapinto, Mar\u00eda Catarineu, gener\u00f3 una gran ilusi\u00f3n entre sus fan\u00e1ticos al ser consultada sobre la posibilidad de que el argentino siga en la F\u00f3rmula 1 en el 2025: \u201c\u00bfDel 1 al 10? 20\u201d.<\/p>\n\n\n\n<p>Durante una entrevista para el medio Campeones, Catarineu fue consultada por esta chance y le pidieron que dijera cu\u00e1ntas probabilidades hab\u00eda del 1 al 10, por lo que contest\u00f3 de manera contundente: \u201c20\u201d.<\/p>\n\n\n\n<p>Ante la incredulidad de los periodistas, que le repitieron la pregunta, Catarineu dijo: \u201cEntend\u00ed la pregunta perfectamente. Creo que cuando tanta gente est\u00e1 teniendo tanta intenci\u00f3n en que algo ocurra, deber\u00eda ser justo que ocurra\u201d.<\/p>\n\n\n\n<p>\u201cSe est\u00e1n barajando muchos escenarios, pero hay un deseo muy grande del p\u00fablico, de la propia F1 y de Williams para que Colapinto se quede en la categor\u00eda\u201d, agreg\u00f3.<\/p>\n\n\n\n<p>De todas maneras, descart\u00f3 que el pilarense lo haga en Williams. \u201cNos encantar\u00eda que siga ah\u00ed, pero el equipo tiene contratos firmados (con Alexander Albon y Carlos Sainz Jr.). Est\u00e1n viendo c\u00f3mo hacer para que \u00e9l siga en la F1, pero por lo pronto no parece ser una posibilidad que se quede en el equipo en el 2025\u201d, dijo.<\/p>\n\n\n\n<p>\u201cFranco para m\u00ed es el deporte en estado puro. Luego es un ser humano normal que siente y se comporta como las personas normales. \u00c9l constantemente quer\u00eda salir a saludar a sus fan\u00e1ticos en Brasil\u201d, expres\u00f3.<\/p>\n\n\n\n<p>Ayer se le cerr\u00f3 una puerta a Colapinto luego de que se confirmara que el brasilero Gabriel Bortoleto hab\u00eda firmado con Sauber, una de las escuder\u00edas que estaba interesada en el argentino.<\/p>\n\n\n\n<p>De esta manera, la \u00faltima oportunidad que tiene Colapinto para seguir en la F\u00f3rmula 1 en el 2025 es que sea contratado por Red Bull, que se lo podr\u00eda quedar para ser compa\u00f1ero del campe\u00f3n Max Verstappen o lo ceder\u00eda a su segunda marca, Racing Bulls.<\/p>\n\n\n\n<p><\/p>\n\n\n\n<p><\/p>\n","protected":false},"excerpt":{"rendered":"<p>La manager de Franco Colapinto, Mar\u00eda Catarineu, gener\u00f3 una gran ilusi\u00f3n entre sus fan\u00e1ticos al ser consultada sobre la posibilidad de que el argentino siga en la F\u00f3rmula 1 en&hellip;<\/p>\n","protected":false},"author":3,"featured_media":274077,"comment_status":"closed","ping_status":"open","sticky":false,"template":"","format":"standard","meta":{"_acf_changed":false,"footnotes":""},"categories":[1,3],"tags":[],"class_list":["post-280733","post","type-post","status-publish","format-standard","has-post-thumbnail","hentry","category-es-noticia","category-deportes"],"acf":[],"yoast_head":"<!-- This site is optimized with the Yoast SEO plugin v27.5 - https:\/\/yoast.com\/product\/yoast-seo-wordpress\/ -->\n<title>\u201c\u00bfDel 1 al 10? 20\u201d: la declaraci\u00f3n de la manager de Colapinto que genera ilusi\u00f3n por su futuro en la F\u00f3rmula 1 - Diario Textual<\/title>\n<meta name=\"robots\" content=\"index, follow, max-snippet:-1, max-image-preview:large, max-video-preview:-1\" \/>\n<link rel=\"canonical\" href=\"https:\/\/diariotextual.com\/inicio\/index.php\/2024\/11\/07\/del-1-al-10-20-la-declaracion-de-la-manager-de-colapinto-que-genera-ilusion-por-su-futuro-en-la-formula-1\/\" \/>\n<meta property=\"og:locale\" content=\"es_ES\" \/>\n<meta property=\"og:type\" content=\"article\" \/>\n<meta property=\"og:title\" content=\"\u201c\u00bfDel 1 al 10? 20\u201d: la declaraci\u00f3n de la manager de Colapinto que genera ilusi\u00f3n por su futuro en la F\u00f3rmula 1 - Diario Textual\" \/>\n<meta property=\"og:description\" content=\"La manager de Franco Colapinto, Mar\u00eda Catarineu, gener\u00f3 una gran ilusi\u00f3n entre sus fan\u00e1ticos al ser consultada sobre la posibilidad de que el argentino siga en la F\u00f3rmula 1 en&hellip;\" \/>\n<meta property=\"og:url\" content=\"https:\/\/diariotextual.com\/inicio\/index.php\/2024\/11\/07\/del-1-al-10-20-la-declaracion-de-la-manager-de-colapinto-que-genera-ilusion-por-su-futuro-en-la-formula-1\/\" \/>\n<meta property=\"og:site_name\" content=\"Diario Textual\" \/>\n<meta property=\"article:publisher\" content=\"https:\/\/www.facebook.com\/eltextual\" \/>\n<meta property=\"article:published_time\" content=\"2024-11-07T09:48:18+00:00\" \/>\n<meta property=\"article:modified_time\" content=\"2024-11-07T11:43:50+00:00\" \/>\n<meta property=\"og:image\" content=\"https:\/\/diariotextual.com\/inicio\/wp-content\/uploads\/2024\/08\/colapintofranco2024-9000.webp\" \/>\n\t<meta property=\"og:image:width\" content=\"1195\" \/>\n\t<meta property=\"og:image:height\" content=\"720\" \/>\n\t<meta property=\"og:image:type\" content=\"image\/webp\" \/>\n<meta name=\"author\" content=\"Diario1 Diario1\" \/>\n<meta name=\"twitter:card\" content=\"summary_large_image\" \/>\n<meta name=\"twitter:creator\" content=\"@eltextual\" \/>\n<meta name=\"twitter:site\" content=\"@eltextual\" \/>\n<meta name=\"twitter:label1\" content=\"Escrito por\" \/>\n\t<meta name=\"twitter:data1\" content=\"Diario1 Diario1\" \/>\n\t<meta name=\"twitter:label2\" content=\"Tiempo de lectura\" \/>\n\t<meta name=\"twitter:data2\" content=\"2 minutos\" \/>\n<script type=\"application\/ld+json\" class=\"yoast-schema-graph\">{\"@context\":\"https:\\\/\\\/schema.org\",\"@graph\":[{\"@type\":\"Article\",\"@id\":\"https:\\\/\\\/diariotextual.com\\\/inicio\\\/index.php\\\/2024\\\/11\\\/07\\\/del-1-al-10-20-la-declaracion-de-la-manager-de-colapinto-que-genera-ilusion-por-su-futuro-en-la-formula-1\\\/#article\",\"isPartOf\":{\"@id\":\"https:\\\/\\\/diariotextual.com\\\/inicio\\\/index.php\\\/2024\\\/11\\\/07\\\/del-1-al-10-20-la-declaracion-de-la-manager-de-colapinto-que-genera-ilusion-por-su-futuro-en-la-formula-1\\\/\"},\"author\":{\"name\":\"Diario1 Diario1\",\"@id\":\"https:\\\/\\\/diariotextual.com\\\/inicio\\\/#\\\/schema\\\/person\\\/418fc4093c33e86ed41562db3508f958\"},\"headline\":\"\u201c\u00bfDel 1 al 10? 20\u201d: la declaraci\u00f3n de la manager de Colapinto que genera ilusi\u00f3n por su futuro en la F\u00f3rmula 1\",\"datePublished\":\"2024-11-07T09:48:18+00:00\",\"dateModified\":\"2024-11-07T11:43:50+00:00\",\"mainEntityOfPage\":{\"@id\":\"https:\\\/\\\/diariotextual.com\\\/inicio\\\/index.php\\\/2024\\\/11\\\/07\\\/del-1-al-10-20-la-declaracion-de-la-manager-de-colapinto-que-genera-ilusion-por-su-futuro-en-la-formula-1\\\/\"},\"wordCount\":340,\"publisher\":{\"@id\":\"https:\\\/\\\/diariotextual.com\\\/inicio\\\/#organization\"},\"image\":{\"@id\":\"https:\\\/\\\/diariotextual.com\\\/inicio\\\/index.php\\\/2024\\\/11\\\/07\\\/del-1-al-10-20-la-declaracion-de-la-manager-de-colapinto-que-genera-ilusion-por-su-futuro-en-la-formula-1\\\/#primaryimage\"},\"thumbnailUrl\":\"https:\\\/\\\/diariotextual.com\\\/inicio\\\/wp-content\\\/uploads\\\/2024\\\/08\\\/colapintofranco2024-9000.webp\",\"articleSection\":[\"A - ES NOTICIA (van abajo)\",\"DEPORTES\"],\"inLanguage\":\"es\"},{\"@type\":\"WebPage\",\"@id\":\"https:\\\/\\\/diariotextual.com\\\/inicio\\\/index.php\\\/2024\\\/11\\\/07\\\/del-1-al-10-20-la-declaracion-de-la-manager-de-colapinto-que-genera-ilusion-por-su-futuro-en-la-formula-1\\\/\",\"url\":\"https:\\\/\\\/diariotextual.com\\\/inicio\\\/index.php\\\/2024\\\/11\\\/07\\\/del-1-al-10-20-la-declaracion-de-la-manager-de-colapinto-que-genera-ilusion-por-su-futuro-en-la-formula-1\\\/\",\"name\":\"\u201c\u00bfDel 1 al 10? 20\u201d: la declaraci\u00f3n de la manager de Colapinto que genera ilusi\u00f3n por su futuro en la F\u00f3rmula 1 - Diario Textual\",\"isPartOf\":{\"@id\":\"https:\\\/\\\/diariotextual.com\\\/inicio\\\/#website\"},\"primaryImageOfPage\":{\"@id\":\"https:\\\/\\\/diariotextual.com\\\/inicio\\\/index.php\\\/2024\\\/11\\\/07\\\/del-1-al-10-20-la-declaracion-de-la-manager-de-colapinto-que-genera-ilusion-por-su-futuro-en-la-formula-1\\\/#primaryimage\"},\"image\":{\"@id\":\"https:\\\/\\\/diariotextual.com\\\/inicio\\\/index.php\\\/2024\\\/11\\\/07\\\/del-1-al-10-20-la-declaracion-de-la-manager-de-colapinto-que-genera-ilusion-por-su-futuro-en-la-formula-1\\\/#primaryimage\"},\"thumbnailUrl\":\"https:\\\/\\\/diariotextual.com\\\/inicio\\\/wp-content\\\/uploads\\\/2024\\\/08\\\/colapintofranco2024-9000.webp\",\"datePublished\":\"2024-11-07T09:48:18+00:00\",\"dateModified\":\"2024-11-07T11:43:50+00:00\",\"breadcrumb\":{\"@id\":\"https:\\\/\\\/diariotextual.com\\\/inicio\\\/index.php\\\/2024\\\/11\\\/07\\\/del-1-al-10-20-la-declaracion-de-la-manager-de-colapinto-que-genera-ilusion-por-su-futuro-en-la-formula-1\\\/#breadcrumb\"},\"inLanguage\":\"es\",\"potentialAction\":[{\"@type\":\"ReadAction\",\"target\":[\"https:\\\/\\\/diariotextual.com\\\/inicio\\\/index.php\\\/2024\\\/11\\\/07\\\/del-1-al-10-20-la-declaracion-de-la-manager-de-colapinto-que-genera-ilusion-por-su-futuro-en-la-formula-1\\\/\"]}]},{\"@type\":\"ImageObject\",\"inLanguage\":\"es\",\"@id\":\"https:\\\/\\\/diariotextual.com\\\/inicio\\\/index.php\\\/2024\\\/11\\\/07\\\/del-1-al-10-20-la-declaracion-de-la-manager-de-colapinto-que-genera-ilusion-por-su-futuro-en-la-formula-1\\\/#primaryimage\",\"url\":\"https:\\\/\\\/diariotextual.com\\\/inicio\\\/wp-content\\\/uploads\\\/2024\\\/08\\\/colapintofranco2024-9000.webp\",\"contentUrl\":\"https:\\\/\\\/diariotextual.com\\\/inicio\\\/wp-content\\\/uploads\\\/2024\\\/08\\\/colapintofranco2024-9000.webp\",\"width\":1195,\"height\":720},{\"@type\":\"BreadcrumbList\",\"@id\":\"https:\\\/\\\/diariotextual.com\\\/inicio\\\/index.php\\\/2024\\\/11\\\/07\\\/del-1-al-10-20-la-declaracion-de-la-manager-de-colapinto-que-genera-ilusion-por-su-futuro-en-la-formula-1\\\/#breadcrumb\",\"itemListElement\":[{\"@type\":\"ListItem\",\"position\":1,\"name\":\"Portada\",\"item\":\"https:\\\/\\\/diariotextual.com\\\/inicio\\\/\"},{\"@type\":\"ListItem\",\"position\":2,\"name\":\"\u201c\u00bfDel 1 al 10? 20\u201d: la declaraci\u00f3n de la manager de Colapinto que genera ilusi\u00f3n por su futuro en la F\u00f3rmula 1\"}]},{\"@type\":\"WebSite\",\"@id\":\"https:\\\/\\\/diariotextual.com\\\/inicio\\\/#website\",\"url\":\"https:\\\/\\\/diariotextual.com\\\/inicio\\\/\",\"name\":\"Diario Textual\",\"description\":\"\",\"publisher\":{\"@id\":\"https:\\\/\\\/diariotextual.com\\\/inicio\\\/#organization\"},\"potentialAction\":[{\"@type\":\"SearchAction\",\"target\":{\"@type\":\"EntryPoint\",\"urlTemplate\":\"https:\\\/\\\/diariotextual.com\\\/inicio\\\/?s={search_term_string}\"},\"query-input\":{\"@type\":\"PropertyValueSpecification\",\"valueRequired\":true,\"valueName\":\"search_term_string\"}}],\"inLanguage\":\"es\"},{\"@type\":\"Organization\",\"@id\":\"https:\\\/\\\/diariotextual.com\\\/inicio\\\/#organization\",\"name\":\"Diario Textual\",\"url\":\"https:\\\/\\\/diariotextual.com\\\/inicio\\\/\",\"logo\":{\"@type\":\"ImageObject\",\"inLanguage\":\"es\",\"@id\":\"https:\\\/\\\/diariotextual.com\\\/inicio\\\/#\\\/schema\\\/logo\\\/image\\\/\",\"url\":\"https:\\\/\\\/diariotextual.com\\\/inicio\\\/wp-content\\\/uploads\\\/2023\\\/05\\\/logotextual1.jpg\",\"contentUrl\":\"https:\\\/\\\/diariotextual.com\\\/inicio\\\/wp-content\\\/uploads\\\/2023\\\/05\\\/logotextual1.jpg\",\"width\":516,\"height\":76,\"caption\":\"Diario Textual\"},\"image\":{\"@id\":\"https:\\\/\\\/diariotextual.com\\\/inicio\\\/#\\\/schema\\\/logo\\\/image\\\/\"},\"sameAs\":[\"https:\\\/\\\/www.facebook.com\\\/eltextual\",\"https:\\\/\\\/x.com\\\/eltextual\",\"http:\\\/\\\/www.instagram.com\\\/eltextual\"]},{\"@type\":\"Person\",\"@id\":\"https:\\\/\\\/diariotextual.com\\\/inicio\\\/#\\\/schema\\\/person\\\/418fc4093c33e86ed41562db3508f958\",\"name\":\"Diario1 Diario1\",\"image\":{\"@type\":\"ImageObject\",\"inLanguage\":\"es\",\"@id\":\"https:\\\/\\\/secure.gravatar.com\\\/avatar\\\/9167d280179c85bc18be67aa7eda765854300033af4896dd779b608640f2ef7a?s=96&d=mm&r=g\",\"url\":\"https:\\\/\\\/secure.gravatar.com\\\/avatar\\\/9167d280179c85bc18be67aa7eda765854300033af4896dd779b608640f2ef7a?s=96&d=mm&r=g\",\"contentUrl\":\"https:\\\/\\\/secure.gravatar.com\\\/avatar\\\/9167d280179c85bc18be67aa7eda765854300033af4896dd779b608640f2ef7a?s=96&d=mm&r=g\",\"caption\":\"Diario1 Diario1\"},\"url\":\"https:\\\/\\\/diariotextual.com\\\/inicio\\\/index.php\\\/author\\\/diario1\\\/\"}]}<\/script>\n<!-- \/ Yoast SEO plugin. -->","yoast_head_json":{"title":"\u201c\u00bfDel 1 al 10? 20\u201d: la declaraci\u00f3n de la manager de Colapinto que genera ilusi\u00f3n por su futuro en la F\u00f3rmula 1 - Diario Textual","robots":{"index":"index","follow":"follow","max-snippet":"max-snippet:-1","max-image-preview":"max-image-preview:large","max-video-preview":"max-video-preview:-1"},"canonical":"https:\/\/diariotextual.com\/inicio\/index.php\/2024\/11\/07\/del-1-al-10-20-la-declaracion-de-la-manager-de-colapinto-que-genera-ilusion-por-su-futuro-en-la-formula-1\/","og_locale":"es_ES","og_type":"article","og_title":"\u201c\u00bfDel 1 al 10? 20\u201d: la declaraci\u00f3n de la manager de Colapinto que genera ilusi\u00f3n por su futuro en la F\u00f3rmula 1 - Diario Textual","og_description":"La manager de Franco Colapinto, Mar\u00eda Catarineu, gener\u00f3 una gran ilusi\u00f3n entre sus fan\u00e1ticos al ser consultada sobre la posibilidad de que el argentino siga en la F\u00f3rmula 1 en&hellip;","og_url":"https:\/\/diariotextual.com\/inicio\/index.php\/2024\/11\/07\/del-1-al-10-20-la-declaracion-de-la-manager-de-colapinto-que-genera-ilusion-por-su-futuro-en-la-formula-1\/","og_site_name":"Diario Textual","article_publisher":"https:\/\/www.facebook.com\/eltextual","article_published_time":"2024-11-07T09:48:18+00:00","article_modified_time":"2024-11-07T11:43:50+00:00","og_image":[{"width":1195,"height":720,"url":"https:\/\/diariotextual.com\/inicio\/wp-content\/uploads\/2024\/08\/colapintofranco2024-9000.webp","type":"image\/webp"}],"author":"Diario1 Diario1","twitter_card":"summary_large_image","twitter_creator":"@eltextual","twitter_site":"@eltextual","twitter_misc":{"Escrito por":"Diario1 Diario1","Tiempo de lectura":"2 minutos"},"schema":{"@context":"https:\/\/schema.org","@graph":[{"@type":"Article","@id":"https:\/\/diariotextual.com\/inicio\/index.php\/2024\/11\/07\/del-1-al-10-20-la-declaracion-de-la-manager-de-colapinto-que-genera-ilusion-por-su-futuro-en-la-formula-1\/#article","isPartOf":{"@id":"https:\/\/diariotextual.com\/inicio\/index.php\/2024\/11\/07\/del-1-al-10-20-la-declaracion-de-la-manager-de-colapinto-que-genera-ilusion-por-su-futuro-en-la-formula-1\/"},"author":{"name":"Diario1 Diario1","@id":"https:\/\/diariotextual.com\/inicio\/#\/schema\/person\/418fc4093c33e86ed41562db3508f958"},"headline":"\u201c\u00bfDel 1 al 10? 20\u201d: la declaraci\u00f3n de la manager de Colapinto que genera ilusi\u00f3n por su futuro en la F\u00f3rmula 1","datePublished":"2024-11-07T09:48:18+00:00","dateModified":"2024-11-07T11:43:50+00:00","mainEntityOfPage":{"@id":"https:\/\/diariotextual.com\/inicio\/index.php\/2024\/11\/07\/del-1-al-10-20-la-declaracion-de-la-manager-de-colapinto-que-genera-ilusion-por-su-futuro-en-la-formula-1\/"},"wordCount":340,"publisher":{"@id":"https:\/\/diariotextual.com\/inicio\/#organization"},"image":{"@id":"https:\/\/diariotextual.com\/inicio\/index.php\/2024\/11\/07\/del-1-al-10-20-la-declaracion-de-la-manager-de-colapinto-que-genera-ilusion-por-su-futuro-en-la-formula-1\/#primaryimage"},"thumbnailUrl":"https:\/\/diariotextual.com\/inicio\/wp-content\/uploads\/2024\/08\/colapintofranco2024-9000.webp","articleSection":["A - ES NOTICIA (van abajo)","DEPORTES"],"inLanguage":"es"},{"@type":"WebPage","@id":"https:\/\/diariotextual.com\/inicio\/index.php\/2024\/11\/07\/del-1-al-10-20-la-declaracion-de-la-manager-de-colapinto-que-genera-ilusion-por-su-futuro-en-la-formula-1\/","url":"https:\/\/diariotextual.com\/inicio\/index.php\/2024\/11\/07\/del-1-al-10-20-la-declaracion-de-la-manager-de-colapinto-que-genera-ilusion-por-su-futuro-en-la-formula-1\/","name":"\u201c\u00bfDel 1 al 10? 20\u201d: la declaraci\u00f3n de la manager de Colapinto que genera ilusi\u00f3n por su futuro en la F\u00f3rmula 1 - Diario Textual","isPartOf":{"@id":"https:\/\/diariotextual.com\/inicio\/#website"},"primaryImageOfPage":{"@id":"https:\/\/diariotextual.com\/inicio\/index.php\/2024\/11\/07\/del-1-al-10-20-la-declaracion-de-la-manager-de-colapinto-que-genera-ilusion-por-su-futuro-en-la-formula-1\/#primaryimage"},"image":{"@id":"https:\/\/diariotextual.com\/inicio\/index.php\/2024\/11\/07\/del-1-al-10-20-la-declaracion-de-la-manager-de-colapinto-que-genera-ilusion-por-su-futuro-en-la-formula-1\/#primaryimage"},"thumbnailUrl":"https:\/\/diariotextual.com\/inicio\/wp-content\/uploads\/2024\/08\/colapintofranco2024-9000.webp","datePublished":"2024-11-07T09:48:18+00:00","dateModified":"2024-11-07T11:43:50+00:00","breadcrumb":{"@id":"https:\/\/diariotextual.com\/inicio\/index.php\/2024\/11\/07\/del-1-al-10-20-la-declaracion-de-la-manager-de-colapinto-que-genera-ilusion-por-su-futuro-en-la-formula-1\/#breadcrumb"},"inLanguage":"es","potentialAction":[{"@type":"ReadAction","target":["https:\/\/diariotextual.com\/inicio\/index.php\/2024\/11\/07\/del-1-al-10-20-la-declaracion-de-la-manager-de-colapinto-que-genera-ilusion-por-su-futuro-en-la-formula-1\/"]}]},{"@type":"ImageObject","inLanguage":"es","@id":"https:\/\/diariotextual.com\/inicio\/index.php\/2024\/11\/07\/del-1-al-10-20-la-declaracion-de-la-manager-de-colapinto-que-genera-ilusion-por-su-futuro-en-la-formula-1\/#primaryimage","url":"https:\/\/diariotextual.com\/inicio\/wp-content\/uploads\/2024\/08\/colapintofranco2024-9000.webp","contentUrl":"https:\/\/diariotextual.com\/inicio\/wp-content\/uploads\/2024\/08\/colapintofranco2024-9000.webp","width":1195,"height":720},{"@type":"BreadcrumbList","@id":"https:\/\/diariotextual.com\/inicio\/index.php\/2024\/11\/07\/del-1-al-10-20-la-declaracion-de-la-manager-de-colapinto-que-genera-ilusion-por-su-futuro-en-la-formula-1\/#breadcrumb","itemListElement":[{"@type":"ListItem","position":1,"name":"Portada","item":"https:\/\/diariotextual.com\/inicio\/"},{"@type":"ListItem","position":2,"name":"\u201c\u00bfDel 1 al 10? 20\u201d: la declaraci\u00f3n de la manager de Colapinto que genera ilusi\u00f3n por su futuro en la F\u00f3rmula 1"}]},{"@type":"WebSite","@id":"https:\/\/diariotextual.com\/inicio\/#website","url":"https:\/\/diariotextual.com\/inicio\/","name":"Diario Textual","description":"","publisher":{"@id":"https:\/\/diariotextual.com\/inicio\/#organization"},"potentialAction":[{"@type":"SearchAction","target":{"@type":"EntryPoint","urlTemplate":"https:\/\/diariotextual.com\/inicio\/?s={search_term_string}"},"query-input":{"@type":"PropertyValueSpecification","valueRequired":true,"valueName":"search_term_string"}}],"inLanguage":"es"},{"@type":"Organization","@id":"https:\/\/diariotextual.com\/inicio\/#organization","name":"Diario Textual","url":"https:\/\/diariotextual.com\/inicio\/","logo":{"@type":"ImageObject","inLanguage":"es","@id":"https:\/\/diariotextual.com\/inicio\/#\/schema\/logo\/image\/","url":"https:\/\/diariotextual.com\/inicio\/wp-content\/uploads\/2023\/05\/logotextual1.jpg","contentUrl":"https:\/\/diariotextual.com\/inicio\/wp-content\/uploads\/2023\/05\/logotextual1.jpg","width":516,"height":76,"caption":"Diario Textual"},"image":{"@id":"https:\/\/diariotextual.com\/inicio\/#\/schema\/logo\/image\/"},"sameAs":["https:\/\/www.facebook.com\/eltextual","https:\/\/x.com\/eltextual","http:\/\/www.instagram.com\/eltextual"]},{"@type":"Person","@id":"https:\/\/diariotextual.com\/inicio\/#\/schema\/person\/418fc4093c33e86ed41562db3508f958","name":"Diario1 Diario1","image":{"@type":"ImageObject","inLanguage":"es","@id":"https:\/\/secure.gravatar.com\/avatar\/9167d280179c85bc18be67aa7eda765854300033af4896dd779b608640f2ef7a?s=96&d=mm&r=g","url":"https:\/\/secure.gravatar.com\/avatar\/9167d280179c85bc18be67aa7eda765854300033af4896dd779b608640f2ef7a?s=96&d=mm&r=g","contentUrl":"https:\/\/secure.gravatar.com\/avatar\/9167d280179c85bc18be67aa7eda765854300033af4896dd779b608640f2ef7a?s=96&d=mm&r=g","caption":"Diario1 Diario1"},"url":"https:\/\/diariotextual.com\/inicio\/index.php\/author\/diario1\/"}]}},"_links":{"self":[{"href":"https:\/\/diariotextual.com\/inicio\/index.php\/wp-json\/wp\/v2\/posts\/280733","targetHints":{"allow":["GET"]}}],"collection":[{"href":"https:\/\/diariotextual.com\/inicio\/index.php\/wp-json\/wp\/v2\/posts"}],"about":[{"href":"https:\/\/diariotextual.com\/inicio\/index.php\/wp-json\/wp\/v2\/types\/post"}],"author":[{"embeddable":true,"href":"https:\/\/diariotextual.com\/inicio\/index.php\/wp-json\/wp\/v2\/users\/3"}],"replies":[{"embeddable":true,"href":"https:\/\/diariotextual.com\/inicio\/index.php\/wp-json\/wp\/v2\/comments?post=280733"}],"version-history":[{"count":1,"href":"https:\/\/diariotextual.com\/inicio\/index.php\/wp-json\/wp\/v2\/posts\/280733\/revisions"}],"predecessor-version":[{"id":280734,"href":"https:\/\/diariotextual.com\/inicio\/index.php\/wp-json\/wp\/v2\/posts\/280733\/revisions\/280734"}],"wp:featuredmedia":[{"embeddable":true,"href":"https:\/\/diariotextual.com\/inicio\/index.php\/wp-json\/wp\/v2\/media\/274077"}],"wp:attachment":[{"href":"https:\/\/diariotextual.com\/inicio\/index.php\/wp-json\/wp\/v2\/media?parent=280733"}],"wp:term":[{"taxonomy":"category","embeddable":true,"href":"https:\/\/diariotextual.com\/inicio\/index.php\/wp-json\/wp\/v2\/categories?post=280733"},{"taxonomy":"post_tag","embeddable":true,"href":"https:\/\/diariotextual.com\/inicio\/index.php\/wp-json\/wp\/v2\/tags?post=280733"}],"curies":[{"name":"wp","href":"https:\/\/api.w.org\/{rel}","templated":true}]}}