{"id":28081,"date":"2018-11-21T08:26:33","date_gmt":"2018-11-21T11:26:33","guid":{"rendered":"http:\/\/diariotextual.com\/inicio\/?p=28081"},"modified":"2018-11-21T20:52:20","modified_gmt":"2018-11-21T23:52:20","slug":"apurados-cronograma-electoral-se-reune-la-mesa-del-comite-provincia-la-ucr","status":"publish","type":"post","link":"https:\/\/diariotextual.com\/inicio\/index.php\/2018\/11\/21\/apurados-cronograma-electoral-se-reune-la-mesa-del-comite-provincia-la-ucr\/","title":{"rendered":"Apurados por el cronograma electoral, se re\u00fane la Mesa del Comit\u00e9 Provincia de la UCR"},"content":{"rendered":"<p>Los radicales est\u00e1n en apuros. Por eso, la <strong>Mesa del Comit\u00e9 Provincia de la UCR<\/strong> <strong>se reunir\u00e1 este mi\u00e9rcoles a las 19.30 en Santa Rosa<\/strong> para analizar los pasos a seguir, luego de que el Gobierno provincial revelara ayer el <a href=\"http:\/\/diariotextual.com\/inicio\/index.php\/2018\/11\/20\/las-elecciones-generales-la-pampa-seran-19-mayo\/\" target=\"_blank\" rel=\"noopener\"><strong>cronograma electoral del a\u00f1o pr\u00f3ximo.<\/strong><\/a> \u00abEsper\u00e1bamos que las elecciones fueran en junio. Pero al ser en mayo nos obliga a acelerar los tiempos\u00bb, dijo a Diario Textual el precandidato a gobernador Daniel Kroneberger.<\/p>\n<p>El martes, el Gobierno de Carlos Verna anunci\u00f3 el desdoblamiento de elecciones en La Pampa y dio a conocer el cronograma electoral: las internas ser\u00e1n el 17 de febrero y las elecciones generales el 19 de mayo.<\/p>\n<p><strong>Lo que m\u00e1s preocupa a los radicales es el 10 de diciembre, fecha en que vence el plazo para presentar alianzas. Y el partido debe resolver qu\u00e9 precandidato a gobernador presenta para competir en la interna de Cambiemos con Carlos Mac Allister (PRO).<\/strong> Son tres los postulantes: Juan Carlos Marino, Daniel Kroneberger y Francisco Torroba.<\/p>\n<p>Como no llegaron a un acuerdo, decidieron hacer una encuesta para que de all\u00ed salga el nombre del candidato radical. La propuesta fue hecha por la Convenci\u00f3n Provincial.<\/p>\n<p>&nbsp;<\/p>\n<blockquote class=\"wp-embedded-content\" data-secret=\"AhrtQmg7uD\"><p><a href=\"http:\/\/diariotextual.com\/inicio\/index.php\/2018\/11\/20\/elecciones-2019-las-trampas-deja-la-cuenta-regresiva\/\">Elecciones 2019: las trampas que deja la cuenta regresiva<\/a><\/p><\/blockquote>\n<p><iframe class=\"wp-embedded-content\" sandbox=\"allow-scripts\" security=\"restricted\" style=\"position: absolute; clip: rect(1px, 1px, 1px, 1px);\" src=\"http:\/\/diariotextual.com\/inicio\/index.php\/2018\/11\/20\/elecciones-2019-las-trampas-deja-la-cuenta-regresiva\/embed\/#?secret=AhrtQmg7uD\" data-secret=\"AhrtQmg7uD\" width=\"600\" height=\"338\" title=\"&#8220;Elecciones 2019: las trampas que deja la cuenta regresiva&#8221; &#8212; Diario Textual\" frameborder=\"0\" marginwidth=\"0\" marginheight=\"0\" scrolling=\"no\"><\/iframe><\/p>\n<p>&nbsp;<\/p>\n<p><strong>\u00abEl plazo para presentar el resultado de la encuesta era fin de mes. Estamos bien con eso\u00bb, dijo el precandidato Daniel Kroneberger.<\/strong><\/p>\n<p>\u00abLo que tenemos que acelerar son las fechas en que se reunir\u00e1 la Convenci\u00f3n, que creo podr\u00eda ser el s\u00e1bado 8 de diciembre\u00bb, propuso el dirigente.<\/p>\n<p><strong>\u00abEl anuncio del Gobierno no complica, pero s\u00ed acelera los tiempos y el trabajo en las localidades. Ten\u00edamos otra fecha tentativa para las elecciones que era junio\u00bb<\/strong>, dijo.<\/p>\n<p>\u00abPara resolver estas cuestiones y fundamentalmente ponerle fecha a la Convenci\u00f3n esta noche nos vamos a reunir con la Mesa del Comit\u00e9 Provincia\u00bb, agreg\u00f3 Kroneberger.<\/p>\n<p>&nbsp;<\/p>\n","protected":false},"excerpt":{"rendered":"<p>Los radicales est\u00e1n en apuros. Por eso, la Mesa del Comit\u00e9 Provincia de la UCR se reunir\u00e1 este mi\u00e9rcoles a las 19.30 en Santa Rosa para analizar los pasos a&hellip;<\/p>\n","protected":false},"author":7,"featured_media":25133,"comment_status":"closed","ping_status":"open","sticky":false,"template":"","format":"standard","meta":{"_acf_changed":false,"footnotes":""},"categories":[319,8],"tags":[],"class_list":["post-28081","post","type-post","status-publish","format-standard","has-post-thumbnail","hentry","category-a-temporales","category-politica"],"acf":[],"yoast_head":"<!-- This site is optimized with the Yoast SEO plugin v27.5 - https:\/\/yoast.com\/product\/yoast-seo-wordpress\/ -->\n<title>Apurados por el cronograma electoral, se re\u00fane la Mesa del Comit\u00e9 Provincia de la UCR - Diario Textual<\/title>\n<meta name=\"robots\" content=\"index, follow, max-snippet:-1, max-image-preview:large, max-video-preview:-1\" \/>\n<link rel=\"canonical\" href=\"https:\/\/diariotextual.com\/inicio\/index.php\/2018\/11\/21\/apurados-cronograma-electoral-se-reune-la-mesa-del-comite-provincia-la-ucr\/\" \/>\n<meta property=\"og:locale\" content=\"es_ES\" \/>\n<meta property=\"og:type\" content=\"article\" \/>\n<meta property=\"og:title\" content=\"Apurados por el cronograma electoral, se re\u00fane la Mesa del Comit\u00e9 Provincia de la UCR - Diario Textual\" \/>\n<meta property=\"og:description\" content=\"Los radicales est\u00e1n en apuros. Por eso, la Mesa del Comit\u00e9 Provincia de la UCR se reunir\u00e1 este mi\u00e9rcoles a las 19.30 en Santa Rosa para analizar los pasos a&hellip;\" \/>\n<meta property=\"og:url\" content=\"https:\/\/diariotextual.com\/inicio\/index.php\/2018\/11\/21\/apurados-cronograma-electoral-se-reune-la-mesa-del-comite-provincia-la-ucr\/\" \/>\n<meta property=\"og:site_name\" content=\"Diario Textual\" \/>\n<meta property=\"article:publisher\" content=\"https:\/\/www.facebook.com\/eltextual\" \/>\n<meta property=\"article:published_time\" content=\"2018-11-21T11:26:33+00:00\" \/>\n<meta property=\"article:modified_time\" content=\"2018-11-21T23:52:20+00:00\" \/>\n<meta property=\"og:image\" content=\"https:\/\/diariotextual.com\/inicio\/wp-content\/uploads\/2018\/10\/ucrconvencionprovincial2018-3.jpg\" \/>\n\t<meta property=\"og:image:width\" content=\"1100\" \/>\n\t<meta property=\"og:image:height\" content=\"678\" \/>\n\t<meta property=\"og:image:type\" content=\"image\/jpeg\" \/>\n<meta name=\"author\" content=\"diario5\" \/>\n<meta name=\"twitter:card\" content=\"summary_large_image\" \/>\n<meta name=\"twitter:creator\" content=\"@eltextual\" \/>\n<meta name=\"twitter:site\" content=\"@eltextual\" \/>\n<meta name=\"twitter:label1\" content=\"Escrito por\" \/>\n\t<meta name=\"twitter:data1\" content=\"diario5\" \/>\n\t<meta name=\"twitter:label2\" content=\"Tiempo de lectura\" \/>\n\t<meta name=\"twitter:data2\" content=\"2 minutos\" \/>\n<script type=\"application\/ld+json\" class=\"yoast-schema-graph\">{\"@context\":\"https:\\\/\\\/schema.org\",\"@graph\":[{\"@type\":\"Article\",\"@id\":\"https:\\\/\\\/diariotextual.com\\\/inicio\\\/index.php\\\/2018\\\/11\\\/21\\\/apurados-cronograma-electoral-se-reune-la-mesa-del-comite-provincia-la-ucr\\\/#article\",\"isPartOf\":{\"@id\":\"https:\\\/\\\/diariotextual.com\\\/inicio\\\/index.php\\\/2018\\\/11\\\/21\\\/apurados-cronograma-electoral-se-reune-la-mesa-del-comite-provincia-la-ucr\\\/\"},\"author\":{\"name\":\"diario5\",\"@id\":\"https:\\\/\\\/diariotextual.com\\\/inicio\\\/#\\\/schema\\\/person\\\/c7834961ad8b29b1d9cdbf4571299067\"},\"headline\":\"Apurados por el cronograma electoral, se re\u00fane la Mesa del Comit\u00e9 Provincia de la UCR\",\"datePublished\":\"2018-11-21T11:26:33+00:00\",\"dateModified\":\"2018-11-21T23:52:20+00:00\",\"mainEntityOfPage\":{\"@id\":\"https:\\\/\\\/diariotextual.com\\\/inicio\\\/index.php\\\/2018\\\/11\\\/21\\\/apurados-cronograma-electoral-se-reune-la-mesa-del-comite-provincia-la-ucr\\\/\"},\"wordCount\":329,\"publisher\":{\"@id\":\"https:\\\/\\\/diariotextual.com\\\/inicio\\\/#organization\"},\"image\":{\"@id\":\"https:\\\/\\\/diariotextual.com\\\/inicio\\\/index.php\\\/2018\\\/11\\\/21\\\/apurados-cronograma-electoral-se-reune-la-mesa-del-comite-provincia-la-ucr\\\/#primaryimage\"},\"thumbnailUrl\":\"https:\\\/\\\/diariotextual.com\\\/inicio\\\/wp-content\\\/uploads\\\/2018\\\/10\\\/ucrconvencionprovincial2018-3.jpg\",\"articleSection\":[\"A - TEMPORALES\",\"POLITICA\"],\"inLanguage\":\"es\"},{\"@type\":\"WebPage\",\"@id\":\"https:\\\/\\\/diariotextual.com\\\/inicio\\\/index.php\\\/2018\\\/11\\\/21\\\/apurados-cronograma-electoral-se-reune-la-mesa-del-comite-provincia-la-ucr\\\/\",\"url\":\"https:\\\/\\\/diariotextual.com\\\/inicio\\\/index.php\\\/2018\\\/11\\\/21\\\/apurados-cronograma-electoral-se-reune-la-mesa-del-comite-provincia-la-ucr\\\/\",\"name\":\"Apurados por el cronograma electoral, se re\u00fane la Mesa del Comit\u00e9 Provincia de la UCR - Diario Textual\",\"isPartOf\":{\"@id\":\"https:\\\/\\\/diariotextual.com\\\/inicio\\\/#website\"},\"primaryImageOfPage\":{\"@id\":\"https:\\\/\\\/diariotextual.com\\\/inicio\\\/index.php\\\/2018\\\/11\\\/21\\\/apurados-cronograma-electoral-se-reune-la-mesa-del-comite-provincia-la-ucr\\\/#primaryimage\"},\"image\":{\"@id\":\"https:\\\/\\\/diariotextual.com\\\/inicio\\\/index.php\\\/2018\\\/11\\\/21\\\/apurados-cronograma-electoral-se-reune-la-mesa-del-comite-provincia-la-ucr\\\/#primaryimage\"},\"thumbnailUrl\":\"https:\\\/\\\/diariotextual.com\\\/inicio\\\/wp-content\\\/uploads\\\/2018\\\/10\\\/ucrconvencionprovincial2018-3.jpg\",\"datePublished\":\"2018-11-21T11:26:33+00:00\",\"dateModified\":\"2018-11-21T23:52:20+00:00\",\"breadcrumb\":{\"@id\":\"https:\\\/\\\/diariotextual.com\\\/inicio\\\/index.php\\\/2018\\\/11\\\/21\\\/apurados-cronograma-electoral-se-reune-la-mesa-del-comite-provincia-la-ucr\\\/#breadcrumb\"},\"inLanguage\":\"es\",\"potentialAction\":[{\"@type\":\"ReadAction\",\"target\":[\"https:\\\/\\\/diariotextual.com\\\/inicio\\\/index.php\\\/2018\\\/11\\\/21\\\/apurados-cronograma-electoral-se-reune-la-mesa-del-comite-provincia-la-ucr\\\/\"]}]},{\"@type\":\"ImageObject\",\"inLanguage\":\"es\",\"@id\":\"https:\\\/\\\/diariotextual.com\\\/inicio\\\/index.php\\\/2018\\\/11\\\/21\\\/apurados-cronograma-electoral-se-reune-la-mesa-del-comite-provincia-la-ucr\\\/#primaryimage\",\"url\":\"https:\\\/\\\/diariotextual.com\\\/inicio\\\/wp-content\\\/uploads\\\/2018\\\/10\\\/ucrconvencionprovincial2018-3.jpg\",\"contentUrl\":\"https:\\\/\\\/diariotextual.com\\\/inicio\\\/wp-content\\\/uploads\\\/2018\\\/10\\\/ucrconvencionprovincial2018-3.jpg\",\"width\":1100,\"height\":678},{\"@type\":\"BreadcrumbList\",\"@id\":\"https:\\\/\\\/diariotextual.com\\\/inicio\\\/index.php\\\/2018\\\/11\\\/21\\\/apurados-cronograma-electoral-se-reune-la-mesa-del-comite-provincia-la-ucr\\\/#breadcrumb\",\"itemListElement\":[{\"@type\":\"ListItem\",\"position\":1,\"name\":\"Portada\",\"item\":\"https:\\\/\\\/diariotextual.com\\\/inicio\\\/\"},{\"@type\":\"ListItem\",\"position\":2,\"name\":\"Apurados por el cronograma electoral, se re\u00fane la Mesa del Comit\u00e9 Provincia de la UCR\"}]},{\"@type\":\"WebSite\",\"@id\":\"https:\\\/\\\/diariotextual.com\\\/inicio\\\/#website\",\"url\":\"https:\\\/\\\/diariotextual.com\\\/inicio\\\/\",\"name\":\"Diario Textual\",\"description\":\"\",\"publisher\":{\"@id\":\"https:\\\/\\\/diariotextual.com\\\/inicio\\\/#organization\"},\"potentialAction\":[{\"@type\":\"SearchAction\",\"target\":{\"@type\":\"EntryPoint\",\"urlTemplate\":\"https:\\\/\\\/diariotextual.com\\\/inicio\\\/?s={search_term_string}\"},\"query-input\":{\"@type\":\"PropertyValueSpecification\",\"valueRequired\":true,\"valueName\":\"search_term_string\"}}],\"inLanguage\":\"es\"},{\"@type\":\"Organization\",\"@id\":\"https:\\\/\\\/diariotextual.com\\\/inicio\\\/#organization\",\"name\":\"Diario Textual\",\"url\":\"https:\\\/\\\/diariotextual.com\\\/inicio\\\/\",\"logo\":{\"@type\":\"ImageObject\",\"inLanguage\":\"es\",\"@id\":\"https:\\\/\\\/diariotextual.com\\\/inicio\\\/#\\\/schema\\\/logo\\\/image\\\/\",\"url\":\"https:\\\/\\\/diariotextual.com\\\/inicio\\\/wp-content\\\/uploads\\\/2023\\\/05\\\/logotextual1.jpg\",\"contentUrl\":\"https:\\\/\\\/diariotextual.com\\\/inicio\\\/wp-content\\\/uploads\\\/2023\\\/05\\\/logotextual1.jpg\",\"width\":516,\"height\":76,\"caption\":\"Diario Textual\"},\"image\":{\"@id\":\"https:\\\/\\\/diariotextual.com\\\/inicio\\\/#\\\/schema\\\/logo\\\/image\\\/\"},\"sameAs\":[\"https:\\\/\\\/www.facebook.com\\\/eltextual\",\"https:\\\/\\\/x.com\\\/eltextual\",\"http:\\\/\\\/www.instagram.com\\\/eltextual\"]},{\"@type\":\"Person\",\"@id\":\"https:\\\/\\\/diariotextual.com\\\/inicio\\\/#\\\/schema\\\/person\\\/c7834961ad8b29b1d9cdbf4571299067\",\"name\":\"diario5\",\"image\":{\"@type\":\"ImageObject\",\"inLanguage\":\"es\",\"@id\":\"https:\\\/\\\/secure.gravatar.com\\\/avatar\\\/948c893b847ca6df68216ead81b63f363408ec9b0f600fefc0641ce78613b111?s=96&d=mm&r=g\",\"url\":\"https:\\\/\\\/secure.gravatar.com\\\/avatar\\\/948c893b847ca6df68216ead81b63f363408ec9b0f600fefc0641ce78613b111?s=96&d=mm&r=g\",\"contentUrl\":\"https:\\\/\\\/secure.gravatar.com\\\/avatar\\\/948c893b847ca6df68216ead81b63f363408ec9b0f600fefc0641ce78613b111?s=96&d=mm&r=g\",\"caption\":\"diario5\"},\"url\":\"https:\\\/\\\/diariotextual.com\\\/inicio\\\/index.php\\\/author\\\/diario5\\\/\"}]}<\/script>\n<!-- \/ Yoast SEO plugin. -->","yoast_head_json":{"title":"Apurados por el cronograma electoral, se re\u00fane la Mesa del Comit\u00e9 Provincia de la UCR - Diario Textual","robots":{"index":"index","follow":"follow","max-snippet":"max-snippet:-1","max-image-preview":"max-image-preview:large","max-video-preview":"max-video-preview:-1"},"canonical":"https:\/\/diariotextual.com\/inicio\/index.php\/2018\/11\/21\/apurados-cronograma-electoral-se-reune-la-mesa-del-comite-provincia-la-ucr\/","og_locale":"es_ES","og_type":"article","og_title":"Apurados por el cronograma electoral, se re\u00fane la Mesa del Comit\u00e9 Provincia de la UCR - Diario Textual","og_description":"Los radicales est\u00e1n en apuros. Por eso, la Mesa del Comit\u00e9 Provincia de la UCR se reunir\u00e1 este mi\u00e9rcoles a las 19.30 en Santa Rosa para analizar los pasos a&hellip;","og_url":"https:\/\/diariotextual.com\/inicio\/index.php\/2018\/11\/21\/apurados-cronograma-electoral-se-reune-la-mesa-del-comite-provincia-la-ucr\/","og_site_name":"Diario Textual","article_publisher":"https:\/\/www.facebook.com\/eltextual","article_published_time":"2018-11-21T11:26:33+00:00","article_modified_time":"2018-11-21T23:52:20+00:00","og_image":[{"width":1100,"height":678,"url":"https:\/\/diariotextual.com\/inicio\/wp-content\/uploads\/2018\/10\/ucrconvencionprovincial2018-3.jpg","type":"image\/jpeg"}],"author":"diario5","twitter_card":"summary_large_image","twitter_creator":"@eltextual","twitter_site":"@eltextual","twitter_misc":{"Escrito por":"diario5","Tiempo de lectura":"2 minutos"},"schema":{"@context":"https:\/\/schema.org","@graph":[{"@type":"Article","@id":"https:\/\/diariotextual.com\/inicio\/index.php\/2018\/11\/21\/apurados-cronograma-electoral-se-reune-la-mesa-del-comite-provincia-la-ucr\/#article","isPartOf":{"@id":"https:\/\/diariotextual.com\/inicio\/index.php\/2018\/11\/21\/apurados-cronograma-electoral-se-reune-la-mesa-del-comite-provincia-la-ucr\/"},"author":{"name":"diario5","@id":"https:\/\/diariotextual.com\/inicio\/#\/schema\/person\/c7834961ad8b29b1d9cdbf4571299067"},"headline":"Apurados por el cronograma electoral, se re\u00fane la Mesa del Comit\u00e9 Provincia de la UCR","datePublished":"2018-11-21T11:26:33+00:00","dateModified":"2018-11-21T23:52:20+00:00","mainEntityOfPage":{"@id":"https:\/\/diariotextual.com\/inicio\/index.php\/2018\/11\/21\/apurados-cronograma-electoral-se-reune-la-mesa-del-comite-provincia-la-ucr\/"},"wordCount":329,"publisher":{"@id":"https:\/\/diariotextual.com\/inicio\/#organization"},"image":{"@id":"https:\/\/diariotextual.com\/inicio\/index.php\/2018\/11\/21\/apurados-cronograma-electoral-se-reune-la-mesa-del-comite-provincia-la-ucr\/#primaryimage"},"thumbnailUrl":"https:\/\/diariotextual.com\/inicio\/wp-content\/uploads\/2018\/10\/ucrconvencionprovincial2018-3.jpg","articleSection":["A - TEMPORALES","POLITICA"],"inLanguage":"es"},{"@type":"WebPage","@id":"https:\/\/diariotextual.com\/inicio\/index.php\/2018\/11\/21\/apurados-cronograma-electoral-se-reune-la-mesa-del-comite-provincia-la-ucr\/","url":"https:\/\/diariotextual.com\/inicio\/index.php\/2018\/11\/21\/apurados-cronograma-electoral-se-reune-la-mesa-del-comite-provincia-la-ucr\/","name":"Apurados por el cronograma electoral, se re\u00fane la Mesa del Comit\u00e9 Provincia de la UCR - Diario Textual","isPartOf":{"@id":"https:\/\/diariotextual.com\/inicio\/#website"},"primaryImageOfPage":{"@id":"https:\/\/diariotextual.com\/inicio\/index.php\/2018\/11\/21\/apurados-cronograma-electoral-se-reune-la-mesa-del-comite-provincia-la-ucr\/#primaryimage"},"image":{"@id":"https:\/\/diariotextual.com\/inicio\/index.php\/2018\/11\/21\/apurados-cronograma-electoral-se-reune-la-mesa-del-comite-provincia-la-ucr\/#primaryimage"},"thumbnailUrl":"https:\/\/diariotextual.com\/inicio\/wp-content\/uploads\/2018\/10\/ucrconvencionprovincial2018-3.jpg","datePublished":"2018-11-21T11:26:33+00:00","dateModified":"2018-11-21T23:52:20+00:00","breadcrumb":{"@id":"https:\/\/diariotextual.com\/inicio\/index.php\/2018\/11\/21\/apurados-cronograma-electoral-se-reune-la-mesa-del-comite-provincia-la-ucr\/#breadcrumb"},"inLanguage":"es","potentialAction":[{"@type":"ReadAction","target":["https:\/\/diariotextual.com\/inicio\/index.php\/2018\/11\/21\/apurados-cronograma-electoral-se-reune-la-mesa-del-comite-provincia-la-ucr\/"]}]},{"@type":"ImageObject","inLanguage":"es","@id":"https:\/\/diariotextual.com\/inicio\/index.php\/2018\/11\/21\/apurados-cronograma-electoral-se-reune-la-mesa-del-comite-provincia-la-ucr\/#primaryimage","url":"https:\/\/diariotextual.com\/inicio\/wp-content\/uploads\/2018\/10\/ucrconvencionprovincial2018-3.jpg","contentUrl":"https:\/\/diariotextual.com\/inicio\/wp-content\/uploads\/2018\/10\/ucrconvencionprovincial2018-3.jpg","width":1100,"height":678},{"@type":"BreadcrumbList","@id":"https:\/\/diariotextual.com\/inicio\/index.php\/2018\/11\/21\/apurados-cronograma-electoral-se-reune-la-mesa-del-comite-provincia-la-ucr\/#breadcrumb","itemListElement":[{"@type":"ListItem","position":1,"name":"Portada","item":"https:\/\/diariotextual.com\/inicio\/"},{"@type":"ListItem","position":2,"name":"Apurados por el cronograma electoral, se re\u00fane la Mesa del Comit\u00e9 Provincia de la UCR"}]},{"@type":"WebSite","@id":"https:\/\/diariotextual.com\/inicio\/#website","url":"https:\/\/diariotextual.com\/inicio\/","name":"Diario Textual","description":"","publisher":{"@id":"https:\/\/diariotextual.com\/inicio\/#organization"},"potentialAction":[{"@type":"SearchAction","target":{"@type":"EntryPoint","urlTemplate":"https:\/\/diariotextual.com\/inicio\/?s={search_term_string}"},"query-input":{"@type":"PropertyValueSpecification","valueRequired":true,"valueName":"search_term_string"}}],"inLanguage":"es"},{"@type":"Organization","@id":"https:\/\/diariotextual.com\/inicio\/#organization","name":"Diario Textual","url":"https:\/\/diariotextual.com\/inicio\/","logo":{"@type":"ImageObject","inLanguage":"es","@id":"https:\/\/diariotextual.com\/inicio\/#\/schema\/logo\/image\/","url":"https:\/\/diariotextual.com\/inicio\/wp-content\/uploads\/2023\/05\/logotextual1.jpg","contentUrl":"https:\/\/diariotextual.com\/inicio\/wp-content\/uploads\/2023\/05\/logotextual1.jpg","width":516,"height":76,"caption":"Diario Textual"},"image":{"@id":"https:\/\/diariotextual.com\/inicio\/#\/schema\/logo\/image\/"},"sameAs":["https:\/\/www.facebook.com\/eltextual","https:\/\/x.com\/eltextual","http:\/\/www.instagram.com\/eltextual"]},{"@type":"Person","@id":"https:\/\/diariotextual.com\/inicio\/#\/schema\/person\/c7834961ad8b29b1d9cdbf4571299067","name":"diario5","image":{"@type":"ImageObject","inLanguage":"es","@id":"https:\/\/secure.gravatar.com\/avatar\/948c893b847ca6df68216ead81b63f363408ec9b0f600fefc0641ce78613b111?s=96&d=mm&r=g","url":"https:\/\/secure.gravatar.com\/avatar\/948c893b847ca6df68216ead81b63f363408ec9b0f600fefc0641ce78613b111?s=96&d=mm&r=g","contentUrl":"https:\/\/secure.gravatar.com\/avatar\/948c893b847ca6df68216ead81b63f363408ec9b0f600fefc0641ce78613b111?s=96&d=mm&r=g","caption":"diario5"},"url":"https:\/\/diariotextual.com\/inicio\/index.php\/author\/diario5\/"}]}},"_links":{"self":[{"href":"https:\/\/diariotextual.com\/inicio\/index.php\/wp-json\/wp\/v2\/posts\/28081","targetHints":{"allow":["GET"]}}],"collection":[{"href":"https:\/\/diariotextual.com\/inicio\/index.php\/wp-json\/wp\/v2\/posts"}],"about":[{"href":"https:\/\/diariotextual.com\/inicio\/index.php\/wp-json\/wp\/v2\/types\/post"}],"author":[{"embeddable":true,"href":"https:\/\/diariotextual.com\/inicio\/index.php\/wp-json\/wp\/v2\/users\/7"}],"replies":[{"embeddable":true,"href":"https:\/\/diariotextual.com\/inicio\/index.php\/wp-json\/wp\/v2\/comments?post=28081"}],"version-history":[{"count":4,"href":"https:\/\/diariotextual.com\/inicio\/index.php\/wp-json\/wp\/v2\/posts\/28081\/revisions"}],"predecessor-version":[{"id":28095,"href":"https:\/\/diariotextual.com\/inicio\/index.php\/wp-json\/wp\/v2\/posts\/28081\/revisions\/28095"}],"wp:featuredmedia":[{"embeddable":true,"href":"https:\/\/diariotextual.com\/inicio\/index.php\/wp-json\/wp\/v2\/media\/25133"}],"wp:attachment":[{"href":"https:\/\/diariotextual.com\/inicio\/index.php\/wp-json\/wp\/v2\/media?parent=28081"}],"wp:term":[{"taxonomy":"category","embeddable":true,"href":"https:\/\/diariotextual.com\/inicio\/index.php\/wp-json\/wp\/v2\/categories?post=28081"},{"taxonomy":"post_tag","embeddable":true,"href":"https:\/\/diariotextual.com\/inicio\/index.php\/wp-json\/wp\/v2\/tags?post=28081"}],"curies":[{"name":"wp","href":"https:\/\/api.w.org\/{rel}","templated":true}]}}