{"id":28083,"date":"2018-11-21T08:19:07","date_gmt":"2018-11-21T11:19:07","guid":{"rendered":"http:\/\/diariotextual.com\/inicio\/?p=28083"},"modified":"2018-11-21T10:02:23","modified_gmt":"2018-11-21T13:02:23","slug":"secuestraron-una-chica-15-anos-flores-murio-asfixiada","status":"publish","type":"post","link":"https:\/\/diariotextual.com\/inicio\/index.php\/2018\/11\/21\/secuestraron-una-chica-15-anos-flores-murio-asfixiada\/","title":{"rendered":"Secuestraron una chica de 15 a\u00f1os en Flores y muri\u00f3 asfixiada"},"content":{"rendered":"<div class=\"row pb-content-type-text\">\n<div class=\"col-xs-12 col-print-12\">\n<p class=\"element element-paragraph\">Una\u00a0<strong>adolescente de 15 a\u00f1os que hab\u00eda sido secuestrada ayer<\/strong>\u00a0en el barrio porte\u00f1o de Flores fue\u00a0<strong>hallada muerta<\/strong>\u00a0en el asiento trasero de un\u00a0Fiat Duna rojo que fue interceptado por la Polic\u00eda Bonaerense en Ituzaing\u00f3 en un control caminero:\u00a0<strong>ten\u00eda un cintur\u00f3n en el cuello\u00a0<\/strong>seg\u00fan aseguraron fuentes de la investigaci\u00f3n a<strong>Infobae.<\/strong><\/p>\n<\/div>\n<\/div>\n<div class=\"row pb-content-type-text\">\n<div class=\"col-xs-12 col-print-12\">\n<p class=\"element element-paragraph\">De acuerdo a la pista que investiga la\u00a0<strong>divisi\u00f3n Antisecuestros de la Polic\u00eda Federal y la Fiscal\u00eda Federal N\u00b012 a cargo de la doctora Alejandra M\u00e1ngano<\/strong>, la joven, vecina de la Villa 1-11-14 e hija de una pareja de nacionalidad peruana -su madre tiene un puesto de ropa en una galer\u00eda y su padre se dedica a la compraventa de autos usados- fue<strong>\u00a0secuestrada a las 17:30 del del martes cuando sal\u00eda de un colegio secundario ubicado en la intersecci\u00f3n de las calles Jos\u00e9 Bonifacio y Carabobo.<\/strong><\/p>\n<\/div>\n<\/div>\n<div class=\"row pb-content-type-text\">\n<div class=\"col-xs-12 col-print-12\">\n<p class=\"element element-paragraph\">De acuerdo a relatos originados en el colegio, la menor\u00a0<strong>se habr\u00eda subido por su propia voluntad\u00a0al veh\u00edculo de sus captores, public\u00f3 Infobae.<\/strong><\/p>\n<div class=\"row pb-content-type-text\">\n<div class=\"col-xs-12 col-print-12\">\n<p class=\"element element-paragraph\">Inmediatamente, su mam\u00e1\u00a0<strong>realiz\u00f3 la denuncia en la ex Comisar\u00eda N\u00b040<\/strong>\u00a0y dijo que recibi\u00f3 un llamado telef\u00f3nico de la menor. Del otro lado de la l\u00ednea escuchaba a su hija llorar: un hombre le pidi\u00f3\u00a0<strong>$30 mil y coca\u00edna para liberarla.\u00a0<\/strong><\/p>\n<\/div>\n<\/div>\n<div class=\"row pb-content-type-text\">\n<div class=\"col-xs-12 col-print-12\">\n<p class=\"element element-paragraph\">Entonces se promovi\u00f3 una consulta con la Fiscal\u00eda Federal N\u00b012 y se dispuso la intervenci\u00f3n de la divisi\u00f3n Antisecuestros de la PFA, que\u00a0<strong>monitore\u00f3 el pago del rescate<\/strong>\u00a0que se realiz\u00f3 durante la madrugada en la zona oeste.<\/p>\n<\/div>\n<\/div>\n<div class=\"row pb-content-type-text\">\n<div class=\"col-xs-12 col-print-12\">\n<p class=\"element element-paragraph\">La Polic\u00eda\u00a0<strong>persigui\u00f3 el\u00a0Duna del \u00abcobrador\u00bb y detuvo a los dos delincuentes que estaban en su interior en Ituzaing\u00f3,<\/strong>\u00a0ambos son de nacionalidad argentina.\u00a0Lo particular del caso es que la joven se encontraba en el asiento de atr\u00e1s,\u00a0maniatada y sin signos vitales, con el cintur\u00f3n en el cuello.<\/p>\n<\/div>\n<\/div>\n<div class=\"row pb-content-type-text\">\n<div class=\"col-xs-12 col-print-12\">\n<p class=\"element element-paragraph\">El hallazgo contradice la mec\u00e1nica usual del delito: en los casos de secuestros extorsivos comunes en el Acceso Oeste\u00a0<strong>no es habitual que la v\u00edctima sea trasladada al lugar del pago del rescate.\u00a0<\/strong><\/p>\n<\/div>\n<\/div>\n<div class=\"row pb-content-type-text\">\n<div class=\"col-xs-12 col-print-12\">\n<p class=\"element element-paragraph\">Investigadores del caso apuntan que se incautaron\u00a0<strong>un bid\u00f3n de nafta, una pistola 9 mm, dinero y precintos para maniatar.<\/strong><\/p>\n<\/div>\n<\/div>\n<div class=\"row pb-content-type-text\">\n<div class=\"col-xs-12 col-print-12\">\n<p class=\"element element-paragraph\">El cuerpo de la menor\u00a0 mientras tanto, fue<strong>\u00a0trasladado a la Morgue Judicial en la calle Viamonte<\/strong>\u00a0para que se le practique la autopsia.<\/p>\n<p>&nbsp;<\/p>\n<\/div>\n<\/div>\n<\/div>\n<p>&nbsp;<\/p>\n<\/div>\n","protected":false},"excerpt":{"rendered":"<p>Una\u00a0adolescente de 15 a\u00f1os que hab\u00eda sido secuestrada ayer\u00a0en el barrio porte\u00f1o de Flores fue\u00a0hallada muerta\u00a0en el asiento trasero de un\u00a0Fiat Duna rojo que fue interceptado por la Polic\u00eda Bonaerense&hellip;<\/p>\n","protected":false},"author":3,"featured_media":28085,"comment_status":"closed","ping_status":"open","sticky":false,"template":"","format":"standard","meta":{"_acf_changed":false,"footnotes":""},"categories":[4,11,12],"tags":[],"class_list":["post-28083","post","type-post","status-publish","format-standard","has-post-thumbnail","hentry","category-destacadas","category-que-pasa","category-sociedad"],"acf":[],"yoast_head":"<!-- This site is optimized with the Yoast SEO plugin v27.5 - https:\/\/yoast.com\/product\/yoast-seo-wordpress\/ -->\n<title>Secuestraron una chica de 15 a\u00f1os en Flores y muri\u00f3 asfixiada - Diario Textual<\/title>\n<meta name=\"robots\" content=\"index, follow, max-snippet:-1, max-image-preview:large, max-video-preview:-1\" \/>\n<link rel=\"canonical\" href=\"https:\/\/diariotextual.com\/inicio\/index.php\/2018\/11\/21\/secuestraron-una-chica-15-anos-flores-murio-asfixiada\/\" \/>\n<meta property=\"og:locale\" content=\"es_ES\" \/>\n<meta property=\"og:type\" content=\"article\" \/>\n<meta property=\"og:title\" content=\"Secuestraron una chica de 15 a\u00f1os en Flores y muri\u00f3 asfixiada - Diario Textual\" \/>\n<meta property=\"og:description\" content=\"Una\u00a0adolescente de 15 a\u00f1os que hab\u00eda sido secuestrada ayer\u00a0en el barrio porte\u00f1o de Flores fue\u00a0hallada muerta\u00a0en el asiento trasero de un\u00a0Fiat Duna rojo que fue interceptado por la Polic\u00eda Bonaerense&hellip;\" \/>\n<meta property=\"og:url\" content=\"https:\/\/diariotextual.com\/inicio\/index.php\/2018\/11\/21\/secuestraron-una-chica-15-anos-flores-murio-asfixiada\/\" \/>\n<meta property=\"og:site_name\" content=\"Diario Textual\" \/>\n<meta property=\"article:publisher\" content=\"https:\/\/www.facebook.com\/eltextual\" \/>\n<meta property=\"article:published_time\" content=\"2018-11-21T11:19:07+00:00\" \/>\n<meta property=\"article:modified_time\" content=\"2018-11-21T13:02:23+00:00\" \/>\n<meta property=\"og:image\" content=\"https:\/\/diariotextual.com\/inicio\/wp-content\/uploads\/2018\/11\/secuestroflores2018-1.jpg\" \/>\n\t<meta property=\"og:image:width\" content=\"621\" \/>\n\t<meta property=\"og:image:height\" content=\"374\" \/>\n\t<meta property=\"og:image:type\" content=\"image\/jpeg\" \/>\n<meta name=\"author\" content=\"Diario1 Diario1\" \/>\n<meta name=\"twitter:card\" content=\"summary_large_image\" \/>\n<meta name=\"twitter:creator\" content=\"@eltextual\" \/>\n<meta name=\"twitter:site\" content=\"@eltextual\" \/>\n<meta name=\"twitter:label1\" content=\"Escrito por\" \/>\n\t<meta name=\"twitter:data1\" content=\"Diario1 Diario1\" \/>\n\t<meta name=\"twitter:label2\" content=\"Tiempo de lectura\" \/>\n\t<meta name=\"twitter:data2\" content=\"2 minutos\" \/>\n<script type=\"application\/ld+json\" class=\"yoast-schema-graph\">{\"@context\":\"https:\\\/\\\/schema.org\",\"@graph\":[{\"@type\":\"Article\",\"@id\":\"https:\\\/\\\/diariotextual.com\\\/inicio\\\/index.php\\\/2018\\\/11\\\/21\\\/secuestraron-una-chica-15-anos-flores-murio-asfixiada\\\/#article\",\"isPartOf\":{\"@id\":\"https:\\\/\\\/diariotextual.com\\\/inicio\\\/index.php\\\/2018\\\/11\\\/21\\\/secuestraron-una-chica-15-anos-flores-murio-asfixiada\\\/\"},\"author\":{\"name\":\"Diario1 Diario1\",\"@id\":\"https:\\\/\\\/diariotextual.com\\\/inicio\\\/#\\\/schema\\\/person\\\/418fc4093c33e86ed41562db3508f958\"},\"headline\":\"Secuestraron una chica de 15 a\u00f1os en Flores y muri\u00f3 asfixiada\",\"datePublished\":\"2018-11-21T11:19:07+00:00\",\"dateModified\":\"2018-11-21T13:02:23+00:00\",\"mainEntityOfPage\":{\"@id\":\"https:\\\/\\\/diariotextual.com\\\/inicio\\\/index.php\\\/2018\\\/11\\\/21\\\/secuestraron-una-chica-15-anos-flores-murio-asfixiada\\\/\"},\"wordCount\":413,\"publisher\":{\"@id\":\"https:\\\/\\\/diariotextual.com\\\/inicio\\\/#organization\"},\"image\":{\"@id\":\"https:\\\/\\\/diariotextual.com\\\/inicio\\\/index.php\\\/2018\\\/11\\\/21\\\/secuestraron-una-chica-15-anos-flores-murio-asfixiada\\\/#primaryimage\"},\"thumbnailUrl\":\"https:\\\/\\\/diariotextual.com\\\/inicio\\\/wp-content\\\/uploads\\\/2018\\\/11\\\/secuestroflores2018-1.jpg\",\"articleSection\":[\"A - DESTACADAS (mod 16)\",\"A - QUE PASA (al costado)\",\"SOCIEDAD\"],\"inLanguage\":\"es\"},{\"@type\":\"WebPage\",\"@id\":\"https:\\\/\\\/diariotextual.com\\\/inicio\\\/index.php\\\/2018\\\/11\\\/21\\\/secuestraron-una-chica-15-anos-flores-murio-asfixiada\\\/\",\"url\":\"https:\\\/\\\/diariotextual.com\\\/inicio\\\/index.php\\\/2018\\\/11\\\/21\\\/secuestraron-una-chica-15-anos-flores-murio-asfixiada\\\/\",\"name\":\"Secuestraron una chica de 15 a\u00f1os en Flores y muri\u00f3 asfixiada - Diario Textual\",\"isPartOf\":{\"@id\":\"https:\\\/\\\/diariotextual.com\\\/inicio\\\/#website\"},\"primaryImageOfPage\":{\"@id\":\"https:\\\/\\\/diariotextual.com\\\/inicio\\\/index.php\\\/2018\\\/11\\\/21\\\/secuestraron-una-chica-15-anos-flores-murio-asfixiada\\\/#primaryimage\"},\"image\":{\"@id\":\"https:\\\/\\\/diariotextual.com\\\/inicio\\\/index.php\\\/2018\\\/11\\\/21\\\/secuestraron-una-chica-15-anos-flores-murio-asfixiada\\\/#primaryimage\"},\"thumbnailUrl\":\"https:\\\/\\\/diariotextual.com\\\/inicio\\\/wp-content\\\/uploads\\\/2018\\\/11\\\/secuestroflores2018-1.jpg\",\"datePublished\":\"2018-11-21T11:19:07+00:00\",\"dateModified\":\"2018-11-21T13:02:23+00:00\",\"breadcrumb\":{\"@id\":\"https:\\\/\\\/diariotextual.com\\\/inicio\\\/index.php\\\/2018\\\/11\\\/21\\\/secuestraron-una-chica-15-anos-flores-murio-asfixiada\\\/#breadcrumb\"},\"inLanguage\":\"es\",\"potentialAction\":[{\"@type\":\"ReadAction\",\"target\":[\"https:\\\/\\\/diariotextual.com\\\/inicio\\\/index.php\\\/2018\\\/11\\\/21\\\/secuestraron-una-chica-15-anos-flores-murio-asfixiada\\\/\"]}]},{\"@type\":\"ImageObject\",\"inLanguage\":\"es\",\"@id\":\"https:\\\/\\\/diariotextual.com\\\/inicio\\\/index.php\\\/2018\\\/11\\\/21\\\/secuestraron-una-chica-15-anos-flores-murio-asfixiada\\\/#primaryimage\",\"url\":\"https:\\\/\\\/diariotextual.com\\\/inicio\\\/wp-content\\\/uploads\\\/2018\\\/11\\\/secuestroflores2018-1.jpg\",\"contentUrl\":\"https:\\\/\\\/diariotextual.com\\\/inicio\\\/wp-content\\\/uploads\\\/2018\\\/11\\\/secuestroflores2018-1.jpg\",\"width\":621,\"height\":374},{\"@type\":\"BreadcrumbList\",\"@id\":\"https:\\\/\\\/diariotextual.com\\\/inicio\\\/index.php\\\/2018\\\/11\\\/21\\\/secuestraron-una-chica-15-anos-flores-murio-asfixiada\\\/#breadcrumb\",\"itemListElement\":[{\"@type\":\"ListItem\",\"position\":1,\"name\":\"Portada\",\"item\":\"https:\\\/\\\/diariotextual.com\\\/inicio\\\/\"},{\"@type\":\"ListItem\",\"position\":2,\"name\":\"Secuestraron una chica de 15 a\u00f1os en Flores y muri\u00f3 asfixiada\"}]},{\"@type\":\"WebSite\",\"@id\":\"https:\\\/\\\/diariotextual.com\\\/inicio\\\/#website\",\"url\":\"https:\\\/\\\/diariotextual.com\\\/inicio\\\/\",\"name\":\"Diario Textual\",\"description\":\"\",\"publisher\":{\"@id\":\"https:\\\/\\\/diariotextual.com\\\/inicio\\\/#organization\"},\"potentialAction\":[{\"@type\":\"SearchAction\",\"target\":{\"@type\":\"EntryPoint\",\"urlTemplate\":\"https:\\\/\\\/diariotextual.com\\\/inicio\\\/?s={search_term_string}\"},\"query-input\":{\"@type\":\"PropertyValueSpecification\",\"valueRequired\":true,\"valueName\":\"search_term_string\"}}],\"inLanguage\":\"es\"},{\"@type\":\"Organization\",\"@id\":\"https:\\\/\\\/diariotextual.com\\\/inicio\\\/#organization\",\"name\":\"Diario Textual\",\"url\":\"https:\\\/\\\/diariotextual.com\\\/inicio\\\/\",\"logo\":{\"@type\":\"ImageObject\",\"inLanguage\":\"es\",\"@id\":\"https:\\\/\\\/diariotextual.com\\\/inicio\\\/#\\\/schema\\\/logo\\\/image\\\/\",\"url\":\"https:\\\/\\\/diariotextual.com\\\/inicio\\\/wp-content\\\/uploads\\\/2023\\\/05\\\/logotextual1.jpg\",\"contentUrl\":\"https:\\\/\\\/diariotextual.com\\\/inicio\\\/wp-content\\\/uploads\\\/2023\\\/05\\\/logotextual1.jpg\",\"width\":516,\"height\":76,\"caption\":\"Diario Textual\"},\"image\":{\"@id\":\"https:\\\/\\\/diariotextual.com\\\/inicio\\\/#\\\/schema\\\/logo\\\/image\\\/\"},\"sameAs\":[\"https:\\\/\\\/www.facebook.com\\\/eltextual\",\"https:\\\/\\\/x.com\\\/eltextual\",\"http:\\\/\\\/www.instagram.com\\\/eltextual\"]},{\"@type\":\"Person\",\"@id\":\"https:\\\/\\\/diariotextual.com\\\/inicio\\\/#\\\/schema\\\/person\\\/418fc4093c33e86ed41562db3508f958\",\"name\":\"Diario1 Diario1\",\"image\":{\"@type\":\"ImageObject\",\"inLanguage\":\"es\",\"@id\":\"https:\\\/\\\/secure.gravatar.com\\\/avatar\\\/9167d280179c85bc18be67aa7eda765854300033af4896dd779b608640f2ef7a?s=96&d=mm&r=g\",\"url\":\"https:\\\/\\\/secure.gravatar.com\\\/avatar\\\/9167d280179c85bc18be67aa7eda765854300033af4896dd779b608640f2ef7a?s=96&d=mm&r=g\",\"contentUrl\":\"https:\\\/\\\/secure.gravatar.com\\\/avatar\\\/9167d280179c85bc18be67aa7eda765854300033af4896dd779b608640f2ef7a?s=96&d=mm&r=g\",\"caption\":\"Diario1 Diario1\"},\"url\":\"https:\\\/\\\/diariotextual.com\\\/inicio\\\/index.php\\\/author\\\/diario1\\\/\"}]}<\/script>\n<!-- \/ Yoast SEO plugin. -->","yoast_head_json":{"title":"Secuestraron una chica de 15 a\u00f1os en Flores y muri\u00f3 asfixiada - Diario Textual","robots":{"index":"index","follow":"follow","max-snippet":"max-snippet:-1","max-image-preview":"max-image-preview:large","max-video-preview":"max-video-preview:-1"},"canonical":"https:\/\/diariotextual.com\/inicio\/index.php\/2018\/11\/21\/secuestraron-una-chica-15-anos-flores-murio-asfixiada\/","og_locale":"es_ES","og_type":"article","og_title":"Secuestraron una chica de 15 a\u00f1os en Flores y muri\u00f3 asfixiada - Diario Textual","og_description":"Una\u00a0adolescente de 15 a\u00f1os que hab\u00eda sido secuestrada ayer\u00a0en el barrio porte\u00f1o de Flores fue\u00a0hallada muerta\u00a0en el asiento trasero de un\u00a0Fiat Duna rojo que fue interceptado por la Polic\u00eda Bonaerense&hellip;","og_url":"https:\/\/diariotextual.com\/inicio\/index.php\/2018\/11\/21\/secuestraron-una-chica-15-anos-flores-murio-asfixiada\/","og_site_name":"Diario Textual","article_publisher":"https:\/\/www.facebook.com\/eltextual","article_published_time":"2018-11-21T11:19:07+00:00","article_modified_time":"2018-11-21T13:02:23+00:00","og_image":[{"width":621,"height":374,"url":"https:\/\/diariotextual.com\/inicio\/wp-content\/uploads\/2018\/11\/secuestroflores2018-1.jpg","type":"image\/jpeg"}],"author":"Diario1 Diario1","twitter_card":"summary_large_image","twitter_creator":"@eltextual","twitter_site":"@eltextual","twitter_misc":{"Escrito por":"Diario1 Diario1","Tiempo de lectura":"2 minutos"},"schema":{"@context":"https:\/\/schema.org","@graph":[{"@type":"Article","@id":"https:\/\/diariotextual.com\/inicio\/index.php\/2018\/11\/21\/secuestraron-una-chica-15-anos-flores-murio-asfixiada\/#article","isPartOf":{"@id":"https:\/\/diariotextual.com\/inicio\/index.php\/2018\/11\/21\/secuestraron-una-chica-15-anos-flores-murio-asfixiada\/"},"author":{"name":"Diario1 Diario1","@id":"https:\/\/diariotextual.com\/inicio\/#\/schema\/person\/418fc4093c33e86ed41562db3508f958"},"headline":"Secuestraron una chica de 15 a\u00f1os en Flores y muri\u00f3 asfixiada","datePublished":"2018-11-21T11:19:07+00:00","dateModified":"2018-11-21T13:02:23+00:00","mainEntityOfPage":{"@id":"https:\/\/diariotextual.com\/inicio\/index.php\/2018\/11\/21\/secuestraron-una-chica-15-anos-flores-murio-asfixiada\/"},"wordCount":413,"publisher":{"@id":"https:\/\/diariotextual.com\/inicio\/#organization"},"image":{"@id":"https:\/\/diariotextual.com\/inicio\/index.php\/2018\/11\/21\/secuestraron-una-chica-15-anos-flores-murio-asfixiada\/#primaryimage"},"thumbnailUrl":"https:\/\/diariotextual.com\/inicio\/wp-content\/uploads\/2018\/11\/secuestroflores2018-1.jpg","articleSection":["A - DESTACADAS (mod 16)","A - QUE PASA (al costado)","SOCIEDAD"],"inLanguage":"es"},{"@type":"WebPage","@id":"https:\/\/diariotextual.com\/inicio\/index.php\/2018\/11\/21\/secuestraron-una-chica-15-anos-flores-murio-asfixiada\/","url":"https:\/\/diariotextual.com\/inicio\/index.php\/2018\/11\/21\/secuestraron-una-chica-15-anos-flores-murio-asfixiada\/","name":"Secuestraron una chica de 15 a\u00f1os en Flores y muri\u00f3 asfixiada - Diario Textual","isPartOf":{"@id":"https:\/\/diariotextual.com\/inicio\/#website"},"primaryImageOfPage":{"@id":"https:\/\/diariotextual.com\/inicio\/index.php\/2018\/11\/21\/secuestraron-una-chica-15-anos-flores-murio-asfixiada\/#primaryimage"},"image":{"@id":"https:\/\/diariotextual.com\/inicio\/index.php\/2018\/11\/21\/secuestraron-una-chica-15-anos-flores-murio-asfixiada\/#primaryimage"},"thumbnailUrl":"https:\/\/diariotextual.com\/inicio\/wp-content\/uploads\/2018\/11\/secuestroflores2018-1.jpg","datePublished":"2018-11-21T11:19:07+00:00","dateModified":"2018-11-21T13:02:23+00:00","breadcrumb":{"@id":"https:\/\/diariotextual.com\/inicio\/index.php\/2018\/11\/21\/secuestraron-una-chica-15-anos-flores-murio-asfixiada\/#breadcrumb"},"inLanguage":"es","potentialAction":[{"@type":"ReadAction","target":["https:\/\/diariotextual.com\/inicio\/index.php\/2018\/11\/21\/secuestraron-una-chica-15-anos-flores-murio-asfixiada\/"]}]},{"@type":"ImageObject","inLanguage":"es","@id":"https:\/\/diariotextual.com\/inicio\/index.php\/2018\/11\/21\/secuestraron-una-chica-15-anos-flores-murio-asfixiada\/#primaryimage","url":"https:\/\/diariotextual.com\/inicio\/wp-content\/uploads\/2018\/11\/secuestroflores2018-1.jpg","contentUrl":"https:\/\/diariotextual.com\/inicio\/wp-content\/uploads\/2018\/11\/secuestroflores2018-1.jpg","width":621,"height":374},{"@type":"BreadcrumbList","@id":"https:\/\/diariotextual.com\/inicio\/index.php\/2018\/11\/21\/secuestraron-una-chica-15-anos-flores-murio-asfixiada\/#breadcrumb","itemListElement":[{"@type":"ListItem","position":1,"name":"Portada","item":"https:\/\/diariotextual.com\/inicio\/"},{"@type":"ListItem","position":2,"name":"Secuestraron una chica de 15 a\u00f1os en Flores y muri\u00f3 asfixiada"}]},{"@type":"WebSite","@id":"https:\/\/diariotextual.com\/inicio\/#website","url":"https:\/\/diariotextual.com\/inicio\/","name":"Diario Textual","description":"","publisher":{"@id":"https:\/\/diariotextual.com\/inicio\/#organization"},"potentialAction":[{"@type":"SearchAction","target":{"@type":"EntryPoint","urlTemplate":"https:\/\/diariotextual.com\/inicio\/?s={search_term_string}"},"query-input":{"@type":"PropertyValueSpecification","valueRequired":true,"valueName":"search_term_string"}}],"inLanguage":"es"},{"@type":"Organization","@id":"https:\/\/diariotextual.com\/inicio\/#organization","name":"Diario Textual","url":"https:\/\/diariotextual.com\/inicio\/","logo":{"@type":"ImageObject","inLanguage":"es","@id":"https:\/\/diariotextual.com\/inicio\/#\/schema\/logo\/image\/","url":"https:\/\/diariotextual.com\/inicio\/wp-content\/uploads\/2023\/05\/logotextual1.jpg","contentUrl":"https:\/\/diariotextual.com\/inicio\/wp-content\/uploads\/2023\/05\/logotextual1.jpg","width":516,"height":76,"caption":"Diario Textual"},"image":{"@id":"https:\/\/diariotextual.com\/inicio\/#\/schema\/logo\/image\/"},"sameAs":["https:\/\/www.facebook.com\/eltextual","https:\/\/x.com\/eltextual","http:\/\/www.instagram.com\/eltextual"]},{"@type":"Person","@id":"https:\/\/diariotextual.com\/inicio\/#\/schema\/person\/418fc4093c33e86ed41562db3508f958","name":"Diario1 Diario1","image":{"@type":"ImageObject","inLanguage":"es","@id":"https:\/\/secure.gravatar.com\/avatar\/9167d280179c85bc18be67aa7eda765854300033af4896dd779b608640f2ef7a?s=96&d=mm&r=g","url":"https:\/\/secure.gravatar.com\/avatar\/9167d280179c85bc18be67aa7eda765854300033af4896dd779b608640f2ef7a?s=96&d=mm&r=g","contentUrl":"https:\/\/secure.gravatar.com\/avatar\/9167d280179c85bc18be67aa7eda765854300033af4896dd779b608640f2ef7a?s=96&d=mm&r=g","caption":"Diario1 Diario1"},"url":"https:\/\/diariotextual.com\/inicio\/index.php\/author\/diario1\/"}]}},"_links":{"self":[{"href":"https:\/\/diariotextual.com\/inicio\/index.php\/wp-json\/wp\/v2\/posts\/28083","targetHints":{"allow":["GET"]}}],"collection":[{"href":"https:\/\/diariotextual.com\/inicio\/index.php\/wp-json\/wp\/v2\/posts"}],"about":[{"href":"https:\/\/diariotextual.com\/inicio\/index.php\/wp-json\/wp\/v2\/types\/post"}],"author":[{"embeddable":true,"href":"https:\/\/diariotextual.com\/inicio\/index.php\/wp-json\/wp\/v2\/users\/3"}],"replies":[{"embeddable":true,"href":"https:\/\/diariotextual.com\/inicio\/index.php\/wp-json\/wp\/v2\/comments?post=28083"}],"version-history":[{"count":1,"href":"https:\/\/diariotextual.com\/inicio\/index.php\/wp-json\/wp\/v2\/posts\/28083\/revisions"}],"predecessor-version":[{"id":28084,"href":"https:\/\/diariotextual.com\/inicio\/index.php\/wp-json\/wp\/v2\/posts\/28083\/revisions\/28084"}],"wp:featuredmedia":[{"embeddable":true,"href":"https:\/\/diariotextual.com\/inicio\/index.php\/wp-json\/wp\/v2\/media\/28085"}],"wp:attachment":[{"href":"https:\/\/diariotextual.com\/inicio\/index.php\/wp-json\/wp\/v2\/media?parent=28083"}],"wp:term":[{"taxonomy":"category","embeddable":true,"href":"https:\/\/diariotextual.com\/inicio\/index.php\/wp-json\/wp\/v2\/categories?post=28083"},{"taxonomy":"post_tag","embeddable":true,"href":"https:\/\/diariotextual.com\/inicio\/index.php\/wp-json\/wp\/v2\/tags?post=28083"}],"curies":[{"name":"wp","href":"https:\/\/api.w.org\/{rel}","templated":true}]}}