{"id":281278,"date":"2024-11-13T05:12:32","date_gmt":"2024-11-13T08:12:32","guid":{"rendered":"https:\/\/diariotextual.com\/inicio\/?p=281278"},"modified":"2024-11-13T09:42:08","modified_gmt":"2024-11-13T12:42:08","slug":"el-posible-retorno-de-la-formula-1-a-argentina-en-2027","status":"publish","type":"post","link":"https:\/\/diariotextual.com\/inicio\/index.php\/2024\/11\/13\/el-posible-retorno-de-la-formula-1-a-argentina-en-2027\/","title":{"rendered":"El posible retorno de la F\u00f3rmula 1 a Argentina en 2027"},"content":{"rendered":"\n<p>El secretario de Ambiente, Turismo y Deporte, Daniel Scioli, el presidente del Autom\u00f3vil Club Argentino (ACA), C\u00e9sar Carman, y el CEO de Formula One Management (FOM), Stefano Domenicali, tuvieron una reuni\u00f3n en la que habr\u00edan acordado que Argentina sea sede de un Gran Premio en 2027.<\/p>\n\n\n\n<p>Luego del conclave llevado a cabo durante el Gran Premio de Brasil del pasado 3 de noviembre, los miembros presentes en la misma habr\u00edan decidido comenzar a gestionar el posible retorno de la m\u00e1xima categor\u00eda del automovilismo.<\/p>\n\n\n\n<p>Asimismo, la pista elegida donde se desarrollar\u00eda el evento, ser\u00eda el Aut\u00f3dromo Oscar y Juan G\u00e1lvez de la Ciudad de Buenos Aires.<\/p>\n\n\n\n<p>Adem\u00e1s, el FOM envi\u00f3 un documento al ACA en el que detalla los pasos a seguir para la renovaci\u00f3n del aut\u00f3dromo al Grado 1, algo esencial para que la Federaci\u00f3n Internacional del Automovil (FIA) permita recibir a la F1.<\/p>\n\n\n\n<p>&nbsp;A su vez, Domenicali, quien presenci\u00f3 la \u00faltima carrera en el pa\u00eds en 1998, habr\u00eda indicado que \u201cel retorno es posible\u201d siempre y cuando el circuito cumpla con las exigencias de infraestructura y seguridad correspondientes.<\/p>\n\n\n\n<p>Por otro lado, el inter\u00e9s de empresas de sectores como petr\u00f3leo, tecnolog\u00eda y miner\u00eda ayudar\u00edan a respaldar econ\u00f3micamente el evento, dado que el Gobierno no estar\u00eda dispuesto a aportar dinero para que esto suceda, debido a la \u00e9poca de recortes y la situaci\u00f3n econ\u00f3mica que atraviesa el pa\u00eds.<\/p>\n\n\n\n<p>Dicha financiaci\u00f3n ser\u00eda fundamental, ya que el tributo anual rondar\u00eda los 40 millones de d\u00f3lares, con un posible contrato de tres a cinco a\u00f1os.<\/p>\n\n\n\n<p>En tanto, Carman asegur\u00f3 que Buenos Aires \u201cya se comprometi\u00f3 a llevar el aut\u00f3dromo a Grado 2\u201d, pero poder alcanzar el Grado 1, derivar\u00eda en mayores ajustes, que podr\u00edan ser costeados por medio de los sponsors.<\/p>\n\n\n\n<p>Toda esta movida se ve ampliamente influenciada por el inter\u00e9s que despert\u00f3 el piloto pilarense de F\u00f3rmula 1, Franco Colapinto, en el pueblo argentino, luego de sus recientes apariciones en la m\u00e1xima categor\u00eda del automovilismo a bordo del monoplaza de la escuder\u00eda brit\u00e1nica, Williams.<\/p>\n\n\n\n<p><\/p>\n","protected":false},"excerpt":{"rendered":"<p>El secretario de Ambiente, Turismo y Deporte, Daniel Scioli, el presidente del Autom\u00f3vil Club Argentino (ACA), C\u00e9sar Carman, y el CEO de Formula One Management (FOM), Stefano Domenicali, tuvieron una&hellip;<\/p>\n","protected":false},"author":3,"featured_media":279539,"comment_status":"closed","ping_status":"open","sticky":false,"template":"","format":"standard","meta":{"_acf_changed":false,"footnotes":""},"categories":[1,3],"tags":[],"class_list":["post-281278","post","type-post","status-publish","format-standard","has-post-thumbnail","hentry","category-es-noticia","category-deportes"],"acf":[],"yoast_head":"<!-- This site is optimized with the Yoast SEO plugin v27.5 - https:\/\/yoast.com\/product\/yoast-seo-wordpress\/ -->\n<title>El posible retorno de la F\u00f3rmula 1 a Argentina en 2027 - Diario Textual<\/title>\n<meta name=\"robots\" content=\"index, follow, max-snippet:-1, max-image-preview:large, max-video-preview:-1\" \/>\n<link rel=\"canonical\" href=\"https:\/\/diariotextual.com\/inicio\/index.php\/2024\/11\/13\/el-posible-retorno-de-la-formula-1-a-argentina-en-2027\/\" \/>\n<meta property=\"og:locale\" content=\"es_ES\" \/>\n<meta property=\"og:type\" content=\"article\" \/>\n<meta property=\"og:title\" content=\"El posible retorno de la F\u00f3rmula 1 a Argentina en 2027 - Diario Textual\" \/>\n<meta property=\"og:description\" content=\"El secretario de Ambiente, Turismo y Deporte, Daniel Scioli, el presidente del Autom\u00f3vil Club Argentino (ACA), C\u00e9sar Carman, y el CEO de Formula One Management (FOM), Stefano Domenicali, tuvieron una&hellip;\" \/>\n<meta property=\"og:url\" content=\"https:\/\/diariotextual.com\/inicio\/index.php\/2024\/11\/13\/el-posible-retorno-de-la-formula-1-a-argentina-en-2027\/\" \/>\n<meta property=\"og:site_name\" content=\"Diario Textual\" \/>\n<meta property=\"article:publisher\" content=\"https:\/\/www.facebook.com\/eltextual\" \/>\n<meta property=\"article:published_time\" content=\"2024-11-13T08:12:32+00:00\" \/>\n<meta property=\"article:modified_time\" content=\"2024-11-13T12:42:08+00:00\" \/>\n<meta property=\"og:image\" content=\"https:\/\/diariotextual.com\/inicio\/wp-content\/uploads\/2024\/10\/colapintofranco2024-008.jpg\" \/>\n\t<meta property=\"og:image:width\" content=\"680\" \/>\n\t<meta property=\"og:image:height\" content=\"454\" \/>\n\t<meta property=\"og:image:type\" content=\"image\/jpeg\" \/>\n<meta name=\"author\" content=\"Diario1 Diario1\" \/>\n<meta name=\"twitter:card\" content=\"summary_large_image\" \/>\n<meta name=\"twitter:creator\" content=\"@eltextual\" \/>\n<meta name=\"twitter:site\" content=\"@eltextual\" \/>\n<meta name=\"twitter:label1\" content=\"Escrito por\" \/>\n\t<meta name=\"twitter:data1\" content=\"Diario1 Diario1\" \/>\n\t<meta name=\"twitter:label2\" content=\"Tiempo de lectura\" \/>\n\t<meta name=\"twitter:data2\" content=\"2 minutos\" \/>\n<script type=\"application\/ld+json\" class=\"yoast-schema-graph\">{\"@context\":\"https:\\\/\\\/schema.org\",\"@graph\":[{\"@type\":\"Article\",\"@id\":\"https:\\\/\\\/diariotextual.com\\\/inicio\\\/index.php\\\/2024\\\/11\\\/13\\\/el-posible-retorno-de-la-formula-1-a-argentina-en-2027\\\/#article\",\"isPartOf\":{\"@id\":\"https:\\\/\\\/diariotextual.com\\\/inicio\\\/index.php\\\/2024\\\/11\\\/13\\\/el-posible-retorno-de-la-formula-1-a-argentina-en-2027\\\/\"},\"author\":{\"name\":\"Diario1 Diario1\",\"@id\":\"https:\\\/\\\/diariotextual.com\\\/inicio\\\/#\\\/schema\\\/person\\\/418fc4093c33e86ed41562db3508f958\"},\"headline\":\"El posible retorno de la F\u00f3rmula 1 a Argentina en 2027\",\"datePublished\":\"2024-11-13T08:12:32+00:00\",\"dateModified\":\"2024-11-13T12:42:08+00:00\",\"mainEntityOfPage\":{\"@id\":\"https:\\\/\\\/diariotextual.com\\\/inicio\\\/index.php\\\/2024\\\/11\\\/13\\\/el-posible-retorno-de-la-formula-1-a-argentina-en-2027\\\/\"},\"wordCount\":375,\"publisher\":{\"@id\":\"https:\\\/\\\/diariotextual.com\\\/inicio\\\/#organization\"},\"image\":{\"@id\":\"https:\\\/\\\/diariotextual.com\\\/inicio\\\/index.php\\\/2024\\\/11\\\/13\\\/el-posible-retorno-de-la-formula-1-a-argentina-en-2027\\\/#primaryimage\"},\"thumbnailUrl\":\"https:\\\/\\\/diariotextual.com\\\/inicio\\\/wp-content\\\/uploads\\\/2024\\\/10\\\/colapintofranco2024-008.jpg\",\"articleSection\":[\"A - ES NOTICIA (van abajo)\",\"DEPORTES\"],\"inLanguage\":\"es\"},{\"@type\":\"WebPage\",\"@id\":\"https:\\\/\\\/diariotextual.com\\\/inicio\\\/index.php\\\/2024\\\/11\\\/13\\\/el-posible-retorno-de-la-formula-1-a-argentina-en-2027\\\/\",\"url\":\"https:\\\/\\\/diariotextual.com\\\/inicio\\\/index.php\\\/2024\\\/11\\\/13\\\/el-posible-retorno-de-la-formula-1-a-argentina-en-2027\\\/\",\"name\":\"El posible retorno de la F\u00f3rmula 1 a Argentina en 2027 - Diario Textual\",\"isPartOf\":{\"@id\":\"https:\\\/\\\/diariotextual.com\\\/inicio\\\/#website\"},\"primaryImageOfPage\":{\"@id\":\"https:\\\/\\\/diariotextual.com\\\/inicio\\\/index.php\\\/2024\\\/11\\\/13\\\/el-posible-retorno-de-la-formula-1-a-argentina-en-2027\\\/#primaryimage\"},\"image\":{\"@id\":\"https:\\\/\\\/diariotextual.com\\\/inicio\\\/index.php\\\/2024\\\/11\\\/13\\\/el-posible-retorno-de-la-formula-1-a-argentina-en-2027\\\/#primaryimage\"},\"thumbnailUrl\":\"https:\\\/\\\/diariotextual.com\\\/inicio\\\/wp-content\\\/uploads\\\/2024\\\/10\\\/colapintofranco2024-008.jpg\",\"datePublished\":\"2024-11-13T08:12:32+00:00\",\"dateModified\":\"2024-11-13T12:42:08+00:00\",\"breadcrumb\":{\"@id\":\"https:\\\/\\\/diariotextual.com\\\/inicio\\\/index.php\\\/2024\\\/11\\\/13\\\/el-posible-retorno-de-la-formula-1-a-argentina-en-2027\\\/#breadcrumb\"},\"inLanguage\":\"es\",\"potentialAction\":[{\"@type\":\"ReadAction\",\"target\":[\"https:\\\/\\\/diariotextual.com\\\/inicio\\\/index.php\\\/2024\\\/11\\\/13\\\/el-posible-retorno-de-la-formula-1-a-argentina-en-2027\\\/\"]}]},{\"@type\":\"ImageObject\",\"inLanguage\":\"es\",\"@id\":\"https:\\\/\\\/diariotextual.com\\\/inicio\\\/index.php\\\/2024\\\/11\\\/13\\\/el-posible-retorno-de-la-formula-1-a-argentina-en-2027\\\/#primaryimage\",\"url\":\"https:\\\/\\\/diariotextual.com\\\/inicio\\\/wp-content\\\/uploads\\\/2024\\\/10\\\/colapintofranco2024-008.jpg\",\"contentUrl\":\"https:\\\/\\\/diariotextual.com\\\/inicio\\\/wp-content\\\/uploads\\\/2024\\\/10\\\/colapintofranco2024-008.jpg\",\"width\":680,\"height\":454},{\"@type\":\"BreadcrumbList\",\"@id\":\"https:\\\/\\\/diariotextual.com\\\/inicio\\\/index.php\\\/2024\\\/11\\\/13\\\/el-posible-retorno-de-la-formula-1-a-argentina-en-2027\\\/#breadcrumb\",\"itemListElement\":[{\"@type\":\"ListItem\",\"position\":1,\"name\":\"Portada\",\"item\":\"https:\\\/\\\/diariotextual.com\\\/inicio\\\/\"},{\"@type\":\"ListItem\",\"position\":2,\"name\":\"El posible retorno de la F\u00f3rmula 1 a Argentina en 2027\"}]},{\"@type\":\"WebSite\",\"@id\":\"https:\\\/\\\/diariotextual.com\\\/inicio\\\/#website\",\"url\":\"https:\\\/\\\/diariotextual.com\\\/inicio\\\/\",\"name\":\"Diario Textual\",\"description\":\"\",\"publisher\":{\"@id\":\"https:\\\/\\\/diariotextual.com\\\/inicio\\\/#organization\"},\"potentialAction\":[{\"@type\":\"SearchAction\",\"target\":{\"@type\":\"EntryPoint\",\"urlTemplate\":\"https:\\\/\\\/diariotextual.com\\\/inicio\\\/?s={search_term_string}\"},\"query-input\":{\"@type\":\"PropertyValueSpecification\",\"valueRequired\":true,\"valueName\":\"search_term_string\"}}],\"inLanguage\":\"es\"},{\"@type\":\"Organization\",\"@id\":\"https:\\\/\\\/diariotextual.com\\\/inicio\\\/#organization\",\"name\":\"Diario Textual\",\"url\":\"https:\\\/\\\/diariotextual.com\\\/inicio\\\/\",\"logo\":{\"@type\":\"ImageObject\",\"inLanguage\":\"es\",\"@id\":\"https:\\\/\\\/diariotextual.com\\\/inicio\\\/#\\\/schema\\\/logo\\\/image\\\/\",\"url\":\"https:\\\/\\\/diariotextual.com\\\/inicio\\\/wp-content\\\/uploads\\\/2023\\\/05\\\/logotextual1.jpg\",\"contentUrl\":\"https:\\\/\\\/diariotextual.com\\\/inicio\\\/wp-content\\\/uploads\\\/2023\\\/05\\\/logotextual1.jpg\",\"width\":516,\"height\":76,\"caption\":\"Diario Textual\"},\"image\":{\"@id\":\"https:\\\/\\\/diariotextual.com\\\/inicio\\\/#\\\/schema\\\/logo\\\/image\\\/\"},\"sameAs\":[\"https:\\\/\\\/www.facebook.com\\\/eltextual\",\"https:\\\/\\\/x.com\\\/eltextual\",\"http:\\\/\\\/www.instagram.com\\\/eltextual\"]},{\"@type\":\"Person\",\"@id\":\"https:\\\/\\\/diariotextual.com\\\/inicio\\\/#\\\/schema\\\/person\\\/418fc4093c33e86ed41562db3508f958\",\"name\":\"Diario1 Diario1\",\"image\":{\"@type\":\"ImageObject\",\"inLanguage\":\"es\",\"@id\":\"https:\\\/\\\/secure.gravatar.com\\\/avatar\\\/9167d280179c85bc18be67aa7eda765854300033af4896dd779b608640f2ef7a?s=96&d=mm&r=g\",\"url\":\"https:\\\/\\\/secure.gravatar.com\\\/avatar\\\/9167d280179c85bc18be67aa7eda765854300033af4896dd779b608640f2ef7a?s=96&d=mm&r=g\",\"contentUrl\":\"https:\\\/\\\/secure.gravatar.com\\\/avatar\\\/9167d280179c85bc18be67aa7eda765854300033af4896dd779b608640f2ef7a?s=96&d=mm&r=g\",\"caption\":\"Diario1 Diario1\"},\"url\":\"https:\\\/\\\/diariotextual.com\\\/inicio\\\/index.php\\\/author\\\/diario1\\\/\"}]}<\/script>\n<!-- \/ Yoast SEO plugin. -->","yoast_head_json":{"title":"El posible retorno de la F\u00f3rmula 1 a Argentina en 2027 - Diario Textual","robots":{"index":"index","follow":"follow","max-snippet":"max-snippet:-1","max-image-preview":"max-image-preview:large","max-video-preview":"max-video-preview:-1"},"canonical":"https:\/\/diariotextual.com\/inicio\/index.php\/2024\/11\/13\/el-posible-retorno-de-la-formula-1-a-argentina-en-2027\/","og_locale":"es_ES","og_type":"article","og_title":"El posible retorno de la F\u00f3rmula 1 a Argentina en 2027 - Diario Textual","og_description":"El secretario de Ambiente, Turismo y Deporte, Daniel Scioli, el presidente del Autom\u00f3vil Club Argentino (ACA), C\u00e9sar Carman, y el CEO de Formula One Management (FOM), Stefano Domenicali, tuvieron una&hellip;","og_url":"https:\/\/diariotextual.com\/inicio\/index.php\/2024\/11\/13\/el-posible-retorno-de-la-formula-1-a-argentina-en-2027\/","og_site_name":"Diario Textual","article_publisher":"https:\/\/www.facebook.com\/eltextual","article_published_time":"2024-11-13T08:12:32+00:00","article_modified_time":"2024-11-13T12:42:08+00:00","og_image":[{"width":680,"height":454,"url":"https:\/\/diariotextual.com\/inicio\/wp-content\/uploads\/2024\/10\/colapintofranco2024-008.jpg","type":"image\/jpeg"}],"author":"Diario1 Diario1","twitter_card":"summary_large_image","twitter_creator":"@eltextual","twitter_site":"@eltextual","twitter_misc":{"Escrito por":"Diario1 Diario1","Tiempo de lectura":"2 minutos"},"schema":{"@context":"https:\/\/schema.org","@graph":[{"@type":"Article","@id":"https:\/\/diariotextual.com\/inicio\/index.php\/2024\/11\/13\/el-posible-retorno-de-la-formula-1-a-argentina-en-2027\/#article","isPartOf":{"@id":"https:\/\/diariotextual.com\/inicio\/index.php\/2024\/11\/13\/el-posible-retorno-de-la-formula-1-a-argentina-en-2027\/"},"author":{"name":"Diario1 Diario1","@id":"https:\/\/diariotextual.com\/inicio\/#\/schema\/person\/418fc4093c33e86ed41562db3508f958"},"headline":"El posible retorno de la F\u00f3rmula 1 a Argentina en 2027","datePublished":"2024-11-13T08:12:32+00:00","dateModified":"2024-11-13T12:42:08+00:00","mainEntityOfPage":{"@id":"https:\/\/diariotextual.com\/inicio\/index.php\/2024\/11\/13\/el-posible-retorno-de-la-formula-1-a-argentina-en-2027\/"},"wordCount":375,"publisher":{"@id":"https:\/\/diariotextual.com\/inicio\/#organization"},"image":{"@id":"https:\/\/diariotextual.com\/inicio\/index.php\/2024\/11\/13\/el-posible-retorno-de-la-formula-1-a-argentina-en-2027\/#primaryimage"},"thumbnailUrl":"https:\/\/diariotextual.com\/inicio\/wp-content\/uploads\/2024\/10\/colapintofranco2024-008.jpg","articleSection":["A - ES NOTICIA (van abajo)","DEPORTES"],"inLanguage":"es"},{"@type":"WebPage","@id":"https:\/\/diariotextual.com\/inicio\/index.php\/2024\/11\/13\/el-posible-retorno-de-la-formula-1-a-argentina-en-2027\/","url":"https:\/\/diariotextual.com\/inicio\/index.php\/2024\/11\/13\/el-posible-retorno-de-la-formula-1-a-argentina-en-2027\/","name":"El posible retorno de la F\u00f3rmula 1 a Argentina en 2027 - Diario Textual","isPartOf":{"@id":"https:\/\/diariotextual.com\/inicio\/#website"},"primaryImageOfPage":{"@id":"https:\/\/diariotextual.com\/inicio\/index.php\/2024\/11\/13\/el-posible-retorno-de-la-formula-1-a-argentina-en-2027\/#primaryimage"},"image":{"@id":"https:\/\/diariotextual.com\/inicio\/index.php\/2024\/11\/13\/el-posible-retorno-de-la-formula-1-a-argentina-en-2027\/#primaryimage"},"thumbnailUrl":"https:\/\/diariotextual.com\/inicio\/wp-content\/uploads\/2024\/10\/colapintofranco2024-008.jpg","datePublished":"2024-11-13T08:12:32+00:00","dateModified":"2024-11-13T12:42:08+00:00","breadcrumb":{"@id":"https:\/\/diariotextual.com\/inicio\/index.php\/2024\/11\/13\/el-posible-retorno-de-la-formula-1-a-argentina-en-2027\/#breadcrumb"},"inLanguage":"es","potentialAction":[{"@type":"ReadAction","target":["https:\/\/diariotextual.com\/inicio\/index.php\/2024\/11\/13\/el-posible-retorno-de-la-formula-1-a-argentina-en-2027\/"]}]},{"@type":"ImageObject","inLanguage":"es","@id":"https:\/\/diariotextual.com\/inicio\/index.php\/2024\/11\/13\/el-posible-retorno-de-la-formula-1-a-argentina-en-2027\/#primaryimage","url":"https:\/\/diariotextual.com\/inicio\/wp-content\/uploads\/2024\/10\/colapintofranco2024-008.jpg","contentUrl":"https:\/\/diariotextual.com\/inicio\/wp-content\/uploads\/2024\/10\/colapintofranco2024-008.jpg","width":680,"height":454},{"@type":"BreadcrumbList","@id":"https:\/\/diariotextual.com\/inicio\/index.php\/2024\/11\/13\/el-posible-retorno-de-la-formula-1-a-argentina-en-2027\/#breadcrumb","itemListElement":[{"@type":"ListItem","position":1,"name":"Portada","item":"https:\/\/diariotextual.com\/inicio\/"},{"@type":"ListItem","position":2,"name":"El posible retorno de la F\u00f3rmula 1 a Argentina en 2027"}]},{"@type":"WebSite","@id":"https:\/\/diariotextual.com\/inicio\/#website","url":"https:\/\/diariotextual.com\/inicio\/","name":"Diario Textual","description":"","publisher":{"@id":"https:\/\/diariotextual.com\/inicio\/#organization"},"potentialAction":[{"@type":"SearchAction","target":{"@type":"EntryPoint","urlTemplate":"https:\/\/diariotextual.com\/inicio\/?s={search_term_string}"},"query-input":{"@type":"PropertyValueSpecification","valueRequired":true,"valueName":"search_term_string"}}],"inLanguage":"es"},{"@type":"Organization","@id":"https:\/\/diariotextual.com\/inicio\/#organization","name":"Diario Textual","url":"https:\/\/diariotextual.com\/inicio\/","logo":{"@type":"ImageObject","inLanguage":"es","@id":"https:\/\/diariotextual.com\/inicio\/#\/schema\/logo\/image\/","url":"https:\/\/diariotextual.com\/inicio\/wp-content\/uploads\/2023\/05\/logotextual1.jpg","contentUrl":"https:\/\/diariotextual.com\/inicio\/wp-content\/uploads\/2023\/05\/logotextual1.jpg","width":516,"height":76,"caption":"Diario Textual"},"image":{"@id":"https:\/\/diariotextual.com\/inicio\/#\/schema\/logo\/image\/"},"sameAs":["https:\/\/www.facebook.com\/eltextual","https:\/\/x.com\/eltextual","http:\/\/www.instagram.com\/eltextual"]},{"@type":"Person","@id":"https:\/\/diariotextual.com\/inicio\/#\/schema\/person\/418fc4093c33e86ed41562db3508f958","name":"Diario1 Diario1","image":{"@type":"ImageObject","inLanguage":"es","@id":"https:\/\/secure.gravatar.com\/avatar\/9167d280179c85bc18be67aa7eda765854300033af4896dd779b608640f2ef7a?s=96&d=mm&r=g","url":"https:\/\/secure.gravatar.com\/avatar\/9167d280179c85bc18be67aa7eda765854300033af4896dd779b608640f2ef7a?s=96&d=mm&r=g","contentUrl":"https:\/\/secure.gravatar.com\/avatar\/9167d280179c85bc18be67aa7eda765854300033af4896dd779b608640f2ef7a?s=96&d=mm&r=g","caption":"Diario1 Diario1"},"url":"https:\/\/diariotextual.com\/inicio\/index.php\/author\/diario1\/"}]}},"_links":{"self":[{"href":"https:\/\/diariotextual.com\/inicio\/index.php\/wp-json\/wp\/v2\/posts\/281278","targetHints":{"allow":["GET"]}}],"collection":[{"href":"https:\/\/diariotextual.com\/inicio\/index.php\/wp-json\/wp\/v2\/posts"}],"about":[{"href":"https:\/\/diariotextual.com\/inicio\/index.php\/wp-json\/wp\/v2\/types\/post"}],"author":[{"embeddable":true,"href":"https:\/\/diariotextual.com\/inicio\/index.php\/wp-json\/wp\/v2\/users\/3"}],"replies":[{"embeddable":true,"href":"https:\/\/diariotextual.com\/inicio\/index.php\/wp-json\/wp\/v2\/comments?post=281278"}],"version-history":[{"count":1,"href":"https:\/\/diariotextual.com\/inicio\/index.php\/wp-json\/wp\/v2\/posts\/281278\/revisions"}],"predecessor-version":[{"id":281279,"href":"https:\/\/diariotextual.com\/inicio\/index.php\/wp-json\/wp\/v2\/posts\/281278\/revisions\/281279"}],"wp:featuredmedia":[{"embeddable":true,"href":"https:\/\/diariotextual.com\/inicio\/index.php\/wp-json\/wp\/v2\/media\/279539"}],"wp:attachment":[{"href":"https:\/\/diariotextual.com\/inicio\/index.php\/wp-json\/wp\/v2\/media?parent=281278"}],"wp:term":[{"taxonomy":"category","embeddable":true,"href":"https:\/\/diariotextual.com\/inicio\/index.php\/wp-json\/wp\/v2\/categories?post=281278"},{"taxonomy":"post_tag","embeddable":true,"href":"https:\/\/diariotextual.com\/inicio\/index.php\/wp-json\/wp\/v2\/tags?post=281278"}],"curies":[{"name":"wp","href":"https:\/\/api.w.org\/{rel}","templated":true}]}}