{"id":28149,"date":"2018-11-21T13:55:16","date_gmt":"2018-11-21T16:55:16","guid":{"rendered":"http:\/\/diariotextual.com\/inicio\/?p=28149"},"modified":"2018-11-21T21:39:15","modified_gmt":"2018-11-22T00:39:15","slug":"verna-se-reunio-marin-la-formula-la-gobernacion-sera-vernismo-marinismo","status":"publish","type":"post","link":"https:\/\/diariotextual.com\/inicio\/index.php\/2018\/11\/21\/verna-se-reunio-marin-la-formula-la-gobernacion-sera-vernismo-marinismo\/","title":{"rendered":"Verna se reuni\u00f3 con Mar\u00edn: la f\u00f3rmula a la gobernaci\u00f3n ser\u00e1 para el vernismo y el marinismo"},"content":{"rendered":"<p>Se empiezan a definir los candidatos. En la ma\u00f1ana de este mi\u00e9rcoles, en su despacho,\u00a0\u00a0<strong>Carlos Verna<\/strong> recibi\u00f3 a\u00a0<strong>Rub\u00e9n Mar\u00edn <\/strong>para empezar a <strong>definir los nombres del PJ\u00a0<\/strong>para pelear la gobernaci\u00f3n del PJ.<\/p>\n<p><strong>Le comunic\u00f3 que pretende que la f\u00f3rmula sea encabezada por un vernista de la l\u00ednea Plural, acompa\u00f1ado por un vice de la marinista Convergencia,<\/strong>\u00a0dijeron fuentes cercanas a\u00a0<strong>Diario Textual<\/strong>. De esta manera quedar\u00eda<strong> afuera de los principales cargos la l\u00ednea Compromiso Peronista<\/strong>, que viene presionando para no seguir perdiendo espacio.<\/p>\n<p>Fuentes de<strong> Casa de Gobierno<\/strong> dijeron que el rumor al mediod\u00eda, entre los funcionarios, era que la f\u00f3rmula ser\u00eda <strong>Sergio Ziliotto &#8211; Mariano Fern\u00e1ndez<\/strong>.<\/p>\n<p>El gobernador le habr\u00eda comunicado a Mar\u00edn que pretende que el lugar de la vicegobernaci\u00f3n siga siendo ocupado por Fern\u00e1ndez. \u00abEs un hombre del ri\u00f1\u00f3n de Mar\u00edn. Y adem\u00e1s leal y respetuoso de Verna. <strong>No genera resquemores en el vernismo<\/strong>\u00ab, elucubraron ante una consulta de este diario.<\/p>\n<p>La decisi\u00f3n no habr\u00eda causado mayor sorpresa, pese a que Fern\u00e1ndez abrigaba la esperanza de encabezar la f\u00f3rmula. <strong>\u00abEn la Legislatura hay ambiente festivo\u00bb<\/strong>, solt\u00f3 un marinista.<\/p>\n<p>En Casa de Gobierno crece la versi\u00f3n de que el diputado nacional <strong>Sergio Ziliotto<\/strong> ser\u00e1 el hombre que pretender\u00e1 suceder a Verna.<\/p>\n<p>Ayer, el Gobierno anunci\u00f3 el desdoblamiento de elecciones en La Pampa y dio a conocer el cronograma electoral: las internas ser\u00e1n el 17 de febrero y las elecciones generales el 19 de mayo.<\/p>\n<p>Adem\u00e1s, estableci\u00f3 que el 10 de diciembre deber\u00e1n estar presentadas las alianzas o frentes electorales y el 20 de diciembre los nombres de los precandidatos y precandidatas.<\/p>\n<blockquote class=\"wp-embedded-content\" data-secret=\"IfcuYJZG72\"><p><a href=\"http:\/\/diariotextual.com\/inicio\/index.php\/2018\/11\/21\/apurados-cronograma-electoral-se-reune-la-mesa-del-comite-provincia-la-ucr\/\">Apurados por el cronograma electoral, se re\u00fane la Mesa del Comit\u00e9 Provincia de la UCR<\/a><\/p><\/blockquote>\n<p><iframe class=\"wp-embedded-content\" sandbox=\"allow-scripts\" security=\"restricted\" style=\"position: absolute; clip: rect(1px, 1px, 1px, 1px);\" src=\"http:\/\/diariotextual.com\/inicio\/index.php\/2018\/11\/21\/apurados-cronograma-electoral-se-reune-la-mesa-del-comite-provincia-la-ucr\/embed\/#?secret=IfcuYJZG72\" data-secret=\"IfcuYJZG72\" width=\"600\" height=\"338\" title=\"&#8220;Apurados por el cronograma electoral, se re\u00fane la Mesa del Comit\u00e9 Provincia de la UCR&#8221; &#8212; Diario Textual\" frameborder=\"0\" marginwidth=\"0\" marginheight=\"0\" scrolling=\"no\"><\/iframe><\/p>\n<p>&nbsp;<\/p>\n<p>&nbsp;<\/p>\n<p>&nbsp;<\/p>\n","protected":false},"excerpt":{"rendered":"<p>Se empiezan a definir los candidatos. En la ma\u00f1ana de este mi\u00e9rcoles, en su despacho,\u00a0\u00a0Carlos Verna recibi\u00f3 a\u00a0Rub\u00e9n Mar\u00edn para empezar a definir los nombres del PJ\u00a0para pelear la gobernaci\u00f3n&hellip;<\/p>\n","protected":false},"author":3,"featured_media":23979,"comment_status":"closed","ping_status":"open","sticky":false,"template":"","format":"standard","meta":{"_acf_changed":false,"footnotes":""},"categories":[11,319,8],"tags":[],"class_list":["post-28149","post","type-post","status-publish","format-standard","has-post-thumbnail","hentry","category-que-pasa","category-a-temporales","category-politica"],"acf":[],"yoast_head":"<!-- This site is optimized with the Yoast SEO plugin v27.5 - https:\/\/yoast.com\/product\/yoast-seo-wordpress\/ -->\n<title>Verna se reuni\u00f3 con Mar\u00edn: la f\u00f3rmula a la gobernaci\u00f3n ser\u00e1 para el vernismo y el marinismo - Diario Textual<\/title>\n<meta name=\"robots\" content=\"index, follow, max-snippet:-1, max-image-preview:large, max-video-preview:-1\" \/>\n<link rel=\"canonical\" href=\"https:\/\/diariotextual.com\/inicio\/index.php\/2018\/11\/21\/verna-se-reunio-marin-la-formula-la-gobernacion-sera-vernismo-marinismo\/\" \/>\n<meta property=\"og:locale\" content=\"es_ES\" \/>\n<meta property=\"og:type\" content=\"article\" \/>\n<meta property=\"og:title\" content=\"Verna se reuni\u00f3 con Mar\u00edn: la f\u00f3rmula a la gobernaci\u00f3n ser\u00e1 para el vernismo y el marinismo - Diario Textual\" \/>\n<meta property=\"og:description\" content=\"Se empiezan a definir los candidatos. En la ma\u00f1ana de este mi\u00e9rcoles, en su despacho,\u00a0\u00a0Carlos Verna recibi\u00f3 a\u00a0Rub\u00e9n Mar\u00edn para empezar a definir los nombres del PJ\u00a0para pelear la gobernaci\u00f3n&hellip;\" \/>\n<meta property=\"og:url\" content=\"https:\/\/diariotextual.com\/inicio\/index.php\/2018\/11\/21\/verna-se-reunio-marin-la-formula-la-gobernacion-sera-vernismo-marinismo\/\" \/>\n<meta property=\"og:site_name\" content=\"Diario Textual\" \/>\n<meta property=\"article:publisher\" content=\"https:\/\/www.facebook.com\/eltextual\" \/>\n<meta property=\"article:published_time\" content=\"2018-11-21T16:55:16+00:00\" \/>\n<meta property=\"article:modified_time\" content=\"2018-11-22T00:39:15+00:00\" \/>\n<meta property=\"og:image\" content=\"https:\/\/diariotextual.com\/inicio\/wp-content\/uploads\/2018\/10\/vernamarinengris35.jpg\" \/>\n\t<meta property=\"og:image:width\" content=\"932\" \/>\n\t<meta property=\"og:image:height\" content=\"644\" \/>\n\t<meta property=\"og:image:type\" content=\"image\/jpeg\" \/>\n<meta name=\"author\" content=\"Diario1 Diario1\" \/>\n<meta name=\"twitter:card\" content=\"summary_large_image\" \/>\n<meta name=\"twitter:creator\" content=\"@eltextual\" \/>\n<meta name=\"twitter:site\" content=\"@eltextual\" \/>\n<meta name=\"twitter:label1\" content=\"Escrito por\" \/>\n\t<meta name=\"twitter:data1\" content=\"Diario1 Diario1\" \/>\n\t<meta name=\"twitter:label2\" content=\"Tiempo de lectura\" \/>\n\t<meta name=\"twitter:data2\" content=\"2 minutos\" \/>\n<script type=\"application\/ld+json\" class=\"yoast-schema-graph\">{\"@context\":\"https:\\\/\\\/schema.org\",\"@graph\":[{\"@type\":\"Article\",\"@id\":\"https:\\\/\\\/diariotextual.com\\\/inicio\\\/index.php\\\/2018\\\/11\\\/21\\\/verna-se-reunio-marin-la-formula-la-gobernacion-sera-vernismo-marinismo\\\/#article\",\"isPartOf\":{\"@id\":\"https:\\\/\\\/diariotextual.com\\\/inicio\\\/index.php\\\/2018\\\/11\\\/21\\\/verna-se-reunio-marin-la-formula-la-gobernacion-sera-vernismo-marinismo\\\/\"},\"author\":{\"name\":\"Diario1 Diario1\",\"@id\":\"https:\\\/\\\/diariotextual.com\\\/inicio\\\/#\\\/schema\\\/person\\\/418fc4093c33e86ed41562db3508f958\"},\"headline\":\"Verna se reuni\u00f3 con Mar\u00edn: la f\u00f3rmula a la gobernaci\u00f3n ser\u00e1 para el vernismo y el marinismo\",\"datePublished\":\"2018-11-21T16:55:16+00:00\",\"dateModified\":\"2018-11-22T00:39:15+00:00\",\"mainEntityOfPage\":{\"@id\":\"https:\\\/\\\/diariotextual.com\\\/inicio\\\/index.php\\\/2018\\\/11\\\/21\\\/verna-se-reunio-marin-la-formula-la-gobernacion-sera-vernismo-marinismo\\\/\"},\"wordCount\":321,\"publisher\":{\"@id\":\"https:\\\/\\\/diariotextual.com\\\/inicio\\\/#organization\"},\"image\":{\"@id\":\"https:\\\/\\\/diariotextual.com\\\/inicio\\\/index.php\\\/2018\\\/11\\\/21\\\/verna-se-reunio-marin-la-formula-la-gobernacion-sera-vernismo-marinismo\\\/#primaryimage\"},\"thumbnailUrl\":\"https:\\\/\\\/diariotextual.com\\\/inicio\\\/wp-content\\\/uploads\\\/2018\\\/10\\\/vernamarinengris35.jpg\",\"articleSection\":[\"A - QUE PASA (al costado)\",\"A - TEMPORALES\",\"POLITICA\"],\"inLanguage\":\"es\"},{\"@type\":\"WebPage\",\"@id\":\"https:\\\/\\\/diariotextual.com\\\/inicio\\\/index.php\\\/2018\\\/11\\\/21\\\/verna-se-reunio-marin-la-formula-la-gobernacion-sera-vernismo-marinismo\\\/\",\"url\":\"https:\\\/\\\/diariotextual.com\\\/inicio\\\/index.php\\\/2018\\\/11\\\/21\\\/verna-se-reunio-marin-la-formula-la-gobernacion-sera-vernismo-marinismo\\\/\",\"name\":\"Verna se reuni\u00f3 con Mar\u00edn: la f\u00f3rmula a la gobernaci\u00f3n ser\u00e1 para el vernismo y el marinismo - Diario Textual\",\"isPartOf\":{\"@id\":\"https:\\\/\\\/diariotextual.com\\\/inicio\\\/#website\"},\"primaryImageOfPage\":{\"@id\":\"https:\\\/\\\/diariotextual.com\\\/inicio\\\/index.php\\\/2018\\\/11\\\/21\\\/verna-se-reunio-marin-la-formula-la-gobernacion-sera-vernismo-marinismo\\\/#primaryimage\"},\"image\":{\"@id\":\"https:\\\/\\\/diariotextual.com\\\/inicio\\\/index.php\\\/2018\\\/11\\\/21\\\/verna-se-reunio-marin-la-formula-la-gobernacion-sera-vernismo-marinismo\\\/#primaryimage\"},\"thumbnailUrl\":\"https:\\\/\\\/diariotextual.com\\\/inicio\\\/wp-content\\\/uploads\\\/2018\\\/10\\\/vernamarinengris35.jpg\",\"datePublished\":\"2018-11-21T16:55:16+00:00\",\"dateModified\":\"2018-11-22T00:39:15+00:00\",\"breadcrumb\":{\"@id\":\"https:\\\/\\\/diariotextual.com\\\/inicio\\\/index.php\\\/2018\\\/11\\\/21\\\/verna-se-reunio-marin-la-formula-la-gobernacion-sera-vernismo-marinismo\\\/#breadcrumb\"},\"inLanguage\":\"es\",\"potentialAction\":[{\"@type\":\"ReadAction\",\"target\":[\"https:\\\/\\\/diariotextual.com\\\/inicio\\\/index.php\\\/2018\\\/11\\\/21\\\/verna-se-reunio-marin-la-formula-la-gobernacion-sera-vernismo-marinismo\\\/\"]}]},{\"@type\":\"ImageObject\",\"inLanguage\":\"es\",\"@id\":\"https:\\\/\\\/diariotextual.com\\\/inicio\\\/index.php\\\/2018\\\/11\\\/21\\\/verna-se-reunio-marin-la-formula-la-gobernacion-sera-vernismo-marinismo\\\/#primaryimage\",\"url\":\"https:\\\/\\\/diariotextual.com\\\/inicio\\\/wp-content\\\/uploads\\\/2018\\\/10\\\/vernamarinengris35.jpg\",\"contentUrl\":\"https:\\\/\\\/diariotextual.com\\\/inicio\\\/wp-content\\\/uploads\\\/2018\\\/10\\\/vernamarinengris35.jpg\",\"width\":932,\"height\":644},{\"@type\":\"BreadcrumbList\",\"@id\":\"https:\\\/\\\/diariotextual.com\\\/inicio\\\/index.php\\\/2018\\\/11\\\/21\\\/verna-se-reunio-marin-la-formula-la-gobernacion-sera-vernismo-marinismo\\\/#breadcrumb\",\"itemListElement\":[{\"@type\":\"ListItem\",\"position\":1,\"name\":\"Portada\",\"item\":\"https:\\\/\\\/diariotextual.com\\\/inicio\\\/\"},{\"@type\":\"ListItem\",\"position\":2,\"name\":\"Verna se reuni\u00f3 con Mar\u00edn: la f\u00f3rmula a la gobernaci\u00f3n ser\u00e1 para el vernismo y el marinismo\"}]},{\"@type\":\"WebSite\",\"@id\":\"https:\\\/\\\/diariotextual.com\\\/inicio\\\/#website\",\"url\":\"https:\\\/\\\/diariotextual.com\\\/inicio\\\/\",\"name\":\"Diario Textual\",\"description\":\"\",\"publisher\":{\"@id\":\"https:\\\/\\\/diariotextual.com\\\/inicio\\\/#organization\"},\"potentialAction\":[{\"@type\":\"SearchAction\",\"target\":{\"@type\":\"EntryPoint\",\"urlTemplate\":\"https:\\\/\\\/diariotextual.com\\\/inicio\\\/?s={search_term_string}\"},\"query-input\":{\"@type\":\"PropertyValueSpecification\",\"valueRequired\":true,\"valueName\":\"search_term_string\"}}],\"inLanguage\":\"es\"},{\"@type\":\"Organization\",\"@id\":\"https:\\\/\\\/diariotextual.com\\\/inicio\\\/#organization\",\"name\":\"Diario Textual\",\"url\":\"https:\\\/\\\/diariotextual.com\\\/inicio\\\/\",\"logo\":{\"@type\":\"ImageObject\",\"inLanguage\":\"es\",\"@id\":\"https:\\\/\\\/diariotextual.com\\\/inicio\\\/#\\\/schema\\\/logo\\\/image\\\/\",\"url\":\"https:\\\/\\\/diariotextual.com\\\/inicio\\\/wp-content\\\/uploads\\\/2023\\\/05\\\/logotextual1.jpg\",\"contentUrl\":\"https:\\\/\\\/diariotextual.com\\\/inicio\\\/wp-content\\\/uploads\\\/2023\\\/05\\\/logotextual1.jpg\",\"width\":516,\"height\":76,\"caption\":\"Diario Textual\"},\"image\":{\"@id\":\"https:\\\/\\\/diariotextual.com\\\/inicio\\\/#\\\/schema\\\/logo\\\/image\\\/\"},\"sameAs\":[\"https:\\\/\\\/www.facebook.com\\\/eltextual\",\"https:\\\/\\\/x.com\\\/eltextual\",\"http:\\\/\\\/www.instagram.com\\\/eltextual\"]},{\"@type\":\"Person\",\"@id\":\"https:\\\/\\\/diariotextual.com\\\/inicio\\\/#\\\/schema\\\/person\\\/418fc4093c33e86ed41562db3508f958\",\"name\":\"Diario1 Diario1\",\"image\":{\"@type\":\"ImageObject\",\"inLanguage\":\"es\",\"@id\":\"https:\\\/\\\/secure.gravatar.com\\\/avatar\\\/9167d280179c85bc18be67aa7eda765854300033af4896dd779b608640f2ef7a?s=96&d=mm&r=g\",\"url\":\"https:\\\/\\\/secure.gravatar.com\\\/avatar\\\/9167d280179c85bc18be67aa7eda765854300033af4896dd779b608640f2ef7a?s=96&d=mm&r=g\",\"contentUrl\":\"https:\\\/\\\/secure.gravatar.com\\\/avatar\\\/9167d280179c85bc18be67aa7eda765854300033af4896dd779b608640f2ef7a?s=96&d=mm&r=g\",\"caption\":\"Diario1 Diario1\"},\"url\":\"https:\\\/\\\/diariotextual.com\\\/inicio\\\/index.php\\\/author\\\/diario1\\\/\"}]}<\/script>\n<!-- \/ Yoast SEO plugin. -->","yoast_head_json":{"title":"Verna se reuni\u00f3 con Mar\u00edn: la f\u00f3rmula a la gobernaci\u00f3n ser\u00e1 para el vernismo y el marinismo - Diario Textual","robots":{"index":"index","follow":"follow","max-snippet":"max-snippet:-1","max-image-preview":"max-image-preview:large","max-video-preview":"max-video-preview:-1"},"canonical":"https:\/\/diariotextual.com\/inicio\/index.php\/2018\/11\/21\/verna-se-reunio-marin-la-formula-la-gobernacion-sera-vernismo-marinismo\/","og_locale":"es_ES","og_type":"article","og_title":"Verna se reuni\u00f3 con Mar\u00edn: la f\u00f3rmula a la gobernaci\u00f3n ser\u00e1 para el vernismo y el marinismo - Diario Textual","og_description":"Se empiezan a definir los candidatos. En la ma\u00f1ana de este mi\u00e9rcoles, en su despacho,\u00a0\u00a0Carlos Verna recibi\u00f3 a\u00a0Rub\u00e9n Mar\u00edn para empezar a definir los nombres del PJ\u00a0para pelear la gobernaci\u00f3n&hellip;","og_url":"https:\/\/diariotextual.com\/inicio\/index.php\/2018\/11\/21\/verna-se-reunio-marin-la-formula-la-gobernacion-sera-vernismo-marinismo\/","og_site_name":"Diario Textual","article_publisher":"https:\/\/www.facebook.com\/eltextual","article_published_time":"2018-11-21T16:55:16+00:00","article_modified_time":"2018-11-22T00:39:15+00:00","og_image":[{"width":932,"height":644,"url":"https:\/\/diariotextual.com\/inicio\/wp-content\/uploads\/2018\/10\/vernamarinengris35.jpg","type":"image\/jpeg"}],"author":"Diario1 Diario1","twitter_card":"summary_large_image","twitter_creator":"@eltextual","twitter_site":"@eltextual","twitter_misc":{"Escrito por":"Diario1 Diario1","Tiempo de lectura":"2 minutos"},"schema":{"@context":"https:\/\/schema.org","@graph":[{"@type":"Article","@id":"https:\/\/diariotextual.com\/inicio\/index.php\/2018\/11\/21\/verna-se-reunio-marin-la-formula-la-gobernacion-sera-vernismo-marinismo\/#article","isPartOf":{"@id":"https:\/\/diariotextual.com\/inicio\/index.php\/2018\/11\/21\/verna-se-reunio-marin-la-formula-la-gobernacion-sera-vernismo-marinismo\/"},"author":{"name":"Diario1 Diario1","@id":"https:\/\/diariotextual.com\/inicio\/#\/schema\/person\/418fc4093c33e86ed41562db3508f958"},"headline":"Verna se reuni\u00f3 con Mar\u00edn: la f\u00f3rmula a la gobernaci\u00f3n ser\u00e1 para el vernismo y el marinismo","datePublished":"2018-11-21T16:55:16+00:00","dateModified":"2018-11-22T00:39:15+00:00","mainEntityOfPage":{"@id":"https:\/\/diariotextual.com\/inicio\/index.php\/2018\/11\/21\/verna-se-reunio-marin-la-formula-la-gobernacion-sera-vernismo-marinismo\/"},"wordCount":321,"publisher":{"@id":"https:\/\/diariotextual.com\/inicio\/#organization"},"image":{"@id":"https:\/\/diariotextual.com\/inicio\/index.php\/2018\/11\/21\/verna-se-reunio-marin-la-formula-la-gobernacion-sera-vernismo-marinismo\/#primaryimage"},"thumbnailUrl":"https:\/\/diariotextual.com\/inicio\/wp-content\/uploads\/2018\/10\/vernamarinengris35.jpg","articleSection":["A - QUE PASA (al costado)","A - TEMPORALES","POLITICA"],"inLanguage":"es"},{"@type":"WebPage","@id":"https:\/\/diariotextual.com\/inicio\/index.php\/2018\/11\/21\/verna-se-reunio-marin-la-formula-la-gobernacion-sera-vernismo-marinismo\/","url":"https:\/\/diariotextual.com\/inicio\/index.php\/2018\/11\/21\/verna-se-reunio-marin-la-formula-la-gobernacion-sera-vernismo-marinismo\/","name":"Verna se reuni\u00f3 con Mar\u00edn: la f\u00f3rmula a la gobernaci\u00f3n ser\u00e1 para el vernismo y el marinismo - Diario Textual","isPartOf":{"@id":"https:\/\/diariotextual.com\/inicio\/#website"},"primaryImageOfPage":{"@id":"https:\/\/diariotextual.com\/inicio\/index.php\/2018\/11\/21\/verna-se-reunio-marin-la-formula-la-gobernacion-sera-vernismo-marinismo\/#primaryimage"},"image":{"@id":"https:\/\/diariotextual.com\/inicio\/index.php\/2018\/11\/21\/verna-se-reunio-marin-la-formula-la-gobernacion-sera-vernismo-marinismo\/#primaryimage"},"thumbnailUrl":"https:\/\/diariotextual.com\/inicio\/wp-content\/uploads\/2018\/10\/vernamarinengris35.jpg","datePublished":"2018-11-21T16:55:16+00:00","dateModified":"2018-11-22T00:39:15+00:00","breadcrumb":{"@id":"https:\/\/diariotextual.com\/inicio\/index.php\/2018\/11\/21\/verna-se-reunio-marin-la-formula-la-gobernacion-sera-vernismo-marinismo\/#breadcrumb"},"inLanguage":"es","potentialAction":[{"@type":"ReadAction","target":["https:\/\/diariotextual.com\/inicio\/index.php\/2018\/11\/21\/verna-se-reunio-marin-la-formula-la-gobernacion-sera-vernismo-marinismo\/"]}]},{"@type":"ImageObject","inLanguage":"es","@id":"https:\/\/diariotextual.com\/inicio\/index.php\/2018\/11\/21\/verna-se-reunio-marin-la-formula-la-gobernacion-sera-vernismo-marinismo\/#primaryimage","url":"https:\/\/diariotextual.com\/inicio\/wp-content\/uploads\/2018\/10\/vernamarinengris35.jpg","contentUrl":"https:\/\/diariotextual.com\/inicio\/wp-content\/uploads\/2018\/10\/vernamarinengris35.jpg","width":932,"height":644},{"@type":"BreadcrumbList","@id":"https:\/\/diariotextual.com\/inicio\/index.php\/2018\/11\/21\/verna-se-reunio-marin-la-formula-la-gobernacion-sera-vernismo-marinismo\/#breadcrumb","itemListElement":[{"@type":"ListItem","position":1,"name":"Portada","item":"https:\/\/diariotextual.com\/inicio\/"},{"@type":"ListItem","position":2,"name":"Verna se reuni\u00f3 con Mar\u00edn: la f\u00f3rmula a la gobernaci\u00f3n ser\u00e1 para el vernismo y el marinismo"}]},{"@type":"WebSite","@id":"https:\/\/diariotextual.com\/inicio\/#website","url":"https:\/\/diariotextual.com\/inicio\/","name":"Diario Textual","description":"","publisher":{"@id":"https:\/\/diariotextual.com\/inicio\/#organization"},"potentialAction":[{"@type":"SearchAction","target":{"@type":"EntryPoint","urlTemplate":"https:\/\/diariotextual.com\/inicio\/?s={search_term_string}"},"query-input":{"@type":"PropertyValueSpecification","valueRequired":true,"valueName":"search_term_string"}}],"inLanguage":"es"},{"@type":"Organization","@id":"https:\/\/diariotextual.com\/inicio\/#organization","name":"Diario Textual","url":"https:\/\/diariotextual.com\/inicio\/","logo":{"@type":"ImageObject","inLanguage":"es","@id":"https:\/\/diariotextual.com\/inicio\/#\/schema\/logo\/image\/","url":"https:\/\/diariotextual.com\/inicio\/wp-content\/uploads\/2023\/05\/logotextual1.jpg","contentUrl":"https:\/\/diariotextual.com\/inicio\/wp-content\/uploads\/2023\/05\/logotextual1.jpg","width":516,"height":76,"caption":"Diario Textual"},"image":{"@id":"https:\/\/diariotextual.com\/inicio\/#\/schema\/logo\/image\/"},"sameAs":["https:\/\/www.facebook.com\/eltextual","https:\/\/x.com\/eltextual","http:\/\/www.instagram.com\/eltextual"]},{"@type":"Person","@id":"https:\/\/diariotextual.com\/inicio\/#\/schema\/person\/418fc4093c33e86ed41562db3508f958","name":"Diario1 Diario1","image":{"@type":"ImageObject","inLanguage":"es","@id":"https:\/\/secure.gravatar.com\/avatar\/9167d280179c85bc18be67aa7eda765854300033af4896dd779b608640f2ef7a?s=96&d=mm&r=g","url":"https:\/\/secure.gravatar.com\/avatar\/9167d280179c85bc18be67aa7eda765854300033af4896dd779b608640f2ef7a?s=96&d=mm&r=g","contentUrl":"https:\/\/secure.gravatar.com\/avatar\/9167d280179c85bc18be67aa7eda765854300033af4896dd779b608640f2ef7a?s=96&d=mm&r=g","caption":"Diario1 Diario1"},"url":"https:\/\/diariotextual.com\/inicio\/index.php\/author\/diario1\/"}]}},"_links":{"self":[{"href":"https:\/\/diariotextual.com\/inicio\/index.php\/wp-json\/wp\/v2\/posts\/28149","targetHints":{"allow":["GET"]}}],"collection":[{"href":"https:\/\/diariotextual.com\/inicio\/index.php\/wp-json\/wp\/v2\/posts"}],"about":[{"href":"https:\/\/diariotextual.com\/inicio\/index.php\/wp-json\/wp\/v2\/types\/post"}],"author":[{"embeddable":true,"href":"https:\/\/diariotextual.com\/inicio\/index.php\/wp-json\/wp\/v2\/users\/3"}],"replies":[{"embeddable":true,"href":"https:\/\/diariotextual.com\/inicio\/index.php\/wp-json\/wp\/v2\/comments?post=28149"}],"version-history":[{"count":13,"href":"https:\/\/diariotextual.com\/inicio\/index.php\/wp-json\/wp\/v2\/posts\/28149\/revisions"}],"predecessor-version":[{"id":28211,"href":"https:\/\/diariotextual.com\/inicio\/index.php\/wp-json\/wp\/v2\/posts\/28149\/revisions\/28211"}],"wp:featuredmedia":[{"embeddable":true,"href":"https:\/\/diariotextual.com\/inicio\/index.php\/wp-json\/wp\/v2\/media\/23979"}],"wp:attachment":[{"href":"https:\/\/diariotextual.com\/inicio\/index.php\/wp-json\/wp\/v2\/media?parent=28149"}],"wp:term":[{"taxonomy":"category","embeddable":true,"href":"https:\/\/diariotextual.com\/inicio\/index.php\/wp-json\/wp\/v2\/categories?post=28149"},{"taxonomy":"post_tag","embeddable":true,"href":"https:\/\/diariotextual.com\/inicio\/index.php\/wp-json\/wp\/v2\/tags?post=28149"}],"curies":[{"name":"wp","href":"https:\/\/api.w.org\/{rel}","templated":true}]}}