{"id":282702,"date":"2024-11-30T09:09:41","date_gmt":"2024-11-30T12:09:41","guid":{"rendered":"https:\/\/diariotextual.com\/inicio\/?p=282702"},"modified":"2024-11-30T09:09:43","modified_gmt":"2024-11-30T12:09:43","slug":"milei-y-la-casta-es-un-frankestein-que-se-le-puede-volver-en-contra","status":"publish","type":"post","link":"https:\/\/diariotextual.com\/inicio\/index.php\/2024\/11\/30\/milei-y-la-casta-es-un-frankestein-que-se-le-puede-volver-en-contra\/","title":{"rendered":"Milei y la casta: \u201cEs un Frankestein que se le puede volver en contra\u201d"},"content":{"rendered":"\n<p><strong>Hern\u00e1n Vanoli<\/strong>, soci\u00f3logo e investigador, difundi\u00f3 a trav\u00e9s de su <strong>consultora Sentimientos P\u00fablicos<\/strong> la \u00faltima encuesta relacionada a dos tem\u00e1ticas: <strong>la percepci\u00f3n social de casta y de los sindicatos<\/strong> en nuestro pa\u00eds. Adem\u00e1s, el resultado a los consultados plantea el <strong>\u201cfantasma del desempleo\u201d y detect\u00f3 \u201cuna angustia social subterr\u00e1nea\u201d.<\/strong><\/p>\n\n\n\n<p>Fue un estudio de 2500 casos, con un intervalo de confianza de un 95% y un margen de error de 3 puntos.<\/p>\n\n\n\n<p>Seg\u00fan el estudio, <strong>un 57% ve un Milei casta o en v\u00edas de ser casta, un 36% lo ve enfrent\u00e1ndola y un 7% rechaza la categor\u00eda.<\/strong><\/p>\n\n\n\n<p>\u201cLa <strong>percepci\u00f3n de que Milei es casta aumenta en los niveles socioecon\u00f3micos altos y en CABA. Y se reduce a un 50% en el resto del pa\u00eds.<\/strong> Un dato llamativo: <strong>desciende a un 40% entre los trabajadores informales, los cuentapropistas y los desempleados. Mientras que sube a un 65% entre los jubilados<\/strong>\u201d, detall\u00f3 el informe de la consultora.<\/p>\n\n\n\n<p>\u201cLa <strong>cruzada de Milei contra la \u2018Casta\u2019 es un relato que funciona para un 36% de la poblaci\u00f3n que lo apoya con alto convencimiento<\/strong>. Pero se puede apoyar su gesti\u00f3n y verlo al mismo tiempo como parte de la casta\u201d, agreg\u00f3.<\/p>\n\n\n\n<p>\u201cLa percepci\u00f3n de que <strong>Milei ya es parte de la \u2018Casta\u2019 muestra una polarizaci\u00f3n socio ocupacional y territorial: los jubilados de PBA y CABA versus los informales y los cuentapropistas<\/strong> del resto de las provincias. Milei le puso nombre. <strong>Pero el Frankenstein se le puede volver en contra<\/strong>. El concepto de \u2018Casta\u2019 va m\u00e1s all\u00e1 de quienes apoyan al presidente. Se usa y circula\u201d, destac\u00f3 la consultora Sentimientos P\u00fablicos.<\/p>\n\n\n\n<div style=\"height:100px\" aria-hidden=\"true\" class=\"wp-block-spacer\"><\/div>\n\n\n\n<p><strong>Qui\u00e9nes son la casta<\/strong><\/p>\n\n\n\n<p>Con relaci\u00f3n a la pregunta de qui\u00e9nes son la casta para la gente com\u00fan y qu\u00e9 relaci\u00f3n tiene esta casta con el presidente Javier Milei, <strong>7 de cada 10 argentinos consideraron la hip\u00f3tesis corporativa: la casta son elites de empresarios y pol\u00edticos que dominan la escena hace m\u00e1s de una d\u00e9cada.<\/strong><\/p>\n\n\n\n<p>Por otro lado, casi 6 de cada diez (59%) optaron por el c\u00edrculo rojo medi\u00e1tico: incluyeron a sindicalistas y periodistas y casi la mitad (48%) se\u00f1al\u00f3 tambi\u00e9n a \u201cpol\u00edticos profesionales de cualquier partido\u201d. \u201cS\u00f3lo un 20% dijo que se salvan los de la LLA\u201d, a\u00f1adi\u00f3 el estudio.<\/p>\n\n\n\n<p>Tambi\u00e9n un 42% de los encuestados marc\u00f3 como parte de la casta a los funcionarios con poder presupuestario y s\u00f3lo un 12% a los empleados p\u00fablicos.<\/p>\n\n\n\n<p>\u201cEl se\u00f1alamiento de las castas, se las defina como se las defina, aumenta cuando aumenta la edad. Los menores de 29 muestran valores diez puntos m\u00e1s bajos. Las excepciones: los empleados p\u00fablicos (+3%) y la salvaci\u00f3n a los pol\u00edticos de LLA (+ 10%)\u201d, asegur\u00f3 la consultora.<\/p>\n\n\n\n<p>Mientras que los sectores medios, son los que m\u00e1s creen en la existencia de la casta (el doble que sectores altos y bajos). \u201cLos que m\u00e1s piensan como casta a funcionarios y empleados p\u00fablicos, a pol\u00edticos y a miembros del juego medi\u00e1tico\u201d, detall\u00f3 el an\u00e1lisis.<\/p>\n\n\n\n<p>\u201cLa casta pol\u00edtica existe en la imaginaci\u00f3n social de los argentinos. Y no son los empleados p\u00fablicos: la casta son las elites. Cuanto menos visibles y m\u00e1s tiempo est\u00e1n en el centro de la escena, mas casta son. Los pol\u00edticos y los funcionarios -remarc\u00f3 el estudio- que viven del erario p\u00fablico tambi\u00e9n lo son, pero en menor medida\u201d.<\/p>\n\n\n\n<div style=\"height:100px\" aria-hidden=\"true\" class=\"wp-block-spacer\"><\/div>\n\n\n\n<p><strong>Trabajo y sindicatos<\/strong><\/p>\n\n\n\n<p>La otra parte del estudio se refiri\u00f3 al deseo laboral y si se puede ser independiente y estar sindicalizado a la vez: <strong>un 54% de los argentinos declar\u00f3 preferir un trabajo autoregulado antes que un r\u00e9gimen con presencialidad plena y beneficios sociales<\/strong>. \u201cY a m\u00e1s j\u00f3venes, m\u00e1s fuerte es la tendencia\u201d, dijo Vanoli.<\/p>\n\n\n\n<p>Entre mujeres, la proporci\u00f3n es de mitad y mitad y entre hombres, el trabajo independiente crece de 60 a 40.<\/p>\n\n\n\n<p>Tambi\u00e9n se consult\u00f3 por <strong>las p\u00e9rdidas de fuentes de trabajo en los \u00faltimos seis meses: 7 de cada 10 argentinos conocen personalmente o a trav\u00e9s de otros casos de p\u00e9rdida de trabajo<\/strong> en los \u00faltimos seis meses y el n\u00famero sube a un 75% entre los menores de 43 a\u00f1os.<\/p>\n\n\n\n<p>\u201cY el nivel de conocimiento de estas situaciones es 10 puntos m\u00e1s alto entre las mujeres que entre los hombres, mientras que el porcentaje sube a un 80% entre cuentapropistas y desciende a un 47% entre due\u00f1os de empresas, estudios o comercios\u201d, agreg\u00f3 el informe de Sentimientos P\u00fablicos.<\/p>\n\n\n\n<p>Los habitantes de la provincia de Buenos Aires y de niveles socioecon\u00f3micos m\u00e1s bajos parecen tener una relaci\u00f3n diferente con el mundo del trabajo. \u201cSon los menos dispuestos a entrar en reg\u00edmenes de trabajo flexible y son los que m\u00e1s conocen o escucharon de casos de personas que perdieron su trabajo\u201d, afirm\u00f3 el investigador.<\/p>\n\n\n\n<p>Finalmente, a la consulta \u201cPara que<strong> un pa\u00eds avance es indispensable que tenga sindicatos fuertes que defiendan a sus trabajadores\u2026\u201d, 6 de cada 10 argentinos estuvieron de acuerdo<\/strong> y este n\u00famero es mayor en CABA y en el resto del pa\u00eds que en provincia de Buenos Aires.<\/p>\n\n\n\n<p>\u201cLa<strong> idea de los sindicatos como principal problema del pa\u00eds disminuy\u00f3 23 puntos desde mayo de 2023 hasta noviembre de 2024. El temor al desempleo<\/strong>, la carest\u00eda econ\u00f3mica y lo que es percibido como un gobierno que pretende mayor libertad laboral para las empresas parecen haber contribuido a esa notable evoluci\u00f3n\u201d, remat\u00f3 el informe.<\/p>\n\n\n\n<p>\u201cEl<strong> sindicalismo es un refugio ante un mundo hostil, impredecible y muchas veces rapaz.<\/strong> Puedo no querer usarlo. Pero me tranquiliza que est\u00e9\u201d, sostuvo Vanoli.<\/p>\n\n\n\n<p>A modo de resumen, el informe de la consultora sintetiz\u00f3:<\/p>\n\n\n\n<p>\u201c-Hay una tendencia generacional a valorar m\u00e1s los trabajos desregulados. Esta tendencia aumenta cuando sube el nivel socioecon\u00f3mico y entre los hombres. Y desciende en la PBA.<\/p>\n\n\n\n<p>-En paralelo, <strong>el fantasma del desempleo es alto, una angustia social subterr\u00e1nea. Se siente en la econom\u00eda de subsistencia, en los j\u00f3venes, en las mujeres cuidadoras o politizadas<\/strong>.<\/p>\n\n\n\n<p>-Ante este escenario, los sindicatos vuelven a tomar consideraci\u00f3n. Su valoraci\u00f3n sube. Son la herramienta con la que la sociedad se defiende ante el desacople entre su deseo y sus angustias\u201d.<\/p>\n","protected":false},"excerpt":{"rendered":"<p>Hern\u00e1n Vanoli, soci\u00f3logo e investigador, difundi\u00f3 a trav\u00e9s de su consultora Sentimientos P\u00fablicos la \u00faltima encuesta relacionada a dos tem\u00e1ticas: la percepci\u00f3n social de casta y de los sindicatos en&hellip;<\/p>\n","protected":false},"author":5,"featured_media":243840,"comment_status":"closed","ping_status":"open","sticky":false,"template":"","format":"standard","meta":{"_acf_changed":false,"footnotes":""},"categories":[4,12],"tags":[],"class_list":["post-282702","post","type-post","status-publish","format-standard","has-post-thumbnail","hentry","category-destacadas","category-sociedad"],"acf":[],"yoast_head":"<!-- This site is optimized with the Yoast SEO plugin v27.4 - https:\/\/yoast.com\/product\/yoast-seo-wordpress\/ -->\n<title>Milei y la casta: \u201cEs un Frankestein que se le puede volver en contra\u201d - Diario Textual<\/title>\n<meta name=\"robots\" content=\"index, follow, max-snippet:-1, max-image-preview:large, max-video-preview:-1\" \/>\n<link rel=\"canonical\" href=\"https:\/\/diariotextual.com\/inicio\/index.php\/2024\/11\/30\/milei-y-la-casta-es-un-frankestein-que-se-le-puede-volver-en-contra\/\" \/>\n<meta property=\"og:locale\" content=\"es_ES\" \/>\n<meta property=\"og:type\" content=\"article\" \/>\n<meta property=\"og:title\" content=\"Milei y la casta: \u201cEs un Frankestein que se le puede volver en contra\u201d - Diario Textual\" \/>\n<meta property=\"og:description\" content=\"Hern\u00e1n Vanoli, soci\u00f3logo e investigador, difundi\u00f3 a trav\u00e9s de su consultora Sentimientos P\u00fablicos la \u00faltima encuesta relacionada a dos tem\u00e1ticas: la percepci\u00f3n social de casta y de los sindicatos en&hellip;\" \/>\n<meta property=\"og:url\" content=\"https:\/\/diariotextual.com\/inicio\/index.php\/2024\/11\/30\/milei-y-la-casta-es-un-frankestein-que-se-le-puede-volver-en-contra\/\" \/>\n<meta property=\"og:site_name\" content=\"Diario Textual\" \/>\n<meta property=\"article:publisher\" content=\"https:\/\/www.facebook.com\/eltextual\" \/>\n<meta property=\"article:published_time\" content=\"2024-11-30T12:09:41+00:00\" \/>\n<meta property=\"article:modified_time\" content=\"2024-11-30T12:09:43+00:00\" \/>\n<meta property=\"og:image\" content=\"https:\/\/diariotextual.com\/inicio\/wp-content\/uploads\/2023\/11\/mileijaviermotosierra2023-12.jpg\" \/>\n\t<meta property=\"og:image:width\" content=\"1600\" \/>\n\t<meta property=\"og:image:height\" content=\"1200\" \/>\n\t<meta property=\"og:image:type\" content=\"image\/jpeg\" \/>\n<meta name=\"author\" content=\"diario3\" \/>\n<meta name=\"twitter:card\" content=\"summary_large_image\" \/>\n<meta name=\"twitter:creator\" content=\"@eltextual\" \/>\n<meta name=\"twitter:site\" content=\"@eltextual\" \/>\n<meta name=\"twitter:label1\" content=\"Escrito por\" \/>\n\t<meta name=\"twitter:data1\" content=\"diario3\" \/>\n\t<meta name=\"twitter:label2\" content=\"Tiempo de lectura\" \/>\n\t<meta name=\"twitter:data2\" content=\"5 minutos\" \/>\n<script type=\"application\/ld+json\" class=\"yoast-schema-graph\">{\"@context\":\"https:\\\/\\\/schema.org\",\"@graph\":[{\"@type\":\"Article\",\"@id\":\"https:\\\/\\\/diariotextual.com\\\/inicio\\\/index.php\\\/2024\\\/11\\\/30\\\/milei-y-la-casta-es-un-frankestein-que-se-le-puede-volver-en-contra\\\/#article\",\"isPartOf\":{\"@id\":\"https:\\\/\\\/diariotextual.com\\\/inicio\\\/index.php\\\/2024\\\/11\\\/30\\\/milei-y-la-casta-es-un-frankestein-que-se-le-puede-volver-en-contra\\\/\"},\"author\":{\"name\":\"diario3\",\"@id\":\"https:\\\/\\\/diariotextual.com\\\/inicio\\\/#\\\/schema\\\/person\\\/a1b6f563e0ee944c60f98119389a4d9f\"},\"headline\":\"Milei y la casta: \u201cEs un Frankestein que se le puede volver en contra\u201d\",\"datePublished\":\"2024-11-30T12:09:41+00:00\",\"dateModified\":\"2024-11-30T12:09:43+00:00\",\"mainEntityOfPage\":{\"@id\":\"https:\\\/\\\/diariotextual.com\\\/inicio\\\/index.php\\\/2024\\\/11\\\/30\\\/milei-y-la-casta-es-un-frankestein-que-se-le-puede-volver-en-contra\\\/\"},\"wordCount\":1062,\"publisher\":{\"@id\":\"https:\\\/\\\/diariotextual.com\\\/inicio\\\/#organization\"},\"image\":{\"@id\":\"https:\\\/\\\/diariotextual.com\\\/inicio\\\/index.php\\\/2024\\\/11\\\/30\\\/milei-y-la-casta-es-un-frankestein-que-se-le-puede-volver-en-contra\\\/#primaryimage\"},\"thumbnailUrl\":\"https:\\\/\\\/diariotextual.com\\\/inicio\\\/wp-content\\\/uploads\\\/2023\\\/11\\\/mileijaviermotosierra2023-12.jpg\",\"articleSection\":[\"A - DESTACADAS (mod 16)\",\"SOCIEDAD\"],\"inLanguage\":\"es\"},{\"@type\":\"WebPage\",\"@id\":\"https:\\\/\\\/diariotextual.com\\\/inicio\\\/index.php\\\/2024\\\/11\\\/30\\\/milei-y-la-casta-es-un-frankestein-que-se-le-puede-volver-en-contra\\\/\",\"url\":\"https:\\\/\\\/diariotextual.com\\\/inicio\\\/index.php\\\/2024\\\/11\\\/30\\\/milei-y-la-casta-es-un-frankestein-que-se-le-puede-volver-en-contra\\\/\",\"name\":\"Milei y la casta: \u201cEs un Frankestein que se le puede volver en contra\u201d - Diario Textual\",\"isPartOf\":{\"@id\":\"https:\\\/\\\/diariotextual.com\\\/inicio\\\/#website\"},\"primaryImageOfPage\":{\"@id\":\"https:\\\/\\\/diariotextual.com\\\/inicio\\\/index.php\\\/2024\\\/11\\\/30\\\/milei-y-la-casta-es-un-frankestein-que-se-le-puede-volver-en-contra\\\/#primaryimage\"},\"image\":{\"@id\":\"https:\\\/\\\/diariotextual.com\\\/inicio\\\/index.php\\\/2024\\\/11\\\/30\\\/milei-y-la-casta-es-un-frankestein-que-se-le-puede-volver-en-contra\\\/#primaryimage\"},\"thumbnailUrl\":\"https:\\\/\\\/diariotextual.com\\\/inicio\\\/wp-content\\\/uploads\\\/2023\\\/11\\\/mileijaviermotosierra2023-12.jpg\",\"datePublished\":\"2024-11-30T12:09:41+00:00\",\"dateModified\":\"2024-11-30T12:09:43+00:00\",\"breadcrumb\":{\"@id\":\"https:\\\/\\\/diariotextual.com\\\/inicio\\\/index.php\\\/2024\\\/11\\\/30\\\/milei-y-la-casta-es-un-frankestein-que-se-le-puede-volver-en-contra\\\/#breadcrumb\"},\"inLanguage\":\"es\",\"potentialAction\":[{\"@type\":\"ReadAction\",\"target\":[\"https:\\\/\\\/diariotextual.com\\\/inicio\\\/index.php\\\/2024\\\/11\\\/30\\\/milei-y-la-casta-es-un-frankestein-que-se-le-puede-volver-en-contra\\\/\"]}]},{\"@type\":\"ImageObject\",\"inLanguage\":\"es\",\"@id\":\"https:\\\/\\\/diariotextual.com\\\/inicio\\\/index.php\\\/2024\\\/11\\\/30\\\/milei-y-la-casta-es-un-frankestein-que-se-le-puede-volver-en-contra\\\/#primaryimage\",\"url\":\"https:\\\/\\\/diariotextual.com\\\/inicio\\\/wp-content\\\/uploads\\\/2023\\\/11\\\/mileijaviermotosierra2023-12.jpg\",\"contentUrl\":\"https:\\\/\\\/diariotextual.com\\\/inicio\\\/wp-content\\\/uploads\\\/2023\\\/11\\\/mileijaviermotosierra2023-12.jpg\",\"width\":1600,\"height\":1200},{\"@type\":\"BreadcrumbList\",\"@id\":\"https:\\\/\\\/diariotextual.com\\\/inicio\\\/index.php\\\/2024\\\/11\\\/30\\\/milei-y-la-casta-es-un-frankestein-que-se-le-puede-volver-en-contra\\\/#breadcrumb\",\"itemListElement\":[{\"@type\":\"ListItem\",\"position\":1,\"name\":\"Portada\",\"item\":\"https:\\\/\\\/diariotextual.com\\\/inicio\\\/\"},{\"@type\":\"ListItem\",\"position\":2,\"name\":\"Milei y la casta: \u201cEs un Frankestein que se le puede volver en contra\u201d\"}]},{\"@type\":\"WebSite\",\"@id\":\"https:\\\/\\\/diariotextual.com\\\/inicio\\\/#website\",\"url\":\"https:\\\/\\\/diariotextual.com\\\/inicio\\\/\",\"name\":\"Diario Textual\",\"description\":\"\",\"publisher\":{\"@id\":\"https:\\\/\\\/diariotextual.com\\\/inicio\\\/#organization\"},\"potentialAction\":[{\"@type\":\"SearchAction\",\"target\":{\"@type\":\"EntryPoint\",\"urlTemplate\":\"https:\\\/\\\/diariotextual.com\\\/inicio\\\/?s={search_term_string}\"},\"query-input\":{\"@type\":\"PropertyValueSpecification\",\"valueRequired\":true,\"valueName\":\"search_term_string\"}}],\"inLanguage\":\"es\"},{\"@type\":\"Organization\",\"@id\":\"https:\\\/\\\/diariotextual.com\\\/inicio\\\/#organization\",\"name\":\"Diario Textual\",\"url\":\"https:\\\/\\\/diariotextual.com\\\/inicio\\\/\",\"logo\":{\"@type\":\"ImageObject\",\"inLanguage\":\"es\",\"@id\":\"https:\\\/\\\/diariotextual.com\\\/inicio\\\/#\\\/schema\\\/logo\\\/image\\\/\",\"url\":\"https:\\\/\\\/diariotextual.com\\\/inicio\\\/wp-content\\\/uploads\\\/2023\\\/05\\\/logotextual1.jpg\",\"contentUrl\":\"https:\\\/\\\/diariotextual.com\\\/inicio\\\/wp-content\\\/uploads\\\/2023\\\/05\\\/logotextual1.jpg\",\"width\":516,\"height\":76,\"caption\":\"Diario Textual\"},\"image\":{\"@id\":\"https:\\\/\\\/diariotextual.com\\\/inicio\\\/#\\\/schema\\\/logo\\\/image\\\/\"},\"sameAs\":[\"https:\\\/\\\/www.facebook.com\\\/eltextual\",\"https:\\\/\\\/x.com\\\/eltextual\",\"http:\\\/\\\/www.instagram.com\\\/eltextual\"]},{\"@type\":\"Person\",\"@id\":\"https:\\\/\\\/diariotextual.com\\\/inicio\\\/#\\\/schema\\\/person\\\/a1b6f563e0ee944c60f98119389a4d9f\",\"name\":\"diario3\",\"image\":{\"@type\":\"ImageObject\",\"inLanguage\":\"es\",\"@id\":\"https:\\\/\\\/secure.gravatar.com\\\/avatar\\\/5e7ee62c82fc04d9dd79d746a390d93c69c43223e5faeeb3ea9461ef752bfc5d?s=96&d=mm&r=g\",\"url\":\"https:\\\/\\\/secure.gravatar.com\\\/avatar\\\/5e7ee62c82fc04d9dd79d746a390d93c69c43223e5faeeb3ea9461ef752bfc5d?s=96&d=mm&r=g\",\"contentUrl\":\"https:\\\/\\\/secure.gravatar.com\\\/avatar\\\/5e7ee62c82fc04d9dd79d746a390d93c69c43223e5faeeb3ea9461ef752bfc5d?s=96&d=mm&r=g\",\"caption\":\"diario3\"},\"url\":\"https:\\\/\\\/diariotextual.com\\\/inicio\\\/index.php\\\/author\\\/diario3\\\/\"}]}<\/script>\n<!-- \/ Yoast SEO plugin. -->","yoast_head_json":{"title":"Milei y la casta: \u201cEs un Frankestein que se le puede volver en contra\u201d - Diario Textual","robots":{"index":"index","follow":"follow","max-snippet":"max-snippet:-1","max-image-preview":"max-image-preview:large","max-video-preview":"max-video-preview:-1"},"canonical":"https:\/\/diariotextual.com\/inicio\/index.php\/2024\/11\/30\/milei-y-la-casta-es-un-frankestein-que-se-le-puede-volver-en-contra\/","og_locale":"es_ES","og_type":"article","og_title":"Milei y la casta: \u201cEs un Frankestein que se le puede volver en contra\u201d - Diario Textual","og_description":"Hern\u00e1n Vanoli, soci\u00f3logo e investigador, difundi\u00f3 a trav\u00e9s de su consultora Sentimientos P\u00fablicos la \u00faltima encuesta relacionada a dos tem\u00e1ticas: la percepci\u00f3n social de casta y de los sindicatos en&hellip;","og_url":"https:\/\/diariotextual.com\/inicio\/index.php\/2024\/11\/30\/milei-y-la-casta-es-un-frankestein-que-se-le-puede-volver-en-contra\/","og_site_name":"Diario Textual","article_publisher":"https:\/\/www.facebook.com\/eltextual","article_published_time":"2024-11-30T12:09:41+00:00","article_modified_time":"2024-11-30T12:09:43+00:00","og_image":[{"width":1600,"height":1200,"url":"https:\/\/diariotextual.com\/inicio\/wp-content\/uploads\/2023\/11\/mileijaviermotosierra2023-12.jpg","type":"image\/jpeg"}],"author":"diario3","twitter_card":"summary_large_image","twitter_creator":"@eltextual","twitter_site":"@eltextual","twitter_misc":{"Escrito por":"diario3","Tiempo de lectura":"5 minutos"},"schema":{"@context":"https:\/\/schema.org","@graph":[{"@type":"Article","@id":"https:\/\/diariotextual.com\/inicio\/index.php\/2024\/11\/30\/milei-y-la-casta-es-un-frankestein-que-se-le-puede-volver-en-contra\/#article","isPartOf":{"@id":"https:\/\/diariotextual.com\/inicio\/index.php\/2024\/11\/30\/milei-y-la-casta-es-un-frankestein-que-se-le-puede-volver-en-contra\/"},"author":{"name":"diario3","@id":"https:\/\/diariotextual.com\/inicio\/#\/schema\/person\/a1b6f563e0ee944c60f98119389a4d9f"},"headline":"Milei y la casta: \u201cEs un Frankestein que se le puede volver en contra\u201d","datePublished":"2024-11-30T12:09:41+00:00","dateModified":"2024-11-30T12:09:43+00:00","mainEntityOfPage":{"@id":"https:\/\/diariotextual.com\/inicio\/index.php\/2024\/11\/30\/milei-y-la-casta-es-un-frankestein-que-se-le-puede-volver-en-contra\/"},"wordCount":1062,"publisher":{"@id":"https:\/\/diariotextual.com\/inicio\/#organization"},"image":{"@id":"https:\/\/diariotextual.com\/inicio\/index.php\/2024\/11\/30\/milei-y-la-casta-es-un-frankestein-que-se-le-puede-volver-en-contra\/#primaryimage"},"thumbnailUrl":"https:\/\/diariotextual.com\/inicio\/wp-content\/uploads\/2023\/11\/mileijaviermotosierra2023-12.jpg","articleSection":["A - DESTACADAS (mod 16)","SOCIEDAD"],"inLanguage":"es"},{"@type":"WebPage","@id":"https:\/\/diariotextual.com\/inicio\/index.php\/2024\/11\/30\/milei-y-la-casta-es-un-frankestein-que-se-le-puede-volver-en-contra\/","url":"https:\/\/diariotextual.com\/inicio\/index.php\/2024\/11\/30\/milei-y-la-casta-es-un-frankestein-que-se-le-puede-volver-en-contra\/","name":"Milei y la casta: \u201cEs un Frankestein que se le puede volver en contra\u201d - Diario Textual","isPartOf":{"@id":"https:\/\/diariotextual.com\/inicio\/#website"},"primaryImageOfPage":{"@id":"https:\/\/diariotextual.com\/inicio\/index.php\/2024\/11\/30\/milei-y-la-casta-es-un-frankestein-que-se-le-puede-volver-en-contra\/#primaryimage"},"image":{"@id":"https:\/\/diariotextual.com\/inicio\/index.php\/2024\/11\/30\/milei-y-la-casta-es-un-frankestein-que-se-le-puede-volver-en-contra\/#primaryimage"},"thumbnailUrl":"https:\/\/diariotextual.com\/inicio\/wp-content\/uploads\/2023\/11\/mileijaviermotosierra2023-12.jpg","datePublished":"2024-11-30T12:09:41+00:00","dateModified":"2024-11-30T12:09:43+00:00","breadcrumb":{"@id":"https:\/\/diariotextual.com\/inicio\/index.php\/2024\/11\/30\/milei-y-la-casta-es-un-frankestein-que-se-le-puede-volver-en-contra\/#breadcrumb"},"inLanguage":"es","potentialAction":[{"@type":"ReadAction","target":["https:\/\/diariotextual.com\/inicio\/index.php\/2024\/11\/30\/milei-y-la-casta-es-un-frankestein-que-se-le-puede-volver-en-contra\/"]}]},{"@type":"ImageObject","inLanguage":"es","@id":"https:\/\/diariotextual.com\/inicio\/index.php\/2024\/11\/30\/milei-y-la-casta-es-un-frankestein-que-se-le-puede-volver-en-contra\/#primaryimage","url":"https:\/\/diariotextual.com\/inicio\/wp-content\/uploads\/2023\/11\/mileijaviermotosierra2023-12.jpg","contentUrl":"https:\/\/diariotextual.com\/inicio\/wp-content\/uploads\/2023\/11\/mileijaviermotosierra2023-12.jpg","width":1600,"height":1200},{"@type":"BreadcrumbList","@id":"https:\/\/diariotextual.com\/inicio\/index.php\/2024\/11\/30\/milei-y-la-casta-es-un-frankestein-que-se-le-puede-volver-en-contra\/#breadcrumb","itemListElement":[{"@type":"ListItem","position":1,"name":"Portada","item":"https:\/\/diariotextual.com\/inicio\/"},{"@type":"ListItem","position":2,"name":"Milei y la casta: \u201cEs un Frankestein que se le puede volver en contra\u201d"}]},{"@type":"WebSite","@id":"https:\/\/diariotextual.com\/inicio\/#website","url":"https:\/\/diariotextual.com\/inicio\/","name":"Diario Textual","description":"","publisher":{"@id":"https:\/\/diariotextual.com\/inicio\/#organization"},"potentialAction":[{"@type":"SearchAction","target":{"@type":"EntryPoint","urlTemplate":"https:\/\/diariotextual.com\/inicio\/?s={search_term_string}"},"query-input":{"@type":"PropertyValueSpecification","valueRequired":true,"valueName":"search_term_string"}}],"inLanguage":"es"},{"@type":"Organization","@id":"https:\/\/diariotextual.com\/inicio\/#organization","name":"Diario Textual","url":"https:\/\/diariotextual.com\/inicio\/","logo":{"@type":"ImageObject","inLanguage":"es","@id":"https:\/\/diariotextual.com\/inicio\/#\/schema\/logo\/image\/","url":"https:\/\/diariotextual.com\/inicio\/wp-content\/uploads\/2023\/05\/logotextual1.jpg","contentUrl":"https:\/\/diariotextual.com\/inicio\/wp-content\/uploads\/2023\/05\/logotextual1.jpg","width":516,"height":76,"caption":"Diario Textual"},"image":{"@id":"https:\/\/diariotextual.com\/inicio\/#\/schema\/logo\/image\/"},"sameAs":["https:\/\/www.facebook.com\/eltextual","https:\/\/x.com\/eltextual","http:\/\/www.instagram.com\/eltextual"]},{"@type":"Person","@id":"https:\/\/diariotextual.com\/inicio\/#\/schema\/person\/a1b6f563e0ee944c60f98119389a4d9f","name":"diario3","image":{"@type":"ImageObject","inLanguage":"es","@id":"https:\/\/secure.gravatar.com\/avatar\/5e7ee62c82fc04d9dd79d746a390d93c69c43223e5faeeb3ea9461ef752bfc5d?s=96&d=mm&r=g","url":"https:\/\/secure.gravatar.com\/avatar\/5e7ee62c82fc04d9dd79d746a390d93c69c43223e5faeeb3ea9461ef752bfc5d?s=96&d=mm&r=g","contentUrl":"https:\/\/secure.gravatar.com\/avatar\/5e7ee62c82fc04d9dd79d746a390d93c69c43223e5faeeb3ea9461ef752bfc5d?s=96&d=mm&r=g","caption":"diario3"},"url":"https:\/\/diariotextual.com\/inicio\/index.php\/author\/diario3\/"}]}},"_links":{"self":[{"href":"https:\/\/diariotextual.com\/inicio\/index.php\/wp-json\/wp\/v2\/posts\/282702","targetHints":{"allow":["GET"]}}],"collection":[{"href":"https:\/\/diariotextual.com\/inicio\/index.php\/wp-json\/wp\/v2\/posts"}],"about":[{"href":"https:\/\/diariotextual.com\/inicio\/index.php\/wp-json\/wp\/v2\/types\/post"}],"author":[{"embeddable":true,"href":"https:\/\/diariotextual.com\/inicio\/index.php\/wp-json\/wp\/v2\/users\/5"}],"replies":[{"embeddable":true,"href":"https:\/\/diariotextual.com\/inicio\/index.php\/wp-json\/wp\/v2\/comments?post=282702"}],"version-history":[{"count":2,"href":"https:\/\/diariotextual.com\/inicio\/index.php\/wp-json\/wp\/v2\/posts\/282702\/revisions"}],"predecessor-version":[{"id":282745,"href":"https:\/\/diariotextual.com\/inicio\/index.php\/wp-json\/wp\/v2\/posts\/282702\/revisions\/282745"}],"wp:featuredmedia":[{"embeddable":true,"href":"https:\/\/diariotextual.com\/inicio\/index.php\/wp-json\/wp\/v2\/media\/243840"}],"wp:attachment":[{"href":"https:\/\/diariotextual.com\/inicio\/index.php\/wp-json\/wp\/v2\/media?parent=282702"}],"wp:term":[{"taxonomy":"category","embeddable":true,"href":"https:\/\/diariotextual.com\/inicio\/index.php\/wp-json\/wp\/v2\/categories?post=282702"},{"taxonomy":"post_tag","embeddable":true,"href":"https:\/\/diariotextual.com\/inicio\/index.php\/wp-json\/wp\/v2\/tags?post=282702"}],"curies":[{"name":"wp","href":"https:\/\/api.w.org\/{rel}","templated":true}]}}