{"id":282721,"date":"2024-11-29T23:05:24","date_gmt":"2024-11-30T02:05:24","guid":{"rendered":"https:\/\/diariotextual.com\/inicio\/?p=282721"},"modified":"2024-11-29T23:07:20","modified_gmt":"2024-11-30T02:07:20","slug":"santa-rosa-reconocio-a-los-deportistas-destacados-de-octubre","status":"publish","type":"post","link":"https:\/\/diariotextual.com\/inicio\/index.php\/2024\/11\/29\/santa-rosa-reconocio-a-los-deportistas-destacados-de-octubre\/","title":{"rendered":"Santa Rosa reconoci\u00f3 a los deportistas destacados de octubre"},"content":{"rendered":"\n<p>En un acto celebrado en el Sindicato de Telecomunicaciones, la gesti\u00f3n de Luciano di N\u00e1poli otorg\u00f3 reconocimientos a los deportistas locales que se destacaron durante el mes de octubre, celebrando su dedicaci\u00f3n y logros en diversas disciplinas.<\/p>\n\n\n\n<p>El director de Deportes del municipio, Gustavo Rodr\u00edguez, destac\u00f3 el papel de los deportistas como referentes de esfuerzo, dedicaci\u00f3n y superaci\u00f3n personal. \u00abEs un orgullo para nosotros reconocer el talento y la dedicaci\u00f3n de estos deportistas, quienes no solo son ejemplos de perseverancia, sino tambi\u00e9n modelos a seguir para las nuevas generaciones. A trav\u00e9s de su trabajo constante, nos demuestran que no hay l\u00edmites cuando se tiene pasi\u00f3n y compromiso con lo que se hace\u00bb, coment\u00f3 Rodr\u00edguez.<\/p>\n\n\n\n<p>La Deportista del Mes fue Milagros Yorio, quien se destac\u00f3 en Pat\u00edn Art\u00edstico, consagr\u00e1ndose campeona Sudamericana en la categor\u00eda Promocional Junior, especialidad Libre, en Santa Catarina, Brasil. Su logro fue celebrado como un ejemplo de excelencia y dedicaci\u00f3n en el \u00e1mbito deportivo local.<\/p>\n\n\n\n<p>Adem\u00e1s, Rodr\u00edguez destac\u00f3 el fuerte compromiso del intendente Luciano di Napoli con el desarrollo del deporte en la ciudad. En su discurso, enfatiz\u00f3 que el municipio busca estar cerca de los deportistas, brind\u00e1ndoles el apoyo necesario para potenciar su trabajo y crecimiento. \u201cEl deporte es mucho m\u00e1s que una competencia; es un espacio de uni\u00f3n, inclusi\u00f3n y desarrollo que fortalece el bienestar de nuestra ciudad\u201d, subray\u00f3.<\/p>\n\n\n\n<p>En el acto estuvieron presentes familias, entrenadores y clubes que acompa\u00f1an a los deportistas, reconociendo el esfuerzo conjunto para el crecimiento de la comunidad deportiva local. \u201cEl deporte es una herramienta clave para la construcci\u00f3n de comunidad, y queremos que sepan que cuentan con nosotros para seguir trabajando juntos por una ciudad que apuesta constantemente al deporte\u201d, concluy\u00f3.<\/p>\n\n\n\n<p>Los deportistas y clubes reconocidos por su desempe\u00f1o y logros durante el mes de octubre fueron:<\/p>\n\n\n\n<p><strong>Rural Bike<\/strong><br>Carolina Solera se coron\u00f3 campeona en la categor\u00eda M\u00e1ster B1 del Campeonato Argentino en Pergamino.<\/p>\n\n\n\n<p><strong>Voleibol<\/strong><br>El equipo femenino sub 18 de la Escuela 221 se consagr\u00f3 campe\u00f3n en su torneo respectivo.<\/p>\n\n\n\n<p><strong>Bicicross<\/strong><br>Oriana Brigada se impuso en la categor\u00eda +15 a\u00f1os en el Campeonato Argentino de Vicente L\u00f3pez.<br>Luisina Paz fue campeona en la categor\u00eda 14 a\u00f1os del Nacional de Vicente L\u00f3pez.<br>Juan Brigada alcanz\u00f3 el segundo puesto en la Copa Latina y Argentino en Vicente L\u00f3pez.<\/p>\n\n\n\n<p><strong>Atletismo<\/strong><br>En el Nacional de M\u00e1ster en el Parque Recreativo Don Tom\u00e1s, se destacaron:<br>Juan Manuel Alc\u00e1ntara, campe\u00f3n en los 10 km.<br>Adri\u00e1n Necol, campe\u00f3n en los 200 m y en la posta 4&#215;100.<br>Luca Mingroni, campe\u00f3n en la posta 4&#215;100.<br>Sim\u00f3n Cabrera, campe\u00f3n en los 5000 m.<br>Eduardo Z\u00e1ccara, campe\u00f3n en los 1500 m y 5000 m.<br>Cristian Bailo, campe\u00f3n en los 3000 m marcha.<br>Yamila Maidana, campeona en la posta 4&#215;100.<br>Paola Zalabardo, campeona en los 400 m con vallas, y en las postas 4&#215;100 y 4&#215;400 (establecieron r\u00e9cord nacional en la posta 4&#215;400).<br>Mar\u00eda Laura S\u00e1nchez, campeona en lanzamiento de jabalina.<\/p>\n\n\n\n<p><strong>Taekwondo<\/strong><br>Francisco Labriola, Fausto Toledo y Mart\u00edn Favole participaron en el Campus Corrientes Training de Alto Rendimiento.<\/p>\n\n\n\n<p><strong>Fisicoculturismo<\/strong><br>Luc\u00eda Girard y Roberto Distel ganaron en sus categor\u00edas en el Torneo Copa Ernesto Pi\u00f1eyro y luego tambi\u00e9n fueron campeones en el Panamerican Cup en Puerto Iguaz\u00fa.<\/p>\n\n\n\n<p><strong>Hockey<\/strong><br>El equipo femenino sub 16 de La Barranca se consagr\u00f3 campe\u00f3n del torneo CRC \u201cA\u201d Patagonia damas en Santa Rosa.<br>Pilar Heib, Isabella Faus, Ana Santell\u00e1n, Sof\u00eda Hern\u00e1ndez (La Barranca) y Clara P\u00e9rez (Estudiantes) formaron parte de la selecci\u00f3n pampeana Sub 19, que gan\u00f3 el Campeonato Regional B en Villa Ca\u00f1as (Santa Fe) y ascendi\u00f3 a la A para 2025.<\/p>\n\n\n\n<p><strong>Tenis<\/strong><br>Francisco Larrondo fue campe\u00f3n en la Copa Senior A en el Recreo Mercantil.<br>C\u00e9sar Marotti gan\u00f3 en la Copa Senior B en el Centro Empleados de Comercio.<\/p>\n\n\n\n<p><strong>Aeromodelismo<\/strong><br>Alejandro Helvig alcanz\u00f3 tres podios en el campeonato de Rafaela.<\/p>\n\n\n\n<p><strong>Patinaje Art\u00edstico<\/strong><br>Luciana Stefanazzi fue subcampeona nacional en la categor\u00eda C1 15 a\u00f1os en Figuras Obligatorias en la Copa Gonz\u00e1lez Molina.<\/p>\n\n\n\n<p><strong>B\u00e1squet<\/strong><br>El equipo de Belgrano se consagr\u00f3 campe\u00f3n en los Juegos Deportivos Pampeanos.<\/p>\n\n\n\n<p><strong>Pat\u00edn Carrera<\/strong><br>La Escuela SRT Evolution tuvo una destacada participaci\u00f3n en la Marat\u00f3n ACP en Olavarr\u00eda.<\/p>\n\n\n\n<p><strong>Canotaje<\/strong><br>Paulina Barreiro, en la categor\u00eda Junior del Argentino de Velocidad, clasific\u00f3 para el Sudamericano de Uruguay.<\/p>\n\n\n\n<p><strong>Voleibol<\/strong><br>El equipo de Santa Rosa Voley se consagr\u00f3 campe\u00f3n en los Juegos Deportivos Pampeanos.<\/p>\n\n\n\n<p><strong>F\u00fatbol<\/strong><br>Agustina Maldonado fue convocada para entrenar con el seleccionado mayor de f\u00fatbol femenino durante una semana.<br>Adem\u00e1s, se otorgaron certificados a: Club La Barranca, Escuela SRT Evolution, Santa Rosa Voley, Club Belgrano, Selecci\u00f3n Pampeana de Hockey y Escuela 221.<\/p>\n\n\n\n<p><\/p>\n\n\n\n<p><\/p>\n\n\n\n<p><\/p>\n\n\n\n<p><\/p>\n\n\n\n<p><\/p>\n\n\n\n<p><\/p>\n\n\n\n<p><\/p>\n\n\n\n<p><\/p>\n\n\n\n<p><\/p>\n\n\n\n<p><\/p>\n\n\n\n<p><\/p>\n\n\n\n<p><\/p>\n\n\n\n<p><\/p>\n\n\n\n<p><\/p>\n","protected":false},"excerpt":{"rendered":"<p>En un acto celebrado en el Sindicato de Telecomunicaciones, la gesti\u00f3n de Luciano di N\u00e1poli otorg\u00f3 reconocimientos a los deportistas locales que se destacaron durante el mes de octubre, celebrando&hellip;<\/p>\n","protected":false},"author":3,"featured_media":282723,"comment_status":"closed","ping_status":"open","sticky":false,"template":"","format":"standard","meta":{"_acf_changed":false,"footnotes":""},"categories":[1,3],"tags":[],"class_list":["post-282721","post","type-post","status-publish","format-standard","has-post-thumbnail","hentry","category-es-noticia","category-deportes"],"acf":[],"yoast_head":"<!-- This site is optimized with the Yoast SEO plugin v27.5 - https:\/\/yoast.com\/product\/yoast-seo-wordpress\/ -->\n<title>Santa Rosa reconoci\u00f3 a los deportistas destacados de octubre - Diario Textual<\/title>\n<meta name=\"robots\" content=\"index, follow, max-snippet:-1, max-image-preview:large, max-video-preview:-1\" \/>\n<link rel=\"canonical\" href=\"https:\/\/diariotextual.com\/inicio\/index.php\/2024\/11\/29\/santa-rosa-reconocio-a-los-deportistas-destacados-de-octubre\/\" \/>\n<meta property=\"og:locale\" content=\"es_ES\" \/>\n<meta property=\"og:type\" content=\"article\" \/>\n<meta property=\"og:title\" content=\"Santa Rosa reconoci\u00f3 a los deportistas destacados de octubre - Diario Textual\" \/>\n<meta property=\"og:description\" content=\"En un acto celebrado en el Sindicato de Telecomunicaciones, la gesti\u00f3n de Luciano di N\u00e1poli otorg\u00f3 reconocimientos a los deportistas locales que se destacaron durante el mes de octubre, celebrando&hellip;\" \/>\n<meta property=\"og:url\" content=\"https:\/\/diariotextual.com\/inicio\/index.php\/2024\/11\/29\/santa-rosa-reconocio-a-los-deportistas-destacados-de-octubre\/\" \/>\n<meta property=\"og:site_name\" content=\"Diario Textual\" \/>\n<meta property=\"article:publisher\" content=\"https:\/\/www.facebook.com\/eltextual\" \/>\n<meta property=\"article:published_time\" content=\"2024-11-30T02:05:24+00:00\" \/>\n<meta property=\"article:modified_time\" content=\"2024-11-30T02:07:20+00:00\" \/>\n<meta property=\"og:image\" content=\"https:\/\/diariotextual.com\/inicio\/wp-content\/uploads\/2024\/11\/deportistasdestacadosoctubresantarosa2024-12.jpg\" \/>\n\t<meta property=\"og:image:width\" content=\"1040\" \/>\n\t<meta property=\"og:image:height\" content=\"585\" \/>\n\t<meta property=\"og:image:type\" content=\"image\/jpeg\" \/>\n<meta name=\"author\" content=\"Diario1 Diario1\" \/>\n<meta name=\"twitter:card\" content=\"summary_large_image\" \/>\n<meta name=\"twitter:creator\" content=\"@eltextual\" \/>\n<meta name=\"twitter:site\" content=\"@eltextual\" \/>\n<meta name=\"twitter:label1\" content=\"Escrito por\" \/>\n\t<meta name=\"twitter:data1\" content=\"Diario1 Diario1\" \/>\n\t<meta name=\"twitter:label2\" content=\"Tiempo de lectura\" \/>\n\t<meta name=\"twitter:data2\" content=\"4 minutos\" \/>\n<script type=\"application\/ld+json\" class=\"yoast-schema-graph\">{\"@context\":\"https:\\\/\\\/schema.org\",\"@graph\":[{\"@type\":\"Article\",\"@id\":\"https:\\\/\\\/diariotextual.com\\\/inicio\\\/index.php\\\/2024\\\/11\\\/29\\\/santa-rosa-reconocio-a-los-deportistas-destacados-de-octubre\\\/#article\",\"isPartOf\":{\"@id\":\"https:\\\/\\\/diariotextual.com\\\/inicio\\\/index.php\\\/2024\\\/11\\\/29\\\/santa-rosa-reconocio-a-los-deportistas-destacados-de-octubre\\\/\"},\"author\":{\"name\":\"Diario1 Diario1\",\"@id\":\"https:\\\/\\\/diariotextual.com\\\/inicio\\\/#\\\/schema\\\/person\\\/418fc4093c33e86ed41562db3508f958\"},\"headline\":\"Santa Rosa reconoci\u00f3 a los deportistas destacados de octubre\",\"datePublished\":\"2024-11-30T02:05:24+00:00\",\"dateModified\":\"2024-11-30T02:07:20+00:00\",\"mainEntityOfPage\":{\"@id\":\"https:\\\/\\\/diariotextual.com\\\/inicio\\\/index.php\\\/2024\\\/11\\\/29\\\/santa-rosa-reconocio-a-los-deportistas-destacados-de-octubre\\\/\"},\"wordCount\":822,\"publisher\":{\"@id\":\"https:\\\/\\\/diariotextual.com\\\/inicio\\\/#organization\"},\"image\":{\"@id\":\"https:\\\/\\\/diariotextual.com\\\/inicio\\\/index.php\\\/2024\\\/11\\\/29\\\/santa-rosa-reconocio-a-los-deportistas-destacados-de-octubre\\\/#primaryimage\"},\"thumbnailUrl\":\"https:\\\/\\\/diariotextual.com\\\/inicio\\\/wp-content\\\/uploads\\\/2024\\\/11\\\/deportistasdestacadosoctubresantarosa2024-12.jpg\",\"articleSection\":[\"A - ES NOTICIA (van abajo)\",\"DEPORTES\"],\"inLanguage\":\"es\"},{\"@type\":\"WebPage\",\"@id\":\"https:\\\/\\\/diariotextual.com\\\/inicio\\\/index.php\\\/2024\\\/11\\\/29\\\/santa-rosa-reconocio-a-los-deportistas-destacados-de-octubre\\\/\",\"url\":\"https:\\\/\\\/diariotextual.com\\\/inicio\\\/index.php\\\/2024\\\/11\\\/29\\\/santa-rosa-reconocio-a-los-deportistas-destacados-de-octubre\\\/\",\"name\":\"Santa Rosa reconoci\u00f3 a los deportistas destacados de octubre - Diario Textual\",\"isPartOf\":{\"@id\":\"https:\\\/\\\/diariotextual.com\\\/inicio\\\/#website\"},\"primaryImageOfPage\":{\"@id\":\"https:\\\/\\\/diariotextual.com\\\/inicio\\\/index.php\\\/2024\\\/11\\\/29\\\/santa-rosa-reconocio-a-los-deportistas-destacados-de-octubre\\\/#primaryimage\"},\"image\":{\"@id\":\"https:\\\/\\\/diariotextual.com\\\/inicio\\\/index.php\\\/2024\\\/11\\\/29\\\/santa-rosa-reconocio-a-los-deportistas-destacados-de-octubre\\\/#primaryimage\"},\"thumbnailUrl\":\"https:\\\/\\\/diariotextual.com\\\/inicio\\\/wp-content\\\/uploads\\\/2024\\\/11\\\/deportistasdestacadosoctubresantarosa2024-12.jpg\",\"datePublished\":\"2024-11-30T02:05:24+00:00\",\"dateModified\":\"2024-11-30T02:07:20+00:00\",\"breadcrumb\":{\"@id\":\"https:\\\/\\\/diariotextual.com\\\/inicio\\\/index.php\\\/2024\\\/11\\\/29\\\/santa-rosa-reconocio-a-los-deportistas-destacados-de-octubre\\\/#breadcrumb\"},\"inLanguage\":\"es\",\"potentialAction\":[{\"@type\":\"ReadAction\",\"target\":[\"https:\\\/\\\/diariotextual.com\\\/inicio\\\/index.php\\\/2024\\\/11\\\/29\\\/santa-rosa-reconocio-a-los-deportistas-destacados-de-octubre\\\/\"]}]},{\"@type\":\"ImageObject\",\"inLanguage\":\"es\",\"@id\":\"https:\\\/\\\/diariotextual.com\\\/inicio\\\/index.php\\\/2024\\\/11\\\/29\\\/santa-rosa-reconocio-a-los-deportistas-destacados-de-octubre\\\/#primaryimage\",\"url\":\"https:\\\/\\\/diariotextual.com\\\/inicio\\\/wp-content\\\/uploads\\\/2024\\\/11\\\/deportistasdestacadosoctubresantarosa2024-12.jpg\",\"contentUrl\":\"https:\\\/\\\/diariotextual.com\\\/inicio\\\/wp-content\\\/uploads\\\/2024\\\/11\\\/deportistasdestacadosoctubresantarosa2024-12.jpg\",\"width\":1040,\"height\":585},{\"@type\":\"BreadcrumbList\",\"@id\":\"https:\\\/\\\/diariotextual.com\\\/inicio\\\/index.php\\\/2024\\\/11\\\/29\\\/santa-rosa-reconocio-a-los-deportistas-destacados-de-octubre\\\/#breadcrumb\",\"itemListElement\":[{\"@type\":\"ListItem\",\"position\":1,\"name\":\"Portada\",\"item\":\"https:\\\/\\\/diariotextual.com\\\/inicio\\\/\"},{\"@type\":\"ListItem\",\"position\":2,\"name\":\"Santa Rosa reconoci\u00f3 a los deportistas destacados de octubre\"}]},{\"@type\":\"WebSite\",\"@id\":\"https:\\\/\\\/diariotextual.com\\\/inicio\\\/#website\",\"url\":\"https:\\\/\\\/diariotextual.com\\\/inicio\\\/\",\"name\":\"Diario Textual\",\"description\":\"\",\"publisher\":{\"@id\":\"https:\\\/\\\/diariotextual.com\\\/inicio\\\/#organization\"},\"potentialAction\":[{\"@type\":\"SearchAction\",\"target\":{\"@type\":\"EntryPoint\",\"urlTemplate\":\"https:\\\/\\\/diariotextual.com\\\/inicio\\\/?s={search_term_string}\"},\"query-input\":{\"@type\":\"PropertyValueSpecification\",\"valueRequired\":true,\"valueName\":\"search_term_string\"}}],\"inLanguage\":\"es\"},{\"@type\":\"Organization\",\"@id\":\"https:\\\/\\\/diariotextual.com\\\/inicio\\\/#organization\",\"name\":\"Diario Textual\",\"url\":\"https:\\\/\\\/diariotextual.com\\\/inicio\\\/\",\"logo\":{\"@type\":\"ImageObject\",\"inLanguage\":\"es\",\"@id\":\"https:\\\/\\\/diariotextual.com\\\/inicio\\\/#\\\/schema\\\/logo\\\/image\\\/\",\"url\":\"https:\\\/\\\/diariotextual.com\\\/inicio\\\/wp-content\\\/uploads\\\/2023\\\/05\\\/logotextual1.jpg\",\"contentUrl\":\"https:\\\/\\\/diariotextual.com\\\/inicio\\\/wp-content\\\/uploads\\\/2023\\\/05\\\/logotextual1.jpg\",\"width\":516,\"height\":76,\"caption\":\"Diario Textual\"},\"image\":{\"@id\":\"https:\\\/\\\/diariotextual.com\\\/inicio\\\/#\\\/schema\\\/logo\\\/image\\\/\"},\"sameAs\":[\"https:\\\/\\\/www.facebook.com\\\/eltextual\",\"https:\\\/\\\/x.com\\\/eltextual\",\"http:\\\/\\\/www.instagram.com\\\/eltextual\"]},{\"@type\":\"Person\",\"@id\":\"https:\\\/\\\/diariotextual.com\\\/inicio\\\/#\\\/schema\\\/person\\\/418fc4093c33e86ed41562db3508f958\",\"name\":\"Diario1 Diario1\",\"image\":{\"@type\":\"ImageObject\",\"inLanguage\":\"es\",\"@id\":\"https:\\\/\\\/secure.gravatar.com\\\/avatar\\\/9167d280179c85bc18be67aa7eda765854300033af4896dd779b608640f2ef7a?s=96&d=mm&r=g\",\"url\":\"https:\\\/\\\/secure.gravatar.com\\\/avatar\\\/9167d280179c85bc18be67aa7eda765854300033af4896dd779b608640f2ef7a?s=96&d=mm&r=g\",\"contentUrl\":\"https:\\\/\\\/secure.gravatar.com\\\/avatar\\\/9167d280179c85bc18be67aa7eda765854300033af4896dd779b608640f2ef7a?s=96&d=mm&r=g\",\"caption\":\"Diario1 Diario1\"},\"url\":\"https:\\\/\\\/diariotextual.com\\\/inicio\\\/index.php\\\/author\\\/diario1\\\/\"}]}<\/script>\n<!-- \/ Yoast SEO plugin. -->","yoast_head_json":{"title":"Santa Rosa reconoci\u00f3 a los deportistas destacados de octubre - Diario Textual","robots":{"index":"index","follow":"follow","max-snippet":"max-snippet:-1","max-image-preview":"max-image-preview:large","max-video-preview":"max-video-preview:-1"},"canonical":"https:\/\/diariotextual.com\/inicio\/index.php\/2024\/11\/29\/santa-rosa-reconocio-a-los-deportistas-destacados-de-octubre\/","og_locale":"es_ES","og_type":"article","og_title":"Santa Rosa reconoci\u00f3 a los deportistas destacados de octubre - Diario Textual","og_description":"En un acto celebrado en el Sindicato de Telecomunicaciones, la gesti\u00f3n de Luciano di N\u00e1poli otorg\u00f3 reconocimientos a los deportistas locales que se destacaron durante el mes de octubre, celebrando&hellip;","og_url":"https:\/\/diariotextual.com\/inicio\/index.php\/2024\/11\/29\/santa-rosa-reconocio-a-los-deportistas-destacados-de-octubre\/","og_site_name":"Diario Textual","article_publisher":"https:\/\/www.facebook.com\/eltextual","article_published_time":"2024-11-30T02:05:24+00:00","article_modified_time":"2024-11-30T02:07:20+00:00","og_image":[{"width":1040,"height":585,"url":"https:\/\/diariotextual.com\/inicio\/wp-content\/uploads\/2024\/11\/deportistasdestacadosoctubresantarosa2024-12.jpg","type":"image\/jpeg"}],"author":"Diario1 Diario1","twitter_card":"summary_large_image","twitter_creator":"@eltextual","twitter_site":"@eltextual","twitter_misc":{"Escrito por":"Diario1 Diario1","Tiempo de lectura":"4 minutos"},"schema":{"@context":"https:\/\/schema.org","@graph":[{"@type":"Article","@id":"https:\/\/diariotextual.com\/inicio\/index.php\/2024\/11\/29\/santa-rosa-reconocio-a-los-deportistas-destacados-de-octubre\/#article","isPartOf":{"@id":"https:\/\/diariotextual.com\/inicio\/index.php\/2024\/11\/29\/santa-rosa-reconocio-a-los-deportistas-destacados-de-octubre\/"},"author":{"name":"Diario1 Diario1","@id":"https:\/\/diariotextual.com\/inicio\/#\/schema\/person\/418fc4093c33e86ed41562db3508f958"},"headline":"Santa Rosa reconoci\u00f3 a los deportistas destacados de octubre","datePublished":"2024-11-30T02:05:24+00:00","dateModified":"2024-11-30T02:07:20+00:00","mainEntityOfPage":{"@id":"https:\/\/diariotextual.com\/inicio\/index.php\/2024\/11\/29\/santa-rosa-reconocio-a-los-deportistas-destacados-de-octubre\/"},"wordCount":822,"publisher":{"@id":"https:\/\/diariotextual.com\/inicio\/#organization"},"image":{"@id":"https:\/\/diariotextual.com\/inicio\/index.php\/2024\/11\/29\/santa-rosa-reconocio-a-los-deportistas-destacados-de-octubre\/#primaryimage"},"thumbnailUrl":"https:\/\/diariotextual.com\/inicio\/wp-content\/uploads\/2024\/11\/deportistasdestacadosoctubresantarosa2024-12.jpg","articleSection":["A - ES NOTICIA (van abajo)","DEPORTES"],"inLanguage":"es"},{"@type":"WebPage","@id":"https:\/\/diariotextual.com\/inicio\/index.php\/2024\/11\/29\/santa-rosa-reconocio-a-los-deportistas-destacados-de-octubre\/","url":"https:\/\/diariotextual.com\/inicio\/index.php\/2024\/11\/29\/santa-rosa-reconocio-a-los-deportistas-destacados-de-octubre\/","name":"Santa Rosa reconoci\u00f3 a los deportistas destacados de octubre - Diario Textual","isPartOf":{"@id":"https:\/\/diariotextual.com\/inicio\/#website"},"primaryImageOfPage":{"@id":"https:\/\/diariotextual.com\/inicio\/index.php\/2024\/11\/29\/santa-rosa-reconocio-a-los-deportistas-destacados-de-octubre\/#primaryimage"},"image":{"@id":"https:\/\/diariotextual.com\/inicio\/index.php\/2024\/11\/29\/santa-rosa-reconocio-a-los-deportistas-destacados-de-octubre\/#primaryimage"},"thumbnailUrl":"https:\/\/diariotextual.com\/inicio\/wp-content\/uploads\/2024\/11\/deportistasdestacadosoctubresantarosa2024-12.jpg","datePublished":"2024-11-30T02:05:24+00:00","dateModified":"2024-11-30T02:07:20+00:00","breadcrumb":{"@id":"https:\/\/diariotextual.com\/inicio\/index.php\/2024\/11\/29\/santa-rosa-reconocio-a-los-deportistas-destacados-de-octubre\/#breadcrumb"},"inLanguage":"es","potentialAction":[{"@type":"ReadAction","target":["https:\/\/diariotextual.com\/inicio\/index.php\/2024\/11\/29\/santa-rosa-reconocio-a-los-deportistas-destacados-de-octubre\/"]}]},{"@type":"ImageObject","inLanguage":"es","@id":"https:\/\/diariotextual.com\/inicio\/index.php\/2024\/11\/29\/santa-rosa-reconocio-a-los-deportistas-destacados-de-octubre\/#primaryimage","url":"https:\/\/diariotextual.com\/inicio\/wp-content\/uploads\/2024\/11\/deportistasdestacadosoctubresantarosa2024-12.jpg","contentUrl":"https:\/\/diariotextual.com\/inicio\/wp-content\/uploads\/2024\/11\/deportistasdestacadosoctubresantarosa2024-12.jpg","width":1040,"height":585},{"@type":"BreadcrumbList","@id":"https:\/\/diariotextual.com\/inicio\/index.php\/2024\/11\/29\/santa-rosa-reconocio-a-los-deportistas-destacados-de-octubre\/#breadcrumb","itemListElement":[{"@type":"ListItem","position":1,"name":"Portada","item":"https:\/\/diariotextual.com\/inicio\/"},{"@type":"ListItem","position":2,"name":"Santa Rosa reconoci\u00f3 a los deportistas destacados de octubre"}]},{"@type":"WebSite","@id":"https:\/\/diariotextual.com\/inicio\/#website","url":"https:\/\/diariotextual.com\/inicio\/","name":"Diario Textual","description":"","publisher":{"@id":"https:\/\/diariotextual.com\/inicio\/#organization"},"potentialAction":[{"@type":"SearchAction","target":{"@type":"EntryPoint","urlTemplate":"https:\/\/diariotextual.com\/inicio\/?s={search_term_string}"},"query-input":{"@type":"PropertyValueSpecification","valueRequired":true,"valueName":"search_term_string"}}],"inLanguage":"es"},{"@type":"Organization","@id":"https:\/\/diariotextual.com\/inicio\/#organization","name":"Diario Textual","url":"https:\/\/diariotextual.com\/inicio\/","logo":{"@type":"ImageObject","inLanguage":"es","@id":"https:\/\/diariotextual.com\/inicio\/#\/schema\/logo\/image\/","url":"https:\/\/diariotextual.com\/inicio\/wp-content\/uploads\/2023\/05\/logotextual1.jpg","contentUrl":"https:\/\/diariotextual.com\/inicio\/wp-content\/uploads\/2023\/05\/logotextual1.jpg","width":516,"height":76,"caption":"Diario Textual"},"image":{"@id":"https:\/\/diariotextual.com\/inicio\/#\/schema\/logo\/image\/"},"sameAs":["https:\/\/www.facebook.com\/eltextual","https:\/\/x.com\/eltextual","http:\/\/www.instagram.com\/eltextual"]},{"@type":"Person","@id":"https:\/\/diariotextual.com\/inicio\/#\/schema\/person\/418fc4093c33e86ed41562db3508f958","name":"Diario1 Diario1","image":{"@type":"ImageObject","inLanguage":"es","@id":"https:\/\/secure.gravatar.com\/avatar\/9167d280179c85bc18be67aa7eda765854300033af4896dd779b608640f2ef7a?s=96&d=mm&r=g","url":"https:\/\/secure.gravatar.com\/avatar\/9167d280179c85bc18be67aa7eda765854300033af4896dd779b608640f2ef7a?s=96&d=mm&r=g","contentUrl":"https:\/\/secure.gravatar.com\/avatar\/9167d280179c85bc18be67aa7eda765854300033af4896dd779b608640f2ef7a?s=96&d=mm&r=g","caption":"Diario1 Diario1"},"url":"https:\/\/diariotextual.com\/inicio\/index.php\/author\/diario1\/"}]}},"_links":{"self":[{"href":"https:\/\/diariotextual.com\/inicio\/index.php\/wp-json\/wp\/v2\/posts\/282721","targetHints":{"allow":["GET"]}}],"collection":[{"href":"https:\/\/diariotextual.com\/inicio\/index.php\/wp-json\/wp\/v2\/posts"}],"about":[{"href":"https:\/\/diariotextual.com\/inicio\/index.php\/wp-json\/wp\/v2\/types\/post"}],"author":[{"embeddable":true,"href":"https:\/\/diariotextual.com\/inicio\/index.php\/wp-json\/wp\/v2\/users\/3"}],"replies":[{"embeddable":true,"href":"https:\/\/diariotextual.com\/inicio\/index.php\/wp-json\/wp\/v2\/comments?post=282721"}],"version-history":[{"count":2,"href":"https:\/\/diariotextual.com\/inicio\/index.php\/wp-json\/wp\/v2\/posts\/282721\/revisions"}],"predecessor-version":[{"id":282725,"href":"https:\/\/diariotextual.com\/inicio\/index.php\/wp-json\/wp\/v2\/posts\/282721\/revisions\/282725"}],"wp:featuredmedia":[{"embeddable":true,"href":"https:\/\/diariotextual.com\/inicio\/index.php\/wp-json\/wp\/v2\/media\/282723"}],"wp:attachment":[{"href":"https:\/\/diariotextual.com\/inicio\/index.php\/wp-json\/wp\/v2\/media?parent=282721"}],"wp:term":[{"taxonomy":"category","embeddable":true,"href":"https:\/\/diariotextual.com\/inicio\/index.php\/wp-json\/wp\/v2\/categories?post=282721"},{"taxonomy":"post_tag","embeddable":true,"href":"https:\/\/diariotextual.com\/inicio\/index.php\/wp-json\/wp\/v2\/tags?post=282721"}],"curies":[{"name":"wp","href":"https:\/\/api.w.org\/{rel}","templated":true}]}}