{"id":282738,"date":"2024-11-30T19:00:00","date_gmt":"2024-11-30T22:00:00","guid":{"rendered":"https:\/\/diariotextual.com\/inicio\/?p=282738"},"modified":"2024-11-30T22:27:34","modified_gmt":"2024-12-01T01:27:34","slug":"atletico-mineiro-y-botafogo-juegan-la-final-de-la-libertadores-hora-tv-y-formaciones","status":"publish","type":"post","link":"https:\/\/diariotextual.com\/inicio\/index.php\/2024\/11\/30\/atletico-mineiro-y-botafogo-juegan-la-final-de-la-libertadores-hora-tv-y-formaciones\/","title":{"rendered":"Botafogo gole\u00f3 a Atl\u00e9tico Mineiro y gan\u00f3 su primera Libertadores"},"content":{"rendered":"\n<p><strong>Botafogo derrot\u00f3 por 3-1 a Atl\u00e9tico Mineiro<\/strong>&nbsp;y se convirti\u00f3 en el&nbsp;<strong>nuevo campe\u00f3n de la Copa Libertadores<\/strong>, conquistando por primera vez este t\u00edtulo internacional.<\/p>\n\n\n\n<p>Los goles del encuentro los convirtieron el mediocampista&nbsp;<strong>Luiz Henrique<\/strong>, el defensor&nbsp;<strong>Alex Telles<\/strong>&nbsp;y el delantero&nbsp;<strong>J\u00fanior Santos<\/strong>&nbsp;para el \u201cFog\u00e3o\u201d. Mientras que el delantero chileno&nbsp;<strong>Eduardo Vargas<\/strong>&nbsp;descont\u00f3 para el \u201cGalo\u201d.<\/p>\n\n\n\n<p>El partido comenz\u00f3 con una expulsi\u00f3n al minuto del mediocampista del \u201cFog\u00e3o\u201d,&nbsp;<strong>Gregore<\/strong>&nbsp;despu\u00e9s de una fuerte patada a la cabeza del mediocampista argentino&nbsp;<strong>Fausto Vera<\/strong>&nbsp;y, de esa manera, los dirigidos por&nbsp;&nbsp;<strong>Artur Jorge&nbsp;<\/strong>se quedaron con un jugador menos.<\/p>\n\n\n\n<p>Si bien Atl\u00e9tico Mineiro aprovech\u00f3 esta diferencia num\u00e9rica para tener las llegadas m\u00e1s peligrosas al arco y controlar el bal\u00f3n, a los 35 minutos de la primera parte el mediocampista&nbsp;<strong>Henrique rompi\u00f3 el cero en el estadio Monumental.<\/strong><\/p>\n\n\n\n<p>El argentino&nbsp;<strong>Thiago Almada fue el encargado de llevar el bal\u00f3n al \u00e1rea<\/strong>, que posteriormente termin\u00f3 en el gol del jugador brasile\u00f1o.<\/p>\n\n\n\n<p>A los 42 minutos&nbsp;<strong>el \u00e1rbitro Facundo Tello marc\u00f3 penal para Botafogo<\/strong>&nbsp;tras una revisi\u00f3n en el VAR, determinando que el arquero&nbsp;<strong>\u00c9verson<\/strong>, posteriormente amonestado, fue de forma peligrosa sobre su rival.<\/p>\n\n\n\n<p>El defensor&nbsp;<strong>Telles le peg\u00f3 cruzado al lado izquierdo del arquero del Atl\u00e9tico Mineiro y cambi\u00f3 el penal por gol<\/strong>, ampliando la ventaja del \u201cFog\u00e3o\u201d sobre el \u201cGalo\u201d.<\/p>\n\n\n\n<p>En el complemento, desde el inicio, el \u201cGalo\u201d fue en busca de achicar la ventaja en el marcador, por lo que realiz\u00f3 tres cambios: los defensores&nbsp;<strong>Mariano y Bernard<\/strong>&nbsp;y el delantero&nbsp;<strong>Eduardo Vargas.<\/strong><\/p>\n\n\n\n<p>Fue el chileno<strong>&nbsp;Vargas quien descont\u00f3 para el Atl\u00e9tico Mineiro<\/strong>&nbsp;en la primera jugada de este segundo tiempo, despu\u00e9s de conectar de cabeza con el bal\u00f3n y nada pudo hacer el arquero&nbsp;<strong>John<\/strong>&nbsp;para detenerlo.<\/p>\n\n\n\n<p>En la \u00faltima jugada del partido, el delantero de Botafogo,&nbsp;<strong>Santo termin\u00f3 de sellar la victoria&nbsp;<\/strong>para ampliar su ventaja en el marcador por 3-1.<\/p>\n\n\n\n<p>De esta forma, los dirigidos por&nbsp;<strong>Artur Jorge<\/strong>&nbsp;<strong>se consagraron campeones por primera vez de la Copa Libertadores<\/strong>&nbsp;despu\u00e9s de dejar en su paso a<strong>&nbsp;Pe\u00f1arol<\/strong>&nbsp;(Uruguay),<strong>&nbsp;San Pablo<\/strong>&nbsp;(Brasil),&nbsp;<strong>Palmeiras<\/strong>&nbsp;(Brasil) y, en la final, a&nbsp;<strong>Atl\u00e9tico Mineiro<\/strong>.<\/p>\n\n\n\n<p><\/p>\n\n\n\n<p><\/p>\n","protected":false},"excerpt":{"rendered":"<p>Botafogo derrot\u00f3 por 3-1 a Atl\u00e9tico Mineiro&nbsp;y se convirti\u00f3 en el&nbsp;nuevo campe\u00f3n de la Copa Libertadores, conquistando por primera vez este t\u00edtulo internacional. Los goles del encuentro los convirtieron el&hellip;<\/p>\n","protected":false},"author":3,"featured_media":282771,"comment_status":"closed","ping_status":"open","sticky":false,"template":"","format":"standard","meta":{"_acf_changed":false,"footnotes":""},"categories":[1,3],"tags":[],"class_list":["post-282738","post","type-post","status-publish","format-standard","has-post-thumbnail","hentry","category-es-noticia","category-deportes"],"acf":[],"yoast_head":"<!-- This site is optimized with the Yoast SEO plugin v27.5 - https:\/\/yoast.com\/product\/yoast-seo-wordpress\/ -->\n<title>Botafogo gole\u00f3 a Atl\u00e9tico Mineiro y gan\u00f3 su primera Libertadores - Diario Textual<\/title>\n<meta name=\"robots\" content=\"index, follow, max-snippet:-1, max-image-preview:large, max-video-preview:-1\" \/>\n<link rel=\"canonical\" href=\"https:\/\/diariotextual.com\/inicio\/index.php\/2024\/11\/30\/atletico-mineiro-y-botafogo-juegan-la-final-de-la-libertadores-hora-tv-y-formaciones\/\" \/>\n<meta property=\"og:locale\" content=\"es_ES\" \/>\n<meta property=\"og:type\" content=\"article\" \/>\n<meta property=\"og:title\" content=\"Botafogo gole\u00f3 a Atl\u00e9tico Mineiro y gan\u00f3 su primera Libertadores - Diario Textual\" \/>\n<meta property=\"og:description\" content=\"Botafogo derrot\u00f3 por 3-1 a Atl\u00e9tico Mineiro&nbsp;y se convirti\u00f3 en el&nbsp;nuevo campe\u00f3n de la Copa Libertadores, conquistando por primera vez este t\u00edtulo internacional. Los goles del encuentro los convirtieron el&hellip;\" \/>\n<meta property=\"og:url\" content=\"https:\/\/diariotextual.com\/inicio\/index.php\/2024\/11\/30\/atletico-mineiro-y-botafogo-juegan-la-final-de-la-libertadores-hora-tv-y-formaciones\/\" \/>\n<meta property=\"og:site_name\" content=\"Diario Textual\" \/>\n<meta property=\"article:publisher\" content=\"https:\/\/www.facebook.com\/eltextual\" \/>\n<meta property=\"article:published_time\" content=\"2024-11-30T22:00:00+00:00\" \/>\n<meta property=\"article:modified_time\" content=\"2024-12-01T01:27:34+00:00\" \/>\n<meta property=\"og:image\" content=\"https:\/\/diariotextual.com\/inicio\/wp-content\/uploads\/2024\/11\/botafogocampeonlibertadores2024-1.jpg\" \/>\n\t<meta property=\"og:image:width\" content=\"1400\" \/>\n\t<meta property=\"og:image:height\" content=\"935\" \/>\n\t<meta property=\"og:image:type\" content=\"image\/jpeg\" \/>\n<meta name=\"author\" content=\"Diario1 Diario1\" \/>\n<meta name=\"twitter:card\" content=\"summary_large_image\" \/>\n<meta name=\"twitter:creator\" content=\"@eltextual\" \/>\n<meta name=\"twitter:site\" content=\"@eltextual\" \/>\n<meta name=\"twitter:label1\" content=\"Escrito por\" \/>\n\t<meta name=\"twitter:data1\" content=\"Diario1 Diario1\" \/>\n\t<meta name=\"twitter:label2\" content=\"Tiempo de lectura\" \/>\n\t<meta name=\"twitter:data2\" content=\"2 minutos\" \/>\n<script type=\"application\/ld+json\" class=\"yoast-schema-graph\">{\"@context\":\"https:\\\/\\\/schema.org\",\"@graph\":[{\"@type\":\"Article\",\"@id\":\"https:\\\/\\\/diariotextual.com\\\/inicio\\\/index.php\\\/2024\\\/11\\\/30\\\/atletico-mineiro-y-botafogo-juegan-la-final-de-la-libertadores-hora-tv-y-formaciones\\\/#article\",\"isPartOf\":{\"@id\":\"https:\\\/\\\/diariotextual.com\\\/inicio\\\/index.php\\\/2024\\\/11\\\/30\\\/atletico-mineiro-y-botafogo-juegan-la-final-de-la-libertadores-hora-tv-y-formaciones\\\/\"},\"author\":{\"name\":\"Diario1 Diario1\",\"@id\":\"https:\\\/\\\/diariotextual.com\\\/inicio\\\/#\\\/schema\\\/person\\\/418fc4093c33e86ed41562db3508f958\"},\"headline\":\"Botafogo gole\u00f3 a Atl\u00e9tico Mineiro y gan\u00f3 su primera Libertadores\",\"datePublished\":\"2024-11-30T22:00:00+00:00\",\"dateModified\":\"2024-12-01T01:27:34+00:00\",\"mainEntityOfPage\":{\"@id\":\"https:\\\/\\\/diariotextual.com\\\/inicio\\\/index.php\\\/2024\\\/11\\\/30\\\/atletico-mineiro-y-botafogo-juegan-la-final-de-la-libertadores-hora-tv-y-formaciones\\\/\"},\"wordCount\":425,\"publisher\":{\"@id\":\"https:\\\/\\\/diariotextual.com\\\/inicio\\\/#organization\"},\"image\":{\"@id\":\"https:\\\/\\\/diariotextual.com\\\/inicio\\\/index.php\\\/2024\\\/11\\\/30\\\/atletico-mineiro-y-botafogo-juegan-la-final-de-la-libertadores-hora-tv-y-formaciones\\\/#primaryimage\"},\"thumbnailUrl\":\"https:\\\/\\\/diariotextual.com\\\/inicio\\\/wp-content\\\/uploads\\\/2024\\\/11\\\/botafogocampeonlibertadores2024-1.jpg\",\"articleSection\":[\"A - ES NOTICIA (van abajo)\",\"DEPORTES\"],\"inLanguage\":\"es\"},{\"@type\":\"WebPage\",\"@id\":\"https:\\\/\\\/diariotextual.com\\\/inicio\\\/index.php\\\/2024\\\/11\\\/30\\\/atletico-mineiro-y-botafogo-juegan-la-final-de-la-libertadores-hora-tv-y-formaciones\\\/\",\"url\":\"https:\\\/\\\/diariotextual.com\\\/inicio\\\/index.php\\\/2024\\\/11\\\/30\\\/atletico-mineiro-y-botafogo-juegan-la-final-de-la-libertadores-hora-tv-y-formaciones\\\/\",\"name\":\"Botafogo gole\u00f3 a Atl\u00e9tico Mineiro y gan\u00f3 su primera Libertadores - Diario Textual\",\"isPartOf\":{\"@id\":\"https:\\\/\\\/diariotextual.com\\\/inicio\\\/#website\"},\"primaryImageOfPage\":{\"@id\":\"https:\\\/\\\/diariotextual.com\\\/inicio\\\/index.php\\\/2024\\\/11\\\/30\\\/atletico-mineiro-y-botafogo-juegan-la-final-de-la-libertadores-hora-tv-y-formaciones\\\/#primaryimage\"},\"image\":{\"@id\":\"https:\\\/\\\/diariotextual.com\\\/inicio\\\/index.php\\\/2024\\\/11\\\/30\\\/atletico-mineiro-y-botafogo-juegan-la-final-de-la-libertadores-hora-tv-y-formaciones\\\/#primaryimage\"},\"thumbnailUrl\":\"https:\\\/\\\/diariotextual.com\\\/inicio\\\/wp-content\\\/uploads\\\/2024\\\/11\\\/botafogocampeonlibertadores2024-1.jpg\",\"datePublished\":\"2024-11-30T22:00:00+00:00\",\"dateModified\":\"2024-12-01T01:27:34+00:00\",\"breadcrumb\":{\"@id\":\"https:\\\/\\\/diariotextual.com\\\/inicio\\\/index.php\\\/2024\\\/11\\\/30\\\/atletico-mineiro-y-botafogo-juegan-la-final-de-la-libertadores-hora-tv-y-formaciones\\\/#breadcrumb\"},\"inLanguage\":\"es\",\"potentialAction\":[{\"@type\":\"ReadAction\",\"target\":[\"https:\\\/\\\/diariotextual.com\\\/inicio\\\/index.php\\\/2024\\\/11\\\/30\\\/atletico-mineiro-y-botafogo-juegan-la-final-de-la-libertadores-hora-tv-y-formaciones\\\/\"]}]},{\"@type\":\"ImageObject\",\"inLanguage\":\"es\",\"@id\":\"https:\\\/\\\/diariotextual.com\\\/inicio\\\/index.php\\\/2024\\\/11\\\/30\\\/atletico-mineiro-y-botafogo-juegan-la-final-de-la-libertadores-hora-tv-y-formaciones\\\/#primaryimage\",\"url\":\"https:\\\/\\\/diariotextual.com\\\/inicio\\\/wp-content\\\/uploads\\\/2024\\\/11\\\/botafogocampeonlibertadores2024-1.jpg\",\"contentUrl\":\"https:\\\/\\\/diariotextual.com\\\/inicio\\\/wp-content\\\/uploads\\\/2024\\\/11\\\/botafogocampeonlibertadores2024-1.jpg\",\"width\":1400,\"height\":935},{\"@type\":\"BreadcrumbList\",\"@id\":\"https:\\\/\\\/diariotextual.com\\\/inicio\\\/index.php\\\/2024\\\/11\\\/30\\\/atletico-mineiro-y-botafogo-juegan-la-final-de-la-libertadores-hora-tv-y-formaciones\\\/#breadcrumb\",\"itemListElement\":[{\"@type\":\"ListItem\",\"position\":1,\"name\":\"Portada\",\"item\":\"https:\\\/\\\/diariotextual.com\\\/inicio\\\/\"},{\"@type\":\"ListItem\",\"position\":2,\"name\":\"Botafogo gole\u00f3 a Atl\u00e9tico Mineiro y gan\u00f3 su primera Libertadores\"}]},{\"@type\":\"WebSite\",\"@id\":\"https:\\\/\\\/diariotextual.com\\\/inicio\\\/#website\",\"url\":\"https:\\\/\\\/diariotextual.com\\\/inicio\\\/\",\"name\":\"Diario Textual\",\"description\":\"\",\"publisher\":{\"@id\":\"https:\\\/\\\/diariotextual.com\\\/inicio\\\/#organization\"},\"potentialAction\":[{\"@type\":\"SearchAction\",\"target\":{\"@type\":\"EntryPoint\",\"urlTemplate\":\"https:\\\/\\\/diariotextual.com\\\/inicio\\\/?s={search_term_string}\"},\"query-input\":{\"@type\":\"PropertyValueSpecification\",\"valueRequired\":true,\"valueName\":\"search_term_string\"}}],\"inLanguage\":\"es\"},{\"@type\":\"Organization\",\"@id\":\"https:\\\/\\\/diariotextual.com\\\/inicio\\\/#organization\",\"name\":\"Diario Textual\",\"url\":\"https:\\\/\\\/diariotextual.com\\\/inicio\\\/\",\"logo\":{\"@type\":\"ImageObject\",\"inLanguage\":\"es\",\"@id\":\"https:\\\/\\\/diariotextual.com\\\/inicio\\\/#\\\/schema\\\/logo\\\/image\\\/\",\"url\":\"https:\\\/\\\/diariotextual.com\\\/inicio\\\/wp-content\\\/uploads\\\/2023\\\/05\\\/logotextual1.jpg\",\"contentUrl\":\"https:\\\/\\\/diariotextual.com\\\/inicio\\\/wp-content\\\/uploads\\\/2023\\\/05\\\/logotextual1.jpg\",\"width\":516,\"height\":76,\"caption\":\"Diario Textual\"},\"image\":{\"@id\":\"https:\\\/\\\/diariotextual.com\\\/inicio\\\/#\\\/schema\\\/logo\\\/image\\\/\"},\"sameAs\":[\"https:\\\/\\\/www.facebook.com\\\/eltextual\",\"https:\\\/\\\/x.com\\\/eltextual\",\"http:\\\/\\\/www.instagram.com\\\/eltextual\"]},{\"@type\":\"Person\",\"@id\":\"https:\\\/\\\/diariotextual.com\\\/inicio\\\/#\\\/schema\\\/person\\\/418fc4093c33e86ed41562db3508f958\",\"name\":\"Diario1 Diario1\",\"image\":{\"@type\":\"ImageObject\",\"inLanguage\":\"es\",\"@id\":\"https:\\\/\\\/secure.gravatar.com\\\/avatar\\\/9167d280179c85bc18be67aa7eda765854300033af4896dd779b608640f2ef7a?s=96&d=mm&r=g\",\"url\":\"https:\\\/\\\/secure.gravatar.com\\\/avatar\\\/9167d280179c85bc18be67aa7eda765854300033af4896dd779b608640f2ef7a?s=96&d=mm&r=g\",\"contentUrl\":\"https:\\\/\\\/secure.gravatar.com\\\/avatar\\\/9167d280179c85bc18be67aa7eda765854300033af4896dd779b608640f2ef7a?s=96&d=mm&r=g\",\"caption\":\"Diario1 Diario1\"},\"url\":\"https:\\\/\\\/diariotextual.com\\\/inicio\\\/index.php\\\/author\\\/diario1\\\/\"}]}<\/script>\n<!-- \/ Yoast SEO plugin. -->","yoast_head_json":{"title":"Botafogo gole\u00f3 a Atl\u00e9tico Mineiro y gan\u00f3 su primera Libertadores - Diario Textual","robots":{"index":"index","follow":"follow","max-snippet":"max-snippet:-1","max-image-preview":"max-image-preview:large","max-video-preview":"max-video-preview:-1"},"canonical":"https:\/\/diariotextual.com\/inicio\/index.php\/2024\/11\/30\/atletico-mineiro-y-botafogo-juegan-la-final-de-la-libertadores-hora-tv-y-formaciones\/","og_locale":"es_ES","og_type":"article","og_title":"Botafogo gole\u00f3 a Atl\u00e9tico Mineiro y gan\u00f3 su primera Libertadores - Diario Textual","og_description":"Botafogo derrot\u00f3 por 3-1 a Atl\u00e9tico Mineiro&nbsp;y se convirti\u00f3 en el&nbsp;nuevo campe\u00f3n de la Copa Libertadores, conquistando por primera vez este t\u00edtulo internacional. Los goles del encuentro los convirtieron el&hellip;","og_url":"https:\/\/diariotextual.com\/inicio\/index.php\/2024\/11\/30\/atletico-mineiro-y-botafogo-juegan-la-final-de-la-libertadores-hora-tv-y-formaciones\/","og_site_name":"Diario Textual","article_publisher":"https:\/\/www.facebook.com\/eltextual","article_published_time":"2024-11-30T22:00:00+00:00","article_modified_time":"2024-12-01T01:27:34+00:00","og_image":[{"width":1400,"height":935,"url":"https:\/\/diariotextual.com\/inicio\/wp-content\/uploads\/2024\/11\/botafogocampeonlibertadores2024-1.jpg","type":"image\/jpeg"}],"author":"Diario1 Diario1","twitter_card":"summary_large_image","twitter_creator":"@eltextual","twitter_site":"@eltextual","twitter_misc":{"Escrito por":"Diario1 Diario1","Tiempo de lectura":"2 minutos"},"schema":{"@context":"https:\/\/schema.org","@graph":[{"@type":"Article","@id":"https:\/\/diariotextual.com\/inicio\/index.php\/2024\/11\/30\/atletico-mineiro-y-botafogo-juegan-la-final-de-la-libertadores-hora-tv-y-formaciones\/#article","isPartOf":{"@id":"https:\/\/diariotextual.com\/inicio\/index.php\/2024\/11\/30\/atletico-mineiro-y-botafogo-juegan-la-final-de-la-libertadores-hora-tv-y-formaciones\/"},"author":{"name":"Diario1 Diario1","@id":"https:\/\/diariotextual.com\/inicio\/#\/schema\/person\/418fc4093c33e86ed41562db3508f958"},"headline":"Botafogo gole\u00f3 a Atl\u00e9tico Mineiro y gan\u00f3 su primera Libertadores","datePublished":"2024-11-30T22:00:00+00:00","dateModified":"2024-12-01T01:27:34+00:00","mainEntityOfPage":{"@id":"https:\/\/diariotextual.com\/inicio\/index.php\/2024\/11\/30\/atletico-mineiro-y-botafogo-juegan-la-final-de-la-libertadores-hora-tv-y-formaciones\/"},"wordCount":425,"publisher":{"@id":"https:\/\/diariotextual.com\/inicio\/#organization"},"image":{"@id":"https:\/\/diariotextual.com\/inicio\/index.php\/2024\/11\/30\/atletico-mineiro-y-botafogo-juegan-la-final-de-la-libertadores-hora-tv-y-formaciones\/#primaryimage"},"thumbnailUrl":"https:\/\/diariotextual.com\/inicio\/wp-content\/uploads\/2024\/11\/botafogocampeonlibertadores2024-1.jpg","articleSection":["A - ES NOTICIA (van abajo)","DEPORTES"],"inLanguage":"es"},{"@type":"WebPage","@id":"https:\/\/diariotextual.com\/inicio\/index.php\/2024\/11\/30\/atletico-mineiro-y-botafogo-juegan-la-final-de-la-libertadores-hora-tv-y-formaciones\/","url":"https:\/\/diariotextual.com\/inicio\/index.php\/2024\/11\/30\/atletico-mineiro-y-botafogo-juegan-la-final-de-la-libertadores-hora-tv-y-formaciones\/","name":"Botafogo gole\u00f3 a Atl\u00e9tico Mineiro y gan\u00f3 su primera Libertadores - Diario Textual","isPartOf":{"@id":"https:\/\/diariotextual.com\/inicio\/#website"},"primaryImageOfPage":{"@id":"https:\/\/diariotextual.com\/inicio\/index.php\/2024\/11\/30\/atletico-mineiro-y-botafogo-juegan-la-final-de-la-libertadores-hora-tv-y-formaciones\/#primaryimage"},"image":{"@id":"https:\/\/diariotextual.com\/inicio\/index.php\/2024\/11\/30\/atletico-mineiro-y-botafogo-juegan-la-final-de-la-libertadores-hora-tv-y-formaciones\/#primaryimage"},"thumbnailUrl":"https:\/\/diariotextual.com\/inicio\/wp-content\/uploads\/2024\/11\/botafogocampeonlibertadores2024-1.jpg","datePublished":"2024-11-30T22:00:00+00:00","dateModified":"2024-12-01T01:27:34+00:00","breadcrumb":{"@id":"https:\/\/diariotextual.com\/inicio\/index.php\/2024\/11\/30\/atletico-mineiro-y-botafogo-juegan-la-final-de-la-libertadores-hora-tv-y-formaciones\/#breadcrumb"},"inLanguage":"es","potentialAction":[{"@type":"ReadAction","target":["https:\/\/diariotextual.com\/inicio\/index.php\/2024\/11\/30\/atletico-mineiro-y-botafogo-juegan-la-final-de-la-libertadores-hora-tv-y-formaciones\/"]}]},{"@type":"ImageObject","inLanguage":"es","@id":"https:\/\/diariotextual.com\/inicio\/index.php\/2024\/11\/30\/atletico-mineiro-y-botafogo-juegan-la-final-de-la-libertadores-hora-tv-y-formaciones\/#primaryimage","url":"https:\/\/diariotextual.com\/inicio\/wp-content\/uploads\/2024\/11\/botafogocampeonlibertadores2024-1.jpg","contentUrl":"https:\/\/diariotextual.com\/inicio\/wp-content\/uploads\/2024\/11\/botafogocampeonlibertadores2024-1.jpg","width":1400,"height":935},{"@type":"BreadcrumbList","@id":"https:\/\/diariotextual.com\/inicio\/index.php\/2024\/11\/30\/atletico-mineiro-y-botafogo-juegan-la-final-de-la-libertadores-hora-tv-y-formaciones\/#breadcrumb","itemListElement":[{"@type":"ListItem","position":1,"name":"Portada","item":"https:\/\/diariotextual.com\/inicio\/"},{"@type":"ListItem","position":2,"name":"Botafogo gole\u00f3 a Atl\u00e9tico Mineiro y gan\u00f3 su primera Libertadores"}]},{"@type":"WebSite","@id":"https:\/\/diariotextual.com\/inicio\/#website","url":"https:\/\/diariotextual.com\/inicio\/","name":"Diario Textual","description":"","publisher":{"@id":"https:\/\/diariotextual.com\/inicio\/#organization"},"potentialAction":[{"@type":"SearchAction","target":{"@type":"EntryPoint","urlTemplate":"https:\/\/diariotextual.com\/inicio\/?s={search_term_string}"},"query-input":{"@type":"PropertyValueSpecification","valueRequired":true,"valueName":"search_term_string"}}],"inLanguage":"es"},{"@type":"Organization","@id":"https:\/\/diariotextual.com\/inicio\/#organization","name":"Diario Textual","url":"https:\/\/diariotextual.com\/inicio\/","logo":{"@type":"ImageObject","inLanguage":"es","@id":"https:\/\/diariotextual.com\/inicio\/#\/schema\/logo\/image\/","url":"https:\/\/diariotextual.com\/inicio\/wp-content\/uploads\/2023\/05\/logotextual1.jpg","contentUrl":"https:\/\/diariotextual.com\/inicio\/wp-content\/uploads\/2023\/05\/logotextual1.jpg","width":516,"height":76,"caption":"Diario Textual"},"image":{"@id":"https:\/\/diariotextual.com\/inicio\/#\/schema\/logo\/image\/"},"sameAs":["https:\/\/www.facebook.com\/eltextual","https:\/\/x.com\/eltextual","http:\/\/www.instagram.com\/eltextual"]},{"@type":"Person","@id":"https:\/\/diariotextual.com\/inicio\/#\/schema\/person\/418fc4093c33e86ed41562db3508f958","name":"Diario1 Diario1","image":{"@type":"ImageObject","inLanguage":"es","@id":"https:\/\/secure.gravatar.com\/avatar\/9167d280179c85bc18be67aa7eda765854300033af4896dd779b608640f2ef7a?s=96&d=mm&r=g","url":"https:\/\/secure.gravatar.com\/avatar\/9167d280179c85bc18be67aa7eda765854300033af4896dd779b608640f2ef7a?s=96&d=mm&r=g","contentUrl":"https:\/\/secure.gravatar.com\/avatar\/9167d280179c85bc18be67aa7eda765854300033af4896dd779b608640f2ef7a?s=96&d=mm&r=g","caption":"Diario1 Diario1"},"url":"https:\/\/diariotextual.com\/inicio\/index.php\/author\/diario1\/"}]}},"_links":{"self":[{"href":"https:\/\/diariotextual.com\/inicio\/index.php\/wp-json\/wp\/v2\/posts\/282738","targetHints":{"allow":["GET"]}}],"collection":[{"href":"https:\/\/diariotextual.com\/inicio\/index.php\/wp-json\/wp\/v2\/posts"}],"about":[{"href":"https:\/\/diariotextual.com\/inicio\/index.php\/wp-json\/wp\/v2\/types\/post"}],"author":[{"embeddable":true,"href":"https:\/\/diariotextual.com\/inicio\/index.php\/wp-json\/wp\/v2\/users\/3"}],"replies":[{"embeddable":true,"href":"https:\/\/diariotextual.com\/inicio\/index.php\/wp-json\/wp\/v2\/comments?post=282738"}],"version-history":[{"count":5,"href":"https:\/\/diariotextual.com\/inicio\/index.php\/wp-json\/wp\/v2\/posts\/282738\/revisions"}],"predecessor-version":[{"id":282778,"href":"https:\/\/diariotextual.com\/inicio\/index.php\/wp-json\/wp\/v2\/posts\/282738\/revisions\/282778"}],"wp:featuredmedia":[{"embeddable":true,"href":"https:\/\/diariotextual.com\/inicio\/index.php\/wp-json\/wp\/v2\/media\/282771"}],"wp:attachment":[{"href":"https:\/\/diariotextual.com\/inicio\/index.php\/wp-json\/wp\/v2\/media?parent=282738"}],"wp:term":[{"taxonomy":"category","embeddable":true,"href":"https:\/\/diariotextual.com\/inicio\/index.php\/wp-json\/wp\/v2\/categories?post=282738"},{"taxonomy":"post_tag","embeddable":true,"href":"https:\/\/diariotextual.com\/inicio\/index.php\/wp-json\/wp\/v2\/tags?post=282738"}],"curies":[{"name":"wp","href":"https:\/\/api.w.org\/{rel}","templated":true}]}}