{"id":28277,"date":"2018-11-22T10:08:34","date_gmt":"2018-11-22T13:08:34","guid":{"rendered":"http:\/\/diariotextual.com\/inicio\/?p=28277"},"modified":"2018-11-22T13:40:04","modified_gmt":"2018-11-22T16:40:04","slug":"marin-hablo-dar-nombre-la-vicegobernacion-mariano-no-va","status":"publish","type":"post","link":"https:\/\/diariotextual.com\/inicio\/index.php\/2018\/11\/22\/marin-hablo-dar-nombre-la-vicegobernacion-mariano-no-va\/","title":{"rendered":"Mar\u00edn habl\u00f3 de dar \u00abotro nombre\u00bb para la vicegobernaci\u00f3n: \u00bfMariano no va?"},"content":{"rendered":"<p><strong>\u00abMir\u00e1 Carlos, dejamelo consultarlo, pero a lo mejor traigo otro nombre\u00bb.<\/strong> La frase la dej\u00f3<strong> Rub\u00e9n Mar\u00edn<\/strong> a <strong>Carlos Verna<\/strong>, ayer, en la reuni\u00f3n en la que se definieron una serie de puntos sobre la f\u00f3rmula a la gobernaci\u00f3n del PJ, dijeron fuentes del marinismo a <strong>Diario Textua<\/strong>l.<\/p>\n<p>Como inform\u00f3 ayer<a href=\"http:\/\/diariotextual.com\/inicio\/index.php\/2018\/11\/21\/verna-se-reunio-marin-la-formula-la-gobernacion-sera-vernismo-marinismo\/\" target=\"_blank\" rel=\"noopener\"><strong> Diario Textual<\/strong><\/a>, Verna<strong> le comunic\u00f3 al cuatro veces gobernador que el primer lugar para la f\u00f3rmula ser\u00e1 para el vernismo y el segundo para el marinismo<\/strong>. Id\u00e9ntica situaci\u00f3n a a 2015, con lo que<strong> dej\u00f3 afuera a la jorgista Compromiso Peronista<\/strong>.<\/p>\n<p>En segundo lugar, <strong>le comunic\u00f3 que el candidato a sucederlo ser\u00e1 el diputado Sergio Zilitto<\/strong>. Y en tercer lugar,<strong> le dijo algo m\u00e1s: que prefiere que se vuelva a postular como vice Mariano Fern\u00e1ndez y que quiere que Espartaco \u00abTaco\u00bb Mar\u00edn -otro de los que pretende la vice- siga en la C\u00e1mara de Diputados<\/strong>.<\/p>\n<p>Mar\u00edn, ante esa situaci\u00f3n, l<strong>e comunic\u00f3 que quer\u00eda consultarlo con los militantes de Convergencia. \u00bfRatificar\u00e1 a Mariano?<\/strong><\/p>\n<p>\u00abAc\u00e1 hay clima festivo\u00bb, dijo un marinista, ayer, a Diario Textual. Era del sector de Fern\u00e1ndez. Hoy la situaci\u00f3n no habr\u00eda cambiado demasiado: consideran que <strong>no hay demasiado margen para que se cambie un pedido de Verna<\/strong>. \u00abPidi\u00f3 a Mariano, deber\u00eda ser Mariano\u00bb, razonan.<\/p>\n<blockquote class=\"wp-embedded-content\" data-secret=\"1NmqhBGkmi\"><p><a href=\"http:\/\/diariotextual.com\/inicio\/index.php\/2018\/11\/22\/verna-se-reunio-candidato-gobernador-del-pj\/\">Verna se reuni\u00f3 con el candidato a gobernador del PJ<\/a><\/p><\/blockquote>\n<p><iframe class=\"wp-embedded-content\" sandbox=\"allow-scripts\" security=\"restricted\" style=\"position: absolute; clip: rect(1px, 1px, 1px, 1px);\" src=\"http:\/\/diariotextual.com\/inicio\/index.php\/2018\/11\/22\/verna-se-reunio-candidato-gobernador-del-pj\/embed\/#?secret=1NmqhBGkmi\" data-secret=\"1NmqhBGkmi\" width=\"600\" height=\"338\" title=\"&#8220;Verna se reuni\u00f3 con el candidato a gobernador del PJ&#8221; &#8212; Diario Textual\" frameborder=\"0\" marginwidth=\"0\" marginheight=\"0\" scrolling=\"no\"><\/iframe><\/p>\n<p>&nbsp;<\/p>\n<p>&nbsp;<\/p>\n<p>&nbsp;<\/p>\n","protected":false},"excerpt":{"rendered":"<p>\u00abMir\u00e1 Carlos, dejamelo consultarlo, pero a lo mejor traigo otro nombre\u00bb. La frase la dej\u00f3 Rub\u00e9n Mar\u00edn a Carlos Verna, ayer, en la reuni\u00f3n en la que se definieron una&hellip;<\/p>\n","protected":false},"author":3,"featured_media":27641,"comment_status":"closed","ping_status":"open","sticky":false,"template":"","format":"standard","meta":{"_acf_changed":false,"footnotes":""},"categories":[11,319,8],"tags":[869,271,19],"class_list":["post-28277","post","type-post","status-publish","format-standard","has-post-thumbnail","hentry","category-que-pasa","category-a-temporales","category-politica","tag-mariano","tag-marin","tag-verna"],"acf":[],"yoast_head":"<!-- This site is optimized with the Yoast SEO plugin v27.5 - https:\/\/yoast.com\/product\/yoast-seo-wordpress\/ -->\n<title>Mar\u00edn habl\u00f3 de dar &quot;otro nombre&quot; para la vicegobernaci\u00f3n: \u00bfMariano no va? - Diario Textual<\/title>\n<meta name=\"robots\" content=\"index, follow, max-snippet:-1, max-image-preview:large, max-video-preview:-1\" \/>\n<link rel=\"canonical\" href=\"https:\/\/diariotextual.com\/inicio\/index.php\/2018\/11\/22\/marin-hablo-dar-nombre-la-vicegobernacion-mariano-no-va\/\" \/>\n<meta property=\"og:locale\" content=\"es_ES\" \/>\n<meta property=\"og:type\" content=\"article\" \/>\n<meta property=\"og:title\" content=\"Mar\u00edn habl\u00f3 de dar &quot;otro nombre&quot; para la vicegobernaci\u00f3n: \u00bfMariano no va? - Diario Textual\" \/>\n<meta property=\"og:description\" content=\"\u00abMir\u00e1 Carlos, dejamelo consultarlo, pero a lo mejor traigo otro nombre\u00bb. La frase la dej\u00f3 Rub\u00e9n Mar\u00edn a Carlos Verna, ayer, en la reuni\u00f3n en la que se definieron una&hellip;\" \/>\n<meta property=\"og:url\" content=\"https:\/\/diariotextual.com\/inicio\/index.php\/2018\/11\/22\/marin-hablo-dar-nombre-la-vicegobernacion-mariano-no-va\/\" \/>\n<meta property=\"og:site_name\" content=\"Diario Textual\" \/>\n<meta property=\"article:publisher\" content=\"https:\/\/www.facebook.com\/eltextual\" \/>\n<meta property=\"article:published_time\" content=\"2018-11-22T13:08:34+00:00\" \/>\n<meta property=\"article:modified_time\" content=\"2018-11-22T16:40:04+00:00\" \/>\n<meta property=\"og:image\" content=\"https:\/\/diariotextual.com\/inicio\/wp-content\/uploads\/2018\/11\/marinruben10001.jpg\" \/>\n\t<meta property=\"og:image:width\" content=\"1000\" \/>\n\t<meta property=\"og:image:height\" content=\"688\" \/>\n\t<meta property=\"og:image:type\" content=\"image\/jpeg\" \/>\n<meta name=\"author\" content=\"Diario1 Diario1\" \/>\n<meta name=\"twitter:card\" content=\"summary_large_image\" \/>\n<meta name=\"twitter:creator\" content=\"@eltextual\" \/>\n<meta name=\"twitter:site\" content=\"@eltextual\" \/>\n<meta name=\"twitter:label1\" content=\"Escrito por\" \/>\n\t<meta name=\"twitter:data1\" content=\"Diario1 Diario1\" \/>\n\t<meta name=\"twitter:label2\" content=\"Tiempo de lectura\" \/>\n\t<meta name=\"twitter:data2\" content=\"1 minuto\" \/>\n<script type=\"application\/ld+json\" class=\"yoast-schema-graph\">{\"@context\":\"https:\\\/\\\/schema.org\",\"@graph\":[{\"@type\":\"Article\",\"@id\":\"https:\\\/\\\/diariotextual.com\\\/inicio\\\/index.php\\\/2018\\\/11\\\/22\\\/marin-hablo-dar-nombre-la-vicegobernacion-mariano-no-va\\\/#article\",\"isPartOf\":{\"@id\":\"https:\\\/\\\/diariotextual.com\\\/inicio\\\/index.php\\\/2018\\\/11\\\/22\\\/marin-hablo-dar-nombre-la-vicegobernacion-mariano-no-va\\\/\"},\"author\":{\"name\":\"Diario1 Diario1\",\"@id\":\"https:\\\/\\\/diariotextual.com\\\/inicio\\\/#\\\/schema\\\/person\\\/418fc4093c33e86ed41562db3508f958\"},\"headline\":\"Mar\u00edn habl\u00f3 de dar \u00abotro nombre\u00bb para la vicegobernaci\u00f3n: \u00bfMariano no va?\",\"datePublished\":\"2018-11-22T13:08:34+00:00\",\"dateModified\":\"2018-11-22T16:40:04+00:00\",\"mainEntityOfPage\":{\"@id\":\"https:\\\/\\\/diariotextual.com\\\/inicio\\\/index.php\\\/2018\\\/11\\\/22\\\/marin-hablo-dar-nombre-la-vicegobernacion-mariano-no-va\\\/\"},\"wordCount\":249,\"publisher\":{\"@id\":\"https:\\\/\\\/diariotextual.com\\\/inicio\\\/#organization\"},\"image\":{\"@id\":\"https:\\\/\\\/diariotextual.com\\\/inicio\\\/index.php\\\/2018\\\/11\\\/22\\\/marin-hablo-dar-nombre-la-vicegobernacion-mariano-no-va\\\/#primaryimage\"},\"thumbnailUrl\":\"https:\\\/\\\/diariotextual.com\\\/inicio\\\/wp-content\\\/uploads\\\/2018\\\/11\\\/marinruben10001.jpg\",\"keywords\":[\"mariano\",\"marin\",\"verna\"],\"articleSection\":[\"A - QUE PASA (al costado)\",\"A - TEMPORALES\",\"POLITICA\"],\"inLanguage\":\"es\"},{\"@type\":\"WebPage\",\"@id\":\"https:\\\/\\\/diariotextual.com\\\/inicio\\\/index.php\\\/2018\\\/11\\\/22\\\/marin-hablo-dar-nombre-la-vicegobernacion-mariano-no-va\\\/\",\"url\":\"https:\\\/\\\/diariotextual.com\\\/inicio\\\/index.php\\\/2018\\\/11\\\/22\\\/marin-hablo-dar-nombre-la-vicegobernacion-mariano-no-va\\\/\",\"name\":\"Mar\u00edn habl\u00f3 de dar \\\"otro nombre\\\" para la vicegobernaci\u00f3n: \u00bfMariano no va? - Diario Textual\",\"isPartOf\":{\"@id\":\"https:\\\/\\\/diariotextual.com\\\/inicio\\\/#website\"},\"primaryImageOfPage\":{\"@id\":\"https:\\\/\\\/diariotextual.com\\\/inicio\\\/index.php\\\/2018\\\/11\\\/22\\\/marin-hablo-dar-nombre-la-vicegobernacion-mariano-no-va\\\/#primaryimage\"},\"image\":{\"@id\":\"https:\\\/\\\/diariotextual.com\\\/inicio\\\/index.php\\\/2018\\\/11\\\/22\\\/marin-hablo-dar-nombre-la-vicegobernacion-mariano-no-va\\\/#primaryimage\"},\"thumbnailUrl\":\"https:\\\/\\\/diariotextual.com\\\/inicio\\\/wp-content\\\/uploads\\\/2018\\\/11\\\/marinruben10001.jpg\",\"datePublished\":\"2018-11-22T13:08:34+00:00\",\"dateModified\":\"2018-11-22T16:40:04+00:00\",\"breadcrumb\":{\"@id\":\"https:\\\/\\\/diariotextual.com\\\/inicio\\\/index.php\\\/2018\\\/11\\\/22\\\/marin-hablo-dar-nombre-la-vicegobernacion-mariano-no-va\\\/#breadcrumb\"},\"inLanguage\":\"es\",\"potentialAction\":[{\"@type\":\"ReadAction\",\"target\":[\"https:\\\/\\\/diariotextual.com\\\/inicio\\\/index.php\\\/2018\\\/11\\\/22\\\/marin-hablo-dar-nombre-la-vicegobernacion-mariano-no-va\\\/\"]}]},{\"@type\":\"ImageObject\",\"inLanguage\":\"es\",\"@id\":\"https:\\\/\\\/diariotextual.com\\\/inicio\\\/index.php\\\/2018\\\/11\\\/22\\\/marin-hablo-dar-nombre-la-vicegobernacion-mariano-no-va\\\/#primaryimage\",\"url\":\"https:\\\/\\\/diariotextual.com\\\/inicio\\\/wp-content\\\/uploads\\\/2018\\\/11\\\/marinruben10001.jpg\",\"contentUrl\":\"https:\\\/\\\/diariotextual.com\\\/inicio\\\/wp-content\\\/uploads\\\/2018\\\/11\\\/marinruben10001.jpg\",\"width\":1000,\"height\":688},{\"@type\":\"BreadcrumbList\",\"@id\":\"https:\\\/\\\/diariotextual.com\\\/inicio\\\/index.php\\\/2018\\\/11\\\/22\\\/marin-hablo-dar-nombre-la-vicegobernacion-mariano-no-va\\\/#breadcrumb\",\"itemListElement\":[{\"@type\":\"ListItem\",\"position\":1,\"name\":\"Portada\",\"item\":\"https:\\\/\\\/diariotextual.com\\\/inicio\\\/\"},{\"@type\":\"ListItem\",\"position\":2,\"name\":\"Mar\u00edn habl\u00f3 de dar \u00abotro nombre\u00bb para la vicegobernaci\u00f3n: \u00bfMariano no va?\"}]},{\"@type\":\"WebSite\",\"@id\":\"https:\\\/\\\/diariotextual.com\\\/inicio\\\/#website\",\"url\":\"https:\\\/\\\/diariotextual.com\\\/inicio\\\/\",\"name\":\"Diario Textual\",\"description\":\"\",\"publisher\":{\"@id\":\"https:\\\/\\\/diariotextual.com\\\/inicio\\\/#organization\"},\"potentialAction\":[{\"@type\":\"SearchAction\",\"target\":{\"@type\":\"EntryPoint\",\"urlTemplate\":\"https:\\\/\\\/diariotextual.com\\\/inicio\\\/?s={search_term_string}\"},\"query-input\":{\"@type\":\"PropertyValueSpecification\",\"valueRequired\":true,\"valueName\":\"search_term_string\"}}],\"inLanguage\":\"es\"},{\"@type\":\"Organization\",\"@id\":\"https:\\\/\\\/diariotextual.com\\\/inicio\\\/#organization\",\"name\":\"Diario Textual\",\"url\":\"https:\\\/\\\/diariotextual.com\\\/inicio\\\/\",\"logo\":{\"@type\":\"ImageObject\",\"inLanguage\":\"es\",\"@id\":\"https:\\\/\\\/diariotextual.com\\\/inicio\\\/#\\\/schema\\\/logo\\\/image\\\/\",\"url\":\"https:\\\/\\\/diariotextual.com\\\/inicio\\\/wp-content\\\/uploads\\\/2023\\\/05\\\/logotextual1.jpg\",\"contentUrl\":\"https:\\\/\\\/diariotextual.com\\\/inicio\\\/wp-content\\\/uploads\\\/2023\\\/05\\\/logotextual1.jpg\",\"width\":516,\"height\":76,\"caption\":\"Diario Textual\"},\"image\":{\"@id\":\"https:\\\/\\\/diariotextual.com\\\/inicio\\\/#\\\/schema\\\/logo\\\/image\\\/\"},\"sameAs\":[\"https:\\\/\\\/www.facebook.com\\\/eltextual\",\"https:\\\/\\\/x.com\\\/eltextual\",\"http:\\\/\\\/www.instagram.com\\\/eltextual\"]},{\"@type\":\"Person\",\"@id\":\"https:\\\/\\\/diariotextual.com\\\/inicio\\\/#\\\/schema\\\/person\\\/418fc4093c33e86ed41562db3508f958\",\"name\":\"Diario1 Diario1\",\"image\":{\"@type\":\"ImageObject\",\"inLanguage\":\"es\",\"@id\":\"https:\\\/\\\/secure.gravatar.com\\\/avatar\\\/9167d280179c85bc18be67aa7eda765854300033af4896dd779b608640f2ef7a?s=96&d=mm&r=g\",\"url\":\"https:\\\/\\\/secure.gravatar.com\\\/avatar\\\/9167d280179c85bc18be67aa7eda765854300033af4896dd779b608640f2ef7a?s=96&d=mm&r=g\",\"contentUrl\":\"https:\\\/\\\/secure.gravatar.com\\\/avatar\\\/9167d280179c85bc18be67aa7eda765854300033af4896dd779b608640f2ef7a?s=96&d=mm&r=g\",\"caption\":\"Diario1 Diario1\"},\"url\":\"https:\\\/\\\/diariotextual.com\\\/inicio\\\/index.php\\\/author\\\/diario1\\\/\"}]}<\/script>\n<!-- \/ Yoast SEO plugin. -->","yoast_head_json":{"title":"Mar\u00edn habl\u00f3 de dar \"otro nombre\" para la vicegobernaci\u00f3n: \u00bfMariano no va? - Diario Textual","robots":{"index":"index","follow":"follow","max-snippet":"max-snippet:-1","max-image-preview":"max-image-preview:large","max-video-preview":"max-video-preview:-1"},"canonical":"https:\/\/diariotextual.com\/inicio\/index.php\/2018\/11\/22\/marin-hablo-dar-nombre-la-vicegobernacion-mariano-no-va\/","og_locale":"es_ES","og_type":"article","og_title":"Mar\u00edn habl\u00f3 de dar \"otro nombre\" para la vicegobernaci\u00f3n: \u00bfMariano no va? - Diario Textual","og_description":"\u00abMir\u00e1 Carlos, dejamelo consultarlo, pero a lo mejor traigo otro nombre\u00bb. La frase la dej\u00f3 Rub\u00e9n Mar\u00edn a Carlos Verna, ayer, en la reuni\u00f3n en la que se definieron una&hellip;","og_url":"https:\/\/diariotextual.com\/inicio\/index.php\/2018\/11\/22\/marin-hablo-dar-nombre-la-vicegobernacion-mariano-no-va\/","og_site_name":"Diario Textual","article_publisher":"https:\/\/www.facebook.com\/eltextual","article_published_time":"2018-11-22T13:08:34+00:00","article_modified_time":"2018-11-22T16:40:04+00:00","og_image":[{"width":1000,"height":688,"url":"https:\/\/diariotextual.com\/inicio\/wp-content\/uploads\/2018\/11\/marinruben10001.jpg","type":"image\/jpeg"}],"author":"Diario1 Diario1","twitter_card":"summary_large_image","twitter_creator":"@eltextual","twitter_site":"@eltextual","twitter_misc":{"Escrito por":"Diario1 Diario1","Tiempo de lectura":"1 minuto"},"schema":{"@context":"https:\/\/schema.org","@graph":[{"@type":"Article","@id":"https:\/\/diariotextual.com\/inicio\/index.php\/2018\/11\/22\/marin-hablo-dar-nombre-la-vicegobernacion-mariano-no-va\/#article","isPartOf":{"@id":"https:\/\/diariotextual.com\/inicio\/index.php\/2018\/11\/22\/marin-hablo-dar-nombre-la-vicegobernacion-mariano-no-va\/"},"author":{"name":"Diario1 Diario1","@id":"https:\/\/diariotextual.com\/inicio\/#\/schema\/person\/418fc4093c33e86ed41562db3508f958"},"headline":"Mar\u00edn habl\u00f3 de dar \u00abotro nombre\u00bb para la vicegobernaci\u00f3n: \u00bfMariano no va?","datePublished":"2018-11-22T13:08:34+00:00","dateModified":"2018-11-22T16:40:04+00:00","mainEntityOfPage":{"@id":"https:\/\/diariotextual.com\/inicio\/index.php\/2018\/11\/22\/marin-hablo-dar-nombre-la-vicegobernacion-mariano-no-va\/"},"wordCount":249,"publisher":{"@id":"https:\/\/diariotextual.com\/inicio\/#organization"},"image":{"@id":"https:\/\/diariotextual.com\/inicio\/index.php\/2018\/11\/22\/marin-hablo-dar-nombre-la-vicegobernacion-mariano-no-va\/#primaryimage"},"thumbnailUrl":"https:\/\/diariotextual.com\/inicio\/wp-content\/uploads\/2018\/11\/marinruben10001.jpg","keywords":["mariano","marin","verna"],"articleSection":["A - QUE PASA (al costado)","A - TEMPORALES","POLITICA"],"inLanguage":"es"},{"@type":"WebPage","@id":"https:\/\/diariotextual.com\/inicio\/index.php\/2018\/11\/22\/marin-hablo-dar-nombre-la-vicegobernacion-mariano-no-va\/","url":"https:\/\/diariotextual.com\/inicio\/index.php\/2018\/11\/22\/marin-hablo-dar-nombre-la-vicegobernacion-mariano-no-va\/","name":"Mar\u00edn habl\u00f3 de dar \"otro nombre\" para la vicegobernaci\u00f3n: \u00bfMariano no va? - Diario Textual","isPartOf":{"@id":"https:\/\/diariotextual.com\/inicio\/#website"},"primaryImageOfPage":{"@id":"https:\/\/diariotextual.com\/inicio\/index.php\/2018\/11\/22\/marin-hablo-dar-nombre-la-vicegobernacion-mariano-no-va\/#primaryimage"},"image":{"@id":"https:\/\/diariotextual.com\/inicio\/index.php\/2018\/11\/22\/marin-hablo-dar-nombre-la-vicegobernacion-mariano-no-va\/#primaryimage"},"thumbnailUrl":"https:\/\/diariotextual.com\/inicio\/wp-content\/uploads\/2018\/11\/marinruben10001.jpg","datePublished":"2018-11-22T13:08:34+00:00","dateModified":"2018-11-22T16:40:04+00:00","breadcrumb":{"@id":"https:\/\/diariotextual.com\/inicio\/index.php\/2018\/11\/22\/marin-hablo-dar-nombre-la-vicegobernacion-mariano-no-va\/#breadcrumb"},"inLanguage":"es","potentialAction":[{"@type":"ReadAction","target":["https:\/\/diariotextual.com\/inicio\/index.php\/2018\/11\/22\/marin-hablo-dar-nombre-la-vicegobernacion-mariano-no-va\/"]}]},{"@type":"ImageObject","inLanguage":"es","@id":"https:\/\/diariotextual.com\/inicio\/index.php\/2018\/11\/22\/marin-hablo-dar-nombre-la-vicegobernacion-mariano-no-va\/#primaryimage","url":"https:\/\/diariotextual.com\/inicio\/wp-content\/uploads\/2018\/11\/marinruben10001.jpg","contentUrl":"https:\/\/diariotextual.com\/inicio\/wp-content\/uploads\/2018\/11\/marinruben10001.jpg","width":1000,"height":688},{"@type":"BreadcrumbList","@id":"https:\/\/diariotextual.com\/inicio\/index.php\/2018\/11\/22\/marin-hablo-dar-nombre-la-vicegobernacion-mariano-no-va\/#breadcrumb","itemListElement":[{"@type":"ListItem","position":1,"name":"Portada","item":"https:\/\/diariotextual.com\/inicio\/"},{"@type":"ListItem","position":2,"name":"Mar\u00edn habl\u00f3 de dar \u00abotro nombre\u00bb para la vicegobernaci\u00f3n: \u00bfMariano no va?"}]},{"@type":"WebSite","@id":"https:\/\/diariotextual.com\/inicio\/#website","url":"https:\/\/diariotextual.com\/inicio\/","name":"Diario Textual","description":"","publisher":{"@id":"https:\/\/diariotextual.com\/inicio\/#organization"},"potentialAction":[{"@type":"SearchAction","target":{"@type":"EntryPoint","urlTemplate":"https:\/\/diariotextual.com\/inicio\/?s={search_term_string}"},"query-input":{"@type":"PropertyValueSpecification","valueRequired":true,"valueName":"search_term_string"}}],"inLanguage":"es"},{"@type":"Organization","@id":"https:\/\/diariotextual.com\/inicio\/#organization","name":"Diario Textual","url":"https:\/\/diariotextual.com\/inicio\/","logo":{"@type":"ImageObject","inLanguage":"es","@id":"https:\/\/diariotextual.com\/inicio\/#\/schema\/logo\/image\/","url":"https:\/\/diariotextual.com\/inicio\/wp-content\/uploads\/2023\/05\/logotextual1.jpg","contentUrl":"https:\/\/diariotextual.com\/inicio\/wp-content\/uploads\/2023\/05\/logotextual1.jpg","width":516,"height":76,"caption":"Diario Textual"},"image":{"@id":"https:\/\/diariotextual.com\/inicio\/#\/schema\/logo\/image\/"},"sameAs":["https:\/\/www.facebook.com\/eltextual","https:\/\/x.com\/eltextual","http:\/\/www.instagram.com\/eltextual"]},{"@type":"Person","@id":"https:\/\/diariotextual.com\/inicio\/#\/schema\/person\/418fc4093c33e86ed41562db3508f958","name":"Diario1 Diario1","image":{"@type":"ImageObject","inLanguage":"es","@id":"https:\/\/secure.gravatar.com\/avatar\/9167d280179c85bc18be67aa7eda765854300033af4896dd779b608640f2ef7a?s=96&d=mm&r=g","url":"https:\/\/secure.gravatar.com\/avatar\/9167d280179c85bc18be67aa7eda765854300033af4896dd779b608640f2ef7a?s=96&d=mm&r=g","contentUrl":"https:\/\/secure.gravatar.com\/avatar\/9167d280179c85bc18be67aa7eda765854300033af4896dd779b608640f2ef7a?s=96&d=mm&r=g","caption":"Diario1 Diario1"},"url":"https:\/\/diariotextual.com\/inicio\/index.php\/author\/diario1\/"}]}},"_links":{"self":[{"href":"https:\/\/diariotextual.com\/inicio\/index.php\/wp-json\/wp\/v2\/posts\/28277","targetHints":{"allow":["GET"]}}],"collection":[{"href":"https:\/\/diariotextual.com\/inicio\/index.php\/wp-json\/wp\/v2\/posts"}],"about":[{"href":"https:\/\/diariotextual.com\/inicio\/index.php\/wp-json\/wp\/v2\/types\/post"}],"author":[{"embeddable":true,"href":"https:\/\/diariotextual.com\/inicio\/index.php\/wp-json\/wp\/v2\/users\/3"}],"replies":[{"embeddable":true,"href":"https:\/\/diariotextual.com\/inicio\/index.php\/wp-json\/wp\/v2\/comments?post=28277"}],"version-history":[{"count":7,"href":"https:\/\/diariotextual.com\/inicio\/index.php\/wp-json\/wp\/v2\/posts\/28277\/revisions"}],"predecessor-version":[{"id":28289,"href":"https:\/\/diariotextual.com\/inicio\/index.php\/wp-json\/wp\/v2\/posts\/28277\/revisions\/28289"}],"wp:featuredmedia":[{"embeddable":true,"href":"https:\/\/diariotextual.com\/inicio\/index.php\/wp-json\/wp\/v2\/media\/27641"}],"wp:attachment":[{"href":"https:\/\/diariotextual.com\/inicio\/index.php\/wp-json\/wp\/v2\/media?parent=28277"}],"wp:term":[{"taxonomy":"category","embeddable":true,"href":"https:\/\/diariotextual.com\/inicio\/index.php\/wp-json\/wp\/v2\/categories?post=28277"},{"taxonomy":"post_tag","embeddable":true,"href":"https:\/\/diariotextual.com\/inicio\/index.php\/wp-json\/wp\/v2\/tags?post=28277"}],"curies":[{"name":"wp","href":"https:\/\/api.w.org\/{rel}","templated":true}]}}