{"id":282995,"date":"2024-12-03T11:57:17","date_gmt":"2024-12-03T14:57:17","guid":{"rendered":"https:\/\/diariotextual.com\/inicio\/?p=282995"},"modified":"2024-12-04T08:42:33","modified_gmt":"2024-12-04T11:42:33","slug":"martin-ardohain-blanqueo-que-el-pro-pampeano-quiere-aliarse-a-los-libertarios-en-2025","status":"publish","type":"post","link":"https:\/\/diariotextual.com\/inicio\/index.php\/2024\/12\/03\/martin-ardohain-blanqueo-que-el-pro-pampeano-quiere-aliarse-a-los-libertarios-en-2025\/","title":{"rendered":"Ardohain blanque\u00f3 que el PRO pampeano quiere aliarse a los libertarios para desbancar al PJ"},"content":{"rendered":"\n<p>El diputado nacional y presidente del PRO La Pampa, <strong>Mart\u00edn Ardohain<\/strong>, blanque\u00f3 que <strong>los amarillos est\u00e1n ansiosos por cerrar una alianza para 2025 con La Libertad Avanza y otros partidos de la oposici\u00f3n pampeana<\/strong> -pese a que recientemente dijeron que pretend\u00edan tener un candidato propio en las legislativas del a\u00f1o pr\u00f3ximo-,<strong> con el fin de que, ya en 2027, logren sacar al peronismo de Casa de Gobierno<\/strong>. Tambi\u00e9n, en una entrevista en la TV porte\u00f1a,<strong> valor\u00f3 la gesti\u00f3n econ\u00f3mica, por el \u201cd\u00e9ficit cero\u201d y la \u201cbaja de inflaci\u00f3n\u201d, de Javier Milei<\/strong> (\u201cha tenido un \u00e9xito contundente\u201d, dijo),<strong> pero le reclam\u00f3 \u201cm\u00e1s di\u00e1logo\u201d <\/strong>con el resto de los partidos. <strong>\u201cCreo que la gente banc\u00f3 la motosierra, pero a partir de ahora hay que tener mucho m\u00e1s cuidado con la motosierra\u201d,<\/strong> expres\u00f3. Adem\u00e1s,<strong> dej\u00f3 una frase al menos pol\u00e9mica: dijo que los jubilados que cobran $400 mil se \u201cbancan\u201d que no les den un aumento o que incluso le recorten la entrega gratuita de los medicamentos.<\/strong><\/p>\n\n\n\n<p>Ardohain fue entrevistado por <strong>A24. <\/strong>Dijo que apoya al Gobierno en aspectos clave, pero advirti\u00f3 que el PRO no seguir\u00e1 un camino contrarias a sus principios. En ese marco, pidi\u00f3 m\u00e1s di\u00e1logo. \u201cPor supuesto que nos gustar\u00eda un presidente con mucho m\u00e1s di\u00e1logo. Nosotros somos un partido de di\u00e1logo y le pedimos eso al presidente. Mauricio (Macri) se lo pide en cada reuni\u00f3n que tenemos, y estamos trabajando en eso porque, aunque se puede gobernar en minor\u00eda, necesitamos una Argentina integrada\u201d, dijo.<\/p>\n\n\n\n<p><strong>-\u00bfDi\u00e1logo para qu\u00e9? Da la sensaci\u00f3n, y creo que no nos equivocamos, de que, en t\u00e9rminos de pol\u00edtica econ\u00f3mica y social, hay un acuerdo general: desregulaci\u00f3n de la econom\u00eda y un Estado lo m\u00e1s peque\u00f1o posible. \u00bfEn qu\u00e9 falla el Gobierno de Milei para que el PRO no pueda terminar de acompa\u00f1ar?<\/strong><\/p>\n\n\n\n<p>-Un tema importante fue (el proyecto de) la Ficha Limpia, la semana pasada (NdeR: se frustr\u00f3 su aprobaci\u00f3n, ante la ausencia de diputados de LLA, adem\u00e1s de algunos del PRO). El presidente Milei dijo, en la apertura de sesiones, que las personas con condenas firmes no pueden ser candidatas. Si hab\u00edan cambiado de planes, nos lo deber\u00edan haber avisado\u2026 Nosotros bajamos al recinto con 116 diputados convencidos de que la Ficha Limpia saldr\u00eda. A la tarde, cuando se frustr\u00f3 la sesi\u00f3n, el presidente llam\u00f3 a Silvia Lospenatto (una de las autoras de la iniciativa). Ahora est\u00e1n trabajando en un nuevo proyecto de Ficha Limpia&#8230; Hemos acompa\u00f1ado, votado y hasta puesto en riesgo nuestro capital pol\u00edtico para que al Gobierno le vaya bien.<\/p>\n\n\n\n<p><strong>-\u00bfC\u00f3mo sigue esto?<\/strong><br>-Esto es di\u00e1logo y consenso.<\/p>\n\n\n\n<p><strong>-\u00bfHay acuerdo entre Milei y el kirchnerismo (para que no se apruebe la Ficha Limpia)?<\/strong><br>-Yo espero que no. A m\u00ed no me consta. Yo quiero estar en ese porcentaje de argentinos que vot\u00f3, aunque sea en segunda vuelta, por Milei para que haga un cambio contundente. Por eso, te vuelvo a decir: en la parte econ\u00f3mica estamos bien. Si la forma de gobernar es con el kirchnerismo o con gente que no pueda justificar sus patrimonios o est\u00e9 condenada, el PRO no ir\u00e1 por ese camino.<\/p>\n\n\n\n<p><strong>-\u00bfCre\u00e9s, como Macri, que Milei est\u00e1 mal rodeado y mal aconsejado?<\/strong><br>-No lo puedo decir. La verdad es que, en muchas cosas, ha sido un gobierno con un \u00e9xito contundente. Baj\u00f3 la inflaci\u00f3n cuando nadie pod\u00eda hacerlo. Podemos discutir c\u00f3mo, pero los n\u00fameros son contundentes y hay equilibrio fiscal (NdeR: en rigor, no pagando las deudas). El presidente, a pesar de todas las presiones, no se mueve un cent\u00edmetro. Lo presionaron de todos los sectores y gobernadores&#8230; Me parece que el presidente est\u00e1 muy fuerte.<\/p>\n\n\n\n<p><strong>-\u00bfEst\u00e1s de acuerdo con lo de los medicamentos del d\u00eda de hoy, por ejemplo?- <\/strong>le consultaron en referencia al corte de medicamentos a jubilados de la obra social Pami.<\/p>\n\n\n\n<p>-Bueno, ah\u00ed es donde empezamos a diferenciarnos&#8230; Tambi\u00e9n est\u00e1 el tema del INTA (Instituto Nacional de Tecnolog\u00eda Agropecuaria, donde se prev\u00e9n despidos y la venta de tierras, como en Anguil). Por eso, para m\u00ed, los cambios se deben hacer con la gente, y para eso es necesario el di\u00e1logo. Estamos acompa\u00f1ando un Gobierno porque sabemos qu\u00e9 hay del otro lado.<\/p>\n\n\n\n<p><strong>-\u00bfEst\u00e1s de acuerdo o no con el recorte de los medicamentos?<\/strong><br>-El reacomodamiento era necesario. La sociedad est\u00e1 pidiendo orden, y nosotros necesitamos ese reacomodamiento.<\/p>\n\n\n\n<p><strong>-\u00bfUn jubilado que cobra 400 o 450 lucas no merece medicamentos?<\/strong><br>-No me lo digas a mi\u2026 Tuvimos que apoyar el veto del presidente (a la movilidad jubilatoria)&#8230; Tuve que volver a La Pampa y me estaban esperando los jubilados. Mi familia est\u00e1 llena de jubilados. No vivimos en otro mundo\u2026<\/p>\n\n\n\n<p><strong>-O sea, no est\u00e1s de acuerdo.<\/strong><br>-No, pero lo que ven\u00edamos haciendo hasta ahora, con esos aumentos sin sustento claro, generaba inflaci\u00f3n que se com\u00eda los incrementos en dos d\u00edas. Entonces, hab\u00eda que hacerlo&#8230;<\/p>\n\n\n\n<p><strong>-\u2026Es decir que est\u00e1 bien. Hab\u00eda que hacerlo.<\/strong><\/p>\n\n\n\n<p>-Hab\u00eda que hacerlo. Y la mayor\u00eda est\u00e1 de acuerdo. A m\u00ed el que me fue a buscar (NdeR: al aeropuerto, donde lo cuestionaron) era el jubilado militante. El otro se la banc\u00f3 en su casa. Yo como con ellos, tomamos mate\u2026 Y hab\u00eda que hacerlo, porque est\u00e1n hartos de este pa\u00eds que les llev\u00f3 la vida.<\/p>\n\n\n\n<p><strong>-\u00bfVos me dec\u00eds que un jubilado de 400 lucas est\u00e1 contento con lo que le sacaron?<\/strong><\/p>\n\n\n\n<p>-Contento no, pero \u00bfsabes qu\u00e9\u2026? Era el camino.<\/p>\n\n\n\n<p><strong>-Sobre Ficha Limpia, parece una decisi\u00f3n para sacar de la cancha a Cristina (Kirchner). \u00bfNo les hace ruido que los jueces que la condenaron jugaban al f\u00fatbol con Macri? \u00bfQue condenaron a ella y no a los responsables de la ejecuci\u00f3n presupuestaria? \u00bfNada de eso les hace ruido?<\/strong><\/p>\n\n\n\n<p>-Para m\u00ed, hay dos cosas importantes. Estoy convencido de que Ficha Limpia no era contra Cristina. Y con respecto a Cristina, no puedo estar de acuerdo con la Justicia cuando falla a favor m\u00edo y en contra no. Respeto la Justicia. Si est\u00e1 condenada, est\u00e1 condenada. Si es absuelta, es inocente.<\/p>\n\n\n\n<p><strong>-\u00bfNada de esto te hace ruido?<\/strong><\/p>\n\n\n\n<p>-No, porque si no, empiezo a cuestionar&#8230; Estamos acostumbrados, los argentinos, a cuestionar la Justicia cuando no nos gustan los fallos.<\/p>\n\n\n\n<p><strong>-No, pero sos legislador. Me parece que alguna de estas cosas pod\u00e9s reflexionar.<\/strong><\/p>\n\n\n\n<p>-Pero por eso no me puedo meter.<\/p>\n\n\n\n<p><strong>-Son todos hechos de p\u00fablico conocimiento.<\/strong><\/p>\n\n\n\n<p>-S\u00ed, pero yo tengo una lista enorme, igual que esa, de fallos que no se cumplen, o se apelan, o no estamos de acuerdo. Yo a la Justicia la respeto. Como la respetamos cuando fuimos al Gobierno, ahora quiero que se respete.<\/p>\n\n\n\n<p><strong>-\u00bfCu\u00e1l es la preferencia en t\u00e9rminos de estrategia pol\u00edtica? \u00bfUn acuerdo ahora ya pactado entre el PRO y La Libertad Avanza de cara a la elecci\u00f3n de 2025 o jugar a la competencia en las PASO?<\/strong><\/p>\n\n\n\n<p>\u00a0-Esto es algo muy, muy, personal. <strong>Yo creo en un acuerdo con todas las fuerzas, y voy a hablar de La Pampa. Venimos de una provincia con 40 a\u00f1os gobernada por el mismo signo pol\u00edtico y hoy los pampeanos quieren un cambio. <\/strong>Hoy depende de la oposici\u00f3n. Si tuvi\u00e9semos esa grandeza y esa capacidad para ir juntos, yo creo que tenemos muchas posibilidades de hacer un cambio y si lo llevas a Naci\u00f3n, lo mismo. Yo soy una persona de di\u00e1logo y me encantar\u00eda un acuerdo nacional para desterrar o terminar con tantos a\u00f1os de decadencia.<\/p>\n\n\n\n<p><\/p>\n\n\n\n<p><\/p>\n","protected":false},"excerpt":{"rendered":"<p>El diputado nacional y presidente del PRO La Pampa, Mart\u00edn Ardohain, blanque\u00f3 que los amarillos est\u00e1n ansiosos por cerrar una alianza para 2025 con La Libertad Avanza y otros partidos&hellip;<\/p>\n","protected":false},"author":3,"featured_media":265520,"comment_status":"closed","ping_status":"open","sticky":false,"template":"","format":"standard","meta":{"_acf_changed":false,"footnotes":""},"categories":[4,1,8],"tags":[],"class_list":["post-282995","post","type-post","status-publish","format-standard","has-post-thumbnail","hentry","category-destacadas","category-es-noticia","category-politica"],"acf":[],"yoast_head":"<!-- This site is optimized with the Yoast SEO plugin v27.4 - https:\/\/yoast.com\/product\/yoast-seo-wordpress\/ -->\n<title>Ardohain blanque\u00f3 que el PRO pampeano quiere aliarse a los libertarios para desbancar al PJ - Diario Textual<\/title>\n<meta name=\"robots\" content=\"index, follow, max-snippet:-1, max-image-preview:large, max-video-preview:-1\" \/>\n<link rel=\"canonical\" href=\"https:\/\/diariotextual.com\/inicio\/index.php\/2024\/12\/03\/martin-ardohain-blanqueo-que-el-pro-pampeano-quiere-aliarse-a-los-libertarios-en-2025\/\" \/>\n<meta property=\"og:locale\" content=\"es_ES\" \/>\n<meta property=\"og:type\" content=\"article\" \/>\n<meta property=\"og:title\" content=\"Ardohain blanque\u00f3 que el PRO pampeano quiere aliarse a los libertarios para desbancar al PJ - Diario Textual\" \/>\n<meta property=\"og:description\" content=\"El diputado nacional y presidente del PRO La Pampa, Mart\u00edn Ardohain, blanque\u00f3 que los amarillos est\u00e1n ansiosos por cerrar una alianza para 2025 con La Libertad Avanza y otros partidos&hellip;\" \/>\n<meta property=\"og:url\" content=\"https:\/\/diariotextual.com\/inicio\/index.php\/2024\/12\/03\/martin-ardohain-blanqueo-que-el-pro-pampeano-quiere-aliarse-a-los-libertarios-en-2025\/\" \/>\n<meta property=\"og:site_name\" content=\"Diario Textual\" \/>\n<meta property=\"article:publisher\" content=\"https:\/\/www.facebook.com\/eltextual\" \/>\n<meta property=\"article:published_time\" content=\"2024-12-03T14:57:17+00:00\" \/>\n<meta property=\"article:modified_time\" content=\"2024-12-04T11:42:33+00:00\" \/>\n<meta property=\"og:image\" content=\"https:\/\/diariotextual.com\/inicio\/wp-content\/uploads\/2024\/06\/ardohainmartin2024-7.jpg\" \/>\n\t<meta property=\"og:image:width\" content=\"1440\" \/>\n\t<meta property=\"og:image:height\" content=\"963\" \/>\n\t<meta property=\"og:image:type\" content=\"image\/jpeg\" \/>\n<meta name=\"author\" content=\"Diario1 Diario1\" \/>\n<meta name=\"twitter:card\" content=\"summary_large_image\" \/>\n<meta name=\"twitter:creator\" content=\"@eltextual\" \/>\n<meta name=\"twitter:site\" content=\"@eltextual\" \/>\n<meta name=\"twitter:label1\" content=\"Escrito por\" \/>\n\t<meta name=\"twitter:data1\" content=\"Diario1 Diario1\" \/>\n\t<meta name=\"twitter:label2\" content=\"Tiempo de lectura\" \/>\n\t<meta name=\"twitter:data2\" content=\"6 minutos\" \/>\n<script type=\"application\/ld+json\" class=\"yoast-schema-graph\">{\"@context\":\"https:\\\/\\\/schema.org\",\"@graph\":[{\"@type\":\"Article\",\"@id\":\"https:\\\/\\\/diariotextual.com\\\/inicio\\\/index.php\\\/2024\\\/12\\\/03\\\/martin-ardohain-blanqueo-que-el-pro-pampeano-quiere-aliarse-a-los-libertarios-en-2025\\\/#article\",\"isPartOf\":{\"@id\":\"https:\\\/\\\/diariotextual.com\\\/inicio\\\/index.php\\\/2024\\\/12\\\/03\\\/martin-ardohain-blanqueo-que-el-pro-pampeano-quiere-aliarse-a-los-libertarios-en-2025\\\/\"},\"author\":{\"name\":\"Diario1 Diario1\",\"@id\":\"https:\\\/\\\/diariotextual.com\\\/inicio\\\/#\\\/schema\\\/person\\\/418fc4093c33e86ed41562db3508f958\"},\"headline\":\"Ardohain blanque\u00f3 que el PRO pampeano quiere aliarse a los libertarios para desbancar al PJ\",\"datePublished\":\"2024-12-03T14:57:17+00:00\",\"dateModified\":\"2024-12-04T11:42:33+00:00\",\"mainEntityOfPage\":{\"@id\":\"https:\\\/\\\/diariotextual.com\\\/inicio\\\/index.php\\\/2024\\\/12\\\/03\\\/martin-ardohain-blanqueo-que-el-pro-pampeano-quiere-aliarse-a-los-libertarios-en-2025\\\/\"},\"wordCount\":1323,\"publisher\":{\"@id\":\"https:\\\/\\\/diariotextual.com\\\/inicio\\\/#organization\"},\"image\":{\"@id\":\"https:\\\/\\\/diariotextual.com\\\/inicio\\\/index.php\\\/2024\\\/12\\\/03\\\/martin-ardohain-blanqueo-que-el-pro-pampeano-quiere-aliarse-a-los-libertarios-en-2025\\\/#primaryimage\"},\"thumbnailUrl\":\"https:\\\/\\\/diariotextual.com\\\/inicio\\\/wp-content\\\/uploads\\\/2024\\\/06\\\/ardohainmartin2024-7.jpg\",\"articleSection\":[\"A - DESTACADAS (mod 16)\",\"A - ES NOTICIA (van abajo)\",\"POLITICA\"],\"inLanguage\":\"es\"},{\"@type\":\"WebPage\",\"@id\":\"https:\\\/\\\/diariotextual.com\\\/inicio\\\/index.php\\\/2024\\\/12\\\/03\\\/martin-ardohain-blanqueo-que-el-pro-pampeano-quiere-aliarse-a-los-libertarios-en-2025\\\/\",\"url\":\"https:\\\/\\\/diariotextual.com\\\/inicio\\\/index.php\\\/2024\\\/12\\\/03\\\/martin-ardohain-blanqueo-que-el-pro-pampeano-quiere-aliarse-a-los-libertarios-en-2025\\\/\",\"name\":\"Ardohain blanque\u00f3 que el PRO pampeano quiere aliarse a los libertarios para desbancar al PJ - Diario Textual\",\"isPartOf\":{\"@id\":\"https:\\\/\\\/diariotextual.com\\\/inicio\\\/#website\"},\"primaryImageOfPage\":{\"@id\":\"https:\\\/\\\/diariotextual.com\\\/inicio\\\/index.php\\\/2024\\\/12\\\/03\\\/martin-ardohain-blanqueo-que-el-pro-pampeano-quiere-aliarse-a-los-libertarios-en-2025\\\/#primaryimage\"},\"image\":{\"@id\":\"https:\\\/\\\/diariotextual.com\\\/inicio\\\/index.php\\\/2024\\\/12\\\/03\\\/martin-ardohain-blanqueo-que-el-pro-pampeano-quiere-aliarse-a-los-libertarios-en-2025\\\/#primaryimage\"},\"thumbnailUrl\":\"https:\\\/\\\/diariotextual.com\\\/inicio\\\/wp-content\\\/uploads\\\/2024\\\/06\\\/ardohainmartin2024-7.jpg\",\"datePublished\":\"2024-12-03T14:57:17+00:00\",\"dateModified\":\"2024-12-04T11:42:33+00:00\",\"breadcrumb\":{\"@id\":\"https:\\\/\\\/diariotextual.com\\\/inicio\\\/index.php\\\/2024\\\/12\\\/03\\\/martin-ardohain-blanqueo-que-el-pro-pampeano-quiere-aliarse-a-los-libertarios-en-2025\\\/#breadcrumb\"},\"inLanguage\":\"es\",\"potentialAction\":[{\"@type\":\"ReadAction\",\"target\":[\"https:\\\/\\\/diariotextual.com\\\/inicio\\\/index.php\\\/2024\\\/12\\\/03\\\/martin-ardohain-blanqueo-que-el-pro-pampeano-quiere-aliarse-a-los-libertarios-en-2025\\\/\"]}]},{\"@type\":\"ImageObject\",\"inLanguage\":\"es\",\"@id\":\"https:\\\/\\\/diariotextual.com\\\/inicio\\\/index.php\\\/2024\\\/12\\\/03\\\/martin-ardohain-blanqueo-que-el-pro-pampeano-quiere-aliarse-a-los-libertarios-en-2025\\\/#primaryimage\",\"url\":\"https:\\\/\\\/diariotextual.com\\\/inicio\\\/wp-content\\\/uploads\\\/2024\\\/06\\\/ardohainmartin2024-7.jpg\",\"contentUrl\":\"https:\\\/\\\/diariotextual.com\\\/inicio\\\/wp-content\\\/uploads\\\/2024\\\/06\\\/ardohainmartin2024-7.jpg\",\"width\":1440,\"height\":963},{\"@type\":\"BreadcrumbList\",\"@id\":\"https:\\\/\\\/diariotextual.com\\\/inicio\\\/index.php\\\/2024\\\/12\\\/03\\\/martin-ardohain-blanqueo-que-el-pro-pampeano-quiere-aliarse-a-los-libertarios-en-2025\\\/#breadcrumb\",\"itemListElement\":[{\"@type\":\"ListItem\",\"position\":1,\"name\":\"Portada\",\"item\":\"https:\\\/\\\/diariotextual.com\\\/inicio\\\/\"},{\"@type\":\"ListItem\",\"position\":2,\"name\":\"Ardohain blanque\u00f3 que el PRO pampeano quiere aliarse a los libertarios para desbancar al PJ\"}]},{\"@type\":\"WebSite\",\"@id\":\"https:\\\/\\\/diariotextual.com\\\/inicio\\\/#website\",\"url\":\"https:\\\/\\\/diariotextual.com\\\/inicio\\\/\",\"name\":\"Diario Textual\",\"description\":\"\",\"publisher\":{\"@id\":\"https:\\\/\\\/diariotextual.com\\\/inicio\\\/#organization\"},\"potentialAction\":[{\"@type\":\"SearchAction\",\"target\":{\"@type\":\"EntryPoint\",\"urlTemplate\":\"https:\\\/\\\/diariotextual.com\\\/inicio\\\/?s={search_term_string}\"},\"query-input\":{\"@type\":\"PropertyValueSpecification\",\"valueRequired\":true,\"valueName\":\"search_term_string\"}}],\"inLanguage\":\"es\"},{\"@type\":\"Organization\",\"@id\":\"https:\\\/\\\/diariotextual.com\\\/inicio\\\/#organization\",\"name\":\"Diario Textual\",\"url\":\"https:\\\/\\\/diariotextual.com\\\/inicio\\\/\",\"logo\":{\"@type\":\"ImageObject\",\"inLanguage\":\"es\",\"@id\":\"https:\\\/\\\/diariotextual.com\\\/inicio\\\/#\\\/schema\\\/logo\\\/image\\\/\",\"url\":\"https:\\\/\\\/diariotextual.com\\\/inicio\\\/wp-content\\\/uploads\\\/2023\\\/05\\\/logotextual1.jpg\",\"contentUrl\":\"https:\\\/\\\/diariotextual.com\\\/inicio\\\/wp-content\\\/uploads\\\/2023\\\/05\\\/logotextual1.jpg\",\"width\":516,\"height\":76,\"caption\":\"Diario Textual\"},\"image\":{\"@id\":\"https:\\\/\\\/diariotextual.com\\\/inicio\\\/#\\\/schema\\\/logo\\\/image\\\/\"},\"sameAs\":[\"https:\\\/\\\/www.facebook.com\\\/eltextual\",\"https:\\\/\\\/x.com\\\/eltextual\",\"http:\\\/\\\/www.instagram.com\\\/eltextual\"]},{\"@type\":\"Person\",\"@id\":\"https:\\\/\\\/diariotextual.com\\\/inicio\\\/#\\\/schema\\\/person\\\/418fc4093c33e86ed41562db3508f958\",\"name\":\"Diario1 Diario1\",\"image\":{\"@type\":\"ImageObject\",\"inLanguage\":\"es\",\"@id\":\"https:\\\/\\\/secure.gravatar.com\\\/avatar\\\/9167d280179c85bc18be67aa7eda765854300033af4896dd779b608640f2ef7a?s=96&d=mm&r=g\",\"url\":\"https:\\\/\\\/secure.gravatar.com\\\/avatar\\\/9167d280179c85bc18be67aa7eda765854300033af4896dd779b608640f2ef7a?s=96&d=mm&r=g\",\"contentUrl\":\"https:\\\/\\\/secure.gravatar.com\\\/avatar\\\/9167d280179c85bc18be67aa7eda765854300033af4896dd779b608640f2ef7a?s=96&d=mm&r=g\",\"caption\":\"Diario1 Diario1\"},\"url\":\"https:\\\/\\\/diariotextual.com\\\/inicio\\\/index.php\\\/author\\\/diario1\\\/\"}]}<\/script>\n<!-- \/ Yoast SEO plugin. -->","yoast_head_json":{"title":"Ardohain blanque\u00f3 que el PRO pampeano quiere aliarse a los libertarios para desbancar al PJ - Diario Textual","robots":{"index":"index","follow":"follow","max-snippet":"max-snippet:-1","max-image-preview":"max-image-preview:large","max-video-preview":"max-video-preview:-1"},"canonical":"https:\/\/diariotextual.com\/inicio\/index.php\/2024\/12\/03\/martin-ardohain-blanqueo-que-el-pro-pampeano-quiere-aliarse-a-los-libertarios-en-2025\/","og_locale":"es_ES","og_type":"article","og_title":"Ardohain blanque\u00f3 que el PRO pampeano quiere aliarse a los libertarios para desbancar al PJ - Diario Textual","og_description":"El diputado nacional y presidente del PRO La Pampa, Mart\u00edn Ardohain, blanque\u00f3 que los amarillos est\u00e1n ansiosos por cerrar una alianza para 2025 con La Libertad Avanza y otros partidos&hellip;","og_url":"https:\/\/diariotextual.com\/inicio\/index.php\/2024\/12\/03\/martin-ardohain-blanqueo-que-el-pro-pampeano-quiere-aliarse-a-los-libertarios-en-2025\/","og_site_name":"Diario Textual","article_publisher":"https:\/\/www.facebook.com\/eltextual","article_published_time":"2024-12-03T14:57:17+00:00","article_modified_time":"2024-12-04T11:42:33+00:00","og_image":[{"width":1440,"height":963,"url":"https:\/\/diariotextual.com\/inicio\/wp-content\/uploads\/2024\/06\/ardohainmartin2024-7.jpg","type":"image\/jpeg"}],"author":"Diario1 Diario1","twitter_card":"summary_large_image","twitter_creator":"@eltextual","twitter_site":"@eltextual","twitter_misc":{"Escrito por":"Diario1 Diario1","Tiempo de lectura":"6 minutos"},"schema":{"@context":"https:\/\/schema.org","@graph":[{"@type":"Article","@id":"https:\/\/diariotextual.com\/inicio\/index.php\/2024\/12\/03\/martin-ardohain-blanqueo-que-el-pro-pampeano-quiere-aliarse-a-los-libertarios-en-2025\/#article","isPartOf":{"@id":"https:\/\/diariotextual.com\/inicio\/index.php\/2024\/12\/03\/martin-ardohain-blanqueo-que-el-pro-pampeano-quiere-aliarse-a-los-libertarios-en-2025\/"},"author":{"name":"Diario1 Diario1","@id":"https:\/\/diariotextual.com\/inicio\/#\/schema\/person\/418fc4093c33e86ed41562db3508f958"},"headline":"Ardohain blanque\u00f3 que el PRO pampeano quiere aliarse a los libertarios para desbancar al PJ","datePublished":"2024-12-03T14:57:17+00:00","dateModified":"2024-12-04T11:42:33+00:00","mainEntityOfPage":{"@id":"https:\/\/diariotextual.com\/inicio\/index.php\/2024\/12\/03\/martin-ardohain-blanqueo-que-el-pro-pampeano-quiere-aliarse-a-los-libertarios-en-2025\/"},"wordCount":1323,"publisher":{"@id":"https:\/\/diariotextual.com\/inicio\/#organization"},"image":{"@id":"https:\/\/diariotextual.com\/inicio\/index.php\/2024\/12\/03\/martin-ardohain-blanqueo-que-el-pro-pampeano-quiere-aliarse-a-los-libertarios-en-2025\/#primaryimage"},"thumbnailUrl":"https:\/\/diariotextual.com\/inicio\/wp-content\/uploads\/2024\/06\/ardohainmartin2024-7.jpg","articleSection":["A - DESTACADAS (mod 16)","A - ES NOTICIA (van abajo)","POLITICA"],"inLanguage":"es"},{"@type":"WebPage","@id":"https:\/\/diariotextual.com\/inicio\/index.php\/2024\/12\/03\/martin-ardohain-blanqueo-que-el-pro-pampeano-quiere-aliarse-a-los-libertarios-en-2025\/","url":"https:\/\/diariotextual.com\/inicio\/index.php\/2024\/12\/03\/martin-ardohain-blanqueo-que-el-pro-pampeano-quiere-aliarse-a-los-libertarios-en-2025\/","name":"Ardohain blanque\u00f3 que el PRO pampeano quiere aliarse a los libertarios para desbancar al PJ - Diario Textual","isPartOf":{"@id":"https:\/\/diariotextual.com\/inicio\/#website"},"primaryImageOfPage":{"@id":"https:\/\/diariotextual.com\/inicio\/index.php\/2024\/12\/03\/martin-ardohain-blanqueo-que-el-pro-pampeano-quiere-aliarse-a-los-libertarios-en-2025\/#primaryimage"},"image":{"@id":"https:\/\/diariotextual.com\/inicio\/index.php\/2024\/12\/03\/martin-ardohain-blanqueo-que-el-pro-pampeano-quiere-aliarse-a-los-libertarios-en-2025\/#primaryimage"},"thumbnailUrl":"https:\/\/diariotextual.com\/inicio\/wp-content\/uploads\/2024\/06\/ardohainmartin2024-7.jpg","datePublished":"2024-12-03T14:57:17+00:00","dateModified":"2024-12-04T11:42:33+00:00","breadcrumb":{"@id":"https:\/\/diariotextual.com\/inicio\/index.php\/2024\/12\/03\/martin-ardohain-blanqueo-que-el-pro-pampeano-quiere-aliarse-a-los-libertarios-en-2025\/#breadcrumb"},"inLanguage":"es","potentialAction":[{"@type":"ReadAction","target":["https:\/\/diariotextual.com\/inicio\/index.php\/2024\/12\/03\/martin-ardohain-blanqueo-que-el-pro-pampeano-quiere-aliarse-a-los-libertarios-en-2025\/"]}]},{"@type":"ImageObject","inLanguage":"es","@id":"https:\/\/diariotextual.com\/inicio\/index.php\/2024\/12\/03\/martin-ardohain-blanqueo-que-el-pro-pampeano-quiere-aliarse-a-los-libertarios-en-2025\/#primaryimage","url":"https:\/\/diariotextual.com\/inicio\/wp-content\/uploads\/2024\/06\/ardohainmartin2024-7.jpg","contentUrl":"https:\/\/diariotextual.com\/inicio\/wp-content\/uploads\/2024\/06\/ardohainmartin2024-7.jpg","width":1440,"height":963},{"@type":"BreadcrumbList","@id":"https:\/\/diariotextual.com\/inicio\/index.php\/2024\/12\/03\/martin-ardohain-blanqueo-que-el-pro-pampeano-quiere-aliarse-a-los-libertarios-en-2025\/#breadcrumb","itemListElement":[{"@type":"ListItem","position":1,"name":"Portada","item":"https:\/\/diariotextual.com\/inicio\/"},{"@type":"ListItem","position":2,"name":"Ardohain blanque\u00f3 que el PRO pampeano quiere aliarse a los libertarios para desbancar al PJ"}]},{"@type":"WebSite","@id":"https:\/\/diariotextual.com\/inicio\/#website","url":"https:\/\/diariotextual.com\/inicio\/","name":"Diario Textual","description":"","publisher":{"@id":"https:\/\/diariotextual.com\/inicio\/#organization"},"potentialAction":[{"@type":"SearchAction","target":{"@type":"EntryPoint","urlTemplate":"https:\/\/diariotextual.com\/inicio\/?s={search_term_string}"},"query-input":{"@type":"PropertyValueSpecification","valueRequired":true,"valueName":"search_term_string"}}],"inLanguage":"es"},{"@type":"Organization","@id":"https:\/\/diariotextual.com\/inicio\/#organization","name":"Diario Textual","url":"https:\/\/diariotextual.com\/inicio\/","logo":{"@type":"ImageObject","inLanguage":"es","@id":"https:\/\/diariotextual.com\/inicio\/#\/schema\/logo\/image\/","url":"https:\/\/diariotextual.com\/inicio\/wp-content\/uploads\/2023\/05\/logotextual1.jpg","contentUrl":"https:\/\/diariotextual.com\/inicio\/wp-content\/uploads\/2023\/05\/logotextual1.jpg","width":516,"height":76,"caption":"Diario Textual"},"image":{"@id":"https:\/\/diariotextual.com\/inicio\/#\/schema\/logo\/image\/"},"sameAs":["https:\/\/www.facebook.com\/eltextual","https:\/\/x.com\/eltextual","http:\/\/www.instagram.com\/eltextual"]},{"@type":"Person","@id":"https:\/\/diariotextual.com\/inicio\/#\/schema\/person\/418fc4093c33e86ed41562db3508f958","name":"Diario1 Diario1","image":{"@type":"ImageObject","inLanguage":"es","@id":"https:\/\/secure.gravatar.com\/avatar\/9167d280179c85bc18be67aa7eda765854300033af4896dd779b608640f2ef7a?s=96&d=mm&r=g","url":"https:\/\/secure.gravatar.com\/avatar\/9167d280179c85bc18be67aa7eda765854300033af4896dd779b608640f2ef7a?s=96&d=mm&r=g","contentUrl":"https:\/\/secure.gravatar.com\/avatar\/9167d280179c85bc18be67aa7eda765854300033af4896dd779b608640f2ef7a?s=96&d=mm&r=g","caption":"Diario1 Diario1"},"url":"https:\/\/diariotextual.com\/inicio\/index.php\/author\/diario1\/"}]}},"_links":{"self":[{"href":"https:\/\/diariotextual.com\/inicio\/index.php\/wp-json\/wp\/v2\/posts\/282995","targetHints":{"allow":["GET"]}}],"collection":[{"href":"https:\/\/diariotextual.com\/inicio\/index.php\/wp-json\/wp\/v2\/posts"}],"about":[{"href":"https:\/\/diariotextual.com\/inicio\/index.php\/wp-json\/wp\/v2\/types\/post"}],"author":[{"embeddable":true,"href":"https:\/\/diariotextual.com\/inicio\/index.php\/wp-json\/wp\/v2\/users\/3"}],"replies":[{"embeddable":true,"href":"https:\/\/diariotextual.com\/inicio\/index.php\/wp-json\/wp\/v2\/comments?post=282995"}],"version-history":[{"count":3,"href":"https:\/\/diariotextual.com\/inicio\/index.php\/wp-json\/wp\/v2\/posts\/282995\/revisions"}],"predecessor-version":[{"id":283006,"href":"https:\/\/diariotextual.com\/inicio\/index.php\/wp-json\/wp\/v2\/posts\/282995\/revisions\/283006"}],"wp:featuredmedia":[{"embeddable":true,"href":"https:\/\/diariotextual.com\/inicio\/index.php\/wp-json\/wp\/v2\/media\/265520"}],"wp:attachment":[{"href":"https:\/\/diariotextual.com\/inicio\/index.php\/wp-json\/wp\/v2\/media?parent=282995"}],"wp:term":[{"taxonomy":"category","embeddable":true,"href":"https:\/\/diariotextual.com\/inicio\/index.php\/wp-json\/wp\/v2\/categories?post=282995"},{"taxonomy":"post_tag","embeddable":true,"href":"https:\/\/diariotextual.com\/inicio\/index.php\/wp-json\/wp\/v2\/tags?post=282995"}],"curies":[{"name":"wp","href":"https:\/\/api.w.org\/{rel}","templated":true}]}}