{"id":28331,"date":"2018-11-22T13:20:13","date_gmt":"2018-11-22T16:20:13","guid":{"rendered":"http:\/\/diariotextual.com\/inicio\/?p=28331"},"modified":"2018-11-23T11:03:19","modified_gmt":"2018-11-23T14:03:19","slug":"verna-convoco-los-intendentes-oficializar-la-formula","status":"publish","type":"post","link":"https:\/\/diariotextual.com\/inicio\/index.php\/2018\/11\/22\/verna-convoco-los-intendentes-oficializar-la-formula\/","title":{"rendered":"Verna convoc\u00f3 a los intendentes para hablar de la f\u00f3rmula"},"content":{"rendered":"<p>El gobernador <strong>Carlos Verna<\/strong> convoc\u00f3 para este viernes a los intendentes del PJ para hablar de la f\u00f3rmula a la gobernaci\u00f3n, dijeron fuentes del partido a <strong>Diario Textual<\/strong>.<\/p>\n<p>Est\u00e1 confirmado que el candidato del PJ -o del frente electoral que encabece el PJ, si acuerda con otros partidos- ser\u00e1 el diputado nacional Sergio Ziliotto. El segundo lugar est\u00e1 reservado para el marinismo. Pero tal como ha informado Diario Textual, Verna pidi\u00f3 por<strong> Mariano Fern\u00e1ndez,<\/strong> pero Rub\u00e9n Mar\u00edn<a href=\"http:\/\/diariotextual.com\/inicio\/index.php\/2018\/11\/22\/marin-hablo-dar-nombre-la-vicegobernacion-mariano-no-va\/\" target=\"_blank\" rel=\"noopener\"><strong> estaba por estas horas indeciso<\/strong><\/a>.<\/p>\n<blockquote class=\"wp-embedded-content\" data-secret=\"t4P4Gch9nA\"><p><a href=\"http:\/\/diariotextual.com\/inicio\/index.php\/2018\/11\/22\/se-rompe-convergencia-marin-no-quiere-mariano-vice-amenza-una-interna\/\">\u00bfSe rompe Convergencia? Mar\u00edn no quiere a Mariano de vice y amenza con una interna<\/a><\/p><\/blockquote>\n<p><iframe class=\"wp-embedded-content\" sandbox=\"allow-scripts\" security=\"restricted\" style=\"position: absolute; clip: rect(1px, 1px, 1px, 1px);\" src=\"http:\/\/diariotextual.com\/inicio\/index.php\/2018\/11\/22\/se-rompe-convergencia-marin-no-quiere-mariano-vice-amenza-una-interna\/embed\/#?secret=t4P4Gch9nA\" data-secret=\"t4P4Gch9nA\" width=\"600\" height=\"338\" title=\"&#8220;\u00bfSe rompe Convergencia? Mar\u00edn no quiere a Mariano de vice y amenza con una interna&#8221; &#8212; Diario Textual\" frameborder=\"0\" marginwidth=\"0\" marginheight=\"0\" scrolling=\"no\"><\/iframe><\/p>\n<p>Hoy, por lo pronto, el mandatario se reuni\u00f3 con Sergio Ziliotto. All\u00ed le transmiti\u00f3 personalmente su elecci\u00f3n. Luego concurri\u00f3 al despacho el diputado Jorge Lezcano. Es el favorito de Verna para que se postule a la intendencia de Santa Rosa. Pasado el mediod\u00eda, se junt\u00f3 con el l\u00edder del NEP, Roberto Robledo. Se esperaba que tambi\u00e9n por estas horas se reuniera con enviados por Compromiso Peronista, que ha quedado afuera de la f\u00f3rmula a la Gobernaci\u00f3n.<\/p>\n<blockquote class=\"wp-embedded-content\" data-secret=\"tr58OOdq6a\"><p><a href=\"http:\/\/diariotextual.com\/inicio\/index.php\/2018\/11\/22\/marin-hablo-dar-nombre-la-vicegobernacion-mariano-no-va\/\">Mar\u00edn habl\u00f3 de dar &#8220;otro nombre&#8221; para la vicegobernaci\u00f3n: \u00bfMariano no va?<\/a><\/p><\/blockquote>\n<p><iframe class=\"wp-embedded-content\" sandbox=\"allow-scripts\" security=\"restricted\" style=\"position: absolute; clip: rect(1px, 1px, 1px, 1px);\" src=\"http:\/\/diariotextual.com\/inicio\/index.php\/2018\/11\/22\/marin-hablo-dar-nombre-la-vicegobernacion-mariano-no-va\/embed\/#?secret=tr58OOdq6a\" data-secret=\"tr58OOdq6a\" width=\"600\" height=\"338\" title=\"&#8220;Mar\u00edn habl\u00f3 de dar &#8220;otro nombre&#8221; para la vicegobernaci\u00f3n: \u00bfMariano no va?&#8221; &#8212; Diario Textual\" frameborder=\"0\" marginwidth=\"0\" marginheight=\"0\" scrolling=\"no\"><\/iframe><\/p>\n<p>&nbsp;<\/p>\n<p>&nbsp;<\/p>\n<p>&nbsp;<\/p>\n","protected":false},"excerpt":{"rendered":"<p>El gobernador Carlos Verna convoc\u00f3 para este viernes a los intendentes del PJ para hablar de la f\u00f3rmula a la gobernaci\u00f3n, dijeron fuentes del partido a Diario Textual. Est\u00e1 confirmado&hellip;<\/p>\n","protected":false},"author":3,"featured_media":19357,"comment_status":"closed","ping_status":"open","sticky":false,"template":"","format":"standard","meta":{"_acf_changed":false,"footnotes":""},"categories":[1,8],"tags":[],"class_list":["post-28331","post","type-post","status-publish","format-standard","has-post-thumbnail","hentry","category-es-noticia","category-politica"],"acf":[],"yoast_head":"<!-- This site is optimized with the Yoast SEO plugin v27.5 - https:\/\/yoast.com\/product\/yoast-seo-wordpress\/ -->\n<title>Verna convoc\u00f3 a los intendentes para hablar de la f\u00f3rmula - Diario Textual<\/title>\n<meta name=\"robots\" content=\"index, follow, max-snippet:-1, max-image-preview:large, max-video-preview:-1\" \/>\n<link rel=\"canonical\" href=\"https:\/\/diariotextual.com\/inicio\/index.php\/2018\/11\/22\/verna-convoco-los-intendentes-oficializar-la-formula\/\" \/>\n<meta property=\"og:locale\" content=\"es_ES\" \/>\n<meta property=\"og:type\" content=\"article\" \/>\n<meta property=\"og:title\" content=\"Verna convoc\u00f3 a los intendentes para hablar de la f\u00f3rmula - Diario Textual\" \/>\n<meta property=\"og:description\" content=\"El gobernador Carlos Verna convoc\u00f3 para este viernes a los intendentes del PJ para hablar de la f\u00f3rmula a la gobernaci\u00f3n, dijeron fuentes del partido a Diario Textual. Est\u00e1 confirmado&hellip;\" \/>\n<meta property=\"og:url\" content=\"https:\/\/diariotextual.com\/inicio\/index.php\/2018\/11\/22\/verna-convoco-los-intendentes-oficializar-la-formula\/\" \/>\n<meta property=\"og:site_name\" content=\"Diario Textual\" \/>\n<meta property=\"article:publisher\" content=\"https:\/\/www.facebook.com\/eltextual\" \/>\n<meta property=\"article:published_time\" content=\"2018-11-22T16:20:13+00:00\" \/>\n<meta property=\"article:modified_time\" content=\"2018-11-23T14:03:19+00:00\" \/>\n<meta property=\"og:image\" content=\"https:\/\/diariotextual.com\/inicio\/wp-content\/uploads\/2018\/09\/vernacarlosrenunciamientoreeleccion2018-2.jpg\" \/>\n\t<meta property=\"og:image:width\" content=\"1000\" \/>\n\t<meta property=\"og:image:height\" content=\"630\" \/>\n\t<meta property=\"og:image:type\" content=\"image\/jpeg\" \/>\n<meta name=\"author\" content=\"Diario1 Diario1\" \/>\n<meta name=\"twitter:card\" content=\"summary_large_image\" \/>\n<meta name=\"twitter:creator\" content=\"@eltextual\" \/>\n<meta name=\"twitter:site\" content=\"@eltextual\" \/>\n<meta name=\"twitter:label1\" content=\"Escrito por\" \/>\n\t<meta name=\"twitter:data1\" content=\"Diario1 Diario1\" \/>\n\t<meta name=\"twitter:label2\" content=\"Tiempo de lectura\" \/>\n\t<meta name=\"twitter:data2\" content=\"1 minuto\" \/>\n<script type=\"application\/ld+json\" class=\"yoast-schema-graph\">{\"@context\":\"https:\\\/\\\/schema.org\",\"@graph\":[{\"@type\":\"Article\",\"@id\":\"https:\\\/\\\/diariotextual.com\\\/inicio\\\/index.php\\\/2018\\\/11\\\/22\\\/verna-convoco-los-intendentes-oficializar-la-formula\\\/#article\",\"isPartOf\":{\"@id\":\"https:\\\/\\\/diariotextual.com\\\/inicio\\\/index.php\\\/2018\\\/11\\\/22\\\/verna-convoco-los-intendentes-oficializar-la-formula\\\/\"},\"author\":{\"name\":\"Diario1 Diario1\",\"@id\":\"https:\\\/\\\/diariotextual.com\\\/inicio\\\/#\\\/schema\\\/person\\\/418fc4093c33e86ed41562db3508f958\"},\"headline\":\"Verna convoc\u00f3 a los intendentes para hablar de la f\u00f3rmula\",\"datePublished\":\"2018-11-22T16:20:13+00:00\",\"dateModified\":\"2018-11-23T14:03:19+00:00\",\"mainEntityOfPage\":{\"@id\":\"https:\\\/\\\/diariotextual.com\\\/inicio\\\/index.php\\\/2018\\\/11\\\/22\\\/verna-convoco-los-intendentes-oficializar-la-formula\\\/\"},\"wordCount\":197,\"publisher\":{\"@id\":\"https:\\\/\\\/diariotextual.com\\\/inicio\\\/#organization\"},\"image\":{\"@id\":\"https:\\\/\\\/diariotextual.com\\\/inicio\\\/index.php\\\/2018\\\/11\\\/22\\\/verna-convoco-los-intendentes-oficializar-la-formula\\\/#primaryimage\"},\"thumbnailUrl\":\"https:\\\/\\\/diariotextual.com\\\/inicio\\\/wp-content\\\/uploads\\\/2018\\\/09\\\/vernacarlosrenunciamientoreeleccion2018-2.jpg\",\"articleSection\":[\"A - ES NOTICIA (van abajo)\",\"POLITICA\"],\"inLanguage\":\"es\"},{\"@type\":\"WebPage\",\"@id\":\"https:\\\/\\\/diariotextual.com\\\/inicio\\\/index.php\\\/2018\\\/11\\\/22\\\/verna-convoco-los-intendentes-oficializar-la-formula\\\/\",\"url\":\"https:\\\/\\\/diariotextual.com\\\/inicio\\\/index.php\\\/2018\\\/11\\\/22\\\/verna-convoco-los-intendentes-oficializar-la-formula\\\/\",\"name\":\"Verna convoc\u00f3 a los intendentes para hablar de la f\u00f3rmula - Diario Textual\",\"isPartOf\":{\"@id\":\"https:\\\/\\\/diariotextual.com\\\/inicio\\\/#website\"},\"primaryImageOfPage\":{\"@id\":\"https:\\\/\\\/diariotextual.com\\\/inicio\\\/index.php\\\/2018\\\/11\\\/22\\\/verna-convoco-los-intendentes-oficializar-la-formula\\\/#primaryimage\"},\"image\":{\"@id\":\"https:\\\/\\\/diariotextual.com\\\/inicio\\\/index.php\\\/2018\\\/11\\\/22\\\/verna-convoco-los-intendentes-oficializar-la-formula\\\/#primaryimage\"},\"thumbnailUrl\":\"https:\\\/\\\/diariotextual.com\\\/inicio\\\/wp-content\\\/uploads\\\/2018\\\/09\\\/vernacarlosrenunciamientoreeleccion2018-2.jpg\",\"datePublished\":\"2018-11-22T16:20:13+00:00\",\"dateModified\":\"2018-11-23T14:03:19+00:00\",\"breadcrumb\":{\"@id\":\"https:\\\/\\\/diariotextual.com\\\/inicio\\\/index.php\\\/2018\\\/11\\\/22\\\/verna-convoco-los-intendentes-oficializar-la-formula\\\/#breadcrumb\"},\"inLanguage\":\"es\",\"potentialAction\":[{\"@type\":\"ReadAction\",\"target\":[\"https:\\\/\\\/diariotextual.com\\\/inicio\\\/index.php\\\/2018\\\/11\\\/22\\\/verna-convoco-los-intendentes-oficializar-la-formula\\\/\"]}]},{\"@type\":\"ImageObject\",\"inLanguage\":\"es\",\"@id\":\"https:\\\/\\\/diariotextual.com\\\/inicio\\\/index.php\\\/2018\\\/11\\\/22\\\/verna-convoco-los-intendentes-oficializar-la-formula\\\/#primaryimage\",\"url\":\"https:\\\/\\\/diariotextual.com\\\/inicio\\\/wp-content\\\/uploads\\\/2018\\\/09\\\/vernacarlosrenunciamientoreeleccion2018-2.jpg\",\"contentUrl\":\"https:\\\/\\\/diariotextual.com\\\/inicio\\\/wp-content\\\/uploads\\\/2018\\\/09\\\/vernacarlosrenunciamientoreeleccion2018-2.jpg\",\"width\":1000,\"height\":630},{\"@type\":\"BreadcrumbList\",\"@id\":\"https:\\\/\\\/diariotextual.com\\\/inicio\\\/index.php\\\/2018\\\/11\\\/22\\\/verna-convoco-los-intendentes-oficializar-la-formula\\\/#breadcrumb\",\"itemListElement\":[{\"@type\":\"ListItem\",\"position\":1,\"name\":\"Portada\",\"item\":\"https:\\\/\\\/diariotextual.com\\\/inicio\\\/\"},{\"@type\":\"ListItem\",\"position\":2,\"name\":\"Verna convoc\u00f3 a los intendentes para hablar de la f\u00f3rmula\"}]},{\"@type\":\"WebSite\",\"@id\":\"https:\\\/\\\/diariotextual.com\\\/inicio\\\/#website\",\"url\":\"https:\\\/\\\/diariotextual.com\\\/inicio\\\/\",\"name\":\"Diario Textual\",\"description\":\"\",\"publisher\":{\"@id\":\"https:\\\/\\\/diariotextual.com\\\/inicio\\\/#organization\"},\"potentialAction\":[{\"@type\":\"SearchAction\",\"target\":{\"@type\":\"EntryPoint\",\"urlTemplate\":\"https:\\\/\\\/diariotextual.com\\\/inicio\\\/?s={search_term_string}\"},\"query-input\":{\"@type\":\"PropertyValueSpecification\",\"valueRequired\":true,\"valueName\":\"search_term_string\"}}],\"inLanguage\":\"es\"},{\"@type\":\"Organization\",\"@id\":\"https:\\\/\\\/diariotextual.com\\\/inicio\\\/#organization\",\"name\":\"Diario Textual\",\"url\":\"https:\\\/\\\/diariotextual.com\\\/inicio\\\/\",\"logo\":{\"@type\":\"ImageObject\",\"inLanguage\":\"es\",\"@id\":\"https:\\\/\\\/diariotextual.com\\\/inicio\\\/#\\\/schema\\\/logo\\\/image\\\/\",\"url\":\"https:\\\/\\\/diariotextual.com\\\/inicio\\\/wp-content\\\/uploads\\\/2023\\\/05\\\/logotextual1.jpg\",\"contentUrl\":\"https:\\\/\\\/diariotextual.com\\\/inicio\\\/wp-content\\\/uploads\\\/2023\\\/05\\\/logotextual1.jpg\",\"width\":516,\"height\":76,\"caption\":\"Diario Textual\"},\"image\":{\"@id\":\"https:\\\/\\\/diariotextual.com\\\/inicio\\\/#\\\/schema\\\/logo\\\/image\\\/\"},\"sameAs\":[\"https:\\\/\\\/www.facebook.com\\\/eltextual\",\"https:\\\/\\\/x.com\\\/eltextual\",\"http:\\\/\\\/www.instagram.com\\\/eltextual\"]},{\"@type\":\"Person\",\"@id\":\"https:\\\/\\\/diariotextual.com\\\/inicio\\\/#\\\/schema\\\/person\\\/418fc4093c33e86ed41562db3508f958\",\"name\":\"Diario1 Diario1\",\"image\":{\"@type\":\"ImageObject\",\"inLanguage\":\"es\",\"@id\":\"https:\\\/\\\/secure.gravatar.com\\\/avatar\\\/9167d280179c85bc18be67aa7eda765854300033af4896dd779b608640f2ef7a?s=96&d=mm&r=g\",\"url\":\"https:\\\/\\\/secure.gravatar.com\\\/avatar\\\/9167d280179c85bc18be67aa7eda765854300033af4896dd779b608640f2ef7a?s=96&d=mm&r=g\",\"contentUrl\":\"https:\\\/\\\/secure.gravatar.com\\\/avatar\\\/9167d280179c85bc18be67aa7eda765854300033af4896dd779b608640f2ef7a?s=96&d=mm&r=g\",\"caption\":\"Diario1 Diario1\"},\"url\":\"https:\\\/\\\/diariotextual.com\\\/inicio\\\/index.php\\\/author\\\/diario1\\\/\"}]}<\/script>\n<!-- \/ Yoast SEO plugin. -->","yoast_head_json":{"title":"Verna convoc\u00f3 a los intendentes para hablar de la f\u00f3rmula - Diario Textual","robots":{"index":"index","follow":"follow","max-snippet":"max-snippet:-1","max-image-preview":"max-image-preview:large","max-video-preview":"max-video-preview:-1"},"canonical":"https:\/\/diariotextual.com\/inicio\/index.php\/2018\/11\/22\/verna-convoco-los-intendentes-oficializar-la-formula\/","og_locale":"es_ES","og_type":"article","og_title":"Verna convoc\u00f3 a los intendentes para hablar de la f\u00f3rmula - Diario Textual","og_description":"El gobernador Carlos Verna convoc\u00f3 para este viernes a los intendentes del PJ para hablar de la f\u00f3rmula a la gobernaci\u00f3n, dijeron fuentes del partido a Diario Textual. Est\u00e1 confirmado&hellip;","og_url":"https:\/\/diariotextual.com\/inicio\/index.php\/2018\/11\/22\/verna-convoco-los-intendentes-oficializar-la-formula\/","og_site_name":"Diario Textual","article_publisher":"https:\/\/www.facebook.com\/eltextual","article_published_time":"2018-11-22T16:20:13+00:00","article_modified_time":"2018-11-23T14:03:19+00:00","og_image":[{"width":1000,"height":630,"url":"https:\/\/diariotextual.com\/inicio\/wp-content\/uploads\/2018\/09\/vernacarlosrenunciamientoreeleccion2018-2.jpg","type":"image\/jpeg"}],"author":"Diario1 Diario1","twitter_card":"summary_large_image","twitter_creator":"@eltextual","twitter_site":"@eltextual","twitter_misc":{"Escrito por":"Diario1 Diario1","Tiempo de lectura":"1 minuto"},"schema":{"@context":"https:\/\/schema.org","@graph":[{"@type":"Article","@id":"https:\/\/diariotextual.com\/inicio\/index.php\/2018\/11\/22\/verna-convoco-los-intendentes-oficializar-la-formula\/#article","isPartOf":{"@id":"https:\/\/diariotextual.com\/inicio\/index.php\/2018\/11\/22\/verna-convoco-los-intendentes-oficializar-la-formula\/"},"author":{"name":"Diario1 Diario1","@id":"https:\/\/diariotextual.com\/inicio\/#\/schema\/person\/418fc4093c33e86ed41562db3508f958"},"headline":"Verna convoc\u00f3 a los intendentes para hablar de la f\u00f3rmula","datePublished":"2018-11-22T16:20:13+00:00","dateModified":"2018-11-23T14:03:19+00:00","mainEntityOfPage":{"@id":"https:\/\/diariotextual.com\/inicio\/index.php\/2018\/11\/22\/verna-convoco-los-intendentes-oficializar-la-formula\/"},"wordCount":197,"publisher":{"@id":"https:\/\/diariotextual.com\/inicio\/#organization"},"image":{"@id":"https:\/\/diariotextual.com\/inicio\/index.php\/2018\/11\/22\/verna-convoco-los-intendentes-oficializar-la-formula\/#primaryimage"},"thumbnailUrl":"https:\/\/diariotextual.com\/inicio\/wp-content\/uploads\/2018\/09\/vernacarlosrenunciamientoreeleccion2018-2.jpg","articleSection":["A - ES NOTICIA (van abajo)","POLITICA"],"inLanguage":"es"},{"@type":"WebPage","@id":"https:\/\/diariotextual.com\/inicio\/index.php\/2018\/11\/22\/verna-convoco-los-intendentes-oficializar-la-formula\/","url":"https:\/\/diariotextual.com\/inicio\/index.php\/2018\/11\/22\/verna-convoco-los-intendentes-oficializar-la-formula\/","name":"Verna convoc\u00f3 a los intendentes para hablar de la f\u00f3rmula - Diario Textual","isPartOf":{"@id":"https:\/\/diariotextual.com\/inicio\/#website"},"primaryImageOfPage":{"@id":"https:\/\/diariotextual.com\/inicio\/index.php\/2018\/11\/22\/verna-convoco-los-intendentes-oficializar-la-formula\/#primaryimage"},"image":{"@id":"https:\/\/diariotextual.com\/inicio\/index.php\/2018\/11\/22\/verna-convoco-los-intendentes-oficializar-la-formula\/#primaryimage"},"thumbnailUrl":"https:\/\/diariotextual.com\/inicio\/wp-content\/uploads\/2018\/09\/vernacarlosrenunciamientoreeleccion2018-2.jpg","datePublished":"2018-11-22T16:20:13+00:00","dateModified":"2018-11-23T14:03:19+00:00","breadcrumb":{"@id":"https:\/\/diariotextual.com\/inicio\/index.php\/2018\/11\/22\/verna-convoco-los-intendentes-oficializar-la-formula\/#breadcrumb"},"inLanguage":"es","potentialAction":[{"@type":"ReadAction","target":["https:\/\/diariotextual.com\/inicio\/index.php\/2018\/11\/22\/verna-convoco-los-intendentes-oficializar-la-formula\/"]}]},{"@type":"ImageObject","inLanguage":"es","@id":"https:\/\/diariotextual.com\/inicio\/index.php\/2018\/11\/22\/verna-convoco-los-intendentes-oficializar-la-formula\/#primaryimage","url":"https:\/\/diariotextual.com\/inicio\/wp-content\/uploads\/2018\/09\/vernacarlosrenunciamientoreeleccion2018-2.jpg","contentUrl":"https:\/\/diariotextual.com\/inicio\/wp-content\/uploads\/2018\/09\/vernacarlosrenunciamientoreeleccion2018-2.jpg","width":1000,"height":630},{"@type":"BreadcrumbList","@id":"https:\/\/diariotextual.com\/inicio\/index.php\/2018\/11\/22\/verna-convoco-los-intendentes-oficializar-la-formula\/#breadcrumb","itemListElement":[{"@type":"ListItem","position":1,"name":"Portada","item":"https:\/\/diariotextual.com\/inicio\/"},{"@type":"ListItem","position":2,"name":"Verna convoc\u00f3 a los intendentes para hablar de la f\u00f3rmula"}]},{"@type":"WebSite","@id":"https:\/\/diariotextual.com\/inicio\/#website","url":"https:\/\/diariotextual.com\/inicio\/","name":"Diario Textual","description":"","publisher":{"@id":"https:\/\/diariotextual.com\/inicio\/#organization"},"potentialAction":[{"@type":"SearchAction","target":{"@type":"EntryPoint","urlTemplate":"https:\/\/diariotextual.com\/inicio\/?s={search_term_string}"},"query-input":{"@type":"PropertyValueSpecification","valueRequired":true,"valueName":"search_term_string"}}],"inLanguage":"es"},{"@type":"Organization","@id":"https:\/\/diariotextual.com\/inicio\/#organization","name":"Diario Textual","url":"https:\/\/diariotextual.com\/inicio\/","logo":{"@type":"ImageObject","inLanguage":"es","@id":"https:\/\/diariotextual.com\/inicio\/#\/schema\/logo\/image\/","url":"https:\/\/diariotextual.com\/inicio\/wp-content\/uploads\/2023\/05\/logotextual1.jpg","contentUrl":"https:\/\/diariotextual.com\/inicio\/wp-content\/uploads\/2023\/05\/logotextual1.jpg","width":516,"height":76,"caption":"Diario Textual"},"image":{"@id":"https:\/\/diariotextual.com\/inicio\/#\/schema\/logo\/image\/"},"sameAs":["https:\/\/www.facebook.com\/eltextual","https:\/\/x.com\/eltextual","http:\/\/www.instagram.com\/eltextual"]},{"@type":"Person","@id":"https:\/\/diariotextual.com\/inicio\/#\/schema\/person\/418fc4093c33e86ed41562db3508f958","name":"Diario1 Diario1","image":{"@type":"ImageObject","inLanguage":"es","@id":"https:\/\/secure.gravatar.com\/avatar\/9167d280179c85bc18be67aa7eda765854300033af4896dd779b608640f2ef7a?s=96&d=mm&r=g","url":"https:\/\/secure.gravatar.com\/avatar\/9167d280179c85bc18be67aa7eda765854300033af4896dd779b608640f2ef7a?s=96&d=mm&r=g","contentUrl":"https:\/\/secure.gravatar.com\/avatar\/9167d280179c85bc18be67aa7eda765854300033af4896dd779b608640f2ef7a?s=96&d=mm&r=g","caption":"Diario1 Diario1"},"url":"https:\/\/diariotextual.com\/inicio\/index.php\/author\/diario1\/"}]}},"_links":{"self":[{"href":"https:\/\/diariotextual.com\/inicio\/index.php\/wp-json\/wp\/v2\/posts\/28331","targetHints":{"allow":["GET"]}}],"collection":[{"href":"https:\/\/diariotextual.com\/inicio\/index.php\/wp-json\/wp\/v2\/posts"}],"about":[{"href":"https:\/\/diariotextual.com\/inicio\/index.php\/wp-json\/wp\/v2\/types\/post"}],"author":[{"embeddable":true,"href":"https:\/\/diariotextual.com\/inicio\/index.php\/wp-json\/wp\/v2\/users\/3"}],"replies":[{"embeddable":true,"href":"https:\/\/diariotextual.com\/inicio\/index.php\/wp-json\/wp\/v2\/comments?post=28331"}],"version-history":[{"count":6,"href":"https:\/\/diariotextual.com\/inicio\/index.php\/wp-json\/wp\/v2\/posts\/28331\/revisions"}],"predecessor-version":[{"id":28352,"href":"https:\/\/diariotextual.com\/inicio\/index.php\/wp-json\/wp\/v2\/posts\/28331\/revisions\/28352"}],"wp:featuredmedia":[{"embeddable":true,"href":"https:\/\/diariotextual.com\/inicio\/index.php\/wp-json\/wp\/v2\/media\/19357"}],"wp:attachment":[{"href":"https:\/\/diariotextual.com\/inicio\/index.php\/wp-json\/wp\/v2\/media?parent=28331"}],"wp:term":[{"taxonomy":"category","embeddable":true,"href":"https:\/\/diariotextual.com\/inicio\/index.php\/wp-json\/wp\/v2\/categories?post=28331"},{"taxonomy":"post_tag","embeddable":true,"href":"https:\/\/diariotextual.com\/inicio\/index.php\/wp-json\/wp\/v2\/tags?post=28331"}],"curies":[{"name":"wp","href":"https:\/\/api.w.org\/{rel}","templated":true}]}}