{"id":283376,"date":"2024-12-07T11:25:32","date_gmt":"2024-12-07T14:25:32","guid":{"rendered":"https:\/\/diariotextual.com\/inicio\/?p=283376"},"modified":"2024-12-07T17:22:34","modified_gmt":"2024-12-07T20:22:34","slug":"colapinto-largara-ultimo-del-gran-premio-de-abu-dhabi-de-f1","status":"publish","type":"post","link":"https:\/\/diariotextual.com\/inicio\/index.php\/2024\/12\/07\/colapinto-largara-ultimo-del-gran-premio-de-abu-dhabi-de-f1\/","title":{"rendered":"Colapinto largar\u00e1 \u00faltimo en el Gran Premio de Abu Dhabi de F1"},"content":{"rendered":"\n<p>El automovilista argentino Franco Colapinto largar\u00e1 desde el \u00faltimo puesto en la carrera por el Gran Premio de Abu Dhabi. &nbsp;<\/p>\n\n\n\n<p>El pilarense no tuvo un buen fin de semana y qued\u00f3 eliminado en la Q1, en el puesto 19. Su compa\u00f1ero de equipo Alex Albon fianliz\u00f3 en el primer lugar de la zona de eliminaci\u00f3n y termin\u00f3 afuera de la Clasificaci\u00f3n para la \u00faltima carrera del a\u00f1o. &nbsp;<\/p>\n\n\n\n<p>Sin embargo, el equipo Williams Racing no largar\u00e1 desde la posici\u00f3n 19 (Colapinto) y 16 (Albon). Los dos corredores iniciar\u00e1n el \u00faltimo encuentro de la F1 en los puestos 20 y 19 (los \u00faltimos lugares de la largada) por una sanci\u00f3n que los penaliz\u00f3 con cinco puestos.<\/p>\n\n\n\n<p>Por un lado, el sudamericano se encuentra en el puesto diecinueve del campeonato de los conductores (certamen individual), con cinco unidades. Quien reemplazo a Logan Sargeant en la mitad de la temporada. &nbsp;<\/p>\n\n\n\n<p>Por otra parte, tras la salida de Sargeant y la entrada de Colapinto, el equipo remont\u00f3 su rendimiento automovil\u00edstico y se quedaron con el anteultimo puesto de la competencia de escuder\u00edas. En una competici\u00f3n que no tuvieron muchas actuaciones destacadas durante la primera mitad del a\u00f1o, con muy pocos puntos sumados entre Albon y el estadounidense Logan Sargeant. &nbsp;<\/p>\n\n\n\n<p>Colapinto y Albon se encuentran en un momento complejo de su a\u00f1o deportivo porque deber\u00e1n concretar una buena actuaci\u00f3n en la \u00faltima carrera de la temporada de la primera competencia de monoplazas.<\/p>\n\n\n\n<p>Pero, es indudable que con la llegada del pilarense a la F\u00f3rmula 1, el equipo Williams logr\u00f3 remontar su desastrosa actuaci\u00f3n dentro de las pistas de competici\u00f3n. &nbsp;&nbsp;<\/p>\n\n\n\n<p><\/p>\n\n\n\n<p><\/p>\n\n\n\n<p><\/p>\n","protected":false},"excerpt":{"rendered":"<p>El automovilista argentino Franco Colapinto largar\u00e1 desde el \u00faltimo puesto en la carrera por el Gran Premio de Abu Dhabi. &nbsp; El pilarense no tuvo un buen fin de semana&hellip;<\/p>\n","protected":false},"author":3,"featured_media":283377,"comment_status":"closed","ping_status":"open","sticky":false,"template":"","format":"standard","meta":{"_acf_changed":false,"footnotes":""},"categories":[1,3],"tags":[],"class_list":["post-283376","post","type-post","status-publish","format-standard","has-post-thumbnail","hentry","category-es-noticia","category-deportes"],"acf":[],"yoast_head":"<!-- This site is optimized with the Yoast SEO plugin v27.5 - https:\/\/yoast.com\/product\/yoast-seo-wordpress\/ -->\n<title>Colapinto largar\u00e1 \u00faltimo en el Gran Premio de Abu Dhabi de F1 - Diario Textual<\/title>\n<meta name=\"robots\" content=\"index, follow, max-snippet:-1, max-image-preview:large, max-video-preview:-1\" \/>\n<link rel=\"canonical\" href=\"https:\/\/diariotextual.com\/inicio\/index.php\/2024\/12\/07\/colapinto-largara-ultimo-del-gran-premio-de-abu-dhabi-de-f1\/\" \/>\n<meta property=\"og:locale\" content=\"es_ES\" \/>\n<meta property=\"og:type\" content=\"article\" \/>\n<meta property=\"og:title\" content=\"Colapinto largar\u00e1 \u00faltimo en el Gran Premio de Abu Dhabi de F1 - Diario Textual\" \/>\n<meta property=\"og:description\" content=\"El automovilista argentino Franco Colapinto largar\u00e1 desde el \u00faltimo puesto en la carrera por el Gran Premio de Abu Dhabi. &nbsp; El pilarense no tuvo un buen fin de semana&hellip;\" \/>\n<meta property=\"og:url\" content=\"https:\/\/diariotextual.com\/inicio\/index.php\/2024\/12\/07\/colapinto-largara-ultimo-del-gran-premio-de-abu-dhabi-de-f1\/\" \/>\n<meta property=\"og:site_name\" content=\"Diario Textual\" \/>\n<meta property=\"article:publisher\" content=\"https:\/\/www.facebook.com\/eltextual\" \/>\n<meta property=\"article:published_time\" content=\"2024-12-07T14:25:32+00:00\" \/>\n<meta property=\"article:modified_time\" content=\"2024-12-07T20:22:34+00:00\" \/>\n<meta property=\"og:image\" content=\"https:\/\/diariotextual.com\/inicio\/wp-content\/uploads\/2024\/12\/colapintofranco2024-77.jpg\" \/>\n\t<meta property=\"og:image:width\" content=\"1500\" \/>\n\t<meta property=\"og:image:height\" content=\"1002\" \/>\n\t<meta property=\"og:image:type\" content=\"image\/jpeg\" \/>\n<meta name=\"author\" content=\"Diario1 Diario1\" \/>\n<meta name=\"twitter:card\" content=\"summary_large_image\" \/>\n<meta name=\"twitter:creator\" content=\"@eltextual\" \/>\n<meta name=\"twitter:site\" content=\"@eltextual\" \/>\n<meta name=\"twitter:label1\" content=\"Escrito por\" \/>\n\t<meta name=\"twitter:data1\" content=\"Diario1 Diario1\" \/>\n\t<meta name=\"twitter:label2\" content=\"Tiempo de lectura\" \/>\n\t<meta name=\"twitter:data2\" content=\"2 minutos\" \/>\n<script type=\"application\/ld+json\" class=\"yoast-schema-graph\">{\"@context\":\"https:\\\/\\\/schema.org\",\"@graph\":[{\"@type\":\"Article\",\"@id\":\"https:\\\/\\\/diariotextual.com\\\/inicio\\\/index.php\\\/2024\\\/12\\\/07\\\/colapinto-largara-ultimo-del-gran-premio-de-abu-dhabi-de-f1\\\/#article\",\"isPartOf\":{\"@id\":\"https:\\\/\\\/diariotextual.com\\\/inicio\\\/index.php\\\/2024\\\/12\\\/07\\\/colapinto-largara-ultimo-del-gran-premio-de-abu-dhabi-de-f1\\\/\"},\"author\":{\"name\":\"Diario1 Diario1\",\"@id\":\"https:\\\/\\\/diariotextual.com\\\/inicio\\\/#\\\/schema\\\/person\\\/418fc4093c33e86ed41562db3508f958\"},\"headline\":\"Colapinto largar\u00e1 \u00faltimo en el Gran Premio de Abu Dhabi de F1\",\"datePublished\":\"2024-12-07T14:25:32+00:00\",\"dateModified\":\"2024-12-07T20:22:34+00:00\",\"mainEntityOfPage\":{\"@id\":\"https:\\\/\\\/diariotextual.com\\\/inicio\\\/index.php\\\/2024\\\/12\\\/07\\\/colapinto-largara-ultimo-del-gran-premio-de-abu-dhabi-de-f1\\\/\"},\"wordCount\":292,\"publisher\":{\"@id\":\"https:\\\/\\\/diariotextual.com\\\/inicio\\\/#organization\"},\"image\":{\"@id\":\"https:\\\/\\\/diariotextual.com\\\/inicio\\\/index.php\\\/2024\\\/12\\\/07\\\/colapinto-largara-ultimo-del-gran-premio-de-abu-dhabi-de-f1\\\/#primaryimage\"},\"thumbnailUrl\":\"https:\\\/\\\/diariotextual.com\\\/inicio\\\/wp-content\\\/uploads\\\/2024\\\/12\\\/colapintofranco2024-77.jpg\",\"articleSection\":[\"A - ES NOTICIA (van abajo)\",\"DEPORTES\"],\"inLanguage\":\"es\"},{\"@type\":\"WebPage\",\"@id\":\"https:\\\/\\\/diariotextual.com\\\/inicio\\\/index.php\\\/2024\\\/12\\\/07\\\/colapinto-largara-ultimo-del-gran-premio-de-abu-dhabi-de-f1\\\/\",\"url\":\"https:\\\/\\\/diariotextual.com\\\/inicio\\\/index.php\\\/2024\\\/12\\\/07\\\/colapinto-largara-ultimo-del-gran-premio-de-abu-dhabi-de-f1\\\/\",\"name\":\"Colapinto largar\u00e1 \u00faltimo en el Gran Premio de Abu Dhabi de F1 - Diario Textual\",\"isPartOf\":{\"@id\":\"https:\\\/\\\/diariotextual.com\\\/inicio\\\/#website\"},\"primaryImageOfPage\":{\"@id\":\"https:\\\/\\\/diariotextual.com\\\/inicio\\\/index.php\\\/2024\\\/12\\\/07\\\/colapinto-largara-ultimo-del-gran-premio-de-abu-dhabi-de-f1\\\/#primaryimage\"},\"image\":{\"@id\":\"https:\\\/\\\/diariotextual.com\\\/inicio\\\/index.php\\\/2024\\\/12\\\/07\\\/colapinto-largara-ultimo-del-gran-premio-de-abu-dhabi-de-f1\\\/#primaryimage\"},\"thumbnailUrl\":\"https:\\\/\\\/diariotextual.com\\\/inicio\\\/wp-content\\\/uploads\\\/2024\\\/12\\\/colapintofranco2024-77.jpg\",\"datePublished\":\"2024-12-07T14:25:32+00:00\",\"dateModified\":\"2024-12-07T20:22:34+00:00\",\"breadcrumb\":{\"@id\":\"https:\\\/\\\/diariotextual.com\\\/inicio\\\/index.php\\\/2024\\\/12\\\/07\\\/colapinto-largara-ultimo-del-gran-premio-de-abu-dhabi-de-f1\\\/#breadcrumb\"},\"inLanguage\":\"es\",\"potentialAction\":[{\"@type\":\"ReadAction\",\"target\":[\"https:\\\/\\\/diariotextual.com\\\/inicio\\\/index.php\\\/2024\\\/12\\\/07\\\/colapinto-largara-ultimo-del-gran-premio-de-abu-dhabi-de-f1\\\/\"]}]},{\"@type\":\"ImageObject\",\"inLanguage\":\"es\",\"@id\":\"https:\\\/\\\/diariotextual.com\\\/inicio\\\/index.php\\\/2024\\\/12\\\/07\\\/colapinto-largara-ultimo-del-gran-premio-de-abu-dhabi-de-f1\\\/#primaryimage\",\"url\":\"https:\\\/\\\/diariotextual.com\\\/inicio\\\/wp-content\\\/uploads\\\/2024\\\/12\\\/colapintofranco2024-77.jpg\",\"contentUrl\":\"https:\\\/\\\/diariotextual.com\\\/inicio\\\/wp-content\\\/uploads\\\/2024\\\/12\\\/colapintofranco2024-77.jpg\",\"width\":1500,\"height\":1002},{\"@type\":\"BreadcrumbList\",\"@id\":\"https:\\\/\\\/diariotextual.com\\\/inicio\\\/index.php\\\/2024\\\/12\\\/07\\\/colapinto-largara-ultimo-del-gran-premio-de-abu-dhabi-de-f1\\\/#breadcrumb\",\"itemListElement\":[{\"@type\":\"ListItem\",\"position\":1,\"name\":\"Portada\",\"item\":\"https:\\\/\\\/diariotextual.com\\\/inicio\\\/\"},{\"@type\":\"ListItem\",\"position\":2,\"name\":\"Colapinto largar\u00e1 \u00faltimo en el Gran Premio de Abu Dhabi de F1\"}]},{\"@type\":\"WebSite\",\"@id\":\"https:\\\/\\\/diariotextual.com\\\/inicio\\\/#website\",\"url\":\"https:\\\/\\\/diariotextual.com\\\/inicio\\\/\",\"name\":\"Diario Textual\",\"description\":\"\",\"publisher\":{\"@id\":\"https:\\\/\\\/diariotextual.com\\\/inicio\\\/#organization\"},\"potentialAction\":[{\"@type\":\"SearchAction\",\"target\":{\"@type\":\"EntryPoint\",\"urlTemplate\":\"https:\\\/\\\/diariotextual.com\\\/inicio\\\/?s={search_term_string}\"},\"query-input\":{\"@type\":\"PropertyValueSpecification\",\"valueRequired\":true,\"valueName\":\"search_term_string\"}}],\"inLanguage\":\"es\"},{\"@type\":\"Organization\",\"@id\":\"https:\\\/\\\/diariotextual.com\\\/inicio\\\/#organization\",\"name\":\"Diario Textual\",\"url\":\"https:\\\/\\\/diariotextual.com\\\/inicio\\\/\",\"logo\":{\"@type\":\"ImageObject\",\"inLanguage\":\"es\",\"@id\":\"https:\\\/\\\/diariotextual.com\\\/inicio\\\/#\\\/schema\\\/logo\\\/image\\\/\",\"url\":\"https:\\\/\\\/diariotextual.com\\\/inicio\\\/wp-content\\\/uploads\\\/2023\\\/05\\\/logotextual1.jpg\",\"contentUrl\":\"https:\\\/\\\/diariotextual.com\\\/inicio\\\/wp-content\\\/uploads\\\/2023\\\/05\\\/logotextual1.jpg\",\"width\":516,\"height\":76,\"caption\":\"Diario Textual\"},\"image\":{\"@id\":\"https:\\\/\\\/diariotextual.com\\\/inicio\\\/#\\\/schema\\\/logo\\\/image\\\/\"},\"sameAs\":[\"https:\\\/\\\/www.facebook.com\\\/eltextual\",\"https:\\\/\\\/x.com\\\/eltextual\",\"http:\\\/\\\/www.instagram.com\\\/eltextual\"]},{\"@type\":\"Person\",\"@id\":\"https:\\\/\\\/diariotextual.com\\\/inicio\\\/#\\\/schema\\\/person\\\/418fc4093c33e86ed41562db3508f958\",\"name\":\"Diario1 Diario1\",\"image\":{\"@type\":\"ImageObject\",\"inLanguage\":\"es\",\"@id\":\"https:\\\/\\\/secure.gravatar.com\\\/avatar\\\/9167d280179c85bc18be67aa7eda765854300033af4896dd779b608640f2ef7a?s=96&d=mm&r=g\",\"url\":\"https:\\\/\\\/secure.gravatar.com\\\/avatar\\\/9167d280179c85bc18be67aa7eda765854300033af4896dd779b608640f2ef7a?s=96&d=mm&r=g\",\"contentUrl\":\"https:\\\/\\\/secure.gravatar.com\\\/avatar\\\/9167d280179c85bc18be67aa7eda765854300033af4896dd779b608640f2ef7a?s=96&d=mm&r=g\",\"caption\":\"Diario1 Diario1\"},\"url\":\"https:\\\/\\\/diariotextual.com\\\/inicio\\\/index.php\\\/author\\\/diario1\\\/\"}]}<\/script>\n<!-- \/ Yoast SEO plugin. -->","yoast_head_json":{"title":"Colapinto largar\u00e1 \u00faltimo en el Gran Premio de Abu Dhabi de F1 - Diario Textual","robots":{"index":"index","follow":"follow","max-snippet":"max-snippet:-1","max-image-preview":"max-image-preview:large","max-video-preview":"max-video-preview:-1"},"canonical":"https:\/\/diariotextual.com\/inicio\/index.php\/2024\/12\/07\/colapinto-largara-ultimo-del-gran-premio-de-abu-dhabi-de-f1\/","og_locale":"es_ES","og_type":"article","og_title":"Colapinto largar\u00e1 \u00faltimo en el Gran Premio de Abu Dhabi de F1 - Diario Textual","og_description":"El automovilista argentino Franco Colapinto largar\u00e1 desde el \u00faltimo puesto en la carrera por el Gran Premio de Abu Dhabi. &nbsp; El pilarense no tuvo un buen fin de semana&hellip;","og_url":"https:\/\/diariotextual.com\/inicio\/index.php\/2024\/12\/07\/colapinto-largara-ultimo-del-gran-premio-de-abu-dhabi-de-f1\/","og_site_name":"Diario Textual","article_publisher":"https:\/\/www.facebook.com\/eltextual","article_published_time":"2024-12-07T14:25:32+00:00","article_modified_time":"2024-12-07T20:22:34+00:00","og_image":[{"width":1500,"height":1002,"url":"https:\/\/diariotextual.com\/inicio\/wp-content\/uploads\/2024\/12\/colapintofranco2024-77.jpg","type":"image\/jpeg"}],"author":"Diario1 Diario1","twitter_card":"summary_large_image","twitter_creator":"@eltextual","twitter_site":"@eltextual","twitter_misc":{"Escrito por":"Diario1 Diario1","Tiempo de lectura":"2 minutos"},"schema":{"@context":"https:\/\/schema.org","@graph":[{"@type":"Article","@id":"https:\/\/diariotextual.com\/inicio\/index.php\/2024\/12\/07\/colapinto-largara-ultimo-del-gran-premio-de-abu-dhabi-de-f1\/#article","isPartOf":{"@id":"https:\/\/diariotextual.com\/inicio\/index.php\/2024\/12\/07\/colapinto-largara-ultimo-del-gran-premio-de-abu-dhabi-de-f1\/"},"author":{"name":"Diario1 Diario1","@id":"https:\/\/diariotextual.com\/inicio\/#\/schema\/person\/418fc4093c33e86ed41562db3508f958"},"headline":"Colapinto largar\u00e1 \u00faltimo en el Gran Premio de Abu Dhabi de F1","datePublished":"2024-12-07T14:25:32+00:00","dateModified":"2024-12-07T20:22:34+00:00","mainEntityOfPage":{"@id":"https:\/\/diariotextual.com\/inicio\/index.php\/2024\/12\/07\/colapinto-largara-ultimo-del-gran-premio-de-abu-dhabi-de-f1\/"},"wordCount":292,"publisher":{"@id":"https:\/\/diariotextual.com\/inicio\/#organization"},"image":{"@id":"https:\/\/diariotextual.com\/inicio\/index.php\/2024\/12\/07\/colapinto-largara-ultimo-del-gran-premio-de-abu-dhabi-de-f1\/#primaryimage"},"thumbnailUrl":"https:\/\/diariotextual.com\/inicio\/wp-content\/uploads\/2024\/12\/colapintofranco2024-77.jpg","articleSection":["A - ES NOTICIA (van abajo)","DEPORTES"],"inLanguage":"es"},{"@type":"WebPage","@id":"https:\/\/diariotextual.com\/inicio\/index.php\/2024\/12\/07\/colapinto-largara-ultimo-del-gran-premio-de-abu-dhabi-de-f1\/","url":"https:\/\/diariotextual.com\/inicio\/index.php\/2024\/12\/07\/colapinto-largara-ultimo-del-gran-premio-de-abu-dhabi-de-f1\/","name":"Colapinto largar\u00e1 \u00faltimo en el Gran Premio de Abu Dhabi de F1 - Diario Textual","isPartOf":{"@id":"https:\/\/diariotextual.com\/inicio\/#website"},"primaryImageOfPage":{"@id":"https:\/\/diariotextual.com\/inicio\/index.php\/2024\/12\/07\/colapinto-largara-ultimo-del-gran-premio-de-abu-dhabi-de-f1\/#primaryimage"},"image":{"@id":"https:\/\/diariotextual.com\/inicio\/index.php\/2024\/12\/07\/colapinto-largara-ultimo-del-gran-premio-de-abu-dhabi-de-f1\/#primaryimage"},"thumbnailUrl":"https:\/\/diariotextual.com\/inicio\/wp-content\/uploads\/2024\/12\/colapintofranco2024-77.jpg","datePublished":"2024-12-07T14:25:32+00:00","dateModified":"2024-12-07T20:22:34+00:00","breadcrumb":{"@id":"https:\/\/diariotextual.com\/inicio\/index.php\/2024\/12\/07\/colapinto-largara-ultimo-del-gran-premio-de-abu-dhabi-de-f1\/#breadcrumb"},"inLanguage":"es","potentialAction":[{"@type":"ReadAction","target":["https:\/\/diariotextual.com\/inicio\/index.php\/2024\/12\/07\/colapinto-largara-ultimo-del-gran-premio-de-abu-dhabi-de-f1\/"]}]},{"@type":"ImageObject","inLanguage":"es","@id":"https:\/\/diariotextual.com\/inicio\/index.php\/2024\/12\/07\/colapinto-largara-ultimo-del-gran-premio-de-abu-dhabi-de-f1\/#primaryimage","url":"https:\/\/diariotextual.com\/inicio\/wp-content\/uploads\/2024\/12\/colapintofranco2024-77.jpg","contentUrl":"https:\/\/diariotextual.com\/inicio\/wp-content\/uploads\/2024\/12\/colapintofranco2024-77.jpg","width":1500,"height":1002},{"@type":"BreadcrumbList","@id":"https:\/\/diariotextual.com\/inicio\/index.php\/2024\/12\/07\/colapinto-largara-ultimo-del-gran-premio-de-abu-dhabi-de-f1\/#breadcrumb","itemListElement":[{"@type":"ListItem","position":1,"name":"Portada","item":"https:\/\/diariotextual.com\/inicio\/"},{"@type":"ListItem","position":2,"name":"Colapinto largar\u00e1 \u00faltimo en el Gran Premio de Abu Dhabi de F1"}]},{"@type":"WebSite","@id":"https:\/\/diariotextual.com\/inicio\/#website","url":"https:\/\/diariotextual.com\/inicio\/","name":"Diario Textual","description":"","publisher":{"@id":"https:\/\/diariotextual.com\/inicio\/#organization"},"potentialAction":[{"@type":"SearchAction","target":{"@type":"EntryPoint","urlTemplate":"https:\/\/diariotextual.com\/inicio\/?s={search_term_string}"},"query-input":{"@type":"PropertyValueSpecification","valueRequired":true,"valueName":"search_term_string"}}],"inLanguage":"es"},{"@type":"Organization","@id":"https:\/\/diariotextual.com\/inicio\/#organization","name":"Diario Textual","url":"https:\/\/diariotextual.com\/inicio\/","logo":{"@type":"ImageObject","inLanguage":"es","@id":"https:\/\/diariotextual.com\/inicio\/#\/schema\/logo\/image\/","url":"https:\/\/diariotextual.com\/inicio\/wp-content\/uploads\/2023\/05\/logotextual1.jpg","contentUrl":"https:\/\/diariotextual.com\/inicio\/wp-content\/uploads\/2023\/05\/logotextual1.jpg","width":516,"height":76,"caption":"Diario Textual"},"image":{"@id":"https:\/\/diariotextual.com\/inicio\/#\/schema\/logo\/image\/"},"sameAs":["https:\/\/www.facebook.com\/eltextual","https:\/\/x.com\/eltextual","http:\/\/www.instagram.com\/eltextual"]},{"@type":"Person","@id":"https:\/\/diariotextual.com\/inicio\/#\/schema\/person\/418fc4093c33e86ed41562db3508f958","name":"Diario1 Diario1","image":{"@type":"ImageObject","inLanguage":"es","@id":"https:\/\/secure.gravatar.com\/avatar\/9167d280179c85bc18be67aa7eda765854300033af4896dd779b608640f2ef7a?s=96&d=mm&r=g","url":"https:\/\/secure.gravatar.com\/avatar\/9167d280179c85bc18be67aa7eda765854300033af4896dd779b608640f2ef7a?s=96&d=mm&r=g","contentUrl":"https:\/\/secure.gravatar.com\/avatar\/9167d280179c85bc18be67aa7eda765854300033af4896dd779b608640f2ef7a?s=96&d=mm&r=g","caption":"Diario1 Diario1"},"url":"https:\/\/diariotextual.com\/inicio\/index.php\/author\/diario1\/"}]}},"_links":{"self":[{"href":"https:\/\/diariotextual.com\/inicio\/index.php\/wp-json\/wp\/v2\/posts\/283376","targetHints":{"allow":["GET"]}}],"collection":[{"href":"https:\/\/diariotextual.com\/inicio\/index.php\/wp-json\/wp\/v2\/posts"}],"about":[{"href":"https:\/\/diariotextual.com\/inicio\/index.php\/wp-json\/wp\/v2\/types\/post"}],"author":[{"embeddable":true,"href":"https:\/\/diariotextual.com\/inicio\/index.php\/wp-json\/wp\/v2\/users\/3"}],"replies":[{"embeddable":true,"href":"https:\/\/diariotextual.com\/inicio\/index.php\/wp-json\/wp\/v2\/comments?post=283376"}],"version-history":[{"count":3,"href":"https:\/\/diariotextual.com\/inicio\/index.php\/wp-json\/wp\/v2\/posts\/283376\/revisions"}],"predecessor-version":[{"id":283380,"href":"https:\/\/diariotextual.com\/inicio\/index.php\/wp-json\/wp\/v2\/posts\/283376\/revisions\/283380"}],"wp:featuredmedia":[{"embeddable":true,"href":"https:\/\/diariotextual.com\/inicio\/index.php\/wp-json\/wp\/v2\/media\/283377"}],"wp:attachment":[{"href":"https:\/\/diariotextual.com\/inicio\/index.php\/wp-json\/wp\/v2\/media?parent=283376"}],"wp:term":[{"taxonomy":"category","embeddable":true,"href":"https:\/\/diariotextual.com\/inicio\/index.php\/wp-json\/wp\/v2\/categories?post=283376"},{"taxonomy":"post_tag","embeddable":true,"href":"https:\/\/diariotextual.com\/inicio\/index.php\/wp-json\/wp\/v2\/tags?post=283376"}],"curies":[{"name":"wp","href":"https:\/\/api.w.org\/{rel}","templated":true}]}}