{"id":283406,"date":"2024-12-08T10:44:06","date_gmt":"2024-12-08T13:44:06","guid":{"rendered":"https:\/\/diariotextual.com\/inicio\/?p=283406"},"modified":"2024-12-09T07:14:23","modified_gmt":"2024-12-09T10:14:23","slug":"franco-colapinto-abandono-el-gran-premio-de-abu-dhabi-de-formula","status":"publish","type":"post","link":"https:\/\/diariotextual.com\/inicio\/index.php\/2024\/12\/08\/franco-colapinto-abandono-el-gran-premio-de-abu-dhabi-de-formula\/","title":{"rendered":"Colapinto abandon\u00f3 el Gran Premio de Abu Dhabi: \u201cGracias por estas carreras\u201d"},"content":{"rendered":"\n<p>El piloto argentino de F\u00f3rmula 1, Franco Colapinto, abandon\u00f3 este domingo en el Gran Premio de Abu Dhabi en la vuelta 28 por problemas en su Williams cuando estaba decimonoveno. El pilarense tuvo inconvenientes al comienzo de la carrera por un toque del piloto de McLaren Oscar Piastri.<\/p>\n\n\n\n<p>A partir del choque, el monoplaza del corredor de 21 a\u00f1os sufri\u00f3 problemas en la unidad de potencia por el impacto recibido del australiano. Este incidente gener\u00f3 que Colapinto comenzara a perder ritmo en la carrera, lo que llev\u00f3 a la escuder\u00eda brit\u00e1nica a tomar la decisi\u00f3n de retirar el auto y ponerle fin a la temporada 2024 del argentino.<\/p>\n\n\n\n<p>\u201cGracias por estas carreras. Hicieron que se cumpla mi sue\u00f1o\u201d, le dijo Franco Colapinto al equipo Williams.<\/p>\n\n\n\n<p><\/p>\n","protected":false},"excerpt":{"rendered":"<p>El piloto argentino de F\u00f3rmula 1, Franco Colapinto, abandon\u00f3 este domingo en el Gran Premio de Abu Dhabi en la vuelta 28 por problemas en su Williams cuando estaba decimonoveno.&hellip;<\/p>\n","protected":false},"author":3,"featured_media":283409,"comment_status":"closed","ping_status":"open","sticky":false,"template":"","format":"standard","meta":{"_acf_changed":false,"footnotes":""},"categories":[1,3],"tags":[],"class_list":["post-283406","post","type-post","status-publish","format-standard","has-post-thumbnail","hentry","category-es-noticia","category-deportes"],"acf":[],"yoast_head":"<!-- This site is optimized with the Yoast SEO plugin v27.5 - https:\/\/yoast.com\/product\/yoast-seo-wordpress\/ -->\n<title>Colapinto abandon\u00f3 el Gran Premio de Abu Dhabi: \u201cGracias por estas carreras\u201d - Diario Textual<\/title>\n<meta name=\"robots\" content=\"index, follow, max-snippet:-1, max-image-preview:large, max-video-preview:-1\" \/>\n<link rel=\"canonical\" href=\"https:\/\/diariotextual.com\/inicio\/index.php\/2024\/12\/08\/franco-colapinto-abandono-el-gran-premio-de-abu-dhabi-de-formula\/\" \/>\n<meta property=\"og:locale\" content=\"es_ES\" \/>\n<meta property=\"og:type\" content=\"article\" \/>\n<meta property=\"og:title\" content=\"Colapinto abandon\u00f3 el Gran Premio de Abu Dhabi: \u201cGracias por estas carreras\u201d - Diario Textual\" \/>\n<meta property=\"og:description\" content=\"El piloto argentino de F\u00f3rmula 1, Franco Colapinto, abandon\u00f3 este domingo en el Gran Premio de Abu Dhabi en la vuelta 28 por problemas en su Williams cuando estaba decimonoveno.&hellip;\" \/>\n<meta property=\"og:url\" content=\"https:\/\/diariotextual.com\/inicio\/index.php\/2024\/12\/08\/franco-colapinto-abandono-el-gran-premio-de-abu-dhabi-de-formula\/\" \/>\n<meta property=\"og:site_name\" content=\"Diario Textual\" \/>\n<meta property=\"article:publisher\" content=\"https:\/\/www.facebook.com\/eltextual\" \/>\n<meta property=\"article:published_time\" content=\"2024-12-08T13:44:06+00:00\" \/>\n<meta property=\"article:modified_time\" content=\"2024-12-09T10:14:23+00:00\" \/>\n<meta property=\"og:image\" content=\"https:\/\/diariotextual.com\/inicio\/wp-content\/uploads\/2024\/12\/colapintofranco2024-1002.jpg\" \/>\n\t<meta property=\"og:image:width\" content=\"1500\" \/>\n\t<meta property=\"og:image:height\" content=\"1002\" \/>\n\t<meta property=\"og:image:type\" content=\"image\/jpeg\" \/>\n<meta name=\"author\" content=\"Diario1 Diario1\" \/>\n<meta name=\"twitter:card\" content=\"summary_large_image\" \/>\n<meta name=\"twitter:creator\" content=\"@eltextual\" \/>\n<meta name=\"twitter:site\" content=\"@eltextual\" \/>\n<meta name=\"twitter:label1\" content=\"Escrito por\" \/>\n\t<meta name=\"twitter:data1\" content=\"Diario1 Diario1\" \/>\n\t<meta name=\"twitter:label2\" content=\"Tiempo de lectura\" \/>\n\t<meta name=\"twitter:data2\" content=\"1 minuto\" \/>\n<script type=\"application\/ld+json\" class=\"yoast-schema-graph\">{\"@context\":\"https:\\\/\\\/schema.org\",\"@graph\":[{\"@type\":\"Article\",\"@id\":\"https:\\\/\\\/diariotextual.com\\\/inicio\\\/index.php\\\/2024\\\/12\\\/08\\\/franco-colapinto-abandono-el-gran-premio-de-abu-dhabi-de-formula\\\/#article\",\"isPartOf\":{\"@id\":\"https:\\\/\\\/diariotextual.com\\\/inicio\\\/index.php\\\/2024\\\/12\\\/08\\\/franco-colapinto-abandono-el-gran-premio-de-abu-dhabi-de-formula\\\/\"},\"author\":{\"name\":\"Diario1 Diario1\",\"@id\":\"https:\\\/\\\/diariotextual.com\\\/inicio\\\/#\\\/schema\\\/person\\\/418fc4093c33e86ed41562db3508f958\"},\"headline\":\"Colapinto abandon\u00f3 el Gran Premio de Abu Dhabi: \u201cGracias por estas carreras\u201d\",\"datePublished\":\"2024-12-08T13:44:06+00:00\",\"dateModified\":\"2024-12-09T10:14:23+00:00\",\"mainEntityOfPage\":{\"@id\":\"https:\\\/\\\/diariotextual.com\\\/inicio\\\/index.php\\\/2024\\\/12\\\/08\\\/franco-colapinto-abandono-el-gran-premio-de-abu-dhabi-de-formula\\\/\"},\"wordCount\":139,\"publisher\":{\"@id\":\"https:\\\/\\\/diariotextual.com\\\/inicio\\\/#organization\"},\"image\":{\"@id\":\"https:\\\/\\\/diariotextual.com\\\/inicio\\\/index.php\\\/2024\\\/12\\\/08\\\/franco-colapinto-abandono-el-gran-premio-de-abu-dhabi-de-formula\\\/#primaryimage\"},\"thumbnailUrl\":\"https:\\\/\\\/diariotextual.com\\\/inicio\\\/wp-content\\\/uploads\\\/2024\\\/12\\\/colapintofranco2024-1002.jpg\",\"articleSection\":[\"A - ES NOTICIA (van abajo)\",\"DEPORTES\"],\"inLanguage\":\"es\"},{\"@type\":\"WebPage\",\"@id\":\"https:\\\/\\\/diariotextual.com\\\/inicio\\\/index.php\\\/2024\\\/12\\\/08\\\/franco-colapinto-abandono-el-gran-premio-de-abu-dhabi-de-formula\\\/\",\"url\":\"https:\\\/\\\/diariotextual.com\\\/inicio\\\/index.php\\\/2024\\\/12\\\/08\\\/franco-colapinto-abandono-el-gran-premio-de-abu-dhabi-de-formula\\\/\",\"name\":\"Colapinto abandon\u00f3 el Gran Premio de Abu Dhabi: \u201cGracias por estas carreras\u201d - Diario Textual\",\"isPartOf\":{\"@id\":\"https:\\\/\\\/diariotextual.com\\\/inicio\\\/#website\"},\"primaryImageOfPage\":{\"@id\":\"https:\\\/\\\/diariotextual.com\\\/inicio\\\/index.php\\\/2024\\\/12\\\/08\\\/franco-colapinto-abandono-el-gran-premio-de-abu-dhabi-de-formula\\\/#primaryimage\"},\"image\":{\"@id\":\"https:\\\/\\\/diariotextual.com\\\/inicio\\\/index.php\\\/2024\\\/12\\\/08\\\/franco-colapinto-abandono-el-gran-premio-de-abu-dhabi-de-formula\\\/#primaryimage\"},\"thumbnailUrl\":\"https:\\\/\\\/diariotextual.com\\\/inicio\\\/wp-content\\\/uploads\\\/2024\\\/12\\\/colapintofranco2024-1002.jpg\",\"datePublished\":\"2024-12-08T13:44:06+00:00\",\"dateModified\":\"2024-12-09T10:14:23+00:00\",\"breadcrumb\":{\"@id\":\"https:\\\/\\\/diariotextual.com\\\/inicio\\\/index.php\\\/2024\\\/12\\\/08\\\/franco-colapinto-abandono-el-gran-premio-de-abu-dhabi-de-formula\\\/#breadcrumb\"},\"inLanguage\":\"es\",\"potentialAction\":[{\"@type\":\"ReadAction\",\"target\":[\"https:\\\/\\\/diariotextual.com\\\/inicio\\\/index.php\\\/2024\\\/12\\\/08\\\/franco-colapinto-abandono-el-gran-premio-de-abu-dhabi-de-formula\\\/\"]}]},{\"@type\":\"ImageObject\",\"inLanguage\":\"es\",\"@id\":\"https:\\\/\\\/diariotextual.com\\\/inicio\\\/index.php\\\/2024\\\/12\\\/08\\\/franco-colapinto-abandono-el-gran-premio-de-abu-dhabi-de-formula\\\/#primaryimage\",\"url\":\"https:\\\/\\\/diariotextual.com\\\/inicio\\\/wp-content\\\/uploads\\\/2024\\\/12\\\/colapintofranco2024-1002.jpg\",\"contentUrl\":\"https:\\\/\\\/diariotextual.com\\\/inicio\\\/wp-content\\\/uploads\\\/2024\\\/12\\\/colapintofranco2024-1002.jpg\",\"width\":1500,\"height\":1002},{\"@type\":\"BreadcrumbList\",\"@id\":\"https:\\\/\\\/diariotextual.com\\\/inicio\\\/index.php\\\/2024\\\/12\\\/08\\\/franco-colapinto-abandono-el-gran-premio-de-abu-dhabi-de-formula\\\/#breadcrumb\",\"itemListElement\":[{\"@type\":\"ListItem\",\"position\":1,\"name\":\"Portada\",\"item\":\"https:\\\/\\\/diariotextual.com\\\/inicio\\\/\"},{\"@type\":\"ListItem\",\"position\":2,\"name\":\"Colapinto abandon\u00f3 el Gran Premio de Abu Dhabi: \u201cGracias por estas carreras\u201d\"}]},{\"@type\":\"WebSite\",\"@id\":\"https:\\\/\\\/diariotextual.com\\\/inicio\\\/#website\",\"url\":\"https:\\\/\\\/diariotextual.com\\\/inicio\\\/\",\"name\":\"Diario Textual\",\"description\":\"\",\"publisher\":{\"@id\":\"https:\\\/\\\/diariotextual.com\\\/inicio\\\/#organization\"},\"potentialAction\":[{\"@type\":\"SearchAction\",\"target\":{\"@type\":\"EntryPoint\",\"urlTemplate\":\"https:\\\/\\\/diariotextual.com\\\/inicio\\\/?s={search_term_string}\"},\"query-input\":{\"@type\":\"PropertyValueSpecification\",\"valueRequired\":true,\"valueName\":\"search_term_string\"}}],\"inLanguage\":\"es\"},{\"@type\":\"Organization\",\"@id\":\"https:\\\/\\\/diariotextual.com\\\/inicio\\\/#organization\",\"name\":\"Diario Textual\",\"url\":\"https:\\\/\\\/diariotextual.com\\\/inicio\\\/\",\"logo\":{\"@type\":\"ImageObject\",\"inLanguage\":\"es\",\"@id\":\"https:\\\/\\\/diariotextual.com\\\/inicio\\\/#\\\/schema\\\/logo\\\/image\\\/\",\"url\":\"https:\\\/\\\/diariotextual.com\\\/inicio\\\/wp-content\\\/uploads\\\/2023\\\/05\\\/logotextual1.jpg\",\"contentUrl\":\"https:\\\/\\\/diariotextual.com\\\/inicio\\\/wp-content\\\/uploads\\\/2023\\\/05\\\/logotextual1.jpg\",\"width\":516,\"height\":76,\"caption\":\"Diario Textual\"},\"image\":{\"@id\":\"https:\\\/\\\/diariotextual.com\\\/inicio\\\/#\\\/schema\\\/logo\\\/image\\\/\"},\"sameAs\":[\"https:\\\/\\\/www.facebook.com\\\/eltextual\",\"https:\\\/\\\/x.com\\\/eltextual\",\"http:\\\/\\\/www.instagram.com\\\/eltextual\"]},{\"@type\":\"Person\",\"@id\":\"https:\\\/\\\/diariotextual.com\\\/inicio\\\/#\\\/schema\\\/person\\\/418fc4093c33e86ed41562db3508f958\",\"name\":\"Diario1 Diario1\",\"image\":{\"@type\":\"ImageObject\",\"inLanguage\":\"es\",\"@id\":\"https:\\\/\\\/secure.gravatar.com\\\/avatar\\\/9167d280179c85bc18be67aa7eda765854300033af4896dd779b608640f2ef7a?s=96&d=mm&r=g\",\"url\":\"https:\\\/\\\/secure.gravatar.com\\\/avatar\\\/9167d280179c85bc18be67aa7eda765854300033af4896dd779b608640f2ef7a?s=96&d=mm&r=g\",\"contentUrl\":\"https:\\\/\\\/secure.gravatar.com\\\/avatar\\\/9167d280179c85bc18be67aa7eda765854300033af4896dd779b608640f2ef7a?s=96&d=mm&r=g\",\"caption\":\"Diario1 Diario1\"},\"url\":\"https:\\\/\\\/diariotextual.com\\\/inicio\\\/index.php\\\/author\\\/diario1\\\/\"}]}<\/script>\n<!-- \/ Yoast SEO plugin. -->","yoast_head_json":{"title":"Colapinto abandon\u00f3 el Gran Premio de Abu Dhabi: \u201cGracias por estas carreras\u201d - Diario Textual","robots":{"index":"index","follow":"follow","max-snippet":"max-snippet:-1","max-image-preview":"max-image-preview:large","max-video-preview":"max-video-preview:-1"},"canonical":"https:\/\/diariotextual.com\/inicio\/index.php\/2024\/12\/08\/franco-colapinto-abandono-el-gran-premio-de-abu-dhabi-de-formula\/","og_locale":"es_ES","og_type":"article","og_title":"Colapinto abandon\u00f3 el Gran Premio de Abu Dhabi: \u201cGracias por estas carreras\u201d - Diario Textual","og_description":"El piloto argentino de F\u00f3rmula 1, Franco Colapinto, abandon\u00f3 este domingo en el Gran Premio de Abu Dhabi en la vuelta 28 por problemas en su Williams cuando estaba decimonoveno.&hellip;","og_url":"https:\/\/diariotextual.com\/inicio\/index.php\/2024\/12\/08\/franco-colapinto-abandono-el-gran-premio-de-abu-dhabi-de-formula\/","og_site_name":"Diario Textual","article_publisher":"https:\/\/www.facebook.com\/eltextual","article_published_time":"2024-12-08T13:44:06+00:00","article_modified_time":"2024-12-09T10:14:23+00:00","og_image":[{"width":1500,"height":1002,"url":"https:\/\/diariotextual.com\/inicio\/wp-content\/uploads\/2024\/12\/colapintofranco2024-1002.jpg","type":"image\/jpeg"}],"author":"Diario1 Diario1","twitter_card":"summary_large_image","twitter_creator":"@eltextual","twitter_site":"@eltextual","twitter_misc":{"Escrito por":"Diario1 Diario1","Tiempo de lectura":"1 minuto"},"schema":{"@context":"https:\/\/schema.org","@graph":[{"@type":"Article","@id":"https:\/\/diariotextual.com\/inicio\/index.php\/2024\/12\/08\/franco-colapinto-abandono-el-gran-premio-de-abu-dhabi-de-formula\/#article","isPartOf":{"@id":"https:\/\/diariotextual.com\/inicio\/index.php\/2024\/12\/08\/franco-colapinto-abandono-el-gran-premio-de-abu-dhabi-de-formula\/"},"author":{"name":"Diario1 Diario1","@id":"https:\/\/diariotextual.com\/inicio\/#\/schema\/person\/418fc4093c33e86ed41562db3508f958"},"headline":"Colapinto abandon\u00f3 el Gran Premio de Abu Dhabi: \u201cGracias por estas carreras\u201d","datePublished":"2024-12-08T13:44:06+00:00","dateModified":"2024-12-09T10:14:23+00:00","mainEntityOfPage":{"@id":"https:\/\/diariotextual.com\/inicio\/index.php\/2024\/12\/08\/franco-colapinto-abandono-el-gran-premio-de-abu-dhabi-de-formula\/"},"wordCount":139,"publisher":{"@id":"https:\/\/diariotextual.com\/inicio\/#organization"},"image":{"@id":"https:\/\/diariotextual.com\/inicio\/index.php\/2024\/12\/08\/franco-colapinto-abandono-el-gran-premio-de-abu-dhabi-de-formula\/#primaryimage"},"thumbnailUrl":"https:\/\/diariotextual.com\/inicio\/wp-content\/uploads\/2024\/12\/colapintofranco2024-1002.jpg","articleSection":["A - ES NOTICIA (van abajo)","DEPORTES"],"inLanguage":"es"},{"@type":"WebPage","@id":"https:\/\/diariotextual.com\/inicio\/index.php\/2024\/12\/08\/franco-colapinto-abandono-el-gran-premio-de-abu-dhabi-de-formula\/","url":"https:\/\/diariotextual.com\/inicio\/index.php\/2024\/12\/08\/franco-colapinto-abandono-el-gran-premio-de-abu-dhabi-de-formula\/","name":"Colapinto abandon\u00f3 el Gran Premio de Abu Dhabi: \u201cGracias por estas carreras\u201d - Diario Textual","isPartOf":{"@id":"https:\/\/diariotextual.com\/inicio\/#website"},"primaryImageOfPage":{"@id":"https:\/\/diariotextual.com\/inicio\/index.php\/2024\/12\/08\/franco-colapinto-abandono-el-gran-premio-de-abu-dhabi-de-formula\/#primaryimage"},"image":{"@id":"https:\/\/diariotextual.com\/inicio\/index.php\/2024\/12\/08\/franco-colapinto-abandono-el-gran-premio-de-abu-dhabi-de-formula\/#primaryimage"},"thumbnailUrl":"https:\/\/diariotextual.com\/inicio\/wp-content\/uploads\/2024\/12\/colapintofranco2024-1002.jpg","datePublished":"2024-12-08T13:44:06+00:00","dateModified":"2024-12-09T10:14:23+00:00","breadcrumb":{"@id":"https:\/\/diariotextual.com\/inicio\/index.php\/2024\/12\/08\/franco-colapinto-abandono-el-gran-premio-de-abu-dhabi-de-formula\/#breadcrumb"},"inLanguage":"es","potentialAction":[{"@type":"ReadAction","target":["https:\/\/diariotextual.com\/inicio\/index.php\/2024\/12\/08\/franco-colapinto-abandono-el-gran-premio-de-abu-dhabi-de-formula\/"]}]},{"@type":"ImageObject","inLanguage":"es","@id":"https:\/\/diariotextual.com\/inicio\/index.php\/2024\/12\/08\/franco-colapinto-abandono-el-gran-premio-de-abu-dhabi-de-formula\/#primaryimage","url":"https:\/\/diariotextual.com\/inicio\/wp-content\/uploads\/2024\/12\/colapintofranco2024-1002.jpg","contentUrl":"https:\/\/diariotextual.com\/inicio\/wp-content\/uploads\/2024\/12\/colapintofranco2024-1002.jpg","width":1500,"height":1002},{"@type":"BreadcrumbList","@id":"https:\/\/diariotextual.com\/inicio\/index.php\/2024\/12\/08\/franco-colapinto-abandono-el-gran-premio-de-abu-dhabi-de-formula\/#breadcrumb","itemListElement":[{"@type":"ListItem","position":1,"name":"Portada","item":"https:\/\/diariotextual.com\/inicio\/"},{"@type":"ListItem","position":2,"name":"Colapinto abandon\u00f3 el Gran Premio de Abu Dhabi: \u201cGracias por estas carreras\u201d"}]},{"@type":"WebSite","@id":"https:\/\/diariotextual.com\/inicio\/#website","url":"https:\/\/diariotextual.com\/inicio\/","name":"Diario Textual","description":"","publisher":{"@id":"https:\/\/diariotextual.com\/inicio\/#organization"},"potentialAction":[{"@type":"SearchAction","target":{"@type":"EntryPoint","urlTemplate":"https:\/\/diariotextual.com\/inicio\/?s={search_term_string}"},"query-input":{"@type":"PropertyValueSpecification","valueRequired":true,"valueName":"search_term_string"}}],"inLanguage":"es"},{"@type":"Organization","@id":"https:\/\/diariotextual.com\/inicio\/#organization","name":"Diario Textual","url":"https:\/\/diariotextual.com\/inicio\/","logo":{"@type":"ImageObject","inLanguage":"es","@id":"https:\/\/diariotextual.com\/inicio\/#\/schema\/logo\/image\/","url":"https:\/\/diariotextual.com\/inicio\/wp-content\/uploads\/2023\/05\/logotextual1.jpg","contentUrl":"https:\/\/diariotextual.com\/inicio\/wp-content\/uploads\/2023\/05\/logotextual1.jpg","width":516,"height":76,"caption":"Diario Textual"},"image":{"@id":"https:\/\/diariotextual.com\/inicio\/#\/schema\/logo\/image\/"},"sameAs":["https:\/\/www.facebook.com\/eltextual","https:\/\/x.com\/eltextual","http:\/\/www.instagram.com\/eltextual"]},{"@type":"Person","@id":"https:\/\/diariotextual.com\/inicio\/#\/schema\/person\/418fc4093c33e86ed41562db3508f958","name":"Diario1 Diario1","image":{"@type":"ImageObject","inLanguage":"es","@id":"https:\/\/secure.gravatar.com\/avatar\/9167d280179c85bc18be67aa7eda765854300033af4896dd779b608640f2ef7a?s=96&d=mm&r=g","url":"https:\/\/secure.gravatar.com\/avatar\/9167d280179c85bc18be67aa7eda765854300033af4896dd779b608640f2ef7a?s=96&d=mm&r=g","contentUrl":"https:\/\/secure.gravatar.com\/avatar\/9167d280179c85bc18be67aa7eda765854300033af4896dd779b608640f2ef7a?s=96&d=mm&r=g","caption":"Diario1 Diario1"},"url":"https:\/\/diariotextual.com\/inicio\/index.php\/author\/diario1\/"}]}},"_links":{"self":[{"href":"https:\/\/diariotextual.com\/inicio\/index.php\/wp-json\/wp\/v2\/posts\/283406","targetHints":{"allow":["GET"]}}],"collection":[{"href":"https:\/\/diariotextual.com\/inicio\/index.php\/wp-json\/wp\/v2\/posts"}],"about":[{"href":"https:\/\/diariotextual.com\/inicio\/index.php\/wp-json\/wp\/v2\/types\/post"}],"author":[{"embeddable":true,"href":"https:\/\/diariotextual.com\/inicio\/index.php\/wp-json\/wp\/v2\/users\/3"}],"replies":[{"embeddable":true,"href":"https:\/\/diariotextual.com\/inicio\/index.php\/wp-json\/wp\/v2\/comments?post=283406"}],"version-history":[{"count":4,"href":"https:\/\/diariotextual.com\/inicio\/index.php\/wp-json\/wp\/v2\/posts\/283406\/revisions"}],"predecessor-version":[{"id":283412,"href":"https:\/\/diariotextual.com\/inicio\/index.php\/wp-json\/wp\/v2\/posts\/283406\/revisions\/283412"}],"wp:featuredmedia":[{"embeddable":true,"href":"https:\/\/diariotextual.com\/inicio\/index.php\/wp-json\/wp\/v2\/media\/283409"}],"wp:attachment":[{"href":"https:\/\/diariotextual.com\/inicio\/index.php\/wp-json\/wp\/v2\/media?parent=283406"}],"wp:term":[{"taxonomy":"category","embeddable":true,"href":"https:\/\/diariotextual.com\/inicio\/index.php\/wp-json\/wp\/v2\/categories?post=283406"},{"taxonomy":"post_tag","embeddable":true,"href":"https:\/\/diariotextual.com\/inicio\/index.php\/wp-json\/wp\/v2\/tags?post=283406"}],"curies":[{"name":"wp","href":"https:\/\/api.w.org\/{rel}","templated":true}]}}