{"id":28384,"date":"2018-11-23T08:28:37","date_gmt":"2018-11-23T11:28:37","guid":{"rendered":"http:\/\/diariotextual.com\/inicio\/?p=28384"},"modified":"2018-11-23T18:45:06","modified_gmt":"2018-11-23T21:45:06","slug":"ziliotto-sucesor-fin-ciclo-la-renovacion-orden","status":"publish","type":"post","link":"https:\/\/diariotextual.com\/inicio\/index.php\/2018\/11\/23\/ziliotto-sucesor-fin-ciclo-la-renovacion-orden\/","title":{"rendered":"Ziliotto, el sucesor: el fin de ciclo y la renovaci\u00f3n en orden"},"content":{"rendered":"<p>El gobernador<strong> Carlos Verna eligi\u00f3 su sucesor<\/strong>: ser\u00e1 el diputado<strong> Sergio Ziliotto<\/strong> el que encabece la boleta del<strong> Frente Justicialista<\/strong>. El mandatario maneja los tiempos pol\u00edticos con la<strong> destreza del bistur\u00ed<\/strong> y la<strong> fuerza de una maza<\/strong>. Sus <strong>anuncios sorpresivos no dejan indiferentes<\/strong>, ni para bien ni para mal.<\/p>\n<p>&nbsp;<\/p>\n<p><strong>La l\u00f3gica, y algo m\u00e1s<\/strong><\/p>\n<p>Esta vez, aunque estaba dentro de las posibilidades l\u00f3gicas de la pol\u00edtica, <strong>Verna bendijo a su sucesor y fue casi cantado. Ziliotto ser\u00e1 el candidato vernista del PJ a la gobernaci\u00f3n. A partir de esta decisi\u00f3n caer\u00e1n en cascada el resto de las definiciones electorales.<\/strong><\/p>\n<p>\u00bfPor qu\u00e9 hablamos de l\u00f3gica pol\u00edtica? Ziliotto<strong> es parte del pu\u00f1ado de dirigentes de confianza<\/strong>, del entorno, del mandatario. \u00abHace 35 a\u00f1os que est\u00e1 trabajando al lado de Verna, siempre dice que interpreta sus palabras, pero m\u00e1s interpreta los silencios\u00bb, se apura a completar su perfil un funcionario vernista.<\/p>\n<p>Operador de cierres y jefe de campa\u00f1as, pero tambi\u00e9n hombre de gesti\u00f3n como ministro. No es tan reconocido en el votante como otros dirigentes, pero se ha hecho notar en la C\u00e1mara de Diputados. Maneja el discurso de Verna de defensa de La Pampa frente a la discriminaci\u00f3n de Naci\u00f3n y fue la espada vernista en el Congreso. Y no le tiembla el pulso: el golpe en la C\u00e1mara Baja durante la votaci\u00f3n por la desregulaci\u00f3n del aborto que el PJ La Pampa defini\u00f3 ag\u00f3nicamente fue obra suya.<\/p>\n<p><strong>El postulante ten\u00eda adem\u00e1s consenso interno<\/strong>. Un sondeo entre los intendentes sobre qui\u00e9n pod\u00eda ser el elegido entre los nombres que hab\u00eda en danza lo tuvo a la cabeza. Y aunque las encuestas no lo tengan en n\u00fameros destacados, esas mismas cifras que entreg\u00f3 Hugo Haime al gobernador muestran que los votos del candidato ser\u00e1n transferidos a partir de la imagen de Verna. No es la primera vez que un candidato es construido desde abajo, y contando con la estructura del PJ del poder territorial y los recursos estatales, es mucho m\u00e1s f\u00e1cil.<\/p>\n<p>&nbsp;<\/p>\n<p><strong>Renovaci\u00f3n en el orden<\/strong><\/p>\n<p>La definici\u00f3n por Ziliotto marca, por obligaci\u00f3n, la renovaci\u00f3n al interior del PJ. Y cuatro a\u00f1os antes de lo previsto, a consecuencia de la no reelecci\u00f3n de Verna por su enfermedad. Por primera vez, puede llegar a asumir en 2019 un gobernador que no es parte de la generaci\u00f3n del 83. Igualmente 2019 mostrar\u00e1 m\u00e1s all\u00e1 del resultado el fin de ciclo en el PJ de los grandes nombres, los conductores de sectores como Verna, Mar\u00edn y hasta Jorge. Y parece abrir al interior del PJ una tendencia que uno de los funcionarios del Club de los 40 mencion\u00f3 en su momento al autor hace unos meses: el gobierno que le siga a Verna va a ser de un equipo, m\u00e1s que de un nombre. Igualmente, a pesar de su enfermedad, Verna seguir\u00e1 siendo el gran hacedor y definir\u00e1 el rumbo de la pr\u00f3xima gesti\u00f3n.<\/p>\n<p>Pero no es renovaci\u00f3n total, porque<strong> ser\u00e1 la continuidad de un proyecto pol\u00edtico<\/strong>. La falta de cuestionamiento interno en el PJ a la decisi\u00f3n de Verna marca otro hito: la sucesi\u00f3n no se convirti\u00f3 en una guerra civil o una carnicer\u00eda como anticipaban o elucubraban algunos comunicadores y dirigentes. Verna eligi\u00f3 tambi\u00e9n un sucesor en el orden. Garantizado por su figura, que como marcan las mismas encuestas (el autor no va a dar n\u00fameros, pero se conocen) lo mantienen como el dirigente central de la pol\u00edtica provincial.<\/p>\n<p>&nbsp;<\/p>\n<p><strong>Candidato se construye<\/strong><\/p>\n<p>Ziliotto es un candidato en construcci\u00f3n. <strong>Tiene el respaldo de la figura de Verna, pero debe todav\u00eda recorrer un largo camino de posicionamiento y reconocimiento entre los votantes.<\/strong> Hasta el presidente de los radicales torea con esa cuesti\u00f3n, aunque se sabe esas declaraciones sirven m\u00e1s para tapar los muchos problemas, y de arrastre, que tiene la UCR.<\/p>\n<p>El candidato igualmente corre con algunas ventajas: la divisi\u00f3n de la oposici\u00f3n, la marca Cambiemos devaluada por la crisis econ\u00f3mica y el nivel de aprobaci\u00f3n del gobernador, un piso nada desde\u00f1able.<\/p>\n<p><strong>Los tiempos se han disparado.<\/strong> En los pr\u00f3ximos d\u00edas deben cerrarse los nombres de candidatos, acuerdos y listas. Una vor\u00e1gine en la que por lo menos el PJ corre con ventaja: el candidato est\u00e1 puesto por consenso, aunque algunos pataleen porque todav\u00eda no acordaron sus lugares, y ese es todo un dato.<\/p>\n<p>&nbsp;<\/p>\n<p>&nbsp;<\/p>\n<p>&nbsp;<\/p>\n","protected":false},"excerpt":{"rendered":"<p>El gobernador Carlos Verna eligi\u00f3 su sucesor: ser\u00e1 el diputado Sergio Ziliotto el que encabece la boleta del Frente Justicialista. El mandatario maneja los tiempos pol\u00edticos con la destreza del&hellip;<\/p>\n","protected":false},"author":3,"featured_media":10188,"comment_status":"closed","ping_status":"open","sticky":false,"template":"","format":"standard","meta":{"_acf_changed":false,"footnotes":""},"categories":[319,8],"tags":[],"class_list":["post-28384","post","type-post","status-publish","format-standard","has-post-thumbnail","hentry","category-a-temporales","category-politica"],"acf":[],"yoast_head":"<!-- This site is optimized with the Yoast SEO plugin v27.5 - https:\/\/yoast.com\/product\/yoast-seo-wordpress\/ -->\n<title>Ziliotto, el sucesor: el fin de ciclo y la renovaci\u00f3n en orden - Diario Textual<\/title>\n<meta name=\"robots\" content=\"index, follow, max-snippet:-1, max-image-preview:large, max-video-preview:-1\" \/>\n<link rel=\"canonical\" href=\"https:\/\/diariotextual.com\/inicio\/index.php\/2018\/11\/23\/ziliotto-sucesor-fin-ciclo-la-renovacion-orden\/\" \/>\n<meta property=\"og:locale\" content=\"es_ES\" \/>\n<meta property=\"og:type\" content=\"article\" \/>\n<meta property=\"og:title\" content=\"Ziliotto, el sucesor: el fin de ciclo y la renovaci\u00f3n en orden - Diario Textual\" \/>\n<meta property=\"og:description\" content=\"El gobernador Carlos Verna eligi\u00f3 su sucesor: ser\u00e1 el diputado Sergio Ziliotto el que encabece la boleta del Frente Justicialista. El mandatario maneja los tiempos pol\u00edticos con la destreza del&hellip;\" \/>\n<meta property=\"og:url\" content=\"https:\/\/diariotextual.com\/inicio\/index.php\/2018\/11\/23\/ziliotto-sucesor-fin-ciclo-la-renovacion-orden\/\" \/>\n<meta property=\"og:site_name\" content=\"Diario Textual\" \/>\n<meta property=\"article:publisher\" content=\"https:\/\/www.facebook.com\/eltextual\" \/>\n<meta property=\"article:published_time\" content=\"2018-11-23T11:28:37+00:00\" \/>\n<meta property=\"article:modified_time\" content=\"2018-11-23T21:45:06+00:00\" \/>\n<meta property=\"og:image\" content=\"https:\/\/diariotextual.com\/inicio\/wp-content\/uploads\/2018\/06\/ziliottosergio91212212.jpg\" \/>\n\t<meta property=\"og:image:width\" content=\"1094\" \/>\n\t<meta property=\"og:image:height\" content=\"718\" \/>\n\t<meta property=\"og:image:type\" content=\"image\/jpeg\" \/>\n<meta name=\"author\" content=\"Diario1 Diario1\" \/>\n<meta name=\"twitter:card\" content=\"summary_large_image\" \/>\n<meta name=\"twitter:creator\" content=\"@eltextual\" \/>\n<meta name=\"twitter:site\" content=\"@eltextual\" \/>\n<meta name=\"twitter:label1\" content=\"Escrito por\" \/>\n\t<meta name=\"twitter:data1\" content=\"Diario1 Diario1\" \/>\n\t<meta name=\"twitter:label2\" content=\"Tiempo de lectura\" \/>\n\t<meta name=\"twitter:data2\" content=\"4 minutos\" \/>\n<script type=\"application\/ld+json\" class=\"yoast-schema-graph\">{\"@context\":\"https:\\\/\\\/schema.org\",\"@graph\":[{\"@type\":\"Article\",\"@id\":\"https:\\\/\\\/diariotextual.com\\\/inicio\\\/index.php\\\/2018\\\/11\\\/23\\\/ziliotto-sucesor-fin-ciclo-la-renovacion-orden\\\/#article\",\"isPartOf\":{\"@id\":\"https:\\\/\\\/diariotextual.com\\\/inicio\\\/index.php\\\/2018\\\/11\\\/23\\\/ziliotto-sucesor-fin-ciclo-la-renovacion-orden\\\/\"},\"author\":{\"name\":\"Diario1 Diario1\",\"@id\":\"https:\\\/\\\/diariotextual.com\\\/inicio\\\/#\\\/schema\\\/person\\\/418fc4093c33e86ed41562db3508f958\"},\"headline\":\"Ziliotto, el sucesor: el fin de ciclo y la renovaci\u00f3n en orden\",\"datePublished\":\"2018-11-23T11:28:37+00:00\",\"dateModified\":\"2018-11-23T21:45:06+00:00\",\"mainEntityOfPage\":{\"@id\":\"https:\\\/\\\/diariotextual.com\\\/inicio\\\/index.php\\\/2018\\\/11\\\/23\\\/ziliotto-sucesor-fin-ciclo-la-renovacion-orden\\\/\"},\"wordCount\":787,\"publisher\":{\"@id\":\"https:\\\/\\\/diariotextual.com\\\/inicio\\\/#organization\"},\"image\":{\"@id\":\"https:\\\/\\\/diariotextual.com\\\/inicio\\\/index.php\\\/2018\\\/11\\\/23\\\/ziliotto-sucesor-fin-ciclo-la-renovacion-orden\\\/#primaryimage\"},\"thumbnailUrl\":\"https:\\\/\\\/diariotextual.com\\\/inicio\\\/wp-content\\\/uploads\\\/2018\\\/06\\\/ziliottosergio91212212.jpg\",\"articleSection\":[\"A - TEMPORALES\",\"POLITICA\"],\"inLanguage\":\"es\"},{\"@type\":\"WebPage\",\"@id\":\"https:\\\/\\\/diariotextual.com\\\/inicio\\\/index.php\\\/2018\\\/11\\\/23\\\/ziliotto-sucesor-fin-ciclo-la-renovacion-orden\\\/\",\"url\":\"https:\\\/\\\/diariotextual.com\\\/inicio\\\/index.php\\\/2018\\\/11\\\/23\\\/ziliotto-sucesor-fin-ciclo-la-renovacion-orden\\\/\",\"name\":\"Ziliotto, el sucesor: el fin de ciclo y la renovaci\u00f3n en orden - Diario Textual\",\"isPartOf\":{\"@id\":\"https:\\\/\\\/diariotextual.com\\\/inicio\\\/#website\"},\"primaryImageOfPage\":{\"@id\":\"https:\\\/\\\/diariotextual.com\\\/inicio\\\/index.php\\\/2018\\\/11\\\/23\\\/ziliotto-sucesor-fin-ciclo-la-renovacion-orden\\\/#primaryimage\"},\"image\":{\"@id\":\"https:\\\/\\\/diariotextual.com\\\/inicio\\\/index.php\\\/2018\\\/11\\\/23\\\/ziliotto-sucesor-fin-ciclo-la-renovacion-orden\\\/#primaryimage\"},\"thumbnailUrl\":\"https:\\\/\\\/diariotextual.com\\\/inicio\\\/wp-content\\\/uploads\\\/2018\\\/06\\\/ziliottosergio91212212.jpg\",\"datePublished\":\"2018-11-23T11:28:37+00:00\",\"dateModified\":\"2018-11-23T21:45:06+00:00\",\"breadcrumb\":{\"@id\":\"https:\\\/\\\/diariotextual.com\\\/inicio\\\/index.php\\\/2018\\\/11\\\/23\\\/ziliotto-sucesor-fin-ciclo-la-renovacion-orden\\\/#breadcrumb\"},\"inLanguage\":\"es\",\"potentialAction\":[{\"@type\":\"ReadAction\",\"target\":[\"https:\\\/\\\/diariotextual.com\\\/inicio\\\/index.php\\\/2018\\\/11\\\/23\\\/ziliotto-sucesor-fin-ciclo-la-renovacion-orden\\\/\"]}]},{\"@type\":\"ImageObject\",\"inLanguage\":\"es\",\"@id\":\"https:\\\/\\\/diariotextual.com\\\/inicio\\\/index.php\\\/2018\\\/11\\\/23\\\/ziliotto-sucesor-fin-ciclo-la-renovacion-orden\\\/#primaryimage\",\"url\":\"https:\\\/\\\/diariotextual.com\\\/inicio\\\/wp-content\\\/uploads\\\/2018\\\/06\\\/ziliottosergio91212212.jpg\",\"contentUrl\":\"https:\\\/\\\/diariotextual.com\\\/inicio\\\/wp-content\\\/uploads\\\/2018\\\/06\\\/ziliottosergio91212212.jpg\",\"width\":1094,\"height\":718},{\"@type\":\"BreadcrumbList\",\"@id\":\"https:\\\/\\\/diariotextual.com\\\/inicio\\\/index.php\\\/2018\\\/11\\\/23\\\/ziliotto-sucesor-fin-ciclo-la-renovacion-orden\\\/#breadcrumb\",\"itemListElement\":[{\"@type\":\"ListItem\",\"position\":1,\"name\":\"Portada\",\"item\":\"https:\\\/\\\/diariotextual.com\\\/inicio\\\/\"},{\"@type\":\"ListItem\",\"position\":2,\"name\":\"Ziliotto, el sucesor: el fin de ciclo y la renovaci\u00f3n en orden\"}]},{\"@type\":\"WebSite\",\"@id\":\"https:\\\/\\\/diariotextual.com\\\/inicio\\\/#website\",\"url\":\"https:\\\/\\\/diariotextual.com\\\/inicio\\\/\",\"name\":\"Diario Textual\",\"description\":\"\",\"publisher\":{\"@id\":\"https:\\\/\\\/diariotextual.com\\\/inicio\\\/#organization\"},\"potentialAction\":[{\"@type\":\"SearchAction\",\"target\":{\"@type\":\"EntryPoint\",\"urlTemplate\":\"https:\\\/\\\/diariotextual.com\\\/inicio\\\/?s={search_term_string}\"},\"query-input\":{\"@type\":\"PropertyValueSpecification\",\"valueRequired\":true,\"valueName\":\"search_term_string\"}}],\"inLanguage\":\"es\"},{\"@type\":\"Organization\",\"@id\":\"https:\\\/\\\/diariotextual.com\\\/inicio\\\/#organization\",\"name\":\"Diario Textual\",\"url\":\"https:\\\/\\\/diariotextual.com\\\/inicio\\\/\",\"logo\":{\"@type\":\"ImageObject\",\"inLanguage\":\"es\",\"@id\":\"https:\\\/\\\/diariotextual.com\\\/inicio\\\/#\\\/schema\\\/logo\\\/image\\\/\",\"url\":\"https:\\\/\\\/diariotextual.com\\\/inicio\\\/wp-content\\\/uploads\\\/2023\\\/05\\\/logotextual1.jpg\",\"contentUrl\":\"https:\\\/\\\/diariotextual.com\\\/inicio\\\/wp-content\\\/uploads\\\/2023\\\/05\\\/logotextual1.jpg\",\"width\":516,\"height\":76,\"caption\":\"Diario Textual\"},\"image\":{\"@id\":\"https:\\\/\\\/diariotextual.com\\\/inicio\\\/#\\\/schema\\\/logo\\\/image\\\/\"},\"sameAs\":[\"https:\\\/\\\/www.facebook.com\\\/eltextual\",\"https:\\\/\\\/x.com\\\/eltextual\",\"http:\\\/\\\/www.instagram.com\\\/eltextual\"]},{\"@type\":\"Person\",\"@id\":\"https:\\\/\\\/diariotextual.com\\\/inicio\\\/#\\\/schema\\\/person\\\/418fc4093c33e86ed41562db3508f958\",\"name\":\"Diario1 Diario1\",\"image\":{\"@type\":\"ImageObject\",\"inLanguage\":\"es\",\"@id\":\"https:\\\/\\\/secure.gravatar.com\\\/avatar\\\/9167d280179c85bc18be67aa7eda765854300033af4896dd779b608640f2ef7a?s=96&d=mm&r=g\",\"url\":\"https:\\\/\\\/secure.gravatar.com\\\/avatar\\\/9167d280179c85bc18be67aa7eda765854300033af4896dd779b608640f2ef7a?s=96&d=mm&r=g\",\"contentUrl\":\"https:\\\/\\\/secure.gravatar.com\\\/avatar\\\/9167d280179c85bc18be67aa7eda765854300033af4896dd779b608640f2ef7a?s=96&d=mm&r=g\",\"caption\":\"Diario1 Diario1\"},\"url\":\"https:\\\/\\\/diariotextual.com\\\/inicio\\\/index.php\\\/author\\\/diario1\\\/\"}]}<\/script>\n<!-- \/ Yoast SEO plugin. -->","yoast_head_json":{"title":"Ziliotto, el sucesor: el fin de ciclo y la renovaci\u00f3n en orden - Diario Textual","robots":{"index":"index","follow":"follow","max-snippet":"max-snippet:-1","max-image-preview":"max-image-preview:large","max-video-preview":"max-video-preview:-1"},"canonical":"https:\/\/diariotextual.com\/inicio\/index.php\/2018\/11\/23\/ziliotto-sucesor-fin-ciclo-la-renovacion-orden\/","og_locale":"es_ES","og_type":"article","og_title":"Ziliotto, el sucesor: el fin de ciclo y la renovaci\u00f3n en orden - Diario Textual","og_description":"El gobernador Carlos Verna eligi\u00f3 su sucesor: ser\u00e1 el diputado Sergio Ziliotto el que encabece la boleta del Frente Justicialista. El mandatario maneja los tiempos pol\u00edticos con la destreza del&hellip;","og_url":"https:\/\/diariotextual.com\/inicio\/index.php\/2018\/11\/23\/ziliotto-sucesor-fin-ciclo-la-renovacion-orden\/","og_site_name":"Diario Textual","article_publisher":"https:\/\/www.facebook.com\/eltextual","article_published_time":"2018-11-23T11:28:37+00:00","article_modified_time":"2018-11-23T21:45:06+00:00","og_image":[{"width":1094,"height":718,"url":"https:\/\/diariotextual.com\/inicio\/wp-content\/uploads\/2018\/06\/ziliottosergio91212212.jpg","type":"image\/jpeg"}],"author":"Diario1 Diario1","twitter_card":"summary_large_image","twitter_creator":"@eltextual","twitter_site":"@eltextual","twitter_misc":{"Escrito por":"Diario1 Diario1","Tiempo de lectura":"4 minutos"},"schema":{"@context":"https:\/\/schema.org","@graph":[{"@type":"Article","@id":"https:\/\/diariotextual.com\/inicio\/index.php\/2018\/11\/23\/ziliotto-sucesor-fin-ciclo-la-renovacion-orden\/#article","isPartOf":{"@id":"https:\/\/diariotextual.com\/inicio\/index.php\/2018\/11\/23\/ziliotto-sucesor-fin-ciclo-la-renovacion-orden\/"},"author":{"name":"Diario1 Diario1","@id":"https:\/\/diariotextual.com\/inicio\/#\/schema\/person\/418fc4093c33e86ed41562db3508f958"},"headline":"Ziliotto, el sucesor: el fin de ciclo y la renovaci\u00f3n en orden","datePublished":"2018-11-23T11:28:37+00:00","dateModified":"2018-11-23T21:45:06+00:00","mainEntityOfPage":{"@id":"https:\/\/diariotextual.com\/inicio\/index.php\/2018\/11\/23\/ziliotto-sucesor-fin-ciclo-la-renovacion-orden\/"},"wordCount":787,"publisher":{"@id":"https:\/\/diariotextual.com\/inicio\/#organization"},"image":{"@id":"https:\/\/diariotextual.com\/inicio\/index.php\/2018\/11\/23\/ziliotto-sucesor-fin-ciclo-la-renovacion-orden\/#primaryimage"},"thumbnailUrl":"https:\/\/diariotextual.com\/inicio\/wp-content\/uploads\/2018\/06\/ziliottosergio91212212.jpg","articleSection":["A - TEMPORALES","POLITICA"],"inLanguage":"es"},{"@type":"WebPage","@id":"https:\/\/diariotextual.com\/inicio\/index.php\/2018\/11\/23\/ziliotto-sucesor-fin-ciclo-la-renovacion-orden\/","url":"https:\/\/diariotextual.com\/inicio\/index.php\/2018\/11\/23\/ziliotto-sucesor-fin-ciclo-la-renovacion-orden\/","name":"Ziliotto, el sucesor: el fin de ciclo y la renovaci\u00f3n en orden - Diario Textual","isPartOf":{"@id":"https:\/\/diariotextual.com\/inicio\/#website"},"primaryImageOfPage":{"@id":"https:\/\/diariotextual.com\/inicio\/index.php\/2018\/11\/23\/ziliotto-sucesor-fin-ciclo-la-renovacion-orden\/#primaryimage"},"image":{"@id":"https:\/\/diariotextual.com\/inicio\/index.php\/2018\/11\/23\/ziliotto-sucesor-fin-ciclo-la-renovacion-orden\/#primaryimage"},"thumbnailUrl":"https:\/\/diariotextual.com\/inicio\/wp-content\/uploads\/2018\/06\/ziliottosergio91212212.jpg","datePublished":"2018-11-23T11:28:37+00:00","dateModified":"2018-11-23T21:45:06+00:00","breadcrumb":{"@id":"https:\/\/diariotextual.com\/inicio\/index.php\/2018\/11\/23\/ziliotto-sucesor-fin-ciclo-la-renovacion-orden\/#breadcrumb"},"inLanguage":"es","potentialAction":[{"@type":"ReadAction","target":["https:\/\/diariotextual.com\/inicio\/index.php\/2018\/11\/23\/ziliotto-sucesor-fin-ciclo-la-renovacion-orden\/"]}]},{"@type":"ImageObject","inLanguage":"es","@id":"https:\/\/diariotextual.com\/inicio\/index.php\/2018\/11\/23\/ziliotto-sucesor-fin-ciclo-la-renovacion-orden\/#primaryimage","url":"https:\/\/diariotextual.com\/inicio\/wp-content\/uploads\/2018\/06\/ziliottosergio91212212.jpg","contentUrl":"https:\/\/diariotextual.com\/inicio\/wp-content\/uploads\/2018\/06\/ziliottosergio91212212.jpg","width":1094,"height":718},{"@type":"BreadcrumbList","@id":"https:\/\/diariotextual.com\/inicio\/index.php\/2018\/11\/23\/ziliotto-sucesor-fin-ciclo-la-renovacion-orden\/#breadcrumb","itemListElement":[{"@type":"ListItem","position":1,"name":"Portada","item":"https:\/\/diariotextual.com\/inicio\/"},{"@type":"ListItem","position":2,"name":"Ziliotto, el sucesor: el fin de ciclo y la renovaci\u00f3n en orden"}]},{"@type":"WebSite","@id":"https:\/\/diariotextual.com\/inicio\/#website","url":"https:\/\/diariotextual.com\/inicio\/","name":"Diario Textual","description":"","publisher":{"@id":"https:\/\/diariotextual.com\/inicio\/#organization"},"potentialAction":[{"@type":"SearchAction","target":{"@type":"EntryPoint","urlTemplate":"https:\/\/diariotextual.com\/inicio\/?s={search_term_string}"},"query-input":{"@type":"PropertyValueSpecification","valueRequired":true,"valueName":"search_term_string"}}],"inLanguage":"es"},{"@type":"Organization","@id":"https:\/\/diariotextual.com\/inicio\/#organization","name":"Diario Textual","url":"https:\/\/diariotextual.com\/inicio\/","logo":{"@type":"ImageObject","inLanguage":"es","@id":"https:\/\/diariotextual.com\/inicio\/#\/schema\/logo\/image\/","url":"https:\/\/diariotextual.com\/inicio\/wp-content\/uploads\/2023\/05\/logotextual1.jpg","contentUrl":"https:\/\/diariotextual.com\/inicio\/wp-content\/uploads\/2023\/05\/logotextual1.jpg","width":516,"height":76,"caption":"Diario Textual"},"image":{"@id":"https:\/\/diariotextual.com\/inicio\/#\/schema\/logo\/image\/"},"sameAs":["https:\/\/www.facebook.com\/eltextual","https:\/\/x.com\/eltextual","http:\/\/www.instagram.com\/eltextual"]},{"@type":"Person","@id":"https:\/\/diariotextual.com\/inicio\/#\/schema\/person\/418fc4093c33e86ed41562db3508f958","name":"Diario1 Diario1","image":{"@type":"ImageObject","inLanguage":"es","@id":"https:\/\/secure.gravatar.com\/avatar\/9167d280179c85bc18be67aa7eda765854300033af4896dd779b608640f2ef7a?s=96&d=mm&r=g","url":"https:\/\/secure.gravatar.com\/avatar\/9167d280179c85bc18be67aa7eda765854300033af4896dd779b608640f2ef7a?s=96&d=mm&r=g","contentUrl":"https:\/\/secure.gravatar.com\/avatar\/9167d280179c85bc18be67aa7eda765854300033af4896dd779b608640f2ef7a?s=96&d=mm&r=g","caption":"Diario1 Diario1"},"url":"https:\/\/diariotextual.com\/inicio\/index.php\/author\/diario1\/"}]}},"_links":{"self":[{"href":"https:\/\/diariotextual.com\/inicio\/index.php\/wp-json\/wp\/v2\/posts\/28384","targetHints":{"allow":["GET"]}}],"collection":[{"href":"https:\/\/diariotextual.com\/inicio\/index.php\/wp-json\/wp\/v2\/posts"}],"about":[{"href":"https:\/\/diariotextual.com\/inicio\/index.php\/wp-json\/wp\/v2\/types\/post"}],"author":[{"embeddable":true,"href":"https:\/\/diariotextual.com\/inicio\/index.php\/wp-json\/wp\/v2\/users\/3"}],"replies":[{"embeddable":true,"href":"https:\/\/diariotextual.com\/inicio\/index.php\/wp-json\/wp\/v2\/comments?post=28384"}],"version-history":[{"count":4,"href":"https:\/\/diariotextual.com\/inicio\/index.php\/wp-json\/wp\/v2\/posts\/28384\/revisions"}],"predecessor-version":[{"id":28393,"href":"https:\/\/diariotextual.com\/inicio\/index.php\/wp-json\/wp\/v2\/posts\/28384\/revisions\/28393"}],"wp:featuredmedia":[{"embeddable":true,"href":"https:\/\/diariotextual.com\/inicio\/index.php\/wp-json\/wp\/v2\/media\/10188"}],"wp:attachment":[{"href":"https:\/\/diariotextual.com\/inicio\/index.php\/wp-json\/wp\/v2\/media?parent=28384"}],"wp:term":[{"taxonomy":"category","embeddable":true,"href":"https:\/\/diariotextual.com\/inicio\/index.php\/wp-json\/wp\/v2\/categories?post=28384"},{"taxonomy":"post_tag","embeddable":true,"href":"https:\/\/diariotextual.com\/inicio\/index.php\/wp-json\/wp\/v2\/tags?post=28384"}],"curies":[{"name":"wp","href":"https:\/\/api.w.org\/{rel}","templated":true}]}}