{"id":283965,"date":"2024-12-12T19:53:30","date_gmt":"2024-12-12T22:53:30","guid":{"rendered":"https:\/\/diariotextual.com\/inicio\/?p=283965"},"modified":"2024-12-13T07:53:35","modified_gmt":"2024-12-13T10:53:35","slug":"toso-y-el-area-medanito-no-es-cierto-que-no-haya-estudios","status":"publish","type":"post","link":"https:\/\/diariotextual.com\/inicio\/index.php\/2024\/12\/12\/toso-y-el-area-medanito-no-es-cierto-que-no-haya-estudios\/","title":{"rendered":"Toso y el \u00e1rea El Medanito: \u201cNo es cierto que no haya estudios\u201d"},"content":{"rendered":"\n<p>El secretario de Energ\u00eda y Miner\u00eda, <strong>Mat\u00edas Toso, desestim\u00f3 que haya \u201cimprovisaci\u00f3n\u201d de parte del Poder Ejecutivo en el abordaje del proceso de continuidad de producci\u00f3n<\/strong> en el \u00e1rea petrolera El Medanito y reiter\u00f3 que el proceso se planific\u00f3 para que no caigan la producci\u00f3n, los ingresos a la provincia y los municipios y el empleo.<\/p>\n\n\n\n<p>Este jueves fracas\u00f3 la sesi\u00f3n extraordinaria en la C\u00e1mara de Diputados. Finalmente con diputados del FerJuPa y del Pro en sus bancas comenz\u00f3 la sesi\u00f3n, pero luego se pas\u00f3 a comisi\u00f3n y no hubo acuerdo para sacar un dictamen \u00fanico. \u00bfLa principal diferencia? Cu\u00e1les ser\u00e1n los porcentajes de las regal\u00edas a pagar por la empresa que se haga cargo. Actualmente por este \u00e1rea se paga el 35% y la intenci\u00f3n es bajarlas a un piso del 15% al 20%.<\/p>\n\n\n\n<figure class=\"wp-block-embed is-type-wp-embed is-provider-diario-textual wp-block-embed-diario-textual\"><div class=\"wp-block-embed__wrapper\">\n<blockquote class=\"wp-embedded-content\" data-secret=\"JKQ0CuY8KP\"><a href=\"https:\/\/diariotextual.com\/inicio\/index.php\/2024\/12\/12\/este-jueves-la-legislatura-trataria-en-sesion-extraordinaria-la-licitacion-de-el-medanito\/\">Se frustr\u00f3 la sesi\u00f3n por El Medanito: no hubo acuerdo por las regal\u00edas entre el peronismo y el PRO<\/a><\/blockquote><iframe class=\"wp-embedded-content\" sandbox=\"allow-scripts\" security=\"restricted\" style=\"position: absolute; visibility: hidden;\" title=\"\u00abSe frustr\u00f3 la sesi\u00f3n por El Medanito: no hubo acuerdo por las regal\u00edas entre el peronismo y el PRO\u00bb \u2014 Diario Textual\" src=\"https:\/\/diariotextual.com\/inicio\/index.php\/2024\/12\/12\/este-jueves-la-legislatura-trataria-en-sesion-extraordinaria-la-licitacion-de-el-medanito\/embed\/#?secret=xXaR6oXaY3#?secret=JKQ0CuY8KP\" data-secret=\"JKQ0CuY8KP\" width=\"600\" height=\"338\" frameborder=\"0\" marginwidth=\"0\" marginheight=\"0\" scrolling=\"no\"><\/iframe>\n<\/div><\/figure>\n\n\n\n<p>Ahora, Toso le respondi\u00f3 al presidente del bloque de diputados del radicalismo, Hip\u00f3lito \u201cPoli\u201d Altolaguirre, quien hab\u00eda argumentado en la ausencia del bloque de la UCR por la falta de informaci\u00f3n.<\/p>\n\n\n\n<p>\u201cEl Poder Ejecutivo Provincial desde el 1\u00ba de marzo est\u00e1 trabajando en el tema, lo que muestra la premura y complejidad que amerita el mismo. El 10 de mayo convoc\u00f3 a la C\u00e1mara de Diputados a sumarse a la Mesa de Trabajo multisectorial, aunque reci\u00e9n en octubre tuvimos respuesta. Quiz\u00e1 haya sido porque el Poder Legislativo estuvo paralizado por falta de qu\u00f3rum, pero ah\u00ed perdimos un tiempo muy importante\u201d, dijo el secretario de Energ\u00eda y Miner\u00eda.<\/p>\n\n\n\n<p>El funcionario agreg\u00f3 que \u201cno es cierto\u201d que no haya informaci\u00f3n sobre el yacimiento. \u201cYa se realizaron estudios internos y adem\u00e1s externos. El tema es importante y debe trabajarse hasta avanzar en una decisi\u00f3n porque el tiempo es limitado\u201d, dijo.<\/p>\n\n\n\n<p><\/p>\n\n\n\n<figure class=\"wp-block-embed is-type-wp-embed is-provider-diario-textual wp-block-embed-diario-textual\"><div class=\"wp-block-embed__wrapper\">\n<blockquote class=\"wp-embedded-content\" data-secret=\"3IggYDlLlU\"><a href=\"https:\/\/diariotextual.com\/inicio\/index.php\/2024\/12\/12\/la-ucr-le-apunto-al-gobierno-y-a-sus-socios-del-pro-por-el-medanito-es-una-verguenza-que-saquen-esta-ley-a-la-fuerza\/\">La UCR le apunt\u00f3 al Gobierno y a sus socios del PRO por El Medanito: \u201cEs una verg\u00fcenza que saquen esta ley a la fuerza\u201d<\/a><\/blockquote><iframe class=\"wp-embedded-content\" sandbox=\"allow-scripts\" security=\"restricted\" style=\"position: absolute; visibility: hidden;\" title=\"\u00abLa UCR le apunt\u00f3 al Gobierno y a sus socios del PRO por El Medanito: \u201cEs una verg\u00fcenza que saquen esta ley a la fuerza\u201d\u00bb \u2014 Diario Textual\" src=\"https:\/\/diariotextual.com\/inicio\/index.php\/2024\/12\/12\/la-ucr-le-apunto-al-gobierno-y-a-sus-socios-del-pro-por-el-medanito-es-una-verguenza-que-saquen-esta-ley-a-la-fuerza\/embed\/#?secret=IRC7AKjlCd#?secret=3IggYDlLlU\" data-secret=\"3IggYDlLlU\" width=\"600\" height=\"338\" frameborder=\"0\" marginwidth=\"0\" marginheight=\"0\" scrolling=\"no\"><\/iframe>\n<\/div><\/figure>\n\n\n\n<p>En di\u00e1logo con la Agencia Provincial de Noticias, Toso sostuvo que lo interesante es que los legisladores se reunieron, empezaron a debatir y a buscar consensos para una decisi\u00f3n estrat\u00e9gica en materia energ\u00e9tica de gran importancia para La Pampa. \u201cEs la C\u00e1mara de Diputados la que tiene ahora la responsabilidad de sancionar una ley que indique como avanzar de aqu\u00ed en adelante\u201d, remarc\u00f3.&nbsp;<\/p>\n\n\n\n<p>\u201cDesde el punto de vista t\u00e9cnico entiendo que son temas complejos que exigen una mirada interdisciplinaria. Lo que hizo la Mesa de Trabajo creada por el gobernador Sergio Ziliotto, fue precisamente reunir informaci\u00f3n, ordenarla y opinar acerca de las mejores opciones productivas para el \u00e1rea. Fue una manera de trabajar donde se involucraron miradas diferentes (intendentes, diputados y diputadas de varios partidos, funcionarios, representantes de Pampetrol SAPEM) para abordar la tem\u00e1tica desde varios \u00e1ngulos. Toda esta informaci\u00f3n fue remitida a la C\u00e1mara de Diputados para su conocimiento y an\u00e1lisis al momento de expedirse\u201d, sostuvo.<\/p>\n\n\n\n<p><strong>-\u00bfAlgunos diputados de la oposici\u00f3n cuestionaron la urgencia, argumentando que falta un a\u00f1o y siete meses para que el contrato se termine?<\/strong><\/p>\n\n\n\n<p><em>-S\u00ed, le\u00ed declaraciones que van en ese sentido y entiendo que pueden estar relacionadas, como un primer abordaje que se hace del tema, porque cuando uno lee atentamente el proyecto de Ley (y sus anexos) se da cuenta de dos cosas muy importantes: la primera es que una licitaci\u00f3n p\u00fablica de estas caracter\u00edsticas no se resuelve en un par de meses, sino que desde el momento en que se sanciona la ley que la autoriza se requieren unos ocho meses de procedimiento (la licitaci\u00f3n original de esta \u00e1rea \u201cEl Medanito\u201d en el a\u00f1o 1991 se autoriz\u00f3 por Ley 1345 el 17 de octubre de 1991 y la firma del contrato fue el 19 de junio de 1992).&nbsp;<\/em><\/p>\n\n\n\n<p><em>El otro aspecto que surge de los antecedentes enviados a la C\u00e1mara de Diputados es que actualmente la producci\u00f3n est\u00e1 en declive y eso impacta en los puestos de trabajo y la recaudaci\u00f3n vinculada a regal\u00edas e ingresos brutos, raz\u00f3n por la cual sobra decir cu\u00e1l es la consecuencia del paso del tiempo.<\/em><\/p>\n\n\n\n<p><strong>-\u00bfDeterminados representantes legislativos de la oposici\u00f3n manifestaron que la ley se pretend\u00eda sacar a la fuerza entre gallos y medianoche?<\/strong><\/p>\n\n\n\n<p><em>-De ninguna manera. Este tema forma parte de la agenda energ\u00e9tica del Gobierno, fue anunciada el 1\u00b0 de marzo de este a\u00f1o por el Gobernador en la apertura de sesiones ordinarias, el 10 de mayo de 2024 se dict\u00f3 el Decreto N\u00b0 1286\/24 creando la Mesa de Trabajo para la Elaboraci\u00f3n de la Propuesta de Pliego de Condiciones para el \u00c1rea El Medanito y el 15 de mayo de 2024 se invit\u00f3 a la C\u00e1mara de Diputados a designar cuatro miembros para integrar la Mesa de Trabajo (Nota 31 sg\/24). Todo ese tiempo, hasta octubre que nombraron representantes, estuvimos trabajando en estudios y an\u00e1lisis internos (y externos) y fue informaci\u00f3n vital para que la Mesa convocada pudiese hacer su trabajo.<\/em><\/p>\n\n\n\n<p><em>Estos son temas de pol\u00edticas de Estado, trascienden gobiernos y tal vez no tienen la misma l\u00f3gica que otros temas de la coyuntura pol\u00edtica, eso puedo entenderlo, pero no es correcto (y adem\u00e1s es injusto) decir que hay improvisaci\u00f3n, apuro o irresponsabilidad de parte del Poder Ejecutivo o los funcionarios que tenemos el tema encomendado. Insisto, forma parte de una agenda p\u00fablica presentada el 1 de marzo y de una convocatoria a la C\u00e1mara para trabajar en el tema que data del 15 de mayo del corriente a\u00f1o.<\/em><\/p>\n\n\n\n<p><strong>-\u00bfTambi\u00e9n se dijo que era necesaria la contrataci\u00f3n de un estudio previo a la aprobaci\u00f3n de la ley porque faltaba informaci\u00f3n?<\/strong><\/p>\n\n\n\n<p><em>-No es cierto, ya se realizaron estudios internos y adem\u00e1s externos. Se contrat\u00f3 una consultor\u00eda a trav\u00e9s de Pampetrol SAPEM en la cual se estudi\u00f3 el potencial de varias \u00e1reas, entre ellas El Medanito. All\u00ed se sistematiz\u00f3 toda la informaci\u00f3n t\u00e9cnica y geol\u00f3gica (pozos, reservas, producci\u00f3n, etc.) y adem\u00e1s se generaron distintos escenarios acerca de cu\u00e1l es el modelo \u00f3ptimo de producci\u00f3n. Por ejemplo, distintas regal\u00edas 12%, 15%, 20% y 35%, distintos planes de inversi\u00f3n (m\u00e1s o menos pozos productores o inyectores) cual ser\u00eda el monto del eventual bono de ingreso, incluso uno de los consultores presento lo resultados a la Mesa de Trabajo y respondi\u00f3 las preguntas que le formulamos, en fin. Creo que contrariamente a lo que se dice hay much\u00edsimo m\u00e1s informaci\u00f3n de la que se ha tenido en otros momentos de la historia de la Provincia para la toma de estas decisiones. Me parece que no hay que simplificar la discusi\u00f3n con este tipo de comentarios porque hace parecer que no estamos tom\u00e1ndonos el tema con la seriedad que el mismo requiere y no es as\u00ed.<\/em><\/p>\n\n\n\n<p><strong>-\u00bfY qu\u00e9 pasa con lo que denominan Data Room?<\/strong><\/p>\n\n\n\n<p><em>-El Data Room, como la palabra lo indica, es un \u201ccuarto de datos\u201d pensado para cuando en el marco de una licitaci\u00f3n ya abierta, las empresas que adquieren el pliego se re\u00fanen con una consultora que les presenta la informaci\u00f3n primaria (es decir, sin ning\u00fan tipo de valoraci\u00f3n o an\u00e1lisis) para que luego puedan formular su oferta.<\/em><\/p>\n\n\n\n<p><em>Entonces nada de lo que pueda surgir del Data Room tiene entidad para modificar el texto de la ley o podr\u00eda aportar informaci\u00f3n distinta a la que se tiene como base para el proyecto de Ley enviado (que vale aclarar, tiene 371 p\u00e1ginas incluyendo los an\u00e1lisis t\u00e9cnicos, econ\u00f3micos de reservas, producci\u00f3n mencionados).<\/em><\/p>\n\n\n\n<p><em>Lo que s\u00ed se ha pre acordado en la Mesa de Trabajo (en el sentido de que hubo varias coincidencias al respecto) es que deber\u00eda contarse con los resultados del Data Room antes de aprobar el pliego de bases y condiciones, porque para ese documento s\u00ed puede el Data Room aportar informaci\u00f3n \u00fatil, no para la ley que mande al ejecutivo a licitar el \u00e1rea. Son distintas herramientas para distintas etapas.&nbsp;&nbsp;<\/em><\/p>\n\n\n\n<p><strong>-\u00bfC\u00f3mo sigue el tema?<\/strong><\/p>\n\n\n\n<p>&#8211;<em>Las sesiones extraordinarias contin\u00faan abiertas, entiendo entonces que los legisladores y las legisladoras seguir\u00e1n estudiando el tema hasta llegar a una decisi\u00f3n que se plasme en una ley que habilite al Poder Ejecutivo a avanzar con el procedimiento de licitaci\u00f3n p\u00fablica.<\/em><\/p>\n\n\n\n<p><em>Es necesario aclarar que el bloque oficialista realiz\u00f3 un sinn\u00famero de modificaciones al Proyecto de Ley original en virtud de los requerimientos del propio bloque y de la oposici\u00f3n. O sea, hay una base de discusi\u00f3n abierta.<\/em><\/p>\n\n\n\n<p><em>Rescato que haya coincidencias en realizar una licitaci\u00f3n p\u00fablica para la concesi\u00f3n del \u00e1rea por 25 a\u00f1os para darle certeza a los planes de inversi\u00f3n, puestos de trabajo e ingresos p\u00fablicos. Es un gran avance que se est\u00e9 discutiendo el tema con esta licitaci\u00f3n a largo plazo y no la de una pr\u00f3rroga. La pluralidad de ofertas nos va a proveer mayor transparencia y participaci\u00f3n en contextos complejos (me refiero a Vaca Muerta en su mayor auge, a m\u00e1s de 55 \u00e1reas convencionales en venta en otras provincias, incertidumbres de precios, etc.)<\/em>. <em>Finalmente, insisto con la idea de considerar positivo que se est\u00e9 discutiendo el tema, el Gobernador ya puso a disposici\u00f3n del Poder Legislativo a todo el grupo de trabajo, a que se ampl\u00ede la informaci\u00f3n o a evaluar m\u00e1s modificaciones que ayuden a lograr los consensos.<\/em> <em>Por lo dem\u00e1s, la C\u00e1mara de Diputados es soberana en las decisiones que se vinculan con su competencia constitucional y responsabilidad institucional.<\/em><\/p>\n\n\n\n<p><\/p>\n","protected":false},"excerpt":{"rendered":"<p>El secretario de Energ\u00eda y Miner\u00eda, Mat\u00edas Toso, desestim\u00f3 que haya \u201cimprovisaci\u00f3n\u201d de parte del Poder Ejecutivo en el abordaje del proceso de continuidad de producci\u00f3n en el \u00e1rea petrolera&hellip;<\/p>\n","protected":false},"author":5,"featured_media":283966,"comment_status":"closed","ping_status":"open","sticky":false,"template":"","format":"standard","meta":{"_acf_changed":false,"footnotes":""},"categories":[10,8],"tags":[],"class_list":["post-283965","post","type-post","status-publish","format-standard","has-post-thumbnail","hentry","category-portada-2","category-politica"],"acf":[],"yoast_head":"<!-- This site is optimized with the Yoast SEO plugin v27.5 - https:\/\/yoast.com\/product\/yoast-seo-wordpress\/ -->\n<title>Toso y el \u00e1rea El Medanito: \u201cNo es cierto que no haya estudios\u201d - Diario Textual<\/title>\n<meta name=\"robots\" content=\"index, follow, max-snippet:-1, max-image-preview:large, max-video-preview:-1\" \/>\n<link rel=\"canonical\" href=\"https:\/\/diariotextual.com\/inicio\/index.php\/2024\/12\/12\/toso-y-el-area-medanito-no-es-cierto-que-no-haya-estudios\/\" \/>\n<meta property=\"og:locale\" content=\"es_ES\" \/>\n<meta property=\"og:type\" content=\"article\" \/>\n<meta property=\"og:title\" content=\"Toso y el \u00e1rea El Medanito: \u201cNo es cierto que no haya estudios\u201d - Diario Textual\" \/>\n<meta property=\"og:description\" content=\"El secretario de Energ\u00eda y Miner\u00eda, Mat\u00edas Toso, desestim\u00f3 que haya \u201cimprovisaci\u00f3n\u201d de parte del Poder Ejecutivo en el abordaje del proceso de continuidad de producci\u00f3n en el \u00e1rea petrolera&hellip;\" \/>\n<meta property=\"og:url\" content=\"https:\/\/diariotextual.com\/inicio\/index.php\/2024\/12\/12\/toso-y-el-area-medanito-no-es-cierto-que-no-haya-estudios\/\" \/>\n<meta property=\"og:site_name\" content=\"Diario Textual\" \/>\n<meta property=\"article:publisher\" content=\"https:\/\/www.facebook.com\/eltextual\" \/>\n<meta property=\"article:published_time\" content=\"2024-12-12T22:53:30+00:00\" \/>\n<meta property=\"article:modified_time\" content=\"2024-12-13T10:53:35+00:00\" \/>\n<meta property=\"og:image\" content=\"https:\/\/diariotextual.com\/inicio\/wp-content\/uploads\/2024\/12\/tosomatiasdiciembre2024.jpg\" \/>\n\t<meta property=\"og:image:width\" content=\"900\" \/>\n\t<meta property=\"og:image:height\" content=\"507\" \/>\n\t<meta property=\"og:image:type\" content=\"image\/jpeg\" \/>\n<meta name=\"author\" content=\"diario3\" \/>\n<meta name=\"twitter:card\" content=\"summary_large_image\" \/>\n<meta name=\"twitter:creator\" content=\"@eltextual\" \/>\n<meta name=\"twitter:site\" content=\"@eltextual\" \/>\n<meta name=\"twitter:label1\" content=\"Escrito por\" \/>\n\t<meta name=\"twitter:data1\" content=\"diario3\" \/>\n\t<meta name=\"twitter:label2\" content=\"Tiempo de lectura\" \/>\n\t<meta name=\"twitter:data2\" content=\"8 minutos\" \/>\n<script type=\"application\/ld+json\" class=\"yoast-schema-graph\">{\"@context\":\"https:\\\/\\\/schema.org\",\"@graph\":[{\"@type\":\"Article\",\"@id\":\"https:\\\/\\\/diariotextual.com\\\/inicio\\\/index.php\\\/2024\\\/12\\\/12\\\/toso-y-el-area-medanito-no-es-cierto-que-no-haya-estudios\\\/#article\",\"isPartOf\":{\"@id\":\"https:\\\/\\\/diariotextual.com\\\/inicio\\\/index.php\\\/2024\\\/12\\\/12\\\/toso-y-el-area-medanito-no-es-cierto-que-no-haya-estudios\\\/\"},\"author\":{\"name\":\"diario3\",\"@id\":\"https:\\\/\\\/diariotextual.com\\\/inicio\\\/#\\\/schema\\\/person\\\/a1b6f563e0ee944c60f98119389a4d9f\"},\"headline\":\"Toso y el \u00e1rea El Medanito: \u201cNo es cierto que no haya estudios\u201d\",\"datePublished\":\"2024-12-12T22:53:30+00:00\",\"dateModified\":\"2024-12-13T10:53:35+00:00\",\"mainEntityOfPage\":{\"@id\":\"https:\\\/\\\/diariotextual.com\\\/inicio\\\/index.php\\\/2024\\\/12\\\/12\\\/toso-y-el-area-medanito-no-es-cierto-que-no-haya-estudios\\\/\"},\"wordCount\":1628,\"publisher\":{\"@id\":\"https:\\\/\\\/diariotextual.com\\\/inicio\\\/#organization\"},\"image\":{\"@id\":\"https:\\\/\\\/diariotextual.com\\\/inicio\\\/index.php\\\/2024\\\/12\\\/12\\\/toso-y-el-area-medanito-no-es-cierto-que-no-haya-estudios\\\/#primaryimage\"},\"thumbnailUrl\":\"https:\\\/\\\/diariotextual.com\\\/inicio\\\/wp-content\\\/uploads\\\/2024\\\/12\\\/tosomatiasdiciembre2024.jpg\",\"articleSection\":[\"A - PORTADA2\",\"POLITICA\"],\"inLanguage\":\"es\"},{\"@type\":\"WebPage\",\"@id\":\"https:\\\/\\\/diariotextual.com\\\/inicio\\\/index.php\\\/2024\\\/12\\\/12\\\/toso-y-el-area-medanito-no-es-cierto-que-no-haya-estudios\\\/\",\"url\":\"https:\\\/\\\/diariotextual.com\\\/inicio\\\/index.php\\\/2024\\\/12\\\/12\\\/toso-y-el-area-medanito-no-es-cierto-que-no-haya-estudios\\\/\",\"name\":\"Toso y el \u00e1rea El Medanito: \u201cNo es cierto que no haya estudios\u201d - Diario Textual\",\"isPartOf\":{\"@id\":\"https:\\\/\\\/diariotextual.com\\\/inicio\\\/#website\"},\"primaryImageOfPage\":{\"@id\":\"https:\\\/\\\/diariotextual.com\\\/inicio\\\/index.php\\\/2024\\\/12\\\/12\\\/toso-y-el-area-medanito-no-es-cierto-que-no-haya-estudios\\\/#primaryimage\"},\"image\":{\"@id\":\"https:\\\/\\\/diariotextual.com\\\/inicio\\\/index.php\\\/2024\\\/12\\\/12\\\/toso-y-el-area-medanito-no-es-cierto-que-no-haya-estudios\\\/#primaryimage\"},\"thumbnailUrl\":\"https:\\\/\\\/diariotextual.com\\\/inicio\\\/wp-content\\\/uploads\\\/2024\\\/12\\\/tosomatiasdiciembre2024.jpg\",\"datePublished\":\"2024-12-12T22:53:30+00:00\",\"dateModified\":\"2024-12-13T10:53:35+00:00\",\"breadcrumb\":{\"@id\":\"https:\\\/\\\/diariotextual.com\\\/inicio\\\/index.php\\\/2024\\\/12\\\/12\\\/toso-y-el-area-medanito-no-es-cierto-que-no-haya-estudios\\\/#breadcrumb\"},\"inLanguage\":\"es\",\"potentialAction\":[{\"@type\":\"ReadAction\",\"target\":[\"https:\\\/\\\/diariotextual.com\\\/inicio\\\/index.php\\\/2024\\\/12\\\/12\\\/toso-y-el-area-medanito-no-es-cierto-que-no-haya-estudios\\\/\"]}]},{\"@type\":\"ImageObject\",\"inLanguage\":\"es\",\"@id\":\"https:\\\/\\\/diariotextual.com\\\/inicio\\\/index.php\\\/2024\\\/12\\\/12\\\/toso-y-el-area-medanito-no-es-cierto-que-no-haya-estudios\\\/#primaryimage\",\"url\":\"https:\\\/\\\/diariotextual.com\\\/inicio\\\/wp-content\\\/uploads\\\/2024\\\/12\\\/tosomatiasdiciembre2024.jpg\",\"contentUrl\":\"https:\\\/\\\/diariotextual.com\\\/inicio\\\/wp-content\\\/uploads\\\/2024\\\/12\\\/tosomatiasdiciembre2024.jpg\",\"width\":900,\"height\":507,\"caption\":\"CREATOR: gd-jpeg v1.0 (using IJG JPEG v90), quality = 99\"},{\"@type\":\"BreadcrumbList\",\"@id\":\"https:\\\/\\\/diariotextual.com\\\/inicio\\\/index.php\\\/2024\\\/12\\\/12\\\/toso-y-el-area-medanito-no-es-cierto-que-no-haya-estudios\\\/#breadcrumb\",\"itemListElement\":[{\"@type\":\"ListItem\",\"position\":1,\"name\":\"Portada\",\"item\":\"https:\\\/\\\/diariotextual.com\\\/inicio\\\/\"},{\"@type\":\"ListItem\",\"position\":2,\"name\":\"Toso y el \u00e1rea El Medanito: \u201cNo es cierto que no haya estudios\u201d\"}]},{\"@type\":\"WebSite\",\"@id\":\"https:\\\/\\\/diariotextual.com\\\/inicio\\\/#website\",\"url\":\"https:\\\/\\\/diariotextual.com\\\/inicio\\\/\",\"name\":\"Diario Textual\",\"description\":\"\",\"publisher\":{\"@id\":\"https:\\\/\\\/diariotextual.com\\\/inicio\\\/#organization\"},\"potentialAction\":[{\"@type\":\"SearchAction\",\"target\":{\"@type\":\"EntryPoint\",\"urlTemplate\":\"https:\\\/\\\/diariotextual.com\\\/inicio\\\/?s={search_term_string}\"},\"query-input\":{\"@type\":\"PropertyValueSpecification\",\"valueRequired\":true,\"valueName\":\"search_term_string\"}}],\"inLanguage\":\"es\"},{\"@type\":\"Organization\",\"@id\":\"https:\\\/\\\/diariotextual.com\\\/inicio\\\/#organization\",\"name\":\"Diario Textual\",\"url\":\"https:\\\/\\\/diariotextual.com\\\/inicio\\\/\",\"logo\":{\"@type\":\"ImageObject\",\"inLanguage\":\"es\",\"@id\":\"https:\\\/\\\/diariotextual.com\\\/inicio\\\/#\\\/schema\\\/logo\\\/image\\\/\",\"url\":\"https:\\\/\\\/diariotextual.com\\\/inicio\\\/wp-content\\\/uploads\\\/2023\\\/05\\\/logotextual1.jpg\",\"contentUrl\":\"https:\\\/\\\/diariotextual.com\\\/inicio\\\/wp-content\\\/uploads\\\/2023\\\/05\\\/logotextual1.jpg\",\"width\":516,\"height\":76,\"caption\":\"Diario Textual\"},\"image\":{\"@id\":\"https:\\\/\\\/diariotextual.com\\\/inicio\\\/#\\\/schema\\\/logo\\\/image\\\/\"},\"sameAs\":[\"https:\\\/\\\/www.facebook.com\\\/eltextual\",\"https:\\\/\\\/x.com\\\/eltextual\",\"http:\\\/\\\/www.instagram.com\\\/eltextual\"]},{\"@type\":\"Person\",\"@id\":\"https:\\\/\\\/diariotextual.com\\\/inicio\\\/#\\\/schema\\\/person\\\/a1b6f563e0ee944c60f98119389a4d9f\",\"name\":\"diario3\",\"image\":{\"@type\":\"ImageObject\",\"inLanguage\":\"es\",\"@id\":\"https:\\\/\\\/secure.gravatar.com\\\/avatar\\\/5e7ee62c82fc04d9dd79d746a390d93c69c43223e5faeeb3ea9461ef752bfc5d?s=96&d=mm&r=g\",\"url\":\"https:\\\/\\\/secure.gravatar.com\\\/avatar\\\/5e7ee62c82fc04d9dd79d746a390d93c69c43223e5faeeb3ea9461ef752bfc5d?s=96&d=mm&r=g\",\"contentUrl\":\"https:\\\/\\\/secure.gravatar.com\\\/avatar\\\/5e7ee62c82fc04d9dd79d746a390d93c69c43223e5faeeb3ea9461ef752bfc5d?s=96&d=mm&r=g\",\"caption\":\"diario3\"},\"url\":\"https:\\\/\\\/diariotextual.com\\\/inicio\\\/index.php\\\/author\\\/diario3\\\/\"}]}<\/script>\n<!-- \/ Yoast SEO plugin. -->","yoast_head_json":{"title":"Toso y el \u00e1rea El Medanito: \u201cNo es cierto que no haya estudios\u201d - Diario Textual","robots":{"index":"index","follow":"follow","max-snippet":"max-snippet:-1","max-image-preview":"max-image-preview:large","max-video-preview":"max-video-preview:-1"},"canonical":"https:\/\/diariotextual.com\/inicio\/index.php\/2024\/12\/12\/toso-y-el-area-medanito-no-es-cierto-que-no-haya-estudios\/","og_locale":"es_ES","og_type":"article","og_title":"Toso y el \u00e1rea El Medanito: \u201cNo es cierto que no haya estudios\u201d - Diario Textual","og_description":"El secretario de Energ\u00eda y Miner\u00eda, Mat\u00edas Toso, desestim\u00f3 que haya \u201cimprovisaci\u00f3n\u201d de parte del Poder Ejecutivo en el abordaje del proceso de continuidad de producci\u00f3n en el \u00e1rea petrolera&hellip;","og_url":"https:\/\/diariotextual.com\/inicio\/index.php\/2024\/12\/12\/toso-y-el-area-medanito-no-es-cierto-que-no-haya-estudios\/","og_site_name":"Diario Textual","article_publisher":"https:\/\/www.facebook.com\/eltextual","article_published_time":"2024-12-12T22:53:30+00:00","article_modified_time":"2024-12-13T10:53:35+00:00","og_image":[{"width":900,"height":507,"url":"https:\/\/diariotextual.com\/inicio\/wp-content\/uploads\/2024\/12\/tosomatiasdiciembre2024.jpg","type":"image\/jpeg"}],"author":"diario3","twitter_card":"summary_large_image","twitter_creator":"@eltextual","twitter_site":"@eltextual","twitter_misc":{"Escrito por":"diario3","Tiempo de lectura":"8 minutos"},"schema":{"@context":"https:\/\/schema.org","@graph":[{"@type":"Article","@id":"https:\/\/diariotextual.com\/inicio\/index.php\/2024\/12\/12\/toso-y-el-area-medanito-no-es-cierto-que-no-haya-estudios\/#article","isPartOf":{"@id":"https:\/\/diariotextual.com\/inicio\/index.php\/2024\/12\/12\/toso-y-el-area-medanito-no-es-cierto-que-no-haya-estudios\/"},"author":{"name":"diario3","@id":"https:\/\/diariotextual.com\/inicio\/#\/schema\/person\/a1b6f563e0ee944c60f98119389a4d9f"},"headline":"Toso y el \u00e1rea El Medanito: \u201cNo es cierto que no haya estudios\u201d","datePublished":"2024-12-12T22:53:30+00:00","dateModified":"2024-12-13T10:53:35+00:00","mainEntityOfPage":{"@id":"https:\/\/diariotextual.com\/inicio\/index.php\/2024\/12\/12\/toso-y-el-area-medanito-no-es-cierto-que-no-haya-estudios\/"},"wordCount":1628,"publisher":{"@id":"https:\/\/diariotextual.com\/inicio\/#organization"},"image":{"@id":"https:\/\/diariotextual.com\/inicio\/index.php\/2024\/12\/12\/toso-y-el-area-medanito-no-es-cierto-que-no-haya-estudios\/#primaryimage"},"thumbnailUrl":"https:\/\/diariotextual.com\/inicio\/wp-content\/uploads\/2024\/12\/tosomatiasdiciembre2024.jpg","articleSection":["A - PORTADA2","POLITICA"],"inLanguage":"es"},{"@type":"WebPage","@id":"https:\/\/diariotextual.com\/inicio\/index.php\/2024\/12\/12\/toso-y-el-area-medanito-no-es-cierto-que-no-haya-estudios\/","url":"https:\/\/diariotextual.com\/inicio\/index.php\/2024\/12\/12\/toso-y-el-area-medanito-no-es-cierto-que-no-haya-estudios\/","name":"Toso y el \u00e1rea El Medanito: \u201cNo es cierto que no haya estudios\u201d - Diario Textual","isPartOf":{"@id":"https:\/\/diariotextual.com\/inicio\/#website"},"primaryImageOfPage":{"@id":"https:\/\/diariotextual.com\/inicio\/index.php\/2024\/12\/12\/toso-y-el-area-medanito-no-es-cierto-que-no-haya-estudios\/#primaryimage"},"image":{"@id":"https:\/\/diariotextual.com\/inicio\/index.php\/2024\/12\/12\/toso-y-el-area-medanito-no-es-cierto-que-no-haya-estudios\/#primaryimage"},"thumbnailUrl":"https:\/\/diariotextual.com\/inicio\/wp-content\/uploads\/2024\/12\/tosomatiasdiciembre2024.jpg","datePublished":"2024-12-12T22:53:30+00:00","dateModified":"2024-12-13T10:53:35+00:00","breadcrumb":{"@id":"https:\/\/diariotextual.com\/inicio\/index.php\/2024\/12\/12\/toso-y-el-area-medanito-no-es-cierto-que-no-haya-estudios\/#breadcrumb"},"inLanguage":"es","potentialAction":[{"@type":"ReadAction","target":["https:\/\/diariotextual.com\/inicio\/index.php\/2024\/12\/12\/toso-y-el-area-medanito-no-es-cierto-que-no-haya-estudios\/"]}]},{"@type":"ImageObject","inLanguage":"es","@id":"https:\/\/diariotextual.com\/inicio\/index.php\/2024\/12\/12\/toso-y-el-area-medanito-no-es-cierto-que-no-haya-estudios\/#primaryimage","url":"https:\/\/diariotextual.com\/inicio\/wp-content\/uploads\/2024\/12\/tosomatiasdiciembre2024.jpg","contentUrl":"https:\/\/diariotextual.com\/inicio\/wp-content\/uploads\/2024\/12\/tosomatiasdiciembre2024.jpg","width":900,"height":507,"caption":"CREATOR: gd-jpeg v1.0 (using IJG JPEG v90), quality = 99"},{"@type":"BreadcrumbList","@id":"https:\/\/diariotextual.com\/inicio\/index.php\/2024\/12\/12\/toso-y-el-area-medanito-no-es-cierto-que-no-haya-estudios\/#breadcrumb","itemListElement":[{"@type":"ListItem","position":1,"name":"Portada","item":"https:\/\/diariotextual.com\/inicio\/"},{"@type":"ListItem","position":2,"name":"Toso y el \u00e1rea El Medanito: \u201cNo es cierto que no haya estudios\u201d"}]},{"@type":"WebSite","@id":"https:\/\/diariotextual.com\/inicio\/#website","url":"https:\/\/diariotextual.com\/inicio\/","name":"Diario Textual","description":"","publisher":{"@id":"https:\/\/diariotextual.com\/inicio\/#organization"},"potentialAction":[{"@type":"SearchAction","target":{"@type":"EntryPoint","urlTemplate":"https:\/\/diariotextual.com\/inicio\/?s={search_term_string}"},"query-input":{"@type":"PropertyValueSpecification","valueRequired":true,"valueName":"search_term_string"}}],"inLanguage":"es"},{"@type":"Organization","@id":"https:\/\/diariotextual.com\/inicio\/#organization","name":"Diario Textual","url":"https:\/\/diariotextual.com\/inicio\/","logo":{"@type":"ImageObject","inLanguage":"es","@id":"https:\/\/diariotextual.com\/inicio\/#\/schema\/logo\/image\/","url":"https:\/\/diariotextual.com\/inicio\/wp-content\/uploads\/2023\/05\/logotextual1.jpg","contentUrl":"https:\/\/diariotextual.com\/inicio\/wp-content\/uploads\/2023\/05\/logotextual1.jpg","width":516,"height":76,"caption":"Diario Textual"},"image":{"@id":"https:\/\/diariotextual.com\/inicio\/#\/schema\/logo\/image\/"},"sameAs":["https:\/\/www.facebook.com\/eltextual","https:\/\/x.com\/eltextual","http:\/\/www.instagram.com\/eltextual"]},{"@type":"Person","@id":"https:\/\/diariotextual.com\/inicio\/#\/schema\/person\/a1b6f563e0ee944c60f98119389a4d9f","name":"diario3","image":{"@type":"ImageObject","inLanguage":"es","@id":"https:\/\/secure.gravatar.com\/avatar\/5e7ee62c82fc04d9dd79d746a390d93c69c43223e5faeeb3ea9461ef752bfc5d?s=96&d=mm&r=g","url":"https:\/\/secure.gravatar.com\/avatar\/5e7ee62c82fc04d9dd79d746a390d93c69c43223e5faeeb3ea9461ef752bfc5d?s=96&d=mm&r=g","contentUrl":"https:\/\/secure.gravatar.com\/avatar\/5e7ee62c82fc04d9dd79d746a390d93c69c43223e5faeeb3ea9461ef752bfc5d?s=96&d=mm&r=g","caption":"diario3"},"url":"https:\/\/diariotextual.com\/inicio\/index.php\/author\/diario3\/"}]}},"_links":{"self":[{"href":"https:\/\/diariotextual.com\/inicio\/index.php\/wp-json\/wp\/v2\/posts\/283965","targetHints":{"allow":["GET"]}}],"collection":[{"href":"https:\/\/diariotextual.com\/inicio\/index.php\/wp-json\/wp\/v2\/posts"}],"about":[{"href":"https:\/\/diariotextual.com\/inicio\/index.php\/wp-json\/wp\/v2\/types\/post"}],"author":[{"embeddable":true,"href":"https:\/\/diariotextual.com\/inicio\/index.php\/wp-json\/wp\/v2\/users\/5"}],"replies":[{"embeddable":true,"href":"https:\/\/diariotextual.com\/inicio\/index.php\/wp-json\/wp\/v2\/comments?post=283965"}],"version-history":[{"count":2,"href":"https:\/\/diariotextual.com\/inicio\/index.php\/wp-json\/wp\/v2\/posts\/283965\/revisions"}],"predecessor-version":[{"id":283972,"href":"https:\/\/diariotextual.com\/inicio\/index.php\/wp-json\/wp\/v2\/posts\/283965\/revisions\/283972"}],"wp:featuredmedia":[{"embeddable":true,"href":"https:\/\/diariotextual.com\/inicio\/index.php\/wp-json\/wp\/v2\/media\/283966"}],"wp:attachment":[{"href":"https:\/\/diariotextual.com\/inicio\/index.php\/wp-json\/wp\/v2\/media?parent=283965"}],"wp:term":[{"taxonomy":"category","embeddable":true,"href":"https:\/\/diariotextual.com\/inicio\/index.php\/wp-json\/wp\/v2\/categories?post=283965"},{"taxonomy":"post_tag","embeddable":true,"href":"https:\/\/diariotextual.com\/inicio\/index.php\/wp-json\/wp\/v2\/tags?post=283965"}],"curies":[{"name":"wp","href":"https:\/\/api.w.org\/{rel}","templated":true}]}}