{"id":28414,"date":"2018-11-23T10:12:48","date_gmt":"2018-11-23T13:12:48","guid":{"rendered":"http:\/\/diariotextual.com\/inicio\/?p=28414"},"modified":"2018-11-23T13:03:08","modified_gmt":"2018-11-23T16:03:08","slug":"marin-no-nos-ponemos-acuerdo-habra-competencia","status":"publish","type":"post","link":"https:\/\/diariotextual.com\/inicio\/index.php\/2018\/11\/23\/marin-no-nos-ponemos-acuerdo-habra-competencia\/","title":{"rendered":"Mar\u00edn: \u00abSi no nos ponemos de acuerdo, habr\u00e1 competencia\u00bb"},"content":{"rendered":"<p>El presidente del Partido Justicialista y l\u00edder de la l\u00ednea Convergencia Peronista, <strong>Rub\u00e9n Mar\u00edn<\/strong>, neg\u00f3 que pretenda imponer el nombre de su hijo Espartaco \u201cTaco\u201d Mar\u00edn como candidato a vicegobernador por sobre el de Mariano Fern\u00e1ndez. Dijo que finalmente al o la postulante la definir\u00e1 su espacio y manifest\u00f3 -en lo que se interpret\u00f3 como una p<iframe id=\"aswift_0\" style=\"box-sizing: border-box; outline: none; max-width: none; height: 90px; left: 0px; position: absolute; top: 0px; width: 780px; border-style: none; padding: 0px; margin: 0px;\" name=\"aswift_0\" width=\"780\" height=\"90\" frameborder=\"0\" marginwidth=\"0\" marginheight=\"0\" scrolling=\"no\" allowfullscreen=\"allowfullscreen\" data-mce-fragment=\"1\"><\/iframe>osible postulaci\u00f3n de su hija Varinia- hay que respetar el cupo de g\u00e9nero. Adem\u00e1s trat\u00f3 de mentiroso a Mariano Fern\u00e1ndez.<\/p>\n<p>\u201cCon Verna habl\u00e9 cuestiones generales\u00bb, lanz\u00f3.\u00a0 \u201cSi es que la vicegobernaci\u00f3n le corresponde a Convergencia, se ver\u00e1 el candidato y lo designar\u00e1 Convergencia. Mi hijo no podr\u00eda ser. Puede estar en condiciones, pero \u00e9l deber\u00e1 pelear ese lugar. No por el ser hijo de pap\u00e1\u00bb, dijo al ser consultado por Diario Textual previo al ingreso a una reuni\u00f3n con el ministro de Gobierno, Pablo Bensus\u00e1n.<\/p>\n<p><a href=\"http:\/\/diariotextual.com\/inicio\/index.php\/2018\/11\/23\/mariano-fernandez-candidato-gobernador-elegir-al-vice\/\" target=\"_blank\" rel=\"noopener\">Neg\u00f3 -como dijo hoy Mariano Fern\u00e1ndez- que en otras oportunidades el candidato a gobernador eligi\u00f3 el nombre del vice<\/a>. \u00abEs mentira. No es as\u00ed. Ment\u00eda. Nosotros hemos pasado nombres y cuando fue Mariano, fue Mariano, punto. No hubo competencia de nombres. Si es que le corresponde a Convergencia poner el segundo cargo, lo designar\u00e1 Convergencia\u00bb.<\/p>\n<p><strong>-\u00bfSu hijo podr\u00eda ser, Mar\u00edn?\u00a0<\/strong><\/p>\n<p>-No.<\/p>\n<p><strong>-\u00bfCree que no est\u00e1 en condiciones de serlo?<\/strong><\/p>\n<p>-No s\u00e9 si est\u00e1 en condiciones. Puede que lo est\u00e9, pero son espacios que \u00e9l tendr\u00e1 que pelear, luchar, pero no el nene de pap\u00e1, como dicen algunos periodistas.<\/p>\n<p><strong>-\u00bfSe va respetar el cupo de g\u00e9nero?\u00a0<\/strong><\/p>\n<p>-Ten\u00e9s que respetarlo. Es obligatorio en la Carta Org\u00e1nica.<\/p>\n<p><strong>-\u00bfA usted le agradar\u00eda que sea Mariano Fern\u00e1ndez nuevamente el candidato a vicegobernador?\u00a0<\/strong><\/p>\n<p>-No me molesta en absoluto que Fern\u00e1ndez sea nuevamente el candidato a vicegobernador. Simplemente espero que sea Convergencia quien lo determine. Si no no tiene sentido.<\/p>\n<p><strong>-\u00bfSe ha reunido con Ariel Rojas, de Compromiso Peronista?<\/strong><\/p>\n<p>-Hablo con frecuencia, es algo que siempre hago.<\/p>\n<p><strong>-\u00bfLe propuso eventualmente hacer una lista con \u00e9l si no hay acuerdo?<\/strong><\/p>\n<p>-No, no, no. Si estamos de hablarnos de unidad\u2026 Pero si no lo conseguimos, se ver\u00e1. Creo que no hay que ponerse mal si no nos ponemos de acuerdo y hay competencia.<\/p>\n<p><strong>-\u00bfTiene vocaci\u00f3n de hacer interna Convergencia?<\/strong><\/p>\n<p>Yo pensar\u00eda que no. Pero una es la cosa que vos pens\u00e1s y otra es la realidad. Nosotros no tenemos aparato. Tenemos gente separado, en distinto lugar. Hoy no, ma\u00f1ana no porque tenemos que festejar Boca\u2026Veremos el lunes.<\/p>\n<p><strong>-\u00bfQu\u00e9 opini\u00f3n tiene de Sergio Ziliotto?<\/strong><\/p>\n<p>-Es un tipo inteligente y tiene buena formaci\u00f3n. Hay que ver c\u00f3mo lo insertamos porque se puede tener capacidad pero se necesita que nos voten los pampeanos.<\/p>\n<p><img fetchpriority=\"high\" decoding=\"async\" class=\"alignnone wp-image-28434\" src=\"http:\/\/diariotextual.com\/inicio\/wp-content\/uploads\/2018\/11\/mariingresocaminando0004.jpg\" alt=\"\" width=\"685\" height=\"427\" srcset=\"https:\/\/diariotextual.com\/inicio\/wp-content\/uploads\/2018\/11\/mariingresocaminando0004.jpg 743w, https:\/\/diariotextual.com\/inicio\/wp-content\/uploads\/2018\/11\/mariingresocaminando0004-300x187.jpg 300w, https:\/\/diariotextual.com\/inicio\/wp-content\/uploads\/2018\/11\/mariingresocaminando0004-585x365.jpg 585w\" sizes=\"(max-width: 685px) 100vw, 685px\" \/><\/p>\n<p>La situaci\u00f3n de la elecci\u00f3n de la f\u00f3rmula para la gobernaci\u00f3n est\u00e1 dejando a Convergencia Peronista, la l\u00ednea comandada por Mar\u00edn, al borde de la ruptura.<\/p>\n<p>Como inform\u00f3 Diario Textual, Verna le comunic\u00f3 el mi\u00e9rcoles al cuatro veces gobernador que el primer lugar para la f\u00f3rmula ser\u00e1 para el vernismo y el segundo para el marinismo. Id\u00e9ntica situaci\u00f3n a 2015, con lo que dej\u00f3 afuera a la jorgista Compromiso Peronista.<\/p>\n<p>En segundo lugar, le comunic\u00f3 que el candidato a sucederlo ser\u00e1 Ziliotto. Y en tercer lugar, le dijo algo m\u00e1s: que prefiere que se vuelva a postular como vice Mariano Fern\u00e1ndez y que quiere que Espartaco \u201cTaco\u201d Mar\u00edn -otro de los que pretende la vice- siga en la C\u00e1mara de Diputados.<\/p>\n<p>Mar\u00edn no qued\u00f3 conforme.\u00a0\u201cMir\u00e1 Carlos, dejamelo consultarlo, pero a lo mejor traigo otro nombre\u201d, le dijo. Quiere en ese lugar a uno de sus hijos, Espartaco o Varinia.<\/p>\n<p>&nbsp;<\/p>\n","protected":false},"excerpt":{"rendered":"<p>El presidente del Partido Justicialista y l\u00edder de la l\u00ednea Convergencia Peronista, Rub\u00e9n Mar\u00edn, neg\u00f3 que pretenda imponer el nombre de su hijo Espartaco \u201cTaco\u201d Mar\u00edn como candidato a vicegobernador&hellip;<\/p>\n","protected":false},"author":4,"featured_media":28433,"comment_status":"closed","ping_status":"open","sticky":false,"template":"","format":"standard","meta":{"_acf_changed":false,"footnotes":""},"categories":[10,319,8],"tags":[],"class_list":["post-28414","post","type-post","status-publish","format-standard","has-post-thumbnail","hentry","category-portada-2","category-a-temporales","category-politica"],"acf":[],"yoast_head":"<!-- This site is optimized with the Yoast SEO plugin v27.5 - https:\/\/yoast.com\/product\/yoast-seo-wordpress\/ -->\n<title>Mar\u00edn: &quot;Si no nos ponemos de acuerdo, habr\u00e1 competencia&quot; - Diario Textual<\/title>\n<meta name=\"robots\" content=\"index, follow, max-snippet:-1, max-image-preview:large, max-video-preview:-1\" \/>\n<link rel=\"canonical\" href=\"https:\/\/diariotextual.com\/inicio\/index.php\/2018\/11\/23\/marin-no-nos-ponemos-acuerdo-habra-competencia\/\" \/>\n<meta property=\"og:locale\" content=\"es_ES\" \/>\n<meta property=\"og:type\" content=\"article\" \/>\n<meta property=\"og:title\" content=\"Mar\u00edn: &quot;Si no nos ponemos de acuerdo, habr\u00e1 competencia&quot; - Diario Textual\" \/>\n<meta property=\"og:description\" content=\"El presidente del Partido Justicialista y l\u00edder de la l\u00ednea Convergencia Peronista, Rub\u00e9n Mar\u00edn, neg\u00f3 que pretenda imponer el nombre de su hijo Espartaco \u201cTaco\u201d Mar\u00edn como candidato a vicegobernador&hellip;\" \/>\n<meta property=\"og:url\" content=\"https:\/\/diariotextual.com\/inicio\/index.php\/2018\/11\/23\/marin-no-nos-ponemos-acuerdo-habra-competencia\/\" \/>\n<meta property=\"og:site_name\" content=\"Diario Textual\" \/>\n<meta property=\"article:publisher\" content=\"https:\/\/www.facebook.com\/eltextual\" \/>\n<meta property=\"article:published_time\" content=\"2018-11-23T13:12:48+00:00\" \/>\n<meta property=\"article:modified_time\" content=\"2018-11-23T16:03:08+00:00\" \/>\n<meta property=\"og:image\" content=\"https:\/\/diariotextual.com\/inicio\/wp-content\/uploads\/2018\/11\/marinfernandeztaco0003.jpg\" \/>\n\t<meta property=\"og:image:width\" content=\"766\" \/>\n\t<meta property=\"og:image:height\" content=\"446\" \/>\n\t<meta property=\"og:image:type\" content=\"image\/jpeg\" \/>\n<meta name=\"author\" content=\"diario2\" \/>\n<meta name=\"twitter:card\" content=\"summary_large_image\" \/>\n<meta name=\"twitter:creator\" content=\"@eltextual\" \/>\n<meta name=\"twitter:site\" content=\"@eltextual\" \/>\n<meta name=\"twitter:label1\" content=\"Escrito por\" \/>\n\t<meta name=\"twitter:data1\" content=\"diario2\" \/>\n\t<meta name=\"twitter:label2\" content=\"Tiempo de lectura\" \/>\n\t<meta name=\"twitter:data2\" content=\"3 minutos\" \/>\n<script type=\"application\/ld+json\" class=\"yoast-schema-graph\">{\"@context\":\"https:\\\/\\\/schema.org\",\"@graph\":[{\"@type\":\"Article\",\"@id\":\"https:\\\/\\\/diariotextual.com\\\/inicio\\\/index.php\\\/2018\\\/11\\\/23\\\/marin-no-nos-ponemos-acuerdo-habra-competencia\\\/#article\",\"isPartOf\":{\"@id\":\"https:\\\/\\\/diariotextual.com\\\/inicio\\\/index.php\\\/2018\\\/11\\\/23\\\/marin-no-nos-ponemos-acuerdo-habra-competencia\\\/\"},\"author\":{\"name\":\"diario2\",\"@id\":\"https:\\\/\\\/diariotextual.com\\\/inicio\\\/#\\\/schema\\\/person\\\/694f60677f23c4a530867a98f22b3768\"},\"headline\":\"Mar\u00edn: \u00abSi no nos ponemos de acuerdo, habr\u00e1 competencia\u00bb\",\"datePublished\":\"2018-11-23T13:12:48+00:00\",\"dateModified\":\"2018-11-23T16:03:08+00:00\",\"mainEntityOfPage\":{\"@id\":\"https:\\\/\\\/diariotextual.com\\\/inicio\\\/index.php\\\/2018\\\/11\\\/23\\\/marin-no-nos-ponemos-acuerdo-habra-competencia\\\/\"},\"wordCount\":648,\"publisher\":{\"@id\":\"https:\\\/\\\/diariotextual.com\\\/inicio\\\/#organization\"},\"image\":{\"@id\":\"https:\\\/\\\/diariotextual.com\\\/inicio\\\/index.php\\\/2018\\\/11\\\/23\\\/marin-no-nos-ponemos-acuerdo-habra-competencia\\\/#primaryimage\"},\"thumbnailUrl\":\"https:\\\/\\\/diariotextual.com\\\/inicio\\\/wp-content\\\/uploads\\\/2018\\\/11\\\/marinfernandeztaco0003.jpg\",\"articleSection\":[\"A - PORTADA2\",\"A - TEMPORALES\",\"POLITICA\"],\"inLanguage\":\"es\"},{\"@type\":\"WebPage\",\"@id\":\"https:\\\/\\\/diariotextual.com\\\/inicio\\\/index.php\\\/2018\\\/11\\\/23\\\/marin-no-nos-ponemos-acuerdo-habra-competencia\\\/\",\"url\":\"https:\\\/\\\/diariotextual.com\\\/inicio\\\/index.php\\\/2018\\\/11\\\/23\\\/marin-no-nos-ponemos-acuerdo-habra-competencia\\\/\",\"name\":\"Mar\u00edn: \\\"Si no nos ponemos de acuerdo, habr\u00e1 competencia\\\" - Diario Textual\",\"isPartOf\":{\"@id\":\"https:\\\/\\\/diariotextual.com\\\/inicio\\\/#website\"},\"primaryImageOfPage\":{\"@id\":\"https:\\\/\\\/diariotextual.com\\\/inicio\\\/index.php\\\/2018\\\/11\\\/23\\\/marin-no-nos-ponemos-acuerdo-habra-competencia\\\/#primaryimage\"},\"image\":{\"@id\":\"https:\\\/\\\/diariotextual.com\\\/inicio\\\/index.php\\\/2018\\\/11\\\/23\\\/marin-no-nos-ponemos-acuerdo-habra-competencia\\\/#primaryimage\"},\"thumbnailUrl\":\"https:\\\/\\\/diariotextual.com\\\/inicio\\\/wp-content\\\/uploads\\\/2018\\\/11\\\/marinfernandeztaco0003.jpg\",\"datePublished\":\"2018-11-23T13:12:48+00:00\",\"dateModified\":\"2018-11-23T16:03:08+00:00\",\"breadcrumb\":{\"@id\":\"https:\\\/\\\/diariotextual.com\\\/inicio\\\/index.php\\\/2018\\\/11\\\/23\\\/marin-no-nos-ponemos-acuerdo-habra-competencia\\\/#breadcrumb\"},\"inLanguage\":\"es\",\"potentialAction\":[{\"@type\":\"ReadAction\",\"target\":[\"https:\\\/\\\/diariotextual.com\\\/inicio\\\/index.php\\\/2018\\\/11\\\/23\\\/marin-no-nos-ponemos-acuerdo-habra-competencia\\\/\"]}]},{\"@type\":\"ImageObject\",\"inLanguage\":\"es\",\"@id\":\"https:\\\/\\\/diariotextual.com\\\/inicio\\\/index.php\\\/2018\\\/11\\\/23\\\/marin-no-nos-ponemos-acuerdo-habra-competencia\\\/#primaryimage\",\"url\":\"https:\\\/\\\/diariotextual.com\\\/inicio\\\/wp-content\\\/uploads\\\/2018\\\/11\\\/marinfernandeztaco0003.jpg\",\"contentUrl\":\"https:\\\/\\\/diariotextual.com\\\/inicio\\\/wp-content\\\/uploads\\\/2018\\\/11\\\/marinfernandeztaco0003.jpg\",\"width\":766,\"height\":446},{\"@type\":\"BreadcrumbList\",\"@id\":\"https:\\\/\\\/diariotextual.com\\\/inicio\\\/index.php\\\/2018\\\/11\\\/23\\\/marin-no-nos-ponemos-acuerdo-habra-competencia\\\/#breadcrumb\",\"itemListElement\":[{\"@type\":\"ListItem\",\"position\":1,\"name\":\"Portada\",\"item\":\"https:\\\/\\\/diariotextual.com\\\/inicio\\\/\"},{\"@type\":\"ListItem\",\"position\":2,\"name\":\"Mar\u00edn: \u00abSi no nos ponemos de acuerdo, habr\u00e1 competencia\u00bb\"}]},{\"@type\":\"WebSite\",\"@id\":\"https:\\\/\\\/diariotextual.com\\\/inicio\\\/#website\",\"url\":\"https:\\\/\\\/diariotextual.com\\\/inicio\\\/\",\"name\":\"Diario Textual\",\"description\":\"\",\"publisher\":{\"@id\":\"https:\\\/\\\/diariotextual.com\\\/inicio\\\/#organization\"},\"potentialAction\":[{\"@type\":\"SearchAction\",\"target\":{\"@type\":\"EntryPoint\",\"urlTemplate\":\"https:\\\/\\\/diariotextual.com\\\/inicio\\\/?s={search_term_string}\"},\"query-input\":{\"@type\":\"PropertyValueSpecification\",\"valueRequired\":true,\"valueName\":\"search_term_string\"}}],\"inLanguage\":\"es\"},{\"@type\":\"Organization\",\"@id\":\"https:\\\/\\\/diariotextual.com\\\/inicio\\\/#organization\",\"name\":\"Diario Textual\",\"url\":\"https:\\\/\\\/diariotextual.com\\\/inicio\\\/\",\"logo\":{\"@type\":\"ImageObject\",\"inLanguage\":\"es\",\"@id\":\"https:\\\/\\\/diariotextual.com\\\/inicio\\\/#\\\/schema\\\/logo\\\/image\\\/\",\"url\":\"https:\\\/\\\/diariotextual.com\\\/inicio\\\/wp-content\\\/uploads\\\/2023\\\/05\\\/logotextual1.jpg\",\"contentUrl\":\"https:\\\/\\\/diariotextual.com\\\/inicio\\\/wp-content\\\/uploads\\\/2023\\\/05\\\/logotextual1.jpg\",\"width\":516,\"height\":76,\"caption\":\"Diario Textual\"},\"image\":{\"@id\":\"https:\\\/\\\/diariotextual.com\\\/inicio\\\/#\\\/schema\\\/logo\\\/image\\\/\"},\"sameAs\":[\"https:\\\/\\\/www.facebook.com\\\/eltextual\",\"https:\\\/\\\/x.com\\\/eltextual\",\"http:\\\/\\\/www.instagram.com\\\/eltextual\"]},{\"@type\":\"Person\",\"@id\":\"https:\\\/\\\/diariotextual.com\\\/inicio\\\/#\\\/schema\\\/person\\\/694f60677f23c4a530867a98f22b3768\",\"name\":\"diario2\",\"image\":{\"@type\":\"ImageObject\",\"inLanguage\":\"es\",\"@id\":\"https:\\\/\\\/secure.gravatar.com\\\/avatar\\\/5a2567495ba16b852fcd8f1ed006a2e24fcace936018ed8237e95f488ad6e0a7?s=96&d=mm&r=g\",\"url\":\"https:\\\/\\\/secure.gravatar.com\\\/avatar\\\/5a2567495ba16b852fcd8f1ed006a2e24fcace936018ed8237e95f488ad6e0a7?s=96&d=mm&r=g\",\"contentUrl\":\"https:\\\/\\\/secure.gravatar.com\\\/avatar\\\/5a2567495ba16b852fcd8f1ed006a2e24fcace936018ed8237e95f488ad6e0a7?s=96&d=mm&r=g\",\"caption\":\"diario2\"},\"url\":\"https:\\\/\\\/diariotextual.com\\\/inicio\\\/index.php\\\/author\\\/diario2\\\/\"}]}<\/script>\n<!-- \/ Yoast SEO plugin. -->","yoast_head_json":{"title":"Mar\u00edn: \"Si no nos ponemos de acuerdo, habr\u00e1 competencia\" - Diario Textual","robots":{"index":"index","follow":"follow","max-snippet":"max-snippet:-1","max-image-preview":"max-image-preview:large","max-video-preview":"max-video-preview:-1"},"canonical":"https:\/\/diariotextual.com\/inicio\/index.php\/2018\/11\/23\/marin-no-nos-ponemos-acuerdo-habra-competencia\/","og_locale":"es_ES","og_type":"article","og_title":"Mar\u00edn: \"Si no nos ponemos de acuerdo, habr\u00e1 competencia\" - Diario Textual","og_description":"El presidente del Partido Justicialista y l\u00edder de la l\u00ednea Convergencia Peronista, Rub\u00e9n Mar\u00edn, neg\u00f3 que pretenda imponer el nombre de su hijo Espartaco \u201cTaco\u201d Mar\u00edn como candidato a vicegobernador&hellip;","og_url":"https:\/\/diariotextual.com\/inicio\/index.php\/2018\/11\/23\/marin-no-nos-ponemos-acuerdo-habra-competencia\/","og_site_name":"Diario Textual","article_publisher":"https:\/\/www.facebook.com\/eltextual","article_published_time":"2018-11-23T13:12:48+00:00","article_modified_time":"2018-11-23T16:03:08+00:00","og_image":[{"width":766,"height":446,"url":"https:\/\/diariotextual.com\/inicio\/wp-content\/uploads\/2018\/11\/marinfernandeztaco0003.jpg","type":"image\/jpeg"}],"author":"diario2","twitter_card":"summary_large_image","twitter_creator":"@eltextual","twitter_site":"@eltextual","twitter_misc":{"Escrito por":"diario2","Tiempo de lectura":"3 minutos"},"schema":{"@context":"https:\/\/schema.org","@graph":[{"@type":"Article","@id":"https:\/\/diariotextual.com\/inicio\/index.php\/2018\/11\/23\/marin-no-nos-ponemos-acuerdo-habra-competencia\/#article","isPartOf":{"@id":"https:\/\/diariotextual.com\/inicio\/index.php\/2018\/11\/23\/marin-no-nos-ponemos-acuerdo-habra-competencia\/"},"author":{"name":"diario2","@id":"https:\/\/diariotextual.com\/inicio\/#\/schema\/person\/694f60677f23c4a530867a98f22b3768"},"headline":"Mar\u00edn: \u00abSi no nos ponemos de acuerdo, habr\u00e1 competencia\u00bb","datePublished":"2018-11-23T13:12:48+00:00","dateModified":"2018-11-23T16:03:08+00:00","mainEntityOfPage":{"@id":"https:\/\/diariotextual.com\/inicio\/index.php\/2018\/11\/23\/marin-no-nos-ponemos-acuerdo-habra-competencia\/"},"wordCount":648,"publisher":{"@id":"https:\/\/diariotextual.com\/inicio\/#organization"},"image":{"@id":"https:\/\/diariotextual.com\/inicio\/index.php\/2018\/11\/23\/marin-no-nos-ponemos-acuerdo-habra-competencia\/#primaryimage"},"thumbnailUrl":"https:\/\/diariotextual.com\/inicio\/wp-content\/uploads\/2018\/11\/marinfernandeztaco0003.jpg","articleSection":["A - PORTADA2","A - TEMPORALES","POLITICA"],"inLanguage":"es"},{"@type":"WebPage","@id":"https:\/\/diariotextual.com\/inicio\/index.php\/2018\/11\/23\/marin-no-nos-ponemos-acuerdo-habra-competencia\/","url":"https:\/\/diariotextual.com\/inicio\/index.php\/2018\/11\/23\/marin-no-nos-ponemos-acuerdo-habra-competencia\/","name":"Mar\u00edn: \"Si no nos ponemos de acuerdo, habr\u00e1 competencia\" - Diario Textual","isPartOf":{"@id":"https:\/\/diariotextual.com\/inicio\/#website"},"primaryImageOfPage":{"@id":"https:\/\/diariotextual.com\/inicio\/index.php\/2018\/11\/23\/marin-no-nos-ponemos-acuerdo-habra-competencia\/#primaryimage"},"image":{"@id":"https:\/\/diariotextual.com\/inicio\/index.php\/2018\/11\/23\/marin-no-nos-ponemos-acuerdo-habra-competencia\/#primaryimage"},"thumbnailUrl":"https:\/\/diariotextual.com\/inicio\/wp-content\/uploads\/2018\/11\/marinfernandeztaco0003.jpg","datePublished":"2018-11-23T13:12:48+00:00","dateModified":"2018-11-23T16:03:08+00:00","breadcrumb":{"@id":"https:\/\/diariotextual.com\/inicio\/index.php\/2018\/11\/23\/marin-no-nos-ponemos-acuerdo-habra-competencia\/#breadcrumb"},"inLanguage":"es","potentialAction":[{"@type":"ReadAction","target":["https:\/\/diariotextual.com\/inicio\/index.php\/2018\/11\/23\/marin-no-nos-ponemos-acuerdo-habra-competencia\/"]}]},{"@type":"ImageObject","inLanguage":"es","@id":"https:\/\/diariotextual.com\/inicio\/index.php\/2018\/11\/23\/marin-no-nos-ponemos-acuerdo-habra-competencia\/#primaryimage","url":"https:\/\/diariotextual.com\/inicio\/wp-content\/uploads\/2018\/11\/marinfernandeztaco0003.jpg","contentUrl":"https:\/\/diariotextual.com\/inicio\/wp-content\/uploads\/2018\/11\/marinfernandeztaco0003.jpg","width":766,"height":446},{"@type":"BreadcrumbList","@id":"https:\/\/diariotextual.com\/inicio\/index.php\/2018\/11\/23\/marin-no-nos-ponemos-acuerdo-habra-competencia\/#breadcrumb","itemListElement":[{"@type":"ListItem","position":1,"name":"Portada","item":"https:\/\/diariotextual.com\/inicio\/"},{"@type":"ListItem","position":2,"name":"Mar\u00edn: \u00abSi no nos ponemos de acuerdo, habr\u00e1 competencia\u00bb"}]},{"@type":"WebSite","@id":"https:\/\/diariotextual.com\/inicio\/#website","url":"https:\/\/diariotextual.com\/inicio\/","name":"Diario Textual","description":"","publisher":{"@id":"https:\/\/diariotextual.com\/inicio\/#organization"},"potentialAction":[{"@type":"SearchAction","target":{"@type":"EntryPoint","urlTemplate":"https:\/\/diariotextual.com\/inicio\/?s={search_term_string}"},"query-input":{"@type":"PropertyValueSpecification","valueRequired":true,"valueName":"search_term_string"}}],"inLanguage":"es"},{"@type":"Organization","@id":"https:\/\/diariotextual.com\/inicio\/#organization","name":"Diario Textual","url":"https:\/\/diariotextual.com\/inicio\/","logo":{"@type":"ImageObject","inLanguage":"es","@id":"https:\/\/diariotextual.com\/inicio\/#\/schema\/logo\/image\/","url":"https:\/\/diariotextual.com\/inicio\/wp-content\/uploads\/2023\/05\/logotextual1.jpg","contentUrl":"https:\/\/diariotextual.com\/inicio\/wp-content\/uploads\/2023\/05\/logotextual1.jpg","width":516,"height":76,"caption":"Diario Textual"},"image":{"@id":"https:\/\/diariotextual.com\/inicio\/#\/schema\/logo\/image\/"},"sameAs":["https:\/\/www.facebook.com\/eltextual","https:\/\/x.com\/eltextual","http:\/\/www.instagram.com\/eltextual"]},{"@type":"Person","@id":"https:\/\/diariotextual.com\/inicio\/#\/schema\/person\/694f60677f23c4a530867a98f22b3768","name":"diario2","image":{"@type":"ImageObject","inLanguage":"es","@id":"https:\/\/secure.gravatar.com\/avatar\/5a2567495ba16b852fcd8f1ed006a2e24fcace936018ed8237e95f488ad6e0a7?s=96&d=mm&r=g","url":"https:\/\/secure.gravatar.com\/avatar\/5a2567495ba16b852fcd8f1ed006a2e24fcace936018ed8237e95f488ad6e0a7?s=96&d=mm&r=g","contentUrl":"https:\/\/secure.gravatar.com\/avatar\/5a2567495ba16b852fcd8f1ed006a2e24fcace936018ed8237e95f488ad6e0a7?s=96&d=mm&r=g","caption":"diario2"},"url":"https:\/\/diariotextual.com\/inicio\/index.php\/author\/diario2\/"}]}},"_links":{"self":[{"href":"https:\/\/diariotextual.com\/inicio\/index.php\/wp-json\/wp\/v2\/posts\/28414","targetHints":{"allow":["GET"]}}],"collection":[{"href":"https:\/\/diariotextual.com\/inicio\/index.php\/wp-json\/wp\/v2\/posts"}],"about":[{"href":"https:\/\/diariotextual.com\/inicio\/index.php\/wp-json\/wp\/v2\/types\/post"}],"author":[{"embeddable":true,"href":"https:\/\/diariotextual.com\/inicio\/index.php\/wp-json\/wp\/v2\/users\/4"}],"replies":[{"embeddable":true,"href":"https:\/\/diariotextual.com\/inicio\/index.php\/wp-json\/wp\/v2\/comments?post=28414"}],"version-history":[{"count":14,"href":"https:\/\/diariotextual.com\/inicio\/index.php\/wp-json\/wp\/v2\/posts\/28414\/revisions"}],"predecessor-version":[{"id":28468,"href":"https:\/\/diariotextual.com\/inicio\/index.php\/wp-json\/wp\/v2\/posts\/28414\/revisions\/28468"}],"wp:featuredmedia":[{"embeddable":true,"href":"https:\/\/diariotextual.com\/inicio\/index.php\/wp-json\/wp\/v2\/media\/28433"}],"wp:attachment":[{"href":"https:\/\/diariotextual.com\/inicio\/index.php\/wp-json\/wp\/v2\/media?parent=28414"}],"wp:term":[{"taxonomy":"category","embeddable":true,"href":"https:\/\/diariotextual.com\/inicio\/index.php\/wp-json\/wp\/v2\/categories?post=28414"},{"taxonomy":"post_tag","embeddable":true,"href":"https:\/\/diariotextual.com\/inicio\/index.php\/wp-json\/wp\/v2\/tags?post=28414"}],"curies":[{"name":"wp","href":"https:\/\/api.w.org\/{rel}","templated":true}]}}