{"id":28420,"date":"2018-11-23T11:55:52","date_gmt":"2018-11-23T14:55:52","guid":{"rendered":"http:\/\/diariotextual.com\/inicio\/?p=28420"},"modified":"2018-11-23T17:48:29","modified_gmt":"2018-11-23T20:48:29","slug":"elecciones-2019-verna-linea-los-intendentes","status":"publish","type":"post","link":"https:\/\/diariotextual.com\/inicio\/index.php\/2018\/11\/23\/elecciones-2019-verna-linea-los-intendentes\/","title":{"rendered":"Verna, a los intendentes: \u00ab\u00bfEst\u00e1n dispuestos a acompa\u00f1ar a Ziliotto?\u00bb"},"content":{"rendered":"<p>El gobernador <strong>Carlos Verna<\/strong> reuni\u00f3 este mediod\u00eda a los intendentes del PJ y oficializ\u00f3 que el candidato a\u00a0 gobernador por el PJ -o el casi seguro frente peronista- es<strong> Sergio Ziliotto<\/strong>. \u00ab\u00bfTodos ustedes est\u00e1n dispuestos a acompa\u00f1ar la boleta con Sergio como gobernador?\u00bb, les pregunt\u00f3. \u00abS\u00ed\u00bb, fue la respuesta un\u00e1nime.<\/p>\n<p>&nbsp;<\/p>\n<p><img fetchpriority=\"high\" decoding=\"async\" class=\"alignnone wp-image-28447\" src=\"http:\/\/diariotextual.com\/inicio\/wp-content\/uploads\/2018\/11\/intendentesverna20180012.jpg\" alt=\"\" width=\"593\" height=\"369\" srcset=\"https:\/\/diariotextual.com\/inicio\/wp-content\/uploads\/2018\/11\/intendentesverna20180012.jpg 801w, https:\/\/diariotextual.com\/inicio\/wp-content\/uploads\/2018\/11\/intendentesverna20180012-300x187.jpg 300w, https:\/\/diariotextual.com\/inicio\/wp-content\/uploads\/2018\/11\/intendentesverna20180012-768x477.jpg 768w, https:\/\/diariotextual.com\/inicio\/wp-content\/uploads\/2018\/11\/intendentesverna20180012-585x364.jpg 585w\" sizes=\"(max-width: 593px) 100vw, 593px\" \/><\/p>\n<p>Ziliotto tambi\u00e9n tom\u00f3 la palabra. \u201cS\u00e9 que nos queda un camino complejo e importante, con el desaf\u00edo para el peronismo de seguir gobernando La Pampa\u00bb, dijo el candidato. \u00abEsto lo tenemos que tener muy en claro ustedes y yo; aqu\u00ed no solo est\u00e1 en juego el justicialismo de La Pampa, est\u00e1 en juego el futuro de la Provincia. No es una compulsa entre candidatos, es una compulsa entre modelos: el modelo justicialista que encarna<strong> Carlos Verna<\/strong>, y el modelo macrista que nos quieren bajar a La Pampa\u201d, afirm\u00f3.<\/p>\n<p>\u201cLos necesito a todos en la campa\u00f1a, nos necesitamos, el peronismo nos necesita y sabemos que la Provincia tambi\u00e9n nos necesita. Por esto tenemos que trabajar codo a codo. A medida que se vayan cerrando las listas vamos a empezar a recorrer la Provincia las veces que podamos\u201d, se comprometi\u00f3.<\/p>\n<p>Este encuentro, en <strong>Castelvecchio<\/strong>, se produjo en medio de la pulseada intestina en Convergencia Peronista por el nombre que postular\u00e1 a la vicegobernaci\u00f3n. El mandatario, tal como adelant\u00f3 el mi\u00e9rcoles<strong> Diario Textual<\/strong>, ya confirm\u00f3 que el candidato a gobernador ser\u00e1 el diputado nacional Sergio Ziliotto. Y manifest\u00f3 que el segundo lugar est\u00e1 reservado para la l\u00ednea marinista Convergencia. En ese marco, le avis\u00f3 a Rub\u00e9n Mar\u00edn que en ese lugar prefiere a Mariano Fern\u00e1ndez. Pero Mar\u00edn no est\u00e1 convencido, lo que desat\u00f3 una in\u00e9dita crisis en el marinismo.<\/p>\n<p>Mariano Fern\u00e1ndez, por lo pronto, no se quiere bajar. Y Mar\u00edn hoy meti\u00f3 m\u00e1s presi\u00f3n: dijo que ese lugar lo debe definir toda Convergencia. En definitiva, que no quiere que Verna le imponga a Fern\u00e1ndez.<\/p>\n<blockquote class=\"wp-embedded-content\" data-secret=\"IBUtvGaAJ1\"><p><a href=\"http:\/\/diariotextual.com\/inicio\/index.php\/2018\/11\/23\/marin-no-nos-ponemos-acuerdo-habra-competencia\/\">Mar\u00edn: &#8220;Si no nos ponemos de acuerdo, habr\u00e1 competencia&#8221;<\/a><\/p><\/blockquote>\n<p><iframe class=\"wp-embedded-content\" sandbox=\"allow-scripts\" security=\"restricted\" style=\"position: absolute; clip: rect(1px, 1px, 1px, 1px);\" src=\"http:\/\/diariotextual.com\/inicio\/index.php\/2018\/11\/23\/marin-no-nos-ponemos-acuerdo-habra-competencia\/embed\/#?secret=IBUtvGaAJ1\" data-secret=\"IBUtvGaAJ1\" width=\"600\" height=\"338\" title=\"&#8220;Mar\u00edn: &#8220;Si no nos ponemos de acuerdo, habr\u00e1 competencia&#8221;&#8221; &#8212; Diario Textual\" frameborder=\"0\" marginwidth=\"0\" marginheight=\"0\" scrolling=\"no\"><\/iframe><\/p>\n","protected":false},"excerpt":{"rendered":"<p>El gobernador Carlos Verna reuni\u00f3 este mediod\u00eda a los intendentes del PJ y oficializ\u00f3 que el candidato a\u00a0 gobernador por el PJ -o el casi seguro frente peronista- es Sergio&hellip;<\/p>\n","protected":false},"author":3,"featured_media":28482,"comment_status":"closed","ping_status":"open","sticky":false,"template":"","format":"standard","meta":{"_acf_changed":false,"footnotes":""},"categories":[11,319,8],"tags":[],"class_list":["post-28420","post","type-post","status-publish","format-standard","has-post-thumbnail","hentry","category-que-pasa","category-a-temporales","category-politica"],"acf":[],"yoast_head":"<!-- This site is optimized with the Yoast SEO plugin v27.5 - https:\/\/yoast.com\/product\/yoast-seo-wordpress\/ -->\n<title>Verna, a los intendentes: &quot;\u00bfEst\u00e1n dispuestos a acompa\u00f1ar a Ziliotto?&quot; - Diario Textual<\/title>\n<meta name=\"robots\" content=\"index, follow, max-snippet:-1, max-image-preview:large, max-video-preview:-1\" \/>\n<link rel=\"canonical\" href=\"https:\/\/diariotextual.com\/inicio\/index.php\/2018\/11\/23\/elecciones-2019-verna-linea-los-intendentes\/\" \/>\n<meta property=\"og:locale\" content=\"es_ES\" \/>\n<meta property=\"og:type\" content=\"article\" \/>\n<meta property=\"og:title\" content=\"Verna, a los intendentes: &quot;\u00bfEst\u00e1n dispuestos a acompa\u00f1ar a Ziliotto?&quot; - Diario Textual\" \/>\n<meta property=\"og:description\" content=\"El gobernador Carlos Verna reuni\u00f3 este mediod\u00eda a los intendentes del PJ y oficializ\u00f3 que el candidato a\u00a0 gobernador por el PJ -o el casi seguro frente peronista- es Sergio&hellip;\" \/>\n<meta property=\"og:url\" content=\"https:\/\/diariotextual.com\/inicio\/index.php\/2018\/11\/23\/elecciones-2019-verna-linea-los-intendentes\/\" \/>\n<meta property=\"og:site_name\" content=\"Diario Textual\" \/>\n<meta property=\"article:publisher\" content=\"https:\/\/www.facebook.com\/eltextual\" \/>\n<meta property=\"article:published_time\" content=\"2018-11-23T14:55:52+00:00\" \/>\n<meta property=\"article:modified_time\" content=\"2018-11-23T20:48:29+00:00\" \/>\n<meta property=\"og:image\" content=\"https:\/\/diariotextual.com\/inicio\/wp-content\/uploads\/2018\/11\/vernaintendentespj2018-9995.jpg\" \/>\n\t<meta property=\"og:image:width\" content=\"1232\" \/>\n\t<meta property=\"og:image:height\" content=\"816\" \/>\n\t<meta property=\"og:image:type\" content=\"image\/jpeg\" \/>\n<meta name=\"author\" content=\"Diario1 Diario1\" \/>\n<meta name=\"twitter:card\" content=\"summary_large_image\" \/>\n<meta name=\"twitter:creator\" content=\"@eltextual\" \/>\n<meta name=\"twitter:site\" content=\"@eltextual\" \/>\n<meta name=\"twitter:label1\" content=\"Escrito por\" \/>\n\t<meta name=\"twitter:data1\" content=\"Diario1 Diario1\" \/>\n\t<meta name=\"twitter:label2\" content=\"Tiempo de lectura\" \/>\n\t<meta name=\"twitter:data2\" content=\"2 minutos\" \/>\n<script type=\"application\/ld+json\" class=\"yoast-schema-graph\">{\"@context\":\"https:\\\/\\\/schema.org\",\"@graph\":[{\"@type\":\"Article\",\"@id\":\"https:\\\/\\\/diariotextual.com\\\/inicio\\\/index.php\\\/2018\\\/11\\\/23\\\/elecciones-2019-verna-linea-los-intendentes\\\/#article\",\"isPartOf\":{\"@id\":\"https:\\\/\\\/diariotextual.com\\\/inicio\\\/index.php\\\/2018\\\/11\\\/23\\\/elecciones-2019-verna-linea-los-intendentes\\\/\"},\"author\":{\"name\":\"Diario1 Diario1\",\"@id\":\"https:\\\/\\\/diariotextual.com\\\/inicio\\\/#\\\/schema\\\/person\\\/418fc4093c33e86ed41562db3508f958\"},\"headline\":\"Verna, a los intendentes: \u00ab\u00bfEst\u00e1n dispuestos a acompa\u00f1ar a Ziliotto?\u00bb\",\"datePublished\":\"2018-11-23T14:55:52+00:00\",\"dateModified\":\"2018-11-23T20:48:29+00:00\",\"mainEntityOfPage\":{\"@id\":\"https:\\\/\\\/diariotextual.com\\\/inicio\\\/index.php\\\/2018\\\/11\\\/23\\\/elecciones-2019-verna-linea-los-intendentes\\\/\"},\"wordCount\":352,\"publisher\":{\"@id\":\"https:\\\/\\\/diariotextual.com\\\/inicio\\\/#organization\"},\"image\":{\"@id\":\"https:\\\/\\\/diariotextual.com\\\/inicio\\\/index.php\\\/2018\\\/11\\\/23\\\/elecciones-2019-verna-linea-los-intendentes\\\/#primaryimage\"},\"thumbnailUrl\":\"https:\\\/\\\/diariotextual.com\\\/inicio\\\/wp-content\\\/uploads\\\/2018\\\/11\\\/vernaintendentespj2018-9995.jpg\",\"articleSection\":[\"A - QUE PASA (al costado)\",\"A - TEMPORALES\",\"POLITICA\"],\"inLanguage\":\"es\"},{\"@type\":\"WebPage\",\"@id\":\"https:\\\/\\\/diariotextual.com\\\/inicio\\\/index.php\\\/2018\\\/11\\\/23\\\/elecciones-2019-verna-linea-los-intendentes\\\/\",\"url\":\"https:\\\/\\\/diariotextual.com\\\/inicio\\\/index.php\\\/2018\\\/11\\\/23\\\/elecciones-2019-verna-linea-los-intendentes\\\/\",\"name\":\"Verna, a los intendentes: \\\"\u00bfEst\u00e1n dispuestos a acompa\u00f1ar a Ziliotto?\\\" - Diario Textual\",\"isPartOf\":{\"@id\":\"https:\\\/\\\/diariotextual.com\\\/inicio\\\/#website\"},\"primaryImageOfPage\":{\"@id\":\"https:\\\/\\\/diariotextual.com\\\/inicio\\\/index.php\\\/2018\\\/11\\\/23\\\/elecciones-2019-verna-linea-los-intendentes\\\/#primaryimage\"},\"image\":{\"@id\":\"https:\\\/\\\/diariotextual.com\\\/inicio\\\/index.php\\\/2018\\\/11\\\/23\\\/elecciones-2019-verna-linea-los-intendentes\\\/#primaryimage\"},\"thumbnailUrl\":\"https:\\\/\\\/diariotextual.com\\\/inicio\\\/wp-content\\\/uploads\\\/2018\\\/11\\\/vernaintendentespj2018-9995.jpg\",\"datePublished\":\"2018-11-23T14:55:52+00:00\",\"dateModified\":\"2018-11-23T20:48:29+00:00\",\"breadcrumb\":{\"@id\":\"https:\\\/\\\/diariotextual.com\\\/inicio\\\/index.php\\\/2018\\\/11\\\/23\\\/elecciones-2019-verna-linea-los-intendentes\\\/#breadcrumb\"},\"inLanguage\":\"es\",\"potentialAction\":[{\"@type\":\"ReadAction\",\"target\":[\"https:\\\/\\\/diariotextual.com\\\/inicio\\\/index.php\\\/2018\\\/11\\\/23\\\/elecciones-2019-verna-linea-los-intendentes\\\/\"]}]},{\"@type\":\"ImageObject\",\"inLanguage\":\"es\",\"@id\":\"https:\\\/\\\/diariotextual.com\\\/inicio\\\/index.php\\\/2018\\\/11\\\/23\\\/elecciones-2019-verna-linea-los-intendentes\\\/#primaryimage\",\"url\":\"https:\\\/\\\/diariotextual.com\\\/inicio\\\/wp-content\\\/uploads\\\/2018\\\/11\\\/vernaintendentespj2018-9995.jpg\",\"contentUrl\":\"https:\\\/\\\/diariotextual.com\\\/inicio\\\/wp-content\\\/uploads\\\/2018\\\/11\\\/vernaintendentespj2018-9995.jpg\",\"width\":1232,\"height\":816},{\"@type\":\"BreadcrumbList\",\"@id\":\"https:\\\/\\\/diariotextual.com\\\/inicio\\\/index.php\\\/2018\\\/11\\\/23\\\/elecciones-2019-verna-linea-los-intendentes\\\/#breadcrumb\",\"itemListElement\":[{\"@type\":\"ListItem\",\"position\":1,\"name\":\"Portada\",\"item\":\"https:\\\/\\\/diariotextual.com\\\/inicio\\\/\"},{\"@type\":\"ListItem\",\"position\":2,\"name\":\"Verna, a los intendentes: \u00ab\u00bfEst\u00e1n dispuestos a acompa\u00f1ar a Ziliotto?\u00bb\"}]},{\"@type\":\"WebSite\",\"@id\":\"https:\\\/\\\/diariotextual.com\\\/inicio\\\/#website\",\"url\":\"https:\\\/\\\/diariotextual.com\\\/inicio\\\/\",\"name\":\"Diario Textual\",\"description\":\"\",\"publisher\":{\"@id\":\"https:\\\/\\\/diariotextual.com\\\/inicio\\\/#organization\"},\"potentialAction\":[{\"@type\":\"SearchAction\",\"target\":{\"@type\":\"EntryPoint\",\"urlTemplate\":\"https:\\\/\\\/diariotextual.com\\\/inicio\\\/?s={search_term_string}\"},\"query-input\":{\"@type\":\"PropertyValueSpecification\",\"valueRequired\":true,\"valueName\":\"search_term_string\"}}],\"inLanguage\":\"es\"},{\"@type\":\"Organization\",\"@id\":\"https:\\\/\\\/diariotextual.com\\\/inicio\\\/#organization\",\"name\":\"Diario Textual\",\"url\":\"https:\\\/\\\/diariotextual.com\\\/inicio\\\/\",\"logo\":{\"@type\":\"ImageObject\",\"inLanguage\":\"es\",\"@id\":\"https:\\\/\\\/diariotextual.com\\\/inicio\\\/#\\\/schema\\\/logo\\\/image\\\/\",\"url\":\"https:\\\/\\\/diariotextual.com\\\/inicio\\\/wp-content\\\/uploads\\\/2023\\\/05\\\/logotextual1.jpg\",\"contentUrl\":\"https:\\\/\\\/diariotextual.com\\\/inicio\\\/wp-content\\\/uploads\\\/2023\\\/05\\\/logotextual1.jpg\",\"width\":516,\"height\":76,\"caption\":\"Diario Textual\"},\"image\":{\"@id\":\"https:\\\/\\\/diariotextual.com\\\/inicio\\\/#\\\/schema\\\/logo\\\/image\\\/\"},\"sameAs\":[\"https:\\\/\\\/www.facebook.com\\\/eltextual\",\"https:\\\/\\\/x.com\\\/eltextual\",\"http:\\\/\\\/www.instagram.com\\\/eltextual\"]},{\"@type\":\"Person\",\"@id\":\"https:\\\/\\\/diariotextual.com\\\/inicio\\\/#\\\/schema\\\/person\\\/418fc4093c33e86ed41562db3508f958\",\"name\":\"Diario1 Diario1\",\"image\":{\"@type\":\"ImageObject\",\"inLanguage\":\"es\",\"@id\":\"https:\\\/\\\/secure.gravatar.com\\\/avatar\\\/9167d280179c85bc18be67aa7eda765854300033af4896dd779b608640f2ef7a?s=96&d=mm&r=g\",\"url\":\"https:\\\/\\\/secure.gravatar.com\\\/avatar\\\/9167d280179c85bc18be67aa7eda765854300033af4896dd779b608640f2ef7a?s=96&d=mm&r=g\",\"contentUrl\":\"https:\\\/\\\/secure.gravatar.com\\\/avatar\\\/9167d280179c85bc18be67aa7eda765854300033af4896dd779b608640f2ef7a?s=96&d=mm&r=g\",\"caption\":\"Diario1 Diario1\"},\"url\":\"https:\\\/\\\/diariotextual.com\\\/inicio\\\/index.php\\\/author\\\/diario1\\\/\"}]}<\/script>\n<!-- \/ Yoast SEO plugin. -->","yoast_head_json":{"title":"Verna, a los intendentes: \"\u00bfEst\u00e1n dispuestos a acompa\u00f1ar a Ziliotto?\" - Diario Textual","robots":{"index":"index","follow":"follow","max-snippet":"max-snippet:-1","max-image-preview":"max-image-preview:large","max-video-preview":"max-video-preview:-1"},"canonical":"https:\/\/diariotextual.com\/inicio\/index.php\/2018\/11\/23\/elecciones-2019-verna-linea-los-intendentes\/","og_locale":"es_ES","og_type":"article","og_title":"Verna, a los intendentes: \"\u00bfEst\u00e1n dispuestos a acompa\u00f1ar a Ziliotto?\" - Diario Textual","og_description":"El gobernador Carlos Verna reuni\u00f3 este mediod\u00eda a los intendentes del PJ y oficializ\u00f3 que el candidato a\u00a0 gobernador por el PJ -o el casi seguro frente peronista- es Sergio&hellip;","og_url":"https:\/\/diariotextual.com\/inicio\/index.php\/2018\/11\/23\/elecciones-2019-verna-linea-los-intendentes\/","og_site_name":"Diario Textual","article_publisher":"https:\/\/www.facebook.com\/eltextual","article_published_time":"2018-11-23T14:55:52+00:00","article_modified_time":"2018-11-23T20:48:29+00:00","og_image":[{"width":1232,"height":816,"url":"https:\/\/diariotextual.com\/inicio\/wp-content\/uploads\/2018\/11\/vernaintendentespj2018-9995.jpg","type":"image\/jpeg"}],"author":"Diario1 Diario1","twitter_card":"summary_large_image","twitter_creator":"@eltextual","twitter_site":"@eltextual","twitter_misc":{"Escrito por":"Diario1 Diario1","Tiempo de lectura":"2 minutos"},"schema":{"@context":"https:\/\/schema.org","@graph":[{"@type":"Article","@id":"https:\/\/diariotextual.com\/inicio\/index.php\/2018\/11\/23\/elecciones-2019-verna-linea-los-intendentes\/#article","isPartOf":{"@id":"https:\/\/diariotextual.com\/inicio\/index.php\/2018\/11\/23\/elecciones-2019-verna-linea-los-intendentes\/"},"author":{"name":"Diario1 Diario1","@id":"https:\/\/diariotextual.com\/inicio\/#\/schema\/person\/418fc4093c33e86ed41562db3508f958"},"headline":"Verna, a los intendentes: \u00ab\u00bfEst\u00e1n dispuestos a acompa\u00f1ar a Ziliotto?\u00bb","datePublished":"2018-11-23T14:55:52+00:00","dateModified":"2018-11-23T20:48:29+00:00","mainEntityOfPage":{"@id":"https:\/\/diariotextual.com\/inicio\/index.php\/2018\/11\/23\/elecciones-2019-verna-linea-los-intendentes\/"},"wordCount":352,"publisher":{"@id":"https:\/\/diariotextual.com\/inicio\/#organization"},"image":{"@id":"https:\/\/diariotextual.com\/inicio\/index.php\/2018\/11\/23\/elecciones-2019-verna-linea-los-intendentes\/#primaryimage"},"thumbnailUrl":"https:\/\/diariotextual.com\/inicio\/wp-content\/uploads\/2018\/11\/vernaintendentespj2018-9995.jpg","articleSection":["A - QUE PASA (al costado)","A - TEMPORALES","POLITICA"],"inLanguage":"es"},{"@type":"WebPage","@id":"https:\/\/diariotextual.com\/inicio\/index.php\/2018\/11\/23\/elecciones-2019-verna-linea-los-intendentes\/","url":"https:\/\/diariotextual.com\/inicio\/index.php\/2018\/11\/23\/elecciones-2019-verna-linea-los-intendentes\/","name":"Verna, a los intendentes: \"\u00bfEst\u00e1n dispuestos a acompa\u00f1ar a Ziliotto?\" - Diario Textual","isPartOf":{"@id":"https:\/\/diariotextual.com\/inicio\/#website"},"primaryImageOfPage":{"@id":"https:\/\/diariotextual.com\/inicio\/index.php\/2018\/11\/23\/elecciones-2019-verna-linea-los-intendentes\/#primaryimage"},"image":{"@id":"https:\/\/diariotextual.com\/inicio\/index.php\/2018\/11\/23\/elecciones-2019-verna-linea-los-intendentes\/#primaryimage"},"thumbnailUrl":"https:\/\/diariotextual.com\/inicio\/wp-content\/uploads\/2018\/11\/vernaintendentespj2018-9995.jpg","datePublished":"2018-11-23T14:55:52+00:00","dateModified":"2018-11-23T20:48:29+00:00","breadcrumb":{"@id":"https:\/\/diariotextual.com\/inicio\/index.php\/2018\/11\/23\/elecciones-2019-verna-linea-los-intendentes\/#breadcrumb"},"inLanguage":"es","potentialAction":[{"@type":"ReadAction","target":["https:\/\/diariotextual.com\/inicio\/index.php\/2018\/11\/23\/elecciones-2019-verna-linea-los-intendentes\/"]}]},{"@type":"ImageObject","inLanguage":"es","@id":"https:\/\/diariotextual.com\/inicio\/index.php\/2018\/11\/23\/elecciones-2019-verna-linea-los-intendentes\/#primaryimage","url":"https:\/\/diariotextual.com\/inicio\/wp-content\/uploads\/2018\/11\/vernaintendentespj2018-9995.jpg","contentUrl":"https:\/\/diariotextual.com\/inicio\/wp-content\/uploads\/2018\/11\/vernaintendentespj2018-9995.jpg","width":1232,"height":816},{"@type":"BreadcrumbList","@id":"https:\/\/diariotextual.com\/inicio\/index.php\/2018\/11\/23\/elecciones-2019-verna-linea-los-intendentes\/#breadcrumb","itemListElement":[{"@type":"ListItem","position":1,"name":"Portada","item":"https:\/\/diariotextual.com\/inicio\/"},{"@type":"ListItem","position":2,"name":"Verna, a los intendentes: \u00ab\u00bfEst\u00e1n dispuestos a acompa\u00f1ar a Ziliotto?\u00bb"}]},{"@type":"WebSite","@id":"https:\/\/diariotextual.com\/inicio\/#website","url":"https:\/\/diariotextual.com\/inicio\/","name":"Diario Textual","description":"","publisher":{"@id":"https:\/\/diariotextual.com\/inicio\/#organization"},"potentialAction":[{"@type":"SearchAction","target":{"@type":"EntryPoint","urlTemplate":"https:\/\/diariotextual.com\/inicio\/?s={search_term_string}"},"query-input":{"@type":"PropertyValueSpecification","valueRequired":true,"valueName":"search_term_string"}}],"inLanguage":"es"},{"@type":"Organization","@id":"https:\/\/diariotextual.com\/inicio\/#organization","name":"Diario Textual","url":"https:\/\/diariotextual.com\/inicio\/","logo":{"@type":"ImageObject","inLanguage":"es","@id":"https:\/\/diariotextual.com\/inicio\/#\/schema\/logo\/image\/","url":"https:\/\/diariotextual.com\/inicio\/wp-content\/uploads\/2023\/05\/logotextual1.jpg","contentUrl":"https:\/\/diariotextual.com\/inicio\/wp-content\/uploads\/2023\/05\/logotextual1.jpg","width":516,"height":76,"caption":"Diario Textual"},"image":{"@id":"https:\/\/diariotextual.com\/inicio\/#\/schema\/logo\/image\/"},"sameAs":["https:\/\/www.facebook.com\/eltextual","https:\/\/x.com\/eltextual","http:\/\/www.instagram.com\/eltextual"]},{"@type":"Person","@id":"https:\/\/diariotextual.com\/inicio\/#\/schema\/person\/418fc4093c33e86ed41562db3508f958","name":"Diario1 Diario1","image":{"@type":"ImageObject","inLanguage":"es","@id":"https:\/\/secure.gravatar.com\/avatar\/9167d280179c85bc18be67aa7eda765854300033af4896dd779b608640f2ef7a?s=96&d=mm&r=g","url":"https:\/\/secure.gravatar.com\/avatar\/9167d280179c85bc18be67aa7eda765854300033af4896dd779b608640f2ef7a?s=96&d=mm&r=g","contentUrl":"https:\/\/secure.gravatar.com\/avatar\/9167d280179c85bc18be67aa7eda765854300033af4896dd779b608640f2ef7a?s=96&d=mm&r=g","caption":"Diario1 Diario1"},"url":"https:\/\/diariotextual.com\/inicio\/index.php\/author\/diario1\/"}]}},"_links":{"self":[{"href":"https:\/\/diariotextual.com\/inicio\/index.php\/wp-json\/wp\/v2\/posts\/28420","targetHints":{"allow":["GET"]}}],"collection":[{"href":"https:\/\/diariotextual.com\/inicio\/index.php\/wp-json\/wp\/v2\/posts"}],"about":[{"href":"https:\/\/diariotextual.com\/inicio\/index.php\/wp-json\/wp\/v2\/types\/post"}],"author":[{"embeddable":true,"href":"https:\/\/diariotextual.com\/inicio\/index.php\/wp-json\/wp\/v2\/users\/3"}],"replies":[{"embeddable":true,"href":"https:\/\/diariotextual.com\/inicio\/index.php\/wp-json\/wp\/v2\/comments?post=28420"}],"version-history":[{"count":13,"href":"https:\/\/diariotextual.com\/inicio\/index.php\/wp-json\/wp\/v2\/posts\/28420\/revisions"}],"predecessor-version":[{"id":28486,"href":"https:\/\/diariotextual.com\/inicio\/index.php\/wp-json\/wp\/v2\/posts\/28420\/revisions\/28486"}],"wp:featuredmedia":[{"embeddable":true,"href":"https:\/\/diariotextual.com\/inicio\/index.php\/wp-json\/wp\/v2\/media\/28482"}],"wp:attachment":[{"href":"https:\/\/diariotextual.com\/inicio\/index.php\/wp-json\/wp\/v2\/media?parent=28420"}],"wp:term":[{"taxonomy":"category","embeddable":true,"href":"https:\/\/diariotextual.com\/inicio\/index.php\/wp-json\/wp\/v2\/categories?post=28420"},{"taxonomy":"post_tag","embeddable":true,"href":"https:\/\/diariotextual.com\/inicio\/index.php\/wp-json\/wp\/v2\/tags?post=28420"}],"curies":[{"name":"wp","href":"https:\/\/api.w.org\/{rel}","templated":true}]}}