{"id":284693,"date":"2024-12-20T09:23:17","date_gmt":"2024-12-20T12:23:17","guid":{"rendered":"https:\/\/diariotextual.com\/inicio\/?p=284693"},"modified":"2024-12-20T09:23:38","modified_gmt":"2024-12-20T12:23:38","slug":"malas-noticias-para-franco-colapinto-isack-hadjar-tomara-el-segundo-asiento-de-racing-bulls-en-2025","status":"publish","type":"post","link":"https:\/\/diariotextual.com\/inicio\/index.php\/2024\/12\/20\/malas-noticias-para-franco-colapinto-isack-hadjar-tomara-el-segundo-asiento-de-racing-bulls-en-2025\/","title":{"rendered":"Malas noticias para Franco Colapinto: Isack Hadjar tomar\u00e1 el segundo asiento de Racing Bulls en 2025"},"content":{"rendered":"\n<p><strong>La escuder\u00eda Racing Bulls (RB) anunci\u00f3 el fichaje de Isack Hadjar<\/strong>&nbsp;para la temporada 2025 de F\u00f3rmula 1, completando as\u00ed la alineaci\u00f3n de pilotos para la pr\u00f3xima temporada del campeonato del mundo, por lo cual&nbsp;<strong>Franco Colapinto se queda sin butaca para el a\u00f1o pr\u00f3ximo.<\/strong><\/p>\n\n\n\n<p>El anuncio del piloto franc\u00e9s que tambi\u00e9n tiene nacionalidad argelina, tiene 20 a\u00f1os, es el tercer y \u00faltimo paso de los movimientos realizados por Red Bull, que supusieron la salida de Sergio P\u00e9rez de su equipo principal,&nbsp;<strong>el ascenso de Liam Lawson junto a Max Verstappen<\/strong>&nbsp;y la llegada de Hadjar a Racing Bulls.<\/p>\n\n\n\n<p><em>\u201cEstoy muy contento de tener este papel en Racing Bulls. Es realmente fant\u00e1stico para m\u00ed, para mi familia y para toda la gente que ha cre\u00eddo en m\u00ed desde el principio. Estar en la F\u00f3rmula 1 es por lo que he trabajado toda mi vida y es un sue\u00f1o. Es como entrar en un universo completamente nuevo, conduciendo monoplazas mucho m\u00e1s r\u00e1pidos y corriendo junto a los mejores pilotos del mundo\u201d,<\/em>&nbsp;dijo tras conocerse el anuncio.<\/p>\n\n\n\n<p><em>\u201cMe espera una curva de aprendizaje muy r\u00e1pida, pero estoy dispuesto a trabajar duro y a darlo todo por mi equipo. Estoy deseando trabajar y aprender de Yuki Tsunoda, siempre le he estudiado, pas\u00f3 por la academia de Red Bull, igual que yo, y compartimos un camino muy similar para llegar hasta aqu\u00ed\u201d, expres\u00f3.<\/em><\/p>\n\n\n\n<p>Por su lado,&nbsp;<strong>Laurent Mekies, director del equipo Racing Bulls<\/strong>, indic\u00f3:<em>&nbsp;\u201cEstamos muy contentos de tener a Isack con nosotros la pr\u00f3xima temporada. Aportar\u00e1 un soplo de aire fresco al equipo junto a Yuki. Isack ha demostrado un notable crecimiento, con una serie de resultados notables en su carrera en monoplazas, tiene el talento para competir al m\u00e1s alto nivel y confiamos en que pueda tener un impacto significativo. Tendremos un gran equipo con \u00e9l y Yuki\u00bb<\/em>.<\/p>\n\n\n\n<p><strong>Hadjar tendr\u00e1 la primera oportunidad de su carrera en la F\u00f3rmula 1,<\/strong>&nbsp;fue el subcampe\u00f3n de la F\u00f3rmula 2 en 2024 superado por el brasile\u00f1o Gabriel Bortoleto en una temporada donde consigui\u00f3 cuatro victorias en lo que fue su segundo y \u00faltimo a\u00f1o en la categor\u00eda preparatoria de F\u00f3rmula 1.<\/p>\n\n\n\n<p>Adem\u00e1s, fue piloto reserva de Red Bull Racing y Racing Bulls durante 2024, mientras que sali\u00f3 a pista en la primera sesi\u00f3n de entrenamientos libres del Gran Premio de Gran Breta\u00f1a y en Abu Dabi al volante del RB20 de P\u00e9rez en la primera y en el de Verstappen en la segunda.<\/p>\n\n\n\n<p>Con la llegada de Hadjar a la F\u00f3rmula 1, la temporada 2025 tendr\u00e1, de no haber modificaciones, total de cinco novatos debutar en la famosa categor\u00eda automovil\u00edstica. Adem\u00e1s de Hadjar, los pilotos\u00a0<strong>Jack Doohan, Oliver Bearman<\/strong>, y\u00a0<strong>Andrea Kimi Antonelli<\/strong>\u00a0ya han sido confirmados para iniciar su primera temporada completa en equipos de peso como\u00a0<strong>Alpine<\/strong>\u00a0y\u00a0<strong>Mercedes<\/strong>, lo mismo que Bortoletto en Sauber.<\/p>\n\n\n\n<p>Este panorama achica las posibilidades del argentino Franco Colapinto de ser titular en el inicio del ciclo 2025. Son dos las opciones que le quedan al pilarense, de 21 a\u00f1os. La primera chance es que Alpine decida romper con Doohan, quien tiene un acuerdo por cuatro carreras m\u00e1s. La alternativa es que permanezca como piloto de pruebas en Williams (cuyos pilotos titulares son Carlos Sainz y Alex Albon) y tenga una butaca confirmada reci\u00e9n en 2026.<\/p>\n\n\n\n<p>\u201cPor ahora no est\u00e1 en mis manos. Es complicado lo que est\u00e1 ocurriendo, la situaci\u00f3n es dif\u00edcil. Mis managers est\u00e1n trabajando, pero el tema no est\u00e1 en nuestras manos. Es otra persona la que tiene que decidir. Veremos qu\u00e9 es lo que sucede, pero ojal\u00e1 tenga otra oportunidad\u201d, dijo Franco Colapinto ante Infobae tras ser reconocido con el Olimpia de oro en las \u00faltimas horas.<\/p>\n\n\n\n<p><\/p>\n","protected":false},"excerpt":{"rendered":"<p>La escuder\u00eda Racing Bulls (RB) anunci\u00f3 el fichaje de Isack Hadjar&nbsp;para la temporada 2025 de F\u00f3rmula 1, completando as\u00ed la alineaci\u00f3n de pilotos para la pr\u00f3xima temporada del campeonato del&hellip;<\/p>\n","protected":false},"author":3,"featured_media":283409,"comment_status":"closed","ping_status":"open","sticky":false,"template":"","format":"standard","meta":{"_acf_changed":false,"footnotes":""},"categories":[1,3],"tags":[],"class_list":["post-284693","post","type-post","status-publish","format-standard","has-post-thumbnail","hentry","category-es-noticia","category-deportes"],"acf":[],"yoast_head":"<!-- This site is optimized with the Yoast SEO plugin v27.5 - https:\/\/yoast.com\/product\/yoast-seo-wordpress\/ -->\n<title>Malas noticias para Franco Colapinto: Isack Hadjar tomar\u00e1 el segundo asiento de Racing Bulls en 2025 - Diario Textual<\/title>\n<meta name=\"robots\" content=\"index, follow, max-snippet:-1, max-image-preview:large, max-video-preview:-1\" \/>\n<link rel=\"canonical\" href=\"https:\/\/diariotextual.com\/inicio\/index.php\/2024\/12\/20\/malas-noticias-para-franco-colapinto-isack-hadjar-tomara-el-segundo-asiento-de-racing-bulls-en-2025\/\" \/>\n<meta property=\"og:locale\" content=\"es_ES\" \/>\n<meta property=\"og:type\" content=\"article\" \/>\n<meta property=\"og:title\" content=\"Malas noticias para Franco Colapinto: Isack Hadjar tomar\u00e1 el segundo asiento de Racing Bulls en 2025 - Diario Textual\" \/>\n<meta property=\"og:description\" content=\"La escuder\u00eda Racing Bulls (RB) anunci\u00f3 el fichaje de Isack Hadjar&nbsp;para la temporada 2025 de F\u00f3rmula 1, completando as\u00ed la alineaci\u00f3n de pilotos para la pr\u00f3xima temporada del campeonato del&hellip;\" \/>\n<meta property=\"og:url\" content=\"https:\/\/diariotextual.com\/inicio\/index.php\/2024\/12\/20\/malas-noticias-para-franco-colapinto-isack-hadjar-tomara-el-segundo-asiento-de-racing-bulls-en-2025\/\" \/>\n<meta property=\"og:site_name\" content=\"Diario Textual\" \/>\n<meta property=\"article:publisher\" content=\"https:\/\/www.facebook.com\/eltextual\" \/>\n<meta property=\"article:published_time\" content=\"2024-12-20T12:23:17+00:00\" \/>\n<meta property=\"article:modified_time\" content=\"2024-12-20T12:23:38+00:00\" \/>\n<meta property=\"og:image\" content=\"https:\/\/diariotextual.com\/inicio\/wp-content\/uploads\/2024\/12\/colapintofranco2024-1002.jpg\" \/>\n\t<meta property=\"og:image:width\" content=\"1500\" \/>\n\t<meta property=\"og:image:height\" content=\"1002\" \/>\n\t<meta property=\"og:image:type\" content=\"image\/jpeg\" \/>\n<meta name=\"author\" content=\"Diario1 Diario1\" \/>\n<meta name=\"twitter:card\" content=\"summary_large_image\" \/>\n<meta name=\"twitter:creator\" content=\"@eltextual\" \/>\n<meta name=\"twitter:site\" content=\"@eltextual\" \/>\n<meta name=\"twitter:label1\" content=\"Escrito por\" \/>\n\t<meta name=\"twitter:data1\" content=\"Diario1 Diario1\" \/>\n\t<meta name=\"twitter:label2\" content=\"Tiempo de lectura\" \/>\n\t<meta name=\"twitter:data2\" content=\"3 minutos\" \/>\n<script type=\"application\/ld+json\" class=\"yoast-schema-graph\">{\"@context\":\"https:\\\/\\\/schema.org\",\"@graph\":[{\"@type\":\"Article\",\"@id\":\"https:\\\/\\\/diariotextual.com\\\/inicio\\\/index.php\\\/2024\\\/12\\\/20\\\/malas-noticias-para-franco-colapinto-isack-hadjar-tomara-el-segundo-asiento-de-racing-bulls-en-2025\\\/#article\",\"isPartOf\":{\"@id\":\"https:\\\/\\\/diariotextual.com\\\/inicio\\\/index.php\\\/2024\\\/12\\\/20\\\/malas-noticias-para-franco-colapinto-isack-hadjar-tomara-el-segundo-asiento-de-racing-bulls-en-2025\\\/\"},\"author\":{\"name\":\"Diario1 Diario1\",\"@id\":\"https:\\\/\\\/diariotextual.com\\\/inicio\\\/#\\\/schema\\\/person\\\/418fc4093c33e86ed41562db3508f958\"},\"headline\":\"Malas noticias para Franco Colapinto: Isack Hadjar tomar\u00e1 el segundo asiento de Racing Bulls en 2025\",\"datePublished\":\"2024-12-20T12:23:17+00:00\",\"dateModified\":\"2024-12-20T12:23:38+00:00\",\"mainEntityOfPage\":{\"@id\":\"https:\\\/\\\/diariotextual.com\\\/inicio\\\/index.php\\\/2024\\\/12\\\/20\\\/malas-noticias-para-franco-colapinto-isack-hadjar-tomara-el-segundo-asiento-de-racing-bulls-en-2025\\\/\"},\"wordCount\":662,\"publisher\":{\"@id\":\"https:\\\/\\\/diariotextual.com\\\/inicio\\\/#organization\"},\"image\":{\"@id\":\"https:\\\/\\\/diariotextual.com\\\/inicio\\\/index.php\\\/2024\\\/12\\\/20\\\/malas-noticias-para-franco-colapinto-isack-hadjar-tomara-el-segundo-asiento-de-racing-bulls-en-2025\\\/#primaryimage\"},\"thumbnailUrl\":\"https:\\\/\\\/diariotextual.com\\\/inicio\\\/wp-content\\\/uploads\\\/2024\\\/12\\\/colapintofranco2024-1002.jpg\",\"articleSection\":[\"A - ES NOTICIA (van abajo)\",\"DEPORTES\"],\"inLanguage\":\"es\"},{\"@type\":\"WebPage\",\"@id\":\"https:\\\/\\\/diariotextual.com\\\/inicio\\\/index.php\\\/2024\\\/12\\\/20\\\/malas-noticias-para-franco-colapinto-isack-hadjar-tomara-el-segundo-asiento-de-racing-bulls-en-2025\\\/\",\"url\":\"https:\\\/\\\/diariotextual.com\\\/inicio\\\/index.php\\\/2024\\\/12\\\/20\\\/malas-noticias-para-franco-colapinto-isack-hadjar-tomara-el-segundo-asiento-de-racing-bulls-en-2025\\\/\",\"name\":\"Malas noticias para Franco Colapinto: Isack Hadjar tomar\u00e1 el segundo asiento de Racing Bulls en 2025 - Diario Textual\",\"isPartOf\":{\"@id\":\"https:\\\/\\\/diariotextual.com\\\/inicio\\\/#website\"},\"primaryImageOfPage\":{\"@id\":\"https:\\\/\\\/diariotextual.com\\\/inicio\\\/index.php\\\/2024\\\/12\\\/20\\\/malas-noticias-para-franco-colapinto-isack-hadjar-tomara-el-segundo-asiento-de-racing-bulls-en-2025\\\/#primaryimage\"},\"image\":{\"@id\":\"https:\\\/\\\/diariotextual.com\\\/inicio\\\/index.php\\\/2024\\\/12\\\/20\\\/malas-noticias-para-franco-colapinto-isack-hadjar-tomara-el-segundo-asiento-de-racing-bulls-en-2025\\\/#primaryimage\"},\"thumbnailUrl\":\"https:\\\/\\\/diariotextual.com\\\/inicio\\\/wp-content\\\/uploads\\\/2024\\\/12\\\/colapintofranco2024-1002.jpg\",\"datePublished\":\"2024-12-20T12:23:17+00:00\",\"dateModified\":\"2024-12-20T12:23:38+00:00\",\"breadcrumb\":{\"@id\":\"https:\\\/\\\/diariotextual.com\\\/inicio\\\/index.php\\\/2024\\\/12\\\/20\\\/malas-noticias-para-franco-colapinto-isack-hadjar-tomara-el-segundo-asiento-de-racing-bulls-en-2025\\\/#breadcrumb\"},\"inLanguage\":\"es\",\"potentialAction\":[{\"@type\":\"ReadAction\",\"target\":[\"https:\\\/\\\/diariotextual.com\\\/inicio\\\/index.php\\\/2024\\\/12\\\/20\\\/malas-noticias-para-franco-colapinto-isack-hadjar-tomara-el-segundo-asiento-de-racing-bulls-en-2025\\\/\"]}]},{\"@type\":\"ImageObject\",\"inLanguage\":\"es\",\"@id\":\"https:\\\/\\\/diariotextual.com\\\/inicio\\\/index.php\\\/2024\\\/12\\\/20\\\/malas-noticias-para-franco-colapinto-isack-hadjar-tomara-el-segundo-asiento-de-racing-bulls-en-2025\\\/#primaryimage\",\"url\":\"https:\\\/\\\/diariotextual.com\\\/inicio\\\/wp-content\\\/uploads\\\/2024\\\/12\\\/colapintofranco2024-1002.jpg\",\"contentUrl\":\"https:\\\/\\\/diariotextual.com\\\/inicio\\\/wp-content\\\/uploads\\\/2024\\\/12\\\/colapintofranco2024-1002.jpg\",\"width\":1500,\"height\":1002},{\"@type\":\"BreadcrumbList\",\"@id\":\"https:\\\/\\\/diariotextual.com\\\/inicio\\\/index.php\\\/2024\\\/12\\\/20\\\/malas-noticias-para-franco-colapinto-isack-hadjar-tomara-el-segundo-asiento-de-racing-bulls-en-2025\\\/#breadcrumb\",\"itemListElement\":[{\"@type\":\"ListItem\",\"position\":1,\"name\":\"Portada\",\"item\":\"https:\\\/\\\/diariotextual.com\\\/inicio\\\/\"},{\"@type\":\"ListItem\",\"position\":2,\"name\":\"Malas noticias para Franco Colapinto: Isack Hadjar tomar\u00e1 el segundo asiento de Racing Bulls en 2025\"}]},{\"@type\":\"WebSite\",\"@id\":\"https:\\\/\\\/diariotextual.com\\\/inicio\\\/#website\",\"url\":\"https:\\\/\\\/diariotextual.com\\\/inicio\\\/\",\"name\":\"Diario Textual\",\"description\":\"\",\"publisher\":{\"@id\":\"https:\\\/\\\/diariotextual.com\\\/inicio\\\/#organization\"},\"potentialAction\":[{\"@type\":\"SearchAction\",\"target\":{\"@type\":\"EntryPoint\",\"urlTemplate\":\"https:\\\/\\\/diariotextual.com\\\/inicio\\\/?s={search_term_string}\"},\"query-input\":{\"@type\":\"PropertyValueSpecification\",\"valueRequired\":true,\"valueName\":\"search_term_string\"}}],\"inLanguage\":\"es\"},{\"@type\":\"Organization\",\"@id\":\"https:\\\/\\\/diariotextual.com\\\/inicio\\\/#organization\",\"name\":\"Diario Textual\",\"url\":\"https:\\\/\\\/diariotextual.com\\\/inicio\\\/\",\"logo\":{\"@type\":\"ImageObject\",\"inLanguage\":\"es\",\"@id\":\"https:\\\/\\\/diariotextual.com\\\/inicio\\\/#\\\/schema\\\/logo\\\/image\\\/\",\"url\":\"https:\\\/\\\/diariotextual.com\\\/inicio\\\/wp-content\\\/uploads\\\/2023\\\/05\\\/logotextual1.jpg\",\"contentUrl\":\"https:\\\/\\\/diariotextual.com\\\/inicio\\\/wp-content\\\/uploads\\\/2023\\\/05\\\/logotextual1.jpg\",\"width\":516,\"height\":76,\"caption\":\"Diario Textual\"},\"image\":{\"@id\":\"https:\\\/\\\/diariotextual.com\\\/inicio\\\/#\\\/schema\\\/logo\\\/image\\\/\"},\"sameAs\":[\"https:\\\/\\\/www.facebook.com\\\/eltextual\",\"https:\\\/\\\/x.com\\\/eltextual\",\"http:\\\/\\\/www.instagram.com\\\/eltextual\"]},{\"@type\":\"Person\",\"@id\":\"https:\\\/\\\/diariotextual.com\\\/inicio\\\/#\\\/schema\\\/person\\\/418fc4093c33e86ed41562db3508f958\",\"name\":\"Diario1 Diario1\",\"image\":{\"@type\":\"ImageObject\",\"inLanguage\":\"es\",\"@id\":\"https:\\\/\\\/secure.gravatar.com\\\/avatar\\\/9167d280179c85bc18be67aa7eda765854300033af4896dd779b608640f2ef7a?s=96&d=mm&r=g\",\"url\":\"https:\\\/\\\/secure.gravatar.com\\\/avatar\\\/9167d280179c85bc18be67aa7eda765854300033af4896dd779b608640f2ef7a?s=96&d=mm&r=g\",\"contentUrl\":\"https:\\\/\\\/secure.gravatar.com\\\/avatar\\\/9167d280179c85bc18be67aa7eda765854300033af4896dd779b608640f2ef7a?s=96&d=mm&r=g\",\"caption\":\"Diario1 Diario1\"},\"url\":\"https:\\\/\\\/diariotextual.com\\\/inicio\\\/index.php\\\/author\\\/diario1\\\/\"}]}<\/script>\n<!-- \/ Yoast SEO plugin. -->","yoast_head_json":{"title":"Malas noticias para Franco Colapinto: Isack Hadjar tomar\u00e1 el segundo asiento de Racing Bulls en 2025 - Diario Textual","robots":{"index":"index","follow":"follow","max-snippet":"max-snippet:-1","max-image-preview":"max-image-preview:large","max-video-preview":"max-video-preview:-1"},"canonical":"https:\/\/diariotextual.com\/inicio\/index.php\/2024\/12\/20\/malas-noticias-para-franco-colapinto-isack-hadjar-tomara-el-segundo-asiento-de-racing-bulls-en-2025\/","og_locale":"es_ES","og_type":"article","og_title":"Malas noticias para Franco Colapinto: Isack Hadjar tomar\u00e1 el segundo asiento de Racing Bulls en 2025 - Diario Textual","og_description":"La escuder\u00eda Racing Bulls (RB) anunci\u00f3 el fichaje de Isack Hadjar&nbsp;para la temporada 2025 de F\u00f3rmula 1, completando as\u00ed la alineaci\u00f3n de pilotos para la pr\u00f3xima temporada del campeonato del&hellip;","og_url":"https:\/\/diariotextual.com\/inicio\/index.php\/2024\/12\/20\/malas-noticias-para-franco-colapinto-isack-hadjar-tomara-el-segundo-asiento-de-racing-bulls-en-2025\/","og_site_name":"Diario Textual","article_publisher":"https:\/\/www.facebook.com\/eltextual","article_published_time":"2024-12-20T12:23:17+00:00","article_modified_time":"2024-12-20T12:23:38+00:00","og_image":[{"width":1500,"height":1002,"url":"https:\/\/diariotextual.com\/inicio\/wp-content\/uploads\/2024\/12\/colapintofranco2024-1002.jpg","type":"image\/jpeg"}],"author":"Diario1 Diario1","twitter_card":"summary_large_image","twitter_creator":"@eltextual","twitter_site":"@eltextual","twitter_misc":{"Escrito por":"Diario1 Diario1","Tiempo de lectura":"3 minutos"},"schema":{"@context":"https:\/\/schema.org","@graph":[{"@type":"Article","@id":"https:\/\/diariotextual.com\/inicio\/index.php\/2024\/12\/20\/malas-noticias-para-franco-colapinto-isack-hadjar-tomara-el-segundo-asiento-de-racing-bulls-en-2025\/#article","isPartOf":{"@id":"https:\/\/diariotextual.com\/inicio\/index.php\/2024\/12\/20\/malas-noticias-para-franco-colapinto-isack-hadjar-tomara-el-segundo-asiento-de-racing-bulls-en-2025\/"},"author":{"name":"Diario1 Diario1","@id":"https:\/\/diariotextual.com\/inicio\/#\/schema\/person\/418fc4093c33e86ed41562db3508f958"},"headline":"Malas noticias para Franco Colapinto: Isack Hadjar tomar\u00e1 el segundo asiento de Racing Bulls en 2025","datePublished":"2024-12-20T12:23:17+00:00","dateModified":"2024-12-20T12:23:38+00:00","mainEntityOfPage":{"@id":"https:\/\/diariotextual.com\/inicio\/index.php\/2024\/12\/20\/malas-noticias-para-franco-colapinto-isack-hadjar-tomara-el-segundo-asiento-de-racing-bulls-en-2025\/"},"wordCount":662,"publisher":{"@id":"https:\/\/diariotextual.com\/inicio\/#organization"},"image":{"@id":"https:\/\/diariotextual.com\/inicio\/index.php\/2024\/12\/20\/malas-noticias-para-franco-colapinto-isack-hadjar-tomara-el-segundo-asiento-de-racing-bulls-en-2025\/#primaryimage"},"thumbnailUrl":"https:\/\/diariotextual.com\/inicio\/wp-content\/uploads\/2024\/12\/colapintofranco2024-1002.jpg","articleSection":["A - ES NOTICIA (van abajo)","DEPORTES"],"inLanguage":"es"},{"@type":"WebPage","@id":"https:\/\/diariotextual.com\/inicio\/index.php\/2024\/12\/20\/malas-noticias-para-franco-colapinto-isack-hadjar-tomara-el-segundo-asiento-de-racing-bulls-en-2025\/","url":"https:\/\/diariotextual.com\/inicio\/index.php\/2024\/12\/20\/malas-noticias-para-franco-colapinto-isack-hadjar-tomara-el-segundo-asiento-de-racing-bulls-en-2025\/","name":"Malas noticias para Franco Colapinto: Isack Hadjar tomar\u00e1 el segundo asiento de Racing Bulls en 2025 - Diario Textual","isPartOf":{"@id":"https:\/\/diariotextual.com\/inicio\/#website"},"primaryImageOfPage":{"@id":"https:\/\/diariotextual.com\/inicio\/index.php\/2024\/12\/20\/malas-noticias-para-franco-colapinto-isack-hadjar-tomara-el-segundo-asiento-de-racing-bulls-en-2025\/#primaryimage"},"image":{"@id":"https:\/\/diariotextual.com\/inicio\/index.php\/2024\/12\/20\/malas-noticias-para-franco-colapinto-isack-hadjar-tomara-el-segundo-asiento-de-racing-bulls-en-2025\/#primaryimage"},"thumbnailUrl":"https:\/\/diariotextual.com\/inicio\/wp-content\/uploads\/2024\/12\/colapintofranco2024-1002.jpg","datePublished":"2024-12-20T12:23:17+00:00","dateModified":"2024-12-20T12:23:38+00:00","breadcrumb":{"@id":"https:\/\/diariotextual.com\/inicio\/index.php\/2024\/12\/20\/malas-noticias-para-franco-colapinto-isack-hadjar-tomara-el-segundo-asiento-de-racing-bulls-en-2025\/#breadcrumb"},"inLanguage":"es","potentialAction":[{"@type":"ReadAction","target":["https:\/\/diariotextual.com\/inicio\/index.php\/2024\/12\/20\/malas-noticias-para-franco-colapinto-isack-hadjar-tomara-el-segundo-asiento-de-racing-bulls-en-2025\/"]}]},{"@type":"ImageObject","inLanguage":"es","@id":"https:\/\/diariotextual.com\/inicio\/index.php\/2024\/12\/20\/malas-noticias-para-franco-colapinto-isack-hadjar-tomara-el-segundo-asiento-de-racing-bulls-en-2025\/#primaryimage","url":"https:\/\/diariotextual.com\/inicio\/wp-content\/uploads\/2024\/12\/colapintofranco2024-1002.jpg","contentUrl":"https:\/\/diariotextual.com\/inicio\/wp-content\/uploads\/2024\/12\/colapintofranco2024-1002.jpg","width":1500,"height":1002},{"@type":"BreadcrumbList","@id":"https:\/\/diariotextual.com\/inicio\/index.php\/2024\/12\/20\/malas-noticias-para-franco-colapinto-isack-hadjar-tomara-el-segundo-asiento-de-racing-bulls-en-2025\/#breadcrumb","itemListElement":[{"@type":"ListItem","position":1,"name":"Portada","item":"https:\/\/diariotextual.com\/inicio\/"},{"@type":"ListItem","position":2,"name":"Malas noticias para Franco Colapinto: Isack Hadjar tomar\u00e1 el segundo asiento de Racing Bulls en 2025"}]},{"@type":"WebSite","@id":"https:\/\/diariotextual.com\/inicio\/#website","url":"https:\/\/diariotextual.com\/inicio\/","name":"Diario Textual","description":"","publisher":{"@id":"https:\/\/diariotextual.com\/inicio\/#organization"},"potentialAction":[{"@type":"SearchAction","target":{"@type":"EntryPoint","urlTemplate":"https:\/\/diariotextual.com\/inicio\/?s={search_term_string}"},"query-input":{"@type":"PropertyValueSpecification","valueRequired":true,"valueName":"search_term_string"}}],"inLanguage":"es"},{"@type":"Organization","@id":"https:\/\/diariotextual.com\/inicio\/#organization","name":"Diario Textual","url":"https:\/\/diariotextual.com\/inicio\/","logo":{"@type":"ImageObject","inLanguage":"es","@id":"https:\/\/diariotextual.com\/inicio\/#\/schema\/logo\/image\/","url":"https:\/\/diariotextual.com\/inicio\/wp-content\/uploads\/2023\/05\/logotextual1.jpg","contentUrl":"https:\/\/diariotextual.com\/inicio\/wp-content\/uploads\/2023\/05\/logotextual1.jpg","width":516,"height":76,"caption":"Diario Textual"},"image":{"@id":"https:\/\/diariotextual.com\/inicio\/#\/schema\/logo\/image\/"},"sameAs":["https:\/\/www.facebook.com\/eltextual","https:\/\/x.com\/eltextual","http:\/\/www.instagram.com\/eltextual"]},{"@type":"Person","@id":"https:\/\/diariotextual.com\/inicio\/#\/schema\/person\/418fc4093c33e86ed41562db3508f958","name":"Diario1 Diario1","image":{"@type":"ImageObject","inLanguage":"es","@id":"https:\/\/secure.gravatar.com\/avatar\/9167d280179c85bc18be67aa7eda765854300033af4896dd779b608640f2ef7a?s=96&d=mm&r=g","url":"https:\/\/secure.gravatar.com\/avatar\/9167d280179c85bc18be67aa7eda765854300033af4896dd779b608640f2ef7a?s=96&d=mm&r=g","contentUrl":"https:\/\/secure.gravatar.com\/avatar\/9167d280179c85bc18be67aa7eda765854300033af4896dd779b608640f2ef7a?s=96&d=mm&r=g","caption":"Diario1 Diario1"},"url":"https:\/\/diariotextual.com\/inicio\/index.php\/author\/diario1\/"}]}},"_links":{"self":[{"href":"https:\/\/diariotextual.com\/inicio\/index.php\/wp-json\/wp\/v2\/posts\/284693","targetHints":{"allow":["GET"]}}],"collection":[{"href":"https:\/\/diariotextual.com\/inicio\/index.php\/wp-json\/wp\/v2\/posts"}],"about":[{"href":"https:\/\/diariotextual.com\/inicio\/index.php\/wp-json\/wp\/v2\/types\/post"}],"author":[{"embeddable":true,"href":"https:\/\/diariotextual.com\/inicio\/index.php\/wp-json\/wp\/v2\/users\/3"}],"replies":[{"embeddable":true,"href":"https:\/\/diariotextual.com\/inicio\/index.php\/wp-json\/wp\/v2\/comments?post=284693"}],"version-history":[{"count":2,"href":"https:\/\/diariotextual.com\/inicio\/index.php\/wp-json\/wp\/v2\/posts\/284693\/revisions"}],"predecessor-version":[{"id":284695,"href":"https:\/\/diariotextual.com\/inicio\/index.php\/wp-json\/wp\/v2\/posts\/284693\/revisions\/284695"}],"wp:featuredmedia":[{"embeddable":true,"href":"https:\/\/diariotextual.com\/inicio\/index.php\/wp-json\/wp\/v2\/media\/283409"}],"wp:attachment":[{"href":"https:\/\/diariotextual.com\/inicio\/index.php\/wp-json\/wp\/v2\/media?parent=284693"}],"wp:term":[{"taxonomy":"category","embeddable":true,"href":"https:\/\/diariotextual.com\/inicio\/index.php\/wp-json\/wp\/v2\/categories?post=284693"},{"taxonomy":"post_tag","embeddable":true,"href":"https:\/\/diariotextual.com\/inicio\/index.php\/wp-json\/wp\/v2\/tags?post=284693"}],"curies":[{"name":"wp","href":"https:\/\/api.w.org\/{rel}","templated":true}]}}