{"id":285353,"date":"2024-12-30T13:13:41","date_gmt":"2024-12-30T16:13:41","guid":{"rendered":"https:\/\/diariotextual.com\/inicio\/?p=285353"},"modified":"2024-12-30T16:24:24","modified_gmt":"2024-12-30T19:24:24","slug":"el-chelsea-solicito-que-el-pampeano-aaron-anselmino-se-sume-al-club-desde-enero","status":"publish","type":"post","link":"https:\/\/diariotextual.com\/inicio\/index.php\/2024\/12\/30\/el-chelsea-solicito-que-el-pampeano-aaron-anselmino-se-sume-al-club-desde-enero\/","title":{"rendered":"El Chelsea solicit\u00f3 que el pampeano Aaron Anselmino se sume al club desde enero"},"content":{"rendered":"\n<p>A pocos d\u00edas de comenzar la pretemporada, marcada para el pr\u00f3ximo jueves 2 de enero en el predio de Ezeiza,\u00a0<strong>Fernando Gago<\/strong>\u00a0ya sabe que no podr\u00e1 contar con una de las j\u00f3venes figuras del plantel. En las \u00faltimas horas,\u00a0<strong>el Chelsea se comunic\u00f3 con Boca Juniors y solicit\u00f3 que el pampeano Aaron Anselmino se sume a partir de 2025<\/strong>\u00a0al conjunto que milita en la Premier League.<\/p>\n\n\n\n<p>As\u00ed lo comunic\u00f3 la cuenta\u00a0<em>Esto es Boca<\/em>\u00a0en las redes, que se encarga de notificar sobre las altas y bajas de los futbolistas del Xeneize. \u201cBoca recibi\u00f3 la notificaci\u00f3n de Chelsea para activar la cl\u00e1usula de repesca de Aar\u00f3n Anselmino, quien continuar\u00e1 su carrera en el club ingl\u00e9s a partir del 1 de enero\u201d, citaron.<\/p>\n\n\n\n<p>Hay que recordar que el oriundo de <strong>Bernardo Larroud\u00e9<\/strong> fue<strong> transferido al seis veces campe\u00f3n de la Premier League por 21 millones de d\u00f3lares<\/strong>. Tras la transferencia, la instituci\u00f3n que preside\u00a0<strong>Juan Rom\u00e1n Riquelme<\/strong>\u00a0se asegur\u00f3 al defensor un pr\u00e9stamo por un a\u00f1o con una cl\u00e1usula de salida ejecutable hasta el 15 de enero pr\u00f3ximo. Finalmente, esa notificaci\u00f3n lleg\u00f3 a las oficinas de Brandsen 805 y Aaron deber\u00e1 viajar a Londres para sumarse bajo las \u00f3rdenes de Enzo Maresca.<\/p>\n\n\n\n<p>La repesca de Anselmino llega pocos d\u00edas despu\u00e9s de haber sido citado por primera vez en su carrera a las selecciones juveniles de Argentina de cara al Sudamericano Sub 20 que se jugar\u00e1 desde fines de enero y hasta principios de febrero en Venezuela. En este contexto, se espera que la pr\u00f3xima semana el DT Diego Placente haga oficial la lista con los 23 que viajar\u00e1n a territorio venezolano y habr\u00e1 que ver si el DT italiano de The Blues habilitar\u00e1 al marcador central a ser parte de la n\u00f3mina final.<\/p>\n\n\n\n<p><\/p>\n\n\n\n<p><\/p>\n\n\n\n<p><\/p>\n","protected":false},"excerpt":{"rendered":"<p>A pocos d\u00edas de comenzar la pretemporada, marcada para el pr\u00f3ximo jueves 2 de enero en el predio de Ezeiza,\u00a0Fernando Gago\u00a0ya sabe que no podr\u00e1 contar con una de las&hellip;<\/p>\n","protected":false},"author":3,"featured_media":259612,"comment_status":"closed","ping_status":"open","sticky":false,"template":"","format":"standard","meta":{"_acf_changed":false,"footnotes":""},"categories":[1,3],"tags":[],"class_list":["post-285353","post","type-post","status-publish","format-standard","has-post-thumbnail","hentry","category-es-noticia","category-deportes"],"acf":[],"yoast_head":"<!-- This site is optimized with the Yoast SEO plugin v27.5 - https:\/\/yoast.com\/product\/yoast-seo-wordpress\/ -->\n<title>El Chelsea solicit\u00f3 que el pampeano Aaron Anselmino se sume al club desde enero - Diario Textual<\/title>\n<meta name=\"robots\" content=\"index, follow, max-snippet:-1, max-image-preview:large, max-video-preview:-1\" \/>\n<link rel=\"canonical\" href=\"https:\/\/diariotextual.com\/inicio\/index.php\/2024\/12\/30\/el-chelsea-solicito-que-el-pampeano-aaron-anselmino-se-sume-al-club-desde-enero\/\" \/>\n<meta property=\"og:locale\" content=\"es_ES\" \/>\n<meta property=\"og:type\" content=\"article\" \/>\n<meta property=\"og:title\" content=\"El Chelsea solicit\u00f3 que el pampeano Aaron Anselmino se sume al club desde enero - Diario Textual\" \/>\n<meta property=\"og:description\" content=\"A pocos d\u00edas de comenzar la pretemporada, marcada para el pr\u00f3ximo jueves 2 de enero en el predio de Ezeiza,\u00a0Fernando Gago\u00a0ya sabe que no podr\u00e1 contar con una de las&hellip;\" \/>\n<meta property=\"og:url\" content=\"https:\/\/diariotextual.com\/inicio\/index.php\/2024\/12\/30\/el-chelsea-solicito-que-el-pampeano-aaron-anselmino-se-sume-al-club-desde-enero\/\" \/>\n<meta property=\"og:site_name\" content=\"Diario Textual\" \/>\n<meta property=\"article:publisher\" content=\"https:\/\/www.facebook.com\/eltextual\" \/>\n<meta property=\"article:published_time\" content=\"2024-12-30T16:13:41+00:00\" \/>\n<meta property=\"article:modified_time\" content=\"2024-12-30T19:24:24+00:00\" \/>\n<meta property=\"og:image\" content=\"https:\/\/diariotextual.com\/inicio\/wp-content\/uploads\/2024\/04\/anselminoaaron2024-3.jpg\" \/>\n\t<meta property=\"og:image:width\" content=\"1500\" \/>\n\t<meta property=\"og:image:height\" content=\"1076\" \/>\n\t<meta property=\"og:image:type\" content=\"image\/jpeg\" \/>\n<meta name=\"author\" content=\"Diario1 Diario1\" \/>\n<meta name=\"twitter:card\" content=\"summary_large_image\" \/>\n<meta name=\"twitter:creator\" content=\"@eltextual\" \/>\n<meta name=\"twitter:site\" content=\"@eltextual\" \/>\n<meta name=\"twitter:label1\" content=\"Escrito por\" \/>\n\t<meta name=\"twitter:data1\" content=\"Diario1 Diario1\" \/>\n\t<meta name=\"twitter:label2\" content=\"Tiempo de lectura\" \/>\n\t<meta name=\"twitter:data2\" content=\"2 minutos\" \/>\n<script type=\"application\/ld+json\" class=\"yoast-schema-graph\">{\"@context\":\"https:\\\/\\\/schema.org\",\"@graph\":[{\"@type\":\"Article\",\"@id\":\"https:\\\/\\\/diariotextual.com\\\/inicio\\\/index.php\\\/2024\\\/12\\\/30\\\/el-chelsea-solicito-que-el-pampeano-aaron-anselmino-se-sume-al-club-desde-enero\\\/#article\",\"isPartOf\":{\"@id\":\"https:\\\/\\\/diariotextual.com\\\/inicio\\\/index.php\\\/2024\\\/12\\\/30\\\/el-chelsea-solicito-que-el-pampeano-aaron-anselmino-se-sume-al-club-desde-enero\\\/\"},\"author\":{\"name\":\"Diario1 Diario1\",\"@id\":\"https:\\\/\\\/diariotextual.com\\\/inicio\\\/#\\\/schema\\\/person\\\/418fc4093c33e86ed41562db3508f958\"},\"headline\":\"El Chelsea solicit\u00f3 que el pampeano Aaron Anselmino se sume al club desde enero\",\"datePublished\":\"2024-12-30T16:13:41+00:00\",\"dateModified\":\"2024-12-30T19:24:24+00:00\",\"mainEntityOfPage\":{\"@id\":\"https:\\\/\\\/diariotextual.com\\\/inicio\\\/index.php\\\/2024\\\/12\\\/30\\\/el-chelsea-solicito-que-el-pampeano-aaron-anselmino-se-sume-al-club-desde-enero\\\/\"},\"wordCount\":321,\"publisher\":{\"@id\":\"https:\\\/\\\/diariotextual.com\\\/inicio\\\/#organization\"},\"image\":{\"@id\":\"https:\\\/\\\/diariotextual.com\\\/inicio\\\/index.php\\\/2024\\\/12\\\/30\\\/el-chelsea-solicito-que-el-pampeano-aaron-anselmino-se-sume-al-club-desde-enero\\\/#primaryimage\"},\"thumbnailUrl\":\"https:\\\/\\\/diariotextual.com\\\/inicio\\\/wp-content\\\/uploads\\\/2024\\\/04\\\/anselminoaaron2024-3.jpg\",\"articleSection\":[\"A - ES NOTICIA (van abajo)\",\"DEPORTES\"],\"inLanguage\":\"es\"},{\"@type\":\"WebPage\",\"@id\":\"https:\\\/\\\/diariotextual.com\\\/inicio\\\/index.php\\\/2024\\\/12\\\/30\\\/el-chelsea-solicito-que-el-pampeano-aaron-anselmino-se-sume-al-club-desde-enero\\\/\",\"url\":\"https:\\\/\\\/diariotextual.com\\\/inicio\\\/index.php\\\/2024\\\/12\\\/30\\\/el-chelsea-solicito-que-el-pampeano-aaron-anselmino-se-sume-al-club-desde-enero\\\/\",\"name\":\"El Chelsea solicit\u00f3 que el pampeano Aaron Anselmino se sume al club desde enero - Diario Textual\",\"isPartOf\":{\"@id\":\"https:\\\/\\\/diariotextual.com\\\/inicio\\\/#website\"},\"primaryImageOfPage\":{\"@id\":\"https:\\\/\\\/diariotextual.com\\\/inicio\\\/index.php\\\/2024\\\/12\\\/30\\\/el-chelsea-solicito-que-el-pampeano-aaron-anselmino-se-sume-al-club-desde-enero\\\/#primaryimage\"},\"image\":{\"@id\":\"https:\\\/\\\/diariotextual.com\\\/inicio\\\/index.php\\\/2024\\\/12\\\/30\\\/el-chelsea-solicito-que-el-pampeano-aaron-anselmino-se-sume-al-club-desde-enero\\\/#primaryimage\"},\"thumbnailUrl\":\"https:\\\/\\\/diariotextual.com\\\/inicio\\\/wp-content\\\/uploads\\\/2024\\\/04\\\/anselminoaaron2024-3.jpg\",\"datePublished\":\"2024-12-30T16:13:41+00:00\",\"dateModified\":\"2024-12-30T19:24:24+00:00\",\"breadcrumb\":{\"@id\":\"https:\\\/\\\/diariotextual.com\\\/inicio\\\/index.php\\\/2024\\\/12\\\/30\\\/el-chelsea-solicito-que-el-pampeano-aaron-anselmino-se-sume-al-club-desde-enero\\\/#breadcrumb\"},\"inLanguage\":\"es\",\"potentialAction\":[{\"@type\":\"ReadAction\",\"target\":[\"https:\\\/\\\/diariotextual.com\\\/inicio\\\/index.php\\\/2024\\\/12\\\/30\\\/el-chelsea-solicito-que-el-pampeano-aaron-anselmino-se-sume-al-club-desde-enero\\\/\"]}]},{\"@type\":\"ImageObject\",\"inLanguage\":\"es\",\"@id\":\"https:\\\/\\\/diariotextual.com\\\/inicio\\\/index.php\\\/2024\\\/12\\\/30\\\/el-chelsea-solicito-que-el-pampeano-aaron-anselmino-se-sume-al-club-desde-enero\\\/#primaryimage\",\"url\":\"https:\\\/\\\/diariotextual.com\\\/inicio\\\/wp-content\\\/uploads\\\/2024\\\/04\\\/anselminoaaron2024-3.jpg\",\"contentUrl\":\"https:\\\/\\\/diariotextual.com\\\/inicio\\\/wp-content\\\/uploads\\\/2024\\\/04\\\/anselminoaaron2024-3.jpg\",\"width\":1500,\"height\":1076},{\"@type\":\"BreadcrumbList\",\"@id\":\"https:\\\/\\\/diariotextual.com\\\/inicio\\\/index.php\\\/2024\\\/12\\\/30\\\/el-chelsea-solicito-que-el-pampeano-aaron-anselmino-se-sume-al-club-desde-enero\\\/#breadcrumb\",\"itemListElement\":[{\"@type\":\"ListItem\",\"position\":1,\"name\":\"Portada\",\"item\":\"https:\\\/\\\/diariotextual.com\\\/inicio\\\/\"},{\"@type\":\"ListItem\",\"position\":2,\"name\":\"El Chelsea solicit\u00f3 que el pampeano Aaron Anselmino se sume al club desde enero\"}]},{\"@type\":\"WebSite\",\"@id\":\"https:\\\/\\\/diariotextual.com\\\/inicio\\\/#website\",\"url\":\"https:\\\/\\\/diariotextual.com\\\/inicio\\\/\",\"name\":\"Diario Textual\",\"description\":\"\",\"publisher\":{\"@id\":\"https:\\\/\\\/diariotextual.com\\\/inicio\\\/#organization\"},\"potentialAction\":[{\"@type\":\"SearchAction\",\"target\":{\"@type\":\"EntryPoint\",\"urlTemplate\":\"https:\\\/\\\/diariotextual.com\\\/inicio\\\/?s={search_term_string}\"},\"query-input\":{\"@type\":\"PropertyValueSpecification\",\"valueRequired\":true,\"valueName\":\"search_term_string\"}}],\"inLanguage\":\"es\"},{\"@type\":\"Organization\",\"@id\":\"https:\\\/\\\/diariotextual.com\\\/inicio\\\/#organization\",\"name\":\"Diario Textual\",\"url\":\"https:\\\/\\\/diariotextual.com\\\/inicio\\\/\",\"logo\":{\"@type\":\"ImageObject\",\"inLanguage\":\"es\",\"@id\":\"https:\\\/\\\/diariotextual.com\\\/inicio\\\/#\\\/schema\\\/logo\\\/image\\\/\",\"url\":\"https:\\\/\\\/diariotextual.com\\\/inicio\\\/wp-content\\\/uploads\\\/2023\\\/05\\\/logotextual1.jpg\",\"contentUrl\":\"https:\\\/\\\/diariotextual.com\\\/inicio\\\/wp-content\\\/uploads\\\/2023\\\/05\\\/logotextual1.jpg\",\"width\":516,\"height\":76,\"caption\":\"Diario Textual\"},\"image\":{\"@id\":\"https:\\\/\\\/diariotextual.com\\\/inicio\\\/#\\\/schema\\\/logo\\\/image\\\/\"},\"sameAs\":[\"https:\\\/\\\/www.facebook.com\\\/eltextual\",\"https:\\\/\\\/x.com\\\/eltextual\",\"http:\\\/\\\/www.instagram.com\\\/eltextual\"]},{\"@type\":\"Person\",\"@id\":\"https:\\\/\\\/diariotextual.com\\\/inicio\\\/#\\\/schema\\\/person\\\/418fc4093c33e86ed41562db3508f958\",\"name\":\"Diario1 Diario1\",\"image\":{\"@type\":\"ImageObject\",\"inLanguage\":\"es\",\"@id\":\"https:\\\/\\\/secure.gravatar.com\\\/avatar\\\/9167d280179c85bc18be67aa7eda765854300033af4896dd779b608640f2ef7a?s=96&d=mm&r=g\",\"url\":\"https:\\\/\\\/secure.gravatar.com\\\/avatar\\\/9167d280179c85bc18be67aa7eda765854300033af4896dd779b608640f2ef7a?s=96&d=mm&r=g\",\"contentUrl\":\"https:\\\/\\\/secure.gravatar.com\\\/avatar\\\/9167d280179c85bc18be67aa7eda765854300033af4896dd779b608640f2ef7a?s=96&d=mm&r=g\",\"caption\":\"Diario1 Diario1\"},\"url\":\"https:\\\/\\\/diariotextual.com\\\/inicio\\\/index.php\\\/author\\\/diario1\\\/\"}]}<\/script>\n<!-- \/ Yoast SEO plugin. -->","yoast_head_json":{"title":"El Chelsea solicit\u00f3 que el pampeano Aaron Anselmino se sume al club desde enero - Diario Textual","robots":{"index":"index","follow":"follow","max-snippet":"max-snippet:-1","max-image-preview":"max-image-preview:large","max-video-preview":"max-video-preview:-1"},"canonical":"https:\/\/diariotextual.com\/inicio\/index.php\/2024\/12\/30\/el-chelsea-solicito-que-el-pampeano-aaron-anselmino-se-sume-al-club-desde-enero\/","og_locale":"es_ES","og_type":"article","og_title":"El Chelsea solicit\u00f3 que el pampeano Aaron Anselmino se sume al club desde enero - Diario Textual","og_description":"A pocos d\u00edas de comenzar la pretemporada, marcada para el pr\u00f3ximo jueves 2 de enero en el predio de Ezeiza,\u00a0Fernando Gago\u00a0ya sabe que no podr\u00e1 contar con una de las&hellip;","og_url":"https:\/\/diariotextual.com\/inicio\/index.php\/2024\/12\/30\/el-chelsea-solicito-que-el-pampeano-aaron-anselmino-se-sume-al-club-desde-enero\/","og_site_name":"Diario Textual","article_publisher":"https:\/\/www.facebook.com\/eltextual","article_published_time":"2024-12-30T16:13:41+00:00","article_modified_time":"2024-12-30T19:24:24+00:00","og_image":[{"width":1500,"height":1076,"url":"https:\/\/diariotextual.com\/inicio\/wp-content\/uploads\/2024\/04\/anselminoaaron2024-3.jpg","type":"image\/jpeg"}],"author":"Diario1 Diario1","twitter_card":"summary_large_image","twitter_creator":"@eltextual","twitter_site":"@eltextual","twitter_misc":{"Escrito por":"Diario1 Diario1","Tiempo de lectura":"2 minutos"},"schema":{"@context":"https:\/\/schema.org","@graph":[{"@type":"Article","@id":"https:\/\/diariotextual.com\/inicio\/index.php\/2024\/12\/30\/el-chelsea-solicito-que-el-pampeano-aaron-anselmino-se-sume-al-club-desde-enero\/#article","isPartOf":{"@id":"https:\/\/diariotextual.com\/inicio\/index.php\/2024\/12\/30\/el-chelsea-solicito-que-el-pampeano-aaron-anselmino-se-sume-al-club-desde-enero\/"},"author":{"name":"Diario1 Diario1","@id":"https:\/\/diariotextual.com\/inicio\/#\/schema\/person\/418fc4093c33e86ed41562db3508f958"},"headline":"El Chelsea solicit\u00f3 que el pampeano Aaron Anselmino se sume al club desde enero","datePublished":"2024-12-30T16:13:41+00:00","dateModified":"2024-12-30T19:24:24+00:00","mainEntityOfPage":{"@id":"https:\/\/diariotextual.com\/inicio\/index.php\/2024\/12\/30\/el-chelsea-solicito-que-el-pampeano-aaron-anselmino-se-sume-al-club-desde-enero\/"},"wordCount":321,"publisher":{"@id":"https:\/\/diariotextual.com\/inicio\/#organization"},"image":{"@id":"https:\/\/diariotextual.com\/inicio\/index.php\/2024\/12\/30\/el-chelsea-solicito-que-el-pampeano-aaron-anselmino-se-sume-al-club-desde-enero\/#primaryimage"},"thumbnailUrl":"https:\/\/diariotextual.com\/inicio\/wp-content\/uploads\/2024\/04\/anselminoaaron2024-3.jpg","articleSection":["A - ES NOTICIA (van abajo)","DEPORTES"],"inLanguage":"es"},{"@type":"WebPage","@id":"https:\/\/diariotextual.com\/inicio\/index.php\/2024\/12\/30\/el-chelsea-solicito-que-el-pampeano-aaron-anselmino-se-sume-al-club-desde-enero\/","url":"https:\/\/diariotextual.com\/inicio\/index.php\/2024\/12\/30\/el-chelsea-solicito-que-el-pampeano-aaron-anselmino-se-sume-al-club-desde-enero\/","name":"El Chelsea solicit\u00f3 que el pampeano Aaron Anselmino se sume al club desde enero - Diario Textual","isPartOf":{"@id":"https:\/\/diariotextual.com\/inicio\/#website"},"primaryImageOfPage":{"@id":"https:\/\/diariotextual.com\/inicio\/index.php\/2024\/12\/30\/el-chelsea-solicito-que-el-pampeano-aaron-anselmino-se-sume-al-club-desde-enero\/#primaryimage"},"image":{"@id":"https:\/\/diariotextual.com\/inicio\/index.php\/2024\/12\/30\/el-chelsea-solicito-que-el-pampeano-aaron-anselmino-se-sume-al-club-desde-enero\/#primaryimage"},"thumbnailUrl":"https:\/\/diariotextual.com\/inicio\/wp-content\/uploads\/2024\/04\/anselminoaaron2024-3.jpg","datePublished":"2024-12-30T16:13:41+00:00","dateModified":"2024-12-30T19:24:24+00:00","breadcrumb":{"@id":"https:\/\/diariotextual.com\/inicio\/index.php\/2024\/12\/30\/el-chelsea-solicito-que-el-pampeano-aaron-anselmino-se-sume-al-club-desde-enero\/#breadcrumb"},"inLanguage":"es","potentialAction":[{"@type":"ReadAction","target":["https:\/\/diariotextual.com\/inicio\/index.php\/2024\/12\/30\/el-chelsea-solicito-que-el-pampeano-aaron-anselmino-se-sume-al-club-desde-enero\/"]}]},{"@type":"ImageObject","inLanguage":"es","@id":"https:\/\/diariotextual.com\/inicio\/index.php\/2024\/12\/30\/el-chelsea-solicito-que-el-pampeano-aaron-anselmino-se-sume-al-club-desde-enero\/#primaryimage","url":"https:\/\/diariotextual.com\/inicio\/wp-content\/uploads\/2024\/04\/anselminoaaron2024-3.jpg","contentUrl":"https:\/\/diariotextual.com\/inicio\/wp-content\/uploads\/2024\/04\/anselminoaaron2024-3.jpg","width":1500,"height":1076},{"@type":"BreadcrumbList","@id":"https:\/\/diariotextual.com\/inicio\/index.php\/2024\/12\/30\/el-chelsea-solicito-que-el-pampeano-aaron-anselmino-se-sume-al-club-desde-enero\/#breadcrumb","itemListElement":[{"@type":"ListItem","position":1,"name":"Portada","item":"https:\/\/diariotextual.com\/inicio\/"},{"@type":"ListItem","position":2,"name":"El Chelsea solicit\u00f3 que el pampeano Aaron Anselmino se sume al club desde enero"}]},{"@type":"WebSite","@id":"https:\/\/diariotextual.com\/inicio\/#website","url":"https:\/\/diariotextual.com\/inicio\/","name":"Diario Textual","description":"","publisher":{"@id":"https:\/\/diariotextual.com\/inicio\/#organization"},"potentialAction":[{"@type":"SearchAction","target":{"@type":"EntryPoint","urlTemplate":"https:\/\/diariotextual.com\/inicio\/?s={search_term_string}"},"query-input":{"@type":"PropertyValueSpecification","valueRequired":true,"valueName":"search_term_string"}}],"inLanguage":"es"},{"@type":"Organization","@id":"https:\/\/diariotextual.com\/inicio\/#organization","name":"Diario Textual","url":"https:\/\/diariotextual.com\/inicio\/","logo":{"@type":"ImageObject","inLanguage":"es","@id":"https:\/\/diariotextual.com\/inicio\/#\/schema\/logo\/image\/","url":"https:\/\/diariotextual.com\/inicio\/wp-content\/uploads\/2023\/05\/logotextual1.jpg","contentUrl":"https:\/\/diariotextual.com\/inicio\/wp-content\/uploads\/2023\/05\/logotextual1.jpg","width":516,"height":76,"caption":"Diario Textual"},"image":{"@id":"https:\/\/diariotextual.com\/inicio\/#\/schema\/logo\/image\/"},"sameAs":["https:\/\/www.facebook.com\/eltextual","https:\/\/x.com\/eltextual","http:\/\/www.instagram.com\/eltextual"]},{"@type":"Person","@id":"https:\/\/diariotextual.com\/inicio\/#\/schema\/person\/418fc4093c33e86ed41562db3508f958","name":"Diario1 Diario1","image":{"@type":"ImageObject","inLanguage":"es","@id":"https:\/\/secure.gravatar.com\/avatar\/9167d280179c85bc18be67aa7eda765854300033af4896dd779b608640f2ef7a?s=96&d=mm&r=g","url":"https:\/\/secure.gravatar.com\/avatar\/9167d280179c85bc18be67aa7eda765854300033af4896dd779b608640f2ef7a?s=96&d=mm&r=g","contentUrl":"https:\/\/secure.gravatar.com\/avatar\/9167d280179c85bc18be67aa7eda765854300033af4896dd779b608640f2ef7a?s=96&d=mm&r=g","caption":"Diario1 Diario1"},"url":"https:\/\/diariotextual.com\/inicio\/index.php\/author\/diario1\/"}]}},"_links":{"self":[{"href":"https:\/\/diariotextual.com\/inicio\/index.php\/wp-json\/wp\/v2\/posts\/285353","targetHints":{"allow":["GET"]}}],"collection":[{"href":"https:\/\/diariotextual.com\/inicio\/index.php\/wp-json\/wp\/v2\/posts"}],"about":[{"href":"https:\/\/diariotextual.com\/inicio\/index.php\/wp-json\/wp\/v2\/types\/post"}],"author":[{"embeddable":true,"href":"https:\/\/diariotextual.com\/inicio\/index.php\/wp-json\/wp\/v2\/users\/3"}],"replies":[{"embeddable":true,"href":"https:\/\/diariotextual.com\/inicio\/index.php\/wp-json\/wp\/v2\/comments?post=285353"}],"version-history":[{"count":1,"href":"https:\/\/diariotextual.com\/inicio\/index.php\/wp-json\/wp\/v2\/posts\/285353\/revisions"}],"predecessor-version":[{"id":285354,"href":"https:\/\/diariotextual.com\/inicio\/index.php\/wp-json\/wp\/v2\/posts\/285353\/revisions\/285354"}],"wp:featuredmedia":[{"embeddable":true,"href":"https:\/\/diariotextual.com\/inicio\/index.php\/wp-json\/wp\/v2\/media\/259612"}],"wp:attachment":[{"href":"https:\/\/diariotextual.com\/inicio\/index.php\/wp-json\/wp\/v2\/media?parent=285353"}],"wp:term":[{"taxonomy":"category","embeddable":true,"href":"https:\/\/diariotextual.com\/inicio\/index.php\/wp-json\/wp\/v2\/categories?post=285353"},{"taxonomy":"post_tag","embeddable":true,"href":"https:\/\/diariotextual.com\/inicio\/index.php\/wp-json\/wp\/v2\/tags?post=285353"}],"curies":[{"name":"wp","href":"https:\/\/api.w.org\/{rel}","templated":true}]}}