{"id":285390,"date":"2024-12-30T20:14:38","date_gmt":"2024-12-30T23:14:38","guid":{"rendered":"https:\/\/diariotextual.com\/inicio\/?p=285390"},"modified":"2024-12-30T20:14:42","modified_gmt":"2024-12-30T23:14:42","slug":"tarjeta-social-pampeana-el-gobierno-investiga-probable-irregularidad-en-el-oeste","status":"publish","type":"post","link":"https:\/\/diariotextual.com\/inicio\/index.php\/2024\/12\/30\/tarjeta-social-pampeana-el-gobierno-investiga-probable-irregularidad-en-el-oeste\/","title":{"rendered":"Tarjeta Social Pampeana: el Gobierno investiga probable irregularidad en el Oeste"},"content":{"rendered":"\n<p>El Gobierno de La Pampa, a trav\u00e9s del Ministerio de Desarrollo Social y DDHH, inici\u00f3 una auditoria y un sumario, en <strong>Santa Isabel y parajes aleda\u00f1os<\/strong>, para <strong>verificar el uso y tenencia de la Tarjeta Social Pampeana (TSP)<\/strong>, a solicitud del intendente local, Guillermo Farana.\u00a0<\/p>\n\n\n\n<p>El procedimiento se organiz\u00f3 a trav\u00e9s de la Subsecretar\u00eda de Planificaci\u00f3n y Evaluaci\u00f3n de Pol\u00edticas Sociales, tras la sospecha del jefe comunal de posibles irregularidades vinculadas a la tenencia y uso de las TSP.<\/p>\n\n\n\n<p>El operativo se desarroll\u00f3 los d\u00edas lunes 16 y martes 17 de diciembre, alcanzando a titulares de TSP, con especial \u00e9nfasis en quienes reciben Refuerzo Alimentario Focalizado Extraordinario (RAFE), <strong>residentes en Santa Isabel y en los parajes Paso Maroma, Emilio Mitre y La Puntilla<\/strong>, public\u00f3 la Agencia Provincial de Noticias.<\/p>\n\n\n\n<p>Un equipo t\u00e9cnico-profesional trabaj\u00f3 en territorio durante ambas jornadas, solicitando a las y los titulares la presentaci\u00f3n del DNI y la tarjeta f\u00edsica para <strong>realizar un cuestionario y corroborar la informaci\u00f3n, que ser\u00e1 utilizada para garantizar la transparencia y el uso adecuado<\/strong> de los recursos destinados a la asistencia alimentaria.<\/p>\n\n\n\n<p>De la auditor\u00eda realizada se desprenden probables irregularidades en el uso y tenencia de TSP. Las actuaciones ser\u00e1n enviadas al municipio santisabelino y puestas en conocimiento del Ministerio P\u00fablico Fiscal, ante la posibilidad de que se hubieran cometido acciones delictivas.<\/p>\n\n\n\n<p>\u201cSe record\u00f3 que la Tarjeta Social Pampeana es de uso personalizado y que es imprescindible acreditar la titularidad de esta al momento de comprar en cualquier comercio. Asimismo, que est\u00e1 destinada exclusivamente para la adquisici\u00f3n de alimentos. De aqu\u00ed que nace la responsabilidad tambi\u00e9n de los comercios, al momento de la realizaci\u00f3n de la operaci\u00f3n de compra y venta de alimentos\u201d, inform\u00f3 la APN.<\/p>\n","protected":false},"excerpt":{"rendered":"<p>El Gobierno de La Pampa, a trav\u00e9s del Ministerio de Desarrollo Social y DDHH, inici\u00f3 una auditoria y un sumario, en Santa Isabel y parajes aleda\u00f1os, para verificar el uso&hellip;<\/p>\n","protected":false},"author":5,"featured_media":285391,"comment_status":"closed","ping_status":"open","sticky":false,"template":"","format":"standard","meta":{"_acf_changed":false,"footnotes":""},"categories":[4,8],"tags":[],"class_list":["post-285390","post","type-post","status-publish","format-standard","has-post-thumbnail","hentry","category-destacadas","category-politica"],"acf":[],"yoast_head":"<!-- This site is optimized with the Yoast SEO plugin v27.4 - https:\/\/yoast.com\/product\/yoast-seo-wordpress\/ -->\n<title>Tarjeta Social Pampeana: el Gobierno investiga probable irregularidad en el Oeste - Diario Textual<\/title>\n<meta name=\"robots\" content=\"index, follow, max-snippet:-1, max-image-preview:large, max-video-preview:-1\" \/>\n<link rel=\"canonical\" href=\"https:\/\/diariotextual.com\/inicio\/index.php\/2024\/12\/30\/tarjeta-social-pampeana-el-gobierno-investiga-probable-irregularidad-en-el-oeste\/\" \/>\n<meta property=\"og:locale\" content=\"es_ES\" \/>\n<meta property=\"og:type\" content=\"article\" \/>\n<meta property=\"og:title\" content=\"Tarjeta Social Pampeana: el Gobierno investiga probable irregularidad en el Oeste - Diario Textual\" \/>\n<meta property=\"og:description\" content=\"El Gobierno de La Pampa, a trav\u00e9s del Ministerio de Desarrollo Social y DDHH, inici\u00f3 una auditoria y un sumario, en Santa Isabel y parajes aleda\u00f1os, para verificar el uso&hellip;\" \/>\n<meta property=\"og:url\" content=\"https:\/\/diariotextual.com\/inicio\/index.php\/2024\/12\/30\/tarjeta-social-pampeana-el-gobierno-investiga-probable-irregularidad-en-el-oeste\/\" \/>\n<meta property=\"og:site_name\" content=\"Diario Textual\" \/>\n<meta property=\"article:publisher\" content=\"https:\/\/www.facebook.com\/eltextual\" \/>\n<meta property=\"article:published_time\" content=\"2024-12-30T23:14:38+00:00\" \/>\n<meta property=\"article:modified_time\" content=\"2024-12-30T23:14:42+00:00\" \/>\n<meta property=\"og:image\" content=\"https:\/\/diariotextual.com\/inicio\/wp-content\/uploads\/2024\/12\/tarjetasocialpampeana2024.jpg\" \/>\n\t<meta property=\"og:image:width\" content=\"660\" \/>\n\t<meta property=\"og:image:height\" content=\"478\" \/>\n\t<meta property=\"og:image:type\" content=\"image\/jpeg\" \/>\n<meta name=\"author\" content=\"diario3\" \/>\n<meta name=\"twitter:card\" content=\"summary_large_image\" \/>\n<meta name=\"twitter:creator\" content=\"@eltextual\" \/>\n<meta name=\"twitter:site\" content=\"@eltextual\" \/>\n<meta name=\"twitter:label1\" content=\"Escrito por\" \/>\n\t<meta name=\"twitter:data1\" content=\"diario3\" \/>\n\t<meta name=\"twitter:label2\" content=\"Tiempo de lectura\" \/>\n\t<meta name=\"twitter:data2\" content=\"2 minutos\" \/>\n<script type=\"application\/ld+json\" class=\"yoast-schema-graph\">{\"@context\":\"https:\\\/\\\/schema.org\",\"@graph\":[{\"@type\":\"Article\",\"@id\":\"https:\\\/\\\/diariotextual.com\\\/inicio\\\/index.php\\\/2024\\\/12\\\/30\\\/tarjeta-social-pampeana-el-gobierno-investiga-probable-irregularidad-en-el-oeste\\\/#article\",\"isPartOf\":{\"@id\":\"https:\\\/\\\/diariotextual.com\\\/inicio\\\/index.php\\\/2024\\\/12\\\/30\\\/tarjeta-social-pampeana-el-gobierno-investiga-probable-irregularidad-en-el-oeste\\\/\"},\"author\":{\"name\":\"diario3\",\"@id\":\"https:\\\/\\\/diariotextual.com\\\/inicio\\\/#\\\/schema\\\/person\\\/a1b6f563e0ee944c60f98119389a4d9f\"},\"headline\":\"Tarjeta Social Pampeana: el Gobierno investiga probable irregularidad en el Oeste\",\"datePublished\":\"2024-12-30T23:14:38+00:00\",\"dateModified\":\"2024-12-30T23:14:42+00:00\",\"mainEntityOfPage\":{\"@id\":\"https:\\\/\\\/diariotextual.com\\\/inicio\\\/index.php\\\/2024\\\/12\\\/30\\\/tarjeta-social-pampeana-el-gobierno-investiga-probable-irregularidad-en-el-oeste\\\/\"},\"wordCount\":311,\"publisher\":{\"@id\":\"https:\\\/\\\/diariotextual.com\\\/inicio\\\/#organization\"},\"image\":{\"@id\":\"https:\\\/\\\/diariotextual.com\\\/inicio\\\/index.php\\\/2024\\\/12\\\/30\\\/tarjeta-social-pampeana-el-gobierno-investiga-probable-irregularidad-en-el-oeste\\\/#primaryimage\"},\"thumbnailUrl\":\"https:\\\/\\\/diariotextual.com\\\/inicio\\\/wp-content\\\/uploads\\\/2024\\\/12\\\/tarjetasocialpampeana2024.jpg\",\"articleSection\":[\"A - DESTACADAS (mod 16)\",\"POLITICA\"],\"inLanguage\":\"es\"},{\"@type\":\"WebPage\",\"@id\":\"https:\\\/\\\/diariotextual.com\\\/inicio\\\/index.php\\\/2024\\\/12\\\/30\\\/tarjeta-social-pampeana-el-gobierno-investiga-probable-irregularidad-en-el-oeste\\\/\",\"url\":\"https:\\\/\\\/diariotextual.com\\\/inicio\\\/index.php\\\/2024\\\/12\\\/30\\\/tarjeta-social-pampeana-el-gobierno-investiga-probable-irregularidad-en-el-oeste\\\/\",\"name\":\"Tarjeta Social Pampeana: el Gobierno investiga probable irregularidad en el Oeste - Diario Textual\",\"isPartOf\":{\"@id\":\"https:\\\/\\\/diariotextual.com\\\/inicio\\\/#website\"},\"primaryImageOfPage\":{\"@id\":\"https:\\\/\\\/diariotextual.com\\\/inicio\\\/index.php\\\/2024\\\/12\\\/30\\\/tarjeta-social-pampeana-el-gobierno-investiga-probable-irregularidad-en-el-oeste\\\/#primaryimage\"},\"image\":{\"@id\":\"https:\\\/\\\/diariotextual.com\\\/inicio\\\/index.php\\\/2024\\\/12\\\/30\\\/tarjeta-social-pampeana-el-gobierno-investiga-probable-irregularidad-en-el-oeste\\\/#primaryimage\"},\"thumbnailUrl\":\"https:\\\/\\\/diariotextual.com\\\/inicio\\\/wp-content\\\/uploads\\\/2024\\\/12\\\/tarjetasocialpampeana2024.jpg\",\"datePublished\":\"2024-12-30T23:14:38+00:00\",\"dateModified\":\"2024-12-30T23:14:42+00:00\",\"breadcrumb\":{\"@id\":\"https:\\\/\\\/diariotextual.com\\\/inicio\\\/index.php\\\/2024\\\/12\\\/30\\\/tarjeta-social-pampeana-el-gobierno-investiga-probable-irregularidad-en-el-oeste\\\/#breadcrumb\"},\"inLanguage\":\"es\",\"potentialAction\":[{\"@type\":\"ReadAction\",\"target\":[\"https:\\\/\\\/diariotextual.com\\\/inicio\\\/index.php\\\/2024\\\/12\\\/30\\\/tarjeta-social-pampeana-el-gobierno-investiga-probable-irregularidad-en-el-oeste\\\/\"]}]},{\"@type\":\"ImageObject\",\"inLanguage\":\"es\",\"@id\":\"https:\\\/\\\/diariotextual.com\\\/inicio\\\/index.php\\\/2024\\\/12\\\/30\\\/tarjeta-social-pampeana-el-gobierno-investiga-probable-irregularidad-en-el-oeste\\\/#primaryimage\",\"url\":\"https:\\\/\\\/diariotextual.com\\\/inicio\\\/wp-content\\\/uploads\\\/2024\\\/12\\\/tarjetasocialpampeana2024.jpg\",\"contentUrl\":\"https:\\\/\\\/diariotextual.com\\\/inicio\\\/wp-content\\\/uploads\\\/2024\\\/12\\\/tarjetasocialpampeana2024.jpg\",\"width\":660,\"height\":478},{\"@type\":\"BreadcrumbList\",\"@id\":\"https:\\\/\\\/diariotextual.com\\\/inicio\\\/index.php\\\/2024\\\/12\\\/30\\\/tarjeta-social-pampeana-el-gobierno-investiga-probable-irregularidad-en-el-oeste\\\/#breadcrumb\",\"itemListElement\":[{\"@type\":\"ListItem\",\"position\":1,\"name\":\"Portada\",\"item\":\"https:\\\/\\\/diariotextual.com\\\/inicio\\\/\"},{\"@type\":\"ListItem\",\"position\":2,\"name\":\"Tarjeta Social Pampeana: el Gobierno investiga probable irregularidad en el Oeste\"}]},{\"@type\":\"WebSite\",\"@id\":\"https:\\\/\\\/diariotextual.com\\\/inicio\\\/#website\",\"url\":\"https:\\\/\\\/diariotextual.com\\\/inicio\\\/\",\"name\":\"Diario Textual\",\"description\":\"\",\"publisher\":{\"@id\":\"https:\\\/\\\/diariotextual.com\\\/inicio\\\/#organization\"},\"potentialAction\":[{\"@type\":\"SearchAction\",\"target\":{\"@type\":\"EntryPoint\",\"urlTemplate\":\"https:\\\/\\\/diariotextual.com\\\/inicio\\\/?s={search_term_string}\"},\"query-input\":{\"@type\":\"PropertyValueSpecification\",\"valueRequired\":true,\"valueName\":\"search_term_string\"}}],\"inLanguage\":\"es\"},{\"@type\":\"Organization\",\"@id\":\"https:\\\/\\\/diariotextual.com\\\/inicio\\\/#organization\",\"name\":\"Diario Textual\",\"url\":\"https:\\\/\\\/diariotextual.com\\\/inicio\\\/\",\"logo\":{\"@type\":\"ImageObject\",\"inLanguage\":\"es\",\"@id\":\"https:\\\/\\\/diariotextual.com\\\/inicio\\\/#\\\/schema\\\/logo\\\/image\\\/\",\"url\":\"https:\\\/\\\/diariotextual.com\\\/inicio\\\/wp-content\\\/uploads\\\/2023\\\/05\\\/logotextual1.jpg\",\"contentUrl\":\"https:\\\/\\\/diariotextual.com\\\/inicio\\\/wp-content\\\/uploads\\\/2023\\\/05\\\/logotextual1.jpg\",\"width\":516,\"height\":76,\"caption\":\"Diario Textual\"},\"image\":{\"@id\":\"https:\\\/\\\/diariotextual.com\\\/inicio\\\/#\\\/schema\\\/logo\\\/image\\\/\"},\"sameAs\":[\"https:\\\/\\\/www.facebook.com\\\/eltextual\",\"https:\\\/\\\/x.com\\\/eltextual\",\"http:\\\/\\\/www.instagram.com\\\/eltextual\"]},{\"@type\":\"Person\",\"@id\":\"https:\\\/\\\/diariotextual.com\\\/inicio\\\/#\\\/schema\\\/person\\\/a1b6f563e0ee944c60f98119389a4d9f\",\"name\":\"diario3\",\"image\":{\"@type\":\"ImageObject\",\"inLanguage\":\"es\",\"@id\":\"https:\\\/\\\/secure.gravatar.com\\\/avatar\\\/5e7ee62c82fc04d9dd79d746a390d93c69c43223e5faeeb3ea9461ef752bfc5d?s=96&d=mm&r=g\",\"url\":\"https:\\\/\\\/secure.gravatar.com\\\/avatar\\\/5e7ee62c82fc04d9dd79d746a390d93c69c43223e5faeeb3ea9461ef752bfc5d?s=96&d=mm&r=g\",\"contentUrl\":\"https:\\\/\\\/secure.gravatar.com\\\/avatar\\\/5e7ee62c82fc04d9dd79d746a390d93c69c43223e5faeeb3ea9461ef752bfc5d?s=96&d=mm&r=g\",\"caption\":\"diario3\"},\"url\":\"https:\\\/\\\/diariotextual.com\\\/inicio\\\/index.php\\\/author\\\/diario3\\\/\"}]}<\/script>\n<!-- \/ Yoast SEO plugin. -->","yoast_head_json":{"title":"Tarjeta Social Pampeana: el Gobierno investiga probable irregularidad en el Oeste - Diario Textual","robots":{"index":"index","follow":"follow","max-snippet":"max-snippet:-1","max-image-preview":"max-image-preview:large","max-video-preview":"max-video-preview:-1"},"canonical":"https:\/\/diariotextual.com\/inicio\/index.php\/2024\/12\/30\/tarjeta-social-pampeana-el-gobierno-investiga-probable-irregularidad-en-el-oeste\/","og_locale":"es_ES","og_type":"article","og_title":"Tarjeta Social Pampeana: el Gobierno investiga probable irregularidad en el Oeste - Diario Textual","og_description":"El Gobierno de La Pampa, a trav\u00e9s del Ministerio de Desarrollo Social y DDHH, inici\u00f3 una auditoria y un sumario, en Santa Isabel y parajes aleda\u00f1os, para verificar el uso&hellip;","og_url":"https:\/\/diariotextual.com\/inicio\/index.php\/2024\/12\/30\/tarjeta-social-pampeana-el-gobierno-investiga-probable-irregularidad-en-el-oeste\/","og_site_name":"Diario Textual","article_publisher":"https:\/\/www.facebook.com\/eltextual","article_published_time":"2024-12-30T23:14:38+00:00","article_modified_time":"2024-12-30T23:14:42+00:00","og_image":[{"width":660,"height":478,"url":"https:\/\/diariotextual.com\/inicio\/wp-content\/uploads\/2024\/12\/tarjetasocialpampeana2024.jpg","type":"image\/jpeg"}],"author":"diario3","twitter_card":"summary_large_image","twitter_creator":"@eltextual","twitter_site":"@eltextual","twitter_misc":{"Escrito por":"diario3","Tiempo de lectura":"2 minutos"},"schema":{"@context":"https:\/\/schema.org","@graph":[{"@type":"Article","@id":"https:\/\/diariotextual.com\/inicio\/index.php\/2024\/12\/30\/tarjeta-social-pampeana-el-gobierno-investiga-probable-irregularidad-en-el-oeste\/#article","isPartOf":{"@id":"https:\/\/diariotextual.com\/inicio\/index.php\/2024\/12\/30\/tarjeta-social-pampeana-el-gobierno-investiga-probable-irregularidad-en-el-oeste\/"},"author":{"name":"diario3","@id":"https:\/\/diariotextual.com\/inicio\/#\/schema\/person\/a1b6f563e0ee944c60f98119389a4d9f"},"headline":"Tarjeta Social Pampeana: el Gobierno investiga probable irregularidad en el Oeste","datePublished":"2024-12-30T23:14:38+00:00","dateModified":"2024-12-30T23:14:42+00:00","mainEntityOfPage":{"@id":"https:\/\/diariotextual.com\/inicio\/index.php\/2024\/12\/30\/tarjeta-social-pampeana-el-gobierno-investiga-probable-irregularidad-en-el-oeste\/"},"wordCount":311,"publisher":{"@id":"https:\/\/diariotextual.com\/inicio\/#organization"},"image":{"@id":"https:\/\/diariotextual.com\/inicio\/index.php\/2024\/12\/30\/tarjeta-social-pampeana-el-gobierno-investiga-probable-irregularidad-en-el-oeste\/#primaryimage"},"thumbnailUrl":"https:\/\/diariotextual.com\/inicio\/wp-content\/uploads\/2024\/12\/tarjetasocialpampeana2024.jpg","articleSection":["A - DESTACADAS (mod 16)","POLITICA"],"inLanguage":"es"},{"@type":"WebPage","@id":"https:\/\/diariotextual.com\/inicio\/index.php\/2024\/12\/30\/tarjeta-social-pampeana-el-gobierno-investiga-probable-irregularidad-en-el-oeste\/","url":"https:\/\/diariotextual.com\/inicio\/index.php\/2024\/12\/30\/tarjeta-social-pampeana-el-gobierno-investiga-probable-irregularidad-en-el-oeste\/","name":"Tarjeta Social Pampeana: el Gobierno investiga probable irregularidad en el Oeste - Diario Textual","isPartOf":{"@id":"https:\/\/diariotextual.com\/inicio\/#website"},"primaryImageOfPage":{"@id":"https:\/\/diariotextual.com\/inicio\/index.php\/2024\/12\/30\/tarjeta-social-pampeana-el-gobierno-investiga-probable-irregularidad-en-el-oeste\/#primaryimage"},"image":{"@id":"https:\/\/diariotextual.com\/inicio\/index.php\/2024\/12\/30\/tarjeta-social-pampeana-el-gobierno-investiga-probable-irregularidad-en-el-oeste\/#primaryimage"},"thumbnailUrl":"https:\/\/diariotextual.com\/inicio\/wp-content\/uploads\/2024\/12\/tarjetasocialpampeana2024.jpg","datePublished":"2024-12-30T23:14:38+00:00","dateModified":"2024-12-30T23:14:42+00:00","breadcrumb":{"@id":"https:\/\/diariotextual.com\/inicio\/index.php\/2024\/12\/30\/tarjeta-social-pampeana-el-gobierno-investiga-probable-irregularidad-en-el-oeste\/#breadcrumb"},"inLanguage":"es","potentialAction":[{"@type":"ReadAction","target":["https:\/\/diariotextual.com\/inicio\/index.php\/2024\/12\/30\/tarjeta-social-pampeana-el-gobierno-investiga-probable-irregularidad-en-el-oeste\/"]}]},{"@type":"ImageObject","inLanguage":"es","@id":"https:\/\/diariotextual.com\/inicio\/index.php\/2024\/12\/30\/tarjeta-social-pampeana-el-gobierno-investiga-probable-irregularidad-en-el-oeste\/#primaryimage","url":"https:\/\/diariotextual.com\/inicio\/wp-content\/uploads\/2024\/12\/tarjetasocialpampeana2024.jpg","contentUrl":"https:\/\/diariotextual.com\/inicio\/wp-content\/uploads\/2024\/12\/tarjetasocialpampeana2024.jpg","width":660,"height":478},{"@type":"BreadcrumbList","@id":"https:\/\/diariotextual.com\/inicio\/index.php\/2024\/12\/30\/tarjeta-social-pampeana-el-gobierno-investiga-probable-irregularidad-en-el-oeste\/#breadcrumb","itemListElement":[{"@type":"ListItem","position":1,"name":"Portada","item":"https:\/\/diariotextual.com\/inicio\/"},{"@type":"ListItem","position":2,"name":"Tarjeta Social Pampeana: el Gobierno investiga probable irregularidad en el Oeste"}]},{"@type":"WebSite","@id":"https:\/\/diariotextual.com\/inicio\/#website","url":"https:\/\/diariotextual.com\/inicio\/","name":"Diario Textual","description":"","publisher":{"@id":"https:\/\/diariotextual.com\/inicio\/#organization"},"potentialAction":[{"@type":"SearchAction","target":{"@type":"EntryPoint","urlTemplate":"https:\/\/diariotextual.com\/inicio\/?s={search_term_string}"},"query-input":{"@type":"PropertyValueSpecification","valueRequired":true,"valueName":"search_term_string"}}],"inLanguage":"es"},{"@type":"Organization","@id":"https:\/\/diariotextual.com\/inicio\/#organization","name":"Diario Textual","url":"https:\/\/diariotextual.com\/inicio\/","logo":{"@type":"ImageObject","inLanguage":"es","@id":"https:\/\/diariotextual.com\/inicio\/#\/schema\/logo\/image\/","url":"https:\/\/diariotextual.com\/inicio\/wp-content\/uploads\/2023\/05\/logotextual1.jpg","contentUrl":"https:\/\/diariotextual.com\/inicio\/wp-content\/uploads\/2023\/05\/logotextual1.jpg","width":516,"height":76,"caption":"Diario Textual"},"image":{"@id":"https:\/\/diariotextual.com\/inicio\/#\/schema\/logo\/image\/"},"sameAs":["https:\/\/www.facebook.com\/eltextual","https:\/\/x.com\/eltextual","http:\/\/www.instagram.com\/eltextual"]},{"@type":"Person","@id":"https:\/\/diariotextual.com\/inicio\/#\/schema\/person\/a1b6f563e0ee944c60f98119389a4d9f","name":"diario3","image":{"@type":"ImageObject","inLanguage":"es","@id":"https:\/\/secure.gravatar.com\/avatar\/5e7ee62c82fc04d9dd79d746a390d93c69c43223e5faeeb3ea9461ef752bfc5d?s=96&d=mm&r=g","url":"https:\/\/secure.gravatar.com\/avatar\/5e7ee62c82fc04d9dd79d746a390d93c69c43223e5faeeb3ea9461ef752bfc5d?s=96&d=mm&r=g","contentUrl":"https:\/\/secure.gravatar.com\/avatar\/5e7ee62c82fc04d9dd79d746a390d93c69c43223e5faeeb3ea9461ef752bfc5d?s=96&d=mm&r=g","caption":"diario3"},"url":"https:\/\/diariotextual.com\/inicio\/index.php\/author\/diario3\/"}]}},"_links":{"self":[{"href":"https:\/\/diariotextual.com\/inicio\/index.php\/wp-json\/wp\/v2\/posts\/285390","targetHints":{"allow":["GET"]}}],"collection":[{"href":"https:\/\/diariotextual.com\/inicio\/index.php\/wp-json\/wp\/v2\/posts"}],"about":[{"href":"https:\/\/diariotextual.com\/inicio\/index.php\/wp-json\/wp\/v2\/types\/post"}],"author":[{"embeddable":true,"href":"https:\/\/diariotextual.com\/inicio\/index.php\/wp-json\/wp\/v2\/users\/5"}],"replies":[{"embeddable":true,"href":"https:\/\/diariotextual.com\/inicio\/index.php\/wp-json\/wp\/v2\/comments?post=285390"}],"version-history":[{"count":1,"href":"https:\/\/diariotextual.com\/inicio\/index.php\/wp-json\/wp\/v2\/posts\/285390\/revisions"}],"predecessor-version":[{"id":285392,"href":"https:\/\/diariotextual.com\/inicio\/index.php\/wp-json\/wp\/v2\/posts\/285390\/revisions\/285392"}],"wp:featuredmedia":[{"embeddable":true,"href":"https:\/\/diariotextual.com\/inicio\/index.php\/wp-json\/wp\/v2\/media\/285391"}],"wp:attachment":[{"href":"https:\/\/diariotextual.com\/inicio\/index.php\/wp-json\/wp\/v2\/media?parent=285390"}],"wp:term":[{"taxonomy":"category","embeddable":true,"href":"https:\/\/diariotextual.com\/inicio\/index.php\/wp-json\/wp\/v2\/categories?post=285390"},{"taxonomy":"post_tag","embeddable":true,"href":"https:\/\/diariotextual.com\/inicio\/index.php\/wp-json\/wp\/v2\/tags?post=285390"}],"curies":[{"name":"wp","href":"https:\/\/api.w.org\/{rel}","templated":true}]}}