{"id":285662,"date":"2025-01-04T13:30:14","date_gmt":"2025-01-04T16:30:14","guid":{"rendered":"https:\/\/diariotextual.com\/inicio\/?p=285662"},"modified":"2025-01-05T11:54:35","modified_gmt":"2025-01-05T14:54:35","slug":"garro-se-enfrenta-a-una-causa-de-homicidio-culposo-agravado-por-alcoholemia-expectativa-de-prision-de-hasta-6-anos","status":"publish","type":"post","link":"https:\/\/diariotextual.com\/inicio\/index.php\/2025\/01\/04\/garro-se-enfrenta-a-una-causa-de-homicidio-culposo-agravado-por-alcoholemia-expectativa-de-prision-de-hasta-6-anos\/","title":{"rendered":"Garro se enfrenta a una causa de homicidio culposo, agravado por alcoholemia: expectativa de prisi\u00f3n de hasta 6 a\u00f1os"},"content":{"rendered":"\n<p>El futbolista <strong>Rodrigo Garro<\/strong> (27 a\u00f1os) choc\u00f3 este s\u00e1bado mientras manejaba su camioneta en la ciudad General Pico. Por el hecho muri\u00f3 un joven de 30 a\u00f1os que iba a bordo de una moto. Al jugador, que milita en el Corinthians de Brasil, <strong>se le realiz\u00f3 el test de alcoholemia, que dio positivo<\/strong>, y fue demorado de manera preventiva. Posteriormente fue liberado.<\/p>\n\n\n\n<figure class=\"wp-block-embed is-type-wp-embed is-provider-diario-textual wp-block-embed-diario-textual\"><div class=\"wp-block-embed__wrapper\">\n<blockquote class=\"wp-embedded-content\" data-secret=\"gFS7fk9HDF\"><a href=\"https:\/\/diariotextual.com\/inicio\/index.php\/2025\/01\/04\/un-futbolista-alcoholizado-choco-y-mato-a-un-motociclista-en-pico\/\">Pico: muri\u00f3 al chocar contra la camioneta que conduc\u00eda el futbolista Rodrigo Garro<\/a><\/blockquote><iframe class=\"wp-embedded-content\" sandbox=\"allow-scripts\" security=\"restricted\" style=\"position: absolute; visibility: hidden;\" title=\"\u00abPico: muri\u00f3 al chocar contra la camioneta que conduc\u00eda el futbolista Rodrigo Garro\u00bb \u2014 Diario Textual\" src=\"https:\/\/diariotextual.com\/inicio\/index.php\/2025\/01\/04\/un-futbolista-alcoholizado-choco-y-mato-a-un-motociclista-en-pico\/embed\/#?secret=8yZ96bJq93#?secret=gFS7fk9HDF\" data-secret=\"gFS7fk9HDF\" width=\"600\" height=\"338\" frameborder=\"0\" marginwidth=\"0\" marginheight=\"0\" scrolling=\"no\"><\/iframe>\n<\/div><\/figure>\n\n\n\n<p>El siniestro ocurri\u00f3 a las 2.45 de la madrugada en las calles 300 y 108, cuando la camioneta que comandaba Garro colision\u00f3 de frente contra una moto, que manejaba la v\u00edctima, identificada como Nicol\u00e1s Chiaragivlio. El motociclista fue asistido por una enfermera, pero muri\u00f3 en el lugar.<\/p>\n\n\n\n<p>La joven v\u00edctima conduc\u00eda una Guerrero Trip 110 cc., en tanto que Garro iba a bordo de una Dodge Ram. Era acompa\u00f1ado por Facundo Castelli, un jugador del club Emelec de Ecuador, quien result\u00f3 ileso.<\/p>\n\n\n\n<p>De acuerdo con la investigaci\u00f3n preliminar, los dos veh\u00edculos circulaban en direcciones opuestas por la calle 300. En un momento dado, la camioneta de Garro intent\u00f3 girar a la izquierda para ingresar a la calle 108, momento en el que impact\u00f3 de lleno contra el lateral derecho de la motocicleta de Chiaraviglio. El motociclista fue atendido por una enfermera que se encontraba en el lugar del accidente, pero lamentablemente falleci\u00f3 minutos despu\u00e9s del impacto.<\/p>\n\n\n\n<p>La fiscal\u00eda, a cargo del fiscal Francisco Cuenca, intervino r\u00e1pidamente en el caso. Seg\u00fan cont\u00f3, se le realiz\u00f3 un control de alcoholemia a Garro, cuyo resultado fue positivo con un nivel de 0,54 g\/l, lo que agrava la situaci\u00f3n legal del conductor.<\/p>\n\n\n\n<p><strong>La causa fue caratulada como \u201chomicidio culposo agravado por conducir con alcoholemia positiva\u201d. La pena esperada var\u00eda entre 3 a 6 a\u00f1os de prisi\u00f3n, con la posibilidad de que la condena sea en prisi\u00f3n efectiva o en suspenso<\/strong>, dependiendo de los avances de la investigaci\u00f3n.<\/p>\n\n\n\n<p>Nacido en General Pico y con una primera relaci\u00f3n con el f\u00fatbol en el club local Cultural Argentino, Garro comenz\u00f3 a hacerse notar en la segunda categor\u00eda del f\u00fatbol argentino jugando para Instituto Central C\u00f3rdoba, donde debut\u00f3 en 2018.<\/p>\n\n\n\n<p>Sus buenos desempe\u00f1os hicieron que otro equipo cordob\u00e9s, Talleres, se fijara en \u00e9l y lo fichara en 2022. Su juego sigui\u00f3 evolucionando con goles y asistencias y tras dos campa\u00f1as en \u201cLa T\u201d se march\u00f3 a Brasil para jugar en el Corinthians.<\/p>\n\n\n\n<p>El el&nbsp;<em>Timao<\/em>, con la direcci\u00f3n t\u00e9cnica de Ram\u00f3n D\u00edaz, se afianz\u00f3 como titular y colabor\u00f3 con goles para que el equipo lograra evitar el descenso tras un mal comienzo de a\u00f1o. Adem\u00e1s, fue elegido dentro del equipo ideal del Brasileir\u00e3o 2024.<\/p>\n\n\n\n<figure class=\"wp-block-embed is-type-wp-embed is-provider-diario-textual wp-block-embed-diario-textual\"><div class=\"wp-block-embed__wrapper\">\n<blockquote class=\"wp-embedded-content\" data-secret=\"dzKEnnGfpM\"><a href=\"https:\/\/diariotextual.com\/inicio\/index.php\/2025\/01\/04\/quien-es-rodrigo-garro-involucrado-en-un-choque-fatal-en-pico-figura-del-futbol-brasileno-y-el-sueno-de-la-seleccion\/\">Qui\u00e9n es Rodrigo Garro, involucrado en un choque fatal en Pico: figura del f\u00fatbol brasile\u00f1o y el sue\u00f1o de la selecci\u00f3n<\/a><\/blockquote><iframe class=\"wp-embedded-content\" sandbox=\"allow-scripts\" security=\"restricted\" style=\"position: absolute; visibility: hidden;\" title=\"\u00abQui\u00e9n es Rodrigo Garro, involucrado en un choque fatal en Pico: figura del f\u00fatbol brasile\u00f1o y el sue\u00f1o de la selecci\u00f3n\u00bb \u2014 Diario Textual\" src=\"https:\/\/diariotextual.com\/inicio\/index.php\/2025\/01\/04\/quien-es-rodrigo-garro-involucrado-en-un-choque-fatal-en-pico-figura-del-futbol-brasileno-y-el-sueno-de-la-seleccion\/embed\/#?secret=9ehRhOBXog#?secret=dzKEnnGfpM\" data-secret=\"dzKEnnGfpM\" width=\"600\" height=\"338\" frameborder=\"0\" marginwidth=\"0\" marginheight=\"0\" scrolling=\"no\"><\/iframe>\n<\/div><\/figure>\n","protected":false},"excerpt":{"rendered":"<p>El futbolista Rodrigo Garro (27 a\u00f1os) choc\u00f3 este s\u00e1bado mientras manejaba su camioneta en la ciudad General Pico. Por el hecho muri\u00f3 un joven de 30 a\u00f1os que iba a&hellip;<\/p>\n","protected":false},"author":3,"featured_media":285664,"comment_status":"closed","ping_status":"open","sticky":false,"template":"","format":"standard","meta":{"_acf_changed":false,"footnotes":""},"categories":[12],"tags":[],"class_list":["post-285662","post","type-post","status-publish","format-standard","has-post-thumbnail","hentry","category-sociedad"],"acf":[],"yoast_head":"<!-- This site is optimized with the Yoast SEO plugin v27.4 - https:\/\/yoast.com\/product\/yoast-seo-wordpress\/ -->\n<title>Garro se enfrenta a una causa de homicidio culposo, agravado por alcoholemia: expectativa de prisi\u00f3n de hasta 6 a\u00f1os - Diario Textual<\/title>\n<meta name=\"robots\" content=\"index, follow, max-snippet:-1, max-image-preview:large, max-video-preview:-1\" \/>\n<link rel=\"canonical\" href=\"https:\/\/diariotextual.com\/inicio\/index.php\/2025\/01\/04\/garro-se-enfrenta-a-una-causa-de-homicidio-culposo-agravado-por-alcoholemia-expectativa-de-prision-de-hasta-6-anos\/\" \/>\n<meta property=\"og:locale\" content=\"es_ES\" \/>\n<meta property=\"og:type\" content=\"article\" \/>\n<meta property=\"og:title\" content=\"Garro se enfrenta a una causa de homicidio culposo, agravado por alcoholemia: expectativa de prisi\u00f3n de hasta 6 a\u00f1os - Diario Textual\" \/>\n<meta property=\"og:description\" content=\"El futbolista Rodrigo Garro (27 a\u00f1os) choc\u00f3 este s\u00e1bado mientras manejaba su camioneta en la ciudad General Pico. Por el hecho muri\u00f3 un joven de 30 a\u00f1os que iba a&hellip;\" \/>\n<meta property=\"og:url\" content=\"https:\/\/diariotextual.com\/inicio\/index.php\/2025\/01\/04\/garro-se-enfrenta-a-una-causa-de-homicidio-culposo-agravado-por-alcoholemia-expectativa-de-prision-de-hasta-6-anos\/\" \/>\n<meta property=\"og:site_name\" content=\"Diario Textual\" \/>\n<meta property=\"article:publisher\" content=\"https:\/\/www.facebook.com\/eltextual\" \/>\n<meta property=\"article:published_time\" content=\"2025-01-04T16:30:14+00:00\" \/>\n<meta property=\"article:modified_time\" content=\"2025-01-05T14:54:35+00:00\" \/>\n<meta property=\"og:image\" content=\"https:\/\/diariotextual.com\/inicio\/wp-content\/uploads\/2025\/01\/garrorodrigosiniestro2025-1.jpg\" \/>\n\t<meta property=\"og:image:width\" content=\"720\" \/>\n\t<meta property=\"og:image:height\" content=\"333\" \/>\n\t<meta property=\"og:image:type\" content=\"image\/jpeg\" \/>\n<meta name=\"author\" content=\"Diario1 Diario1\" \/>\n<meta name=\"twitter:card\" content=\"summary_large_image\" \/>\n<meta name=\"twitter:creator\" content=\"@eltextual\" \/>\n<meta name=\"twitter:site\" content=\"@eltextual\" \/>\n<meta name=\"twitter:label1\" content=\"Escrito por\" \/>\n\t<meta name=\"twitter:data1\" content=\"Diario1 Diario1\" \/>\n\t<meta name=\"twitter:label2\" content=\"Tiempo de lectura\" \/>\n\t<meta name=\"twitter:data2\" content=\"3 minutos\" \/>\n<script type=\"application\/ld+json\" class=\"yoast-schema-graph\">{\"@context\":\"https:\\\/\\\/schema.org\",\"@graph\":[{\"@type\":\"Article\",\"@id\":\"https:\\\/\\\/diariotextual.com\\\/inicio\\\/index.php\\\/2025\\\/01\\\/04\\\/garro-se-enfrenta-a-una-causa-de-homicidio-culposo-agravado-por-alcoholemia-expectativa-de-prision-de-hasta-6-anos\\\/#article\",\"isPartOf\":{\"@id\":\"https:\\\/\\\/diariotextual.com\\\/inicio\\\/index.php\\\/2025\\\/01\\\/04\\\/garro-se-enfrenta-a-una-causa-de-homicidio-culposo-agravado-por-alcoholemia-expectativa-de-prision-de-hasta-6-anos\\\/\"},\"author\":{\"name\":\"Diario1 Diario1\",\"@id\":\"https:\\\/\\\/diariotextual.com\\\/inicio\\\/#\\\/schema\\\/person\\\/418fc4093c33e86ed41562db3508f958\"},\"headline\":\"Garro se enfrenta a una causa de homicidio culposo, agravado por alcoholemia: expectativa de prisi\u00f3n de hasta 6 a\u00f1os\",\"datePublished\":\"2025-01-04T16:30:14+00:00\",\"dateModified\":\"2025-01-05T14:54:35+00:00\",\"mainEntityOfPage\":{\"@id\":\"https:\\\/\\\/diariotextual.com\\\/inicio\\\/index.php\\\/2025\\\/01\\\/04\\\/garro-se-enfrenta-a-una-causa-de-homicidio-culposo-agravado-por-alcoholemia-expectativa-de-prision-de-hasta-6-anos\\\/\"},\"wordCount\":485,\"publisher\":{\"@id\":\"https:\\\/\\\/diariotextual.com\\\/inicio\\\/#organization\"},\"image\":{\"@id\":\"https:\\\/\\\/diariotextual.com\\\/inicio\\\/index.php\\\/2025\\\/01\\\/04\\\/garro-se-enfrenta-a-una-causa-de-homicidio-culposo-agravado-por-alcoholemia-expectativa-de-prision-de-hasta-6-anos\\\/#primaryimage\"},\"thumbnailUrl\":\"https:\\\/\\\/diariotextual.com\\\/inicio\\\/wp-content\\\/uploads\\\/2025\\\/01\\\/garrorodrigosiniestro2025-1.jpg\",\"articleSection\":[\"SOCIEDAD\"],\"inLanguage\":\"es\"},{\"@type\":\"WebPage\",\"@id\":\"https:\\\/\\\/diariotextual.com\\\/inicio\\\/index.php\\\/2025\\\/01\\\/04\\\/garro-se-enfrenta-a-una-causa-de-homicidio-culposo-agravado-por-alcoholemia-expectativa-de-prision-de-hasta-6-anos\\\/\",\"url\":\"https:\\\/\\\/diariotextual.com\\\/inicio\\\/index.php\\\/2025\\\/01\\\/04\\\/garro-se-enfrenta-a-una-causa-de-homicidio-culposo-agravado-por-alcoholemia-expectativa-de-prision-de-hasta-6-anos\\\/\",\"name\":\"Garro se enfrenta a una causa de homicidio culposo, agravado por alcoholemia: expectativa de prisi\u00f3n de hasta 6 a\u00f1os - Diario Textual\",\"isPartOf\":{\"@id\":\"https:\\\/\\\/diariotextual.com\\\/inicio\\\/#website\"},\"primaryImageOfPage\":{\"@id\":\"https:\\\/\\\/diariotextual.com\\\/inicio\\\/index.php\\\/2025\\\/01\\\/04\\\/garro-se-enfrenta-a-una-causa-de-homicidio-culposo-agravado-por-alcoholemia-expectativa-de-prision-de-hasta-6-anos\\\/#primaryimage\"},\"image\":{\"@id\":\"https:\\\/\\\/diariotextual.com\\\/inicio\\\/index.php\\\/2025\\\/01\\\/04\\\/garro-se-enfrenta-a-una-causa-de-homicidio-culposo-agravado-por-alcoholemia-expectativa-de-prision-de-hasta-6-anos\\\/#primaryimage\"},\"thumbnailUrl\":\"https:\\\/\\\/diariotextual.com\\\/inicio\\\/wp-content\\\/uploads\\\/2025\\\/01\\\/garrorodrigosiniestro2025-1.jpg\",\"datePublished\":\"2025-01-04T16:30:14+00:00\",\"dateModified\":\"2025-01-05T14:54:35+00:00\",\"breadcrumb\":{\"@id\":\"https:\\\/\\\/diariotextual.com\\\/inicio\\\/index.php\\\/2025\\\/01\\\/04\\\/garro-se-enfrenta-a-una-causa-de-homicidio-culposo-agravado-por-alcoholemia-expectativa-de-prision-de-hasta-6-anos\\\/#breadcrumb\"},\"inLanguage\":\"es\",\"potentialAction\":[{\"@type\":\"ReadAction\",\"target\":[\"https:\\\/\\\/diariotextual.com\\\/inicio\\\/index.php\\\/2025\\\/01\\\/04\\\/garro-se-enfrenta-a-una-causa-de-homicidio-culposo-agravado-por-alcoholemia-expectativa-de-prision-de-hasta-6-anos\\\/\"]}]},{\"@type\":\"ImageObject\",\"inLanguage\":\"es\",\"@id\":\"https:\\\/\\\/diariotextual.com\\\/inicio\\\/index.php\\\/2025\\\/01\\\/04\\\/garro-se-enfrenta-a-una-causa-de-homicidio-culposo-agravado-por-alcoholemia-expectativa-de-prision-de-hasta-6-anos\\\/#primaryimage\",\"url\":\"https:\\\/\\\/diariotextual.com\\\/inicio\\\/wp-content\\\/uploads\\\/2025\\\/01\\\/garrorodrigosiniestro2025-1.jpg\",\"contentUrl\":\"https:\\\/\\\/diariotextual.com\\\/inicio\\\/wp-content\\\/uploads\\\/2025\\\/01\\\/garrorodrigosiniestro2025-1.jpg\",\"width\":720,\"height\":333},{\"@type\":\"BreadcrumbList\",\"@id\":\"https:\\\/\\\/diariotextual.com\\\/inicio\\\/index.php\\\/2025\\\/01\\\/04\\\/garro-se-enfrenta-a-una-causa-de-homicidio-culposo-agravado-por-alcoholemia-expectativa-de-prision-de-hasta-6-anos\\\/#breadcrumb\",\"itemListElement\":[{\"@type\":\"ListItem\",\"position\":1,\"name\":\"Portada\",\"item\":\"https:\\\/\\\/diariotextual.com\\\/inicio\\\/\"},{\"@type\":\"ListItem\",\"position\":2,\"name\":\"Garro se enfrenta a una causa de homicidio culposo, agravado por alcoholemia: expectativa de prisi\u00f3n de hasta 6 a\u00f1os\"}]},{\"@type\":\"WebSite\",\"@id\":\"https:\\\/\\\/diariotextual.com\\\/inicio\\\/#website\",\"url\":\"https:\\\/\\\/diariotextual.com\\\/inicio\\\/\",\"name\":\"Diario Textual\",\"description\":\"\",\"publisher\":{\"@id\":\"https:\\\/\\\/diariotextual.com\\\/inicio\\\/#organization\"},\"potentialAction\":[{\"@type\":\"SearchAction\",\"target\":{\"@type\":\"EntryPoint\",\"urlTemplate\":\"https:\\\/\\\/diariotextual.com\\\/inicio\\\/?s={search_term_string}\"},\"query-input\":{\"@type\":\"PropertyValueSpecification\",\"valueRequired\":true,\"valueName\":\"search_term_string\"}}],\"inLanguage\":\"es\"},{\"@type\":\"Organization\",\"@id\":\"https:\\\/\\\/diariotextual.com\\\/inicio\\\/#organization\",\"name\":\"Diario Textual\",\"url\":\"https:\\\/\\\/diariotextual.com\\\/inicio\\\/\",\"logo\":{\"@type\":\"ImageObject\",\"inLanguage\":\"es\",\"@id\":\"https:\\\/\\\/diariotextual.com\\\/inicio\\\/#\\\/schema\\\/logo\\\/image\\\/\",\"url\":\"https:\\\/\\\/diariotextual.com\\\/inicio\\\/wp-content\\\/uploads\\\/2023\\\/05\\\/logotextual1.jpg\",\"contentUrl\":\"https:\\\/\\\/diariotextual.com\\\/inicio\\\/wp-content\\\/uploads\\\/2023\\\/05\\\/logotextual1.jpg\",\"width\":516,\"height\":76,\"caption\":\"Diario Textual\"},\"image\":{\"@id\":\"https:\\\/\\\/diariotextual.com\\\/inicio\\\/#\\\/schema\\\/logo\\\/image\\\/\"},\"sameAs\":[\"https:\\\/\\\/www.facebook.com\\\/eltextual\",\"https:\\\/\\\/x.com\\\/eltextual\",\"http:\\\/\\\/www.instagram.com\\\/eltextual\"]},{\"@type\":\"Person\",\"@id\":\"https:\\\/\\\/diariotextual.com\\\/inicio\\\/#\\\/schema\\\/person\\\/418fc4093c33e86ed41562db3508f958\",\"name\":\"Diario1 Diario1\",\"image\":{\"@type\":\"ImageObject\",\"inLanguage\":\"es\",\"@id\":\"https:\\\/\\\/secure.gravatar.com\\\/avatar\\\/9167d280179c85bc18be67aa7eda765854300033af4896dd779b608640f2ef7a?s=96&d=mm&r=g\",\"url\":\"https:\\\/\\\/secure.gravatar.com\\\/avatar\\\/9167d280179c85bc18be67aa7eda765854300033af4896dd779b608640f2ef7a?s=96&d=mm&r=g\",\"contentUrl\":\"https:\\\/\\\/secure.gravatar.com\\\/avatar\\\/9167d280179c85bc18be67aa7eda765854300033af4896dd779b608640f2ef7a?s=96&d=mm&r=g\",\"caption\":\"Diario1 Diario1\"},\"url\":\"https:\\\/\\\/diariotextual.com\\\/inicio\\\/index.php\\\/author\\\/diario1\\\/\"}]}<\/script>\n<!-- \/ Yoast SEO plugin. -->","yoast_head_json":{"title":"Garro se enfrenta a una causa de homicidio culposo, agravado por alcoholemia: expectativa de prisi\u00f3n de hasta 6 a\u00f1os - Diario Textual","robots":{"index":"index","follow":"follow","max-snippet":"max-snippet:-1","max-image-preview":"max-image-preview:large","max-video-preview":"max-video-preview:-1"},"canonical":"https:\/\/diariotextual.com\/inicio\/index.php\/2025\/01\/04\/garro-se-enfrenta-a-una-causa-de-homicidio-culposo-agravado-por-alcoholemia-expectativa-de-prision-de-hasta-6-anos\/","og_locale":"es_ES","og_type":"article","og_title":"Garro se enfrenta a una causa de homicidio culposo, agravado por alcoholemia: expectativa de prisi\u00f3n de hasta 6 a\u00f1os - Diario Textual","og_description":"El futbolista Rodrigo Garro (27 a\u00f1os) choc\u00f3 este s\u00e1bado mientras manejaba su camioneta en la ciudad General Pico. Por el hecho muri\u00f3 un joven de 30 a\u00f1os que iba a&hellip;","og_url":"https:\/\/diariotextual.com\/inicio\/index.php\/2025\/01\/04\/garro-se-enfrenta-a-una-causa-de-homicidio-culposo-agravado-por-alcoholemia-expectativa-de-prision-de-hasta-6-anos\/","og_site_name":"Diario Textual","article_publisher":"https:\/\/www.facebook.com\/eltextual","article_published_time":"2025-01-04T16:30:14+00:00","article_modified_time":"2025-01-05T14:54:35+00:00","og_image":[{"width":720,"height":333,"url":"https:\/\/diariotextual.com\/inicio\/wp-content\/uploads\/2025\/01\/garrorodrigosiniestro2025-1.jpg","type":"image\/jpeg"}],"author":"Diario1 Diario1","twitter_card":"summary_large_image","twitter_creator":"@eltextual","twitter_site":"@eltextual","twitter_misc":{"Escrito por":"Diario1 Diario1","Tiempo de lectura":"3 minutos"},"schema":{"@context":"https:\/\/schema.org","@graph":[{"@type":"Article","@id":"https:\/\/diariotextual.com\/inicio\/index.php\/2025\/01\/04\/garro-se-enfrenta-a-una-causa-de-homicidio-culposo-agravado-por-alcoholemia-expectativa-de-prision-de-hasta-6-anos\/#article","isPartOf":{"@id":"https:\/\/diariotextual.com\/inicio\/index.php\/2025\/01\/04\/garro-se-enfrenta-a-una-causa-de-homicidio-culposo-agravado-por-alcoholemia-expectativa-de-prision-de-hasta-6-anos\/"},"author":{"name":"Diario1 Diario1","@id":"https:\/\/diariotextual.com\/inicio\/#\/schema\/person\/418fc4093c33e86ed41562db3508f958"},"headline":"Garro se enfrenta a una causa de homicidio culposo, agravado por alcoholemia: expectativa de prisi\u00f3n de hasta 6 a\u00f1os","datePublished":"2025-01-04T16:30:14+00:00","dateModified":"2025-01-05T14:54:35+00:00","mainEntityOfPage":{"@id":"https:\/\/diariotextual.com\/inicio\/index.php\/2025\/01\/04\/garro-se-enfrenta-a-una-causa-de-homicidio-culposo-agravado-por-alcoholemia-expectativa-de-prision-de-hasta-6-anos\/"},"wordCount":485,"publisher":{"@id":"https:\/\/diariotextual.com\/inicio\/#organization"},"image":{"@id":"https:\/\/diariotextual.com\/inicio\/index.php\/2025\/01\/04\/garro-se-enfrenta-a-una-causa-de-homicidio-culposo-agravado-por-alcoholemia-expectativa-de-prision-de-hasta-6-anos\/#primaryimage"},"thumbnailUrl":"https:\/\/diariotextual.com\/inicio\/wp-content\/uploads\/2025\/01\/garrorodrigosiniestro2025-1.jpg","articleSection":["SOCIEDAD"],"inLanguage":"es"},{"@type":"WebPage","@id":"https:\/\/diariotextual.com\/inicio\/index.php\/2025\/01\/04\/garro-se-enfrenta-a-una-causa-de-homicidio-culposo-agravado-por-alcoholemia-expectativa-de-prision-de-hasta-6-anos\/","url":"https:\/\/diariotextual.com\/inicio\/index.php\/2025\/01\/04\/garro-se-enfrenta-a-una-causa-de-homicidio-culposo-agravado-por-alcoholemia-expectativa-de-prision-de-hasta-6-anos\/","name":"Garro se enfrenta a una causa de homicidio culposo, agravado por alcoholemia: expectativa de prisi\u00f3n de hasta 6 a\u00f1os - Diario Textual","isPartOf":{"@id":"https:\/\/diariotextual.com\/inicio\/#website"},"primaryImageOfPage":{"@id":"https:\/\/diariotextual.com\/inicio\/index.php\/2025\/01\/04\/garro-se-enfrenta-a-una-causa-de-homicidio-culposo-agravado-por-alcoholemia-expectativa-de-prision-de-hasta-6-anos\/#primaryimage"},"image":{"@id":"https:\/\/diariotextual.com\/inicio\/index.php\/2025\/01\/04\/garro-se-enfrenta-a-una-causa-de-homicidio-culposo-agravado-por-alcoholemia-expectativa-de-prision-de-hasta-6-anos\/#primaryimage"},"thumbnailUrl":"https:\/\/diariotextual.com\/inicio\/wp-content\/uploads\/2025\/01\/garrorodrigosiniestro2025-1.jpg","datePublished":"2025-01-04T16:30:14+00:00","dateModified":"2025-01-05T14:54:35+00:00","breadcrumb":{"@id":"https:\/\/diariotextual.com\/inicio\/index.php\/2025\/01\/04\/garro-se-enfrenta-a-una-causa-de-homicidio-culposo-agravado-por-alcoholemia-expectativa-de-prision-de-hasta-6-anos\/#breadcrumb"},"inLanguage":"es","potentialAction":[{"@type":"ReadAction","target":["https:\/\/diariotextual.com\/inicio\/index.php\/2025\/01\/04\/garro-se-enfrenta-a-una-causa-de-homicidio-culposo-agravado-por-alcoholemia-expectativa-de-prision-de-hasta-6-anos\/"]}]},{"@type":"ImageObject","inLanguage":"es","@id":"https:\/\/diariotextual.com\/inicio\/index.php\/2025\/01\/04\/garro-se-enfrenta-a-una-causa-de-homicidio-culposo-agravado-por-alcoholemia-expectativa-de-prision-de-hasta-6-anos\/#primaryimage","url":"https:\/\/diariotextual.com\/inicio\/wp-content\/uploads\/2025\/01\/garrorodrigosiniestro2025-1.jpg","contentUrl":"https:\/\/diariotextual.com\/inicio\/wp-content\/uploads\/2025\/01\/garrorodrigosiniestro2025-1.jpg","width":720,"height":333},{"@type":"BreadcrumbList","@id":"https:\/\/diariotextual.com\/inicio\/index.php\/2025\/01\/04\/garro-se-enfrenta-a-una-causa-de-homicidio-culposo-agravado-por-alcoholemia-expectativa-de-prision-de-hasta-6-anos\/#breadcrumb","itemListElement":[{"@type":"ListItem","position":1,"name":"Portada","item":"https:\/\/diariotextual.com\/inicio\/"},{"@type":"ListItem","position":2,"name":"Garro se enfrenta a una causa de homicidio culposo, agravado por alcoholemia: expectativa de prisi\u00f3n de hasta 6 a\u00f1os"}]},{"@type":"WebSite","@id":"https:\/\/diariotextual.com\/inicio\/#website","url":"https:\/\/diariotextual.com\/inicio\/","name":"Diario Textual","description":"","publisher":{"@id":"https:\/\/diariotextual.com\/inicio\/#organization"},"potentialAction":[{"@type":"SearchAction","target":{"@type":"EntryPoint","urlTemplate":"https:\/\/diariotextual.com\/inicio\/?s={search_term_string}"},"query-input":{"@type":"PropertyValueSpecification","valueRequired":true,"valueName":"search_term_string"}}],"inLanguage":"es"},{"@type":"Organization","@id":"https:\/\/diariotextual.com\/inicio\/#organization","name":"Diario Textual","url":"https:\/\/diariotextual.com\/inicio\/","logo":{"@type":"ImageObject","inLanguage":"es","@id":"https:\/\/diariotextual.com\/inicio\/#\/schema\/logo\/image\/","url":"https:\/\/diariotextual.com\/inicio\/wp-content\/uploads\/2023\/05\/logotextual1.jpg","contentUrl":"https:\/\/diariotextual.com\/inicio\/wp-content\/uploads\/2023\/05\/logotextual1.jpg","width":516,"height":76,"caption":"Diario Textual"},"image":{"@id":"https:\/\/diariotextual.com\/inicio\/#\/schema\/logo\/image\/"},"sameAs":["https:\/\/www.facebook.com\/eltextual","https:\/\/x.com\/eltextual","http:\/\/www.instagram.com\/eltextual"]},{"@type":"Person","@id":"https:\/\/diariotextual.com\/inicio\/#\/schema\/person\/418fc4093c33e86ed41562db3508f958","name":"Diario1 Diario1","image":{"@type":"ImageObject","inLanguage":"es","@id":"https:\/\/secure.gravatar.com\/avatar\/9167d280179c85bc18be67aa7eda765854300033af4896dd779b608640f2ef7a?s=96&d=mm&r=g","url":"https:\/\/secure.gravatar.com\/avatar\/9167d280179c85bc18be67aa7eda765854300033af4896dd779b608640f2ef7a?s=96&d=mm&r=g","contentUrl":"https:\/\/secure.gravatar.com\/avatar\/9167d280179c85bc18be67aa7eda765854300033af4896dd779b608640f2ef7a?s=96&d=mm&r=g","caption":"Diario1 Diario1"},"url":"https:\/\/diariotextual.com\/inicio\/index.php\/author\/diario1\/"}]}},"_links":{"self":[{"href":"https:\/\/diariotextual.com\/inicio\/index.php\/wp-json\/wp\/v2\/posts\/285662","targetHints":{"allow":["GET"]}}],"collection":[{"href":"https:\/\/diariotextual.com\/inicio\/index.php\/wp-json\/wp\/v2\/posts"}],"about":[{"href":"https:\/\/diariotextual.com\/inicio\/index.php\/wp-json\/wp\/v2\/types\/post"}],"author":[{"embeddable":true,"href":"https:\/\/diariotextual.com\/inicio\/index.php\/wp-json\/wp\/v2\/users\/3"}],"replies":[{"embeddable":true,"href":"https:\/\/diariotextual.com\/inicio\/index.php\/wp-json\/wp\/v2\/comments?post=285662"}],"version-history":[{"count":5,"href":"https:\/\/diariotextual.com\/inicio\/index.php\/wp-json\/wp\/v2\/posts\/285662\/revisions"}],"predecessor-version":[{"id":285699,"href":"https:\/\/diariotextual.com\/inicio\/index.php\/wp-json\/wp\/v2\/posts\/285662\/revisions\/285699"}],"wp:featuredmedia":[{"embeddable":true,"href":"https:\/\/diariotextual.com\/inicio\/index.php\/wp-json\/wp\/v2\/media\/285664"}],"wp:attachment":[{"href":"https:\/\/diariotextual.com\/inicio\/index.php\/wp-json\/wp\/v2\/media?parent=285662"}],"wp:term":[{"taxonomy":"category","embeddable":true,"href":"https:\/\/diariotextual.com\/inicio\/index.php\/wp-json\/wp\/v2\/categories?post=285662"},{"taxonomy":"post_tag","embeddable":true,"href":"https:\/\/diariotextual.com\/inicio\/index.php\/wp-json\/wp\/v2\/tags?post=285662"}],"curies":[{"name":"wp","href":"https:\/\/api.w.org\/{rel}","templated":true}]}}