{"id":285711,"date":"2025-01-04T19:35:10","date_gmt":"2025-01-04T22:35:10","guid":{"rendered":"https:\/\/diariotextual.com\/inicio\/?p=285711"},"modified":"2025-01-04T21:49:07","modified_gmt":"2025-01-05T00:49:07","slug":"se-largo-el-rally-dakar-2025-como-le-fue-al-pampeano-david-zille","status":"publish","type":"post","link":"https:\/\/diariotextual.com\/inicio\/index.php\/2025\/01\/04\/se-largo-el-rally-dakar-2025-como-le-fue-al-pampeano-david-zille\/","title":{"rendered":"Se larg\u00f3 el Rally Dakar 2025: c\u00f3mo le fue al pampeano David Zille"},"content":{"rendered":"\n<p>Nicol\u00e1s Cavigliasso y Valentina Pertegarini tuvieron un gran comienzo en el Rally Dakar 2025 que se corre, por s\u00e9ptimo a\u00f1o consecutivo, en Arabia Saudita. La dupla cordobesa logr\u00f3 imponerse en la primera etapa de 413 kil\u00f3metros cronometrados y que tuvo epicentro en Bisha. En tanto, el pampeano David Zille sufri\u00f3 un retraso por inconvenientes mec\u00e1nicos y arrib\u00f3 en el puesto 46.<\/p>\n\n\n\n<p>A bordo del Taurus T3 Max de BBR Motorsports, Cavigliasso pudo prevalecer por 18 segundos de ventaja sobre el portugu\u00e9s Gon\u00e7alo Guerreiro, con el cual intercambi\u00f3 la vanguardia durante los dif\u00edciles tramos de velocidad que tuvieron adem\u00e1s de las complicaciones del piso el recorrido por sectores con vegetaci\u00f3n que da\u00f1aron a los veh\u00edculos, public\u00f3 Campeones.<\/p>\n\n\n\n<p>David Zille y Sebasti\u00e1n Cesana sufrieron un retraso antes de los 180 kil\u00f3metros de la carrera, por un inconveniente de su Taurus T3 Max, que los releg\u00f3 en el clasificador de la divisional. Luego de reparar, pudieron continuar hacia el campamento en Bisha, donde ingresaron tras cinco horas de trabajo.<\/p>\n\n\n\n<p><\/p>\n\n\n\n<blockquote class=\"twitter-tweet\"><p lang=\"en\" dir=\"ltr\">The glamour of elite Rally-Raid competition with David Zille and Sebastian Cesana &#x1f60f; &#x1f6e0; <a href=\"https:\/\/twitter.com\/hashtag\/Dakar2025?src=hash&amp;ref_src=twsrc%5Etfw\">#Dakar2025<\/a> <a href=\"https:\/\/t.co\/pJm8ksI8Sk\">pic.twitter.com\/pJm8ksI8Sk<\/a><\/p>&mdash; DAKAR RALLY (@dakar) <a href=\"https:\/\/twitter.com\/dakar\/status\/1875519800098877781?ref_src=twsrc%5Etfw\">January 4, 2025<\/a><\/blockquote> <script async src=\"https:\/\/platform.twitter.com\/widgets.js\" charset=\"utf-8\"><\/script>\n\n\n\n<p><\/p>\n\n\n\n<p>Otro de los argentinos presentes es Augusto Sanz, quien cumple el rol de copiloto del qatar\u00ed Ahmed Al Kuwari con quien termin\u00f3 el d\u00eda a 5h07m11s de Cavigliasso; tambi\u00e9n termin\u00f3 el sanjuanino Lisandro Sisterna que navega al espa\u00f1ol Pau Navarro, clasific\u00e1ndose en top10 a 5h09s37s.<\/p>\n\n\n\n<p>Por su parte, el mendocino Bruno Jacomy lee la hoja de ruta de Khalifa Al-Attiyah, hermano de Nasser, y consiguieron sobrepasasr el desafiante camino de esta etapa inicial quedando a 28m31s del l\u00edder cordob\u00e9s; en tanto, Facundo Jat\u00f3n est\u00e1 en la butaca derecha del veh\u00edculo que conduce el espa\u00f1ol Xavi Foj, con quien arrib\u00f3 a 1h05m45s en el control final.<\/p>\n\n\n\n<p>En cuanto a Gast\u00f3n Mattarucco pudo guiar al colombiano Javier V\u00e9lez, y as\u00ed se clasificaron a 2h48m38s de Cavigliasso, pudiendo llegar hasta el vivac de Bisha y junto a sus mec\u00e1nicos trabajar en las reparaciones del coche, esperando por la extenuante etapa de 48 horas en donde no habr\u00e1 asistencias mec\u00e1nicas externas.<\/p>\n\n\n\n<p><\/p>\n","protected":false},"excerpt":{"rendered":"<p>Nicol\u00e1s Cavigliasso y Valentina Pertegarini tuvieron un gran comienzo en el Rally Dakar 2025 que se corre, por s\u00e9ptimo a\u00f1o consecutivo, en Arabia Saudita. La dupla cordobesa logr\u00f3 imponerse en&hellip;<\/p>\n","protected":false},"author":3,"featured_media":285714,"comment_status":"closed","ping_status":"open","sticky":false,"template":"","format":"standard","meta":{"_acf_changed":false,"footnotes":""},"categories":[1,3],"tags":[],"class_list":["post-285711","post","type-post","status-publish","format-standard","has-post-thumbnail","hentry","category-es-noticia","category-deportes"],"acf":[],"yoast_head":"<!-- This site is optimized with the Yoast SEO plugin v27.5 - https:\/\/yoast.com\/product\/yoast-seo-wordpress\/ -->\n<title>Se larg\u00f3 el Rally Dakar 2025: c\u00f3mo le fue al pampeano David Zille - Diario Textual<\/title>\n<meta name=\"robots\" content=\"index, follow, max-snippet:-1, max-image-preview:large, max-video-preview:-1\" \/>\n<link rel=\"canonical\" href=\"https:\/\/diariotextual.com\/inicio\/index.php\/2025\/01\/04\/se-largo-el-rally-dakar-2025-como-le-fue-al-pampeano-david-zille\/\" \/>\n<meta property=\"og:locale\" content=\"es_ES\" \/>\n<meta property=\"og:type\" content=\"article\" \/>\n<meta property=\"og:title\" content=\"Se larg\u00f3 el Rally Dakar 2025: c\u00f3mo le fue al pampeano David Zille - Diario Textual\" \/>\n<meta property=\"og:description\" content=\"Nicol\u00e1s Cavigliasso y Valentina Pertegarini tuvieron un gran comienzo en el Rally Dakar 2025 que se corre, por s\u00e9ptimo a\u00f1o consecutivo, en Arabia Saudita. La dupla cordobesa logr\u00f3 imponerse en&hellip;\" \/>\n<meta property=\"og:url\" content=\"https:\/\/diariotextual.com\/inicio\/index.php\/2025\/01\/04\/se-largo-el-rally-dakar-2025-como-le-fue-al-pampeano-david-zille\/\" \/>\n<meta property=\"og:site_name\" content=\"Diario Textual\" \/>\n<meta property=\"article:publisher\" content=\"https:\/\/www.facebook.com\/eltextual\" \/>\n<meta property=\"article:published_time\" content=\"2025-01-04T22:35:10+00:00\" \/>\n<meta property=\"article:modified_time\" content=\"2025-01-05T00:49:07+00:00\" \/>\n<meta property=\"og:image\" content=\"https:\/\/diariotextual.com\/inicio\/wp-content\/uploads\/2025\/01\/zilledaviddakar2025-1.jpg\" \/>\n\t<meta property=\"og:image:width\" content=\"511\" \/>\n\t<meta property=\"og:image:height\" content=\"323\" \/>\n\t<meta property=\"og:image:type\" content=\"image\/jpeg\" \/>\n<meta name=\"author\" content=\"Diario1 Diario1\" \/>\n<meta name=\"twitter:card\" content=\"summary_large_image\" \/>\n<meta name=\"twitter:creator\" content=\"@eltextual\" \/>\n<meta name=\"twitter:site\" content=\"@eltextual\" \/>\n<meta name=\"twitter:label1\" content=\"Escrito por\" \/>\n\t<meta name=\"twitter:data1\" content=\"Diario1 Diario1\" \/>\n\t<meta name=\"twitter:label2\" content=\"Tiempo de lectura\" \/>\n\t<meta name=\"twitter:data2\" content=\"2 minutos\" \/>\n<script type=\"application\/ld+json\" class=\"yoast-schema-graph\">{\"@context\":\"https:\\\/\\\/schema.org\",\"@graph\":[{\"@type\":\"Article\",\"@id\":\"https:\\\/\\\/diariotextual.com\\\/inicio\\\/index.php\\\/2025\\\/01\\\/04\\\/se-largo-el-rally-dakar-2025-como-le-fue-al-pampeano-david-zille\\\/#article\",\"isPartOf\":{\"@id\":\"https:\\\/\\\/diariotextual.com\\\/inicio\\\/index.php\\\/2025\\\/01\\\/04\\\/se-largo-el-rally-dakar-2025-como-le-fue-al-pampeano-david-zille\\\/\"},\"author\":{\"name\":\"Diario1 Diario1\",\"@id\":\"https:\\\/\\\/diariotextual.com\\\/inicio\\\/#\\\/schema\\\/person\\\/418fc4093c33e86ed41562db3508f958\"},\"headline\":\"Se larg\u00f3 el Rally Dakar 2025: c\u00f3mo le fue al pampeano David Zille\",\"datePublished\":\"2025-01-04T22:35:10+00:00\",\"dateModified\":\"2025-01-05T00:49:07+00:00\",\"mainEntityOfPage\":{\"@id\":\"https:\\\/\\\/diariotextual.com\\\/inicio\\\/index.php\\\/2025\\\/01\\\/04\\\/se-largo-el-rally-dakar-2025-como-le-fue-al-pampeano-david-zille\\\/\"},\"wordCount\":396,\"publisher\":{\"@id\":\"https:\\\/\\\/diariotextual.com\\\/inicio\\\/#organization\"},\"image\":{\"@id\":\"https:\\\/\\\/diariotextual.com\\\/inicio\\\/index.php\\\/2025\\\/01\\\/04\\\/se-largo-el-rally-dakar-2025-como-le-fue-al-pampeano-david-zille\\\/#primaryimage\"},\"thumbnailUrl\":\"https:\\\/\\\/diariotextual.com\\\/inicio\\\/wp-content\\\/uploads\\\/2025\\\/01\\\/zilledaviddakar2025-1.jpg\",\"articleSection\":[\"A - ES NOTICIA (van abajo)\",\"DEPORTES\"],\"inLanguage\":\"es\"},{\"@type\":\"WebPage\",\"@id\":\"https:\\\/\\\/diariotextual.com\\\/inicio\\\/index.php\\\/2025\\\/01\\\/04\\\/se-largo-el-rally-dakar-2025-como-le-fue-al-pampeano-david-zille\\\/\",\"url\":\"https:\\\/\\\/diariotextual.com\\\/inicio\\\/index.php\\\/2025\\\/01\\\/04\\\/se-largo-el-rally-dakar-2025-como-le-fue-al-pampeano-david-zille\\\/\",\"name\":\"Se larg\u00f3 el Rally Dakar 2025: c\u00f3mo le fue al pampeano David Zille - Diario Textual\",\"isPartOf\":{\"@id\":\"https:\\\/\\\/diariotextual.com\\\/inicio\\\/#website\"},\"primaryImageOfPage\":{\"@id\":\"https:\\\/\\\/diariotextual.com\\\/inicio\\\/index.php\\\/2025\\\/01\\\/04\\\/se-largo-el-rally-dakar-2025-como-le-fue-al-pampeano-david-zille\\\/#primaryimage\"},\"image\":{\"@id\":\"https:\\\/\\\/diariotextual.com\\\/inicio\\\/index.php\\\/2025\\\/01\\\/04\\\/se-largo-el-rally-dakar-2025-como-le-fue-al-pampeano-david-zille\\\/#primaryimage\"},\"thumbnailUrl\":\"https:\\\/\\\/diariotextual.com\\\/inicio\\\/wp-content\\\/uploads\\\/2025\\\/01\\\/zilledaviddakar2025-1.jpg\",\"datePublished\":\"2025-01-04T22:35:10+00:00\",\"dateModified\":\"2025-01-05T00:49:07+00:00\",\"breadcrumb\":{\"@id\":\"https:\\\/\\\/diariotextual.com\\\/inicio\\\/index.php\\\/2025\\\/01\\\/04\\\/se-largo-el-rally-dakar-2025-como-le-fue-al-pampeano-david-zille\\\/#breadcrumb\"},\"inLanguage\":\"es\",\"potentialAction\":[{\"@type\":\"ReadAction\",\"target\":[\"https:\\\/\\\/diariotextual.com\\\/inicio\\\/index.php\\\/2025\\\/01\\\/04\\\/se-largo-el-rally-dakar-2025-como-le-fue-al-pampeano-david-zille\\\/\"]}]},{\"@type\":\"ImageObject\",\"inLanguage\":\"es\",\"@id\":\"https:\\\/\\\/diariotextual.com\\\/inicio\\\/index.php\\\/2025\\\/01\\\/04\\\/se-largo-el-rally-dakar-2025-como-le-fue-al-pampeano-david-zille\\\/#primaryimage\",\"url\":\"https:\\\/\\\/diariotextual.com\\\/inicio\\\/wp-content\\\/uploads\\\/2025\\\/01\\\/zilledaviddakar2025-1.jpg\",\"contentUrl\":\"https:\\\/\\\/diariotextual.com\\\/inicio\\\/wp-content\\\/uploads\\\/2025\\\/01\\\/zilledaviddakar2025-1.jpg\",\"width\":511,\"height\":323},{\"@type\":\"BreadcrumbList\",\"@id\":\"https:\\\/\\\/diariotextual.com\\\/inicio\\\/index.php\\\/2025\\\/01\\\/04\\\/se-largo-el-rally-dakar-2025-como-le-fue-al-pampeano-david-zille\\\/#breadcrumb\",\"itemListElement\":[{\"@type\":\"ListItem\",\"position\":1,\"name\":\"Portada\",\"item\":\"https:\\\/\\\/diariotextual.com\\\/inicio\\\/\"},{\"@type\":\"ListItem\",\"position\":2,\"name\":\"Se larg\u00f3 el Rally Dakar 2025: c\u00f3mo le fue al pampeano David Zille\"}]},{\"@type\":\"WebSite\",\"@id\":\"https:\\\/\\\/diariotextual.com\\\/inicio\\\/#website\",\"url\":\"https:\\\/\\\/diariotextual.com\\\/inicio\\\/\",\"name\":\"Diario Textual\",\"description\":\"\",\"publisher\":{\"@id\":\"https:\\\/\\\/diariotextual.com\\\/inicio\\\/#organization\"},\"potentialAction\":[{\"@type\":\"SearchAction\",\"target\":{\"@type\":\"EntryPoint\",\"urlTemplate\":\"https:\\\/\\\/diariotextual.com\\\/inicio\\\/?s={search_term_string}\"},\"query-input\":{\"@type\":\"PropertyValueSpecification\",\"valueRequired\":true,\"valueName\":\"search_term_string\"}}],\"inLanguage\":\"es\"},{\"@type\":\"Organization\",\"@id\":\"https:\\\/\\\/diariotextual.com\\\/inicio\\\/#organization\",\"name\":\"Diario Textual\",\"url\":\"https:\\\/\\\/diariotextual.com\\\/inicio\\\/\",\"logo\":{\"@type\":\"ImageObject\",\"inLanguage\":\"es\",\"@id\":\"https:\\\/\\\/diariotextual.com\\\/inicio\\\/#\\\/schema\\\/logo\\\/image\\\/\",\"url\":\"https:\\\/\\\/diariotextual.com\\\/inicio\\\/wp-content\\\/uploads\\\/2023\\\/05\\\/logotextual1.jpg\",\"contentUrl\":\"https:\\\/\\\/diariotextual.com\\\/inicio\\\/wp-content\\\/uploads\\\/2023\\\/05\\\/logotextual1.jpg\",\"width\":516,\"height\":76,\"caption\":\"Diario Textual\"},\"image\":{\"@id\":\"https:\\\/\\\/diariotextual.com\\\/inicio\\\/#\\\/schema\\\/logo\\\/image\\\/\"},\"sameAs\":[\"https:\\\/\\\/www.facebook.com\\\/eltextual\",\"https:\\\/\\\/x.com\\\/eltextual\",\"http:\\\/\\\/www.instagram.com\\\/eltextual\"]},{\"@type\":\"Person\",\"@id\":\"https:\\\/\\\/diariotextual.com\\\/inicio\\\/#\\\/schema\\\/person\\\/418fc4093c33e86ed41562db3508f958\",\"name\":\"Diario1 Diario1\",\"image\":{\"@type\":\"ImageObject\",\"inLanguage\":\"es\",\"@id\":\"https:\\\/\\\/secure.gravatar.com\\\/avatar\\\/9167d280179c85bc18be67aa7eda765854300033af4896dd779b608640f2ef7a?s=96&d=mm&r=g\",\"url\":\"https:\\\/\\\/secure.gravatar.com\\\/avatar\\\/9167d280179c85bc18be67aa7eda765854300033af4896dd779b608640f2ef7a?s=96&d=mm&r=g\",\"contentUrl\":\"https:\\\/\\\/secure.gravatar.com\\\/avatar\\\/9167d280179c85bc18be67aa7eda765854300033af4896dd779b608640f2ef7a?s=96&d=mm&r=g\",\"caption\":\"Diario1 Diario1\"},\"url\":\"https:\\\/\\\/diariotextual.com\\\/inicio\\\/index.php\\\/author\\\/diario1\\\/\"}]}<\/script>\n<!-- \/ Yoast SEO plugin. -->","yoast_head_json":{"title":"Se larg\u00f3 el Rally Dakar 2025: c\u00f3mo le fue al pampeano David Zille - Diario Textual","robots":{"index":"index","follow":"follow","max-snippet":"max-snippet:-1","max-image-preview":"max-image-preview:large","max-video-preview":"max-video-preview:-1"},"canonical":"https:\/\/diariotextual.com\/inicio\/index.php\/2025\/01\/04\/se-largo-el-rally-dakar-2025-como-le-fue-al-pampeano-david-zille\/","og_locale":"es_ES","og_type":"article","og_title":"Se larg\u00f3 el Rally Dakar 2025: c\u00f3mo le fue al pampeano David Zille - Diario Textual","og_description":"Nicol\u00e1s Cavigliasso y Valentina Pertegarini tuvieron un gran comienzo en el Rally Dakar 2025 que se corre, por s\u00e9ptimo a\u00f1o consecutivo, en Arabia Saudita. La dupla cordobesa logr\u00f3 imponerse en&hellip;","og_url":"https:\/\/diariotextual.com\/inicio\/index.php\/2025\/01\/04\/se-largo-el-rally-dakar-2025-como-le-fue-al-pampeano-david-zille\/","og_site_name":"Diario Textual","article_publisher":"https:\/\/www.facebook.com\/eltextual","article_published_time":"2025-01-04T22:35:10+00:00","article_modified_time":"2025-01-05T00:49:07+00:00","og_image":[{"width":511,"height":323,"url":"https:\/\/diariotextual.com\/inicio\/wp-content\/uploads\/2025\/01\/zilledaviddakar2025-1.jpg","type":"image\/jpeg"}],"author":"Diario1 Diario1","twitter_card":"summary_large_image","twitter_creator":"@eltextual","twitter_site":"@eltextual","twitter_misc":{"Escrito por":"Diario1 Diario1","Tiempo de lectura":"2 minutos"},"schema":{"@context":"https:\/\/schema.org","@graph":[{"@type":"Article","@id":"https:\/\/diariotextual.com\/inicio\/index.php\/2025\/01\/04\/se-largo-el-rally-dakar-2025-como-le-fue-al-pampeano-david-zille\/#article","isPartOf":{"@id":"https:\/\/diariotextual.com\/inicio\/index.php\/2025\/01\/04\/se-largo-el-rally-dakar-2025-como-le-fue-al-pampeano-david-zille\/"},"author":{"name":"Diario1 Diario1","@id":"https:\/\/diariotextual.com\/inicio\/#\/schema\/person\/418fc4093c33e86ed41562db3508f958"},"headline":"Se larg\u00f3 el Rally Dakar 2025: c\u00f3mo le fue al pampeano David Zille","datePublished":"2025-01-04T22:35:10+00:00","dateModified":"2025-01-05T00:49:07+00:00","mainEntityOfPage":{"@id":"https:\/\/diariotextual.com\/inicio\/index.php\/2025\/01\/04\/se-largo-el-rally-dakar-2025-como-le-fue-al-pampeano-david-zille\/"},"wordCount":396,"publisher":{"@id":"https:\/\/diariotextual.com\/inicio\/#organization"},"image":{"@id":"https:\/\/diariotextual.com\/inicio\/index.php\/2025\/01\/04\/se-largo-el-rally-dakar-2025-como-le-fue-al-pampeano-david-zille\/#primaryimage"},"thumbnailUrl":"https:\/\/diariotextual.com\/inicio\/wp-content\/uploads\/2025\/01\/zilledaviddakar2025-1.jpg","articleSection":["A - ES NOTICIA (van abajo)","DEPORTES"],"inLanguage":"es"},{"@type":"WebPage","@id":"https:\/\/diariotextual.com\/inicio\/index.php\/2025\/01\/04\/se-largo-el-rally-dakar-2025-como-le-fue-al-pampeano-david-zille\/","url":"https:\/\/diariotextual.com\/inicio\/index.php\/2025\/01\/04\/se-largo-el-rally-dakar-2025-como-le-fue-al-pampeano-david-zille\/","name":"Se larg\u00f3 el Rally Dakar 2025: c\u00f3mo le fue al pampeano David Zille - Diario Textual","isPartOf":{"@id":"https:\/\/diariotextual.com\/inicio\/#website"},"primaryImageOfPage":{"@id":"https:\/\/diariotextual.com\/inicio\/index.php\/2025\/01\/04\/se-largo-el-rally-dakar-2025-como-le-fue-al-pampeano-david-zille\/#primaryimage"},"image":{"@id":"https:\/\/diariotextual.com\/inicio\/index.php\/2025\/01\/04\/se-largo-el-rally-dakar-2025-como-le-fue-al-pampeano-david-zille\/#primaryimage"},"thumbnailUrl":"https:\/\/diariotextual.com\/inicio\/wp-content\/uploads\/2025\/01\/zilledaviddakar2025-1.jpg","datePublished":"2025-01-04T22:35:10+00:00","dateModified":"2025-01-05T00:49:07+00:00","breadcrumb":{"@id":"https:\/\/diariotextual.com\/inicio\/index.php\/2025\/01\/04\/se-largo-el-rally-dakar-2025-como-le-fue-al-pampeano-david-zille\/#breadcrumb"},"inLanguage":"es","potentialAction":[{"@type":"ReadAction","target":["https:\/\/diariotextual.com\/inicio\/index.php\/2025\/01\/04\/se-largo-el-rally-dakar-2025-como-le-fue-al-pampeano-david-zille\/"]}]},{"@type":"ImageObject","inLanguage":"es","@id":"https:\/\/diariotextual.com\/inicio\/index.php\/2025\/01\/04\/se-largo-el-rally-dakar-2025-como-le-fue-al-pampeano-david-zille\/#primaryimage","url":"https:\/\/diariotextual.com\/inicio\/wp-content\/uploads\/2025\/01\/zilledaviddakar2025-1.jpg","contentUrl":"https:\/\/diariotextual.com\/inicio\/wp-content\/uploads\/2025\/01\/zilledaviddakar2025-1.jpg","width":511,"height":323},{"@type":"BreadcrumbList","@id":"https:\/\/diariotextual.com\/inicio\/index.php\/2025\/01\/04\/se-largo-el-rally-dakar-2025-como-le-fue-al-pampeano-david-zille\/#breadcrumb","itemListElement":[{"@type":"ListItem","position":1,"name":"Portada","item":"https:\/\/diariotextual.com\/inicio\/"},{"@type":"ListItem","position":2,"name":"Se larg\u00f3 el Rally Dakar 2025: c\u00f3mo le fue al pampeano David Zille"}]},{"@type":"WebSite","@id":"https:\/\/diariotextual.com\/inicio\/#website","url":"https:\/\/diariotextual.com\/inicio\/","name":"Diario Textual","description":"","publisher":{"@id":"https:\/\/diariotextual.com\/inicio\/#organization"},"potentialAction":[{"@type":"SearchAction","target":{"@type":"EntryPoint","urlTemplate":"https:\/\/diariotextual.com\/inicio\/?s={search_term_string}"},"query-input":{"@type":"PropertyValueSpecification","valueRequired":true,"valueName":"search_term_string"}}],"inLanguage":"es"},{"@type":"Organization","@id":"https:\/\/diariotextual.com\/inicio\/#organization","name":"Diario Textual","url":"https:\/\/diariotextual.com\/inicio\/","logo":{"@type":"ImageObject","inLanguage":"es","@id":"https:\/\/diariotextual.com\/inicio\/#\/schema\/logo\/image\/","url":"https:\/\/diariotextual.com\/inicio\/wp-content\/uploads\/2023\/05\/logotextual1.jpg","contentUrl":"https:\/\/diariotextual.com\/inicio\/wp-content\/uploads\/2023\/05\/logotextual1.jpg","width":516,"height":76,"caption":"Diario Textual"},"image":{"@id":"https:\/\/diariotextual.com\/inicio\/#\/schema\/logo\/image\/"},"sameAs":["https:\/\/www.facebook.com\/eltextual","https:\/\/x.com\/eltextual","http:\/\/www.instagram.com\/eltextual"]},{"@type":"Person","@id":"https:\/\/diariotextual.com\/inicio\/#\/schema\/person\/418fc4093c33e86ed41562db3508f958","name":"Diario1 Diario1","image":{"@type":"ImageObject","inLanguage":"es","@id":"https:\/\/secure.gravatar.com\/avatar\/9167d280179c85bc18be67aa7eda765854300033af4896dd779b608640f2ef7a?s=96&d=mm&r=g","url":"https:\/\/secure.gravatar.com\/avatar\/9167d280179c85bc18be67aa7eda765854300033af4896dd779b608640f2ef7a?s=96&d=mm&r=g","contentUrl":"https:\/\/secure.gravatar.com\/avatar\/9167d280179c85bc18be67aa7eda765854300033af4896dd779b608640f2ef7a?s=96&d=mm&r=g","caption":"Diario1 Diario1"},"url":"https:\/\/diariotextual.com\/inicio\/index.php\/author\/diario1\/"}]}},"_links":{"self":[{"href":"https:\/\/diariotextual.com\/inicio\/index.php\/wp-json\/wp\/v2\/posts\/285711","targetHints":{"allow":["GET"]}}],"collection":[{"href":"https:\/\/diariotextual.com\/inicio\/index.php\/wp-json\/wp\/v2\/posts"}],"about":[{"href":"https:\/\/diariotextual.com\/inicio\/index.php\/wp-json\/wp\/v2\/types\/post"}],"author":[{"embeddable":true,"href":"https:\/\/diariotextual.com\/inicio\/index.php\/wp-json\/wp\/v2\/users\/3"}],"replies":[{"embeddable":true,"href":"https:\/\/diariotextual.com\/inicio\/index.php\/wp-json\/wp\/v2\/comments?post=285711"}],"version-history":[{"count":2,"href":"https:\/\/diariotextual.com\/inicio\/index.php\/wp-json\/wp\/v2\/posts\/285711\/revisions"}],"predecessor-version":[{"id":285713,"href":"https:\/\/diariotextual.com\/inicio\/index.php\/wp-json\/wp\/v2\/posts\/285711\/revisions\/285713"}],"wp:featuredmedia":[{"embeddable":true,"href":"https:\/\/diariotextual.com\/inicio\/index.php\/wp-json\/wp\/v2\/media\/285714"}],"wp:attachment":[{"href":"https:\/\/diariotextual.com\/inicio\/index.php\/wp-json\/wp\/v2\/media?parent=285711"}],"wp:term":[{"taxonomy":"category","embeddable":true,"href":"https:\/\/diariotextual.com\/inicio\/index.php\/wp-json\/wp\/v2\/categories?post=285711"},{"taxonomy":"post_tag","embeddable":true,"href":"https:\/\/diariotextual.com\/inicio\/index.php\/wp-json\/wp\/v2\/tags?post=285711"}],"curies":[{"name":"wp","href":"https:\/\/api.w.org\/{rel}","templated":true}]}}