{"id":285730,"date":"2025-01-05T10:04:27","date_gmt":"2025-01-05T13:04:27","guid":{"rendered":"https:\/\/diariotextual.com\/inicio\/?p=285730"},"modified":"2025-01-06T21:00:28","modified_gmt":"2025-01-07T00:00:28","slug":"pico-quien-era-nicolas-chiaraviglio-la-victima-fatal-del-choque-que-protagonizo-rodrigo-garro","status":"publish","type":"post","link":"https:\/\/diariotextual.com\/inicio\/index.php\/2025\/01\/05\/pico-quien-era-nicolas-chiaraviglio-la-victima-fatal-del-choque-que-protagonizo-rodrigo-garro\/","title":{"rendered":"Pico: qui\u00e9n era Nicol\u00e1s Chiaraviglio, la v\u00edctima fatal del choque que protagoniz\u00f3 Rodrigo Garro"},"content":{"rendered":"\n<p>En la madrugada de este s\u00e1bado 4, el futbolista <strong>Rodrigo Garro<\/strong> -quien milita en el club brasile\u00f1o Corinthians- protagoniz\u00f3 un grave siniestro en la ciudad de General Pico, en el que<strong><a href=\"https:\/\/diariotextual.com\/inicio\/index.php\/2025\/01\/04\/un-futbolista-alcoholizado-choco-y-mato-a-un-motociclista-en-pico\/\" target=\"_blank\" rel=\"noreferrer noopener\"> falleci\u00f3 un motociclista de 30 a\u00f1os. <\/a>El test de alcoholemia dio como resultado positivo 0,54 g\/l <\/strong>y, aunque en un principio Garro fue demorado, qued\u00f3 en libertad a las horas.<\/p>\n\n\n\n<p>La v\u00edctima fatal fue<strong> Nicol\u00e1s Chiaraviglio<\/strong>, de 30 a\u00f1os de edad. Su muerte gener\u00f3 tristeza y dolor entre sus familiares y amigos, que lo recordaron en las redes sociales.<\/p>\n\n\n\n<p>Nicol\u00e1s era soltero y era empleado en Margar\u00eda, una empresa de venta de neum\u00e1ticos. Paralelamente, era un <strong>boxeador amateur. <\/strong>En su perfil de las redes sociales, mostr\u00f3 tanto asados con amigos como sus peleas victoriosas.<\/p>\n\n\n\n<p>El siniestro ocurri\u00f3 a las 2.45 de la ma\u00f1ana del s\u00e1bado, el d\u00eda del cumplea\u00f1os 27 de Garro. <\/p>\n\n\n\n<p>Ocurri\u00f3 en la calles 300 y 108 entre una Dodge Ram al mando de Garro y una moto Guerrero Trip 110 conducida por Chiaraviglio.<\/p>\n\n\n\n<p>Seg\u00fan los informes iniciales, ambos veh\u00edculos circulaban en sentidos opuestos por la calle 300, hasta que Garro, aparentemente intentando girar hacia la izquierda por la calle 108, colision\u00f3 contra la motocicleta. <\/p>\n\n\n\n<p>El fiscal Francisco Cuenca confirm\u00f3 que Chiaraviglio no llevaba casco y que la brutalidad del impacto result\u00f3 fatal de inmediato. Fue asistido por una enfermera que vive en las inmediaciones, pero todo fue infructuoso.<\/p>\n\n\n\n<figure class=\"wp-block-embed is-type-wp-embed is-provider-diario-textual wp-block-embed-diario-textual\"><div class=\"wp-block-embed__wrapper\">\n<blockquote class=\"wp-embedded-content\" data-secret=\"cEvpvcYRfS\"><a href=\"https:\/\/diariotextual.com\/inicio\/index.php\/2025\/01\/05\/formalizan-a-rodrigo-garro-por-homicidio-culposo-le-inhabilitan-manejar-pero-puede-salir-del-pais\/\">Formalizan a Rodrigo Garro por homicidio culposo: le inhabilitan manejar, pero puede salir del pa\u00eds<\/a><\/blockquote><iframe class=\"wp-embedded-content\" sandbox=\"allow-scripts\" security=\"restricted\" style=\"position: absolute; visibility: hidden;\" title=\"\u00abFormalizan a Rodrigo Garro por homicidio culposo: le inhabilitan manejar, pero puede salir del pa\u00eds\u00bb \u2014 Diario Textual\" src=\"https:\/\/diariotextual.com\/inicio\/index.php\/2025\/01\/05\/formalizan-a-rodrigo-garro-por-homicidio-culposo-le-inhabilitan-manejar-pero-puede-salir-del-pais\/embed\/#?secret=77jzkvGIwL#?secret=cEvpvcYRfS\" data-secret=\"cEvpvcYRfS\" width=\"600\" height=\"338\" frameborder=\"0\" marginwidth=\"0\" marginheight=\"0\" scrolling=\"no\"><\/iframe>\n<\/div><\/figure>\n\n\n\n<p>El jugador estaba alcoholizado: el test midi\u00f3 0,54 g\/l, lo que agrava su situaci\u00f3n legal.<\/p>\n\n\n\n<p>La causa fue caratulada como \u201chomicidio culposo agravado por conducir con alcoholemia positiva\u201d. La pena esperada var\u00eda entre 3 a 6 a\u00f1os de prisi\u00f3n, con la posibilidad de que la condena sea en prisi\u00f3n efectiva o en suspenso, dependiendo de los avances de la investigaci\u00f3n. Este domingo fue formalizado en la Justicia: se le sac\u00f3 la licencia de conducir, pero se le permiti\u00f3 salir del pa\u00eds.<\/p>\n\n\n\n<p>Allegados a la v\u00edctima recurrieron a las redes sociales para expresar el cari\u00f1o que sienten por Chiaraviglio y el dolor que les caus\u00f3 su muerte. \u201cQue en paz descanses en paz. Tantos recuerdos en casa con mi hermano y vos, cuando \u00e9ramos chicos. No caigo c\u00f3mo la vida no vale nada, estamos de paso. Ojal\u00e1 Dios te reciba porque eras un ser maravilloso. Los recuerdos est\u00e1n en mi memoria como en la de Oscar. En casa de mam\u00e1, fuiste feliz y muy querido. Las fotos las tenemos en el alma; lo vivido, en el coraz\u00f3n. Vol\u00e1 tranquilo porque, ac\u00e1 en la vida, fuiste especial\u201d, le dedic\u00f3 una amiga.<\/p>\n\n\n\n<p>\u201cQu\u00e9 mala suerte llegar de trabajar y enterarme por ac\u00e1 de que te toc\u00f3 partir mal. Ay, amigo, vol\u00e1 alto, campe\u00f3n\u201d, lament\u00f3 otro compa\u00f1ero en la misma red social, mientras que otros tambi\u00e9n enviaron sus condolencias a la familia del joven.<\/p>\n\n\n\n<figure class=\"wp-block-embed is-type-wp-embed is-provider-diario-textual wp-block-embed-diario-textual\"><div class=\"wp-block-embed__wrapper\">\n<blockquote class=\"wp-embedded-content\" data-secret=\"xcktX7NQH5\"><a href=\"https:\/\/diariotextual.com\/inicio\/index.php\/2025\/01\/04\/un-futbolista-alcoholizado-choco-y-mato-a-un-motociclista-en-pico\/\">Pico: muri\u00f3 al chocar contra la camioneta que conduc\u00eda el futbolista Rodrigo Garro<\/a><\/blockquote><iframe class=\"wp-embedded-content\" sandbox=\"allow-scripts\" security=\"restricted\" style=\"position: absolute; visibility: hidden;\" title=\"\u00abPico: muri\u00f3 al chocar contra la camioneta que conduc\u00eda el futbolista Rodrigo Garro\u00bb \u2014 Diario Textual\" src=\"https:\/\/diariotextual.com\/inicio\/index.php\/2025\/01\/04\/un-futbolista-alcoholizado-choco-y-mato-a-un-motociclista-en-pico\/embed\/#?secret=fcLcLcEpzu#?secret=xcktX7NQH5\" data-secret=\"xcktX7NQH5\" width=\"600\" height=\"338\" frameborder=\"0\" marginwidth=\"0\" marginheight=\"0\" scrolling=\"no\"><\/iframe>\n<\/div><\/figure>\n\n\n\n<p><\/p>\n","protected":false},"excerpt":{"rendered":"<p>En la madrugada de este s\u00e1bado 4, el futbolista Rodrigo Garro -quien milita en el club brasile\u00f1o Corinthians- protagoniz\u00f3 un grave siniestro en la ciudad de General Pico, en el&hellip;<\/p>\n","protected":false},"author":3,"featured_media":285735,"comment_status":"closed","ping_status":"open","sticky":false,"template":"","format":"standard","meta":{"_acf_changed":false,"footnotes":""},"categories":[1,12],"tags":[],"class_list":["post-285730","post","type-post","status-publish","format-standard","has-post-thumbnail","hentry","category-es-noticia","category-sociedad"],"acf":[],"yoast_head":"<!-- This site is optimized with the Yoast SEO plugin v27.4 - https:\/\/yoast.com\/product\/yoast-seo-wordpress\/ -->\n<title>Pico: qui\u00e9n era Nicol\u00e1s Chiaraviglio, la v\u00edctima fatal del choque que protagoniz\u00f3 Rodrigo Garro - Diario Textual<\/title>\n<meta name=\"robots\" content=\"index, follow, max-snippet:-1, max-image-preview:large, max-video-preview:-1\" \/>\n<link rel=\"canonical\" href=\"https:\/\/diariotextual.com\/inicio\/index.php\/2025\/01\/05\/pico-quien-era-nicolas-chiaraviglio-la-victima-fatal-del-choque-que-protagonizo-rodrigo-garro\/\" \/>\n<meta property=\"og:locale\" content=\"es_ES\" \/>\n<meta property=\"og:type\" content=\"article\" \/>\n<meta property=\"og:title\" content=\"Pico: qui\u00e9n era Nicol\u00e1s Chiaraviglio, la v\u00edctima fatal del choque que protagoniz\u00f3 Rodrigo Garro - Diario Textual\" \/>\n<meta property=\"og:description\" content=\"En la madrugada de este s\u00e1bado 4, el futbolista Rodrigo Garro -quien milita en el club brasile\u00f1o Corinthians- protagoniz\u00f3 un grave siniestro en la ciudad de General Pico, en el&hellip;\" \/>\n<meta property=\"og:url\" content=\"https:\/\/diariotextual.com\/inicio\/index.php\/2025\/01\/05\/pico-quien-era-nicolas-chiaraviglio-la-victima-fatal-del-choque-que-protagonizo-rodrigo-garro\/\" \/>\n<meta property=\"og:site_name\" content=\"Diario Textual\" \/>\n<meta property=\"article:publisher\" content=\"https:\/\/www.facebook.com\/eltextual\" \/>\n<meta property=\"article:published_time\" content=\"2025-01-05T13:04:27+00:00\" \/>\n<meta property=\"article:modified_time\" content=\"2025-01-07T00:00:28+00:00\" \/>\n<meta property=\"og:image\" content=\"https:\/\/diariotextual.com\/inicio\/wp-content\/uploads\/2025\/01\/chiaraviglionicolas2025-1.jpg\" \/>\n\t<meta property=\"og:image:width\" content=\"686\" \/>\n\t<meta property=\"og:image:height\" content=\"433\" \/>\n\t<meta property=\"og:image:type\" content=\"image\/jpeg\" \/>\n<meta name=\"author\" content=\"Diario1 Diario1\" \/>\n<meta name=\"twitter:card\" content=\"summary_large_image\" \/>\n<meta name=\"twitter:creator\" content=\"@eltextual\" \/>\n<meta name=\"twitter:site\" content=\"@eltextual\" \/>\n<meta name=\"twitter:label1\" content=\"Escrito por\" \/>\n\t<meta name=\"twitter:data1\" content=\"Diario1 Diario1\" \/>\n\t<meta name=\"twitter:label2\" content=\"Tiempo de lectura\" \/>\n\t<meta name=\"twitter:data2\" content=\"3 minutos\" \/>\n<script type=\"application\/ld+json\" class=\"yoast-schema-graph\">{\"@context\":\"https:\\\/\\\/schema.org\",\"@graph\":[{\"@type\":\"Article\",\"@id\":\"https:\\\/\\\/diariotextual.com\\\/inicio\\\/index.php\\\/2025\\\/01\\\/05\\\/pico-quien-era-nicolas-chiaraviglio-la-victima-fatal-del-choque-que-protagonizo-rodrigo-garro\\\/#article\",\"isPartOf\":{\"@id\":\"https:\\\/\\\/diariotextual.com\\\/inicio\\\/index.php\\\/2025\\\/01\\\/05\\\/pico-quien-era-nicolas-chiaraviglio-la-victima-fatal-del-choque-que-protagonizo-rodrigo-garro\\\/\"},\"author\":{\"name\":\"Diario1 Diario1\",\"@id\":\"https:\\\/\\\/diariotextual.com\\\/inicio\\\/#\\\/schema\\\/person\\\/418fc4093c33e86ed41562db3508f958\"},\"headline\":\"Pico: qui\u00e9n era Nicol\u00e1s Chiaraviglio, la v\u00edctima fatal del choque que protagoniz\u00f3 Rodrigo Garro\",\"datePublished\":\"2025-01-05T13:04:27+00:00\",\"dateModified\":\"2025-01-07T00:00:28+00:00\",\"mainEntityOfPage\":{\"@id\":\"https:\\\/\\\/diariotextual.com\\\/inicio\\\/index.php\\\/2025\\\/01\\\/05\\\/pico-quien-era-nicolas-chiaraviglio-la-victima-fatal-del-choque-que-protagonizo-rodrigo-garro\\\/\"},\"wordCount\":511,\"publisher\":{\"@id\":\"https:\\\/\\\/diariotextual.com\\\/inicio\\\/#organization\"},\"image\":{\"@id\":\"https:\\\/\\\/diariotextual.com\\\/inicio\\\/index.php\\\/2025\\\/01\\\/05\\\/pico-quien-era-nicolas-chiaraviglio-la-victima-fatal-del-choque-que-protagonizo-rodrigo-garro\\\/#primaryimage\"},\"thumbnailUrl\":\"https:\\\/\\\/diariotextual.com\\\/inicio\\\/wp-content\\\/uploads\\\/2025\\\/01\\\/chiaraviglionicolas2025-1.jpg\",\"articleSection\":[\"A - ES NOTICIA (van abajo)\",\"SOCIEDAD\"],\"inLanguage\":\"es\"},{\"@type\":\"WebPage\",\"@id\":\"https:\\\/\\\/diariotextual.com\\\/inicio\\\/index.php\\\/2025\\\/01\\\/05\\\/pico-quien-era-nicolas-chiaraviglio-la-victima-fatal-del-choque-que-protagonizo-rodrigo-garro\\\/\",\"url\":\"https:\\\/\\\/diariotextual.com\\\/inicio\\\/index.php\\\/2025\\\/01\\\/05\\\/pico-quien-era-nicolas-chiaraviglio-la-victima-fatal-del-choque-que-protagonizo-rodrigo-garro\\\/\",\"name\":\"Pico: qui\u00e9n era Nicol\u00e1s Chiaraviglio, la v\u00edctima fatal del choque que protagoniz\u00f3 Rodrigo Garro - Diario Textual\",\"isPartOf\":{\"@id\":\"https:\\\/\\\/diariotextual.com\\\/inicio\\\/#website\"},\"primaryImageOfPage\":{\"@id\":\"https:\\\/\\\/diariotextual.com\\\/inicio\\\/index.php\\\/2025\\\/01\\\/05\\\/pico-quien-era-nicolas-chiaraviglio-la-victima-fatal-del-choque-que-protagonizo-rodrigo-garro\\\/#primaryimage\"},\"image\":{\"@id\":\"https:\\\/\\\/diariotextual.com\\\/inicio\\\/index.php\\\/2025\\\/01\\\/05\\\/pico-quien-era-nicolas-chiaraviglio-la-victima-fatal-del-choque-que-protagonizo-rodrigo-garro\\\/#primaryimage\"},\"thumbnailUrl\":\"https:\\\/\\\/diariotextual.com\\\/inicio\\\/wp-content\\\/uploads\\\/2025\\\/01\\\/chiaraviglionicolas2025-1.jpg\",\"datePublished\":\"2025-01-05T13:04:27+00:00\",\"dateModified\":\"2025-01-07T00:00:28+00:00\",\"breadcrumb\":{\"@id\":\"https:\\\/\\\/diariotextual.com\\\/inicio\\\/index.php\\\/2025\\\/01\\\/05\\\/pico-quien-era-nicolas-chiaraviglio-la-victima-fatal-del-choque-que-protagonizo-rodrigo-garro\\\/#breadcrumb\"},\"inLanguage\":\"es\",\"potentialAction\":[{\"@type\":\"ReadAction\",\"target\":[\"https:\\\/\\\/diariotextual.com\\\/inicio\\\/index.php\\\/2025\\\/01\\\/05\\\/pico-quien-era-nicolas-chiaraviglio-la-victima-fatal-del-choque-que-protagonizo-rodrigo-garro\\\/\"]}]},{\"@type\":\"ImageObject\",\"inLanguage\":\"es\",\"@id\":\"https:\\\/\\\/diariotextual.com\\\/inicio\\\/index.php\\\/2025\\\/01\\\/05\\\/pico-quien-era-nicolas-chiaraviglio-la-victima-fatal-del-choque-que-protagonizo-rodrigo-garro\\\/#primaryimage\",\"url\":\"https:\\\/\\\/diariotextual.com\\\/inicio\\\/wp-content\\\/uploads\\\/2025\\\/01\\\/chiaraviglionicolas2025-1.jpg\",\"contentUrl\":\"https:\\\/\\\/diariotextual.com\\\/inicio\\\/wp-content\\\/uploads\\\/2025\\\/01\\\/chiaraviglionicolas2025-1.jpg\",\"width\":686,\"height\":433},{\"@type\":\"BreadcrumbList\",\"@id\":\"https:\\\/\\\/diariotextual.com\\\/inicio\\\/index.php\\\/2025\\\/01\\\/05\\\/pico-quien-era-nicolas-chiaraviglio-la-victima-fatal-del-choque-que-protagonizo-rodrigo-garro\\\/#breadcrumb\",\"itemListElement\":[{\"@type\":\"ListItem\",\"position\":1,\"name\":\"Portada\",\"item\":\"https:\\\/\\\/diariotextual.com\\\/inicio\\\/\"},{\"@type\":\"ListItem\",\"position\":2,\"name\":\"Pico: qui\u00e9n era Nicol\u00e1s Chiaraviglio, la v\u00edctima fatal del choque que protagoniz\u00f3 Rodrigo Garro\"}]},{\"@type\":\"WebSite\",\"@id\":\"https:\\\/\\\/diariotextual.com\\\/inicio\\\/#website\",\"url\":\"https:\\\/\\\/diariotextual.com\\\/inicio\\\/\",\"name\":\"Diario Textual\",\"description\":\"\",\"publisher\":{\"@id\":\"https:\\\/\\\/diariotextual.com\\\/inicio\\\/#organization\"},\"potentialAction\":[{\"@type\":\"SearchAction\",\"target\":{\"@type\":\"EntryPoint\",\"urlTemplate\":\"https:\\\/\\\/diariotextual.com\\\/inicio\\\/?s={search_term_string}\"},\"query-input\":{\"@type\":\"PropertyValueSpecification\",\"valueRequired\":true,\"valueName\":\"search_term_string\"}}],\"inLanguage\":\"es\"},{\"@type\":\"Organization\",\"@id\":\"https:\\\/\\\/diariotextual.com\\\/inicio\\\/#organization\",\"name\":\"Diario Textual\",\"url\":\"https:\\\/\\\/diariotextual.com\\\/inicio\\\/\",\"logo\":{\"@type\":\"ImageObject\",\"inLanguage\":\"es\",\"@id\":\"https:\\\/\\\/diariotextual.com\\\/inicio\\\/#\\\/schema\\\/logo\\\/image\\\/\",\"url\":\"https:\\\/\\\/diariotextual.com\\\/inicio\\\/wp-content\\\/uploads\\\/2023\\\/05\\\/logotextual1.jpg\",\"contentUrl\":\"https:\\\/\\\/diariotextual.com\\\/inicio\\\/wp-content\\\/uploads\\\/2023\\\/05\\\/logotextual1.jpg\",\"width\":516,\"height\":76,\"caption\":\"Diario Textual\"},\"image\":{\"@id\":\"https:\\\/\\\/diariotextual.com\\\/inicio\\\/#\\\/schema\\\/logo\\\/image\\\/\"},\"sameAs\":[\"https:\\\/\\\/www.facebook.com\\\/eltextual\",\"https:\\\/\\\/x.com\\\/eltextual\",\"http:\\\/\\\/www.instagram.com\\\/eltextual\"]},{\"@type\":\"Person\",\"@id\":\"https:\\\/\\\/diariotextual.com\\\/inicio\\\/#\\\/schema\\\/person\\\/418fc4093c33e86ed41562db3508f958\",\"name\":\"Diario1 Diario1\",\"image\":{\"@type\":\"ImageObject\",\"inLanguage\":\"es\",\"@id\":\"https:\\\/\\\/secure.gravatar.com\\\/avatar\\\/9167d280179c85bc18be67aa7eda765854300033af4896dd779b608640f2ef7a?s=96&d=mm&r=g\",\"url\":\"https:\\\/\\\/secure.gravatar.com\\\/avatar\\\/9167d280179c85bc18be67aa7eda765854300033af4896dd779b608640f2ef7a?s=96&d=mm&r=g\",\"contentUrl\":\"https:\\\/\\\/secure.gravatar.com\\\/avatar\\\/9167d280179c85bc18be67aa7eda765854300033af4896dd779b608640f2ef7a?s=96&d=mm&r=g\",\"caption\":\"Diario1 Diario1\"},\"url\":\"https:\\\/\\\/diariotextual.com\\\/inicio\\\/index.php\\\/author\\\/diario1\\\/\"}]}<\/script>\n<!-- \/ Yoast SEO plugin. -->","yoast_head_json":{"title":"Pico: qui\u00e9n era Nicol\u00e1s Chiaraviglio, la v\u00edctima fatal del choque que protagoniz\u00f3 Rodrigo Garro - Diario Textual","robots":{"index":"index","follow":"follow","max-snippet":"max-snippet:-1","max-image-preview":"max-image-preview:large","max-video-preview":"max-video-preview:-1"},"canonical":"https:\/\/diariotextual.com\/inicio\/index.php\/2025\/01\/05\/pico-quien-era-nicolas-chiaraviglio-la-victima-fatal-del-choque-que-protagonizo-rodrigo-garro\/","og_locale":"es_ES","og_type":"article","og_title":"Pico: qui\u00e9n era Nicol\u00e1s Chiaraviglio, la v\u00edctima fatal del choque que protagoniz\u00f3 Rodrigo Garro - Diario Textual","og_description":"En la madrugada de este s\u00e1bado 4, el futbolista Rodrigo Garro -quien milita en el club brasile\u00f1o Corinthians- protagoniz\u00f3 un grave siniestro en la ciudad de General Pico, en el&hellip;","og_url":"https:\/\/diariotextual.com\/inicio\/index.php\/2025\/01\/05\/pico-quien-era-nicolas-chiaraviglio-la-victima-fatal-del-choque-que-protagonizo-rodrigo-garro\/","og_site_name":"Diario Textual","article_publisher":"https:\/\/www.facebook.com\/eltextual","article_published_time":"2025-01-05T13:04:27+00:00","article_modified_time":"2025-01-07T00:00:28+00:00","og_image":[{"width":686,"height":433,"url":"https:\/\/diariotextual.com\/inicio\/wp-content\/uploads\/2025\/01\/chiaraviglionicolas2025-1.jpg","type":"image\/jpeg"}],"author":"Diario1 Diario1","twitter_card":"summary_large_image","twitter_creator":"@eltextual","twitter_site":"@eltextual","twitter_misc":{"Escrito por":"Diario1 Diario1","Tiempo de lectura":"3 minutos"},"schema":{"@context":"https:\/\/schema.org","@graph":[{"@type":"Article","@id":"https:\/\/diariotextual.com\/inicio\/index.php\/2025\/01\/05\/pico-quien-era-nicolas-chiaraviglio-la-victima-fatal-del-choque-que-protagonizo-rodrigo-garro\/#article","isPartOf":{"@id":"https:\/\/diariotextual.com\/inicio\/index.php\/2025\/01\/05\/pico-quien-era-nicolas-chiaraviglio-la-victima-fatal-del-choque-que-protagonizo-rodrigo-garro\/"},"author":{"name":"Diario1 Diario1","@id":"https:\/\/diariotextual.com\/inicio\/#\/schema\/person\/418fc4093c33e86ed41562db3508f958"},"headline":"Pico: qui\u00e9n era Nicol\u00e1s Chiaraviglio, la v\u00edctima fatal del choque que protagoniz\u00f3 Rodrigo Garro","datePublished":"2025-01-05T13:04:27+00:00","dateModified":"2025-01-07T00:00:28+00:00","mainEntityOfPage":{"@id":"https:\/\/diariotextual.com\/inicio\/index.php\/2025\/01\/05\/pico-quien-era-nicolas-chiaraviglio-la-victima-fatal-del-choque-que-protagonizo-rodrigo-garro\/"},"wordCount":511,"publisher":{"@id":"https:\/\/diariotextual.com\/inicio\/#organization"},"image":{"@id":"https:\/\/diariotextual.com\/inicio\/index.php\/2025\/01\/05\/pico-quien-era-nicolas-chiaraviglio-la-victima-fatal-del-choque-que-protagonizo-rodrigo-garro\/#primaryimage"},"thumbnailUrl":"https:\/\/diariotextual.com\/inicio\/wp-content\/uploads\/2025\/01\/chiaraviglionicolas2025-1.jpg","articleSection":["A - ES NOTICIA (van abajo)","SOCIEDAD"],"inLanguage":"es"},{"@type":"WebPage","@id":"https:\/\/diariotextual.com\/inicio\/index.php\/2025\/01\/05\/pico-quien-era-nicolas-chiaraviglio-la-victima-fatal-del-choque-que-protagonizo-rodrigo-garro\/","url":"https:\/\/diariotextual.com\/inicio\/index.php\/2025\/01\/05\/pico-quien-era-nicolas-chiaraviglio-la-victima-fatal-del-choque-que-protagonizo-rodrigo-garro\/","name":"Pico: qui\u00e9n era Nicol\u00e1s Chiaraviglio, la v\u00edctima fatal del choque que protagoniz\u00f3 Rodrigo Garro - Diario Textual","isPartOf":{"@id":"https:\/\/diariotextual.com\/inicio\/#website"},"primaryImageOfPage":{"@id":"https:\/\/diariotextual.com\/inicio\/index.php\/2025\/01\/05\/pico-quien-era-nicolas-chiaraviglio-la-victima-fatal-del-choque-que-protagonizo-rodrigo-garro\/#primaryimage"},"image":{"@id":"https:\/\/diariotextual.com\/inicio\/index.php\/2025\/01\/05\/pico-quien-era-nicolas-chiaraviglio-la-victima-fatal-del-choque-que-protagonizo-rodrigo-garro\/#primaryimage"},"thumbnailUrl":"https:\/\/diariotextual.com\/inicio\/wp-content\/uploads\/2025\/01\/chiaraviglionicolas2025-1.jpg","datePublished":"2025-01-05T13:04:27+00:00","dateModified":"2025-01-07T00:00:28+00:00","breadcrumb":{"@id":"https:\/\/diariotextual.com\/inicio\/index.php\/2025\/01\/05\/pico-quien-era-nicolas-chiaraviglio-la-victima-fatal-del-choque-que-protagonizo-rodrigo-garro\/#breadcrumb"},"inLanguage":"es","potentialAction":[{"@type":"ReadAction","target":["https:\/\/diariotextual.com\/inicio\/index.php\/2025\/01\/05\/pico-quien-era-nicolas-chiaraviglio-la-victima-fatal-del-choque-que-protagonizo-rodrigo-garro\/"]}]},{"@type":"ImageObject","inLanguage":"es","@id":"https:\/\/diariotextual.com\/inicio\/index.php\/2025\/01\/05\/pico-quien-era-nicolas-chiaraviglio-la-victima-fatal-del-choque-que-protagonizo-rodrigo-garro\/#primaryimage","url":"https:\/\/diariotextual.com\/inicio\/wp-content\/uploads\/2025\/01\/chiaraviglionicolas2025-1.jpg","contentUrl":"https:\/\/diariotextual.com\/inicio\/wp-content\/uploads\/2025\/01\/chiaraviglionicolas2025-1.jpg","width":686,"height":433},{"@type":"BreadcrumbList","@id":"https:\/\/diariotextual.com\/inicio\/index.php\/2025\/01\/05\/pico-quien-era-nicolas-chiaraviglio-la-victima-fatal-del-choque-que-protagonizo-rodrigo-garro\/#breadcrumb","itemListElement":[{"@type":"ListItem","position":1,"name":"Portada","item":"https:\/\/diariotextual.com\/inicio\/"},{"@type":"ListItem","position":2,"name":"Pico: qui\u00e9n era Nicol\u00e1s Chiaraviglio, la v\u00edctima fatal del choque que protagoniz\u00f3 Rodrigo Garro"}]},{"@type":"WebSite","@id":"https:\/\/diariotextual.com\/inicio\/#website","url":"https:\/\/diariotextual.com\/inicio\/","name":"Diario Textual","description":"","publisher":{"@id":"https:\/\/diariotextual.com\/inicio\/#organization"},"potentialAction":[{"@type":"SearchAction","target":{"@type":"EntryPoint","urlTemplate":"https:\/\/diariotextual.com\/inicio\/?s={search_term_string}"},"query-input":{"@type":"PropertyValueSpecification","valueRequired":true,"valueName":"search_term_string"}}],"inLanguage":"es"},{"@type":"Organization","@id":"https:\/\/diariotextual.com\/inicio\/#organization","name":"Diario Textual","url":"https:\/\/diariotextual.com\/inicio\/","logo":{"@type":"ImageObject","inLanguage":"es","@id":"https:\/\/diariotextual.com\/inicio\/#\/schema\/logo\/image\/","url":"https:\/\/diariotextual.com\/inicio\/wp-content\/uploads\/2023\/05\/logotextual1.jpg","contentUrl":"https:\/\/diariotextual.com\/inicio\/wp-content\/uploads\/2023\/05\/logotextual1.jpg","width":516,"height":76,"caption":"Diario Textual"},"image":{"@id":"https:\/\/diariotextual.com\/inicio\/#\/schema\/logo\/image\/"},"sameAs":["https:\/\/www.facebook.com\/eltextual","https:\/\/x.com\/eltextual","http:\/\/www.instagram.com\/eltextual"]},{"@type":"Person","@id":"https:\/\/diariotextual.com\/inicio\/#\/schema\/person\/418fc4093c33e86ed41562db3508f958","name":"Diario1 Diario1","image":{"@type":"ImageObject","inLanguage":"es","@id":"https:\/\/secure.gravatar.com\/avatar\/9167d280179c85bc18be67aa7eda765854300033af4896dd779b608640f2ef7a?s=96&d=mm&r=g","url":"https:\/\/secure.gravatar.com\/avatar\/9167d280179c85bc18be67aa7eda765854300033af4896dd779b608640f2ef7a?s=96&d=mm&r=g","contentUrl":"https:\/\/secure.gravatar.com\/avatar\/9167d280179c85bc18be67aa7eda765854300033af4896dd779b608640f2ef7a?s=96&d=mm&r=g","caption":"Diario1 Diario1"},"url":"https:\/\/diariotextual.com\/inicio\/index.php\/author\/diario1\/"}]}},"_links":{"self":[{"href":"https:\/\/diariotextual.com\/inicio\/index.php\/wp-json\/wp\/v2\/posts\/285730","targetHints":{"allow":["GET"]}}],"collection":[{"href":"https:\/\/diariotextual.com\/inicio\/index.php\/wp-json\/wp\/v2\/posts"}],"about":[{"href":"https:\/\/diariotextual.com\/inicio\/index.php\/wp-json\/wp\/v2\/types\/post"}],"author":[{"embeddable":true,"href":"https:\/\/diariotextual.com\/inicio\/index.php\/wp-json\/wp\/v2\/users\/3"}],"replies":[{"embeddable":true,"href":"https:\/\/diariotextual.com\/inicio\/index.php\/wp-json\/wp\/v2\/comments?post=285730"}],"version-history":[{"count":6,"href":"https:\/\/diariotextual.com\/inicio\/index.php\/wp-json\/wp\/v2\/posts\/285730\/revisions"}],"predecessor-version":[{"id":285753,"href":"https:\/\/diariotextual.com\/inicio\/index.php\/wp-json\/wp\/v2\/posts\/285730\/revisions\/285753"}],"wp:featuredmedia":[{"embeddable":true,"href":"https:\/\/diariotextual.com\/inicio\/index.php\/wp-json\/wp\/v2\/media\/285735"}],"wp:attachment":[{"href":"https:\/\/diariotextual.com\/inicio\/index.php\/wp-json\/wp\/v2\/media?parent=285730"}],"wp:term":[{"taxonomy":"category","embeddable":true,"href":"https:\/\/diariotextual.com\/inicio\/index.php\/wp-json\/wp\/v2\/categories?post=285730"},{"taxonomy":"post_tag","embeddable":true,"href":"https:\/\/diariotextual.com\/inicio\/index.php\/wp-json\/wp\/v2\/tags?post=285730"}],"curies":[{"name":"wp","href":"https:\/\/api.w.org\/{rel}","templated":true}]}}