{"id":285784,"date":"2025-01-06T08:54:42","date_gmt":"2025-01-06T11:54:42","guid":{"rendered":"https:\/\/diariotextual.com\/inicio\/?p=285784"},"modified":"2025-01-06T11:10:29","modified_gmt":"2025-01-06T14:10:29","slug":"el-enigmatico-mensaje-del-padre-de-colapinto-ya-sabemos-todo","status":"publish","type":"post","link":"https:\/\/diariotextual.com\/inicio\/index.php\/2025\/01\/06\/el-enigmatico-mensaje-del-padre-de-colapinto-ya-sabemos-todo\/","title":{"rendered":"El enigm\u00e1tico mensaje del padre de Colapinto: \u201cYa sabemos todo\u201d"},"content":{"rendered":"\n<p><strong>An\u00edbal, el pap\u00e1 de Franco Colapinto<\/strong>, gener\u00f3 ilusi\u00f3n entre los fan\u00e1ticos del automovilismo al publicar un\u00a0<strong>curioso mensaje en sus redes sociales.<\/strong> <strong>\u201cSomos pocos los que ya sabemos todo\u2026 F1 2025\u201d<\/strong>, dec\u00eda el mensaje de An\u00edbal junto a una foto con amigos.<\/p>\n\n\n\n<p><strong>Esto podr\u00eda indicar que Colapinto tal vez tiene alg\u00fan contrato con un equipo de la m\u00e1xima categor\u00eda del automovilismo<\/strong>&nbsp;<strong>para sumarse en alg\u00fan punto de la temporada<\/strong>, por lo que se podr\u00eda dar su regreso luego de reemplazar al estadounidense Logan Sargeant en Williams durante las \u00faltimas nueve carreras del 2024.<\/p>\n\n\n\n<p><strong>Colapinto tuvo una gran aparici\u00f3n en la F\u00f3rmula 1, sin caer del duod\u00e9cimo puesto en ninguno de sus cinco primeros Grandes Premios<\/strong>. Incluso lleg\u00f3 a sumar cinco puntos para el campeonato por quedar octavo en Azerbaiy\u00e1n y d\u00e9cimo en Estados Unidos.<\/p>\n\n\n\n<p>Esto, sumado a su carisma, hizo que r\u00e1pidamente se metiera en el bolsillo a los fan\u00e1ticos de la F\u00f3rmula 1, que comenzaron a pedir que alg\u00fan equipo lo contrate como titular para el 2025.<\/p>\n\n\n\n<p>Finalmente, esto \u00faltimo no ocurri\u00f3 y los fuertes choques que sufri\u00f3 en sus \u00faltimas presentaciones pudieron haber dilapidado sus chances.<\/p>\n\n\n\n<p>Es por esto que&nbsp;<strong>todo apunta a que el pilarense, de solo 21 a\u00f1os, ser\u00eda el piloto de reserva de la escuder\u00eda Williams en el 2025.<\/strong><\/p>\n\n\n\n<p>Sin embargo, el posteo de su padre, An\u00edbal, genera mucha ilusi\u00f3n.&nbsp;<strong>La chance m\u00e1s clara para Colapinto pasa por el equipo franc\u00e9s Alpine<\/strong>, que tiene como titulares a Pierre Gasly y a Jack Doohan, aunque se rumorea que este \u00faltimo tiene un contrato por cinco carreras y que en caso de que no le vaya bien podr\u00eda ser reemplazado por Colapinto.<\/p>\n","protected":false},"excerpt":{"rendered":"<p>An\u00edbal, el pap\u00e1 de Franco Colapinto, gener\u00f3 ilusi\u00f3n entre los fan\u00e1ticos del automovilismo al publicar un\u00a0curioso mensaje en sus redes sociales. \u201cSomos pocos los que ya sabemos todo\u2026 F1 2025\u201d,&hellip;<\/p>\n","protected":false},"author":3,"featured_media":283409,"comment_status":"closed","ping_status":"open","sticky":false,"template":"","format":"standard","meta":{"_acf_changed":false,"footnotes":""},"categories":[1,3],"tags":[],"class_list":["post-285784","post","type-post","status-publish","format-standard","has-post-thumbnail","hentry","category-es-noticia","category-deportes"],"acf":[],"yoast_head":"<!-- This site is optimized with the Yoast SEO plugin v27.5 - https:\/\/yoast.com\/product\/yoast-seo-wordpress\/ -->\n<title>El enigm\u00e1tico mensaje del padre de Colapinto: \u201cYa sabemos todo\u201d - Diario Textual<\/title>\n<meta name=\"robots\" content=\"index, follow, max-snippet:-1, max-image-preview:large, max-video-preview:-1\" \/>\n<link rel=\"canonical\" href=\"https:\/\/diariotextual.com\/inicio\/index.php\/2025\/01\/06\/el-enigmatico-mensaje-del-padre-de-colapinto-ya-sabemos-todo\/\" \/>\n<meta property=\"og:locale\" content=\"es_ES\" \/>\n<meta property=\"og:type\" content=\"article\" \/>\n<meta property=\"og:title\" content=\"El enigm\u00e1tico mensaje del padre de Colapinto: \u201cYa sabemos todo\u201d - Diario Textual\" \/>\n<meta property=\"og:description\" content=\"An\u00edbal, el pap\u00e1 de Franco Colapinto, gener\u00f3 ilusi\u00f3n entre los fan\u00e1ticos del automovilismo al publicar un\u00a0curioso mensaje en sus redes sociales. \u201cSomos pocos los que ya sabemos todo\u2026 F1 2025\u201d,&hellip;\" \/>\n<meta property=\"og:url\" content=\"https:\/\/diariotextual.com\/inicio\/index.php\/2025\/01\/06\/el-enigmatico-mensaje-del-padre-de-colapinto-ya-sabemos-todo\/\" \/>\n<meta property=\"og:site_name\" content=\"Diario Textual\" \/>\n<meta property=\"article:publisher\" content=\"https:\/\/www.facebook.com\/eltextual\" \/>\n<meta property=\"article:published_time\" content=\"2025-01-06T11:54:42+00:00\" \/>\n<meta property=\"article:modified_time\" content=\"2025-01-06T14:10:29+00:00\" \/>\n<meta property=\"og:image\" content=\"https:\/\/diariotextual.com\/inicio\/wp-content\/uploads\/2024\/12\/colapintofranco2024-1002.jpg\" \/>\n\t<meta property=\"og:image:width\" content=\"1500\" \/>\n\t<meta property=\"og:image:height\" content=\"1002\" \/>\n\t<meta property=\"og:image:type\" content=\"image\/jpeg\" \/>\n<meta name=\"author\" content=\"Diario1 Diario1\" \/>\n<meta name=\"twitter:card\" content=\"summary_large_image\" \/>\n<meta name=\"twitter:creator\" content=\"@eltextual\" \/>\n<meta name=\"twitter:site\" content=\"@eltextual\" \/>\n<meta name=\"twitter:label1\" content=\"Escrito por\" \/>\n\t<meta name=\"twitter:data1\" content=\"Diario1 Diario1\" \/>\n\t<meta name=\"twitter:label2\" content=\"Tiempo de lectura\" \/>\n\t<meta name=\"twitter:data2\" content=\"2 minutos\" \/>\n<script type=\"application\/ld+json\" class=\"yoast-schema-graph\">{\"@context\":\"https:\\\/\\\/schema.org\",\"@graph\":[{\"@type\":\"Article\",\"@id\":\"https:\\\/\\\/diariotextual.com\\\/inicio\\\/index.php\\\/2025\\\/01\\\/06\\\/el-enigmatico-mensaje-del-padre-de-colapinto-ya-sabemos-todo\\\/#article\",\"isPartOf\":{\"@id\":\"https:\\\/\\\/diariotextual.com\\\/inicio\\\/index.php\\\/2025\\\/01\\\/06\\\/el-enigmatico-mensaje-del-padre-de-colapinto-ya-sabemos-todo\\\/\"},\"author\":{\"name\":\"Diario1 Diario1\",\"@id\":\"https:\\\/\\\/diariotextual.com\\\/inicio\\\/#\\\/schema\\\/person\\\/418fc4093c33e86ed41562db3508f958\"},\"headline\":\"El enigm\u00e1tico mensaje del padre de Colapinto: \u201cYa sabemos todo\u201d\",\"datePublished\":\"2025-01-06T11:54:42+00:00\",\"dateModified\":\"2025-01-06T14:10:29+00:00\",\"mainEntityOfPage\":{\"@id\":\"https:\\\/\\\/diariotextual.com\\\/inicio\\\/index.php\\\/2025\\\/01\\\/06\\\/el-enigmatico-mensaje-del-padre-de-colapinto-ya-sabemos-todo\\\/\"},\"wordCount\":310,\"publisher\":{\"@id\":\"https:\\\/\\\/diariotextual.com\\\/inicio\\\/#organization\"},\"image\":{\"@id\":\"https:\\\/\\\/diariotextual.com\\\/inicio\\\/index.php\\\/2025\\\/01\\\/06\\\/el-enigmatico-mensaje-del-padre-de-colapinto-ya-sabemos-todo\\\/#primaryimage\"},\"thumbnailUrl\":\"https:\\\/\\\/diariotextual.com\\\/inicio\\\/wp-content\\\/uploads\\\/2024\\\/12\\\/colapintofranco2024-1002.jpg\",\"articleSection\":[\"A - ES NOTICIA (van abajo)\",\"DEPORTES\"],\"inLanguage\":\"es\"},{\"@type\":\"WebPage\",\"@id\":\"https:\\\/\\\/diariotextual.com\\\/inicio\\\/index.php\\\/2025\\\/01\\\/06\\\/el-enigmatico-mensaje-del-padre-de-colapinto-ya-sabemos-todo\\\/\",\"url\":\"https:\\\/\\\/diariotextual.com\\\/inicio\\\/index.php\\\/2025\\\/01\\\/06\\\/el-enigmatico-mensaje-del-padre-de-colapinto-ya-sabemos-todo\\\/\",\"name\":\"El enigm\u00e1tico mensaje del padre de Colapinto: \u201cYa sabemos todo\u201d - Diario Textual\",\"isPartOf\":{\"@id\":\"https:\\\/\\\/diariotextual.com\\\/inicio\\\/#website\"},\"primaryImageOfPage\":{\"@id\":\"https:\\\/\\\/diariotextual.com\\\/inicio\\\/index.php\\\/2025\\\/01\\\/06\\\/el-enigmatico-mensaje-del-padre-de-colapinto-ya-sabemos-todo\\\/#primaryimage\"},\"image\":{\"@id\":\"https:\\\/\\\/diariotextual.com\\\/inicio\\\/index.php\\\/2025\\\/01\\\/06\\\/el-enigmatico-mensaje-del-padre-de-colapinto-ya-sabemos-todo\\\/#primaryimage\"},\"thumbnailUrl\":\"https:\\\/\\\/diariotextual.com\\\/inicio\\\/wp-content\\\/uploads\\\/2024\\\/12\\\/colapintofranco2024-1002.jpg\",\"datePublished\":\"2025-01-06T11:54:42+00:00\",\"dateModified\":\"2025-01-06T14:10:29+00:00\",\"breadcrumb\":{\"@id\":\"https:\\\/\\\/diariotextual.com\\\/inicio\\\/index.php\\\/2025\\\/01\\\/06\\\/el-enigmatico-mensaje-del-padre-de-colapinto-ya-sabemos-todo\\\/#breadcrumb\"},\"inLanguage\":\"es\",\"potentialAction\":[{\"@type\":\"ReadAction\",\"target\":[\"https:\\\/\\\/diariotextual.com\\\/inicio\\\/index.php\\\/2025\\\/01\\\/06\\\/el-enigmatico-mensaje-del-padre-de-colapinto-ya-sabemos-todo\\\/\"]}]},{\"@type\":\"ImageObject\",\"inLanguage\":\"es\",\"@id\":\"https:\\\/\\\/diariotextual.com\\\/inicio\\\/index.php\\\/2025\\\/01\\\/06\\\/el-enigmatico-mensaje-del-padre-de-colapinto-ya-sabemos-todo\\\/#primaryimage\",\"url\":\"https:\\\/\\\/diariotextual.com\\\/inicio\\\/wp-content\\\/uploads\\\/2024\\\/12\\\/colapintofranco2024-1002.jpg\",\"contentUrl\":\"https:\\\/\\\/diariotextual.com\\\/inicio\\\/wp-content\\\/uploads\\\/2024\\\/12\\\/colapintofranco2024-1002.jpg\",\"width\":1500,\"height\":1002},{\"@type\":\"BreadcrumbList\",\"@id\":\"https:\\\/\\\/diariotextual.com\\\/inicio\\\/index.php\\\/2025\\\/01\\\/06\\\/el-enigmatico-mensaje-del-padre-de-colapinto-ya-sabemos-todo\\\/#breadcrumb\",\"itemListElement\":[{\"@type\":\"ListItem\",\"position\":1,\"name\":\"Portada\",\"item\":\"https:\\\/\\\/diariotextual.com\\\/inicio\\\/\"},{\"@type\":\"ListItem\",\"position\":2,\"name\":\"El enigm\u00e1tico mensaje del padre de Colapinto: \u201cYa sabemos todo\u201d\"}]},{\"@type\":\"WebSite\",\"@id\":\"https:\\\/\\\/diariotextual.com\\\/inicio\\\/#website\",\"url\":\"https:\\\/\\\/diariotextual.com\\\/inicio\\\/\",\"name\":\"Diario Textual\",\"description\":\"\",\"publisher\":{\"@id\":\"https:\\\/\\\/diariotextual.com\\\/inicio\\\/#organization\"},\"potentialAction\":[{\"@type\":\"SearchAction\",\"target\":{\"@type\":\"EntryPoint\",\"urlTemplate\":\"https:\\\/\\\/diariotextual.com\\\/inicio\\\/?s={search_term_string}\"},\"query-input\":{\"@type\":\"PropertyValueSpecification\",\"valueRequired\":true,\"valueName\":\"search_term_string\"}}],\"inLanguage\":\"es\"},{\"@type\":\"Organization\",\"@id\":\"https:\\\/\\\/diariotextual.com\\\/inicio\\\/#organization\",\"name\":\"Diario Textual\",\"url\":\"https:\\\/\\\/diariotextual.com\\\/inicio\\\/\",\"logo\":{\"@type\":\"ImageObject\",\"inLanguage\":\"es\",\"@id\":\"https:\\\/\\\/diariotextual.com\\\/inicio\\\/#\\\/schema\\\/logo\\\/image\\\/\",\"url\":\"https:\\\/\\\/diariotextual.com\\\/inicio\\\/wp-content\\\/uploads\\\/2023\\\/05\\\/logotextual1.jpg\",\"contentUrl\":\"https:\\\/\\\/diariotextual.com\\\/inicio\\\/wp-content\\\/uploads\\\/2023\\\/05\\\/logotextual1.jpg\",\"width\":516,\"height\":76,\"caption\":\"Diario Textual\"},\"image\":{\"@id\":\"https:\\\/\\\/diariotextual.com\\\/inicio\\\/#\\\/schema\\\/logo\\\/image\\\/\"},\"sameAs\":[\"https:\\\/\\\/www.facebook.com\\\/eltextual\",\"https:\\\/\\\/x.com\\\/eltextual\",\"http:\\\/\\\/www.instagram.com\\\/eltextual\"]},{\"@type\":\"Person\",\"@id\":\"https:\\\/\\\/diariotextual.com\\\/inicio\\\/#\\\/schema\\\/person\\\/418fc4093c33e86ed41562db3508f958\",\"name\":\"Diario1 Diario1\",\"image\":{\"@type\":\"ImageObject\",\"inLanguage\":\"es\",\"@id\":\"https:\\\/\\\/secure.gravatar.com\\\/avatar\\\/9167d280179c85bc18be67aa7eda765854300033af4896dd779b608640f2ef7a?s=96&d=mm&r=g\",\"url\":\"https:\\\/\\\/secure.gravatar.com\\\/avatar\\\/9167d280179c85bc18be67aa7eda765854300033af4896dd779b608640f2ef7a?s=96&d=mm&r=g\",\"contentUrl\":\"https:\\\/\\\/secure.gravatar.com\\\/avatar\\\/9167d280179c85bc18be67aa7eda765854300033af4896dd779b608640f2ef7a?s=96&d=mm&r=g\",\"caption\":\"Diario1 Diario1\"},\"url\":\"https:\\\/\\\/diariotextual.com\\\/inicio\\\/index.php\\\/author\\\/diario1\\\/\"}]}<\/script>\n<!-- \/ Yoast SEO plugin. -->","yoast_head_json":{"title":"El enigm\u00e1tico mensaje del padre de Colapinto: \u201cYa sabemos todo\u201d - Diario Textual","robots":{"index":"index","follow":"follow","max-snippet":"max-snippet:-1","max-image-preview":"max-image-preview:large","max-video-preview":"max-video-preview:-1"},"canonical":"https:\/\/diariotextual.com\/inicio\/index.php\/2025\/01\/06\/el-enigmatico-mensaje-del-padre-de-colapinto-ya-sabemos-todo\/","og_locale":"es_ES","og_type":"article","og_title":"El enigm\u00e1tico mensaje del padre de Colapinto: \u201cYa sabemos todo\u201d - Diario Textual","og_description":"An\u00edbal, el pap\u00e1 de Franco Colapinto, gener\u00f3 ilusi\u00f3n entre los fan\u00e1ticos del automovilismo al publicar un\u00a0curioso mensaje en sus redes sociales. \u201cSomos pocos los que ya sabemos todo\u2026 F1 2025\u201d,&hellip;","og_url":"https:\/\/diariotextual.com\/inicio\/index.php\/2025\/01\/06\/el-enigmatico-mensaje-del-padre-de-colapinto-ya-sabemos-todo\/","og_site_name":"Diario Textual","article_publisher":"https:\/\/www.facebook.com\/eltextual","article_published_time":"2025-01-06T11:54:42+00:00","article_modified_time":"2025-01-06T14:10:29+00:00","og_image":[{"width":1500,"height":1002,"url":"https:\/\/diariotextual.com\/inicio\/wp-content\/uploads\/2024\/12\/colapintofranco2024-1002.jpg","type":"image\/jpeg"}],"author":"Diario1 Diario1","twitter_card":"summary_large_image","twitter_creator":"@eltextual","twitter_site":"@eltextual","twitter_misc":{"Escrito por":"Diario1 Diario1","Tiempo de lectura":"2 minutos"},"schema":{"@context":"https:\/\/schema.org","@graph":[{"@type":"Article","@id":"https:\/\/diariotextual.com\/inicio\/index.php\/2025\/01\/06\/el-enigmatico-mensaje-del-padre-de-colapinto-ya-sabemos-todo\/#article","isPartOf":{"@id":"https:\/\/diariotextual.com\/inicio\/index.php\/2025\/01\/06\/el-enigmatico-mensaje-del-padre-de-colapinto-ya-sabemos-todo\/"},"author":{"name":"Diario1 Diario1","@id":"https:\/\/diariotextual.com\/inicio\/#\/schema\/person\/418fc4093c33e86ed41562db3508f958"},"headline":"El enigm\u00e1tico mensaje del padre de Colapinto: \u201cYa sabemos todo\u201d","datePublished":"2025-01-06T11:54:42+00:00","dateModified":"2025-01-06T14:10:29+00:00","mainEntityOfPage":{"@id":"https:\/\/diariotextual.com\/inicio\/index.php\/2025\/01\/06\/el-enigmatico-mensaje-del-padre-de-colapinto-ya-sabemos-todo\/"},"wordCount":310,"publisher":{"@id":"https:\/\/diariotextual.com\/inicio\/#organization"},"image":{"@id":"https:\/\/diariotextual.com\/inicio\/index.php\/2025\/01\/06\/el-enigmatico-mensaje-del-padre-de-colapinto-ya-sabemos-todo\/#primaryimage"},"thumbnailUrl":"https:\/\/diariotextual.com\/inicio\/wp-content\/uploads\/2024\/12\/colapintofranco2024-1002.jpg","articleSection":["A - ES NOTICIA (van abajo)","DEPORTES"],"inLanguage":"es"},{"@type":"WebPage","@id":"https:\/\/diariotextual.com\/inicio\/index.php\/2025\/01\/06\/el-enigmatico-mensaje-del-padre-de-colapinto-ya-sabemos-todo\/","url":"https:\/\/diariotextual.com\/inicio\/index.php\/2025\/01\/06\/el-enigmatico-mensaje-del-padre-de-colapinto-ya-sabemos-todo\/","name":"El enigm\u00e1tico mensaje del padre de Colapinto: \u201cYa sabemos todo\u201d - Diario Textual","isPartOf":{"@id":"https:\/\/diariotextual.com\/inicio\/#website"},"primaryImageOfPage":{"@id":"https:\/\/diariotextual.com\/inicio\/index.php\/2025\/01\/06\/el-enigmatico-mensaje-del-padre-de-colapinto-ya-sabemos-todo\/#primaryimage"},"image":{"@id":"https:\/\/diariotextual.com\/inicio\/index.php\/2025\/01\/06\/el-enigmatico-mensaje-del-padre-de-colapinto-ya-sabemos-todo\/#primaryimage"},"thumbnailUrl":"https:\/\/diariotextual.com\/inicio\/wp-content\/uploads\/2024\/12\/colapintofranco2024-1002.jpg","datePublished":"2025-01-06T11:54:42+00:00","dateModified":"2025-01-06T14:10:29+00:00","breadcrumb":{"@id":"https:\/\/diariotextual.com\/inicio\/index.php\/2025\/01\/06\/el-enigmatico-mensaje-del-padre-de-colapinto-ya-sabemos-todo\/#breadcrumb"},"inLanguage":"es","potentialAction":[{"@type":"ReadAction","target":["https:\/\/diariotextual.com\/inicio\/index.php\/2025\/01\/06\/el-enigmatico-mensaje-del-padre-de-colapinto-ya-sabemos-todo\/"]}]},{"@type":"ImageObject","inLanguage":"es","@id":"https:\/\/diariotextual.com\/inicio\/index.php\/2025\/01\/06\/el-enigmatico-mensaje-del-padre-de-colapinto-ya-sabemos-todo\/#primaryimage","url":"https:\/\/diariotextual.com\/inicio\/wp-content\/uploads\/2024\/12\/colapintofranco2024-1002.jpg","contentUrl":"https:\/\/diariotextual.com\/inicio\/wp-content\/uploads\/2024\/12\/colapintofranco2024-1002.jpg","width":1500,"height":1002},{"@type":"BreadcrumbList","@id":"https:\/\/diariotextual.com\/inicio\/index.php\/2025\/01\/06\/el-enigmatico-mensaje-del-padre-de-colapinto-ya-sabemos-todo\/#breadcrumb","itemListElement":[{"@type":"ListItem","position":1,"name":"Portada","item":"https:\/\/diariotextual.com\/inicio\/"},{"@type":"ListItem","position":2,"name":"El enigm\u00e1tico mensaje del padre de Colapinto: \u201cYa sabemos todo\u201d"}]},{"@type":"WebSite","@id":"https:\/\/diariotextual.com\/inicio\/#website","url":"https:\/\/diariotextual.com\/inicio\/","name":"Diario Textual","description":"","publisher":{"@id":"https:\/\/diariotextual.com\/inicio\/#organization"},"potentialAction":[{"@type":"SearchAction","target":{"@type":"EntryPoint","urlTemplate":"https:\/\/diariotextual.com\/inicio\/?s={search_term_string}"},"query-input":{"@type":"PropertyValueSpecification","valueRequired":true,"valueName":"search_term_string"}}],"inLanguage":"es"},{"@type":"Organization","@id":"https:\/\/diariotextual.com\/inicio\/#organization","name":"Diario Textual","url":"https:\/\/diariotextual.com\/inicio\/","logo":{"@type":"ImageObject","inLanguage":"es","@id":"https:\/\/diariotextual.com\/inicio\/#\/schema\/logo\/image\/","url":"https:\/\/diariotextual.com\/inicio\/wp-content\/uploads\/2023\/05\/logotextual1.jpg","contentUrl":"https:\/\/diariotextual.com\/inicio\/wp-content\/uploads\/2023\/05\/logotextual1.jpg","width":516,"height":76,"caption":"Diario Textual"},"image":{"@id":"https:\/\/diariotextual.com\/inicio\/#\/schema\/logo\/image\/"},"sameAs":["https:\/\/www.facebook.com\/eltextual","https:\/\/x.com\/eltextual","http:\/\/www.instagram.com\/eltextual"]},{"@type":"Person","@id":"https:\/\/diariotextual.com\/inicio\/#\/schema\/person\/418fc4093c33e86ed41562db3508f958","name":"Diario1 Diario1","image":{"@type":"ImageObject","inLanguage":"es","@id":"https:\/\/secure.gravatar.com\/avatar\/9167d280179c85bc18be67aa7eda765854300033af4896dd779b608640f2ef7a?s=96&d=mm&r=g","url":"https:\/\/secure.gravatar.com\/avatar\/9167d280179c85bc18be67aa7eda765854300033af4896dd779b608640f2ef7a?s=96&d=mm&r=g","contentUrl":"https:\/\/secure.gravatar.com\/avatar\/9167d280179c85bc18be67aa7eda765854300033af4896dd779b608640f2ef7a?s=96&d=mm&r=g","caption":"Diario1 Diario1"},"url":"https:\/\/diariotextual.com\/inicio\/index.php\/author\/diario1\/"}]}},"_links":{"self":[{"href":"https:\/\/diariotextual.com\/inicio\/index.php\/wp-json\/wp\/v2\/posts\/285784","targetHints":{"allow":["GET"]}}],"collection":[{"href":"https:\/\/diariotextual.com\/inicio\/index.php\/wp-json\/wp\/v2\/posts"}],"about":[{"href":"https:\/\/diariotextual.com\/inicio\/index.php\/wp-json\/wp\/v2\/types\/post"}],"author":[{"embeddable":true,"href":"https:\/\/diariotextual.com\/inicio\/index.php\/wp-json\/wp\/v2\/users\/3"}],"replies":[{"embeddable":true,"href":"https:\/\/diariotextual.com\/inicio\/index.php\/wp-json\/wp\/v2\/comments?post=285784"}],"version-history":[{"count":3,"href":"https:\/\/diariotextual.com\/inicio\/index.php\/wp-json\/wp\/v2\/posts\/285784\/revisions"}],"predecessor-version":[{"id":285787,"href":"https:\/\/diariotextual.com\/inicio\/index.php\/wp-json\/wp\/v2\/posts\/285784\/revisions\/285787"}],"wp:featuredmedia":[{"embeddable":true,"href":"https:\/\/diariotextual.com\/inicio\/index.php\/wp-json\/wp\/v2\/media\/283409"}],"wp:attachment":[{"href":"https:\/\/diariotextual.com\/inicio\/index.php\/wp-json\/wp\/v2\/media?parent=285784"}],"wp:term":[{"taxonomy":"category","embeddable":true,"href":"https:\/\/diariotextual.com\/inicio\/index.php\/wp-json\/wp\/v2\/categories?post=285784"},{"taxonomy":"post_tag","embeddable":true,"href":"https:\/\/diariotextual.com\/inicio\/index.php\/wp-json\/wp\/v2\/tags?post=285784"}],"curies":[{"name":"wp","href":"https:\/\/api.w.org\/{rel}","templated":true}]}}