{"id":286053,"date":"2025-01-09T14:02:54","date_gmt":"2025-01-09T17:02:54","guid":{"rendered":"https:\/\/diariotextual.com\/inicio\/?p=286053"},"modified":"2025-01-10T08:32:14","modified_gmt":"2025-01-10T11:32:14","slug":"franco-colapinto-fue-contratado-por-alpine-para-continuar-en-la-formula-1","status":"publish","type":"post","link":"https:\/\/diariotextual.com\/inicio\/index.php\/2025\/01\/09\/franco-colapinto-fue-contratado-por-alpine-para-continuar-en-la-formula-1\/","title":{"rendered":"Franco Colapinto fue contratado por Alpine para continuar en la F\u00f3rmula 1"},"content":{"rendered":"\n<p><strong>Franco Colapinto<\/strong>\u00a0seguir\u00e1 en la\u00a0<strong>F\u00f3rmula 1<\/strong>\u00a0tras protagonizar una de las negociaciones m\u00e1s complejas de los \u00faltimos tiempos: ser\u00e1 piloto de reserva de\u00a0<strong>Alpine<\/strong>\u00a0en la temporada 2025 tras el anuncio oficial que hizo la escuder\u00eda francesa. El argentino ser\u00e1 el corredor suplente del franc\u00e9s\u00a0<strong>Pierre Gasly<\/strong>\u00a0y el australiano<strong>\u00a0Jack Doohan<\/strong>.<\/p>\n\n\n\n<p>\u201cVamos Franco. Se incorpora a nosotros con un contrato de varios a\u00f1os. Franco ser\u00e1 nuestro piloto de reserva para 2025\u2033, fue el posteo que realiz\u00f3 la cuenta oficial de la escuder\u00eda francesa para anunciar su fichaje.<\/p>\n\n\n\n<p>El comunicado oficial destac\u00f3 que el argentino de 21 a\u00f1os firm\u00f3 un v\u00ednculo\u00a0<strong>\u201cde varios a\u00f1os\u201d<\/strong> con Alpine. \u201cFranco Colapinto asumir\u00e1 el papel de piloto de pruebas y reserva para el Campeonato del Mundo de F\u00f3rmula Uno de la FIA de 2025. El equipo BWT Alpine de F\u00f3rmula Uno anuncia hoy que ha llegado a un acuerdo con Williams Racing para asegurarse los servicios de Franco Colapinto en un contrato de varios a\u00f1os\u201d, detallaron.<\/p>\n\n\n\n<p>El argentino estar\u00e1 presente en todos los Grandes Premios de la temporada como eventual alternativa ante problemas de los titulares o incluso como la principal opci\u00f3n a reemplazarlos de forma total si no cumplen con las expectativas, algo que ya se hab\u00eda barajado durante las semanas previas con el novato Doohan. El acuerdo, tal cual adelant\u00f3 Infobae, se termin\u00f3 de pulir en los \u00faltimos d\u00edas del 2024 y all\u00ed se decidi\u00f3 realizar la presentaci\u00f3n formal este 9 de enero.<\/p>\n\n\n\n<p>Es un traspaso impactante para la M\u00e1xima, teniendo en cuenta que el corredor argentino de 21 a\u00f1os desembarc\u00f3 como piloto principal de Williams el pasado 21 de agosto del 2024 en el lugar de Logan Sargeant. El debut se desarroll\u00f3 d\u00edas despu\u00e9s en el Gran Premio de Italia donde Franco ya mostr\u00f3 sus credenciales al terminar en la 12\u00aa ubicaci\u00f3n.<\/p>\n\n\n\n<p>Luego lleg\u00f3 una de sus actuaciones m\u00e1s importantes en el circuito callejero de Bak\u00fa, donde cruz\u00f3 la meta en el octavo lugar y sum\u00f3 sus primeros puntos en la categor\u00eda. El 11\u00b0 puesto en el GP de Singapur fue la gran confirmaci\u00f3n de su talento. Un 12\u00b0 lugar en la Sprint se complet\u00f3 con la 10\u00aa ubicaci\u00f3n en la carrera principal del Gran Premio de Estados Unidos, acumulando nuevamente unidades. En M\u00e9xico volvi\u00f3 a tener un rendimiento sobresaliente para terminar 12\u00b0.<\/p>\n\n\n\n<p>Las cosas se complicaron en las \u00faltimas cuatro fechas. En San Pablo tuvo su primer abandono y accidente en una carrera. Mientras que en Las Vegas protagoniz\u00f3 el choque que m\u00e1s lo perjudic\u00f3 durante la clasificaci\u00f3n, cuando estaba realizando una gran actuaci\u00f3n: en la carrera termin\u00f3 14\u00b0. En Qatar qued\u00f3 afuera por ser protagonista involuntario de un accidente, luego de sufrir un toque de Esteban Ocon. Y en Abu Dhabi, desert\u00f3 por fallas en la unidad de potencia.<\/p>\n\n\n\n<p><\/p>\n\n\n\n<p><\/p>\n\n\n\n<p><\/p>\n","protected":false},"excerpt":{"rendered":"<p>Franco Colapinto\u00a0seguir\u00e1 en la\u00a0F\u00f3rmula 1\u00a0tras protagonizar una de las negociaciones m\u00e1s complejas de los \u00faltimos tiempos: ser\u00e1 piloto de reserva de\u00a0Alpine\u00a0en la temporada 2025 tras el anuncio oficial que hizo&hellip;<\/p>\n","protected":false},"author":3,"featured_media":283409,"comment_status":"closed","ping_status":"open","sticky":false,"template":"","format":"standard","meta":{"_acf_changed":false,"footnotes":""},"categories":[1,3],"tags":[],"class_list":["post-286053","post","type-post","status-publish","format-standard","has-post-thumbnail","hentry","category-es-noticia","category-deportes"],"acf":[],"yoast_head":"<!-- This site is optimized with the Yoast SEO plugin v27.5 - https:\/\/yoast.com\/product\/yoast-seo-wordpress\/ -->\n<title>Franco Colapinto fue contratado por Alpine para continuar en la F\u00f3rmula 1 - Diario Textual<\/title>\n<meta name=\"robots\" content=\"index, follow, max-snippet:-1, max-image-preview:large, max-video-preview:-1\" \/>\n<link rel=\"canonical\" href=\"https:\/\/diariotextual.com\/inicio\/index.php\/2025\/01\/09\/franco-colapinto-fue-contratado-por-alpine-para-continuar-en-la-formula-1\/\" \/>\n<meta property=\"og:locale\" content=\"es_ES\" \/>\n<meta property=\"og:type\" content=\"article\" \/>\n<meta property=\"og:title\" content=\"Franco Colapinto fue contratado por Alpine para continuar en la F\u00f3rmula 1 - Diario Textual\" \/>\n<meta property=\"og:description\" content=\"Franco Colapinto\u00a0seguir\u00e1 en la\u00a0F\u00f3rmula 1\u00a0tras protagonizar una de las negociaciones m\u00e1s complejas de los \u00faltimos tiempos: ser\u00e1 piloto de reserva de\u00a0Alpine\u00a0en la temporada 2025 tras el anuncio oficial que hizo&hellip;\" \/>\n<meta property=\"og:url\" content=\"https:\/\/diariotextual.com\/inicio\/index.php\/2025\/01\/09\/franco-colapinto-fue-contratado-por-alpine-para-continuar-en-la-formula-1\/\" \/>\n<meta property=\"og:site_name\" content=\"Diario Textual\" \/>\n<meta property=\"article:publisher\" content=\"https:\/\/www.facebook.com\/eltextual\" \/>\n<meta property=\"article:published_time\" content=\"2025-01-09T17:02:54+00:00\" \/>\n<meta property=\"article:modified_time\" content=\"2025-01-10T11:32:14+00:00\" \/>\n<meta property=\"og:image\" content=\"https:\/\/diariotextual.com\/inicio\/wp-content\/uploads\/2024\/12\/colapintofranco2024-1002.jpg\" \/>\n\t<meta property=\"og:image:width\" content=\"1500\" \/>\n\t<meta property=\"og:image:height\" content=\"1002\" \/>\n\t<meta property=\"og:image:type\" content=\"image\/jpeg\" \/>\n<meta name=\"author\" content=\"Diario1 Diario1\" \/>\n<meta name=\"twitter:card\" content=\"summary_large_image\" \/>\n<meta name=\"twitter:creator\" content=\"@eltextual\" \/>\n<meta name=\"twitter:site\" content=\"@eltextual\" \/>\n<meta name=\"twitter:label1\" content=\"Escrito por\" \/>\n\t<meta name=\"twitter:data1\" content=\"Diario1 Diario1\" \/>\n\t<meta name=\"twitter:label2\" content=\"Tiempo de lectura\" \/>\n\t<meta name=\"twitter:data2\" content=\"3 minutos\" \/>\n<script type=\"application\/ld+json\" class=\"yoast-schema-graph\">{\"@context\":\"https:\\\/\\\/schema.org\",\"@graph\":[{\"@type\":\"Article\",\"@id\":\"https:\\\/\\\/diariotextual.com\\\/inicio\\\/index.php\\\/2025\\\/01\\\/09\\\/franco-colapinto-fue-contratado-por-alpine-para-continuar-en-la-formula-1\\\/#article\",\"isPartOf\":{\"@id\":\"https:\\\/\\\/diariotextual.com\\\/inicio\\\/index.php\\\/2025\\\/01\\\/09\\\/franco-colapinto-fue-contratado-por-alpine-para-continuar-en-la-formula-1\\\/\"},\"author\":{\"name\":\"Diario1 Diario1\",\"@id\":\"https:\\\/\\\/diariotextual.com\\\/inicio\\\/#\\\/schema\\\/person\\\/418fc4093c33e86ed41562db3508f958\"},\"headline\":\"Franco Colapinto fue contratado por Alpine para continuar en la F\u00f3rmula 1\",\"datePublished\":\"2025-01-09T17:02:54+00:00\",\"dateModified\":\"2025-01-10T11:32:14+00:00\",\"mainEntityOfPage\":{\"@id\":\"https:\\\/\\\/diariotextual.com\\\/inicio\\\/index.php\\\/2025\\\/01\\\/09\\\/franco-colapinto-fue-contratado-por-alpine-para-continuar-en-la-formula-1\\\/\"},\"wordCount\":486,\"publisher\":{\"@id\":\"https:\\\/\\\/diariotextual.com\\\/inicio\\\/#organization\"},\"image\":{\"@id\":\"https:\\\/\\\/diariotextual.com\\\/inicio\\\/index.php\\\/2025\\\/01\\\/09\\\/franco-colapinto-fue-contratado-por-alpine-para-continuar-en-la-formula-1\\\/#primaryimage\"},\"thumbnailUrl\":\"https:\\\/\\\/diariotextual.com\\\/inicio\\\/wp-content\\\/uploads\\\/2024\\\/12\\\/colapintofranco2024-1002.jpg\",\"articleSection\":[\"A - ES NOTICIA (van abajo)\",\"DEPORTES\"],\"inLanguage\":\"es\"},{\"@type\":\"WebPage\",\"@id\":\"https:\\\/\\\/diariotextual.com\\\/inicio\\\/index.php\\\/2025\\\/01\\\/09\\\/franco-colapinto-fue-contratado-por-alpine-para-continuar-en-la-formula-1\\\/\",\"url\":\"https:\\\/\\\/diariotextual.com\\\/inicio\\\/index.php\\\/2025\\\/01\\\/09\\\/franco-colapinto-fue-contratado-por-alpine-para-continuar-en-la-formula-1\\\/\",\"name\":\"Franco Colapinto fue contratado por Alpine para continuar en la F\u00f3rmula 1 - Diario Textual\",\"isPartOf\":{\"@id\":\"https:\\\/\\\/diariotextual.com\\\/inicio\\\/#website\"},\"primaryImageOfPage\":{\"@id\":\"https:\\\/\\\/diariotextual.com\\\/inicio\\\/index.php\\\/2025\\\/01\\\/09\\\/franco-colapinto-fue-contratado-por-alpine-para-continuar-en-la-formula-1\\\/#primaryimage\"},\"image\":{\"@id\":\"https:\\\/\\\/diariotextual.com\\\/inicio\\\/index.php\\\/2025\\\/01\\\/09\\\/franco-colapinto-fue-contratado-por-alpine-para-continuar-en-la-formula-1\\\/#primaryimage\"},\"thumbnailUrl\":\"https:\\\/\\\/diariotextual.com\\\/inicio\\\/wp-content\\\/uploads\\\/2024\\\/12\\\/colapintofranco2024-1002.jpg\",\"datePublished\":\"2025-01-09T17:02:54+00:00\",\"dateModified\":\"2025-01-10T11:32:14+00:00\",\"breadcrumb\":{\"@id\":\"https:\\\/\\\/diariotextual.com\\\/inicio\\\/index.php\\\/2025\\\/01\\\/09\\\/franco-colapinto-fue-contratado-por-alpine-para-continuar-en-la-formula-1\\\/#breadcrumb\"},\"inLanguage\":\"es\",\"potentialAction\":[{\"@type\":\"ReadAction\",\"target\":[\"https:\\\/\\\/diariotextual.com\\\/inicio\\\/index.php\\\/2025\\\/01\\\/09\\\/franco-colapinto-fue-contratado-por-alpine-para-continuar-en-la-formula-1\\\/\"]}]},{\"@type\":\"ImageObject\",\"inLanguage\":\"es\",\"@id\":\"https:\\\/\\\/diariotextual.com\\\/inicio\\\/index.php\\\/2025\\\/01\\\/09\\\/franco-colapinto-fue-contratado-por-alpine-para-continuar-en-la-formula-1\\\/#primaryimage\",\"url\":\"https:\\\/\\\/diariotextual.com\\\/inicio\\\/wp-content\\\/uploads\\\/2024\\\/12\\\/colapintofranco2024-1002.jpg\",\"contentUrl\":\"https:\\\/\\\/diariotextual.com\\\/inicio\\\/wp-content\\\/uploads\\\/2024\\\/12\\\/colapintofranco2024-1002.jpg\",\"width\":1500,\"height\":1002},{\"@type\":\"BreadcrumbList\",\"@id\":\"https:\\\/\\\/diariotextual.com\\\/inicio\\\/index.php\\\/2025\\\/01\\\/09\\\/franco-colapinto-fue-contratado-por-alpine-para-continuar-en-la-formula-1\\\/#breadcrumb\",\"itemListElement\":[{\"@type\":\"ListItem\",\"position\":1,\"name\":\"Portada\",\"item\":\"https:\\\/\\\/diariotextual.com\\\/inicio\\\/\"},{\"@type\":\"ListItem\",\"position\":2,\"name\":\"Franco Colapinto fue contratado por Alpine para continuar en la F\u00f3rmula 1\"}]},{\"@type\":\"WebSite\",\"@id\":\"https:\\\/\\\/diariotextual.com\\\/inicio\\\/#website\",\"url\":\"https:\\\/\\\/diariotextual.com\\\/inicio\\\/\",\"name\":\"Diario Textual\",\"description\":\"\",\"publisher\":{\"@id\":\"https:\\\/\\\/diariotextual.com\\\/inicio\\\/#organization\"},\"potentialAction\":[{\"@type\":\"SearchAction\",\"target\":{\"@type\":\"EntryPoint\",\"urlTemplate\":\"https:\\\/\\\/diariotextual.com\\\/inicio\\\/?s={search_term_string}\"},\"query-input\":{\"@type\":\"PropertyValueSpecification\",\"valueRequired\":true,\"valueName\":\"search_term_string\"}}],\"inLanguage\":\"es\"},{\"@type\":\"Organization\",\"@id\":\"https:\\\/\\\/diariotextual.com\\\/inicio\\\/#organization\",\"name\":\"Diario Textual\",\"url\":\"https:\\\/\\\/diariotextual.com\\\/inicio\\\/\",\"logo\":{\"@type\":\"ImageObject\",\"inLanguage\":\"es\",\"@id\":\"https:\\\/\\\/diariotextual.com\\\/inicio\\\/#\\\/schema\\\/logo\\\/image\\\/\",\"url\":\"https:\\\/\\\/diariotextual.com\\\/inicio\\\/wp-content\\\/uploads\\\/2023\\\/05\\\/logotextual1.jpg\",\"contentUrl\":\"https:\\\/\\\/diariotextual.com\\\/inicio\\\/wp-content\\\/uploads\\\/2023\\\/05\\\/logotextual1.jpg\",\"width\":516,\"height\":76,\"caption\":\"Diario Textual\"},\"image\":{\"@id\":\"https:\\\/\\\/diariotextual.com\\\/inicio\\\/#\\\/schema\\\/logo\\\/image\\\/\"},\"sameAs\":[\"https:\\\/\\\/www.facebook.com\\\/eltextual\",\"https:\\\/\\\/x.com\\\/eltextual\",\"http:\\\/\\\/www.instagram.com\\\/eltextual\"]},{\"@type\":\"Person\",\"@id\":\"https:\\\/\\\/diariotextual.com\\\/inicio\\\/#\\\/schema\\\/person\\\/418fc4093c33e86ed41562db3508f958\",\"name\":\"Diario1 Diario1\",\"image\":{\"@type\":\"ImageObject\",\"inLanguage\":\"es\",\"@id\":\"https:\\\/\\\/secure.gravatar.com\\\/avatar\\\/9167d280179c85bc18be67aa7eda765854300033af4896dd779b608640f2ef7a?s=96&d=mm&r=g\",\"url\":\"https:\\\/\\\/secure.gravatar.com\\\/avatar\\\/9167d280179c85bc18be67aa7eda765854300033af4896dd779b608640f2ef7a?s=96&d=mm&r=g\",\"contentUrl\":\"https:\\\/\\\/secure.gravatar.com\\\/avatar\\\/9167d280179c85bc18be67aa7eda765854300033af4896dd779b608640f2ef7a?s=96&d=mm&r=g\",\"caption\":\"Diario1 Diario1\"},\"url\":\"https:\\\/\\\/diariotextual.com\\\/inicio\\\/index.php\\\/author\\\/diario1\\\/\"}]}<\/script>\n<!-- \/ Yoast SEO plugin. -->","yoast_head_json":{"title":"Franco Colapinto fue contratado por Alpine para continuar en la F\u00f3rmula 1 - Diario Textual","robots":{"index":"index","follow":"follow","max-snippet":"max-snippet:-1","max-image-preview":"max-image-preview:large","max-video-preview":"max-video-preview:-1"},"canonical":"https:\/\/diariotextual.com\/inicio\/index.php\/2025\/01\/09\/franco-colapinto-fue-contratado-por-alpine-para-continuar-en-la-formula-1\/","og_locale":"es_ES","og_type":"article","og_title":"Franco Colapinto fue contratado por Alpine para continuar en la F\u00f3rmula 1 - Diario Textual","og_description":"Franco Colapinto\u00a0seguir\u00e1 en la\u00a0F\u00f3rmula 1\u00a0tras protagonizar una de las negociaciones m\u00e1s complejas de los \u00faltimos tiempos: ser\u00e1 piloto de reserva de\u00a0Alpine\u00a0en la temporada 2025 tras el anuncio oficial que hizo&hellip;","og_url":"https:\/\/diariotextual.com\/inicio\/index.php\/2025\/01\/09\/franco-colapinto-fue-contratado-por-alpine-para-continuar-en-la-formula-1\/","og_site_name":"Diario Textual","article_publisher":"https:\/\/www.facebook.com\/eltextual","article_published_time":"2025-01-09T17:02:54+00:00","article_modified_time":"2025-01-10T11:32:14+00:00","og_image":[{"width":1500,"height":1002,"url":"https:\/\/diariotextual.com\/inicio\/wp-content\/uploads\/2024\/12\/colapintofranco2024-1002.jpg","type":"image\/jpeg"}],"author":"Diario1 Diario1","twitter_card":"summary_large_image","twitter_creator":"@eltextual","twitter_site":"@eltextual","twitter_misc":{"Escrito por":"Diario1 Diario1","Tiempo de lectura":"3 minutos"},"schema":{"@context":"https:\/\/schema.org","@graph":[{"@type":"Article","@id":"https:\/\/diariotextual.com\/inicio\/index.php\/2025\/01\/09\/franco-colapinto-fue-contratado-por-alpine-para-continuar-en-la-formula-1\/#article","isPartOf":{"@id":"https:\/\/diariotextual.com\/inicio\/index.php\/2025\/01\/09\/franco-colapinto-fue-contratado-por-alpine-para-continuar-en-la-formula-1\/"},"author":{"name":"Diario1 Diario1","@id":"https:\/\/diariotextual.com\/inicio\/#\/schema\/person\/418fc4093c33e86ed41562db3508f958"},"headline":"Franco Colapinto fue contratado por Alpine para continuar en la F\u00f3rmula 1","datePublished":"2025-01-09T17:02:54+00:00","dateModified":"2025-01-10T11:32:14+00:00","mainEntityOfPage":{"@id":"https:\/\/diariotextual.com\/inicio\/index.php\/2025\/01\/09\/franco-colapinto-fue-contratado-por-alpine-para-continuar-en-la-formula-1\/"},"wordCount":486,"publisher":{"@id":"https:\/\/diariotextual.com\/inicio\/#organization"},"image":{"@id":"https:\/\/diariotextual.com\/inicio\/index.php\/2025\/01\/09\/franco-colapinto-fue-contratado-por-alpine-para-continuar-en-la-formula-1\/#primaryimage"},"thumbnailUrl":"https:\/\/diariotextual.com\/inicio\/wp-content\/uploads\/2024\/12\/colapintofranco2024-1002.jpg","articleSection":["A - ES NOTICIA (van abajo)","DEPORTES"],"inLanguage":"es"},{"@type":"WebPage","@id":"https:\/\/diariotextual.com\/inicio\/index.php\/2025\/01\/09\/franco-colapinto-fue-contratado-por-alpine-para-continuar-en-la-formula-1\/","url":"https:\/\/diariotextual.com\/inicio\/index.php\/2025\/01\/09\/franco-colapinto-fue-contratado-por-alpine-para-continuar-en-la-formula-1\/","name":"Franco Colapinto fue contratado por Alpine para continuar en la F\u00f3rmula 1 - Diario Textual","isPartOf":{"@id":"https:\/\/diariotextual.com\/inicio\/#website"},"primaryImageOfPage":{"@id":"https:\/\/diariotextual.com\/inicio\/index.php\/2025\/01\/09\/franco-colapinto-fue-contratado-por-alpine-para-continuar-en-la-formula-1\/#primaryimage"},"image":{"@id":"https:\/\/diariotextual.com\/inicio\/index.php\/2025\/01\/09\/franco-colapinto-fue-contratado-por-alpine-para-continuar-en-la-formula-1\/#primaryimage"},"thumbnailUrl":"https:\/\/diariotextual.com\/inicio\/wp-content\/uploads\/2024\/12\/colapintofranco2024-1002.jpg","datePublished":"2025-01-09T17:02:54+00:00","dateModified":"2025-01-10T11:32:14+00:00","breadcrumb":{"@id":"https:\/\/diariotextual.com\/inicio\/index.php\/2025\/01\/09\/franco-colapinto-fue-contratado-por-alpine-para-continuar-en-la-formula-1\/#breadcrumb"},"inLanguage":"es","potentialAction":[{"@type":"ReadAction","target":["https:\/\/diariotextual.com\/inicio\/index.php\/2025\/01\/09\/franco-colapinto-fue-contratado-por-alpine-para-continuar-en-la-formula-1\/"]}]},{"@type":"ImageObject","inLanguage":"es","@id":"https:\/\/diariotextual.com\/inicio\/index.php\/2025\/01\/09\/franco-colapinto-fue-contratado-por-alpine-para-continuar-en-la-formula-1\/#primaryimage","url":"https:\/\/diariotextual.com\/inicio\/wp-content\/uploads\/2024\/12\/colapintofranco2024-1002.jpg","contentUrl":"https:\/\/diariotextual.com\/inicio\/wp-content\/uploads\/2024\/12\/colapintofranco2024-1002.jpg","width":1500,"height":1002},{"@type":"BreadcrumbList","@id":"https:\/\/diariotextual.com\/inicio\/index.php\/2025\/01\/09\/franco-colapinto-fue-contratado-por-alpine-para-continuar-en-la-formula-1\/#breadcrumb","itemListElement":[{"@type":"ListItem","position":1,"name":"Portada","item":"https:\/\/diariotextual.com\/inicio\/"},{"@type":"ListItem","position":2,"name":"Franco Colapinto fue contratado por Alpine para continuar en la F\u00f3rmula 1"}]},{"@type":"WebSite","@id":"https:\/\/diariotextual.com\/inicio\/#website","url":"https:\/\/diariotextual.com\/inicio\/","name":"Diario Textual","description":"","publisher":{"@id":"https:\/\/diariotextual.com\/inicio\/#organization"},"potentialAction":[{"@type":"SearchAction","target":{"@type":"EntryPoint","urlTemplate":"https:\/\/diariotextual.com\/inicio\/?s={search_term_string}"},"query-input":{"@type":"PropertyValueSpecification","valueRequired":true,"valueName":"search_term_string"}}],"inLanguage":"es"},{"@type":"Organization","@id":"https:\/\/diariotextual.com\/inicio\/#organization","name":"Diario Textual","url":"https:\/\/diariotextual.com\/inicio\/","logo":{"@type":"ImageObject","inLanguage":"es","@id":"https:\/\/diariotextual.com\/inicio\/#\/schema\/logo\/image\/","url":"https:\/\/diariotextual.com\/inicio\/wp-content\/uploads\/2023\/05\/logotextual1.jpg","contentUrl":"https:\/\/diariotextual.com\/inicio\/wp-content\/uploads\/2023\/05\/logotextual1.jpg","width":516,"height":76,"caption":"Diario Textual"},"image":{"@id":"https:\/\/diariotextual.com\/inicio\/#\/schema\/logo\/image\/"},"sameAs":["https:\/\/www.facebook.com\/eltextual","https:\/\/x.com\/eltextual","http:\/\/www.instagram.com\/eltextual"]},{"@type":"Person","@id":"https:\/\/diariotextual.com\/inicio\/#\/schema\/person\/418fc4093c33e86ed41562db3508f958","name":"Diario1 Diario1","image":{"@type":"ImageObject","inLanguage":"es","@id":"https:\/\/secure.gravatar.com\/avatar\/9167d280179c85bc18be67aa7eda765854300033af4896dd779b608640f2ef7a?s=96&d=mm&r=g","url":"https:\/\/secure.gravatar.com\/avatar\/9167d280179c85bc18be67aa7eda765854300033af4896dd779b608640f2ef7a?s=96&d=mm&r=g","contentUrl":"https:\/\/secure.gravatar.com\/avatar\/9167d280179c85bc18be67aa7eda765854300033af4896dd779b608640f2ef7a?s=96&d=mm&r=g","caption":"Diario1 Diario1"},"url":"https:\/\/diariotextual.com\/inicio\/index.php\/author\/diario1\/"}]}},"_links":{"self":[{"href":"https:\/\/diariotextual.com\/inicio\/index.php\/wp-json\/wp\/v2\/posts\/286053","targetHints":{"allow":["GET"]}}],"collection":[{"href":"https:\/\/diariotextual.com\/inicio\/index.php\/wp-json\/wp\/v2\/posts"}],"about":[{"href":"https:\/\/diariotextual.com\/inicio\/index.php\/wp-json\/wp\/v2\/types\/post"}],"author":[{"embeddable":true,"href":"https:\/\/diariotextual.com\/inicio\/index.php\/wp-json\/wp\/v2\/users\/3"}],"replies":[{"embeddable":true,"href":"https:\/\/diariotextual.com\/inicio\/index.php\/wp-json\/wp\/v2\/comments?post=286053"}],"version-history":[{"count":6,"href":"https:\/\/diariotextual.com\/inicio\/index.php\/wp-json\/wp\/v2\/posts\/286053\/revisions"}],"predecessor-version":[{"id":286061,"href":"https:\/\/diariotextual.com\/inicio\/index.php\/wp-json\/wp\/v2\/posts\/286053\/revisions\/286061"}],"wp:featuredmedia":[{"embeddable":true,"href":"https:\/\/diariotextual.com\/inicio\/index.php\/wp-json\/wp\/v2\/media\/283409"}],"wp:attachment":[{"href":"https:\/\/diariotextual.com\/inicio\/index.php\/wp-json\/wp\/v2\/media?parent=286053"}],"wp:term":[{"taxonomy":"category","embeddable":true,"href":"https:\/\/diariotextual.com\/inicio\/index.php\/wp-json\/wp\/v2\/categories?post=286053"},{"taxonomy":"post_tag","embeddable":true,"href":"https:\/\/diariotextual.com\/inicio\/index.php\/wp-json\/wp\/v2\/tags?post=286053"}],"curies":[{"name":"wp","href":"https:\/\/api.w.org\/{rel}","templated":true}]}}