{"id":289420,"date":"2025-02-21T16:20:03","date_gmt":"2025-02-21T19:20:03","guid":{"rendered":"https:\/\/diariotextual.com\/inicio\/?p=289420"},"modified":"2025-02-21T16:20:43","modified_gmt":"2025-02-21T19:20:43","slug":"el-fiscal-eduardo-taiano-abrio-la-investigacion-por-el-criptogate-de-milei-y-pidio-medidas-claves","status":"publish","type":"post","link":"https:\/\/diariotextual.com\/inicio\/index.php\/2025\/02\/21\/el-fiscal-eduardo-taiano-abrio-la-investigacion-por-el-criptogate-de-milei-y-pidio-medidas-claves\/","title":{"rendered":"El fiscal Eduardo Taiano abri\u00f3 la investigaci\u00f3n por el Criptogate de Milei y pidi\u00f3 medidas claves"},"content":{"rendered":"\n<p>El fiscal federal Eduardo Taiano avanz\u00f3 en la investigaci\u00f3n sobre la creaci\u00f3n y lanzamiento de la criptomoneda $LIBRA, con el objetivo de determinar las circunstancias de su desarrollo y la participaci\u00f3n de los imputados, entre ellos el presidente Javier Milei.<\/p>\n\n\n\n<p>El expediente, que analiza posibles delitos como abuso de autoridad, estafa, tr\u00e1fico de influencias y cohecho, tambi\u00e9n involucra a Hayden Mark Davis, Julian Peh, Mauricio Gaspar Novelli, Manuel Terrones Godoy y Sergio Daniel Morales.<\/p>\n\n\n\n<p>Tras la ratificaci\u00f3n de las denuncias en el Juzgado en lo Criminal y Correccional Federal N\u00b0 1, la jueza Mar\u00eda Romilda Servini deleg\u00f3 la causa en la Fiscal\u00eda Nacional en lo Criminal y Correccional Federal N\u00b0 3, conforme al art\u00edculo 196 del C\u00f3digo Procesal Penal de la Naci\u00f3n.<\/p>\n\n\n\n<p>En el marco de la pesquisa, y ante la urgencia del caso, se ampli\u00f3 la intervenci\u00f3n de la Unidad Fiscal Especializada en Ciberdelincuencia del Ministerio P\u00fablico Fiscal, con el prop\u00f3sito de preservar y recuperar evidencia clave.<\/p>\n\n\n\n<p>Asimismo, se solicitaron informes a distintos organismos p\u00fablicos y privados vinculados con la investigaci\u00f3n, mientras se eval\u00faan nuevas medidas que podr\u00edan adoptarse en los pr\u00f3ximos d\u00edas para esclarecer los hechos denunciados.<\/p>\n\n\n\n<p><\/p>\n\n\n\n<p><\/p>\n","protected":false},"excerpt":{"rendered":"<p>El fiscal federal Eduardo Taiano avanz\u00f3 en la investigaci\u00f3n sobre la creaci\u00f3n y lanzamiento de la criptomoneda $LIBRA, con el objetivo de determinar las circunstancias de su desarrollo y la&hellip;<\/p>\n","protected":false},"author":3,"featured_media":288782,"comment_status":"closed","ping_status":"open","sticky":false,"template":"","format":"standard","meta":{"_acf_changed":false,"footnotes":""},"categories":[4,8],"tags":[],"class_list":["post-289420","post","type-post","status-publish","format-standard","has-post-thumbnail","hentry","category-destacadas","category-politica"],"acf":[],"yoast_head":"<!-- This site is optimized with the Yoast SEO plugin v27.4 - https:\/\/yoast.com\/product\/yoast-seo-wordpress\/ -->\n<title>El fiscal Eduardo Taiano abri\u00f3 la investigaci\u00f3n por el Criptogate de Milei y pidi\u00f3 medidas claves - Diario Textual<\/title>\n<meta name=\"robots\" content=\"index, follow, max-snippet:-1, max-image-preview:large, max-video-preview:-1\" \/>\n<link rel=\"canonical\" href=\"https:\/\/diariotextual.com\/inicio\/index.php\/2025\/02\/21\/el-fiscal-eduardo-taiano-abrio-la-investigacion-por-el-criptogate-de-milei-y-pidio-medidas-claves\/\" \/>\n<meta property=\"og:locale\" content=\"es_ES\" \/>\n<meta property=\"og:type\" content=\"article\" \/>\n<meta property=\"og:title\" content=\"El fiscal Eduardo Taiano abri\u00f3 la investigaci\u00f3n por el Criptogate de Milei y pidi\u00f3 medidas claves - Diario Textual\" \/>\n<meta property=\"og:description\" content=\"El fiscal federal Eduardo Taiano avanz\u00f3 en la investigaci\u00f3n sobre la creaci\u00f3n y lanzamiento de la criptomoneda $LIBRA, con el objetivo de determinar las circunstancias de su desarrollo y la&hellip;\" \/>\n<meta property=\"og:url\" content=\"https:\/\/diariotextual.com\/inicio\/index.php\/2025\/02\/21\/el-fiscal-eduardo-taiano-abrio-la-investigacion-por-el-criptogate-de-milei-y-pidio-medidas-claves\/\" \/>\n<meta property=\"og:site_name\" content=\"Diario Textual\" \/>\n<meta property=\"article:publisher\" content=\"https:\/\/www.facebook.com\/eltextual\" \/>\n<meta property=\"article:published_time\" content=\"2025-02-21T19:20:03+00:00\" \/>\n<meta property=\"article:modified_time\" content=\"2025-02-21T19:20:43+00:00\" \/>\n<meta property=\"og:image\" content=\"https:\/\/diariotextual.com\/inicio\/wp-content\/uploads\/2025\/02\/mileijavier2025-0012.webp\" \/>\n\t<meta property=\"og:image:width\" content=\"1155\" \/>\n\t<meta property=\"og:image:height\" content=\"650\" \/>\n\t<meta property=\"og:image:type\" content=\"image\/webp\" \/>\n<meta name=\"author\" content=\"Diario1 Diario1\" \/>\n<meta name=\"twitter:card\" content=\"summary_large_image\" \/>\n<meta name=\"twitter:creator\" content=\"@eltextual\" \/>\n<meta name=\"twitter:site\" content=\"@eltextual\" \/>\n<meta name=\"twitter:label1\" content=\"Escrito por\" \/>\n\t<meta name=\"twitter:data1\" content=\"Diario1 Diario1\" \/>\n\t<meta name=\"twitter:label2\" content=\"Tiempo de lectura\" \/>\n\t<meta name=\"twitter:data2\" content=\"2 minutos\" \/>\n<script type=\"application\/ld+json\" class=\"yoast-schema-graph\">{\"@context\":\"https:\\\/\\\/schema.org\",\"@graph\":[{\"@type\":\"Article\",\"@id\":\"https:\\\/\\\/diariotextual.com\\\/inicio\\\/index.php\\\/2025\\\/02\\\/21\\\/el-fiscal-eduardo-taiano-abrio-la-investigacion-por-el-criptogate-de-milei-y-pidio-medidas-claves\\\/#article\",\"isPartOf\":{\"@id\":\"https:\\\/\\\/diariotextual.com\\\/inicio\\\/index.php\\\/2025\\\/02\\\/21\\\/el-fiscal-eduardo-taiano-abrio-la-investigacion-por-el-criptogate-de-milei-y-pidio-medidas-claves\\\/\"},\"author\":{\"name\":\"Diario1 Diario1\",\"@id\":\"https:\\\/\\\/diariotextual.com\\\/inicio\\\/#\\\/schema\\\/person\\\/418fc4093c33e86ed41562db3508f958\"},\"headline\":\"El fiscal Eduardo Taiano abri\u00f3 la investigaci\u00f3n por el Criptogate de Milei y pidi\u00f3 medidas claves\",\"datePublished\":\"2025-02-21T19:20:03+00:00\",\"dateModified\":\"2025-02-21T19:20:43+00:00\",\"mainEntityOfPage\":{\"@id\":\"https:\\\/\\\/diariotextual.com\\\/inicio\\\/index.php\\\/2025\\\/02\\\/21\\\/el-fiscal-eduardo-taiano-abrio-la-investigacion-por-el-criptogate-de-milei-y-pidio-medidas-claves\\\/\"},\"wordCount\":223,\"publisher\":{\"@id\":\"https:\\\/\\\/diariotextual.com\\\/inicio\\\/#organization\"},\"image\":{\"@id\":\"https:\\\/\\\/diariotextual.com\\\/inicio\\\/index.php\\\/2025\\\/02\\\/21\\\/el-fiscal-eduardo-taiano-abrio-la-investigacion-por-el-criptogate-de-milei-y-pidio-medidas-claves\\\/#primaryimage\"},\"thumbnailUrl\":\"https:\\\/\\\/diariotextual.com\\\/inicio\\\/wp-content\\\/uploads\\\/2025\\\/02\\\/mileijavier2025-0012.webp\",\"articleSection\":[\"A - DESTACADAS (mod 16)\",\"POLITICA\"],\"inLanguage\":\"es\"},{\"@type\":\"WebPage\",\"@id\":\"https:\\\/\\\/diariotextual.com\\\/inicio\\\/index.php\\\/2025\\\/02\\\/21\\\/el-fiscal-eduardo-taiano-abrio-la-investigacion-por-el-criptogate-de-milei-y-pidio-medidas-claves\\\/\",\"url\":\"https:\\\/\\\/diariotextual.com\\\/inicio\\\/index.php\\\/2025\\\/02\\\/21\\\/el-fiscal-eduardo-taiano-abrio-la-investigacion-por-el-criptogate-de-milei-y-pidio-medidas-claves\\\/\",\"name\":\"El fiscal Eduardo Taiano abri\u00f3 la investigaci\u00f3n por el Criptogate de Milei y pidi\u00f3 medidas claves - Diario Textual\",\"isPartOf\":{\"@id\":\"https:\\\/\\\/diariotextual.com\\\/inicio\\\/#website\"},\"primaryImageOfPage\":{\"@id\":\"https:\\\/\\\/diariotextual.com\\\/inicio\\\/index.php\\\/2025\\\/02\\\/21\\\/el-fiscal-eduardo-taiano-abrio-la-investigacion-por-el-criptogate-de-milei-y-pidio-medidas-claves\\\/#primaryimage\"},\"image\":{\"@id\":\"https:\\\/\\\/diariotextual.com\\\/inicio\\\/index.php\\\/2025\\\/02\\\/21\\\/el-fiscal-eduardo-taiano-abrio-la-investigacion-por-el-criptogate-de-milei-y-pidio-medidas-claves\\\/#primaryimage\"},\"thumbnailUrl\":\"https:\\\/\\\/diariotextual.com\\\/inicio\\\/wp-content\\\/uploads\\\/2025\\\/02\\\/mileijavier2025-0012.webp\",\"datePublished\":\"2025-02-21T19:20:03+00:00\",\"dateModified\":\"2025-02-21T19:20:43+00:00\",\"breadcrumb\":{\"@id\":\"https:\\\/\\\/diariotextual.com\\\/inicio\\\/index.php\\\/2025\\\/02\\\/21\\\/el-fiscal-eduardo-taiano-abrio-la-investigacion-por-el-criptogate-de-milei-y-pidio-medidas-claves\\\/#breadcrumb\"},\"inLanguage\":\"es\",\"potentialAction\":[{\"@type\":\"ReadAction\",\"target\":[\"https:\\\/\\\/diariotextual.com\\\/inicio\\\/index.php\\\/2025\\\/02\\\/21\\\/el-fiscal-eduardo-taiano-abrio-la-investigacion-por-el-criptogate-de-milei-y-pidio-medidas-claves\\\/\"]}]},{\"@type\":\"ImageObject\",\"inLanguage\":\"es\",\"@id\":\"https:\\\/\\\/diariotextual.com\\\/inicio\\\/index.php\\\/2025\\\/02\\\/21\\\/el-fiscal-eduardo-taiano-abrio-la-investigacion-por-el-criptogate-de-milei-y-pidio-medidas-claves\\\/#primaryimage\",\"url\":\"https:\\\/\\\/diariotextual.com\\\/inicio\\\/wp-content\\\/uploads\\\/2025\\\/02\\\/mileijavier2025-0012.webp\",\"contentUrl\":\"https:\\\/\\\/diariotextual.com\\\/inicio\\\/wp-content\\\/uploads\\\/2025\\\/02\\\/mileijavier2025-0012.webp\",\"width\":1155,\"height\":650},{\"@type\":\"BreadcrumbList\",\"@id\":\"https:\\\/\\\/diariotextual.com\\\/inicio\\\/index.php\\\/2025\\\/02\\\/21\\\/el-fiscal-eduardo-taiano-abrio-la-investigacion-por-el-criptogate-de-milei-y-pidio-medidas-claves\\\/#breadcrumb\",\"itemListElement\":[{\"@type\":\"ListItem\",\"position\":1,\"name\":\"Portada\",\"item\":\"https:\\\/\\\/diariotextual.com\\\/inicio\\\/\"},{\"@type\":\"ListItem\",\"position\":2,\"name\":\"El fiscal Eduardo Taiano abri\u00f3 la investigaci\u00f3n por el Criptogate de Milei y pidi\u00f3 medidas claves\"}]},{\"@type\":\"WebSite\",\"@id\":\"https:\\\/\\\/diariotextual.com\\\/inicio\\\/#website\",\"url\":\"https:\\\/\\\/diariotextual.com\\\/inicio\\\/\",\"name\":\"Diario Textual\",\"description\":\"\",\"publisher\":{\"@id\":\"https:\\\/\\\/diariotextual.com\\\/inicio\\\/#organization\"},\"potentialAction\":[{\"@type\":\"SearchAction\",\"target\":{\"@type\":\"EntryPoint\",\"urlTemplate\":\"https:\\\/\\\/diariotextual.com\\\/inicio\\\/?s={search_term_string}\"},\"query-input\":{\"@type\":\"PropertyValueSpecification\",\"valueRequired\":true,\"valueName\":\"search_term_string\"}}],\"inLanguage\":\"es\"},{\"@type\":\"Organization\",\"@id\":\"https:\\\/\\\/diariotextual.com\\\/inicio\\\/#organization\",\"name\":\"Diario Textual\",\"url\":\"https:\\\/\\\/diariotextual.com\\\/inicio\\\/\",\"logo\":{\"@type\":\"ImageObject\",\"inLanguage\":\"es\",\"@id\":\"https:\\\/\\\/diariotextual.com\\\/inicio\\\/#\\\/schema\\\/logo\\\/image\\\/\",\"url\":\"https:\\\/\\\/diariotextual.com\\\/inicio\\\/wp-content\\\/uploads\\\/2023\\\/05\\\/logotextual1.jpg\",\"contentUrl\":\"https:\\\/\\\/diariotextual.com\\\/inicio\\\/wp-content\\\/uploads\\\/2023\\\/05\\\/logotextual1.jpg\",\"width\":516,\"height\":76,\"caption\":\"Diario Textual\"},\"image\":{\"@id\":\"https:\\\/\\\/diariotextual.com\\\/inicio\\\/#\\\/schema\\\/logo\\\/image\\\/\"},\"sameAs\":[\"https:\\\/\\\/www.facebook.com\\\/eltextual\",\"https:\\\/\\\/x.com\\\/eltextual\",\"http:\\\/\\\/www.instagram.com\\\/eltextual\"]},{\"@type\":\"Person\",\"@id\":\"https:\\\/\\\/diariotextual.com\\\/inicio\\\/#\\\/schema\\\/person\\\/418fc4093c33e86ed41562db3508f958\",\"name\":\"Diario1 Diario1\",\"image\":{\"@type\":\"ImageObject\",\"inLanguage\":\"es\",\"@id\":\"https:\\\/\\\/secure.gravatar.com\\\/avatar\\\/9167d280179c85bc18be67aa7eda765854300033af4896dd779b608640f2ef7a?s=96&d=mm&r=g\",\"url\":\"https:\\\/\\\/secure.gravatar.com\\\/avatar\\\/9167d280179c85bc18be67aa7eda765854300033af4896dd779b608640f2ef7a?s=96&d=mm&r=g\",\"contentUrl\":\"https:\\\/\\\/secure.gravatar.com\\\/avatar\\\/9167d280179c85bc18be67aa7eda765854300033af4896dd779b608640f2ef7a?s=96&d=mm&r=g\",\"caption\":\"Diario1 Diario1\"},\"url\":\"https:\\\/\\\/diariotextual.com\\\/inicio\\\/index.php\\\/author\\\/diario1\\\/\"}]}<\/script>\n<!-- \/ Yoast SEO plugin. -->","yoast_head_json":{"title":"El fiscal Eduardo Taiano abri\u00f3 la investigaci\u00f3n por el Criptogate de Milei y pidi\u00f3 medidas claves - Diario Textual","robots":{"index":"index","follow":"follow","max-snippet":"max-snippet:-1","max-image-preview":"max-image-preview:large","max-video-preview":"max-video-preview:-1"},"canonical":"https:\/\/diariotextual.com\/inicio\/index.php\/2025\/02\/21\/el-fiscal-eduardo-taiano-abrio-la-investigacion-por-el-criptogate-de-milei-y-pidio-medidas-claves\/","og_locale":"es_ES","og_type":"article","og_title":"El fiscal Eduardo Taiano abri\u00f3 la investigaci\u00f3n por el Criptogate de Milei y pidi\u00f3 medidas claves - Diario Textual","og_description":"El fiscal federal Eduardo Taiano avanz\u00f3 en la investigaci\u00f3n sobre la creaci\u00f3n y lanzamiento de la criptomoneda $LIBRA, con el objetivo de determinar las circunstancias de su desarrollo y la&hellip;","og_url":"https:\/\/diariotextual.com\/inicio\/index.php\/2025\/02\/21\/el-fiscal-eduardo-taiano-abrio-la-investigacion-por-el-criptogate-de-milei-y-pidio-medidas-claves\/","og_site_name":"Diario Textual","article_publisher":"https:\/\/www.facebook.com\/eltextual","article_published_time":"2025-02-21T19:20:03+00:00","article_modified_time":"2025-02-21T19:20:43+00:00","og_image":[{"width":1155,"height":650,"url":"https:\/\/diariotextual.com\/inicio\/wp-content\/uploads\/2025\/02\/mileijavier2025-0012.webp","type":"image\/webp"}],"author":"Diario1 Diario1","twitter_card":"summary_large_image","twitter_creator":"@eltextual","twitter_site":"@eltextual","twitter_misc":{"Escrito por":"Diario1 Diario1","Tiempo de lectura":"2 minutos"},"schema":{"@context":"https:\/\/schema.org","@graph":[{"@type":"Article","@id":"https:\/\/diariotextual.com\/inicio\/index.php\/2025\/02\/21\/el-fiscal-eduardo-taiano-abrio-la-investigacion-por-el-criptogate-de-milei-y-pidio-medidas-claves\/#article","isPartOf":{"@id":"https:\/\/diariotextual.com\/inicio\/index.php\/2025\/02\/21\/el-fiscal-eduardo-taiano-abrio-la-investigacion-por-el-criptogate-de-milei-y-pidio-medidas-claves\/"},"author":{"name":"Diario1 Diario1","@id":"https:\/\/diariotextual.com\/inicio\/#\/schema\/person\/418fc4093c33e86ed41562db3508f958"},"headline":"El fiscal Eduardo Taiano abri\u00f3 la investigaci\u00f3n por el Criptogate de Milei y pidi\u00f3 medidas claves","datePublished":"2025-02-21T19:20:03+00:00","dateModified":"2025-02-21T19:20:43+00:00","mainEntityOfPage":{"@id":"https:\/\/diariotextual.com\/inicio\/index.php\/2025\/02\/21\/el-fiscal-eduardo-taiano-abrio-la-investigacion-por-el-criptogate-de-milei-y-pidio-medidas-claves\/"},"wordCount":223,"publisher":{"@id":"https:\/\/diariotextual.com\/inicio\/#organization"},"image":{"@id":"https:\/\/diariotextual.com\/inicio\/index.php\/2025\/02\/21\/el-fiscal-eduardo-taiano-abrio-la-investigacion-por-el-criptogate-de-milei-y-pidio-medidas-claves\/#primaryimage"},"thumbnailUrl":"https:\/\/diariotextual.com\/inicio\/wp-content\/uploads\/2025\/02\/mileijavier2025-0012.webp","articleSection":["A - DESTACADAS (mod 16)","POLITICA"],"inLanguage":"es"},{"@type":"WebPage","@id":"https:\/\/diariotextual.com\/inicio\/index.php\/2025\/02\/21\/el-fiscal-eduardo-taiano-abrio-la-investigacion-por-el-criptogate-de-milei-y-pidio-medidas-claves\/","url":"https:\/\/diariotextual.com\/inicio\/index.php\/2025\/02\/21\/el-fiscal-eduardo-taiano-abrio-la-investigacion-por-el-criptogate-de-milei-y-pidio-medidas-claves\/","name":"El fiscal Eduardo Taiano abri\u00f3 la investigaci\u00f3n por el Criptogate de Milei y pidi\u00f3 medidas claves - Diario Textual","isPartOf":{"@id":"https:\/\/diariotextual.com\/inicio\/#website"},"primaryImageOfPage":{"@id":"https:\/\/diariotextual.com\/inicio\/index.php\/2025\/02\/21\/el-fiscal-eduardo-taiano-abrio-la-investigacion-por-el-criptogate-de-milei-y-pidio-medidas-claves\/#primaryimage"},"image":{"@id":"https:\/\/diariotextual.com\/inicio\/index.php\/2025\/02\/21\/el-fiscal-eduardo-taiano-abrio-la-investigacion-por-el-criptogate-de-milei-y-pidio-medidas-claves\/#primaryimage"},"thumbnailUrl":"https:\/\/diariotextual.com\/inicio\/wp-content\/uploads\/2025\/02\/mileijavier2025-0012.webp","datePublished":"2025-02-21T19:20:03+00:00","dateModified":"2025-02-21T19:20:43+00:00","breadcrumb":{"@id":"https:\/\/diariotextual.com\/inicio\/index.php\/2025\/02\/21\/el-fiscal-eduardo-taiano-abrio-la-investigacion-por-el-criptogate-de-milei-y-pidio-medidas-claves\/#breadcrumb"},"inLanguage":"es","potentialAction":[{"@type":"ReadAction","target":["https:\/\/diariotextual.com\/inicio\/index.php\/2025\/02\/21\/el-fiscal-eduardo-taiano-abrio-la-investigacion-por-el-criptogate-de-milei-y-pidio-medidas-claves\/"]}]},{"@type":"ImageObject","inLanguage":"es","@id":"https:\/\/diariotextual.com\/inicio\/index.php\/2025\/02\/21\/el-fiscal-eduardo-taiano-abrio-la-investigacion-por-el-criptogate-de-milei-y-pidio-medidas-claves\/#primaryimage","url":"https:\/\/diariotextual.com\/inicio\/wp-content\/uploads\/2025\/02\/mileijavier2025-0012.webp","contentUrl":"https:\/\/diariotextual.com\/inicio\/wp-content\/uploads\/2025\/02\/mileijavier2025-0012.webp","width":1155,"height":650},{"@type":"BreadcrumbList","@id":"https:\/\/diariotextual.com\/inicio\/index.php\/2025\/02\/21\/el-fiscal-eduardo-taiano-abrio-la-investigacion-por-el-criptogate-de-milei-y-pidio-medidas-claves\/#breadcrumb","itemListElement":[{"@type":"ListItem","position":1,"name":"Portada","item":"https:\/\/diariotextual.com\/inicio\/"},{"@type":"ListItem","position":2,"name":"El fiscal Eduardo Taiano abri\u00f3 la investigaci\u00f3n por el Criptogate de Milei y pidi\u00f3 medidas claves"}]},{"@type":"WebSite","@id":"https:\/\/diariotextual.com\/inicio\/#website","url":"https:\/\/diariotextual.com\/inicio\/","name":"Diario Textual","description":"","publisher":{"@id":"https:\/\/diariotextual.com\/inicio\/#organization"},"potentialAction":[{"@type":"SearchAction","target":{"@type":"EntryPoint","urlTemplate":"https:\/\/diariotextual.com\/inicio\/?s={search_term_string}"},"query-input":{"@type":"PropertyValueSpecification","valueRequired":true,"valueName":"search_term_string"}}],"inLanguage":"es"},{"@type":"Organization","@id":"https:\/\/diariotextual.com\/inicio\/#organization","name":"Diario Textual","url":"https:\/\/diariotextual.com\/inicio\/","logo":{"@type":"ImageObject","inLanguage":"es","@id":"https:\/\/diariotextual.com\/inicio\/#\/schema\/logo\/image\/","url":"https:\/\/diariotextual.com\/inicio\/wp-content\/uploads\/2023\/05\/logotextual1.jpg","contentUrl":"https:\/\/diariotextual.com\/inicio\/wp-content\/uploads\/2023\/05\/logotextual1.jpg","width":516,"height":76,"caption":"Diario Textual"},"image":{"@id":"https:\/\/diariotextual.com\/inicio\/#\/schema\/logo\/image\/"},"sameAs":["https:\/\/www.facebook.com\/eltextual","https:\/\/x.com\/eltextual","http:\/\/www.instagram.com\/eltextual"]},{"@type":"Person","@id":"https:\/\/diariotextual.com\/inicio\/#\/schema\/person\/418fc4093c33e86ed41562db3508f958","name":"Diario1 Diario1","image":{"@type":"ImageObject","inLanguage":"es","@id":"https:\/\/secure.gravatar.com\/avatar\/9167d280179c85bc18be67aa7eda765854300033af4896dd779b608640f2ef7a?s=96&d=mm&r=g","url":"https:\/\/secure.gravatar.com\/avatar\/9167d280179c85bc18be67aa7eda765854300033af4896dd779b608640f2ef7a?s=96&d=mm&r=g","contentUrl":"https:\/\/secure.gravatar.com\/avatar\/9167d280179c85bc18be67aa7eda765854300033af4896dd779b608640f2ef7a?s=96&d=mm&r=g","caption":"Diario1 Diario1"},"url":"https:\/\/diariotextual.com\/inicio\/index.php\/author\/diario1\/"}]}},"_links":{"self":[{"href":"https:\/\/diariotextual.com\/inicio\/index.php\/wp-json\/wp\/v2\/posts\/289420","targetHints":{"allow":["GET"]}}],"collection":[{"href":"https:\/\/diariotextual.com\/inicio\/index.php\/wp-json\/wp\/v2\/posts"}],"about":[{"href":"https:\/\/diariotextual.com\/inicio\/index.php\/wp-json\/wp\/v2\/types\/post"}],"author":[{"embeddable":true,"href":"https:\/\/diariotextual.com\/inicio\/index.php\/wp-json\/wp\/v2\/users\/3"}],"replies":[{"embeddable":true,"href":"https:\/\/diariotextual.com\/inicio\/index.php\/wp-json\/wp\/v2\/comments?post=289420"}],"version-history":[{"count":2,"href":"https:\/\/diariotextual.com\/inicio\/index.php\/wp-json\/wp\/v2\/posts\/289420\/revisions"}],"predecessor-version":[{"id":289422,"href":"https:\/\/diariotextual.com\/inicio\/index.php\/wp-json\/wp\/v2\/posts\/289420\/revisions\/289422"}],"wp:featuredmedia":[{"embeddable":true,"href":"https:\/\/diariotextual.com\/inicio\/index.php\/wp-json\/wp\/v2\/media\/288782"}],"wp:attachment":[{"href":"https:\/\/diariotextual.com\/inicio\/index.php\/wp-json\/wp\/v2\/media?parent=289420"}],"wp:term":[{"taxonomy":"category","embeddable":true,"href":"https:\/\/diariotextual.com\/inicio\/index.php\/wp-json\/wp\/v2\/categories?post=289420"},{"taxonomy":"post_tag","embeddable":true,"href":"https:\/\/diariotextual.com\/inicio\/index.php\/wp-json\/wp\/v2\/tags?post=289420"}],"curies":[{"name":"wp","href":"https:\/\/api.w.org\/{rel}","templated":true}]}}