{"id":289677,"date":"2025-02-25T23:45:26","date_gmt":"2025-02-26T02:45:26","guid":{"rendered":"https:\/\/diariotextual.com\/inicio\/?p=289677"},"modified":"2025-02-26T08:52:09","modified_gmt":"2025-02-26T11:52:09","slug":"fracaso-de-boca-por-penales-quedo-eliminado-de-la-libertadores","status":"publish","type":"post","link":"https:\/\/diariotextual.com\/inicio\/index.php\/2025\/02\/25\/fracaso-de-boca-por-penales-quedo-eliminado-de-la-libertadores\/","title":{"rendered":"Fracaso de Boca: por penales, qued\u00f3 afuera de la Libertadores"},"content":{"rendered":"\n<p>Boca qued\u00f3 eliminado esta noche de la Copa Libertadores tras caer como local en definici\u00f3n por penales 5 a 4 ante Alianza Lima de Per\u00fa, luego de imponerse por 2-1 en el tiempo regular, por la segunda fase del repechaje del torneo.<\/p>\n\n\n\n<p>El arquero del conjunto peruano, Guillermo Viscarra, fue fundamental en los remates desde los doce pasos, ya que tap\u00f3 el disparo del delantero xeneize Alan Velasco.<\/p>\n\n\n\n<p>Para el elenco argentino convirtieron Marcos Rojo, Williams Alarc\u00f3n, Edinson Cavani y Milton Gim\u00e9nez.<\/p>\n\n\n\n<p>En tanto, para los dirigidos por N\u00e9stor Gorosito anotaron Paolo Guerrero, Fernando Gaibor, Miguel Trauco, Erick Noriega y Pablo Lavandeira<\/p>\n\n\n\n<p>Los primeros noventa minutos finalizaron con victoria de 2-1 para los de La Ribera, con un gol en contra a favor de Lan\u00fas por parte de Miguel Trauco, a los 5 minutos del primer tiempo, y un tanto de Kevin Zenon de cabeza, a los 12 minutos del complemento.<\/p>\n\n\n\n<p>Por su parte, el empate para los peruanos fue de la mano de Hern\u00e1n Barcos, a los 19 minutos de la primera mitad.<\/p>\n\n\n\n<p>Con esta eliminaci\u00f3n, Boca no disputar\u00e1 ning\u00fan torneo continental en la temporada 2025 ya que reci\u00e9n a partir de la tercera fase del repechaje se aseguraban un puesto en la Copa Sudamericana.<\/p>\n\n\n\n<p>Ahora, el conjunto comandado por Fernando Gago tendr\u00e1 un duro duelo ante Rosario Central, el pr\u00f3ximo viernes por el Torneo Apertura, mientras que Alianza Lima se medir\u00e1 ante Deportes Iquique de Chile en la siguiente instancia del certamen internacional.<\/p>\n\n\n\n<p>A los 5 minutos de partido, Marcelo Saracchi envi\u00f3 un centro desde la izquierda que rebot\u00f3 en el cuerpo del defensor peruano Miguel Trauco y mand\u00f3 la pelota al fondo de la red para que los locales se adelanten en el encuentro.<\/p>\n\n\n\n<p>Sin embargo, a pesar del dominio de la pelota por parte del xeneize, Barcos conect\u00f3 de cabeza un centro desde la derecha por parte de Pablo Ceppellini tras un tiro libre para vencer al arquero Agust\u00edn Marchesin e igualar el duelo.<\/p>\n\n\n\n<p>M\u00e1s adelante, a los 30 minutos de la primera parte, el cuadro peruano tuvo una clara ocasi\u00f3n de gol en un contragolpe en el que Eryc Castillo busc\u00f3 eludir al guardavallas de La Ribera, pero este le sac\u00f3 la pelota y evit\u00f3 que los visitantes conviertan el segundo.<\/p>\n\n\n\n<p>En la segunda parte, Boca volvi\u00f3 a imponer condiciones desde el arranque y tuvo el gol en los pies de Edinson Cavani al minuto de juego, pero su remate se fue desviado.<\/p>\n\n\n\n<p>A los 12 minutos, Zen\u00f3n captur\u00f3 un rebote dentro del \u00e1rea chica por parte del arquero Guillermo Viscarra tras un remate de cabeza de Marcos Rojo y volvi\u00f3 a adelantar al conjunto argentino.<\/p>\n\n\n\n<p>Asimismo, el guardameta boliviano de la visita fue fundamental para impedir que el conjunto azul y oro sentencie el encuentro.<\/p>\n\n\n\n<p>Sobre el final, en la \u00faltima jugada del partido, Cavani se encontr\u00f3 solo frente al arco, pero no pudo rematar con precisi\u00f3n y trastabill\u00f3 con el bal\u00f3n por lo que el cotejo debi\u00f3 ser resuelto desde los doce pasos.<\/p>\n\n\n\n<p>Minutos antes del cierre del partido, Marchesin le pidi\u00f3 el cambio a \u201cPintita\u201d y en su lugar tuvo que ingresar Leandro Brey para participar de los remates desde los doce pasos.<\/p>\n\n\n\n<p><\/p>\n\n\n\n<p><\/p>\n","protected":false},"excerpt":{"rendered":"<p>Boca qued\u00f3 eliminado esta noche de la Copa Libertadores tras caer como local en definici\u00f3n por penales 5 a 4 ante Alianza Lima de Per\u00fa, luego de imponerse por 2-1&hellip;<\/p>\n","protected":false},"author":3,"featured_media":289679,"comment_status":"closed","ping_status":"open","sticky":false,"template":"","format":"standard","meta":{"_acf_changed":false,"footnotes":""},"categories":[1,3],"tags":[],"class_list":["post-289677","post","type-post","status-publish","format-standard","has-post-thumbnail","hentry","category-es-noticia","category-deportes"],"acf":[],"yoast_head":"<!-- This site is optimized with the Yoast SEO plugin v27.5 - https:\/\/yoast.com\/product\/yoast-seo-wordpress\/ -->\n<title>Fracaso de Boca: por penales, qued\u00f3 afuera de la Libertadores - Diario Textual<\/title>\n<meta name=\"robots\" content=\"index, follow, max-snippet:-1, max-image-preview:large, max-video-preview:-1\" \/>\n<link rel=\"canonical\" href=\"https:\/\/diariotextual.com\/inicio\/index.php\/2025\/02\/25\/fracaso-de-boca-por-penales-quedo-eliminado-de-la-libertadores\/\" \/>\n<meta property=\"og:locale\" content=\"es_ES\" \/>\n<meta property=\"og:type\" content=\"article\" \/>\n<meta property=\"og:title\" content=\"Fracaso de Boca: por penales, qued\u00f3 afuera de la Libertadores - Diario Textual\" \/>\n<meta property=\"og:description\" content=\"Boca qued\u00f3 eliminado esta noche de la Copa Libertadores tras caer como local en definici\u00f3n por penales 5 a 4 ante Alianza Lima de Per\u00fa, luego de imponerse por 2-1&hellip;\" \/>\n<meta property=\"og:url\" content=\"https:\/\/diariotextual.com\/inicio\/index.php\/2025\/02\/25\/fracaso-de-boca-por-penales-quedo-eliminado-de-la-libertadores\/\" \/>\n<meta property=\"og:site_name\" content=\"Diario Textual\" \/>\n<meta property=\"article:publisher\" content=\"https:\/\/www.facebook.com\/eltextual\" \/>\n<meta property=\"article:published_time\" content=\"2025-02-26T02:45:26+00:00\" \/>\n<meta property=\"article:modified_time\" content=\"2025-02-26T11:52:09+00:00\" \/>\n<meta property=\"og:image\" content=\"https:\/\/diariotextual.com\/inicio\/wp-content\/uploads\/2025\/02\/bocaalianzalima2025-7.jpg\" \/>\n\t<meta property=\"og:image:width\" content=\"1500\" \/>\n\t<meta property=\"og:image:height\" content=\"1000\" \/>\n\t<meta property=\"og:image:type\" content=\"image\/jpeg\" \/>\n<meta name=\"author\" content=\"Diario1 Diario1\" \/>\n<meta name=\"twitter:card\" content=\"summary_large_image\" \/>\n<meta name=\"twitter:creator\" content=\"@eltextual\" \/>\n<meta name=\"twitter:site\" content=\"@eltextual\" \/>\n<meta name=\"twitter:label1\" content=\"Escrito por\" \/>\n\t<meta name=\"twitter:data1\" content=\"Diario1 Diario1\" \/>\n\t<meta name=\"twitter:label2\" content=\"Tiempo de lectura\" \/>\n\t<meta name=\"twitter:data2\" content=\"3 minutos\" \/>\n<script type=\"application\/ld+json\" class=\"yoast-schema-graph\">{\"@context\":\"https:\\\/\\\/schema.org\",\"@graph\":[{\"@type\":\"Article\",\"@id\":\"https:\\\/\\\/diariotextual.com\\\/inicio\\\/index.php\\\/2025\\\/02\\\/25\\\/fracaso-de-boca-por-penales-quedo-eliminado-de-la-libertadores\\\/#article\",\"isPartOf\":{\"@id\":\"https:\\\/\\\/diariotextual.com\\\/inicio\\\/index.php\\\/2025\\\/02\\\/25\\\/fracaso-de-boca-por-penales-quedo-eliminado-de-la-libertadores\\\/\"},\"author\":{\"name\":\"Diario1 Diario1\",\"@id\":\"https:\\\/\\\/diariotextual.com\\\/inicio\\\/#\\\/schema\\\/person\\\/418fc4093c33e86ed41562db3508f958\"},\"headline\":\"Fracaso de Boca: por penales, qued\u00f3 afuera de la Libertadores\",\"datePublished\":\"2025-02-26T02:45:26+00:00\",\"dateModified\":\"2025-02-26T11:52:09+00:00\",\"mainEntityOfPage\":{\"@id\":\"https:\\\/\\\/diariotextual.com\\\/inicio\\\/index.php\\\/2025\\\/02\\\/25\\\/fracaso-de-boca-por-penales-quedo-eliminado-de-la-libertadores\\\/\"},\"wordCount\":548,\"publisher\":{\"@id\":\"https:\\\/\\\/diariotextual.com\\\/inicio\\\/#organization\"},\"image\":{\"@id\":\"https:\\\/\\\/diariotextual.com\\\/inicio\\\/index.php\\\/2025\\\/02\\\/25\\\/fracaso-de-boca-por-penales-quedo-eliminado-de-la-libertadores\\\/#primaryimage\"},\"thumbnailUrl\":\"https:\\\/\\\/diariotextual.com\\\/inicio\\\/wp-content\\\/uploads\\\/2025\\\/02\\\/bocaalianzalima2025-7.jpg\",\"articleSection\":[\"A - ES NOTICIA (van abajo)\",\"DEPORTES\"],\"inLanguage\":\"es\"},{\"@type\":\"WebPage\",\"@id\":\"https:\\\/\\\/diariotextual.com\\\/inicio\\\/index.php\\\/2025\\\/02\\\/25\\\/fracaso-de-boca-por-penales-quedo-eliminado-de-la-libertadores\\\/\",\"url\":\"https:\\\/\\\/diariotextual.com\\\/inicio\\\/index.php\\\/2025\\\/02\\\/25\\\/fracaso-de-boca-por-penales-quedo-eliminado-de-la-libertadores\\\/\",\"name\":\"Fracaso de Boca: por penales, qued\u00f3 afuera de la Libertadores - Diario Textual\",\"isPartOf\":{\"@id\":\"https:\\\/\\\/diariotextual.com\\\/inicio\\\/#website\"},\"primaryImageOfPage\":{\"@id\":\"https:\\\/\\\/diariotextual.com\\\/inicio\\\/index.php\\\/2025\\\/02\\\/25\\\/fracaso-de-boca-por-penales-quedo-eliminado-de-la-libertadores\\\/#primaryimage\"},\"image\":{\"@id\":\"https:\\\/\\\/diariotextual.com\\\/inicio\\\/index.php\\\/2025\\\/02\\\/25\\\/fracaso-de-boca-por-penales-quedo-eliminado-de-la-libertadores\\\/#primaryimage\"},\"thumbnailUrl\":\"https:\\\/\\\/diariotextual.com\\\/inicio\\\/wp-content\\\/uploads\\\/2025\\\/02\\\/bocaalianzalima2025-7.jpg\",\"datePublished\":\"2025-02-26T02:45:26+00:00\",\"dateModified\":\"2025-02-26T11:52:09+00:00\",\"breadcrumb\":{\"@id\":\"https:\\\/\\\/diariotextual.com\\\/inicio\\\/index.php\\\/2025\\\/02\\\/25\\\/fracaso-de-boca-por-penales-quedo-eliminado-de-la-libertadores\\\/#breadcrumb\"},\"inLanguage\":\"es\",\"potentialAction\":[{\"@type\":\"ReadAction\",\"target\":[\"https:\\\/\\\/diariotextual.com\\\/inicio\\\/index.php\\\/2025\\\/02\\\/25\\\/fracaso-de-boca-por-penales-quedo-eliminado-de-la-libertadores\\\/\"]}]},{\"@type\":\"ImageObject\",\"inLanguage\":\"es\",\"@id\":\"https:\\\/\\\/diariotextual.com\\\/inicio\\\/index.php\\\/2025\\\/02\\\/25\\\/fracaso-de-boca-por-penales-quedo-eliminado-de-la-libertadores\\\/#primaryimage\",\"url\":\"https:\\\/\\\/diariotextual.com\\\/inicio\\\/wp-content\\\/uploads\\\/2025\\\/02\\\/bocaalianzalima2025-7.jpg\",\"contentUrl\":\"https:\\\/\\\/diariotextual.com\\\/inicio\\\/wp-content\\\/uploads\\\/2025\\\/02\\\/bocaalianzalima2025-7.jpg\",\"width\":1500,\"height\":1000},{\"@type\":\"BreadcrumbList\",\"@id\":\"https:\\\/\\\/diariotextual.com\\\/inicio\\\/index.php\\\/2025\\\/02\\\/25\\\/fracaso-de-boca-por-penales-quedo-eliminado-de-la-libertadores\\\/#breadcrumb\",\"itemListElement\":[{\"@type\":\"ListItem\",\"position\":1,\"name\":\"Portada\",\"item\":\"https:\\\/\\\/diariotextual.com\\\/inicio\\\/\"},{\"@type\":\"ListItem\",\"position\":2,\"name\":\"Fracaso de Boca: por penales, qued\u00f3 afuera de la Libertadores\"}]},{\"@type\":\"WebSite\",\"@id\":\"https:\\\/\\\/diariotextual.com\\\/inicio\\\/#website\",\"url\":\"https:\\\/\\\/diariotextual.com\\\/inicio\\\/\",\"name\":\"Diario Textual\",\"description\":\"\",\"publisher\":{\"@id\":\"https:\\\/\\\/diariotextual.com\\\/inicio\\\/#organization\"},\"potentialAction\":[{\"@type\":\"SearchAction\",\"target\":{\"@type\":\"EntryPoint\",\"urlTemplate\":\"https:\\\/\\\/diariotextual.com\\\/inicio\\\/?s={search_term_string}\"},\"query-input\":{\"@type\":\"PropertyValueSpecification\",\"valueRequired\":true,\"valueName\":\"search_term_string\"}}],\"inLanguage\":\"es\"},{\"@type\":\"Organization\",\"@id\":\"https:\\\/\\\/diariotextual.com\\\/inicio\\\/#organization\",\"name\":\"Diario Textual\",\"url\":\"https:\\\/\\\/diariotextual.com\\\/inicio\\\/\",\"logo\":{\"@type\":\"ImageObject\",\"inLanguage\":\"es\",\"@id\":\"https:\\\/\\\/diariotextual.com\\\/inicio\\\/#\\\/schema\\\/logo\\\/image\\\/\",\"url\":\"https:\\\/\\\/diariotextual.com\\\/inicio\\\/wp-content\\\/uploads\\\/2023\\\/05\\\/logotextual1.jpg\",\"contentUrl\":\"https:\\\/\\\/diariotextual.com\\\/inicio\\\/wp-content\\\/uploads\\\/2023\\\/05\\\/logotextual1.jpg\",\"width\":516,\"height\":76,\"caption\":\"Diario Textual\"},\"image\":{\"@id\":\"https:\\\/\\\/diariotextual.com\\\/inicio\\\/#\\\/schema\\\/logo\\\/image\\\/\"},\"sameAs\":[\"https:\\\/\\\/www.facebook.com\\\/eltextual\",\"https:\\\/\\\/x.com\\\/eltextual\",\"http:\\\/\\\/www.instagram.com\\\/eltextual\"]},{\"@type\":\"Person\",\"@id\":\"https:\\\/\\\/diariotextual.com\\\/inicio\\\/#\\\/schema\\\/person\\\/418fc4093c33e86ed41562db3508f958\",\"name\":\"Diario1 Diario1\",\"image\":{\"@type\":\"ImageObject\",\"inLanguage\":\"es\",\"@id\":\"https:\\\/\\\/secure.gravatar.com\\\/avatar\\\/9167d280179c85bc18be67aa7eda765854300033af4896dd779b608640f2ef7a?s=96&d=mm&r=g\",\"url\":\"https:\\\/\\\/secure.gravatar.com\\\/avatar\\\/9167d280179c85bc18be67aa7eda765854300033af4896dd779b608640f2ef7a?s=96&d=mm&r=g\",\"contentUrl\":\"https:\\\/\\\/secure.gravatar.com\\\/avatar\\\/9167d280179c85bc18be67aa7eda765854300033af4896dd779b608640f2ef7a?s=96&d=mm&r=g\",\"caption\":\"Diario1 Diario1\"},\"url\":\"https:\\\/\\\/diariotextual.com\\\/inicio\\\/index.php\\\/author\\\/diario1\\\/\"}]}<\/script>\n<!-- \/ Yoast SEO plugin. -->","yoast_head_json":{"title":"Fracaso de Boca: por penales, qued\u00f3 afuera de la Libertadores - Diario Textual","robots":{"index":"index","follow":"follow","max-snippet":"max-snippet:-1","max-image-preview":"max-image-preview:large","max-video-preview":"max-video-preview:-1"},"canonical":"https:\/\/diariotextual.com\/inicio\/index.php\/2025\/02\/25\/fracaso-de-boca-por-penales-quedo-eliminado-de-la-libertadores\/","og_locale":"es_ES","og_type":"article","og_title":"Fracaso de Boca: por penales, qued\u00f3 afuera de la Libertadores - Diario Textual","og_description":"Boca qued\u00f3 eliminado esta noche de la Copa Libertadores tras caer como local en definici\u00f3n por penales 5 a 4 ante Alianza Lima de Per\u00fa, luego de imponerse por 2-1&hellip;","og_url":"https:\/\/diariotextual.com\/inicio\/index.php\/2025\/02\/25\/fracaso-de-boca-por-penales-quedo-eliminado-de-la-libertadores\/","og_site_name":"Diario Textual","article_publisher":"https:\/\/www.facebook.com\/eltextual","article_published_time":"2025-02-26T02:45:26+00:00","article_modified_time":"2025-02-26T11:52:09+00:00","og_image":[{"width":1500,"height":1000,"url":"https:\/\/diariotextual.com\/inicio\/wp-content\/uploads\/2025\/02\/bocaalianzalima2025-7.jpg","type":"image\/jpeg"}],"author":"Diario1 Diario1","twitter_card":"summary_large_image","twitter_creator":"@eltextual","twitter_site":"@eltextual","twitter_misc":{"Escrito por":"Diario1 Diario1","Tiempo de lectura":"3 minutos"},"schema":{"@context":"https:\/\/schema.org","@graph":[{"@type":"Article","@id":"https:\/\/diariotextual.com\/inicio\/index.php\/2025\/02\/25\/fracaso-de-boca-por-penales-quedo-eliminado-de-la-libertadores\/#article","isPartOf":{"@id":"https:\/\/diariotextual.com\/inicio\/index.php\/2025\/02\/25\/fracaso-de-boca-por-penales-quedo-eliminado-de-la-libertadores\/"},"author":{"name":"Diario1 Diario1","@id":"https:\/\/diariotextual.com\/inicio\/#\/schema\/person\/418fc4093c33e86ed41562db3508f958"},"headline":"Fracaso de Boca: por penales, qued\u00f3 afuera de la Libertadores","datePublished":"2025-02-26T02:45:26+00:00","dateModified":"2025-02-26T11:52:09+00:00","mainEntityOfPage":{"@id":"https:\/\/diariotextual.com\/inicio\/index.php\/2025\/02\/25\/fracaso-de-boca-por-penales-quedo-eliminado-de-la-libertadores\/"},"wordCount":548,"publisher":{"@id":"https:\/\/diariotextual.com\/inicio\/#organization"},"image":{"@id":"https:\/\/diariotextual.com\/inicio\/index.php\/2025\/02\/25\/fracaso-de-boca-por-penales-quedo-eliminado-de-la-libertadores\/#primaryimage"},"thumbnailUrl":"https:\/\/diariotextual.com\/inicio\/wp-content\/uploads\/2025\/02\/bocaalianzalima2025-7.jpg","articleSection":["A - ES NOTICIA (van abajo)","DEPORTES"],"inLanguage":"es"},{"@type":"WebPage","@id":"https:\/\/diariotextual.com\/inicio\/index.php\/2025\/02\/25\/fracaso-de-boca-por-penales-quedo-eliminado-de-la-libertadores\/","url":"https:\/\/diariotextual.com\/inicio\/index.php\/2025\/02\/25\/fracaso-de-boca-por-penales-quedo-eliminado-de-la-libertadores\/","name":"Fracaso de Boca: por penales, qued\u00f3 afuera de la Libertadores - Diario Textual","isPartOf":{"@id":"https:\/\/diariotextual.com\/inicio\/#website"},"primaryImageOfPage":{"@id":"https:\/\/diariotextual.com\/inicio\/index.php\/2025\/02\/25\/fracaso-de-boca-por-penales-quedo-eliminado-de-la-libertadores\/#primaryimage"},"image":{"@id":"https:\/\/diariotextual.com\/inicio\/index.php\/2025\/02\/25\/fracaso-de-boca-por-penales-quedo-eliminado-de-la-libertadores\/#primaryimage"},"thumbnailUrl":"https:\/\/diariotextual.com\/inicio\/wp-content\/uploads\/2025\/02\/bocaalianzalima2025-7.jpg","datePublished":"2025-02-26T02:45:26+00:00","dateModified":"2025-02-26T11:52:09+00:00","breadcrumb":{"@id":"https:\/\/diariotextual.com\/inicio\/index.php\/2025\/02\/25\/fracaso-de-boca-por-penales-quedo-eliminado-de-la-libertadores\/#breadcrumb"},"inLanguage":"es","potentialAction":[{"@type":"ReadAction","target":["https:\/\/diariotextual.com\/inicio\/index.php\/2025\/02\/25\/fracaso-de-boca-por-penales-quedo-eliminado-de-la-libertadores\/"]}]},{"@type":"ImageObject","inLanguage":"es","@id":"https:\/\/diariotextual.com\/inicio\/index.php\/2025\/02\/25\/fracaso-de-boca-por-penales-quedo-eliminado-de-la-libertadores\/#primaryimage","url":"https:\/\/diariotextual.com\/inicio\/wp-content\/uploads\/2025\/02\/bocaalianzalima2025-7.jpg","contentUrl":"https:\/\/diariotextual.com\/inicio\/wp-content\/uploads\/2025\/02\/bocaalianzalima2025-7.jpg","width":1500,"height":1000},{"@type":"BreadcrumbList","@id":"https:\/\/diariotextual.com\/inicio\/index.php\/2025\/02\/25\/fracaso-de-boca-por-penales-quedo-eliminado-de-la-libertadores\/#breadcrumb","itemListElement":[{"@type":"ListItem","position":1,"name":"Portada","item":"https:\/\/diariotextual.com\/inicio\/"},{"@type":"ListItem","position":2,"name":"Fracaso de Boca: por penales, qued\u00f3 afuera de la Libertadores"}]},{"@type":"WebSite","@id":"https:\/\/diariotextual.com\/inicio\/#website","url":"https:\/\/diariotextual.com\/inicio\/","name":"Diario Textual","description":"","publisher":{"@id":"https:\/\/diariotextual.com\/inicio\/#organization"},"potentialAction":[{"@type":"SearchAction","target":{"@type":"EntryPoint","urlTemplate":"https:\/\/diariotextual.com\/inicio\/?s={search_term_string}"},"query-input":{"@type":"PropertyValueSpecification","valueRequired":true,"valueName":"search_term_string"}}],"inLanguage":"es"},{"@type":"Organization","@id":"https:\/\/diariotextual.com\/inicio\/#organization","name":"Diario Textual","url":"https:\/\/diariotextual.com\/inicio\/","logo":{"@type":"ImageObject","inLanguage":"es","@id":"https:\/\/diariotextual.com\/inicio\/#\/schema\/logo\/image\/","url":"https:\/\/diariotextual.com\/inicio\/wp-content\/uploads\/2023\/05\/logotextual1.jpg","contentUrl":"https:\/\/diariotextual.com\/inicio\/wp-content\/uploads\/2023\/05\/logotextual1.jpg","width":516,"height":76,"caption":"Diario Textual"},"image":{"@id":"https:\/\/diariotextual.com\/inicio\/#\/schema\/logo\/image\/"},"sameAs":["https:\/\/www.facebook.com\/eltextual","https:\/\/x.com\/eltextual","http:\/\/www.instagram.com\/eltextual"]},{"@type":"Person","@id":"https:\/\/diariotextual.com\/inicio\/#\/schema\/person\/418fc4093c33e86ed41562db3508f958","name":"Diario1 Diario1","image":{"@type":"ImageObject","inLanguage":"es","@id":"https:\/\/secure.gravatar.com\/avatar\/9167d280179c85bc18be67aa7eda765854300033af4896dd779b608640f2ef7a?s=96&d=mm&r=g","url":"https:\/\/secure.gravatar.com\/avatar\/9167d280179c85bc18be67aa7eda765854300033af4896dd779b608640f2ef7a?s=96&d=mm&r=g","contentUrl":"https:\/\/secure.gravatar.com\/avatar\/9167d280179c85bc18be67aa7eda765854300033af4896dd779b608640f2ef7a?s=96&d=mm&r=g","caption":"Diario1 Diario1"},"url":"https:\/\/diariotextual.com\/inicio\/index.php\/author\/diario1\/"}]}},"_links":{"self":[{"href":"https:\/\/diariotextual.com\/inicio\/index.php\/wp-json\/wp\/v2\/posts\/289677","targetHints":{"allow":["GET"]}}],"collection":[{"href":"https:\/\/diariotextual.com\/inicio\/index.php\/wp-json\/wp\/v2\/posts"}],"about":[{"href":"https:\/\/diariotextual.com\/inicio\/index.php\/wp-json\/wp\/v2\/types\/post"}],"author":[{"embeddable":true,"href":"https:\/\/diariotextual.com\/inicio\/index.php\/wp-json\/wp\/v2\/users\/3"}],"replies":[{"embeddable":true,"href":"https:\/\/diariotextual.com\/inicio\/index.php\/wp-json\/wp\/v2\/comments?post=289677"}],"version-history":[{"count":5,"href":"https:\/\/diariotextual.com\/inicio\/index.php\/wp-json\/wp\/v2\/posts\/289677\/revisions"}],"predecessor-version":[{"id":289689,"href":"https:\/\/diariotextual.com\/inicio\/index.php\/wp-json\/wp\/v2\/posts\/289677\/revisions\/289689"}],"wp:featuredmedia":[{"embeddable":true,"href":"https:\/\/diariotextual.com\/inicio\/index.php\/wp-json\/wp\/v2\/media\/289679"}],"wp:attachment":[{"href":"https:\/\/diariotextual.com\/inicio\/index.php\/wp-json\/wp\/v2\/media?parent=289677"}],"wp:term":[{"taxonomy":"category","embeddable":true,"href":"https:\/\/diariotextual.com\/inicio\/index.php\/wp-json\/wp\/v2\/categories?post=289677"},{"taxonomy":"post_tag","embeddable":true,"href":"https:\/\/diariotextual.com\/inicio\/index.php\/wp-json\/wp\/v2\/tags?post=289677"}],"curies":[{"name":"wp","href":"https:\/\/api.w.org\/{rel}","templated":true}]}}