{"id":290458,"date":"2025-03-06T08:49:26","date_gmt":"2025-03-06T11:49:26","guid":{"rendered":"https:\/\/diariotextual.com\/inicio\/?p=290458"},"modified":"2025-03-06T18:11:39","modified_gmt":"2025-03-06T21:11:39","slug":"debate-por-las-sad-la-barranca-descolocada-porque-le-dieron-luz-verde-a-un-club-con-gerenciamiento-privado","status":"publish","type":"post","link":"https:\/\/diariotextual.com\/inicio\/index.php\/2025\/03\/06\/debate-por-las-sad-la-barranca-descolocada-porque-le-dieron-luz-verde-a-un-club-con-gerenciamiento-privado\/","title":{"rendered":"Debate por las SAD: La Barranca, descolocada porque le dieron luz verde a un club con gerenciamiento privado"},"content":{"rendered":"\n<p><strong>El Club Social La Barranca destac\u00f3 la \u201cnecesidad de la interacci\u00f3n del capital privado y estatal en la vida\u201d de los clubes, pero sostuvo que est\u00e1 en contra del ingreso de la Sociedades An\u00f3nimas Deportivas (SAD). En ese marco, expres\u00f3 que le pareci\u00f3 \u201ccontradictorio\u201d que el resto de las entidades deportivas de la Liga Cultural hayan aprobado el ingreso del Club Estudiantes que cuenta con gerenciamiento privado.<\/strong><\/p>\n\n\n\n<p>El Club La Barranca dio a conocer su posicionamiento, a trav\u00e9s de un comunicado de prensa. Es el siguiente:<\/p>\n\n\n\n<p><em>\u201cA partir del debate en nuestra provincia del ingreso de la Sociedades An\u00f3nimas Deportivas en los clubes, creemos necesario fijar nuestra postura como Club Social (Asociaci\u00f3n Civil sin fines de lucro cuyos predios se encuentran a su nombre), aclarando previamente nuestra oposici\u00f3n a dichas organizaciones en nuestra Provincia de La Pampa.<\/em><\/p>\n\n\n\n<p><em>Cabe recordar <strong>la postura tajante en tal sentido del Gobierno de La Pampa por medio de la Subsecretar\u00eda de Deportes con un comunicado que refrend\u00f3 la gran mayor\u00eda de los clubes en ese momento, pero sin embargo luego la Liga Cultural de F\u00fatbol aprob\u00f3 el ingreso nuevamente del Club Estudiantes mediante el gerenciamiento del f\u00fatbol por parte de BN Sports Sociedad An\u00f3nima con el contradictorio apoyo un\u00e1nime de los clubes (a excepci\u00f3n de La Barranca).\u00a0\u00a0<\/strong><\/em><\/p>\n\n\n\n<p><em>Curiosamente esta nueva novedad para los argentinos y pampeanos en general, es decir la incorporaci\u00f3n de la figura SAD en los clubes sea mediante gerenciamiento (SAD encubierta al tener fines de lucro) o bien como mutaci\u00f3n de raz\u00f3n social, es tan antigua como el f\u00fatbol; y de hecho para ahondar en la historia podr\u00edamos decir que nace en el pa\u00eds de los fundadores del deporte, Inglaterra. Efectivamente desde 1921 los clubes ingleses eran constituidos por compa\u00f1\u00edas privadas y de ah\u00ed la figura legal que tomaban y siguieron tomando. A partir del a\u00f1o 1983 y la posibilidad de dichas instituciones de lucro de cotizar en bolsa, permiti\u00f3 que la idea fuera atravesando fronteras e instal\u00e1ndose en pr\u00e1cticamente toda Europa occidental.<\/em><\/p>\n\n\n\n<p><em>Sin entrar en an\u00e1lisis coexisten en dicho continente y el mundo sociedades bajo normas diferentes seg\u00fan sean los pa\u00edses. Es as\u00ed que en Inglaterra es directamente una sociedad comercial con fines de lucro, en Italia las sociedades por ley deben invertir un porcentaje en educaci\u00f3n y actividad social, las hay mixtas como en el caso de la Bundesliga alemana, donde pueden coexistir la asociaci\u00f3n civil Club con la SAD, etc. Mas en todos los casos bajo una estricta fiscalizaci\u00f3n real del Estado.<\/em><\/p>\n\n\n\n<p><em><strong>Las SAD tambi\u00e9n han traspasado fronteras<\/strong> y se encuentran pr\u00e1cticamente en todo el mundo, al tal punto que podr\u00edamos afirmar que Argentina es uno de los pocos pa\u00edses donde todav\u00eda no se han naturalizado. <strong>Como denominador com\u00fan a dicho cambio societario, encontramos el &#8216;estado de necesidad&#8217; de los clubes de crecer en momentos de crisis, que los llevo a convertirse en SAD.<\/strong><\/em><\/p>\n\n\n\n<p><em>Claramente el origen de nuestros clubes, pr\u00e1cticamente en todo el territorio nacional, ha ido de la mano del crecimiento poblacional y el surgimiento de nuevas ciudades, donde pioneros vieron (y ven) en estas instituciones un acompa\u00f1amiento m\u00e1s al proceso de socializaci\u00f3n de los infantiles y el uso de buenas pr\u00e1cticas en el deporte bajo el lema &#8216;men sana in corpore sano&#8217;. De ah\u00ed la figura de Asociaciones Civiles sin fines de Lucro.<\/em><\/p>\n\n\n\n<p><em>En primer t\u00e9rmino, <strong>creemos profundamente en la necesidad de la interacci\u00f3n del capital privado y estatal en la vida de los clubes. Y en el caso del estado de participaci\u00f3n en pol\u00edticas p\u00fablicas tambi\u00e9n. Yendo al aporte econ\u00f3mico tanto estatal como privado es claro que ese acompa\u00f1amiento se debe dar bajo un orden jer\u00e1rquico, es decir el Estado o el capital privado debe estar al costado o atr\u00e1s del club, m\u00e1s nunca delante de \u00e9l. Ello por la sencilla raz\u00f3n de no aceptar condicionamientos y perder autodeterminaci\u00f3n como entidad democr\u00e1tica.<\/strong><\/em><\/p>\n\n\n\n<p><strong><em>En el caso del capital privado cuando se ubica delante del club, act\u00faa bajo forma de SAD o gerenciamiento (SAD encubierta), dejando de lado el inter\u00e9s de los socios por un nuevo fin, \u2018el lucro\u2019.<\/em><\/strong><\/p>\n\n\n\n<p><em>Los ejemplos en el mundo dan muestras claras de la p\u00e9rdida del inter\u00e9s com\u00fan en los socios por el \u00e9xito deportivo o econ\u00f3mico de un grupo. La palabra gerenciamiento deportivo como antecedente en nuestro pa\u00eds, tenemos el triste ejemplo de lo que fuera el gerenciamiento de Racing Club de Avellaneda por la Albiceleste S.A. Dicha actuaci\u00f3n dejo una imagen negativa imborrable en los socios de esta instituci\u00f3n que dieron muestra de una gran resistencia para recuperar el club definitivamente mediante una lecci\u00f3n de hidalgu\u00eda.<\/em><\/p>\n\n\n\n<p><em>Desde nuestra visi\u00f3n como club pol\u00edticamente independiente, <strong>entendemos, queremos y pregonamos que la totalidad del arco pol\u00edtico (partidos y personas) acuerden la necesidad de instaurar pol\u00edticas de Estado que vinculen el trabajo con los clubes.<\/strong><\/em><\/p>\n\n\n\n<p><em>Efectivamente <strong>el an\u00e1lisis de la existencia de clubes y SAD no es lo mismo en un pa\u00eds desarrollado que en los pa\u00edses emergentes como el nuestro<\/strong>. Los clubes dotados de equipos interdisciplinarios, con nutricionistas, psic\u00f3logos, asistentes sociales, kinesi\u00f3logos, etc\u00e9tera, pueden detectar (y en nuestra experiencia detectan) numerosos flagelos en las infancias y adolescencias y poder tratar preventivamente dichas problem\u00e1ticas, como sucedi\u00f3 much\u00edsimo en la pandemia Covid-19.<\/em><\/p>\n\n\n\n<p><em>Claro que para eso <strong>es necesario de pol\u00edticas p\u00fablicas de trabajo en com\u00fan y de acercamiento del Estado. <\/strong>Para ser m\u00e1s claro,<strong> los clubes son una herramienta para sacar chicos de la calle como com\u00fanmente se dice, y el d\u00eda que se imponga el fin de lucro por sobre el social, el Estado habr\u00e1 perdido la posibilidad de contar con dicha herramienta para intentar alguna vez en la vida un cambio de cara a una sociedad m\u00e1s justa, donde la infancia no ande perdida por las calles y la pobreza sea algo normal, casi vital y necesario que se evite.<\/strong><\/em><\/p>\n\n\n\n<p><em>Es una batalla que no podemos perder, pero necesitamos para eso un dialogo permanente de la sociedad\u201d.<\/em><\/p>\n\n\n\n<p><\/p>\n","protected":false},"excerpt":{"rendered":"<p>El Club Social La Barranca destac\u00f3 la \u201cnecesidad de la interacci\u00f3n del capital privado y estatal en la vida\u201d de los clubes, pero sostuvo que est\u00e1 en contra del ingreso&hellip;<\/p>\n","protected":false},"author":3,"featured_media":290461,"comment_status":"closed","ping_status":"open","sticky":false,"template":"","format":"standard","meta":{"_acf_changed":false,"footnotes":""},"categories":[1,3],"tags":[],"class_list":["post-290458","post","type-post","status-publish","format-standard","has-post-thumbnail","hentry","category-es-noticia","category-deportes"],"acf":[],"yoast_head":"<!-- This site is optimized with the Yoast SEO plugin v27.5 - https:\/\/yoast.com\/product\/yoast-seo-wordpress\/ -->\n<title>Debate por las SAD: La Barranca, descolocada porque le dieron luz verde a un club con gerenciamiento privado - Diario Textual<\/title>\n<meta name=\"robots\" content=\"index, follow, max-snippet:-1, max-image-preview:large, max-video-preview:-1\" \/>\n<link rel=\"canonical\" href=\"https:\/\/diariotextual.com\/inicio\/index.php\/2025\/03\/06\/debate-por-las-sad-la-barranca-descolocada-porque-le-dieron-luz-verde-a-un-club-con-gerenciamiento-privado\/\" \/>\n<meta property=\"og:locale\" content=\"es_ES\" \/>\n<meta property=\"og:type\" content=\"article\" \/>\n<meta property=\"og:title\" content=\"Debate por las SAD: La Barranca, descolocada porque le dieron luz verde a un club con gerenciamiento privado - Diario Textual\" \/>\n<meta property=\"og:description\" content=\"El Club Social La Barranca destac\u00f3 la \u201cnecesidad de la interacci\u00f3n del capital privado y estatal en la vida\u201d de los clubes, pero sostuvo que est\u00e1 en contra del ingreso&hellip;\" \/>\n<meta property=\"og:url\" content=\"https:\/\/diariotextual.com\/inicio\/index.php\/2025\/03\/06\/debate-por-las-sad-la-barranca-descolocada-porque-le-dieron-luz-verde-a-un-club-con-gerenciamiento-privado\/\" \/>\n<meta property=\"og:site_name\" content=\"Diario Textual\" \/>\n<meta property=\"article:publisher\" content=\"https:\/\/www.facebook.com\/eltextual\" \/>\n<meta property=\"article:published_time\" content=\"2025-03-06T11:49:26+00:00\" \/>\n<meta property=\"article:modified_time\" content=\"2025-03-06T21:11:39+00:00\" \/>\n<meta property=\"og:image\" content=\"https:\/\/diariotextual.com\/inicio\/wp-content\/uploads\/2025\/03\/labarranca2025-12.jpg\" \/>\n\t<meta property=\"og:image:width\" content=\"1080\" \/>\n\t<meta property=\"og:image:height\" content=\"719\" \/>\n\t<meta property=\"og:image:type\" content=\"image\/jpeg\" \/>\n<meta name=\"author\" content=\"Diario1 Diario1\" \/>\n<meta name=\"twitter:card\" content=\"summary_large_image\" \/>\n<meta name=\"twitter:creator\" content=\"@eltextual\" \/>\n<meta name=\"twitter:site\" content=\"@eltextual\" \/>\n<meta name=\"twitter:label1\" content=\"Escrito por\" \/>\n\t<meta name=\"twitter:data1\" content=\"Diario1 Diario1\" \/>\n\t<meta name=\"twitter:label2\" content=\"Tiempo de lectura\" \/>\n\t<meta name=\"twitter:data2\" content=\"5 minutos\" \/>\n<script type=\"application\/ld+json\" class=\"yoast-schema-graph\">{\"@context\":\"https:\\\/\\\/schema.org\",\"@graph\":[{\"@type\":\"Article\",\"@id\":\"https:\\\/\\\/diariotextual.com\\\/inicio\\\/index.php\\\/2025\\\/03\\\/06\\\/debate-por-las-sad-la-barranca-descolocada-porque-le-dieron-luz-verde-a-un-club-con-gerenciamiento-privado\\\/#article\",\"isPartOf\":{\"@id\":\"https:\\\/\\\/diariotextual.com\\\/inicio\\\/index.php\\\/2025\\\/03\\\/06\\\/debate-por-las-sad-la-barranca-descolocada-porque-le-dieron-luz-verde-a-un-club-con-gerenciamiento-privado\\\/\"},\"author\":{\"name\":\"Diario1 Diario1\",\"@id\":\"https:\\\/\\\/diariotextual.com\\\/inicio\\\/#\\\/schema\\\/person\\\/418fc4093c33e86ed41562db3508f958\"},\"headline\":\"Debate por las SAD: La Barranca, descolocada porque le dieron luz verde a un club con gerenciamiento privado\",\"datePublished\":\"2025-03-06T11:49:26+00:00\",\"dateModified\":\"2025-03-06T21:11:39+00:00\",\"mainEntityOfPage\":{\"@id\":\"https:\\\/\\\/diariotextual.com\\\/inicio\\\/index.php\\\/2025\\\/03\\\/06\\\/debate-por-las-sad-la-barranca-descolocada-porque-le-dieron-luz-verde-a-un-club-con-gerenciamiento-privado\\\/\"},\"wordCount\":1075,\"publisher\":{\"@id\":\"https:\\\/\\\/diariotextual.com\\\/inicio\\\/#organization\"},\"image\":{\"@id\":\"https:\\\/\\\/diariotextual.com\\\/inicio\\\/index.php\\\/2025\\\/03\\\/06\\\/debate-por-las-sad-la-barranca-descolocada-porque-le-dieron-luz-verde-a-un-club-con-gerenciamiento-privado\\\/#primaryimage\"},\"thumbnailUrl\":\"https:\\\/\\\/diariotextual.com\\\/inicio\\\/wp-content\\\/uploads\\\/2025\\\/03\\\/labarranca2025-12.jpg\",\"articleSection\":[\"A - ES NOTICIA (van abajo)\",\"DEPORTES\"],\"inLanguage\":\"es\"},{\"@type\":\"WebPage\",\"@id\":\"https:\\\/\\\/diariotextual.com\\\/inicio\\\/index.php\\\/2025\\\/03\\\/06\\\/debate-por-las-sad-la-barranca-descolocada-porque-le-dieron-luz-verde-a-un-club-con-gerenciamiento-privado\\\/\",\"url\":\"https:\\\/\\\/diariotextual.com\\\/inicio\\\/index.php\\\/2025\\\/03\\\/06\\\/debate-por-las-sad-la-barranca-descolocada-porque-le-dieron-luz-verde-a-un-club-con-gerenciamiento-privado\\\/\",\"name\":\"Debate por las SAD: La Barranca, descolocada porque le dieron luz verde a un club con gerenciamiento privado - Diario Textual\",\"isPartOf\":{\"@id\":\"https:\\\/\\\/diariotextual.com\\\/inicio\\\/#website\"},\"primaryImageOfPage\":{\"@id\":\"https:\\\/\\\/diariotextual.com\\\/inicio\\\/index.php\\\/2025\\\/03\\\/06\\\/debate-por-las-sad-la-barranca-descolocada-porque-le-dieron-luz-verde-a-un-club-con-gerenciamiento-privado\\\/#primaryimage\"},\"image\":{\"@id\":\"https:\\\/\\\/diariotextual.com\\\/inicio\\\/index.php\\\/2025\\\/03\\\/06\\\/debate-por-las-sad-la-barranca-descolocada-porque-le-dieron-luz-verde-a-un-club-con-gerenciamiento-privado\\\/#primaryimage\"},\"thumbnailUrl\":\"https:\\\/\\\/diariotextual.com\\\/inicio\\\/wp-content\\\/uploads\\\/2025\\\/03\\\/labarranca2025-12.jpg\",\"datePublished\":\"2025-03-06T11:49:26+00:00\",\"dateModified\":\"2025-03-06T21:11:39+00:00\",\"breadcrumb\":{\"@id\":\"https:\\\/\\\/diariotextual.com\\\/inicio\\\/index.php\\\/2025\\\/03\\\/06\\\/debate-por-las-sad-la-barranca-descolocada-porque-le-dieron-luz-verde-a-un-club-con-gerenciamiento-privado\\\/#breadcrumb\"},\"inLanguage\":\"es\",\"potentialAction\":[{\"@type\":\"ReadAction\",\"target\":[\"https:\\\/\\\/diariotextual.com\\\/inicio\\\/index.php\\\/2025\\\/03\\\/06\\\/debate-por-las-sad-la-barranca-descolocada-porque-le-dieron-luz-verde-a-un-club-con-gerenciamiento-privado\\\/\"]}]},{\"@type\":\"ImageObject\",\"inLanguage\":\"es\",\"@id\":\"https:\\\/\\\/diariotextual.com\\\/inicio\\\/index.php\\\/2025\\\/03\\\/06\\\/debate-por-las-sad-la-barranca-descolocada-porque-le-dieron-luz-verde-a-un-club-con-gerenciamiento-privado\\\/#primaryimage\",\"url\":\"https:\\\/\\\/diariotextual.com\\\/inicio\\\/wp-content\\\/uploads\\\/2025\\\/03\\\/labarranca2025-12.jpg\",\"contentUrl\":\"https:\\\/\\\/diariotextual.com\\\/inicio\\\/wp-content\\\/uploads\\\/2025\\\/03\\\/labarranca2025-12.jpg\",\"width\":1080,\"height\":719},{\"@type\":\"BreadcrumbList\",\"@id\":\"https:\\\/\\\/diariotextual.com\\\/inicio\\\/index.php\\\/2025\\\/03\\\/06\\\/debate-por-las-sad-la-barranca-descolocada-porque-le-dieron-luz-verde-a-un-club-con-gerenciamiento-privado\\\/#breadcrumb\",\"itemListElement\":[{\"@type\":\"ListItem\",\"position\":1,\"name\":\"Portada\",\"item\":\"https:\\\/\\\/diariotextual.com\\\/inicio\\\/\"},{\"@type\":\"ListItem\",\"position\":2,\"name\":\"Debate por las SAD: La Barranca, descolocada porque le dieron luz verde a un club con gerenciamiento privado\"}]},{\"@type\":\"WebSite\",\"@id\":\"https:\\\/\\\/diariotextual.com\\\/inicio\\\/#website\",\"url\":\"https:\\\/\\\/diariotextual.com\\\/inicio\\\/\",\"name\":\"Diario Textual\",\"description\":\"\",\"publisher\":{\"@id\":\"https:\\\/\\\/diariotextual.com\\\/inicio\\\/#organization\"},\"potentialAction\":[{\"@type\":\"SearchAction\",\"target\":{\"@type\":\"EntryPoint\",\"urlTemplate\":\"https:\\\/\\\/diariotextual.com\\\/inicio\\\/?s={search_term_string}\"},\"query-input\":{\"@type\":\"PropertyValueSpecification\",\"valueRequired\":true,\"valueName\":\"search_term_string\"}}],\"inLanguage\":\"es\"},{\"@type\":\"Organization\",\"@id\":\"https:\\\/\\\/diariotextual.com\\\/inicio\\\/#organization\",\"name\":\"Diario Textual\",\"url\":\"https:\\\/\\\/diariotextual.com\\\/inicio\\\/\",\"logo\":{\"@type\":\"ImageObject\",\"inLanguage\":\"es\",\"@id\":\"https:\\\/\\\/diariotextual.com\\\/inicio\\\/#\\\/schema\\\/logo\\\/image\\\/\",\"url\":\"https:\\\/\\\/diariotextual.com\\\/inicio\\\/wp-content\\\/uploads\\\/2023\\\/05\\\/logotextual1.jpg\",\"contentUrl\":\"https:\\\/\\\/diariotextual.com\\\/inicio\\\/wp-content\\\/uploads\\\/2023\\\/05\\\/logotextual1.jpg\",\"width\":516,\"height\":76,\"caption\":\"Diario Textual\"},\"image\":{\"@id\":\"https:\\\/\\\/diariotextual.com\\\/inicio\\\/#\\\/schema\\\/logo\\\/image\\\/\"},\"sameAs\":[\"https:\\\/\\\/www.facebook.com\\\/eltextual\",\"https:\\\/\\\/x.com\\\/eltextual\",\"http:\\\/\\\/www.instagram.com\\\/eltextual\"]},{\"@type\":\"Person\",\"@id\":\"https:\\\/\\\/diariotextual.com\\\/inicio\\\/#\\\/schema\\\/person\\\/418fc4093c33e86ed41562db3508f958\",\"name\":\"Diario1 Diario1\",\"image\":{\"@type\":\"ImageObject\",\"inLanguage\":\"es\",\"@id\":\"https:\\\/\\\/secure.gravatar.com\\\/avatar\\\/9167d280179c85bc18be67aa7eda765854300033af4896dd779b608640f2ef7a?s=96&d=mm&r=g\",\"url\":\"https:\\\/\\\/secure.gravatar.com\\\/avatar\\\/9167d280179c85bc18be67aa7eda765854300033af4896dd779b608640f2ef7a?s=96&d=mm&r=g\",\"contentUrl\":\"https:\\\/\\\/secure.gravatar.com\\\/avatar\\\/9167d280179c85bc18be67aa7eda765854300033af4896dd779b608640f2ef7a?s=96&d=mm&r=g\",\"caption\":\"Diario1 Diario1\"},\"url\":\"https:\\\/\\\/diariotextual.com\\\/inicio\\\/index.php\\\/author\\\/diario1\\\/\"}]}<\/script>\n<!-- \/ Yoast SEO plugin. -->","yoast_head_json":{"title":"Debate por las SAD: La Barranca, descolocada porque le dieron luz verde a un club con gerenciamiento privado - Diario Textual","robots":{"index":"index","follow":"follow","max-snippet":"max-snippet:-1","max-image-preview":"max-image-preview:large","max-video-preview":"max-video-preview:-1"},"canonical":"https:\/\/diariotextual.com\/inicio\/index.php\/2025\/03\/06\/debate-por-las-sad-la-barranca-descolocada-porque-le-dieron-luz-verde-a-un-club-con-gerenciamiento-privado\/","og_locale":"es_ES","og_type":"article","og_title":"Debate por las SAD: La Barranca, descolocada porque le dieron luz verde a un club con gerenciamiento privado - Diario Textual","og_description":"El Club Social La Barranca destac\u00f3 la \u201cnecesidad de la interacci\u00f3n del capital privado y estatal en la vida\u201d de los clubes, pero sostuvo que est\u00e1 en contra del ingreso&hellip;","og_url":"https:\/\/diariotextual.com\/inicio\/index.php\/2025\/03\/06\/debate-por-las-sad-la-barranca-descolocada-porque-le-dieron-luz-verde-a-un-club-con-gerenciamiento-privado\/","og_site_name":"Diario Textual","article_publisher":"https:\/\/www.facebook.com\/eltextual","article_published_time":"2025-03-06T11:49:26+00:00","article_modified_time":"2025-03-06T21:11:39+00:00","og_image":[{"width":1080,"height":719,"url":"https:\/\/diariotextual.com\/inicio\/wp-content\/uploads\/2025\/03\/labarranca2025-12.jpg","type":"image\/jpeg"}],"author":"Diario1 Diario1","twitter_card":"summary_large_image","twitter_creator":"@eltextual","twitter_site":"@eltextual","twitter_misc":{"Escrito por":"Diario1 Diario1","Tiempo de lectura":"5 minutos"},"schema":{"@context":"https:\/\/schema.org","@graph":[{"@type":"Article","@id":"https:\/\/diariotextual.com\/inicio\/index.php\/2025\/03\/06\/debate-por-las-sad-la-barranca-descolocada-porque-le-dieron-luz-verde-a-un-club-con-gerenciamiento-privado\/#article","isPartOf":{"@id":"https:\/\/diariotextual.com\/inicio\/index.php\/2025\/03\/06\/debate-por-las-sad-la-barranca-descolocada-porque-le-dieron-luz-verde-a-un-club-con-gerenciamiento-privado\/"},"author":{"name":"Diario1 Diario1","@id":"https:\/\/diariotextual.com\/inicio\/#\/schema\/person\/418fc4093c33e86ed41562db3508f958"},"headline":"Debate por las SAD: La Barranca, descolocada porque le dieron luz verde a un club con gerenciamiento privado","datePublished":"2025-03-06T11:49:26+00:00","dateModified":"2025-03-06T21:11:39+00:00","mainEntityOfPage":{"@id":"https:\/\/diariotextual.com\/inicio\/index.php\/2025\/03\/06\/debate-por-las-sad-la-barranca-descolocada-porque-le-dieron-luz-verde-a-un-club-con-gerenciamiento-privado\/"},"wordCount":1075,"publisher":{"@id":"https:\/\/diariotextual.com\/inicio\/#organization"},"image":{"@id":"https:\/\/diariotextual.com\/inicio\/index.php\/2025\/03\/06\/debate-por-las-sad-la-barranca-descolocada-porque-le-dieron-luz-verde-a-un-club-con-gerenciamiento-privado\/#primaryimage"},"thumbnailUrl":"https:\/\/diariotextual.com\/inicio\/wp-content\/uploads\/2025\/03\/labarranca2025-12.jpg","articleSection":["A - ES NOTICIA (van abajo)","DEPORTES"],"inLanguage":"es"},{"@type":"WebPage","@id":"https:\/\/diariotextual.com\/inicio\/index.php\/2025\/03\/06\/debate-por-las-sad-la-barranca-descolocada-porque-le-dieron-luz-verde-a-un-club-con-gerenciamiento-privado\/","url":"https:\/\/diariotextual.com\/inicio\/index.php\/2025\/03\/06\/debate-por-las-sad-la-barranca-descolocada-porque-le-dieron-luz-verde-a-un-club-con-gerenciamiento-privado\/","name":"Debate por las SAD: La Barranca, descolocada porque le dieron luz verde a un club con gerenciamiento privado - Diario Textual","isPartOf":{"@id":"https:\/\/diariotextual.com\/inicio\/#website"},"primaryImageOfPage":{"@id":"https:\/\/diariotextual.com\/inicio\/index.php\/2025\/03\/06\/debate-por-las-sad-la-barranca-descolocada-porque-le-dieron-luz-verde-a-un-club-con-gerenciamiento-privado\/#primaryimage"},"image":{"@id":"https:\/\/diariotextual.com\/inicio\/index.php\/2025\/03\/06\/debate-por-las-sad-la-barranca-descolocada-porque-le-dieron-luz-verde-a-un-club-con-gerenciamiento-privado\/#primaryimage"},"thumbnailUrl":"https:\/\/diariotextual.com\/inicio\/wp-content\/uploads\/2025\/03\/labarranca2025-12.jpg","datePublished":"2025-03-06T11:49:26+00:00","dateModified":"2025-03-06T21:11:39+00:00","breadcrumb":{"@id":"https:\/\/diariotextual.com\/inicio\/index.php\/2025\/03\/06\/debate-por-las-sad-la-barranca-descolocada-porque-le-dieron-luz-verde-a-un-club-con-gerenciamiento-privado\/#breadcrumb"},"inLanguage":"es","potentialAction":[{"@type":"ReadAction","target":["https:\/\/diariotextual.com\/inicio\/index.php\/2025\/03\/06\/debate-por-las-sad-la-barranca-descolocada-porque-le-dieron-luz-verde-a-un-club-con-gerenciamiento-privado\/"]}]},{"@type":"ImageObject","inLanguage":"es","@id":"https:\/\/diariotextual.com\/inicio\/index.php\/2025\/03\/06\/debate-por-las-sad-la-barranca-descolocada-porque-le-dieron-luz-verde-a-un-club-con-gerenciamiento-privado\/#primaryimage","url":"https:\/\/diariotextual.com\/inicio\/wp-content\/uploads\/2025\/03\/labarranca2025-12.jpg","contentUrl":"https:\/\/diariotextual.com\/inicio\/wp-content\/uploads\/2025\/03\/labarranca2025-12.jpg","width":1080,"height":719},{"@type":"BreadcrumbList","@id":"https:\/\/diariotextual.com\/inicio\/index.php\/2025\/03\/06\/debate-por-las-sad-la-barranca-descolocada-porque-le-dieron-luz-verde-a-un-club-con-gerenciamiento-privado\/#breadcrumb","itemListElement":[{"@type":"ListItem","position":1,"name":"Portada","item":"https:\/\/diariotextual.com\/inicio\/"},{"@type":"ListItem","position":2,"name":"Debate por las SAD: La Barranca, descolocada porque le dieron luz verde a un club con gerenciamiento privado"}]},{"@type":"WebSite","@id":"https:\/\/diariotextual.com\/inicio\/#website","url":"https:\/\/diariotextual.com\/inicio\/","name":"Diario Textual","description":"","publisher":{"@id":"https:\/\/diariotextual.com\/inicio\/#organization"},"potentialAction":[{"@type":"SearchAction","target":{"@type":"EntryPoint","urlTemplate":"https:\/\/diariotextual.com\/inicio\/?s={search_term_string}"},"query-input":{"@type":"PropertyValueSpecification","valueRequired":true,"valueName":"search_term_string"}}],"inLanguage":"es"},{"@type":"Organization","@id":"https:\/\/diariotextual.com\/inicio\/#organization","name":"Diario Textual","url":"https:\/\/diariotextual.com\/inicio\/","logo":{"@type":"ImageObject","inLanguage":"es","@id":"https:\/\/diariotextual.com\/inicio\/#\/schema\/logo\/image\/","url":"https:\/\/diariotextual.com\/inicio\/wp-content\/uploads\/2023\/05\/logotextual1.jpg","contentUrl":"https:\/\/diariotextual.com\/inicio\/wp-content\/uploads\/2023\/05\/logotextual1.jpg","width":516,"height":76,"caption":"Diario Textual"},"image":{"@id":"https:\/\/diariotextual.com\/inicio\/#\/schema\/logo\/image\/"},"sameAs":["https:\/\/www.facebook.com\/eltextual","https:\/\/x.com\/eltextual","http:\/\/www.instagram.com\/eltextual"]},{"@type":"Person","@id":"https:\/\/diariotextual.com\/inicio\/#\/schema\/person\/418fc4093c33e86ed41562db3508f958","name":"Diario1 Diario1","image":{"@type":"ImageObject","inLanguage":"es","@id":"https:\/\/secure.gravatar.com\/avatar\/9167d280179c85bc18be67aa7eda765854300033af4896dd779b608640f2ef7a?s=96&d=mm&r=g","url":"https:\/\/secure.gravatar.com\/avatar\/9167d280179c85bc18be67aa7eda765854300033af4896dd779b608640f2ef7a?s=96&d=mm&r=g","contentUrl":"https:\/\/secure.gravatar.com\/avatar\/9167d280179c85bc18be67aa7eda765854300033af4896dd779b608640f2ef7a?s=96&d=mm&r=g","caption":"Diario1 Diario1"},"url":"https:\/\/diariotextual.com\/inicio\/index.php\/author\/diario1\/"}]}},"_links":{"self":[{"href":"https:\/\/diariotextual.com\/inicio\/index.php\/wp-json\/wp\/v2\/posts\/290458","targetHints":{"allow":["GET"]}}],"collection":[{"href":"https:\/\/diariotextual.com\/inicio\/index.php\/wp-json\/wp\/v2\/posts"}],"about":[{"href":"https:\/\/diariotextual.com\/inicio\/index.php\/wp-json\/wp\/v2\/types\/post"}],"author":[{"embeddable":true,"href":"https:\/\/diariotextual.com\/inicio\/index.php\/wp-json\/wp\/v2\/users\/3"}],"replies":[{"embeddable":true,"href":"https:\/\/diariotextual.com\/inicio\/index.php\/wp-json\/wp\/v2\/comments?post=290458"}],"version-history":[{"count":2,"href":"https:\/\/diariotextual.com\/inicio\/index.php\/wp-json\/wp\/v2\/posts\/290458\/revisions"}],"predecessor-version":[{"id":290460,"href":"https:\/\/diariotextual.com\/inicio\/index.php\/wp-json\/wp\/v2\/posts\/290458\/revisions\/290460"}],"wp:featuredmedia":[{"embeddable":true,"href":"https:\/\/diariotextual.com\/inicio\/index.php\/wp-json\/wp\/v2\/media\/290461"}],"wp:attachment":[{"href":"https:\/\/diariotextual.com\/inicio\/index.php\/wp-json\/wp\/v2\/media?parent=290458"}],"wp:term":[{"taxonomy":"category","embeddable":true,"href":"https:\/\/diariotextual.com\/inicio\/index.php\/wp-json\/wp\/v2\/categories?post=290458"},{"taxonomy":"post_tag","embeddable":true,"href":"https:\/\/diariotextual.com\/inicio\/index.php\/wp-json\/wp\/v2\/tags?post=290458"}],"curies":[{"name":"wp","href":"https:\/\/api.w.org\/{rel}","templated":true}]}}