{"id":290636,"date":"2025-03-07T14:37:25","date_gmt":"2025-03-07T17:37:25","guid":{"rendered":"https:\/\/diariotextual.com\/inicio\/?p=290636"},"modified":"2025-03-08T13:21:15","modified_gmt":"2025-03-08T16:21:15","slug":"la-adela-cayeron-250-milimetros-y-esta-cortada-la-ruta-154-y-el-acceso-a-cuchillo-co","status":"publish","type":"post","link":"https:\/\/diariotextual.com\/inicio\/index.php\/2025\/03\/07\/la-adela-cayeron-250-milimetros-y-esta-cortada-la-ruta-154-y-el-acceso-a-cuchillo-co\/","title":{"rendered":"Cayeron 250 mil\u00edmetros y est\u00e1 cortada la ruta 154 y el acceso a Cuchillo Co"},"content":{"rendered":"\n<p>El pueblo de Cuchillo Co sufri\u00f3 en las \u00faltimas horas la descarga de unos 250 mil\u00edmetros de agua. El acceso a la localidad se encuentra cortado.<\/p>\n\n\n\n<iframe src=\"https:\/\/www.facebook.com\/plugins\/video.php?height=322&#038;href=https%3A%2F%2Fwww.facebook.com%2Feltextual%2Fvideos%2F653648903833994%2F&#038;show_text=false&#038;width=560&#038;t=0\" width=\"560\" height=\"322\" style=\"border:none;overflow:hidden\" scrolling=\"no\" frameborder=\"0\" allowfullscreen=\"true\" allow=\"autoplay; clipboard-write; encrypted-media; picture-in-picture; web-share\" allowFullScreen=\"true\"><\/iframe>\n\n\n\n<p>Desde la comisar\u00eda departamental de La Adela informaron que la ruta nacional 154, entre la ruta provincial 30 y aquella ciudad, se encuentra cortada al tr\u00e1nsito debido a las intensas lluvias de las \u00faltimas horas. \u201cEst\u00e1 cortada hasta que se asegure su transitabilidad\u201d, se inform\u00f3.<\/p>\n\n\n\n<p>Adem\u00e1s, est\u00e1 cortado el acceso a Cuchillo Co por ruta provincial 30. Cayeron 250 mil\u00edmetros en poco tiempo, seg\u00fan reporte desde el Campamento de Vialidad Nacional en el kil\u00f3metro 72 de la ruta 154.<\/p>\n\n\n\n<p><\/p>\n\n\n\n<figure class=\"wp-block-embed is-type-wp-embed is-provider-diario-textual wp-block-embed-diario-textual\"><div class=\"wp-block-embed__wrapper\">\n<blockquote class=\"wp-embedded-content\" data-secret=\"wyAMtz0Hma\"><a href=\"https:\/\/diariotextual.com\/inicio\/index.php\/2025\/03\/07\/estado-de-las-rutas-nacionales-de-la-pampa-agua-en-banquinas-y-sobre-la-cinta-asfaltica\/\">Estado de las rutas nacionales de La Pampa: agua en banquinas y sobre la cinta asf\u00e1ltica<\/a><\/blockquote><iframe class=\"wp-embedded-content\" sandbox=\"allow-scripts\" security=\"restricted\" style=\"position: absolute; visibility: hidden;\" title=\"\u00abEstado de las rutas nacionales de La Pampa: agua en banquinas y sobre la cinta asf\u00e1ltica\u00bb \u2014 Diario Textual\" src=\"https:\/\/diariotextual.com\/inicio\/index.php\/2025\/03\/07\/estado-de-las-rutas-nacionales-de-la-pampa-agua-en-banquinas-y-sobre-la-cinta-asfaltica\/embed\/#?secret=NXOZCrunRE#?secret=wyAMtz0Hma\" data-secret=\"wyAMtz0Hma\" width=\"600\" height=\"338\" frameborder=\"0\" marginwidth=\"0\" marginheight=\"0\" scrolling=\"no\"><\/iframe>\n<\/div><\/figure>\n\n\n\n<p><\/p>\n\n\n\n<p>\u201cInforma la comisar\u00eda departamental de La Adela, que prosigue lloviendo en la zona de la 154, por lo que se mantiene cortado el tr\u00e1nsito hacia la 35 hasta que se asegure control de transitabilidad de la ruta\u201d, comunic\u00f3 Nuestra FM.<\/p>\n\n\n\n<div style=\"height:100px\" aria-hidden=\"true\" class=\"wp-block-spacer\"><\/div>\n\n\n\n<p><em>Foto gentileza Jerem\u00edas Baraldi<\/em><\/p>\n\n\n\n<p><\/p>\n","protected":false},"excerpt":{"rendered":"<p>El pueblo de Cuchillo Co sufri\u00f3 en las \u00faltimas horas la descarga de unos 250 mil\u00edmetros de agua. El acceso a la localidad se encuentra cortado. Desde la comisar\u00eda departamental&hellip;<\/p>\n","protected":false},"author":4,"featured_media":290638,"comment_status":"closed","ping_status":"open","sticky":false,"template":"","format":"standard","meta":{"_acf_changed":false,"footnotes":""},"categories":[12],"tags":[],"class_list":["post-290636","post","type-post","status-publish","format-standard","has-post-thumbnail","hentry","category-sociedad"],"acf":[],"yoast_head":"<!-- This site is optimized with the Yoast SEO plugin v27.5 - https:\/\/yoast.com\/product\/yoast-seo-wordpress\/ -->\n<title>Cayeron 250 mil\u00edmetros y est\u00e1 cortada la ruta 154 y el acceso a Cuchillo Co - Diario Textual<\/title>\n<meta name=\"robots\" content=\"index, follow, max-snippet:-1, max-image-preview:large, max-video-preview:-1\" \/>\n<link rel=\"canonical\" href=\"https:\/\/diariotextual.com\/inicio\/index.php\/2025\/03\/07\/la-adela-cayeron-250-milimetros-y-esta-cortada-la-ruta-154-y-el-acceso-a-cuchillo-co\/\" \/>\n<meta property=\"og:locale\" content=\"es_ES\" \/>\n<meta property=\"og:type\" content=\"article\" \/>\n<meta property=\"og:title\" content=\"Cayeron 250 mil\u00edmetros y est\u00e1 cortada la ruta 154 y el acceso a Cuchillo Co - Diario Textual\" \/>\n<meta property=\"og:description\" content=\"El pueblo de Cuchillo Co sufri\u00f3 en las \u00faltimas horas la descarga de unos 250 mil\u00edmetros de agua. El acceso a la localidad se encuentra cortado. Desde la comisar\u00eda departamental&hellip;\" \/>\n<meta property=\"og:url\" content=\"https:\/\/diariotextual.com\/inicio\/index.php\/2025\/03\/07\/la-adela-cayeron-250-milimetros-y-esta-cortada-la-ruta-154-y-el-acceso-a-cuchillo-co\/\" \/>\n<meta property=\"og:site_name\" content=\"Diario Textual\" \/>\n<meta property=\"article:publisher\" content=\"https:\/\/www.facebook.com\/eltextual\" \/>\n<meta property=\"article:published_time\" content=\"2025-03-07T17:37:25+00:00\" \/>\n<meta property=\"article:modified_time\" content=\"2025-03-08T16:21:15+00:00\" \/>\n<meta property=\"og:image\" content=\"https:\/\/diariotextual.com\/inicio\/wp-content\/uploads\/2025\/03\/cuchillocolluviabaraldi45.jpg\" \/>\n\t<meta property=\"og:image:width\" content=\"1440\" \/>\n\t<meta property=\"og:image:height\" content=\"1099\" \/>\n\t<meta property=\"og:image:type\" content=\"image\/jpeg\" \/>\n<meta name=\"author\" content=\"diario2\" \/>\n<meta name=\"twitter:card\" content=\"summary_large_image\" \/>\n<meta name=\"twitter:creator\" content=\"@eltextual\" \/>\n<meta name=\"twitter:site\" content=\"@eltextual\" \/>\n<meta name=\"twitter:label1\" content=\"Escrito por\" \/>\n\t<meta name=\"twitter:data1\" content=\"diario2\" \/>\n\t<meta name=\"twitter:label2\" content=\"Tiempo de lectura\" \/>\n\t<meta name=\"twitter:data2\" content=\"1 minuto\" \/>\n<script type=\"application\/ld+json\" class=\"yoast-schema-graph\">{\"@context\":\"https:\\\/\\\/schema.org\",\"@graph\":[{\"@type\":\"Article\",\"@id\":\"https:\\\/\\\/diariotextual.com\\\/inicio\\\/index.php\\\/2025\\\/03\\\/07\\\/la-adela-cayeron-250-milimetros-y-esta-cortada-la-ruta-154-y-el-acceso-a-cuchillo-co\\\/#article\",\"isPartOf\":{\"@id\":\"https:\\\/\\\/diariotextual.com\\\/inicio\\\/index.php\\\/2025\\\/03\\\/07\\\/la-adela-cayeron-250-milimetros-y-esta-cortada-la-ruta-154-y-el-acceso-a-cuchillo-co\\\/\"},\"author\":{\"name\":\"diario2\",\"@id\":\"https:\\\/\\\/diariotextual.com\\\/inicio\\\/#\\\/schema\\\/person\\\/694f60677f23c4a530867a98f22b3768\"},\"headline\":\"Cayeron 250 mil\u00edmetros y est\u00e1 cortada la ruta 154 y el acceso a Cuchillo Co\",\"datePublished\":\"2025-03-07T17:37:25+00:00\",\"dateModified\":\"2025-03-08T16:21:15+00:00\",\"mainEntityOfPage\":{\"@id\":\"https:\\\/\\\/diariotextual.com\\\/inicio\\\/index.php\\\/2025\\\/03\\\/07\\\/la-adela-cayeron-250-milimetros-y-esta-cortada-la-ruta-154-y-el-acceso-a-cuchillo-co\\\/\"},\"wordCount\":171,\"publisher\":{\"@id\":\"https:\\\/\\\/diariotextual.com\\\/inicio\\\/#organization\"},\"image\":{\"@id\":\"https:\\\/\\\/diariotextual.com\\\/inicio\\\/index.php\\\/2025\\\/03\\\/07\\\/la-adela-cayeron-250-milimetros-y-esta-cortada-la-ruta-154-y-el-acceso-a-cuchillo-co\\\/#primaryimage\"},\"thumbnailUrl\":\"https:\\\/\\\/diariotextual.com\\\/inicio\\\/wp-content\\\/uploads\\\/2025\\\/03\\\/cuchillocolluviabaraldi45.jpg\",\"articleSection\":[\"SOCIEDAD\"],\"inLanguage\":\"es\"},{\"@type\":\"WebPage\",\"@id\":\"https:\\\/\\\/diariotextual.com\\\/inicio\\\/index.php\\\/2025\\\/03\\\/07\\\/la-adela-cayeron-250-milimetros-y-esta-cortada-la-ruta-154-y-el-acceso-a-cuchillo-co\\\/\",\"url\":\"https:\\\/\\\/diariotextual.com\\\/inicio\\\/index.php\\\/2025\\\/03\\\/07\\\/la-adela-cayeron-250-milimetros-y-esta-cortada-la-ruta-154-y-el-acceso-a-cuchillo-co\\\/\",\"name\":\"Cayeron 250 mil\u00edmetros y est\u00e1 cortada la ruta 154 y el acceso a Cuchillo Co - Diario Textual\",\"isPartOf\":{\"@id\":\"https:\\\/\\\/diariotextual.com\\\/inicio\\\/#website\"},\"primaryImageOfPage\":{\"@id\":\"https:\\\/\\\/diariotextual.com\\\/inicio\\\/index.php\\\/2025\\\/03\\\/07\\\/la-adela-cayeron-250-milimetros-y-esta-cortada-la-ruta-154-y-el-acceso-a-cuchillo-co\\\/#primaryimage\"},\"image\":{\"@id\":\"https:\\\/\\\/diariotextual.com\\\/inicio\\\/index.php\\\/2025\\\/03\\\/07\\\/la-adela-cayeron-250-milimetros-y-esta-cortada-la-ruta-154-y-el-acceso-a-cuchillo-co\\\/#primaryimage\"},\"thumbnailUrl\":\"https:\\\/\\\/diariotextual.com\\\/inicio\\\/wp-content\\\/uploads\\\/2025\\\/03\\\/cuchillocolluviabaraldi45.jpg\",\"datePublished\":\"2025-03-07T17:37:25+00:00\",\"dateModified\":\"2025-03-08T16:21:15+00:00\",\"breadcrumb\":{\"@id\":\"https:\\\/\\\/diariotextual.com\\\/inicio\\\/index.php\\\/2025\\\/03\\\/07\\\/la-adela-cayeron-250-milimetros-y-esta-cortada-la-ruta-154-y-el-acceso-a-cuchillo-co\\\/#breadcrumb\"},\"inLanguage\":\"es\",\"potentialAction\":[{\"@type\":\"ReadAction\",\"target\":[\"https:\\\/\\\/diariotextual.com\\\/inicio\\\/index.php\\\/2025\\\/03\\\/07\\\/la-adela-cayeron-250-milimetros-y-esta-cortada-la-ruta-154-y-el-acceso-a-cuchillo-co\\\/\"]}]},{\"@type\":\"ImageObject\",\"inLanguage\":\"es\",\"@id\":\"https:\\\/\\\/diariotextual.com\\\/inicio\\\/index.php\\\/2025\\\/03\\\/07\\\/la-adela-cayeron-250-milimetros-y-esta-cortada-la-ruta-154-y-el-acceso-a-cuchillo-co\\\/#primaryimage\",\"url\":\"https:\\\/\\\/diariotextual.com\\\/inicio\\\/wp-content\\\/uploads\\\/2025\\\/03\\\/cuchillocolluviabaraldi45.jpg\",\"contentUrl\":\"https:\\\/\\\/diariotextual.com\\\/inicio\\\/wp-content\\\/uploads\\\/2025\\\/03\\\/cuchillocolluviabaraldi45.jpg\",\"width\":1440,\"height\":1099},{\"@type\":\"BreadcrumbList\",\"@id\":\"https:\\\/\\\/diariotextual.com\\\/inicio\\\/index.php\\\/2025\\\/03\\\/07\\\/la-adela-cayeron-250-milimetros-y-esta-cortada-la-ruta-154-y-el-acceso-a-cuchillo-co\\\/#breadcrumb\",\"itemListElement\":[{\"@type\":\"ListItem\",\"position\":1,\"name\":\"Portada\",\"item\":\"https:\\\/\\\/diariotextual.com\\\/inicio\\\/\"},{\"@type\":\"ListItem\",\"position\":2,\"name\":\"Cayeron 250 mil\u00edmetros y est\u00e1 cortada la ruta 154 y el acceso a Cuchillo Co\"}]},{\"@type\":\"WebSite\",\"@id\":\"https:\\\/\\\/diariotextual.com\\\/inicio\\\/#website\",\"url\":\"https:\\\/\\\/diariotextual.com\\\/inicio\\\/\",\"name\":\"Diario Textual\",\"description\":\"\",\"publisher\":{\"@id\":\"https:\\\/\\\/diariotextual.com\\\/inicio\\\/#organization\"},\"potentialAction\":[{\"@type\":\"SearchAction\",\"target\":{\"@type\":\"EntryPoint\",\"urlTemplate\":\"https:\\\/\\\/diariotextual.com\\\/inicio\\\/?s={search_term_string}\"},\"query-input\":{\"@type\":\"PropertyValueSpecification\",\"valueRequired\":true,\"valueName\":\"search_term_string\"}}],\"inLanguage\":\"es\"},{\"@type\":\"Organization\",\"@id\":\"https:\\\/\\\/diariotextual.com\\\/inicio\\\/#organization\",\"name\":\"Diario Textual\",\"url\":\"https:\\\/\\\/diariotextual.com\\\/inicio\\\/\",\"logo\":{\"@type\":\"ImageObject\",\"inLanguage\":\"es\",\"@id\":\"https:\\\/\\\/diariotextual.com\\\/inicio\\\/#\\\/schema\\\/logo\\\/image\\\/\",\"url\":\"https:\\\/\\\/diariotextual.com\\\/inicio\\\/wp-content\\\/uploads\\\/2023\\\/05\\\/logotextual1.jpg\",\"contentUrl\":\"https:\\\/\\\/diariotextual.com\\\/inicio\\\/wp-content\\\/uploads\\\/2023\\\/05\\\/logotextual1.jpg\",\"width\":516,\"height\":76,\"caption\":\"Diario Textual\"},\"image\":{\"@id\":\"https:\\\/\\\/diariotextual.com\\\/inicio\\\/#\\\/schema\\\/logo\\\/image\\\/\"},\"sameAs\":[\"https:\\\/\\\/www.facebook.com\\\/eltextual\",\"https:\\\/\\\/x.com\\\/eltextual\",\"http:\\\/\\\/www.instagram.com\\\/eltextual\"]},{\"@type\":\"Person\",\"@id\":\"https:\\\/\\\/diariotextual.com\\\/inicio\\\/#\\\/schema\\\/person\\\/694f60677f23c4a530867a98f22b3768\",\"name\":\"diario2\",\"image\":{\"@type\":\"ImageObject\",\"inLanguage\":\"es\",\"@id\":\"https:\\\/\\\/secure.gravatar.com\\\/avatar\\\/5a2567495ba16b852fcd8f1ed006a2e24fcace936018ed8237e95f488ad6e0a7?s=96&d=mm&r=g\",\"url\":\"https:\\\/\\\/secure.gravatar.com\\\/avatar\\\/5a2567495ba16b852fcd8f1ed006a2e24fcace936018ed8237e95f488ad6e0a7?s=96&d=mm&r=g\",\"contentUrl\":\"https:\\\/\\\/secure.gravatar.com\\\/avatar\\\/5a2567495ba16b852fcd8f1ed006a2e24fcace936018ed8237e95f488ad6e0a7?s=96&d=mm&r=g\",\"caption\":\"diario2\"},\"url\":\"https:\\\/\\\/diariotextual.com\\\/inicio\\\/index.php\\\/author\\\/diario2\\\/\"}]}<\/script>\n<!-- \/ Yoast SEO plugin. -->","yoast_head_json":{"title":"Cayeron 250 mil\u00edmetros y est\u00e1 cortada la ruta 154 y el acceso a Cuchillo Co - Diario Textual","robots":{"index":"index","follow":"follow","max-snippet":"max-snippet:-1","max-image-preview":"max-image-preview:large","max-video-preview":"max-video-preview:-1"},"canonical":"https:\/\/diariotextual.com\/inicio\/index.php\/2025\/03\/07\/la-adela-cayeron-250-milimetros-y-esta-cortada-la-ruta-154-y-el-acceso-a-cuchillo-co\/","og_locale":"es_ES","og_type":"article","og_title":"Cayeron 250 mil\u00edmetros y est\u00e1 cortada la ruta 154 y el acceso a Cuchillo Co - Diario Textual","og_description":"El pueblo de Cuchillo Co sufri\u00f3 en las \u00faltimas horas la descarga de unos 250 mil\u00edmetros de agua. El acceso a la localidad se encuentra cortado. Desde la comisar\u00eda departamental&hellip;","og_url":"https:\/\/diariotextual.com\/inicio\/index.php\/2025\/03\/07\/la-adela-cayeron-250-milimetros-y-esta-cortada-la-ruta-154-y-el-acceso-a-cuchillo-co\/","og_site_name":"Diario Textual","article_publisher":"https:\/\/www.facebook.com\/eltextual","article_published_time":"2025-03-07T17:37:25+00:00","article_modified_time":"2025-03-08T16:21:15+00:00","og_image":[{"width":1440,"height":1099,"url":"https:\/\/diariotextual.com\/inicio\/wp-content\/uploads\/2025\/03\/cuchillocolluviabaraldi45.jpg","type":"image\/jpeg"}],"author":"diario2","twitter_card":"summary_large_image","twitter_creator":"@eltextual","twitter_site":"@eltextual","twitter_misc":{"Escrito por":"diario2","Tiempo de lectura":"1 minuto"},"schema":{"@context":"https:\/\/schema.org","@graph":[{"@type":"Article","@id":"https:\/\/diariotextual.com\/inicio\/index.php\/2025\/03\/07\/la-adela-cayeron-250-milimetros-y-esta-cortada-la-ruta-154-y-el-acceso-a-cuchillo-co\/#article","isPartOf":{"@id":"https:\/\/diariotextual.com\/inicio\/index.php\/2025\/03\/07\/la-adela-cayeron-250-milimetros-y-esta-cortada-la-ruta-154-y-el-acceso-a-cuchillo-co\/"},"author":{"name":"diario2","@id":"https:\/\/diariotextual.com\/inicio\/#\/schema\/person\/694f60677f23c4a530867a98f22b3768"},"headline":"Cayeron 250 mil\u00edmetros y est\u00e1 cortada la ruta 154 y el acceso a Cuchillo Co","datePublished":"2025-03-07T17:37:25+00:00","dateModified":"2025-03-08T16:21:15+00:00","mainEntityOfPage":{"@id":"https:\/\/diariotextual.com\/inicio\/index.php\/2025\/03\/07\/la-adela-cayeron-250-milimetros-y-esta-cortada-la-ruta-154-y-el-acceso-a-cuchillo-co\/"},"wordCount":171,"publisher":{"@id":"https:\/\/diariotextual.com\/inicio\/#organization"},"image":{"@id":"https:\/\/diariotextual.com\/inicio\/index.php\/2025\/03\/07\/la-adela-cayeron-250-milimetros-y-esta-cortada-la-ruta-154-y-el-acceso-a-cuchillo-co\/#primaryimage"},"thumbnailUrl":"https:\/\/diariotextual.com\/inicio\/wp-content\/uploads\/2025\/03\/cuchillocolluviabaraldi45.jpg","articleSection":["SOCIEDAD"],"inLanguage":"es"},{"@type":"WebPage","@id":"https:\/\/diariotextual.com\/inicio\/index.php\/2025\/03\/07\/la-adela-cayeron-250-milimetros-y-esta-cortada-la-ruta-154-y-el-acceso-a-cuchillo-co\/","url":"https:\/\/diariotextual.com\/inicio\/index.php\/2025\/03\/07\/la-adela-cayeron-250-milimetros-y-esta-cortada-la-ruta-154-y-el-acceso-a-cuchillo-co\/","name":"Cayeron 250 mil\u00edmetros y est\u00e1 cortada la ruta 154 y el acceso a Cuchillo Co - Diario Textual","isPartOf":{"@id":"https:\/\/diariotextual.com\/inicio\/#website"},"primaryImageOfPage":{"@id":"https:\/\/diariotextual.com\/inicio\/index.php\/2025\/03\/07\/la-adela-cayeron-250-milimetros-y-esta-cortada-la-ruta-154-y-el-acceso-a-cuchillo-co\/#primaryimage"},"image":{"@id":"https:\/\/diariotextual.com\/inicio\/index.php\/2025\/03\/07\/la-adela-cayeron-250-milimetros-y-esta-cortada-la-ruta-154-y-el-acceso-a-cuchillo-co\/#primaryimage"},"thumbnailUrl":"https:\/\/diariotextual.com\/inicio\/wp-content\/uploads\/2025\/03\/cuchillocolluviabaraldi45.jpg","datePublished":"2025-03-07T17:37:25+00:00","dateModified":"2025-03-08T16:21:15+00:00","breadcrumb":{"@id":"https:\/\/diariotextual.com\/inicio\/index.php\/2025\/03\/07\/la-adela-cayeron-250-milimetros-y-esta-cortada-la-ruta-154-y-el-acceso-a-cuchillo-co\/#breadcrumb"},"inLanguage":"es","potentialAction":[{"@type":"ReadAction","target":["https:\/\/diariotextual.com\/inicio\/index.php\/2025\/03\/07\/la-adela-cayeron-250-milimetros-y-esta-cortada-la-ruta-154-y-el-acceso-a-cuchillo-co\/"]}]},{"@type":"ImageObject","inLanguage":"es","@id":"https:\/\/diariotextual.com\/inicio\/index.php\/2025\/03\/07\/la-adela-cayeron-250-milimetros-y-esta-cortada-la-ruta-154-y-el-acceso-a-cuchillo-co\/#primaryimage","url":"https:\/\/diariotextual.com\/inicio\/wp-content\/uploads\/2025\/03\/cuchillocolluviabaraldi45.jpg","contentUrl":"https:\/\/diariotextual.com\/inicio\/wp-content\/uploads\/2025\/03\/cuchillocolluviabaraldi45.jpg","width":1440,"height":1099},{"@type":"BreadcrumbList","@id":"https:\/\/diariotextual.com\/inicio\/index.php\/2025\/03\/07\/la-adela-cayeron-250-milimetros-y-esta-cortada-la-ruta-154-y-el-acceso-a-cuchillo-co\/#breadcrumb","itemListElement":[{"@type":"ListItem","position":1,"name":"Portada","item":"https:\/\/diariotextual.com\/inicio\/"},{"@type":"ListItem","position":2,"name":"Cayeron 250 mil\u00edmetros y est\u00e1 cortada la ruta 154 y el acceso a Cuchillo Co"}]},{"@type":"WebSite","@id":"https:\/\/diariotextual.com\/inicio\/#website","url":"https:\/\/diariotextual.com\/inicio\/","name":"Diario Textual","description":"","publisher":{"@id":"https:\/\/diariotextual.com\/inicio\/#organization"},"potentialAction":[{"@type":"SearchAction","target":{"@type":"EntryPoint","urlTemplate":"https:\/\/diariotextual.com\/inicio\/?s={search_term_string}"},"query-input":{"@type":"PropertyValueSpecification","valueRequired":true,"valueName":"search_term_string"}}],"inLanguage":"es"},{"@type":"Organization","@id":"https:\/\/diariotextual.com\/inicio\/#organization","name":"Diario Textual","url":"https:\/\/diariotextual.com\/inicio\/","logo":{"@type":"ImageObject","inLanguage":"es","@id":"https:\/\/diariotextual.com\/inicio\/#\/schema\/logo\/image\/","url":"https:\/\/diariotextual.com\/inicio\/wp-content\/uploads\/2023\/05\/logotextual1.jpg","contentUrl":"https:\/\/diariotextual.com\/inicio\/wp-content\/uploads\/2023\/05\/logotextual1.jpg","width":516,"height":76,"caption":"Diario Textual"},"image":{"@id":"https:\/\/diariotextual.com\/inicio\/#\/schema\/logo\/image\/"},"sameAs":["https:\/\/www.facebook.com\/eltextual","https:\/\/x.com\/eltextual","http:\/\/www.instagram.com\/eltextual"]},{"@type":"Person","@id":"https:\/\/diariotextual.com\/inicio\/#\/schema\/person\/694f60677f23c4a530867a98f22b3768","name":"diario2","image":{"@type":"ImageObject","inLanguage":"es","@id":"https:\/\/secure.gravatar.com\/avatar\/5a2567495ba16b852fcd8f1ed006a2e24fcace936018ed8237e95f488ad6e0a7?s=96&d=mm&r=g","url":"https:\/\/secure.gravatar.com\/avatar\/5a2567495ba16b852fcd8f1ed006a2e24fcace936018ed8237e95f488ad6e0a7?s=96&d=mm&r=g","contentUrl":"https:\/\/secure.gravatar.com\/avatar\/5a2567495ba16b852fcd8f1ed006a2e24fcace936018ed8237e95f488ad6e0a7?s=96&d=mm&r=g","caption":"diario2"},"url":"https:\/\/diariotextual.com\/inicio\/index.php\/author\/diario2\/"}]}},"_links":{"self":[{"href":"https:\/\/diariotextual.com\/inicio\/index.php\/wp-json\/wp\/v2\/posts\/290636","targetHints":{"allow":["GET"]}}],"collection":[{"href":"https:\/\/diariotextual.com\/inicio\/index.php\/wp-json\/wp\/v2\/posts"}],"about":[{"href":"https:\/\/diariotextual.com\/inicio\/index.php\/wp-json\/wp\/v2\/types\/post"}],"author":[{"embeddable":true,"href":"https:\/\/diariotextual.com\/inicio\/index.php\/wp-json\/wp\/v2\/users\/4"}],"replies":[{"embeddable":true,"href":"https:\/\/diariotextual.com\/inicio\/index.php\/wp-json\/wp\/v2\/comments?post=290636"}],"version-history":[{"count":7,"href":"https:\/\/diariotextual.com\/inicio\/index.php\/wp-json\/wp\/v2\/posts\/290636\/revisions"}],"predecessor-version":[{"id":290655,"href":"https:\/\/diariotextual.com\/inicio\/index.php\/wp-json\/wp\/v2\/posts\/290636\/revisions\/290655"}],"wp:featuredmedia":[{"embeddable":true,"href":"https:\/\/diariotextual.com\/inicio\/index.php\/wp-json\/wp\/v2\/media\/290638"}],"wp:attachment":[{"href":"https:\/\/diariotextual.com\/inicio\/index.php\/wp-json\/wp\/v2\/media?parent=290636"}],"wp:term":[{"taxonomy":"category","embeddable":true,"href":"https:\/\/diariotextual.com\/inicio\/index.php\/wp-json\/wp\/v2\/categories?post=290636"},{"taxonomy":"post_tag","embeddable":true,"href":"https:\/\/diariotextual.com\/inicio\/index.php\/wp-json\/wp\/v2\/tags?post=290636"}],"curies":[{"name":"wp","href":"https:\/\/api.w.org\/{rel}","templated":true}]}}