{"id":29064,"date":"2018-11-28T17:23:18","date_gmt":"2018-11-28T20:23:18","guid":{"rendered":"http:\/\/diariotextual.com\/inicio\/?p=29064"},"modified":"2018-11-28T17:23:18","modified_gmt":"2018-11-28T20:23:18","slug":"suben-los-peajes-compensar-las-empresas-la-devaluacion","status":"publish","type":"post","link":"https:\/\/diariotextual.com\/inicio\/index.php\/2018\/11\/28\/suben-los-peajes-compensar-las-empresas-la-devaluacion\/","title":{"rendered":"Suben los peajes para compensar a las empresas por la devaluaci\u00f3n"},"content":{"rendered":"<p>A trav\u00e9s del Bolet\u00edn Oficial, el Ejecutivo Nacional inform\u00f3 que incrementar\u00e1n el precio en los accesos y rutas nacionales. El 3 de enero ser\u00e1 la pr\u00f3xima audiencia p\u00fablica, para determinar las <strong>nuevas tarifas en los peajes de la 25 de Mayo, Perito Moreno e Illia, que se incrementar\u00e1n hasta un 35 por ciento para los autos livianos.<\/strong><\/p>\n<p><!--more--><\/p>\n<p>Adem\u00e1s, el<strong> Gobierno de la Ciudad anunci\u00f3 una suba de hasta un 66 por ciento para los peajes<\/strong> de la Ciudad de Buenos Aires. Los <strong>aumentos m\u00e1s brutales deber\u00e1n pagarlos los motociclistas, cuyo peaje se incrementar\u00e1 un 66,6 por ciento.<\/strong><\/p>\n<p>La<strong> Direcci\u00f3n Nacional de Vialidad aprob\u00f3 los nuevos cuadros tarifarios para seis corredores viales<\/strong>, public\u00f3 el sitio Pol\u00edtica Argentina.<\/p>\n<p>En la <strong>autopista 25 de Mayo y Perito Moreno los automovilistas pasar\u00e1n a pagar 60 pesos en horario no pico y 85 pesos en las horas de mayor congesti\u00f3n<\/strong>, lo que representa un ajuste de hasta el 34,9 por ciento. En la autopista <strong>Illia, en tanto, el peaje pasar\u00e1 de 19 a 25 pesos (31,5 por ciento) en las horas no pico y de 28 a 35 pesos<\/strong> (25 por ciento) en horario pico.<\/p>\n<p>En la <strong>25 de Mayo y Perito Moreno, las tarifas pasar\u00e1n de 17 a 25 pesos (47 por ciento) y de 28 a 40 pesos (42 por ciento)<\/strong>, dependiendo de la franja horaria; <strong>en la Illia, los valores subir\u00e1n de 9 a 15 pesos (66,6 por ciento) y de 11 a 18 pesos (63 por ciento).<\/strong><\/p>\n<p>En ese sentido, la empresa estatal AUSA, inform\u00f3 que la hora pico en d\u00edas h\u00e1biles es en ambos sentidos de circulaci\u00f3n (de 7:00 a 11:00 y de 16:00 a 20:00), mientras que en d\u00edas no laborables es de 11:00 a 15:00 en sentido a la Provincia y de 17:00 a 21:00 hacia el centro de la Ciudad. Adem\u00e1s, se inform\u00f3 que subir\u00e1n las tarifas de peajes en seis corredores viales: 2, 3, 4, 6, 8 y 18.<\/p>\n","protected":false},"excerpt":{"rendered":"<p>A trav\u00e9s del Bolet\u00edn Oficial, el Ejecutivo Nacional inform\u00f3 que incrementar\u00e1n el precio en los accesos y rutas nacionales. El 3 de enero ser\u00e1 la pr\u00f3xima audiencia p\u00fablica, para determinar&hellip;<\/p>\n","protected":false},"author":5,"featured_media":29065,"comment_status":"closed","ping_status":"open","sticky":false,"template":"","format":"standard","meta":{"_acf_changed":false,"footnotes":""},"categories":[4,5],"tags":[],"class_list":["post-29064","post","type-post","status-publish","format-standard","has-post-thumbnail","hentry","category-destacadas","category-economia"],"acf":[],"yoast_head":"<!-- This site is optimized with the Yoast SEO plugin v27.5 - https:\/\/yoast.com\/product\/yoast-seo-wordpress\/ -->\n<title>Suben los peajes para compensar a las empresas por la devaluaci\u00f3n - Diario Textual<\/title>\n<meta name=\"robots\" content=\"index, follow, max-snippet:-1, max-image-preview:large, max-video-preview:-1\" \/>\n<link rel=\"canonical\" href=\"https:\/\/diariotextual.com\/inicio\/index.php\/2018\/11\/28\/suben-los-peajes-compensar-las-empresas-la-devaluacion\/\" \/>\n<meta property=\"og:locale\" content=\"es_ES\" \/>\n<meta property=\"og:type\" content=\"article\" \/>\n<meta property=\"og:title\" content=\"Suben los peajes para compensar a las empresas por la devaluaci\u00f3n - Diario Textual\" \/>\n<meta property=\"og:description\" content=\"A trav\u00e9s del Bolet\u00edn Oficial, el Ejecutivo Nacional inform\u00f3 que incrementar\u00e1n el precio en los accesos y rutas nacionales. El 3 de enero ser\u00e1 la pr\u00f3xima audiencia p\u00fablica, para determinar&hellip;\" \/>\n<meta property=\"og:url\" content=\"https:\/\/diariotextual.com\/inicio\/index.php\/2018\/11\/28\/suben-los-peajes-compensar-las-empresas-la-devaluacion\/\" \/>\n<meta property=\"og:site_name\" content=\"Diario Textual\" \/>\n<meta property=\"article:publisher\" content=\"https:\/\/www.facebook.com\/eltextual\" \/>\n<meta property=\"article:published_time\" content=\"2018-11-28T20:23:18+00:00\" \/>\n<meta property=\"og:image\" content=\"https:\/\/diariotextual.com\/inicio\/wp-content\/uploads\/2018\/11\/estacionpeajes.jpg\" \/>\n\t<meta property=\"og:image:width\" content=\"700\" \/>\n\t<meta property=\"og:image:height\" content=\"370\" \/>\n\t<meta property=\"og:image:type\" content=\"image\/jpeg\" \/>\n<meta name=\"author\" content=\"diario3\" \/>\n<meta name=\"twitter:card\" content=\"summary_large_image\" \/>\n<meta name=\"twitter:creator\" content=\"@eltextual\" \/>\n<meta name=\"twitter:site\" content=\"@eltextual\" \/>\n<meta name=\"twitter:label1\" content=\"Escrito por\" \/>\n\t<meta name=\"twitter:data1\" content=\"diario3\" \/>\n\t<meta name=\"twitter:label2\" content=\"Tiempo de lectura\" \/>\n\t<meta name=\"twitter:data2\" content=\"2 minutos\" \/>\n<script type=\"application\/ld+json\" class=\"yoast-schema-graph\">{\"@context\":\"https:\\\/\\\/schema.org\",\"@graph\":[{\"@type\":\"Article\",\"@id\":\"https:\\\/\\\/diariotextual.com\\\/inicio\\\/index.php\\\/2018\\\/11\\\/28\\\/suben-los-peajes-compensar-las-empresas-la-devaluacion\\\/#article\",\"isPartOf\":{\"@id\":\"https:\\\/\\\/diariotextual.com\\\/inicio\\\/index.php\\\/2018\\\/11\\\/28\\\/suben-los-peajes-compensar-las-empresas-la-devaluacion\\\/\"},\"author\":{\"name\":\"diario3\",\"@id\":\"https:\\\/\\\/diariotextual.com\\\/inicio\\\/#\\\/schema\\\/person\\\/a1b6f563e0ee944c60f98119389a4d9f\"},\"headline\":\"Suben los peajes para compensar a las empresas por la devaluaci\u00f3n\",\"datePublished\":\"2018-11-28T20:23:18+00:00\",\"mainEntityOfPage\":{\"@id\":\"https:\\\/\\\/diariotextual.com\\\/inicio\\\/index.php\\\/2018\\\/11\\\/28\\\/suben-los-peajes-compensar-las-empresas-la-devaluacion\\\/\"},\"wordCount\":314,\"publisher\":{\"@id\":\"https:\\\/\\\/diariotextual.com\\\/inicio\\\/#organization\"},\"image\":{\"@id\":\"https:\\\/\\\/diariotextual.com\\\/inicio\\\/index.php\\\/2018\\\/11\\\/28\\\/suben-los-peajes-compensar-las-empresas-la-devaluacion\\\/#primaryimage\"},\"thumbnailUrl\":\"https:\\\/\\\/diariotextual.com\\\/inicio\\\/wp-content\\\/uploads\\\/2018\\\/11\\\/estacionpeajes.jpg\",\"articleSection\":[\"A - DESTACADAS (mod 16)\",\"ECONOMIA\"],\"inLanguage\":\"es\"},{\"@type\":\"WebPage\",\"@id\":\"https:\\\/\\\/diariotextual.com\\\/inicio\\\/index.php\\\/2018\\\/11\\\/28\\\/suben-los-peajes-compensar-las-empresas-la-devaluacion\\\/\",\"url\":\"https:\\\/\\\/diariotextual.com\\\/inicio\\\/index.php\\\/2018\\\/11\\\/28\\\/suben-los-peajes-compensar-las-empresas-la-devaluacion\\\/\",\"name\":\"Suben los peajes para compensar a las empresas por la devaluaci\u00f3n - Diario Textual\",\"isPartOf\":{\"@id\":\"https:\\\/\\\/diariotextual.com\\\/inicio\\\/#website\"},\"primaryImageOfPage\":{\"@id\":\"https:\\\/\\\/diariotextual.com\\\/inicio\\\/index.php\\\/2018\\\/11\\\/28\\\/suben-los-peajes-compensar-las-empresas-la-devaluacion\\\/#primaryimage\"},\"image\":{\"@id\":\"https:\\\/\\\/diariotextual.com\\\/inicio\\\/index.php\\\/2018\\\/11\\\/28\\\/suben-los-peajes-compensar-las-empresas-la-devaluacion\\\/#primaryimage\"},\"thumbnailUrl\":\"https:\\\/\\\/diariotextual.com\\\/inicio\\\/wp-content\\\/uploads\\\/2018\\\/11\\\/estacionpeajes.jpg\",\"datePublished\":\"2018-11-28T20:23:18+00:00\",\"breadcrumb\":{\"@id\":\"https:\\\/\\\/diariotextual.com\\\/inicio\\\/index.php\\\/2018\\\/11\\\/28\\\/suben-los-peajes-compensar-las-empresas-la-devaluacion\\\/#breadcrumb\"},\"inLanguage\":\"es\",\"potentialAction\":[{\"@type\":\"ReadAction\",\"target\":[\"https:\\\/\\\/diariotextual.com\\\/inicio\\\/index.php\\\/2018\\\/11\\\/28\\\/suben-los-peajes-compensar-las-empresas-la-devaluacion\\\/\"]}]},{\"@type\":\"ImageObject\",\"inLanguage\":\"es\",\"@id\":\"https:\\\/\\\/diariotextual.com\\\/inicio\\\/index.php\\\/2018\\\/11\\\/28\\\/suben-los-peajes-compensar-las-empresas-la-devaluacion\\\/#primaryimage\",\"url\":\"https:\\\/\\\/diariotextual.com\\\/inicio\\\/wp-content\\\/uploads\\\/2018\\\/11\\\/estacionpeajes.jpg\",\"contentUrl\":\"https:\\\/\\\/diariotextual.com\\\/inicio\\\/wp-content\\\/uploads\\\/2018\\\/11\\\/estacionpeajes.jpg\",\"width\":700,\"height\":370},{\"@type\":\"BreadcrumbList\",\"@id\":\"https:\\\/\\\/diariotextual.com\\\/inicio\\\/index.php\\\/2018\\\/11\\\/28\\\/suben-los-peajes-compensar-las-empresas-la-devaluacion\\\/#breadcrumb\",\"itemListElement\":[{\"@type\":\"ListItem\",\"position\":1,\"name\":\"Portada\",\"item\":\"https:\\\/\\\/diariotextual.com\\\/inicio\\\/\"},{\"@type\":\"ListItem\",\"position\":2,\"name\":\"Suben los peajes para compensar a las empresas por la devaluaci\u00f3n\"}]},{\"@type\":\"WebSite\",\"@id\":\"https:\\\/\\\/diariotextual.com\\\/inicio\\\/#website\",\"url\":\"https:\\\/\\\/diariotextual.com\\\/inicio\\\/\",\"name\":\"Diario Textual\",\"description\":\"\",\"publisher\":{\"@id\":\"https:\\\/\\\/diariotextual.com\\\/inicio\\\/#organization\"},\"potentialAction\":[{\"@type\":\"SearchAction\",\"target\":{\"@type\":\"EntryPoint\",\"urlTemplate\":\"https:\\\/\\\/diariotextual.com\\\/inicio\\\/?s={search_term_string}\"},\"query-input\":{\"@type\":\"PropertyValueSpecification\",\"valueRequired\":true,\"valueName\":\"search_term_string\"}}],\"inLanguage\":\"es\"},{\"@type\":\"Organization\",\"@id\":\"https:\\\/\\\/diariotextual.com\\\/inicio\\\/#organization\",\"name\":\"Diario Textual\",\"url\":\"https:\\\/\\\/diariotextual.com\\\/inicio\\\/\",\"logo\":{\"@type\":\"ImageObject\",\"inLanguage\":\"es\",\"@id\":\"https:\\\/\\\/diariotextual.com\\\/inicio\\\/#\\\/schema\\\/logo\\\/image\\\/\",\"url\":\"https:\\\/\\\/diariotextual.com\\\/inicio\\\/wp-content\\\/uploads\\\/2023\\\/05\\\/logotextual1.jpg\",\"contentUrl\":\"https:\\\/\\\/diariotextual.com\\\/inicio\\\/wp-content\\\/uploads\\\/2023\\\/05\\\/logotextual1.jpg\",\"width\":516,\"height\":76,\"caption\":\"Diario Textual\"},\"image\":{\"@id\":\"https:\\\/\\\/diariotextual.com\\\/inicio\\\/#\\\/schema\\\/logo\\\/image\\\/\"},\"sameAs\":[\"https:\\\/\\\/www.facebook.com\\\/eltextual\",\"https:\\\/\\\/x.com\\\/eltextual\",\"http:\\\/\\\/www.instagram.com\\\/eltextual\"]},{\"@type\":\"Person\",\"@id\":\"https:\\\/\\\/diariotextual.com\\\/inicio\\\/#\\\/schema\\\/person\\\/a1b6f563e0ee944c60f98119389a4d9f\",\"name\":\"diario3\",\"image\":{\"@type\":\"ImageObject\",\"inLanguage\":\"es\",\"@id\":\"https:\\\/\\\/secure.gravatar.com\\\/avatar\\\/5e7ee62c82fc04d9dd79d746a390d93c69c43223e5faeeb3ea9461ef752bfc5d?s=96&d=mm&r=g\",\"url\":\"https:\\\/\\\/secure.gravatar.com\\\/avatar\\\/5e7ee62c82fc04d9dd79d746a390d93c69c43223e5faeeb3ea9461ef752bfc5d?s=96&d=mm&r=g\",\"contentUrl\":\"https:\\\/\\\/secure.gravatar.com\\\/avatar\\\/5e7ee62c82fc04d9dd79d746a390d93c69c43223e5faeeb3ea9461ef752bfc5d?s=96&d=mm&r=g\",\"caption\":\"diario3\"},\"url\":\"https:\\\/\\\/diariotextual.com\\\/inicio\\\/index.php\\\/author\\\/diario3\\\/\"}]}<\/script>\n<!-- \/ Yoast SEO plugin. -->","yoast_head_json":{"title":"Suben los peajes para compensar a las empresas por la devaluaci\u00f3n - Diario Textual","robots":{"index":"index","follow":"follow","max-snippet":"max-snippet:-1","max-image-preview":"max-image-preview:large","max-video-preview":"max-video-preview:-1"},"canonical":"https:\/\/diariotextual.com\/inicio\/index.php\/2018\/11\/28\/suben-los-peajes-compensar-las-empresas-la-devaluacion\/","og_locale":"es_ES","og_type":"article","og_title":"Suben los peajes para compensar a las empresas por la devaluaci\u00f3n - Diario Textual","og_description":"A trav\u00e9s del Bolet\u00edn Oficial, el Ejecutivo Nacional inform\u00f3 que incrementar\u00e1n el precio en los accesos y rutas nacionales. El 3 de enero ser\u00e1 la pr\u00f3xima audiencia p\u00fablica, para determinar&hellip;","og_url":"https:\/\/diariotextual.com\/inicio\/index.php\/2018\/11\/28\/suben-los-peajes-compensar-las-empresas-la-devaluacion\/","og_site_name":"Diario Textual","article_publisher":"https:\/\/www.facebook.com\/eltextual","article_published_time":"2018-11-28T20:23:18+00:00","og_image":[{"width":700,"height":370,"url":"https:\/\/diariotextual.com\/inicio\/wp-content\/uploads\/2018\/11\/estacionpeajes.jpg","type":"image\/jpeg"}],"author":"diario3","twitter_card":"summary_large_image","twitter_creator":"@eltextual","twitter_site":"@eltextual","twitter_misc":{"Escrito por":"diario3","Tiempo de lectura":"2 minutos"},"schema":{"@context":"https:\/\/schema.org","@graph":[{"@type":"Article","@id":"https:\/\/diariotextual.com\/inicio\/index.php\/2018\/11\/28\/suben-los-peajes-compensar-las-empresas-la-devaluacion\/#article","isPartOf":{"@id":"https:\/\/diariotextual.com\/inicio\/index.php\/2018\/11\/28\/suben-los-peajes-compensar-las-empresas-la-devaluacion\/"},"author":{"name":"diario3","@id":"https:\/\/diariotextual.com\/inicio\/#\/schema\/person\/a1b6f563e0ee944c60f98119389a4d9f"},"headline":"Suben los peajes para compensar a las empresas por la devaluaci\u00f3n","datePublished":"2018-11-28T20:23:18+00:00","mainEntityOfPage":{"@id":"https:\/\/diariotextual.com\/inicio\/index.php\/2018\/11\/28\/suben-los-peajes-compensar-las-empresas-la-devaluacion\/"},"wordCount":314,"publisher":{"@id":"https:\/\/diariotextual.com\/inicio\/#organization"},"image":{"@id":"https:\/\/diariotextual.com\/inicio\/index.php\/2018\/11\/28\/suben-los-peajes-compensar-las-empresas-la-devaluacion\/#primaryimage"},"thumbnailUrl":"https:\/\/diariotextual.com\/inicio\/wp-content\/uploads\/2018\/11\/estacionpeajes.jpg","articleSection":["A - DESTACADAS (mod 16)","ECONOMIA"],"inLanguage":"es"},{"@type":"WebPage","@id":"https:\/\/diariotextual.com\/inicio\/index.php\/2018\/11\/28\/suben-los-peajes-compensar-las-empresas-la-devaluacion\/","url":"https:\/\/diariotextual.com\/inicio\/index.php\/2018\/11\/28\/suben-los-peajes-compensar-las-empresas-la-devaluacion\/","name":"Suben los peajes para compensar a las empresas por la devaluaci\u00f3n - Diario Textual","isPartOf":{"@id":"https:\/\/diariotextual.com\/inicio\/#website"},"primaryImageOfPage":{"@id":"https:\/\/diariotextual.com\/inicio\/index.php\/2018\/11\/28\/suben-los-peajes-compensar-las-empresas-la-devaluacion\/#primaryimage"},"image":{"@id":"https:\/\/diariotextual.com\/inicio\/index.php\/2018\/11\/28\/suben-los-peajes-compensar-las-empresas-la-devaluacion\/#primaryimage"},"thumbnailUrl":"https:\/\/diariotextual.com\/inicio\/wp-content\/uploads\/2018\/11\/estacionpeajes.jpg","datePublished":"2018-11-28T20:23:18+00:00","breadcrumb":{"@id":"https:\/\/diariotextual.com\/inicio\/index.php\/2018\/11\/28\/suben-los-peajes-compensar-las-empresas-la-devaluacion\/#breadcrumb"},"inLanguage":"es","potentialAction":[{"@type":"ReadAction","target":["https:\/\/diariotextual.com\/inicio\/index.php\/2018\/11\/28\/suben-los-peajes-compensar-las-empresas-la-devaluacion\/"]}]},{"@type":"ImageObject","inLanguage":"es","@id":"https:\/\/diariotextual.com\/inicio\/index.php\/2018\/11\/28\/suben-los-peajes-compensar-las-empresas-la-devaluacion\/#primaryimage","url":"https:\/\/diariotextual.com\/inicio\/wp-content\/uploads\/2018\/11\/estacionpeajes.jpg","contentUrl":"https:\/\/diariotextual.com\/inicio\/wp-content\/uploads\/2018\/11\/estacionpeajes.jpg","width":700,"height":370},{"@type":"BreadcrumbList","@id":"https:\/\/diariotextual.com\/inicio\/index.php\/2018\/11\/28\/suben-los-peajes-compensar-las-empresas-la-devaluacion\/#breadcrumb","itemListElement":[{"@type":"ListItem","position":1,"name":"Portada","item":"https:\/\/diariotextual.com\/inicio\/"},{"@type":"ListItem","position":2,"name":"Suben los peajes para compensar a las empresas por la devaluaci\u00f3n"}]},{"@type":"WebSite","@id":"https:\/\/diariotextual.com\/inicio\/#website","url":"https:\/\/diariotextual.com\/inicio\/","name":"Diario Textual","description":"","publisher":{"@id":"https:\/\/diariotextual.com\/inicio\/#organization"},"potentialAction":[{"@type":"SearchAction","target":{"@type":"EntryPoint","urlTemplate":"https:\/\/diariotextual.com\/inicio\/?s={search_term_string}"},"query-input":{"@type":"PropertyValueSpecification","valueRequired":true,"valueName":"search_term_string"}}],"inLanguage":"es"},{"@type":"Organization","@id":"https:\/\/diariotextual.com\/inicio\/#organization","name":"Diario Textual","url":"https:\/\/diariotextual.com\/inicio\/","logo":{"@type":"ImageObject","inLanguage":"es","@id":"https:\/\/diariotextual.com\/inicio\/#\/schema\/logo\/image\/","url":"https:\/\/diariotextual.com\/inicio\/wp-content\/uploads\/2023\/05\/logotextual1.jpg","contentUrl":"https:\/\/diariotextual.com\/inicio\/wp-content\/uploads\/2023\/05\/logotextual1.jpg","width":516,"height":76,"caption":"Diario Textual"},"image":{"@id":"https:\/\/diariotextual.com\/inicio\/#\/schema\/logo\/image\/"},"sameAs":["https:\/\/www.facebook.com\/eltextual","https:\/\/x.com\/eltextual","http:\/\/www.instagram.com\/eltextual"]},{"@type":"Person","@id":"https:\/\/diariotextual.com\/inicio\/#\/schema\/person\/a1b6f563e0ee944c60f98119389a4d9f","name":"diario3","image":{"@type":"ImageObject","inLanguage":"es","@id":"https:\/\/secure.gravatar.com\/avatar\/5e7ee62c82fc04d9dd79d746a390d93c69c43223e5faeeb3ea9461ef752bfc5d?s=96&d=mm&r=g","url":"https:\/\/secure.gravatar.com\/avatar\/5e7ee62c82fc04d9dd79d746a390d93c69c43223e5faeeb3ea9461ef752bfc5d?s=96&d=mm&r=g","contentUrl":"https:\/\/secure.gravatar.com\/avatar\/5e7ee62c82fc04d9dd79d746a390d93c69c43223e5faeeb3ea9461ef752bfc5d?s=96&d=mm&r=g","caption":"diario3"},"url":"https:\/\/diariotextual.com\/inicio\/index.php\/author\/diario3\/"}]}},"_links":{"self":[{"href":"https:\/\/diariotextual.com\/inicio\/index.php\/wp-json\/wp\/v2\/posts\/29064","targetHints":{"allow":["GET"]}}],"collection":[{"href":"https:\/\/diariotextual.com\/inicio\/index.php\/wp-json\/wp\/v2\/posts"}],"about":[{"href":"https:\/\/diariotextual.com\/inicio\/index.php\/wp-json\/wp\/v2\/types\/post"}],"author":[{"embeddable":true,"href":"https:\/\/diariotextual.com\/inicio\/index.php\/wp-json\/wp\/v2\/users\/5"}],"replies":[{"embeddable":true,"href":"https:\/\/diariotextual.com\/inicio\/index.php\/wp-json\/wp\/v2\/comments?post=29064"}],"version-history":[{"count":1,"href":"https:\/\/diariotextual.com\/inicio\/index.php\/wp-json\/wp\/v2\/posts\/29064\/revisions"}],"predecessor-version":[{"id":29066,"href":"https:\/\/diariotextual.com\/inicio\/index.php\/wp-json\/wp\/v2\/posts\/29064\/revisions\/29066"}],"wp:featuredmedia":[{"embeddable":true,"href":"https:\/\/diariotextual.com\/inicio\/index.php\/wp-json\/wp\/v2\/media\/29065"}],"wp:attachment":[{"href":"https:\/\/diariotextual.com\/inicio\/index.php\/wp-json\/wp\/v2\/media?parent=29064"}],"wp:term":[{"taxonomy":"category","embeddable":true,"href":"https:\/\/diariotextual.com\/inicio\/index.php\/wp-json\/wp\/v2\/categories?post=29064"},{"taxonomy":"post_tag","embeddable":true,"href":"https:\/\/diariotextual.com\/inicio\/index.php\/wp-json\/wp\/v2\/tags?post=29064"}],"curies":[{"name":"wp","href":"https:\/\/api.w.org\/{rel}","templated":true}]}}