{"id":290651,"date":"2025-03-07T23:27:00","date_gmt":"2025-03-08T02:27:00","guid":{"rendered":"https:\/\/diariotextual.com\/inicio\/?p=290651"},"modified":"2025-03-08T09:32:11","modified_gmt":"2025-03-08T12:32:11","slug":"estado-de-las-rutas-nacionales-de-la-pampa-agua-en-banquinas-y-sobre-la-cinta-asfaltica","status":"publish","type":"post","link":"https:\/\/diariotextual.com\/inicio\/index.php\/2025\/03\/07\/estado-de-las-rutas-nacionales-de-la-pampa-agua-en-banquinas-y-sobre-la-cinta-asfaltica\/","title":{"rendered":"Estado de las rutas en La Pampa: agua en banquinas y sobre la cinta asf\u00e1ltica"},"content":{"rendered":"\n<p>Vialidad Nacional inform\u00f3 que, como consecuencia de las grandes precipitaciones registradas en diversas zonas de La Pampa, se advierten tramos de rutas nacionales comprometidos. Est\u00e1n cortadas las rutas 154 y las rutas provinciales 30, 9 y 11, en proximidades del pueblo de Cuchillo Co.<\/p>\n\n\n\n<figure class=\"wp-block-embed is-type-wp-embed is-provider-diario-textual wp-block-embed-diario-textual\"><div class=\"wp-block-embed__wrapper\">\n<blockquote class=\"wp-embedded-content\" data-secret=\"A8qWBKiJUi\"><a href=\"https:\/\/diariotextual.com\/inicio\/index.php\/2025\/03\/07\/la-adela-cayeron-250-milimetros-y-esta-cortada-la-ruta-154-y-el-acceso-a-cuchillo-co\/\">Cayeron 250 mil\u00edmetros y est\u00e1 cortada la ruta 154 y el acceso a Cuchillo Co<\/a><\/blockquote><iframe class=\"wp-embedded-content\" sandbox=\"allow-scripts\" security=\"restricted\" style=\"position: absolute; visibility: hidden;\" title=\"\u00abCayeron 250 mil\u00edmetros y est\u00e1 cortada la ruta 154 y el acceso a Cuchillo Co\u00bb \u2014 Diario Textual\" src=\"https:\/\/diariotextual.com\/inicio\/index.php\/2025\/03\/07\/la-adela-cayeron-250-milimetros-y-esta-cortada-la-ruta-154-y-el-acceso-a-cuchillo-co\/embed\/#?secret=HNGNaPo7E3#?secret=A8qWBKiJUi\" data-secret=\"A8qWBKiJUi\" width=\"600\" height=\"338\" frameborder=\"0\" marginwidth=\"0\" marginheight=\"0\" scrolling=\"no\"><\/iframe>\n<\/div><\/figure>\n\n\n\n<p><strong>Ruta Nacional 154:<\/strong> presencia de aproximadamente 50 cm de agua sobre la calzada entre los km 58 y 70. Debido a ello, evitar circular con veh\u00edculos bajos en los puestos policiales de La Adela, Padre Buodo y Jacinto Arauz. Camionetas y camiones pueden transitar con suma precauci\u00f3n. De no ocurrir nuevas precipitaciones, se espera que el agua escurra en el transcurso de la tarde.<\/p>\n\n\n\n<p><strong>Ruta Nacional 35:<\/strong> Personal vial ejecut\u00f3 en la zona del km 127, en cercan\u00edas a la localidad de Jacinto Arauz, una sangr\u00eda en la banquina para encauzar el agua hacia una laguna cercana. Sin embargo, se solicita precauci\u00f3n porque a\u00fan se registra acumulaci\u00f3n de agua sobre la calzada.<\/p>\n\n\n\n<p>Asimismo, se informa que la Polic\u00eda de La Pampa indic\u00f3 el corte total a la altura del km 47, en cercan\u00edas a Bah\u00eda Blanca.<\/p>\n\n\n\n<p><strong>Ruta Nacional 5:<\/strong> Entre la localidad de Anguil y Santa Rosa, se solicita precauci\u00f3n por agua que avanza sobre la calzada en sectores de bajo nivel y banquinas altas. Asimismo, a 5 kil\u00f3metros de Santa Rosa, extremar los cuidados por baja visibilidad debido a la intensa lluvia.<\/p>\n\n\n\n<p><strong>Ruta Nacional 151: <\/strong>Se encuentra transitable con precauci\u00f3n entre el l\u00edmite con Rio Negro hasta el empalme con la RP 20, por calzada en mal estado. Entre el km 198 hasta el km 270 (pasando inmediatamente la localidad de Puel\u00e9n hacia el norte, hasta el empalme con la RP 14) por posibles baches abiertos y descalces producto de las intensas lluvias. Luego la calzada se encuentra en buen estado de conservaci\u00f3n.<\/p>\n\n\n\n<p><strong>Ruta Nacional 143:<\/strong> transitable con precauci\u00f3n en el sur de la provincia, entre Paraje El Carancho y Chacharramendi. Se puede circular con normalidad en el oeste, entre el empalme con la ruta nacional 151 y variante RN143, hasta el l\u00edmite con Mendoza.<\/p>\n\n\n\n<p><strong>Ruta Nacional 152:<\/strong> transitable con extrema precauci\u00f3n. Tramos con agua sobre la cinta asf\u00e1ltica. Posibles baches abiertos, sobre todo en cercan\u00edas a las sierras.<\/p>\n\n\n\n<p>Las banquinas de las rutas del sur de la provincia se encuentran extremadamente embarradas a causa de las intensas precipitaciones, por lo cual detenerse traer\u00eda riesgos de encajaduras para cualquier tipo de veh\u00edculo.<\/p>\n\n\n\n<p>Se solicita transitar con suma precauci\u00f3n y circular \u00fanicamente en casos estrictamente necesarios hasta tanto la situaci\u00f3n clim\u00e1tica mejore y drene el agua existente.<\/p>\n\n\n\n<p><br><strong>Rutas Provinciales 30, 9 y 11:<\/strong>\u00a0en la Zona de Cuchillo Co se encuentran con exceso de agua y socavadas, en parte de sus trayectos, lo que impide el ingreso y egreso de la localidad. No existiendo, hasta el momento, evacuados u otras situaciones de emergencia que informar. Contin\u00faan trabajando con acciones preventivas y de manera interdisciplinaria: Polic\u00eda de La Pampa, la Direcci\u00f3n General de Defensa Civil y Bomberos Voluntarios. Se sum\u00f3 a esta tarea la Agencia Nacional de Seguridad Vial, espec\u00edficamente en el dispositivo de RN35 y RN154. Se recomend\u00f3 a la comunidad no viajar en horas nocturnas. Como as\u00ed, especialmente, tampoco hacerlo hacia Bah\u00eda Blanca y zonas de influencia.<\/p>\n\n\n\n<p><\/p>\n","protected":false},"excerpt":{"rendered":"<p>Vialidad Nacional inform\u00f3 que, como consecuencia de las grandes precipitaciones registradas en diversas zonas de La Pampa, se advierten tramos de rutas nacionales comprometidos. Est\u00e1n cortadas las rutas 154 y&hellip;<\/p>\n","protected":false},"author":3,"featured_media":290653,"comment_status":"closed","ping_status":"open","sticky":false,"template":"","format":"standard","meta":{"_acf_changed":false,"footnotes":""},"categories":[1,11,12],"tags":[],"class_list":["post-290651","post","type-post","status-publish","format-standard","has-post-thumbnail","hentry","category-es-noticia","category-que-pasa","category-sociedad"],"acf":[],"yoast_head":"<!-- This site is optimized with the Yoast SEO plugin v27.5 - https:\/\/yoast.com\/product\/yoast-seo-wordpress\/ -->\n<title>Estado de las rutas en La Pampa: agua en banquinas y sobre la cinta asf\u00e1ltica - Diario Textual<\/title>\n<meta name=\"robots\" content=\"index, follow, max-snippet:-1, max-image-preview:large, max-video-preview:-1\" \/>\n<link rel=\"canonical\" href=\"https:\/\/diariotextual.com\/inicio\/index.php\/2025\/03\/07\/estado-de-las-rutas-nacionales-de-la-pampa-agua-en-banquinas-y-sobre-la-cinta-asfaltica\/\" \/>\n<meta property=\"og:locale\" content=\"es_ES\" \/>\n<meta property=\"og:type\" content=\"article\" \/>\n<meta property=\"og:title\" content=\"Estado de las rutas en La Pampa: agua en banquinas y sobre la cinta asf\u00e1ltica - Diario Textual\" \/>\n<meta property=\"og:description\" content=\"Vialidad Nacional inform\u00f3 que, como consecuencia de las grandes precipitaciones registradas en diversas zonas de La Pampa, se advierten tramos de rutas nacionales comprometidos. Est\u00e1n cortadas las rutas 154 y&hellip;\" \/>\n<meta property=\"og:url\" content=\"https:\/\/diariotextual.com\/inicio\/index.php\/2025\/03\/07\/estado-de-las-rutas-nacionales-de-la-pampa-agua-en-banquinas-y-sobre-la-cinta-asfaltica\/\" \/>\n<meta property=\"og:site_name\" content=\"Diario Textual\" \/>\n<meta property=\"article:publisher\" content=\"https:\/\/www.facebook.com\/eltextual\" \/>\n<meta property=\"article:published_time\" content=\"2025-03-08T02:27:00+00:00\" \/>\n<meta property=\"article:modified_time\" content=\"2025-03-08T12:32:11+00:00\" \/>\n<meta property=\"og:image\" content=\"https:\/\/diariotextual.com\/inicio\/wp-content\/uploads\/2025\/03\/rutanacional154inundaciones7marzo2025-1.jpeg\" \/>\n\t<meta property=\"og:image:width\" content=\"1189\" \/>\n\t<meta property=\"og:image:height\" content=\"669\" \/>\n\t<meta property=\"og:image:type\" content=\"image\/jpeg\" \/>\n<meta name=\"author\" content=\"Diario1 Diario1\" \/>\n<meta name=\"twitter:card\" content=\"summary_large_image\" \/>\n<meta name=\"twitter:creator\" content=\"@eltextual\" \/>\n<meta name=\"twitter:site\" content=\"@eltextual\" \/>\n<meta name=\"twitter:label1\" content=\"Escrito por\" \/>\n\t<meta name=\"twitter:data1\" content=\"Diario1 Diario1\" \/>\n\t<meta name=\"twitter:label2\" content=\"Tiempo de lectura\" \/>\n\t<meta name=\"twitter:data2\" content=\"3 minutos\" \/>\n<script type=\"application\/ld+json\" class=\"yoast-schema-graph\">{\"@context\":\"https:\\\/\\\/schema.org\",\"@graph\":[{\"@type\":\"Article\",\"@id\":\"https:\\\/\\\/diariotextual.com\\\/inicio\\\/index.php\\\/2025\\\/03\\\/07\\\/estado-de-las-rutas-nacionales-de-la-pampa-agua-en-banquinas-y-sobre-la-cinta-asfaltica\\\/#article\",\"isPartOf\":{\"@id\":\"https:\\\/\\\/diariotextual.com\\\/inicio\\\/index.php\\\/2025\\\/03\\\/07\\\/estado-de-las-rutas-nacionales-de-la-pampa-agua-en-banquinas-y-sobre-la-cinta-asfaltica\\\/\"},\"author\":{\"name\":\"Diario1 Diario1\",\"@id\":\"https:\\\/\\\/diariotextual.com\\\/inicio\\\/#\\\/schema\\\/person\\\/418fc4093c33e86ed41562db3508f958\"},\"headline\":\"Estado de las rutas en La Pampa: agua en banquinas y sobre la cinta asf\u00e1ltica\",\"datePublished\":\"2025-03-08T02:27:00+00:00\",\"dateModified\":\"2025-03-08T12:32:11+00:00\",\"mainEntityOfPage\":{\"@id\":\"https:\\\/\\\/diariotextual.com\\\/inicio\\\/index.php\\\/2025\\\/03\\\/07\\\/estado-de-las-rutas-nacionales-de-la-pampa-agua-en-banquinas-y-sobre-la-cinta-asfaltica\\\/\"},\"wordCount\":565,\"publisher\":{\"@id\":\"https:\\\/\\\/diariotextual.com\\\/inicio\\\/#organization\"},\"image\":{\"@id\":\"https:\\\/\\\/diariotextual.com\\\/inicio\\\/index.php\\\/2025\\\/03\\\/07\\\/estado-de-las-rutas-nacionales-de-la-pampa-agua-en-banquinas-y-sobre-la-cinta-asfaltica\\\/#primaryimage\"},\"thumbnailUrl\":\"https:\\\/\\\/diariotextual.com\\\/inicio\\\/wp-content\\\/uploads\\\/2025\\\/03\\\/rutanacional154inundaciones7marzo2025-1.jpeg\",\"articleSection\":[\"A - ES NOTICIA (van abajo)\",\"A - QUE PASA (al costado)\",\"SOCIEDAD\"],\"inLanguage\":\"es\"},{\"@type\":\"WebPage\",\"@id\":\"https:\\\/\\\/diariotextual.com\\\/inicio\\\/index.php\\\/2025\\\/03\\\/07\\\/estado-de-las-rutas-nacionales-de-la-pampa-agua-en-banquinas-y-sobre-la-cinta-asfaltica\\\/\",\"url\":\"https:\\\/\\\/diariotextual.com\\\/inicio\\\/index.php\\\/2025\\\/03\\\/07\\\/estado-de-las-rutas-nacionales-de-la-pampa-agua-en-banquinas-y-sobre-la-cinta-asfaltica\\\/\",\"name\":\"Estado de las rutas en La Pampa: agua en banquinas y sobre la cinta asf\u00e1ltica - Diario Textual\",\"isPartOf\":{\"@id\":\"https:\\\/\\\/diariotextual.com\\\/inicio\\\/#website\"},\"primaryImageOfPage\":{\"@id\":\"https:\\\/\\\/diariotextual.com\\\/inicio\\\/index.php\\\/2025\\\/03\\\/07\\\/estado-de-las-rutas-nacionales-de-la-pampa-agua-en-banquinas-y-sobre-la-cinta-asfaltica\\\/#primaryimage\"},\"image\":{\"@id\":\"https:\\\/\\\/diariotextual.com\\\/inicio\\\/index.php\\\/2025\\\/03\\\/07\\\/estado-de-las-rutas-nacionales-de-la-pampa-agua-en-banquinas-y-sobre-la-cinta-asfaltica\\\/#primaryimage\"},\"thumbnailUrl\":\"https:\\\/\\\/diariotextual.com\\\/inicio\\\/wp-content\\\/uploads\\\/2025\\\/03\\\/rutanacional154inundaciones7marzo2025-1.jpeg\",\"datePublished\":\"2025-03-08T02:27:00+00:00\",\"dateModified\":\"2025-03-08T12:32:11+00:00\",\"breadcrumb\":{\"@id\":\"https:\\\/\\\/diariotextual.com\\\/inicio\\\/index.php\\\/2025\\\/03\\\/07\\\/estado-de-las-rutas-nacionales-de-la-pampa-agua-en-banquinas-y-sobre-la-cinta-asfaltica\\\/#breadcrumb\"},\"inLanguage\":\"es\",\"potentialAction\":[{\"@type\":\"ReadAction\",\"target\":[\"https:\\\/\\\/diariotextual.com\\\/inicio\\\/index.php\\\/2025\\\/03\\\/07\\\/estado-de-las-rutas-nacionales-de-la-pampa-agua-en-banquinas-y-sobre-la-cinta-asfaltica\\\/\"]}]},{\"@type\":\"ImageObject\",\"inLanguage\":\"es\",\"@id\":\"https:\\\/\\\/diariotextual.com\\\/inicio\\\/index.php\\\/2025\\\/03\\\/07\\\/estado-de-las-rutas-nacionales-de-la-pampa-agua-en-banquinas-y-sobre-la-cinta-asfaltica\\\/#primaryimage\",\"url\":\"https:\\\/\\\/diariotextual.com\\\/inicio\\\/wp-content\\\/uploads\\\/2025\\\/03\\\/rutanacional154inundaciones7marzo2025-1.jpeg\",\"contentUrl\":\"https:\\\/\\\/diariotextual.com\\\/inicio\\\/wp-content\\\/uploads\\\/2025\\\/03\\\/rutanacional154inundaciones7marzo2025-1.jpeg\",\"width\":1189,\"height\":669},{\"@type\":\"BreadcrumbList\",\"@id\":\"https:\\\/\\\/diariotextual.com\\\/inicio\\\/index.php\\\/2025\\\/03\\\/07\\\/estado-de-las-rutas-nacionales-de-la-pampa-agua-en-banquinas-y-sobre-la-cinta-asfaltica\\\/#breadcrumb\",\"itemListElement\":[{\"@type\":\"ListItem\",\"position\":1,\"name\":\"Portada\",\"item\":\"https:\\\/\\\/diariotextual.com\\\/inicio\\\/\"},{\"@type\":\"ListItem\",\"position\":2,\"name\":\"Estado de las rutas en La Pampa: agua en banquinas y sobre la cinta asf\u00e1ltica\"}]},{\"@type\":\"WebSite\",\"@id\":\"https:\\\/\\\/diariotextual.com\\\/inicio\\\/#website\",\"url\":\"https:\\\/\\\/diariotextual.com\\\/inicio\\\/\",\"name\":\"Diario Textual\",\"description\":\"\",\"publisher\":{\"@id\":\"https:\\\/\\\/diariotextual.com\\\/inicio\\\/#organization\"},\"potentialAction\":[{\"@type\":\"SearchAction\",\"target\":{\"@type\":\"EntryPoint\",\"urlTemplate\":\"https:\\\/\\\/diariotextual.com\\\/inicio\\\/?s={search_term_string}\"},\"query-input\":{\"@type\":\"PropertyValueSpecification\",\"valueRequired\":true,\"valueName\":\"search_term_string\"}}],\"inLanguage\":\"es\"},{\"@type\":\"Organization\",\"@id\":\"https:\\\/\\\/diariotextual.com\\\/inicio\\\/#organization\",\"name\":\"Diario Textual\",\"url\":\"https:\\\/\\\/diariotextual.com\\\/inicio\\\/\",\"logo\":{\"@type\":\"ImageObject\",\"inLanguage\":\"es\",\"@id\":\"https:\\\/\\\/diariotextual.com\\\/inicio\\\/#\\\/schema\\\/logo\\\/image\\\/\",\"url\":\"https:\\\/\\\/diariotextual.com\\\/inicio\\\/wp-content\\\/uploads\\\/2023\\\/05\\\/logotextual1.jpg\",\"contentUrl\":\"https:\\\/\\\/diariotextual.com\\\/inicio\\\/wp-content\\\/uploads\\\/2023\\\/05\\\/logotextual1.jpg\",\"width\":516,\"height\":76,\"caption\":\"Diario Textual\"},\"image\":{\"@id\":\"https:\\\/\\\/diariotextual.com\\\/inicio\\\/#\\\/schema\\\/logo\\\/image\\\/\"},\"sameAs\":[\"https:\\\/\\\/www.facebook.com\\\/eltextual\",\"https:\\\/\\\/x.com\\\/eltextual\",\"http:\\\/\\\/www.instagram.com\\\/eltextual\"]},{\"@type\":\"Person\",\"@id\":\"https:\\\/\\\/diariotextual.com\\\/inicio\\\/#\\\/schema\\\/person\\\/418fc4093c33e86ed41562db3508f958\",\"name\":\"Diario1 Diario1\",\"image\":{\"@type\":\"ImageObject\",\"inLanguage\":\"es\",\"@id\":\"https:\\\/\\\/secure.gravatar.com\\\/avatar\\\/9167d280179c85bc18be67aa7eda765854300033af4896dd779b608640f2ef7a?s=96&d=mm&r=g\",\"url\":\"https:\\\/\\\/secure.gravatar.com\\\/avatar\\\/9167d280179c85bc18be67aa7eda765854300033af4896dd779b608640f2ef7a?s=96&d=mm&r=g\",\"contentUrl\":\"https:\\\/\\\/secure.gravatar.com\\\/avatar\\\/9167d280179c85bc18be67aa7eda765854300033af4896dd779b608640f2ef7a?s=96&d=mm&r=g\",\"caption\":\"Diario1 Diario1\"},\"url\":\"https:\\\/\\\/diariotextual.com\\\/inicio\\\/index.php\\\/author\\\/diario1\\\/\"}]}<\/script>\n<!-- \/ Yoast SEO plugin. -->","yoast_head_json":{"title":"Estado de las rutas en La Pampa: agua en banquinas y sobre la cinta asf\u00e1ltica - Diario Textual","robots":{"index":"index","follow":"follow","max-snippet":"max-snippet:-1","max-image-preview":"max-image-preview:large","max-video-preview":"max-video-preview:-1"},"canonical":"https:\/\/diariotextual.com\/inicio\/index.php\/2025\/03\/07\/estado-de-las-rutas-nacionales-de-la-pampa-agua-en-banquinas-y-sobre-la-cinta-asfaltica\/","og_locale":"es_ES","og_type":"article","og_title":"Estado de las rutas en La Pampa: agua en banquinas y sobre la cinta asf\u00e1ltica - Diario Textual","og_description":"Vialidad Nacional inform\u00f3 que, como consecuencia de las grandes precipitaciones registradas en diversas zonas de La Pampa, se advierten tramos de rutas nacionales comprometidos. Est\u00e1n cortadas las rutas 154 y&hellip;","og_url":"https:\/\/diariotextual.com\/inicio\/index.php\/2025\/03\/07\/estado-de-las-rutas-nacionales-de-la-pampa-agua-en-banquinas-y-sobre-la-cinta-asfaltica\/","og_site_name":"Diario Textual","article_publisher":"https:\/\/www.facebook.com\/eltextual","article_published_time":"2025-03-08T02:27:00+00:00","article_modified_time":"2025-03-08T12:32:11+00:00","og_image":[{"width":1189,"height":669,"url":"https:\/\/diariotextual.com\/inicio\/wp-content\/uploads\/2025\/03\/rutanacional154inundaciones7marzo2025-1.jpeg","type":"image\/jpeg"}],"author":"Diario1 Diario1","twitter_card":"summary_large_image","twitter_creator":"@eltextual","twitter_site":"@eltextual","twitter_misc":{"Escrito por":"Diario1 Diario1","Tiempo de lectura":"3 minutos"},"schema":{"@context":"https:\/\/schema.org","@graph":[{"@type":"Article","@id":"https:\/\/diariotextual.com\/inicio\/index.php\/2025\/03\/07\/estado-de-las-rutas-nacionales-de-la-pampa-agua-en-banquinas-y-sobre-la-cinta-asfaltica\/#article","isPartOf":{"@id":"https:\/\/diariotextual.com\/inicio\/index.php\/2025\/03\/07\/estado-de-las-rutas-nacionales-de-la-pampa-agua-en-banquinas-y-sobre-la-cinta-asfaltica\/"},"author":{"name":"Diario1 Diario1","@id":"https:\/\/diariotextual.com\/inicio\/#\/schema\/person\/418fc4093c33e86ed41562db3508f958"},"headline":"Estado de las rutas en La Pampa: agua en banquinas y sobre la cinta asf\u00e1ltica","datePublished":"2025-03-08T02:27:00+00:00","dateModified":"2025-03-08T12:32:11+00:00","mainEntityOfPage":{"@id":"https:\/\/diariotextual.com\/inicio\/index.php\/2025\/03\/07\/estado-de-las-rutas-nacionales-de-la-pampa-agua-en-banquinas-y-sobre-la-cinta-asfaltica\/"},"wordCount":565,"publisher":{"@id":"https:\/\/diariotextual.com\/inicio\/#organization"},"image":{"@id":"https:\/\/diariotextual.com\/inicio\/index.php\/2025\/03\/07\/estado-de-las-rutas-nacionales-de-la-pampa-agua-en-banquinas-y-sobre-la-cinta-asfaltica\/#primaryimage"},"thumbnailUrl":"https:\/\/diariotextual.com\/inicio\/wp-content\/uploads\/2025\/03\/rutanacional154inundaciones7marzo2025-1.jpeg","articleSection":["A - ES NOTICIA (van abajo)","A - QUE PASA (al costado)","SOCIEDAD"],"inLanguage":"es"},{"@type":"WebPage","@id":"https:\/\/diariotextual.com\/inicio\/index.php\/2025\/03\/07\/estado-de-las-rutas-nacionales-de-la-pampa-agua-en-banquinas-y-sobre-la-cinta-asfaltica\/","url":"https:\/\/diariotextual.com\/inicio\/index.php\/2025\/03\/07\/estado-de-las-rutas-nacionales-de-la-pampa-agua-en-banquinas-y-sobre-la-cinta-asfaltica\/","name":"Estado de las rutas en La Pampa: agua en banquinas y sobre la cinta asf\u00e1ltica - Diario Textual","isPartOf":{"@id":"https:\/\/diariotextual.com\/inicio\/#website"},"primaryImageOfPage":{"@id":"https:\/\/diariotextual.com\/inicio\/index.php\/2025\/03\/07\/estado-de-las-rutas-nacionales-de-la-pampa-agua-en-banquinas-y-sobre-la-cinta-asfaltica\/#primaryimage"},"image":{"@id":"https:\/\/diariotextual.com\/inicio\/index.php\/2025\/03\/07\/estado-de-las-rutas-nacionales-de-la-pampa-agua-en-banquinas-y-sobre-la-cinta-asfaltica\/#primaryimage"},"thumbnailUrl":"https:\/\/diariotextual.com\/inicio\/wp-content\/uploads\/2025\/03\/rutanacional154inundaciones7marzo2025-1.jpeg","datePublished":"2025-03-08T02:27:00+00:00","dateModified":"2025-03-08T12:32:11+00:00","breadcrumb":{"@id":"https:\/\/diariotextual.com\/inicio\/index.php\/2025\/03\/07\/estado-de-las-rutas-nacionales-de-la-pampa-agua-en-banquinas-y-sobre-la-cinta-asfaltica\/#breadcrumb"},"inLanguage":"es","potentialAction":[{"@type":"ReadAction","target":["https:\/\/diariotextual.com\/inicio\/index.php\/2025\/03\/07\/estado-de-las-rutas-nacionales-de-la-pampa-agua-en-banquinas-y-sobre-la-cinta-asfaltica\/"]}]},{"@type":"ImageObject","inLanguage":"es","@id":"https:\/\/diariotextual.com\/inicio\/index.php\/2025\/03\/07\/estado-de-las-rutas-nacionales-de-la-pampa-agua-en-banquinas-y-sobre-la-cinta-asfaltica\/#primaryimage","url":"https:\/\/diariotextual.com\/inicio\/wp-content\/uploads\/2025\/03\/rutanacional154inundaciones7marzo2025-1.jpeg","contentUrl":"https:\/\/diariotextual.com\/inicio\/wp-content\/uploads\/2025\/03\/rutanacional154inundaciones7marzo2025-1.jpeg","width":1189,"height":669},{"@type":"BreadcrumbList","@id":"https:\/\/diariotextual.com\/inicio\/index.php\/2025\/03\/07\/estado-de-las-rutas-nacionales-de-la-pampa-agua-en-banquinas-y-sobre-la-cinta-asfaltica\/#breadcrumb","itemListElement":[{"@type":"ListItem","position":1,"name":"Portada","item":"https:\/\/diariotextual.com\/inicio\/"},{"@type":"ListItem","position":2,"name":"Estado de las rutas en La Pampa: agua en banquinas y sobre la cinta asf\u00e1ltica"}]},{"@type":"WebSite","@id":"https:\/\/diariotextual.com\/inicio\/#website","url":"https:\/\/diariotextual.com\/inicio\/","name":"Diario Textual","description":"","publisher":{"@id":"https:\/\/diariotextual.com\/inicio\/#organization"},"potentialAction":[{"@type":"SearchAction","target":{"@type":"EntryPoint","urlTemplate":"https:\/\/diariotextual.com\/inicio\/?s={search_term_string}"},"query-input":{"@type":"PropertyValueSpecification","valueRequired":true,"valueName":"search_term_string"}}],"inLanguage":"es"},{"@type":"Organization","@id":"https:\/\/diariotextual.com\/inicio\/#organization","name":"Diario Textual","url":"https:\/\/diariotextual.com\/inicio\/","logo":{"@type":"ImageObject","inLanguage":"es","@id":"https:\/\/diariotextual.com\/inicio\/#\/schema\/logo\/image\/","url":"https:\/\/diariotextual.com\/inicio\/wp-content\/uploads\/2023\/05\/logotextual1.jpg","contentUrl":"https:\/\/diariotextual.com\/inicio\/wp-content\/uploads\/2023\/05\/logotextual1.jpg","width":516,"height":76,"caption":"Diario Textual"},"image":{"@id":"https:\/\/diariotextual.com\/inicio\/#\/schema\/logo\/image\/"},"sameAs":["https:\/\/www.facebook.com\/eltextual","https:\/\/x.com\/eltextual","http:\/\/www.instagram.com\/eltextual"]},{"@type":"Person","@id":"https:\/\/diariotextual.com\/inicio\/#\/schema\/person\/418fc4093c33e86ed41562db3508f958","name":"Diario1 Diario1","image":{"@type":"ImageObject","inLanguage":"es","@id":"https:\/\/secure.gravatar.com\/avatar\/9167d280179c85bc18be67aa7eda765854300033af4896dd779b608640f2ef7a?s=96&d=mm&r=g","url":"https:\/\/secure.gravatar.com\/avatar\/9167d280179c85bc18be67aa7eda765854300033af4896dd779b608640f2ef7a?s=96&d=mm&r=g","contentUrl":"https:\/\/secure.gravatar.com\/avatar\/9167d280179c85bc18be67aa7eda765854300033af4896dd779b608640f2ef7a?s=96&d=mm&r=g","caption":"Diario1 Diario1"},"url":"https:\/\/diariotextual.com\/inicio\/index.php\/author\/diario1\/"}]}},"_links":{"self":[{"href":"https:\/\/diariotextual.com\/inicio\/index.php\/wp-json\/wp\/v2\/posts\/290651","targetHints":{"allow":["GET"]}}],"collection":[{"href":"https:\/\/diariotextual.com\/inicio\/index.php\/wp-json\/wp\/v2\/posts"}],"about":[{"href":"https:\/\/diariotextual.com\/inicio\/index.php\/wp-json\/wp\/v2\/types\/post"}],"author":[{"embeddable":true,"href":"https:\/\/diariotextual.com\/inicio\/index.php\/wp-json\/wp\/v2\/users\/3"}],"replies":[{"embeddable":true,"href":"https:\/\/diariotextual.com\/inicio\/index.php\/wp-json\/wp\/v2\/comments?post=290651"}],"version-history":[{"count":4,"href":"https:\/\/diariotextual.com\/inicio\/index.php\/wp-json\/wp\/v2\/posts\/290651\/revisions"}],"predecessor-version":[{"id":290735,"href":"https:\/\/diariotextual.com\/inicio\/index.php\/wp-json\/wp\/v2\/posts\/290651\/revisions\/290735"}],"wp:featuredmedia":[{"embeddable":true,"href":"https:\/\/diariotextual.com\/inicio\/index.php\/wp-json\/wp\/v2\/media\/290653"}],"wp:attachment":[{"href":"https:\/\/diariotextual.com\/inicio\/index.php\/wp-json\/wp\/v2\/media?parent=290651"}],"wp:term":[{"taxonomy":"category","embeddable":true,"href":"https:\/\/diariotextual.com\/inicio\/index.php\/wp-json\/wp\/v2\/categories?post=290651"},{"taxonomy":"post_tag","embeddable":true,"href":"https:\/\/diariotextual.com\/inicio\/index.php\/wp-json\/wp\/v2\/tags?post=290651"}],"curies":[{"name":"wp","href":"https:\/\/api.w.org\/{rel}","templated":true}]}}