{"id":291458,"date":"2025-03-16T21:09:27","date_gmt":"2025-03-17T00:09:27","guid":{"rendered":"https:\/\/diariotextual.com\/inicio\/?p=291458"},"modified":"2025-03-16T21:11:25","modified_gmt":"2025-03-17T00:11:25","slug":"independiente-y-racing-igualaron-en-el-clasico-de-avellaneda-en-un-partido-caliente","status":"publish","type":"post","link":"https:\/\/diariotextual.com\/inicio\/index.php\/2025\/03\/16\/independiente-y-racing-igualaron-en-el-clasico-de-avellaneda-en-un-partido-caliente\/","title":{"rendered":"Independiente y Racing igualaron en el cl\u00e1sico de Avellaneda en un partido caliente"},"content":{"rendered":"\n<p>Independiente y Racing empataron este domingo 1-1 en el Libertadores de Am\u00e9rica \u2013 Ricardo Enrique Bochini, en un partido correspondiente a la d\u00e9cima fecha del Torneo Apertura de la Liga Profesional de F\u00fatbol.<\/p>\n\n\n\n<p>El gol para la \u201cAcademia\u201d lo convirti\u00f3 el uruguayo Gast\u00f3n Martirena, a los 21 minutos del primer tiempo, mientras que \u00c1lvaro Ang\u00falo igual\u00f3 el encuentro para el \u201cRojo\u201d a los 34 minutos del complemento.<\/p>\n\n\n\n<p>Con este resultado, los dirigidos por Julio Vaccari quedaron lideres de la Zona B del campeonato con 21 puntos, mismos que Rosario Central, y continuaron con su invicto de local. En la pr\u00f3xima jornada del certamen, deber\u00e1n recibir en este mismo estadio a Godoy Cruz de Mendoza.<\/p>\n\n\n\n<p>Por su parte, el elenco comandado por Gustavo Costas qued\u00f3 en la d\u00e9cima posici\u00f3n de la Zona A con 10 unidades y acumulan cinco partidos sin sumar de a tres en la liga. Ahora, visitar\u00e1n a Uni\u00f3n de Santa Fe el pr\u00f3ximo jueves desde las 21:00.<\/p>\n\n\n\n<p>En una disputada primera mitad, Racing logr\u00f3 abrir el marcador de la mano de Martirena, quien recibi\u00f3 dentro del \u00e1rea un pase de Maximiliano Salas que lo dej\u00f3 solo frente al arquero Rodrigo Rey y le gan\u00f3 el duelo al jugador del \u201cRojo\u201d.<\/p>\n\n\n\n<p>En el intento por igualar el encuentro, los dirigidos por Vaccari quedaron mal parados en defensa en numerosas oportunidades y \u201cLa Academia\u201d tuvo la oportunidad de ampliar la diferencia en los pies de Santiago Sosa en dos ocasiones, pero el arquero Rodrigo Rey logr\u00f3 ganarle los duelos al mediocampista.<\/p>\n\n\n\n<p>Ya en la segunda parte, Independiente movi\u00f3 desde el arranque las fichas y puso a Luciano Cabral y Santiago Hidalgo para intentar conseguir el empate. El chileno tuvo un remate de volea dentro del \u00e1rea que se fue apenas desviado.<\/p>\n\n\n\n<p>En una gran jugada y con el \u201cRojo\u201d mejor en el partido, el propio Cabral con una genialidad, pinch\u00f3 una pelota para la llegada de Ang\u00falo, quien gan\u00f3 de cabeza ante la mala salida de Arias para igualar el duelo a los 34 minutos del complemento.<\/p>\n\n\n\n<p>Sobre el final del encuentro, Independiente tuvo en los pies de Mat\u00edas Gim\u00e9nez, ingresado en el segundo tiempo en lugar de Santiago Montiel, la chance de dar vuelta el resultado, pero en un intento por ajustar la pelota pegada al palo izquierdo, la misma se fue apenas desviada.<\/p>\n\n\n\n<p><\/p>\n","protected":false},"excerpt":{"rendered":"<p>Independiente y Racing empataron este domingo 1-1 en el Libertadores de Am\u00e9rica \u2013 Ricardo Enrique Bochini, en un partido correspondiente a la d\u00e9cima fecha del Torneo Apertura de la Liga&hellip;<\/p>\n","protected":false},"author":3,"featured_media":291460,"comment_status":"closed","ping_status":"open","sticky":false,"template":"","format":"standard","meta":{"_acf_changed":false,"footnotes":""},"categories":[1,3],"tags":[],"class_list":["post-291458","post","type-post","status-publish","format-standard","has-post-thumbnail","hentry","category-es-noticia","category-deportes"],"acf":[],"yoast_head":"<!-- This site is optimized with the Yoast SEO plugin v27.5 - https:\/\/yoast.com\/product\/yoast-seo-wordpress\/ -->\n<title>Independiente y Racing igualaron en el cl\u00e1sico de Avellaneda en un partido caliente - Diario Textual<\/title>\n<meta name=\"robots\" content=\"index, follow, max-snippet:-1, max-image-preview:large, max-video-preview:-1\" \/>\n<link rel=\"canonical\" href=\"https:\/\/diariotextual.com\/inicio\/index.php\/2025\/03\/16\/independiente-y-racing-igualaron-en-el-clasico-de-avellaneda-en-un-partido-caliente\/\" \/>\n<meta property=\"og:locale\" content=\"es_ES\" \/>\n<meta property=\"og:type\" content=\"article\" \/>\n<meta property=\"og:title\" content=\"Independiente y Racing igualaron en el cl\u00e1sico de Avellaneda en un partido caliente - Diario Textual\" \/>\n<meta property=\"og:description\" content=\"Independiente y Racing empataron este domingo 1-1 en el Libertadores de Am\u00e9rica \u2013 Ricardo Enrique Bochini, en un partido correspondiente a la d\u00e9cima fecha del Torneo Apertura de la Liga&hellip;\" \/>\n<meta property=\"og:url\" content=\"https:\/\/diariotextual.com\/inicio\/index.php\/2025\/03\/16\/independiente-y-racing-igualaron-en-el-clasico-de-avellaneda-en-un-partido-caliente\/\" \/>\n<meta property=\"og:site_name\" content=\"Diario Textual\" \/>\n<meta property=\"article:publisher\" content=\"https:\/\/www.facebook.com\/eltextual\" \/>\n<meta property=\"article:published_time\" content=\"2025-03-17T00:09:27+00:00\" \/>\n<meta property=\"article:modified_time\" content=\"2025-03-17T00:11:25+00:00\" \/>\n<meta property=\"og:image\" content=\"https:\/\/diariotextual.com\/inicio\/wp-content\/uploads\/2025\/03\/independienteracing2025-1.jpg\" \/>\n\t<meta property=\"og:image:width\" content=\"1400\" \/>\n\t<meta property=\"og:image:height\" content=\"934\" \/>\n\t<meta property=\"og:image:type\" content=\"image\/jpeg\" \/>\n<meta name=\"author\" content=\"Diario1 Diario1\" \/>\n<meta name=\"twitter:card\" content=\"summary_large_image\" \/>\n<meta name=\"twitter:creator\" content=\"@eltextual\" \/>\n<meta name=\"twitter:site\" content=\"@eltextual\" \/>\n<meta name=\"twitter:label1\" content=\"Escrito por\" \/>\n\t<meta name=\"twitter:data1\" content=\"Diario1 Diario1\" \/>\n\t<meta name=\"twitter:label2\" content=\"Tiempo de lectura\" \/>\n\t<meta name=\"twitter:data2\" content=\"2 minutos\" \/>\n<script type=\"application\/ld+json\" class=\"yoast-schema-graph\">{\"@context\":\"https:\\\/\\\/schema.org\",\"@graph\":[{\"@type\":\"Article\",\"@id\":\"https:\\\/\\\/diariotextual.com\\\/inicio\\\/index.php\\\/2025\\\/03\\\/16\\\/independiente-y-racing-igualaron-en-el-clasico-de-avellaneda-en-un-partido-caliente\\\/#article\",\"isPartOf\":{\"@id\":\"https:\\\/\\\/diariotextual.com\\\/inicio\\\/index.php\\\/2025\\\/03\\\/16\\\/independiente-y-racing-igualaron-en-el-clasico-de-avellaneda-en-un-partido-caliente\\\/\"},\"author\":{\"name\":\"Diario1 Diario1\",\"@id\":\"https:\\\/\\\/diariotextual.com\\\/inicio\\\/#\\\/schema\\\/person\\\/418fc4093c33e86ed41562db3508f958\"},\"headline\":\"Independiente y Racing igualaron en el cl\u00e1sico de Avellaneda en un partido caliente\",\"datePublished\":\"2025-03-17T00:09:27+00:00\",\"dateModified\":\"2025-03-17T00:11:25+00:00\",\"mainEntityOfPage\":{\"@id\":\"https:\\\/\\\/diariotextual.com\\\/inicio\\\/index.php\\\/2025\\\/03\\\/16\\\/independiente-y-racing-igualaron-en-el-clasico-de-avellaneda-en-un-partido-caliente\\\/\"},\"wordCount\":408,\"publisher\":{\"@id\":\"https:\\\/\\\/diariotextual.com\\\/inicio\\\/#organization\"},\"image\":{\"@id\":\"https:\\\/\\\/diariotextual.com\\\/inicio\\\/index.php\\\/2025\\\/03\\\/16\\\/independiente-y-racing-igualaron-en-el-clasico-de-avellaneda-en-un-partido-caliente\\\/#primaryimage\"},\"thumbnailUrl\":\"https:\\\/\\\/diariotextual.com\\\/inicio\\\/wp-content\\\/uploads\\\/2025\\\/03\\\/independienteracing2025-1.jpg\",\"articleSection\":[\"A - ES NOTICIA (van abajo)\",\"DEPORTES\"],\"inLanguage\":\"es\"},{\"@type\":\"WebPage\",\"@id\":\"https:\\\/\\\/diariotextual.com\\\/inicio\\\/index.php\\\/2025\\\/03\\\/16\\\/independiente-y-racing-igualaron-en-el-clasico-de-avellaneda-en-un-partido-caliente\\\/\",\"url\":\"https:\\\/\\\/diariotextual.com\\\/inicio\\\/index.php\\\/2025\\\/03\\\/16\\\/independiente-y-racing-igualaron-en-el-clasico-de-avellaneda-en-un-partido-caliente\\\/\",\"name\":\"Independiente y Racing igualaron en el cl\u00e1sico de Avellaneda en un partido caliente - Diario Textual\",\"isPartOf\":{\"@id\":\"https:\\\/\\\/diariotextual.com\\\/inicio\\\/#website\"},\"primaryImageOfPage\":{\"@id\":\"https:\\\/\\\/diariotextual.com\\\/inicio\\\/index.php\\\/2025\\\/03\\\/16\\\/independiente-y-racing-igualaron-en-el-clasico-de-avellaneda-en-un-partido-caliente\\\/#primaryimage\"},\"image\":{\"@id\":\"https:\\\/\\\/diariotextual.com\\\/inicio\\\/index.php\\\/2025\\\/03\\\/16\\\/independiente-y-racing-igualaron-en-el-clasico-de-avellaneda-en-un-partido-caliente\\\/#primaryimage\"},\"thumbnailUrl\":\"https:\\\/\\\/diariotextual.com\\\/inicio\\\/wp-content\\\/uploads\\\/2025\\\/03\\\/independienteracing2025-1.jpg\",\"datePublished\":\"2025-03-17T00:09:27+00:00\",\"dateModified\":\"2025-03-17T00:11:25+00:00\",\"breadcrumb\":{\"@id\":\"https:\\\/\\\/diariotextual.com\\\/inicio\\\/index.php\\\/2025\\\/03\\\/16\\\/independiente-y-racing-igualaron-en-el-clasico-de-avellaneda-en-un-partido-caliente\\\/#breadcrumb\"},\"inLanguage\":\"es\",\"potentialAction\":[{\"@type\":\"ReadAction\",\"target\":[\"https:\\\/\\\/diariotextual.com\\\/inicio\\\/index.php\\\/2025\\\/03\\\/16\\\/independiente-y-racing-igualaron-en-el-clasico-de-avellaneda-en-un-partido-caliente\\\/\"]}]},{\"@type\":\"ImageObject\",\"inLanguage\":\"es\",\"@id\":\"https:\\\/\\\/diariotextual.com\\\/inicio\\\/index.php\\\/2025\\\/03\\\/16\\\/independiente-y-racing-igualaron-en-el-clasico-de-avellaneda-en-un-partido-caliente\\\/#primaryimage\",\"url\":\"https:\\\/\\\/diariotextual.com\\\/inicio\\\/wp-content\\\/uploads\\\/2025\\\/03\\\/independienteracing2025-1.jpg\",\"contentUrl\":\"https:\\\/\\\/diariotextual.com\\\/inicio\\\/wp-content\\\/uploads\\\/2025\\\/03\\\/independienteracing2025-1.jpg\",\"width\":1400,\"height\":934},{\"@type\":\"BreadcrumbList\",\"@id\":\"https:\\\/\\\/diariotextual.com\\\/inicio\\\/index.php\\\/2025\\\/03\\\/16\\\/independiente-y-racing-igualaron-en-el-clasico-de-avellaneda-en-un-partido-caliente\\\/#breadcrumb\",\"itemListElement\":[{\"@type\":\"ListItem\",\"position\":1,\"name\":\"Portada\",\"item\":\"https:\\\/\\\/diariotextual.com\\\/inicio\\\/\"},{\"@type\":\"ListItem\",\"position\":2,\"name\":\"Independiente y Racing igualaron en el cl\u00e1sico de Avellaneda en un partido caliente\"}]},{\"@type\":\"WebSite\",\"@id\":\"https:\\\/\\\/diariotextual.com\\\/inicio\\\/#website\",\"url\":\"https:\\\/\\\/diariotextual.com\\\/inicio\\\/\",\"name\":\"Diario Textual\",\"description\":\"\",\"publisher\":{\"@id\":\"https:\\\/\\\/diariotextual.com\\\/inicio\\\/#organization\"},\"potentialAction\":[{\"@type\":\"SearchAction\",\"target\":{\"@type\":\"EntryPoint\",\"urlTemplate\":\"https:\\\/\\\/diariotextual.com\\\/inicio\\\/?s={search_term_string}\"},\"query-input\":{\"@type\":\"PropertyValueSpecification\",\"valueRequired\":true,\"valueName\":\"search_term_string\"}}],\"inLanguage\":\"es\"},{\"@type\":\"Organization\",\"@id\":\"https:\\\/\\\/diariotextual.com\\\/inicio\\\/#organization\",\"name\":\"Diario Textual\",\"url\":\"https:\\\/\\\/diariotextual.com\\\/inicio\\\/\",\"logo\":{\"@type\":\"ImageObject\",\"inLanguage\":\"es\",\"@id\":\"https:\\\/\\\/diariotextual.com\\\/inicio\\\/#\\\/schema\\\/logo\\\/image\\\/\",\"url\":\"https:\\\/\\\/diariotextual.com\\\/inicio\\\/wp-content\\\/uploads\\\/2023\\\/05\\\/logotextual1.jpg\",\"contentUrl\":\"https:\\\/\\\/diariotextual.com\\\/inicio\\\/wp-content\\\/uploads\\\/2023\\\/05\\\/logotextual1.jpg\",\"width\":516,\"height\":76,\"caption\":\"Diario Textual\"},\"image\":{\"@id\":\"https:\\\/\\\/diariotextual.com\\\/inicio\\\/#\\\/schema\\\/logo\\\/image\\\/\"},\"sameAs\":[\"https:\\\/\\\/www.facebook.com\\\/eltextual\",\"https:\\\/\\\/x.com\\\/eltextual\",\"http:\\\/\\\/www.instagram.com\\\/eltextual\"]},{\"@type\":\"Person\",\"@id\":\"https:\\\/\\\/diariotextual.com\\\/inicio\\\/#\\\/schema\\\/person\\\/418fc4093c33e86ed41562db3508f958\",\"name\":\"Diario1 Diario1\",\"image\":{\"@type\":\"ImageObject\",\"inLanguage\":\"es\",\"@id\":\"https:\\\/\\\/secure.gravatar.com\\\/avatar\\\/9167d280179c85bc18be67aa7eda765854300033af4896dd779b608640f2ef7a?s=96&d=mm&r=g\",\"url\":\"https:\\\/\\\/secure.gravatar.com\\\/avatar\\\/9167d280179c85bc18be67aa7eda765854300033af4896dd779b608640f2ef7a?s=96&d=mm&r=g\",\"contentUrl\":\"https:\\\/\\\/secure.gravatar.com\\\/avatar\\\/9167d280179c85bc18be67aa7eda765854300033af4896dd779b608640f2ef7a?s=96&d=mm&r=g\",\"caption\":\"Diario1 Diario1\"},\"url\":\"https:\\\/\\\/diariotextual.com\\\/inicio\\\/index.php\\\/author\\\/diario1\\\/\"}]}<\/script>\n<!-- \/ Yoast SEO plugin. -->","yoast_head_json":{"title":"Independiente y Racing igualaron en el cl\u00e1sico de Avellaneda en un partido caliente - Diario Textual","robots":{"index":"index","follow":"follow","max-snippet":"max-snippet:-1","max-image-preview":"max-image-preview:large","max-video-preview":"max-video-preview:-1"},"canonical":"https:\/\/diariotextual.com\/inicio\/index.php\/2025\/03\/16\/independiente-y-racing-igualaron-en-el-clasico-de-avellaneda-en-un-partido-caliente\/","og_locale":"es_ES","og_type":"article","og_title":"Independiente y Racing igualaron en el cl\u00e1sico de Avellaneda en un partido caliente - Diario Textual","og_description":"Independiente y Racing empataron este domingo 1-1 en el Libertadores de Am\u00e9rica \u2013 Ricardo Enrique Bochini, en un partido correspondiente a la d\u00e9cima fecha del Torneo Apertura de la Liga&hellip;","og_url":"https:\/\/diariotextual.com\/inicio\/index.php\/2025\/03\/16\/independiente-y-racing-igualaron-en-el-clasico-de-avellaneda-en-un-partido-caliente\/","og_site_name":"Diario Textual","article_publisher":"https:\/\/www.facebook.com\/eltextual","article_published_time":"2025-03-17T00:09:27+00:00","article_modified_time":"2025-03-17T00:11:25+00:00","og_image":[{"width":1400,"height":934,"url":"https:\/\/diariotextual.com\/inicio\/wp-content\/uploads\/2025\/03\/independienteracing2025-1.jpg","type":"image\/jpeg"}],"author":"Diario1 Diario1","twitter_card":"summary_large_image","twitter_creator":"@eltextual","twitter_site":"@eltextual","twitter_misc":{"Escrito por":"Diario1 Diario1","Tiempo de lectura":"2 minutos"},"schema":{"@context":"https:\/\/schema.org","@graph":[{"@type":"Article","@id":"https:\/\/diariotextual.com\/inicio\/index.php\/2025\/03\/16\/independiente-y-racing-igualaron-en-el-clasico-de-avellaneda-en-un-partido-caliente\/#article","isPartOf":{"@id":"https:\/\/diariotextual.com\/inicio\/index.php\/2025\/03\/16\/independiente-y-racing-igualaron-en-el-clasico-de-avellaneda-en-un-partido-caliente\/"},"author":{"name":"Diario1 Diario1","@id":"https:\/\/diariotextual.com\/inicio\/#\/schema\/person\/418fc4093c33e86ed41562db3508f958"},"headline":"Independiente y Racing igualaron en el cl\u00e1sico de Avellaneda en un partido caliente","datePublished":"2025-03-17T00:09:27+00:00","dateModified":"2025-03-17T00:11:25+00:00","mainEntityOfPage":{"@id":"https:\/\/diariotextual.com\/inicio\/index.php\/2025\/03\/16\/independiente-y-racing-igualaron-en-el-clasico-de-avellaneda-en-un-partido-caliente\/"},"wordCount":408,"publisher":{"@id":"https:\/\/diariotextual.com\/inicio\/#organization"},"image":{"@id":"https:\/\/diariotextual.com\/inicio\/index.php\/2025\/03\/16\/independiente-y-racing-igualaron-en-el-clasico-de-avellaneda-en-un-partido-caliente\/#primaryimage"},"thumbnailUrl":"https:\/\/diariotextual.com\/inicio\/wp-content\/uploads\/2025\/03\/independienteracing2025-1.jpg","articleSection":["A - ES NOTICIA (van abajo)","DEPORTES"],"inLanguage":"es"},{"@type":"WebPage","@id":"https:\/\/diariotextual.com\/inicio\/index.php\/2025\/03\/16\/independiente-y-racing-igualaron-en-el-clasico-de-avellaneda-en-un-partido-caliente\/","url":"https:\/\/diariotextual.com\/inicio\/index.php\/2025\/03\/16\/independiente-y-racing-igualaron-en-el-clasico-de-avellaneda-en-un-partido-caliente\/","name":"Independiente y Racing igualaron en el cl\u00e1sico de Avellaneda en un partido caliente - Diario Textual","isPartOf":{"@id":"https:\/\/diariotextual.com\/inicio\/#website"},"primaryImageOfPage":{"@id":"https:\/\/diariotextual.com\/inicio\/index.php\/2025\/03\/16\/independiente-y-racing-igualaron-en-el-clasico-de-avellaneda-en-un-partido-caliente\/#primaryimage"},"image":{"@id":"https:\/\/diariotextual.com\/inicio\/index.php\/2025\/03\/16\/independiente-y-racing-igualaron-en-el-clasico-de-avellaneda-en-un-partido-caliente\/#primaryimage"},"thumbnailUrl":"https:\/\/diariotextual.com\/inicio\/wp-content\/uploads\/2025\/03\/independienteracing2025-1.jpg","datePublished":"2025-03-17T00:09:27+00:00","dateModified":"2025-03-17T00:11:25+00:00","breadcrumb":{"@id":"https:\/\/diariotextual.com\/inicio\/index.php\/2025\/03\/16\/independiente-y-racing-igualaron-en-el-clasico-de-avellaneda-en-un-partido-caliente\/#breadcrumb"},"inLanguage":"es","potentialAction":[{"@type":"ReadAction","target":["https:\/\/diariotextual.com\/inicio\/index.php\/2025\/03\/16\/independiente-y-racing-igualaron-en-el-clasico-de-avellaneda-en-un-partido-caliente\/"]}]},{"@type":"ImageObject","inLanguage":"es","@id":"https:\/\/diariotextual.com\/inicio\/index.php\/2025\/03\/16\/independiente-y-racing-igualaron-en-el-clasico-de-avellaneda-en-un-partido-caliente\/#primaryimage","url":"https:\/\/diariotextual.com\/inicio\/wp-content\/uploads\/2025\/03\/independienteracing2025-1.jpg","contentUrl":"https:\/\/diariotextual.com\/inicio\/wp-content\/uploads\/2025\/03\/independienteracing2025-1.jpg","width":1400,"height":934},{"@type":"BreadcrumbList","@id":"https:\/\/diariotextual.com\/inicio\/index.php\/2025\/03\/16\/independiente-y-racing-igualaron-en-el-clasico-de-avellaneda-en-un-partido-caliente\/#breadcrumb","itemListElement":[{"@type":"ListItem","position":1,"name":"Portada","item":"https:\/\/diariotextual.com\/inicio\/"},{"@type":"ListItem","position":2,"name":"Independiente y Racing igualaron en el cl\u00e1sico de Avellaneda en un partido caliente"}]},{"@type":"WebSite","@id":"https:\/\/diariotextual.com\/inicio\/#website","url":"https:\/\/diariotextual.com\/inicio\/","name":"Diario Textual","description":"","publisher":{"@id":"https:\/\/diariotextual.com\/inicio\/#organization"},"potentialAction":[{"@type":"SearchAction","target":{"@type":"EntryPoint","urlTemplate":"https:\/\/diariotextual.com\/inicio\/?s={search_term_string}"},"query-input":{"@type":"PropertyValueSpecification","valueRequired":true,"valueName":"search_term_string"}}],"inLanguage":"es"},{"@type":"Organization","@id":"https:\/\/diariotextual.com\/inicio\/#organization","name":"Diario Textual","url":"https:\/\/diariotextual.com\/inicio\/","logo":{"@type":"ImageObject","inLanguage":"es","@id":"https:\/\/diariotextual.com\/inicio\/#\/schema\/logo\/image\/","url":"https:\/\/diariotextual.com\/inicio\/wp-content\/uploads\/2023\/05\/logotextual1.jpg","contentUrl":"https:\/\/diariotextual.com\/inicio\/wp-content\/uploads\/2023\/05\/logotextual1.jpg","width":516,"height":76,"caption":"Diario Textual"},"image":{"@id":"https:\/\/diariotextual.com\/inicio\/#\/schema\/logo\/image\/"},"sameAs":["https:\/\/www.facebook.com\/eltextual","https:\/\/x.com\/eltextual","http:\/\/www.instagram.com\/eltextual"]},{"@type":"Person","@id":"https:\/\/diariotextual.com\/inicio\/#\/schema\/person\/418fc4093c33e86ed41562db3508f958","name":"Diario1 Diario1","image":{"@type":"ImageObject","inLanguage":"es","@id":"https:\/\/secure.gravatar.com\/avatar\/9167d280179c85bc18be67aa7eda765854300033af4896dd779b608640f2ef7a?s=96&d=mm&r=g","url":"https:\/\/secure.gravatar.com\/avatar\/9167d280179c85bc18be67aa7eda765854300033af4896dd779b608640f2ef7a?s=96&d=mm&r=g","contentUrl":"https:\/\/secure.gravatar.com\/avatar\/9167d280179c85bc18be67aa7eda765854300033af4896dd779b608640f2ef7a?s=96&d=mm&r=g","caption":"Diario1 Diario1"},"url":"https:\/\/diariotextual.com\/inicio\/index.php\/author\/diario1\/"}]}},"_links":{"self":[{"href":"https:\/\/diariotextual.com\/inicio\/index.php\/wp-json\/wp\/v2\/posts\/291458","targetHints":{"allow":["GET"]}}],"collection":[{"href":"https:\/\/diariotextual.com\/inicio\/index.php\/wp-json\/wp\/v2\/posts"}],"about":[{"href":"https:\/\/diariotextual.com\/inicio\/index.php\/wp-json\/wp\/v2\/types\/post"}],"author":[{"embeddable":true,"href":"https:\/\/diariotextual.com\/inicio\/index.php\/wp-json\/wp\/v2\/users\/3"}],"replies":[{"embeddable":true,"href":"https:\/\/diariotextual.com\/inicio\/index.php\/wp-json\/wp\/v2\/comments?post=291458"}],"version-history":[{"count":1,"href":"https:\/\/diariotextual.com\/inicio\/index.php\/wp-json\/wp\/v2\/posts\/291458\/revisions"}],"predecessor-version":[{"id":291459,"href":"https:\/\/diariotextual.com\/inicio\/index.php\/wp-json\/wp\/v2\/posts\/291458\/revisions\/291459"}],"wp:featuredmedia":[{"embeddable":true,"href":"https:\/\/diariotextual.com\/inicio\/index.php\/wp-json\/wp\/v2\/media\/291460"}],"wp:attachment":[{"href":"https:\/\/diariotextual.com\/inicio\/index.php\/wp-json\/wp\/v2\/media?parent=291458"}],"wp:term":[{"taxonomy":"category","embeddable":true,"href":"https:\/\/diariotextual.com\/inicio\/index.php\/wp-json\/wp\/v2\/categories?post=291458"},{"taxonomy":"post_tag","embeddable":true,"href":"https:\/\/diariotextual.com\/inicio\/index.php\/wp-json\/wp\/v2\/tags?post=291458"}],"curies":[{"name":"wp","href":"https:\/\/api.w.org\/{rel}","templated":true}]}}