{"id":292153,"date":"2025-03-22T09:16:30","date_gmt":"2025-03-22T12:16:30","guid":{"rendered":"https:\/\/diariotextual.com\/inicio\/?p=292153"},"modified":"2025-03-22T09:16:33","modified_gmt":"2025-03-22T12:16:33","slug":"murio-el-legendario-boxeador-george-foreman","status":"publish","type":"post","link":"https:\/\/diariotextual.com\/inicio\/index.php\/2025\/03\/22\/murio-el-legendario-boxeador-george-foreman\/","title":{"rendered":"Muri\u00f3 el legendario boxeador George Foreman"},"content":{"rendered":"\n<p>El mundo del boxeo vive horas de profundo dolor por la p\u00e9rdida de una de sus grandes leyendas.\u00a0<strong>George Foreman<\/strong>, dos veces campe\u00f3n mundial de los pesos pesados y medallista de oro en los Juegos Ol\u00edmpicos de M\u00e9xico 1968, muri\u00f3 este viernes 21 de marzo a los 76 a\u00f1os. La noticia la dieron a conocer sus propios familiares a trav\u00e9s de un comunicado en redes sociales.<\/p>\n\n\n\n<p>\u201cCon profundo pesar, anunciamos el fallecimiento de nuestro querido George Edward Foreman Sr.,&nbsp;<strong>quien falleci\u00f3 en paz el 21 de marzo de 2025 rodeado de sus seres queridos. Predicador devoto, esposo, padre amoroso y bisabuelo orgulloso, vivi\u00f3 una vida marcada por una fe inquebrantable, humildad y prop\u00f3sito<\/strong>\u201d, expresaron sus familiares en el mensaje compartido.<\/p>\n\n\n\n<p>En el comunicado resaltaron que Foreman no solo ser\u00e1 recordado por sus logros deportivos, sino tambi\u00e9n por su car\u00e1cter y valores. \u201cHumanitario, ol\u00edmpico y dos veces campe\u00f3n mundial de peso pesado, fue profundamente respetado:&nbsp;<strong>una fuerza para el bien, un hombre de disciplina y convicci\u00f3n, y un protector de su legado, que luch\u00f3 incansablemente por preservar su buen nombre para su familia<\/strong>\u201d, a\u00f1adieron.<\/p>\n\n\n\n<p>La familia tambi\u00e9n pidi\u00f3 privacidad mientras honran la vida del boxeador. \u201cEstamos muy agradecidos por las muestras de cari\u00f1o y las oraciones, y pedimos privacidad para honrar la extraordinaria vida de un hombre al que tuvimos la bendici\u00f3n de llamar nuestro\u201d, sostuvieron.<\/p>\n\n\n\n<p>Al mismo tiempo, la entidad&nbsp;<strong>World Boxing Association (AMB)<\/strong>&nbsp;le dedic\u00f3 un sentido mensaje en redes sociales. \u201c<strong>Lamentamos el fallecimiento de uno de los pesos pesados m\u00e1s grandes de todos los tiempos, el incomparable George Foreman<\/strong>. El mundo del boxeo est\u00e1 de luto, y desde la WBA queremos enviar nuestras condolencias a su familia y seres queridos\u201d, fue el comunicado publicado en honor al m\u00edtico pugilista. \u201cNuestro m\u00e1s sentido p\u00e9same a la familia de George Foreman. Su contribuci\u00f3n al boxeo y al mundo del boxeo jam\u00e1s ser\u00e1 olvidada\u201d, se sum\u00f3 a las condolencias el ic\u00f3nico Mike Tyson.<\/p>\n\n\n\n<p>George Foreman fue una figura legendaria en el mundo del boxeo, conocido tanto por su carrera profesional, donde particip\u00f3 en algunas de las peleas m\u00e1s recordadas de la historia, como por su transformaci\u00f3n personal fuera del ring. Naci\u00f3 el 10 de enero de 1949 en Marshall, Texas (Estados Unidos), y se convirti\u00f3 en uno de los peleadores m\u00e1s grandes de todos los tiempos, con una carrera que abarc\u00f3 varias d\u00e9cadas y que finaliz\u00f3 con un registro de 76-5-0. \u00bfEl detalle? 68 victorias fueron por KO.<\/p>\n\n\n\n<p>Comenz\u00f3 a destacar en el boxeo desde muy joven. Con apenas 19 a\u00f1os, obtuvo la medalla de oro en los Juegos Ol\u00edmpicos de M\u00e9xico 1968, un logro que marc\u00f3 el inicio de una trayectoria que lo llevar\u00eda a convertirse en uno de los nombres m\u00e1s importantes en la historia del deporte.<\/p>\n\n\n\n<p>Un a\u00f1o despu\u00e9s de su \u00e9xito ol\u00edmpico, Foreman debut\u00f3 como boxeador profesional enfrent\u00e1ndose a Donald Walheim, a quien derrot\u00f3 por nocaut en el tercer asalto. Su ascenso fue mete\u00f3rico: en 1973, se coron\u00f3 campe\u00f3n mundial de los pesos pesados tras vencer a Joe Frazier en un combate celebrado en Kingston, Jamaica. La pelea, que termin\u00f3 en el sexto asalto y es recordada como una de las grandes batallas de la historia del boxeo, consolid\u00f3 al estadounidense como una fuerza imparable en el ring.<\/p>\n\n\n\n<p>Sin embargo, su carrera no estuvo exenta de desaf\u00edos adversos. En 1974, protagoniz\u00f3 uno de los combates m\u00e1s memorables de la historia del boxeo al enfrentarse a Muhammad Ali en Kinshasa, entonces Zaire (actual Rep\u00fablica Democr\u00e1tica del Congo). En el evento que qued\u00f3 inmortalizado como \u201cThe Rumble in the Jungle\u201d (\u201dLa pelea en la selva\u201d), Foreman lleg\u00f3 como el campe\u00f3n invicto y, luego de tres defensas del cintur\u00f3n, cay\u00f3 derrotado por nocaut en el octavo asalto. Este combate no solo marc\u00f3 su primera derrota -y \u00fanico KO-, sino que tambi\u00e9n qued\u00f3 grabado como un momento ic\u00f3nico en la cultura deportiva mundial.<\/p>\n\n\n\n<p><\/p>\n","protected":false},"excerpt":{"rendered":"<p>El mundo del boxeo vive horas de profundo dolor por la p\u00e9rdida de una de sus grandes leyendas.\u00a0George Foreman, dos veces campe\u00f3n mundial de los pesos pesados y medallista de&hellip;<\/p>\n","protected":false},"author":3,"featured_media":292155,"comment_status":"closed","ping_status":"open","sticky":false,"template":"","format":"standard","meta":{"_acf_changed":false,"footnotes":""},"categories":[1,3],"tags":[],"class_list":["post-292153","post","type-post","status-publish","format-standard","has-post-thumbnail","hentry","category-es-noticia","category-deportes"],"acf":[],"yoast_head":"<!-- This site is optimized with the Yoast SEO plugin v27.5 - https:\/\/yoast.com\/product\/yoast-seo-wordpress\/ -->\n<title>Muri\u00f3 el legendario boxeador George Foreman - Diario Textual<\/title>\n<meta name=\"robots\" content=\"index, follow, max-snippet:-1, max-image-preview:large, max-video-preview:-1\" \/>\n<link rel=\"canonical\" href=\"https:\/\/diariotextual.com\/inicio\/index.php\/2025\/03\/22\/murio-el-legendario-boxeador-george-foreman\/\" \/>\n<meta property=\"og:locale\" content=\"es_ES\" \/>\n<meta property=\"og:type\" content=\"article\" \/>\n<meta property=\"og:title\" content=\"Muri\u00f3 el legendario boxeador George Foreman - Diario Textual\" \/>\n<meta property=\"og:description\" content=\"El mundo del boxeo vive horas de profundo dolor por la p\u00e9rdida de una de sus grandes leyendas.\u00a0George Foreman, dos veces campe\u00f3n mundial de los pesos pesados y medallista de&hellip;\" \/>\n<meta property=\"og:url\" content=\"https:\/\/diariotextual.com\/inicio\/index.php\/2025\/03\/22\/murio-el-legendario-boxeador-george-foreman\/\" \/>\n<meta property=\"og:site_name\" content=\"Diario Textual\" \/>\n<meta property=\"article:publisher\" content=\"https:\/\/www.facebook.com\/eltextual\" \/>\n<meta property=\"article:published_time\" content=\"2025-03-22T12:16:30+00:00\" \/>\n<meta property=\"article:modified_time\" content=\"2025-03-22T12:16:33+00:00\" \/>\n<meta property=\"og:image\" content=\"https:\/\/diariotextual.com\/inicio\/wp-content\/uploads\/2025\/03\/foremangeorge007.webp\" \/>\n\t<meta property=\"og:image:width\" content=\"610\" \/>\n\t<meta property=\"og:image:height\" content=\"422\" \/>\n\t<meta property=\"og:image:type\" content=\"image\/webp\" \/>\n<meta name=\"author\" content=\"Diario1 Diario1\" \/>\n<meta name=\"twitter:card\" content=\"summary_large_image\" \/>\n<meta name=\"twitter:creator\" content=\"@eltextual\" \/>\n<meta name=\"twitter:site\" content=\"@eltextual\" \/>\n<meta name=\"twitter:label1\" content=\"Escrito por\" \/>\n\t<meta name=\"twitter:data1\" content=\"Diario1 Diario1\" \/>\n\t<meta name=\"twitter:label2\" content=\"Tiempo de lectura\" \/>\n\t<meta name=\"twitter:data2\" content=\"4 minutos\" \/>\n<script type=\"application\/ld+json\" class=\"yoast-schema-graph\">{\"@context\":\"https:\\\/\\\/schema.org\",\"@graph\":[{\"@type\":\"Article\",\"@id\":\"https:\\\/\\\/diariotextual.com\\\/inicio\\\/index.php\\\/2025\\\/03\\\/22\\\/murio-el-legendario-boxeador-george-foreman\\\/#article\",\"isPartOf\":{\"@id\":\"https:\\\/\\\/diariotextual.com\\\/inicio\\\/index.php\\\/2025\\\/03\\\/22\\\/murio-el-legendario-boxeador-george-foreman\\\/\"},\"author\":{\"name\":\"Diario1 Diario1\",\"@id\":\"https:\\\/\\\/diariotextual.com\\\/inicio\\\/#\\\/schema\\\/person\\\/418fc4093c33e86ed41562db3508f958\"},\"headline\":\"Muri\u00f3 el legendario boxeador George Foreman\",\"datePublished\":\"2025-03-22T12:16:30+00:00\",\"dateModified\":\"2025-03-22T12:16:33+00:00\",\"mainEntityOfPage\":{\"@id\":\"https:\\\/\\\/diariotextual.com\\\/inicio\\\/index.php\\\/2025\\\/03\\\/22\\\/murio-el-legendario-boxeador-george-foreman\\\/\"},\"wordCount\":687,\"publisher\":{\"@id\":\"https:\\\/\\\/diariotextual.com\\\/inicio\\\/#organization\"},\"image\":{\"@id\":\"https:\\\/\\\/diariotextual.com\\\/inicio\\\/index.php\\\/2025\\\/03\\\/22\\\/murio-el-legendario-boxeador-george-foreman\\\/#primaryimage\"},\"thumbnailUrl\":\"https:\\\/\\\/diariotextual.com\\\/inicio\\\/wp-content\\\/uploads\\\/2025\\\/03\\\/foremangeorge007.webp\",\"articleSection\":[\"A - ES NOTICIA (van abajo)\",\"DEPORTES\"],\"inLanguage\":\"es\"},{\"@type\":\"WebPage\",\"@id\":\"https:\\\/\\\/diariotextual.com\\\/inicio\\\/index.php\\\/2025\\\/03\\\/22\\\/murio-el-legendario-boxeador-george-foreman\\\/\",\"url\":\"https:\\\/\\\/diariotextual.com\\\/inicio\\\/index.php\\\/2025\\\/03\\\/22\\\/murio-el-legendario-boxeador-george-foreman\\\/\",\"name\":\"Muri\u00f3 el legendario boxeador George Foreman - Diario Textual\",\"isPartOf\":{\"@id\":\"https:\\\/\\\/diariotextual.com\\\/inicio\\\/#website\"},\"primaryImageOfPage\":{\"@id\":\"https:\\\/\\\/diariotextual.com\\\/inicio\\\/index.php\\\/2025\\\/03\\\/22\\\/murio-el-legendario-boxeador-george-foreman\\\/#primaryimage\"},\"image\":{\"@id\":\"https:\\\/\\\/diariotextual.com\\\/inicio\\\/index.php\\\/2025\\\/03\\\/22\\\/murio-el-legendario-boxeador-george-foreman\\\/#primaryimage\"},\"thumbnailUrl\":\"https:\\\/\\\/diariotextual.com\\\/inicio\\\/wp-content\\\/uploads\\\/2025\\\/03\\\/foremangeorge007.webp\",\"datePublished\":\"2025-03-22T12:16:30+00:00\",\"dateModified\":\"2025-03-22T12:16:33+00:00\",\"breadcrumb\":{\"@id\":\"https:\\\/\\\/diariotextual.com\\\/inicio\\\/index.php\\\/2025\\\/03\\\/22\\\/murio-el-legendario-boxeador-george-foreman\\\/#breadcrumb\"},\"inLanguage\":\"es\",\"potentialAction\":[{\"@type\":\"ReadAction\",\"target\":[\"https:\\\/\\\/diariotextual.com\\\/inicio\\\/index.php\\\/2025\\\/03\\\/22\\\/murio-el-legendario-boxeador-george-foreman\\\/\"]}]},{\"@type\":\"ImageObject\",\"inLanguage\":\"es\",\"@id\":\"https:\\\/\\\/diariotextual.com\\\/inicio\\\/index.php\\\/2025\\\/03\\\/22\\\/murio-el-legendario-boxeador-george-foreman\\\/#primaryimage\",\"url\":\"https:\\\/\\\/diariotextual.com\\\/inicio\\\/wp-content\\\/uploads\\\/2025\\\/03\\\/foremangeorge007.webp\",\"contentUrl\":\"https:\\\/\\\/diariotextual.com\\\/inicio\\\/wp-content\\\/uploads\\\/2025\\\/03\\\/foremangeorge007.webp\",\"width\":610,\"height\":422},{\"@type\":\"BreadcrumbList\",\"@id\":\"https:\\\/\\\/diariotextual.com\\\/inicio\\\/index.php\\\/2025\\\/03\\\/22\\\/murio-el-legendario-boxeador-george-foreman\\\/#breadcrumb\",\"itemListElement\":[{\"@type\":\"ListItem\",\"position\":1,\"name\":\"Portada\",\"item\":\"https:\\\/\\\/diariotextual.com\\\/inicio\\\/\"},{\"@type\":\"ListItem\",\"position\":2,\"name\":\"Muri\u00f3 el legendario boxeador George Foreman\"}]},{\"@type\":\"WebSite\",\"@id\":\"https:\\\/\\\/diariotextual.com\\\/inicio\\\/#website\",\"url\":\"https:\\\/\\\/diariotextual.com\\\/inicio\\\/\",\"name\":\"Diario Textual\",\"description\":\"\",\"publisher\":{\"@id\":\"https:\\\/\\\/diariotextual.com\\\/inicio\\\/#organization\"},\"potentialAction\":[{\"@type\":\"SearchAction\",\"target\":{\"@type\":\"EntryPoint\",\"urlTemplate\":\"https:\\\/\\\/diariotextual.com\\\/inicio\\\/?s={search_term_string}\"},\"query-input\":{\"@type\":\"PropertyValueSpecification\",\"valueRequired\":true,\"valueName\":\"search_term_string\"}}],\"inLanguage\":\"es\"},{\"@type\":\"Organization\",\"@id\":\"https:\\\/\\\/diariotextual.com\\\/inicio\\\/#organization\",\"name\":\"Diario Textual\",\"url\":\"https:\\\/\\\/diariotextual.com\\\/inicio\\\/\",\"logo\":{\"@type\":\"ImageObject\",\"inLanguage\":\"es\",\"@id\":\"https:\\\/\\\/diariotextual.com\\\/inicio\\\/#\\\/schema\\\/logo\\\/image\\\/\",\"url\":\"https:\\\/\\\/diariotextual.com\\\/inicio\\\/wp-content\\\/uploads\\\/2023\\\/05\\\/logotextual1.jpg\",\"contentUrl\":\"https:\\\/\\\/diariotextual.com\\\/inicio\\\/wp-content\\\/uploads\\\/2023\\\/05\\\/logotextual1.jpg\",\"width\":516,\"height\":76,\"caption\":\"Diario Textual\"},\"image\":{\"@id\":\"https:\\\/\\\/diariotextual.com\\\/inicio\\\/#\\\/schema\\\/logo\\\/image\\\/\"},\"sameAs\":[\"https:\\\/\\\/www.facebook.com\\\/eltextual\",\"https:\\\/\\\/x.com\\\/eltextual\",\"http:\\\/\\\/www.instagram.com\\\/eltextual\"]},{\"@type\":\"Person\",\"@id\":\"https:\\\/\\\/diariotextual.com\\\/inicio\\\/#\\\/schema\\\/person\\\/418fc4093c33e86ed41562db3508f958\",\"name\":\"Diario1 Diario1\",\"image\":{\"@type\":\"ImageObject\",\"inLanguage\":\"es\",\"@id\":\"https:\\\/\\\/secure.gravatar.com\\\/avatar\\\/9167d280179c85bc18be67aa7eda765854300033af4896dd779b608640f2ef7a?s=96&d=mm&r=g\",\"url\":\"https:\\\/\\\/secure.gravatar.com\\\/avatar\\\/9167d280179c85bc18be67aa7eda765854300033af4896dd779b608640f2ef7a?s=96&d=mm&r=g\",\"contentUrl\":\"https:\\\/\\\/secure.gravatar.com\\\/avatar\\\/9167d280179c85bc18be67aa7eda765854300033af4896dd779b608640f2ef7a?s=96&d=mm&r=g\",\"caption\":\"Diario1 Diario1\"},\"url\":\"https:\\\/\\\/diariotextual.com\\\/inicio\\\/index.php\\\/author\\\/diario1\\\/\"}]}<\/script>\n<!-- \/ Yoast SEO plugin. -->","yoast_head_json":{"title":"Muri\u00f3 el legendario boxeador George Foreman - Diario Textual","robots":{"index":"index","follow":"follow","max-snippet":"max-snippet:-1","max-image-preview":"max-image-preview:large","max-video-preview":"max-video-preview:-1"},"canonical":"https:\/\/diariotextual.com\/inicio\/index.php\/2025\/03\/22\/murio-el-legendario-boxeador-george-foreman\/","og_locale":"es_ES","og_type":"article","og_title":"Muri\u00f3 el legendario boxeador George Foreman - Diario Textual","og_description":"El mundo del boxeo vive horas de profundo dolor por la p\u00e9rdida de una de sus grandes leyendas.\u00a0George Foreman, dos veces campe\u00f3n mundial de los pesos pesados y medallista de&hellip;","og_url":"https:\/\/diariotextual.com\/inicio\/index.php\/2025\/03\/22\/murio-el-legendario-boxeador-george-foreman\/","og_site_name":"Diario Textual","article_publisher":"https:\/\/www.facebook.com\/eltextual","article_published_time":"2025-03-22T12:16:30+00:00","article_modified_time":"2025-03-22T12:16:33+00:00","og_image":[{"width":610,"height":422,"url":"https:\/\/diariotextual.com\/inicio\/wp-content\/uploads\/2025\/03\/foremangeorge007.webp","type":"image\/webp"}],"author":"Diario1 Diario1","twitter_card":"summary_large_image","twitter_creator":"@eltextual","twitter_site":"@eltextual","twitter_misc":{"Escrito por":"Diario1 Diario1","Tiempo de lectura":"4 minutos"},"schema":{"@context":"https:\/\/schema.org","@graph":[{"@type":"Article","@id":"https:\/\/diariotextual.com\/inicio\/index.php\/2025\/03\/22\/murio-el-legendario-boxeador-george-foreman\/#article","isPartOf":{"@id":"https:\/\/diariotextual.com\/inicio\/index.php\/2025\/03\/22\/murio-el-legendario-boxeador-george-foreman\/"},"author":{"name":"Diario1 Diario1","@id":"https:\/\/diariotextual.com\/inicio\/#\/schema\/person\/418fc4093c33e86ed41562db3508f958"},"headline":"Muri\u00f3 el legendario boxeador George Foreman","datePublished":"2025-03-22T12:16:30+00:00","dateModified":"2025-03-22T12:16:33+00:00","mainEntityOfPage":{"@id":"https:\/\/diariotextual.com\/inicio\/index.php\/2025\/03\/22\/murio-el-legendario-boxeador-george-foreman\/"},"wordCount":687,"publisher":{"@id":"https:\/\/diariotextual.com\/inicio\/#organization"},"image":{"@id":"https:\/\/diariotextual.com\/inicio\/index.php\/2025\/03\/22\/murio-el-legendario-boxeador-george-foreman\/#primaryimage"},"thumbnailUrl":"https:\/\/diariotextual.com\/inicio\/wp-content\/uploads\/2025\/03\/foremangeorge007.webp","articleSection":["A - ES NOTICIA (van abajo)","DEPORTES"],"inLanguage":"es"},{"@type":"WebPage","@id":"https:\/\/diariotextual.com\/inicio\/index.php\/2025\/03\/22\/murio-el-legendario-boxeador-george-foreman\/","url":"https:\/\/diariotextual.com\/inicio\/index.php\/2025\/03\/22\/murio-el-legendario-boxeador-george-foreman\/","name":"Muri\u00f3 el legendario boxeador George Foreman - Diario Textual","isPartOf":{"@id":"https:\/\/diariotextual.com\/inicio\/#website"},"primaryImageOfPage":{"@id":"https:\/\/diariotextual.com\/inicio\/index.php\/2025\/03\/22\/murio-el-legendario-boxeador-george-foreman\/#primaryimage"},"image":{"@id":"https:\/\/diariotextual.com\/inicio\/index.php\/2025\/03\/22\/murio-el-legendario-boxeador-george-foreman\/#primaryimage"},"thumbnailUrl":"https:\/\/diariotextual.com\/inicio\/wp-content\/uploads\/2025\/03\/foremangeorge007.webp","datePublished":"2025-03-22T12:16:30+00:00","dateModified":"2025-03-22T12:16:33+00:00","breadcrumb":{"@id":"https:\/\/diariotextual.com\/inicio\/index.php\/2025\/03\/22\/murio-el-legendario-boxeador-george-foreman\/#breadcrumb"},"inLanguage":"es","potentialAction":[{"@type":"ReadAction","target":["https:\/\/diariotextual.com\/inicio\/index.php\/2025\/03\/22\/murio-el-legendario-boxeador-george-foreman\/"]}]},{"@type":"ImageObject","inLanguage":"es","@id":"https:\/\/diariotextual.com\/inicio\/index.php\/2025\/03\/22\/murio-el-legendario-boxeador-george-foreman\/#primaryimage","url":"https:\/\/diariotextual.com\/inicio\/wp-content\/uploads\/2025\/03\/foremangeorge007.webp","contentUrl":"https:\/\/diariotextual.com\/inicio\/wp-content\/uploads\/2025\/03\/foremangeorge007.webp","width":610,"height":422},{"@type":"BreadcrumbList","@id":"https:\/\/diariotextual.com\/inicio\/index.php\/2025\/03\/22\/murio-el-legendario-boxeador-george-foreman\/#breadcrumb","itemListElement":[{"@type":"ListItem","position":1,"name":"Portada","item":"https:\/\/diariotextual.com\/inicio\/"},{"@type":"ListItem","position":2,"name":"Muri\u00f3 el legendario boxeador George Foreman"}]},{"@type":"WebSite","@id":"https:\/\/diariotextual.com\/inicio\/#website","url":"https:\/\/diariotextual.com\/inicio\/","name":"Diario Textual","description":"","publisher":{"@id":"https:\/\/diariotextual.com\/inicio\/#organization"},"potentialAction":[{"@type":"SearchAction","target":{"@type":"EntryPoint","urlTemplate":"https:\/\/diariotextual.com\/inicio\/?s={search_term_string}"},"query-input":{"@type":"PropertyValueSpecification","valueRequired":true,"valueName":"search_term_string"}}],"inLanguage":"es"},{"@type":"Organization","@id":"https:\/\/diariotextual.com\/inicio\/#organization","name":"Diario Textual","url":"https:\/\/diariotextual.com\/inicio\/","logo":{"@type":"ImageObject","inLanguage":"es","@id":"https:\/\/diariotextual.com\/inicio\/#\/schema\/logo\/image\/","url":"https:\/\/diariotextual.com\/inicio\/wp-content\/uploads\/2023\/05\/logotextual1.jpg","contentUrl":"https:\/\/diariotextual.com\/inicio\/wp-content\/uploads\/2023\/05\/logotextual1.jpg","width":516,"height":76,"caption":"Diario Textual"},"image":{"@id":"https:\/\/diariotextual.com\/inicio\/#\/schema\/logo\/image\/"},"sameAs":["https:\/\/www.facebook.com\/eltextual","https:\/\/x.com\/eltextual","http:\/\/www.instagram.com\/eltextual"]},{"@type":"Person","@id":"https:\/\/diariotextual.com\/inicio\/#\/schema\/person\/418fc4093c33e86ed41562db3508f958","name":"Diario1 Diario1","image":{"@type":"ImageObject","inLanguage":"es","@id":"https:\/\/secure.gravatar.com\/avatar\/9167d280179c85bc18be67aa7eda765854300033af4896dd779b608640f2ef7a?s=96&d=mm&r=g","url":"https:\/\/secure.gravatar.com\/avatar\/9167d280179c85bc18be67aa7eda765854300033af4896dd779b608640f2ef7a?s=96&d=mm&r=g","contentUrl":"https:\/\/secure.gravatar.com\/avatar\/9167d280179c85bc18be67aa7eda765854300033af4896dd779b608640f2ef7a?s=96&d=mm&r=g","caption":"Diario1 Diario1"},"url":"https:\/\/diariotextual.com\/inicio\/index.php\/author\/diario1\/"}]}},"_links":{"self":[{"href":"https:\/\/diariotextual.com\/inicio\/index.php\/wp-json\/wp\/v2\/posts\/292153","targetHints":{"allow":["GET"]}}],"collection":[{"href":"https:\/\/diariotextual.com\/inicio\/index.php\/wp-json\/wp\/v2\/posts"}],"about":[{"href":"https:\/\/diariotextual.com\/inicio\/index.php\/wp-json\/wp\/v2\/types\/post"}],"author":[{"embeddable":true,"href":"https:\/\/diariotextual.com\/inicio\/index.php\/wp-json\/wp\/v2\/users\/3"}],"replies":[{"embeddable":true,"href":"https:\/\/diariotextual.com\/inicio\/index.php\/wp-json\/wp\/v2\/comments?post=292153"}],"version-history":[{"count":1,"href":"https:\/\/diariotextual.com\/inicio\/index.php\/wp-json\/wp\/v2\/posts\/292153\/revisions"}],"predecessor-version":[{"id":292154,"href":"https:\/\/diariotextual.com\/inicio\/index.php\/wp-json\/wp\/v2\/posts\/292153\/revisions\/292154"}],"wp:featuredmedia":[{"embeddable":true,"href":"https:\/\/diariotextual.com\/inicio\/index.php\/wp-json\/wp\/v2\/media\/292155"}],"wp:attachment":[{"href":"https:\/\/diariotextual.com\/inicio\/index.php\/wp-json\/wp\/v2\/media?parent=292153"}],"wp:term":[{"taxonomy":"category","embeddable":true,"href":"https:\/\/diariotextual.com\/inicio\/index.php\/wp-json\/wp\/v2\/categories?post=292153"},{"taxonomy":"post_tag","embeddable":true,"href":"https:\/\/diariotextual.com\/inicio\/index.php\/wp-json\/wp\/v2\/tags?post=292153"}],"curies":[{"name":"wp","href":"https:\/\/api.w.org\/{rel}","templated":true}]}}