{"id":292166,"date":"2025-03-22T11:49:28","date_gmt":"2025-03-22T14:49:28","guid":{"rendered":"https:\/\/diariotextual.com\/inicio\/?p=292166"},"modified":"2025-03-23T14:17:39","modified_gmt":"2025-03-23T17:17:39","slug":"presentan-la-primera-pista-de-patin-carrera-oficial-de-la-pampa-en-villa-mirasol","status":"publish","type":"post","link":"https:\/\/diariotextual.com\/inicio\/index.php\/2025\/03\/22\/presentan-la-primera-pista-de-patin-carrera-oficial-de-la-pampa-en-villa-mirasol\/","title":{"rendered":"Presentan la primera pista de pat\u00edn carrera oficial de La Pampa en Villa Mirasol"},"content":{"rendered":"\n<p>La Municipalidad de Villa Mirasol construy\u00f3 la pista de pat\u00edn carrera, la primera en La Pampa con medidas oficiales, por lo que ahora la localidad cuenta con un espacio para competencias provinciales. La presentaci\u00f3n de la instalaci\u00f3n que est\u00e1 en el nuevo Predio Recreativo Tur\u00edstico ser\u00e1 el domingo 30 de marzo cuando se compita por la primera fecha del torneo provincial.<\/p>\n\n\n\n<p>El intendente Lucas Laguna dio detalles de la iniciativa. \u201cLa Escuela de Pat\u00edn Municipal comenz\u00f3 m\u00e1s o menos hace tres a\u00f1os con el profesor Paolo Rosso en el sal\u00f3n del Club Belgrano. Cuenta con 25 ni\u00f1os y ni\u00f1as que asisten siempre. Ahora tenemos la pista de pat\u00edn que fue pavimentada y las clases se dar\u00e1n ah\u00ed\u201d, dijo, seg\u00fan reprodujo Quem\u00fa Noticias.<\/p>\n\n\n\n<p>\u201cPatinadores de Villa Mirasol han ido a competir a Mar del Plata, representando a escuelas de Santa Rosa. De ah\u00ed surge esta iniciativa porque no hab\u00eda ninguna pista de pat\u00edn carrera en La Pampa con las medidas oficiales. Solo falta la iluminaci\u00f3n que esperamos hacerla pronto\u201d, explic\u00f3 Laguna.<\/p>\n\n\n\n<p><\/p>\n","protected":false},"excerpt":{"rendered":"<p>La Municipalidad de Villa Mirasol construy\u00f3 la pista de pat\u00edn carrera, la primera en La Pampa con medidas oficiales, por lo que ahora la localidad cuenta con un espacio para&hellip;<\/p>\n","protected":false},"author":3,"featured_media":292169,"comment_status":"closed","ping_status":"open","sticky":false,"template":"","format":"standard","meta":{"_acf_changed":false,"footnotes":""},"categories":[1,3],"tags":[],"class_list":["post-292166","post","type-post","status-publish","format-standard","has-post-thumbnail","hentry","category-es-noticia","category-deportes"],"acf":[],"yoast_head":"<!-- This site is optimized with the Yoast SEO plugin v27.5 - https:\/\/yoast.com\/product\/yoast-seo-wordpress\/ -->\n<title>Presentan la primera pista de pat\u00edn carrera oficial de La Pampa en Villa Mirasol - Diario Textual<\/title>\n<meta name=\"robots\" content=\"index, follow, max-snippet:-1, max-image-preview:large, max-video-preview:-1\" \/>\n<link rel=\"canonical\" href=\"https:\/\/diariotextual.com\/inicio\/index.php\/2025\/03\/22\/presentan-la-primera-pista-de-patin-carrera-oficial-de-la-pampa-en-villa-mirasol\/\" \/>\n<meta property=\"og:locale\" content=\"es_ES\" \/>\n<meta property=\"og:type\" content=\"article\" \/>\n<meta property=\"og:title\" content=\"Presentan la primera pista de pat\u00edn carrera oficial de La Pampa en Villa Mirasol - Diario Textual\" \/>\n<meta property=\"og:description\" content=\"La Municipalidad de Villa Mirasol construy\u00f3 la pista de pat\u00edn carrera, la primera en La Pampa con medidas oficiales, por lo que ahora la localidad cuenta con un espacio para&hellip;\" \/>\n<meta property=\"og:url\" content=\"https:\/\/diariotextual.com\/inicio\/index.php\/2025\/03\/22\/presentan-la-primera-pista-de-patin-carrera-oficial-de-la-pampa-en-villa-mirasol\/\" \/>\n<meta property=\"og:site_name\" content=\"Diario Textual\" \/>\n<meta property=\"article:publisher\" content=\"https:\/\/www.facebook.com\/eltextual\" \/>\n<meta property=\"article:published_time\" content=\"2025-03-22T14:49:28+00:00\" \/>\n<meta property=\"article:modified_time\" content=\"2025-03-23T17:17:39+00:00\" \/>\n<meta property=\"og:image\" content=\"https:\/\/diariotextual.com\/inicio\/wp-content\/uploads\/2025\/03\/patincarreravillamirasol2025-7.jpg\" \/>\n\t<meta property=\"og:image:width\" content=\"1200\" \/>\n\t<meta property=\"og:image:height\" content=\"728\" \/>\n\t<meta property=\"og:image:type\" content=\"image\/jpeg\" \/>\n<meta name=\"author\" content=\"Diario1 Diario1\" \/>\n<meta name=\"twitter:card\" content=\"summary_large_image\" \/>\n<meta name=\"twitter:creator\" content=\"@eltextual\" \/>\n<meta name=\"twitter:site\" content=\"@eltextual\" \/>\n<meta name=\"twitter:label1\" content=\"Escrito por\" \/>\n\t<meta name=\"twitter:data1\" content=\"Diario1 Diario1\" \/>\n\t<meta name=\"twitter:label2\" content=\"Tiempo de lectura\" \/>\n\t<meta name=\"twitter:data2\" content=\"1 minuto\" \/>\n<script type=\"application\/ld+json\" class=\"yoast-schema-graph\">{\"@context\":\"https:\\\/\\\/schema.org\",\"@graph\":[{\"@type\":\"Article\",\"@id\":\"https:\\\/\\\/diariotextual.com\\\/inicio\\\/index.php\\\/2025\\\/03\\\/22\\\/presentan-la-primera-pista-de-patin-carrera-oficial-de-la-pampa-en-villa-mirasol\\\/#article\",\"isPartOf\":{\"@id\":\"https:\\\/\\\/diariotextual.com\\\/inicio\\\/index.php\\\/2025\\\/03\\\/22\\\/presentan-la-primera-pista-de-patin-carrera-oficial-de-la-pampa-en-villa-mirasol\\\/\"},\"author\":{\"name\":\"Diario1 Diario1\",\"@id\":\"https:\\\/\\\/diariotextual.com\\\/inicio\\\/#\\\/schema\\\/person\\\/418fc4093c33e86ed41562db3508f958\"},\"headline\":\"Presentan la primera pista de pat\u00edn carrera oficial de La Pampa en Villa Mirasol\",\"datePublished\":\"2025-03-22T14:49:28+00:00\",\"dateModified\":\"2025-03-23T17:17:39+00:00\",\"mainEntityOfPage\":{\"@id\":\"https:\\\/\\\/diariotextual.com\\\/inicio\\\/index.php\\\/2025\\\/03\\\/22\\\/presentan-la-primera-pista-de-patin-carrera-oficial-de-la-pampa-en-villa-mirasol\\\/\"},\"wordCount\":199,\"publisher\":{\"@id\":\"https:\\\/\\\/diariotextual.com\\\/inicio\\\/#organization\"},\"image\":{\"@id\":\"https:\\\/\\\/diariotextual.com\\\/inicio\\\/index.php\\\/2025\\\/03\\\/22\\\/presentan-la-primera-pista-de-patin-carrera-oficial-de-la-pampa-en-villa-mirasol\\\/#primaryimage\"},\"thumbnailUrl\":\"https:\\\/\\\/diariotextual.com\\\/inicio\\\/wp-content\\\/uploads\\\/2025\\\/03\\\/patincarreravillamirasol2025-7.jpg\",\"articleSection\":[\"A - ES NOTICIA (van abajo)\",\"DEPORTES\"],\"inLanguage\":\"es\"},{\"@type\":\"WebPage\",\"@id\":\"https:\\\/\\\/diariotextual.com\\\/inicio\\\/index.php\\\/2025\\\/03\\\/22\\\/presentan-la-primera-pista-de-patin-carrera-oficial-de-la-pampa-en-villa-mirasol\\\/\",\"url\":\"https:\\\/\\\/diariotextual.com\\\/inicio\\\/index.php\\\/2025\\\/03\\\/22\\\/presentan-la-primera-pista-de-patin-carrera-oficial-de-la-pampa-en-villa-mirasol\\\/\",\"name\":\"Presentan la primera pista de pat\u00edn carrera oficial de La Pampa en Villa Mirasol - Diario Textual\",\"isPartOf\":{\"@id\":\"https:\\\/\\\/diariotextual.com\\\/inicio\\\/#website\"},\"primaryImageOfPage\":{\"@id\":\"https:\\\/\\\/diariotextual.com\\\/inicio\\\/index.php\\\/2025\\\/03\\\/22\\\/presentan-la-primera-pista-de-patin-carrera-oficial-de-la-pampa-en-villa-mirasol\\\/#primaryimage\"},\"image\":{\"@id\":\"https:\\\/\\\/diariotextual.com\\\/inicio\\\/index.php\\\/2025\\\/03\\\/22\\\/presentan-la-primera-pista-de-patin-carrera-oficial-de-la-pampa-en-villa-mirasol\\\/#primaryimage\"},\"thumbnailUrl\":\"https:\\\/\\\/diariotextual.com\\\/inicio\\\/wp-content\\\/uploads\\\/2025\\\/03\\\/patincarreravillamirasol2025-7.jpg\",\"datePublished\":\"2025-03-22T14:49:28+00:00\",\"dateModified\":\"2025-03-23T17:17:39+00:00\",\"breadcrumb\":{\"@id\":\"https:\\\/\\\/diariotextual.com\\\/inicio\\\/index.php\\\/2025\\\/03\\\/22\\\/presentan-la-primera-pista-de-patin-carrera-oficial-de-la-pampa-en-villa-mirasol\\\/#breadcrumb\"},\"inLanguage\":\"es\",\"potentialAction\":[{\"@type\":\"ReadAction\",\"target\":[\"https:\\\/\\\/diariotextual.com\\\/inicio\\\/index.php\\\/2025\\\/03\\\/22\\\/presentan-la-primera-pista-de-patin-carrera-oficial-de-la-pampa-en-villa-mirasol\\\/\"]}]},{\"@type\":\"ImageObject\",\"inLanguage\":\"es\",\"@id\":\"https:\\\/\\\/diariotextual.com\\\/inicio\\\/index.php\\\/2025\\\/03\\\/22\\\/presentan-la-primera-pista-de-patin-carrera-oficial-de-la-pampa-en-villa-mirasol\\\/#primaryimage\",\"url\":\"https:\\\/\\\/diariotextual.com\\\/inicio\\\/wp-content\\\/uploads\\\/2025\\\/03\\\/patincarreravillamirasol2025-7.jpg\",\"contentUrl\":\"https:\\\/\\\/diariotextual.com\\\/inicio\\\/wp-content\\\/uploads\\\/2025\\\/03\\\/patincarreravillamirasol2025-7.jpg\",\"width\":1200,\"height\":728},{\"@type\":\"BreadcrumbList\",\"@id\":\"https:\\\/\\\/diariotextual.com\\\/inicio\\\/index.php\\\/2025\\\/03\\\/22\\\/presentan-la-primera-pista-de-patin-carrera-oficial-de-la-pampa-en-villa-mirasol\\\/#breadcrumb\",\"itemListElement\":[{\"@type\":\"ListItem\",\"position\":1,\"name\":\"Portada\",\"item\":\"https:\\\/\\\/diariotextual.com\\\/inicio\\\/\"},{\"@type\":\"ListItem\",\"position\":2,\"name\":\"Presentan la primera pista de pat\u00edn carrera oficial de La Pampa en Villa Mirasol\"}]},{\"@type\":\"WebSite\",\"@id\":\"https:\\\/\\\/diariotextual.com\\\/inicio\\\/#website\",\"url\":\"https:\\\/\\\/diariotextual.com\\\/inicio\\\/\",\"name\":\"Diario Textual\",\"description\":\"\",\"publisher\":{\"@id\":\"https:\\\/\\\/diariotextual.com\\\/inicio\\\/#organization\"},\"potentialAction\":[{\"@type\":\"SearchAction\",\"target\":{\"@type\":\"EntryPoint\",\"urlTemplate\":\"https:\\\/\\\/diariotextual.com\\\/inicio\\\/?s={search_term_string}\"},\"query-input\":{\"@type\":\"PropertyValueSpecification\",\"valueRequired\":true,\"valueName\":\"search_term_string\"}}],\"inLanguage\":\"es\"},{\"@type\":\"Organization\",\"@id\":\"https:\\\/\\\/diariotextual.com\\\/inicio\\\/#organization\",\"name\":\"Diario Textual\",\"url\":\"https:\\\/\\\/diariotextual.com\\\/inicio\\\/\",\"logo\":{\"@type\":\"ImageObject\",\"inLanguage\":\"es\",\"@id\":\"https:\\\/\\\/diariotextual.com\\\/inicio\\\/#\\\/schema\\\/logo\\\/image\\\/\",\"url\":\"https:\\\/\\\/diariotextual.com\\\/inicio\\\/wp-content\\\/uploads\\\/2023\\\/05\\\/logotextual1.jpg\",\"contentUrl\":\"https:\\\/\\\/diariotextual.com\\\/inicio\\\/wp-content\\\/uploads\\\/2023\\\/05\\\/logotextual1.jpg\",\"width\":516,\"height\":76,\"caption\":\"Diario Textual\"},\"image\":{\"@id\":\"https:\\\/\\\/diariotextual.com\\\/inicio\\\/#\\\/schema\\\/logo\\\/image\\\/\"},\"sameAs\":[\"https:\\\/\\\/www.facebook.com\\\/eltextual\",\"https:\\\/\\\/x.com\\\/eltextual\",\"http:\\\/\\\/www.instagram.com\\\/eltextual\"]},{\"@type\":\"Person\",\"@id\":\"https:\\\/\\\/diariotextual.com\\\/inicio\\\/#\\\/schema\\\/person\\\/418fc4093c33e86ed41562db3508f958\",\"name\":\"Diario1 Diario1\",\"image\":{\"@type\":\"ImageObject\",\"inLanguage\":\"es\",\"@id\":\"https:\\\/\\\/secure.gravatar.com\\\/avatar\\\/9167d280179c85bc18be67aa7eda765854300033af4896dd779b608640f2ef7a?s=96&d=mm&r=g\",\"url\":\"https:\\\/\\\/secure.gravatar.com\\\/avatar\\\/9167d280179c85bc18be67aa7eda765854300033af4896dd779b608640f2ef7a?s=96&d=mm&r=g\",\"contentUrl\":\"https:\\\/\\\/secure.gravatar.com\\\/avatar\\\/9167d280179c85bc18be67aa7eda765854300033af4896dd779b608640f2ef7a?s=96&d=mm&r=g\",\"caption\":\"Diario1 Diario1\"},\"url\":\"https:\\\/\\\/diariotextual.com\\\/inicio\\\/index.php\\\/author\\\/diario1\\\/\"}]}<\/script>\n<!-- \/ Yoast SEO plugin. -->","yoast_head_json":{"title":"Presentan la primera pista de pat\u00edn carrera oficial de La Pampa en Villa Mirasol - Diario Textual","robots":{"index":"index","follow":"follow","max-snippet":"max-snippet:-1","max-image-preview":"max-image-preview:large","max-video-preview":"max-video-preview:-1"},"canonical":"https:\/\/diariotextual.com\/inicio\/index.php\/2025\/03\/22\/presentan-la-primera-pista-de-patin-carrera-oficial-de-la-pampa-en-villa-mirasol\/","og_locale":"es_ES","og_type":"article","og_title":"Presentan la primera pista de pat\u00edn carrera oficial de La Pampa en Villa Mirasol - Diario Textual","og_description":"La Municipalidad de Villa Mirasol construy\u00f3 la pista de pat\u00edn carrera, la primera en La Pampa con medidas oficiales, por lo que ahora la localidad cuenta con un espacio para&hellip;","og_url":"https:\/\/diariotextual.com\/inicio\/index.php\/2025\/03\/22\/presentan-la-primera-pista-de-patin-carrera-oficial-de-la-pampa-en-villa-mirasol\/","og_site_name":"Diario Textual","article_publisher":"https:\/\/www.facebook.com\/eltextual","article_published_time":"2025-03-22T14:49:28+00:00","article_modified_time":"2025-03-23T17:17:39+00:00","og_image":[{"width":1200,"height":728,"url":"https:\/\/diariotextual.com\/inicio\/wp-content\/uploads\/2025\/03\/patincarreravillamirasol2025-7.jpg","type":"image\/jpeg"}],"author":"Diario1 Diario1","twitter_card":"summary_large_image","twitter_creator":"@eltextual","twitter_site":"@eltextual","twitter_misc":{"Escrito por":"Diario1 Diario1","Tiempo de lectura":"1 minuto"},"schema":{"@context":"https:\/\/schema.org","@graph":[{"@type":"Article","@id":"https:\/\/diariotextual.com\/inicio\/index.php\/2025\/03\/22\/presentan-la-primera-pista-de-patin-carrera-oficial-de-la-pampa-en-villa-mirasol\/#article","isPartOf":{"@id":"https:\/\/diariotextual.com\/inicio\/index.php\/2025\/03\/22\/presentan-la-primera-pista-de-patin-carrera-oficial-de-la-pampa-en-villa-mirasol\/"},"author":{"name":"Diario1 Diario1","@id":"https:\/\/diariotextual.com\/inicio\/#\/schema\/person\/418fc4093c33e86ed41562db3508f958"},"headline":"Presentan la primera pista de pat\u00edn carrera oficial de La Pampa en Villa Mirasol","datePublished":"2025-03-22T14:49:28+00:00","dateModified":"2025-03-23T17:17:39+00:00","mainEntityOfPage":{"@id":"https:\/\/diariotextual.com\/inicio\/index.php\/2025\/03\/22\/presentan-la-primera-pista-de-patin-carrera-oficial-de-la-pampa-en-villa-mirasol\/"},"wordCount":199,"publisher":{"@id":"https:\/\/diariotextual.com\/inicio\/#organization"},"image":{"@id":"https:\/\/diariotextual.com\/inicio\/index.php\/2025\/03\/22\/presentan-la-primera-pista-de-patin-carrera-oficial-de-la-pampa-en-villa-mirasol\/#primaryimage"},"thumbnailUrl":"https:\/\/diariotextual.com\/inicio\/wp-content\/uploads\/2025\/03\/patincarreravillamirasol2025-7.jpg","articleSection":["A - ES NOTICIA (van abajo)","DEPORTES"],"inLanguage":"es"},{"@type":"WebPage","@id":"https:\/\/diariotextual.com\/inicio\/index.php\/2025\/03\/22\/presentan-la-primera-pista-de-patin-carrera-oficial-de-la-pampa-en-villa-mirasol\/","url":"https:\/\/diariotextual.com\/inicio\/index.php\/2025\/03\/22\/presentan-la-primera-pista-de-patin-carrera-oficial-de-la-pampa-en-villa-mirasol\/","name":"Presentan la primera pista de pat\u00edn carrera oficial de La Pampa en Villa Mirasol - Diario Textual","isPartOf":{"@id":"https:\/\/diariotextual.com\/inicio\/#website"},"primaryImageOfPage":{"@id":"https:\/\/diariotextual.com\/inicio\/index.php\/2025\/03\/22\/presentan-la-primera-pista-de-patin-carrera-oficial-de-la-pampa-en-villa-mirasol\/#primaryimage"},"image":{"@id":"https:\/\/diariotextual.com\/inicio\/index.php\/2025\/03\/22\/presentan-la-primera-pista-de-patin-carrera-oficial-de-la-pampa-en-villa-mirasol\/#primaryimage"},"thumbnailUrl":"https:\/\/diariotextual.com\/inicio\/wp-content\/uploads\/2025\/03\/patincarreravillamirasol2025-7.jpg","datePublished":"2025-03-22T14:49:28+00:00","dateModified":"2025-03-23T17:17:39+00:00","breadcrumb":{"@id":"https:\/\/diariotextual.com\/inicio\/index.php\/2025\/03\/22\/presentan-la-primera-pista-de-patin-carrera-oficial-de-la-pampa-en-villa-mirasol\/#breadcrumb"},"inLanguage":"es","potentialAction":[{"@type":"ReadAction","target":["https:\/\/diariotextual.com\/inicio\/index.php\/2025\/03\/22\/presentan-la-primera-pista-de-patin-carrera-oficial-de-la-pampa-en-villa-mirasol\/"]}]},{"@type":"ImageObject","inLanguage":"es","@id":"https:\/\/diariotextual.com\/inicio\/index.php\/2025\/03\/22\/presentan-la-primera-pista-de-patin-carrera-oficial-de-la-pampa-en-villa-mirasol\/#primaryimage","url":"https:\/\/diariotextual.com\/inicio\/wp-content\/uploads\/2025\/03\/patincarreravillamirasol2025-7.jpg","contentUrl":"https:\/\/diariotextual.com\/inicio\/wp-content\/uploads\/2025\/03\/patincarreravillamirasol2025-7.jpg","width":1200,"height":728},{"@type":"BreadcrumbList","@id":"https:\/\/diariotextual.com\/inicio\/index.php\/2025\/03\/22\/presentan-la-primera-pista-de-patin-carrera-oficial-de-la-pampa-en-villa-mirasol\/#breadcrumb","itemListElement":[{"@type":"ListItem","position":1,"name":"Portada","item":"https:\/\/diariotextual.com\/inicio\/"},{"@type":"ListItem","position":2,"name":"Presentan la primera pista de pat\u00edn carrera oficial de La Pampa en Villa Mirasol"}]},{"@type":"WebSite","@id":"https:\/\/diariotextual.com\/inicio\/#website","url":"https:\/\/diariotextual.com\/inicio\/","name":"Diario Textual","description":"","publisher":{"@id":"https:\/\/diariotextual.com\/inicio\/#organization"},"potentialAction":[{"@type":"SearchAction","target":{"@type":"EntryPoint","urlTemplate":"https:\/\/diariotextual.com\/inicio\/?s={search_term_string}"},"query-input":{"@type":"PropertyValueSpecification","valueRequired":true,"valueName":"search_term_string"}}],"inLanguage":"es"},{"@type":"Organization","@id":"https:\/\/diariotextual.com\/inicio\/#organization","name":"Diario Textual","url":"https:\/\/diariotextual.com\/inicio\/","logo":{"@type":"ImageObject","inLanguage":"es","@id":"https:\/\/diariotextual.com\/inicio\/#\/schema\/logo\/image\/","url":"https:\/\/diariotextual.com\/inicio\/wp-content\/uploads\/2023\/05\/logotextual1.jpg","contentUrl":"https:\/\/diariotextual.com\/inicio\/wp-content\/uploads\/2023\/05\/logotextual1.jpg","width":516,"height":76,"caption":"Diario Textual"},"image":{"@id":"https:\/\/diariotextual.com\/inicio\/#\/schema\/logo\/image\/"},"sameAs":["https:\/\/www.facebook.com\/eltextual","https:\/\/x.com\/eltextual","http:\/\/www.instagram.com\/eltextual"]},{"@type":"Person","@id":"https:\/\/diariotextual.com\/inicio\/#\/schema\/person\/418fc4093c33e86ed41562db3508f958","name":"Diario1 Diario1","image":{"@type":"ImageObject","inLanguage":"es","@id":"https:\/\/secure.gravatar.com\/avatar\/9167d280179c85bc18be67aa7eda765854300033af4896dd779b608640f2ef7a?s=96&d=mm&r=g","url":"https:\/\/secure.gravatar.com\/avatar\/9167d280179c85bc18be67aa7eda765854300033af4896dd779b608640f2ef7a?s=96&d=mm&r=g","contentUrl":"https:\/\/secure.gravatar.com\/avatar\/9167d280179c85bc18be67aa7eda765854300033af4896dd779b608640f2ef7a?s=96&d=mm&r=g","caption":"Diario1 Diario1"},"url":"https:\/\/diariotextual.com\/inicio\/index.php\/author\/diario1\/"}]}},"_links":{"self":[{"href":"https:\/\/diariotextual.com\/inicio\/index.php\/wp-json\/wp\/v2\/posts\/292166","targetHints":{"allow":["GET"]}}],"collection":[{"href":"https:\/\/diariotextual.com\/inicio\/index.php\/wp-json\/wp\/v2\/posts"}],"about":[{"href":"https:\/\/diariotextual.com\/inicio\/index.php\/wp-json\/wp\/v2\/types\/post"}],"author":[{"embeddable":true,"href":"https:\/\/diariotextual.com\/inicio\/index.php\/wp-json\/wp\/v2\/users\/3"}],"replies":[{"embeddable":true,"href":"https:\/\/diariotextual.com\/inicio\/index.php\/wp-json\/wp\/v2\/comments?post=292166"}],"version-history":[{"count":2,"href":"https:\/\/diariotextual.com\/inicio\/index.php\/wp-json\/wp\/v2\/posts\/292166\/revisions"}],"predecessor-version":[{"id":292168,"href":"https:\/\/diariotextual.com\/inicio\/index.php\/wp-json\/wp\/v2\/posts\/292166\/revisions\/292168"}],"wp:featuredmedia":[{"embeddable":true,"href":"https:\/\/diariotextual.com\/inicio\/index.php\/wp-json\/wp\/v2\/media\/292169"}],"wp:attachment":[{"href":"https:\/\/diariotextual.com\/inicio\/index.php\/wp-json\/wp\/v2\/media?parent=292166"}],"wp:term":[{"taxonomy":"category","embeddable":true,"href":"https:\/\/diariotextual.com\/inicio\/index.php\/wp-json\/wp\/v2\/categories?post=292166"},{"taxonomy":"post_tag","embeddable":true,"href":"https:\/\/diariotextual.com\/inicio\/index.php\/wp-json\/wp\/v2\/tags?post=292166"}],"curies":[{"name":"wp","href":"https:\/\/api.w.org\/{rel}","templated":true}]}}