{"id":292295,"date":"2025-03-25T07:16:34","date_gmt":"2025-03-25T10:16:34","guid":{"rendered":"https:\/\/diariotextual.com\/inicio\/?p=292295"},"modified":"2025-03-25T19:32:28","modified_gmt":"2025-03-25T22:32:28","slug":"argentina-quiere-sellar-su-boleto-al-mundial-2026-en-el-clasico-ante-brasil","status":"publish","type":"post","link":"https:\/\/diariotextual.com\/inicio\/index.php\/2025\/03\/25\/argentina-quiere-sellar-su-boleto-al-mundial-2026-en-el-clasico-ante-brasil\/","title":{"rendered":"Argentina quiere sellar su boleto al Mundial 2026 en el cl\u00e1sico ante Brasil"},"content":{"rendered":"\n<p>La&nbsp;<strong>Selecci\u00f3n argentina<\/strong>&nbsp;buscar\u00e1 este martes un triunfo ante&nbsp;<strong>Brasil&nbsp;<\/strong>en el cl\u00e1sico, en N\u00fa\u00f1ez, para sellar su clasificaci\u00f3n al&nbsp;<strong>Mundial 2026<\/strong>, en el marco de la decimocuarta fecha de las<strong>&nbsp;Eliminatorias Sudamericanas<\/strong>.<\/p>\n\n\n\n<p>El encuentro tendr\u00e1 lugar en el estadio Monumental desde las 21 con el arbitraje del colombiano Andr\u00e9s Rojas Noguera y contar\u00e1 con la televisaci\u00f3n de DSports, TyC Sports y Telefe.<\/p>\n\n\n\n<p>Argentina viene de vencer a Uruguay en el cl\u00e1sico del R\u00edo de La Plata por 1-0, resultado que lo dej\u00f3 a un paso de la clasificaci\u00f3n directa a la Copa del Mundo en Estados Unidos, M\u00e9xico y Canad\u00e1 2026.<\/p>\n\n\n\n<p>Para este encuentro,<strong>&nbsp;Lionel Scaloni podr\u00e1 contar con todos los convocados salvo Nicol\u00e1s Gonz\u00e1lez, que fue expulsado ante la \u00abCeleste\u00bb<\/strong>. Adem\u00e1s, ya recuper\u00f3 a Juan Foyth y a Rodrigo De Paul, quien volver\u00eda a la titularidad en lugar de Leandro Paredes.<\/p>\n\n\n\n<p>Por su parte, Brasil viene de superar de forma ag\u00f3nica a Colombia por 2-1 y quiere amargarle la fiesta a la \u00abScaloneta\u00bb y acomodarse en los puestos clasificatorias para sellar su participaci\u00f3n en el pr\u00f3ximo Mundial lo antes posible tras unas Eliminatorias irregulares.<\/p>\n\n\n\n<p>La \u00abVerdeamarella\u00bb se ubica tercera con 21 unidades, un triunfo lo dejar\u00e1 a un paso del objetivo, por ello, el entrenador Dorival J\u00fanior confirm\u00f3 que el equipo tendr\u00e1 varias variantes obligadas en el arco, defensa y mediocampo, y tambi\u00e9n modificar\u00e1 el lateral derecho y el ataque.<\/p>\n\n\n\n<p>Las siguientes son las probables formaciones y otros detalles del encuentro:<\/p>\n\n\n\n<p>&nbsp;Eliminatorias Sudamericanas.<br>&nbsp; Fecha 14.<br>&nbsp; Argentina &#8211; Brasil.<br>&nbsp; Estadio: Monumental.<br>&nbsp; \u00c1rbitro: Andr\u00e9s Rojas Noguera (Colombia).<br>&nbsp; Hora de inicio: 21. TV: DSports, TyC Sports y Telefe.<\/p>\n\n\n\n<p>Argentina: Emiliano Mart\u00ednez; Nahuel Molina, Cristian Romero, Nicol\u00e1s Otamendi, Nicol\u00e1s Tagliafico; Enzo Fern\u00e1ndez, Alexis Mac Allister, Thiago Almada, Rodrigo De Paul; Giuliano Simeone y Juli\u00e1n \u00c1lvarez. DT: Lionel Scaloni.<\/p>\n\n\n\n<p>Brasil: &nbsp;Bento; Wesley, Marquinhos, Murillo, Guilherme Arana; Andr\u00e9, Joelinton, Rodrygo; Raphinha, Matheus Cunha y Vinicius Junior. DT: Dorival J\u00fanior&nbsp;<\/p>\n","protected":false},"excerpt":{"rendered":"<p>La&nbsp;Selecci\u00f3n argentina&nbsp;buscar\u00e1 este martes un triunfo ante&nbsp;Brasil&nbsp;en el cl\u00e1sico, en N\u00fa\u00f1ez, para sellar su clasificaci\u00f3n al&nbsp;Mundial 2026, en el marco de la decimocuarta fecha de las&nbsp;Eliminatorias Sudamericanas. El encuentro tendr\u00e1&hellip;<\/p>\n","protected":false},"author":3,"featured_media":269900,"comment_status":"closed","ping_status":"open","sticky":false,"template":"","format":"standard","meta":{"_acf_changed":false,"footnotes":""},"categories":[4,3],"tags":[],"class_list":["post-292295","post","type-post","status-publish","format-standard","has-post-thumbnail","hentry","category-destacadas","category-deportes"],"acf":[],"yoast_head":"<!-- This site is optimized with the Yoast SEO plugin v27.4 - https:\/\/yoast.com\/product\/yoast-seo-wordpress\/ -->\n<title>Argentina quiere sellar su boleto al Mundial 2026 en el cl\u00e1sico ante Brasil - Diario Textual<\/title>\n<meta name=\"robots\" content=\"index, follow, max-snippet:-1, max-image-preview:large, max-video-preview:-1\" \/>\n<link rel=\"canonical\" href=\"https:\/\/diariotextual.com\/inicio\/index.php\/2025\/03\/25\/argentina-quiere-sellar-su-boleto-al-mundial-2026-en-el-clasico-ante-brasil\/\" \/>\n<meta property=\"og:locale\" content=\"es_ES\" \/>\n<meta property=\"og:type\" content=\"article\" \/>\n<meta property=\"og:title\" content=\"Argentina quiere sellar su boleto al Mundial 2026 en el cl\u00e1sico ante Brasil - Diario Textual\" \/>\n<meta property=\"og:description\" content=\"La&nbsp;Selecci\u00f3n argentina&nbsp;buscar\u00e1 este martes un triunfo ante&nbsp;Brasil&nbsp;en el cl\u00e1sico, en N\u00fa\u00f1ez, para sellar su clasificaci\u00f3n al&nbsp;Mundial 2026, en el marco de la decimocuarta fecha de las&nbsp;Eliminatorias Sudamericanas. El encuentro tendr\u00e1&hellip;\" \/>\n<meta property=\"og:url\" content=\"https:\/\/diariotextual.com\/inicio\/index.php\/2025\/03\/25\/argentina-quiere-sellar-su-boleto-al-mundial-2026-en-el-clasico-ante-brasil\/\" \/>\n<meta property=\"og:site_name\" content=\"Diario Textual\" \/>\n<meta property=\"article:publisher\" content=\"https:\/\/www.facebook.com\/eltextual\" \/>\n<meta property=\"article:published_time\" content=\"2025-03-25T10:16:34+00:00\" \/>\n<meta property=\"article:modified_time\" content=\"2025-03-25T22:32:28+00:00\" \/>\n<meta property=\"og:image\" content=\"https:\/\/diariotextual.com\/inicio\/wp-content\/uploads\/2024\/07\/fernandezenzoseleccionargentina2024-1.jpg\" \/>\n\t<meta property=\"og:image:width\" content=\"1116\" \/>\n\t<meta property=\"og:image:height\" content=\"760\" \/>\n\t<meta property=\"og:image:type\" content=\"image\/jpeg\" \/>\n<meta name=\"author\" content=\"Diario1 Diario1\" \/>\n<meta name=\"twitter:card\" content=\"summary_large_image\" \/>\n<meta name=\"twitter:creator\" content=\"@eltextual\" \/>\n<meta name=\"twitter:site\" content=\"@eltextual\" \/>\n<meta name=\"twitter:label1\" content=\"Escrito por\" \/>\n\t<meta name=\"twitter:data1\" content=\"Diario1 Diario1\" \/>\n\t<meta name=\"twitter:label2\" content=\"Tiempo de lectura\" \/>\n\t<meta name=\"twitter:data2\" content=\"2 minutos\" \/>\n<script type=\"application\/ld+json\" class=\"yoast-schema-graph\">{\"@context\":\"https:\\\/\\\/schema.org\",\"@graph\":[{\"@type\":\"Article\",\"@id\":\"https:\\\/\\\/diariotextual.com\\\/inicio\\\/index.php\\\/2025\\\/03\\\/25\\\/argentina-quiere-sellar-su-boleto-al-mundial-2026-en-el-clasico-ante-brasil\\\/#article\",\"isPartOf\":{\"@id\":\"https:\\\/\\\/diariotextual.com\\\/inicio\\\/index.php\\\/2025\\\/03\\\/25\\\/argentina-quiere-sellar-su-boleto-al-mundial-2026-en-el-clasico-ante-brasil\\\/\"},\"author\":{\"name\":\"Diario1 Diario1\",\"@id\":\"https:\\\/\\\/diariotextual.com\\\/inicio\\\/#\\\/schema\\\/person\\\/418fc4093c33e86ed41562db3508f958\"},\"headline\":\"Argentina quiere sellar su boleto al Mundial 2026 en el cl\u00e1sico ante Brasil\",\"datePublished\":\"2025-03-25T10:16:34+00:00\",\"dateModified\":\"2025-03-25T22:32:28+00:00\",\"mainEntityOfPage\":{\"@id\":\"https:\\\/\\\/diariotextual.com\\\/inicio\\\/index.php\\\/2025\\\/03\\\/25\\\/argentina-quiere-sellar-su-boleto-al-mundial-2026-en-el-clasico-ante-brasil\\\/\"},\"wordCount\":363,\"publisher\":{\"@id\":\"https:\\\/\\\/diariotextual.com\\\/inicio\\\/#organization\"},\"image\":{\"@id\":\"https:\\\/\\\/diariotextual.com\\\/inicio\\\/index.php\\\/2025\\\/03\\\/25\\\/argentina-quiere-sellar-su-boleto-al-mundial-2026-en-el-clasico-ante-brasil\\\/#primaryimage\"},\"thumbnailUrl\":\"https:\\\/\\\/diariotextual.com\\\/inicio\\\/wp-content\\\/uploads\\\/2024\\\/07\\\/fernandezenzoseleccionargentina2024-1.jpg\",\"articleSection\":[\"A - DESTACADAS (mod 16)\",\"DEPORTES\"],\"inLanguage\":\"es\"},{\"@type\":\"WebPage\",\"@id\":\"https:\\\/\\\/diariotextual.com\\\/inicio\\\/index.php\\\/2025\\\/03\\\/25\\\/argentina-quiere-sellar-su-boleto-al-mundial-2026-en-el-clasico-ante-brasil\\\/\",\"url\":\"https:\\\/\\\/diariotextual.com\\\/inicio\\\/index.php\\\/2025\\\/03\\\/25\\\/argentina-quiere-sellar-su-boleto-al-mundial-2026-en-el-clasico-ante-brasil\\\/\",\"name\":\"Argentina quiere sellar su boleto al Mundial 2026 en el cl\u00e1sico ante Brasil - Diario Textual\",\"isPartOf\":{\"@id\":\"https:\\\/\\\/diariotextual.com\\\/inicio\\\/#website\"},\"primaryImageOfPage\":{\"@id\":\"https:\\\/\\\/diariotextual.com\\\/inicio\\\/index.php\\\/2025\\\/03\\\/25\\\/argentina-quiere-sellar-su-boleto-al-mundial-2026-en-el-clasico-ante-brasil\\\/#primaryimage\"},\"image\":{\"@id\":\"https:\\\/\\\/diariotextual.com\\\/inicio\\\/index.php\\\/2025\\\/03\\\/25\\\/argentina-quiere-sellar-su-boleto-al-mundial-2026-en-el-clasico-ante-brasil\\\/#primaryimage\"},\"thumbnailUrl\":\"https:\\\/\\\/diariotextual.com\\\/inicio\\\/wp-content\\\/uploads\\\/2024\\\/07\\\/fernandezenzoseleccionargentina2024-1.jpg\",\"datePublished\":\"2025-03-25T10:16:34+00:00\",\"dateModified\":\"2025-03-25T22:32:28+00:00\",\"breadcrumb\":{\"@id\":\"https:\\\/\\\/diariotextual.com\\\/inicio\\\/index.php\\\/2025\\\/03\\\/25\\\/argentina-quiere-sellar-su-boleto-al-mundial-2026-en-el-clasico-ante-brasil\\\/#breadcrumb\"},\"inLanguage\":\"es\",\"potentialAction\":[{\"@type\":\"ReadAction\",\"target\":[\"https:\\\/\\\/diariotextual.com\\\/inicio\\\/index.php\\\/2025\\\/03\\\/25\\\/argentina-quiere-sellar-su-boleto-al-mundial-2026-en-el-clasico-ante-brasil\\\/\"]}]},{\"@type\":\"ImageObject\",\"inLanguage\":\"es\",\"@id\":\"https:\\\/\\\/diariotextual.com\\\/inicio\\\/index.php\\\/2025\\\/03\\\/25\\\/argentina-quiere-sellar-su-boleto-al-mundial-2026-en-el-clasico-ante-brasil\\\/#primaryimage\",\"url\":\"https:\\\/\\\/diariotextual.com\\\/inicio\\\/wp-content\\\/uploads\\\/2024\\\/07\\\/fernandezenzoseleccionargentina2024-1.jpg\",\"contentUrl\":\"https:\\\/\\\/diariotextual.com\\\/inicio\\\/wp-content\\\/uploads\\\/2024\\\/07\\\/fernandezenzoseleccionargentina2024-1.jpg\",\"width\":1116,\"height\":760},{\"@type\":\"BreadcrumbList\",\"@id\":\"https:\\\/\\\/diariotextual.com\\\/inicio\\\/index.php\\\/2025\\\/03\\\/25\\\/argentina-quiere-sellar-su-boleto-al-mundial-2026-en-el-clasico-ante-brasil\\\/#breadcrumb\",\"itemListElement\":[{\"@type\":\"ListItem\",\"position\":1,\"name\":\"Portada\",\"item\":\"https:\\\/\\\/diariotextual.com\\\/inicio\\\/\"},{\"@type\":\"ListItem\",\"position\":2,\"name\":\"Argentina quiere sellar su boleto al Mundial 2026 en el cl\u00e1sico ante Brasil\"}]},{\"@type\":\"WebSite\",\"@id\":\"https:\\\/\\\/diariotextual.com\\\/inicio\\\/#website\",\"url\":\"https:\\\/\\\/diariotextual.com\\\/inicio\\\/\",\"name\":\"Diario Textual\",\"description\":\"\",\"publisher\":{\"@id\":\"https:\\\/\\\/diariotextual.com\\\/inicio\\\/#organization\"},\"potentialAction\":[{\"@type\":\"SearchAction\",\"target\":{\"@type\":\"EntryPoint\",\"urlTemplate\":\"https:\\\/\\\/diariotextual.com\\\/inicio\\\/?s={search_term_string}\"},\"query-input\":{\"@type\":\"PropertyValueSpecification\",\"valueRequired\":true,\"valueName\":\"search_term_string\"}}],\"inLanguage\":\"es\"},{\"@type\":\"Organization\",\"@id\":\"https:\\\/\\\/diariotextual.com\\\/inicio\\\/#organization\",\"name\":\"Diario Textual\",\"url\":\"https:\\\/\\\/diariotextual.com\\\/inicio\\\/\",\"logo\":{\"@type\":\"ImageObject\",\"inLanguage\":\"es\",\"@id\":\"https:\\\/\\\/diariotextual.com\\\/inicio\\\/#\\\/schema\\\/logo\\\/image\\\/\",\"url\":\"https:\\\/\\\/diariotextual.com\\\/inicio\\\/wp-content\\\/uploads\\\/2023\\\/05\\\/logotextual1.jpg\",\"contentUrl\":\"https:\\\/\\\/diariotextual.com\\\/inicio\\\/wp-content\\\/uploads\\\/2023\\\/05\\\/logotextual1.jpg\",\"width\":516,\"height\":76,\"caption\":\"Diario Textual\"},\"image\":{\"@id\":\"https:\\\/\\\/diariotextual.com\\\/inicio\\\/#\\\/schema\\\/logo\\\/image\\\/\"},\"sameAs\":[\"https:\\\/\\\/www.facebook.com\\\/eltextual\",\"https:\\\/\\\/x.com\\\/eltextual\",\"http:\\\/\\\/www.instagram.com\\\/eltextual\"]},{\"@type\":\"Person\",\"@id\":\"https:\\\/\\\/diariotextual.com\\\/inicio\\\/#\\\/schema\\\/person\\\/418fc4093c33e86ed41562db3508f958\",\"name\":\"Diario1 Diario1\",\"image\":{\"@type\":\"ImageObject\",\"inLanguage\":\"es\",\"@id\":\"https:\\\/\\\/secure.gravatar.com\\\/avatar\\\/9167d280179c85bc18be67aa7eda765854300033af4896dd779b608640f2ef7a?s=96&d=mm&r=g\",\"url\":\"https:\\\/\\\/secure.gravatar.com\\\/avatar\\\/9167d280179c85bc18be67aa7eda765854300033af4896dd779b608640f2ef7a?s=96&d=mm&r=g\",\"contentUrl\":\"https:\\\/\\\/secure.gravatar.com\\\/avatar\\\/9167d280179c85bc18be67aa7eda765854300033af4896dd779b608640f2ef7a?s=96&d=mm&r=g\",\"caption\":\"Diario1 Diario1\"},\"url\":\"https:\\\/\\\/diariotextual.com\\\/inicio\\\/index.php\\\/author\\\/diario1\\\/\"}]}<\/script>\n<!-- \/ Yoast SEO plugin. -->","yoast_head_json":{"title":"Argentina quiere sellar su boleto al Mundial 2026 en el cl\u00e1sico ante Brasil - Diario Textual","robots":{"index":"index","follow":"follow","max-snippet":"max-snippet:-1","max-image-preview":"max-image-preview:large","max-video-preview":"max-video-preview:-1"},"canonical":"https:\/\/diariotextual.com\/inicio\/index.php\/2025\/03\/25\/argentina-quiere-sellar-su-boleto-al-mundial-2026-en-el-clasico-ante-brasil\/","og_locale":"es_ES","og_type":"article","og_title":"Argentina quiere sellar su boleto al Mundial 2026 en el cl\u00e1sico ante Brasil - Diario Textual","og_description":"La&nbsp;Selecci\u00f3n argentina&nbsp;buscar\u00e1 este martes un triunfo ante&nbsp;Brasil&nbsp;en el cl\u00e1sico, en N\u00fa\u00f1ez, para sellar su clasificaci\u00f3n al&nbsp;Mundial 2026, en el marco de la decimocuarta fecha de las&nbsp;Eliminatorias Sudamericanas. El encuentro tendr\u00e1&hellip;","og_url":"https:\/\/diariotextual.com\/inicio\/index.php\/2025\/03\/25\/argentina-quiere-sellar-su-boleto-al-mundial-2026-en-el-clasico-ante-brasil\/","og_site_name":"Diario Textual","article_publisher":"https:\/\/www.facebook.com\/eltextual","article_published_time":"2025-03-25T10:16:34+00:00","article_modified_time":"2025-03-25T22:32:28+00:00","og_image":[{"width":1116,"height":760,"url":"https:\/\/diariotextual.com\/inicio\/wp-content\/uploads\/2024\/07\/fernandezenzoseleccionargentina2024-1.jpg","type":"image\/jpeg"}],"author":"Diario1 Diario1","twitter_card":"summary_large_image","twitter_creator":"@eltextual","twitter_site":"@eltextual","twitter_misc":{"Escrito por":"Diario1 Diario1","Tiempo de lectura":"2 minutos"},"schema":{"@context":"https:\/\/schema.org","@graph":[{"@type":"Article","@id":"https:\/\/diariotextual.com\/inicio\/index.php\/2025\/03\/25\/argentina-quiere-sellar-su-boleto-al-mundial-2026-en-el-clasico-ante-brasil\/#article","isPartOf":{"@id":"https:\/\/diariotextual.com\/inicio\/index.php\/2025\/03\/25\/argentina-quiere-sellar-su-boleto-al-mundial-2026-en-el-clasico-ante-brasil\/"},"author":{"name":"Diario1 Diario1","@id":"https:\/\/diariotextual.com\/inicio\/#\/schema\/person\/418fc4093c33e86ed41562db3508f958"},"headline":"Argentina quiere sellar su boleto al Mundial 2026 en el cl\u00e1sico ante Brasil","datePublished":"2025-03-25T10:16:34+00:00","dateModified":"2025-03-25T22:32:28+00:00","mainEntityOfPage":{"@id":"https:\/\/diariotextual.com\/inicio\/index.php\/2025\/03\/25\/argentina-quiere-sellar-su-boleto-al-mundial-2026-en-el-clasico-ante-brasil\/"},"wordCount":363,"publisher":{"@id":"https:\/\/diariotextual.com\/inicio\/#organization"},"image":{"@id":"https:\/\/diariotextual.com\/inicio\/index.php\/2025\/03\/25\/argentina-quiere-sellar-su-boleto-al-mundial-2026-en-el-clasico-ante-brasil\/#primaryimage"},"thumbnailUrl":"https:\/\/diariotextual.com\/inicio\/wp-content\/uploads\/2024\/07\/fernandezenzoseleccionargentina2024-1.jpg","articleSection":["A - DESTACADAS (mod 16)","DEPORTES"],"inLanguage":"es"},{"@type":"WebPage","@id":"https:\/\/diariotextual.com\/inicio\/index.php\/2025\/03\/25\/argentina-quiere-sellar-su-boleto-al-mundial-2026-en-el-clasico-ante-brasil\/","url":"https:\/\/diariotextual.com\/inicio\/index.php\/2025\/03\/25\/argentina-quiere-sellar-su-boleto-al-mundial-2026-en-el-clasico-ante-brasil\/","name":"Argentina quiere sellar su boleto al Mundial 2026 en el cl\u00e1sico ante Brasil - Diario Textual","isPartOf":{"@id":"https:\/\/diariotextual.com\/inicio\/#website"},"primaryImageOfPage":{"@id":"https:\/\/diariotextual.com\/inicio\/index.php\/2025\/03\/25\/argentina-quiere-sellar-su-boleto-al-mundial-2026-en-el-clasico-ante-brasil\/#primaryimage"},"image":{"@id":"https:\/\/diariotextual.com\/inicio\/index.php\/2025\/03\/25\/argentina-quiere-sellar-su-boleto-al-mundial-2026-en-el-clasico-ante-brasil\/#primaryimage"},"thumbnailUrl":"https:\/\/diariotextual.com\/inicio\/wp-content\/uploads\/2024\/07\/fernandezenzoseleccionargentina2024-1.jpg","datePublished":"2025-03-25T10:16:34+00:00","dateModified":"2025-03-25T22:32:28+00:00","breadcrumb":{"@id":"https:\/\/diariotextual.com\/inicio\/index.php\/2025\/03\/25\/argentina-quiere-sellar-su-boleto-al-mundial-2026-en-el-clasico-ante-brasil\/#breadcrumb"},"inLanguage":"es","potentialAction":[{"@type":"ReadAction","target":["https:\/\/diariotextual.com\/inicio\/index.php\/2025\/03\/25\/argentina-quiere-sellar-su-boleto-al-mundial-2026-en-el-clasico-ante-brasil\/"]}]},{"@type":"ImageObject","inLanguage":"es","@id":"https:\/\/diariotextual.com\/inicio\/index.php\/2025\/03\/25\/argentina-quiere-sellar-su-boleto-al-mundial-2026-en-el-clasico-ante-brasil\/#primaryimage","url":"https:\/\/diariotextual.com\/inicio\/wp-content\/uploads\/2024\/07\/fernandezenzoseleccionargentina2024-1.jpg","contentUrl":"https:\/\/diariotextual.com\/inicio\/wp-content\/uploads\/2024\/07\/fernandezenzoseleccionargentina2024-1.jpg","width":1116,"height":760},{"@type":"BreadcrumbList","@id":"https:\/\/diariotextual.com\/inicio\/index.php\/2025\/03\/25\/argentina-quiere-sellar-su-boleto-al-mundial-2026-en-el-clasico-ante-brasil\/#breadcrumb","itemListElement":[{"@type":"ListItem","position":1,"name":"Portada","item":"https:\/\/diariotextual.com\/inicio\/"},{"@type":"ListItem","position":2,"name":"Argentina quiere sellar su boleto al Mundial 2026 en el cl\u00e1sico ante Brasil"}]},{"@type":"WebSite","@id":"https:\/\/diariotextual.com\/inicio\/#website","url":"https:\/\/diariotextual.com\/inicio\/","name":"Diario Textual","description":"","publisher":{"@id":"https:\/\/diariotextual.com\/inicio\/#organization"},"potentialAction":[{"@type":"SearchAction","target":{"@type":"EntryPoint","urlTemplate":"https:\/\/diariotextual.com\/inicio\/?s={search_term_string}"},"query-input":{"@type":"PropertyValueSpecification","valueRequired":true,"valueName":"search_term_string"}}],"inLanguage":"es"},{"@type":"Organization","@id":"https:\/\/diariotextual.com\/inicio\/#organization","name":"Diario Textual","url":"https:\/\/diariotextual.com\/inicio\/","logo":{"@type":"ImageObject","inLanguage":"es","@id":"https:\/\/diariotextual.com\/inicio\/#\/schema\/logo\/image\/","url":"https:\/\/diariotextual.com\/inicio\/wp-content\/uploads\/2023\/05\/logotextual1.jpg","contentUrl":"https:\/\/diariotextual.com\/inicio\/wp-content\/uploads\/2023\/05\/logotextual1.jpg","width":516,"height":76,"caption":"Diario Textual"},"image":{"@id":"https:\/\/diariotextual.com\/inicio\/#\/schema\/logo\/image\/"},"sameAs":["https:\/\/www.facebook.com\/eltextual","https:\/\/x.com\/eltextual","http:\/\/www.instagram.com\/eltextual"]},{"@type":"Person","@id":"https:\/\/diariotextual.com\/inicio\/#\/schema\/person\/418fc4093c33e86ed41562db3508f958","name":"Diario1 Diario1","image":{"@type":"ImageObject","inLanguage":"es","@id":"https:\/\/secure.gravatar.com\/avatar\/9167d280179c85bc18be67aa7eda765854300033af4896dd779b608640f2ef7a?s=96&d=mm&r=g","url":"https:\/\/secure.gravatar.com\/avatar\/9167d280179c85bc18be67aa7eda765854300033af4896dd779b608640f2ef7a?s=96&d=mm&r=g","contentUrl":"https:\/\/secure.gravatar.com\/avatar\/9167d280179c85bc18be67aa7eda765854300033af4896dd779b608640f2ef7a?s=96&d=mm&r=g","caption":"Diario1 Diario1"},"url":"https:\/\/diariotextual.com\/inicio\/index.php\/author\/diario1\/"}]}},"_links":{"self":[{"href":"https:\/\/diariotextual.com\/inicio\/index.php\/wp-json\/wp\/v2\/posts\/292295","targetHints":{"allow":["GET"]}}],"collection":[{"href":"https:\/\/diariotextual.com\/inicio\/index.php\/wp-json\/wp\/v2\/posts"}],"about":[{"href":"https:\/\/diariotextual.com\/inicio\/index.php\/wp-json\/wp\/v2\/types\/post"}],"author":[{"embeddable":true,"href":"https:\/\/diariotextual.com\/inicio\/index.php\/wp-json\/wp\/v2\/users\/3"}],"replies":[{"embeddable":true,"href":"https:\/\/diariotextual.com\/inicio\/index.php\/wp-json\/wp\/v2\/comments?post=292295"}],"version-history":[{"count":2,"href":"https:\/\/diariotextual.com\/inicio\/index.php\/wp-json\/wp\/v2\/posts\/292295\/revisions"}],"predecessor-version":[{"id":292297,"href":"https:\/\/diariotextual.com\/inicio\/index.php\/wp-json\/wp\/v2\/posts\/292295\/revisions\/292297"}],"wp:featuredmedia":[{"embeddable":true,"href":"https:\/\/diariotextual.com\/inicio\/index.php\/wp-json\/wp\/v2\/media\/269900"}],"wp:attachment":[{"href":"https:\/\/diariotextual.com\/inicio\/index.php\/wp-json\/wp\/v2\/media?parent=292295"}],"wp:term":[{"taxonomy":"category","embeddable":true,"href":"https:\/\/diariotextual.com\/inicio\/index.php\/wp-json\/wp\/v2\/categories?post=292295"},{"taxonomy":"post_tag","embeddable":true,"href":"https:\/\/diariotextual.com\/inicio\/index.php\/wp-json\/wp\/v2\/tags?post=292295"}],"curies":[{"name":"wp","href":"https:\/\/api.w.org\/{rel}","templated":true}]}}