{"id":29233,"date":"2018-11-29T18:25:44","date_gmt":"2018-11-29T21:25:44","guid":{"rendered":"http:\/\/diariotextual.com\/inicio\/?p=29233"},"modified":"2018-11-30T09:01:00","modified_gmt":"2018-11-30T12:01:00","slug":"antenas-concejo-aprobo-mayoria-cobro-canon","status":"publish","type":"post","link":"https:\/\/diariotextual.com\/inicio\/index.php\/2018\/11\/29\/antenas-concejo-aprobo-mayoria-cobro-canon\/","title":{"rendered":"Antenas: el concejo aprob\u00f3, por mayor\u00eda, el cobro de un canon"},"content":{"rendered":"<p>El Concejo Deliberante de Santa Rosa aprob\u00f3, por mayor\u00eda, la creaci\u00f3n de un registro de antenas y el cobro del canon por las antenas instaladas a las empresas de telecomunicaciones a trav\u00e9s de dos ordenanzas.<\/p>\n<p>La iniciativa cont\u00f3 con el voto de Claudia Giorgis, Marcos Cuelle, Mar\u00eda Celia Ibarguren y F\u00e9lix Villatoro, del Frepam;\u00a0Miguel Bravo, de Radical en Cambiemos; y Roberto Torres, de Pueblo Nuevo. El PJ y el Frente para la Victoria votaron en contra.<\/p>\n<p>\u00abLo que estamos haciendo es transparentar un proceso que durante muchos a\u00f1os se armara un mapa de antenas en nuestra ciudad\u201d, dijo Giorgis.<\/p>\n<p>Inicialmente el Concejo Deliberante, por unanimidad hab\u00eda aprobado una ordenanza para permitir la instalaci\u00f3n de las antenas p\u00fablicas en espacios p\u00fablicos no consolidados. Sin embargo cosech\u00f3 resistencias, principalmente de la CPE Santra Rosa: denunci\u00f3 que era una ordenanza que beneficiaba a Telecom (propiedad del Grupo Clar\u00edn), la empresa de telefon\u00eda celular que ahora quiere competior con Claro y Movistar. De esa manera, la ordenanza se derog\u00f3. Pero durante el debate se conoci\u00f3 que hay cientos de antenas instaladas en la ciudad, de las que no hay registro y ni siquiera pagan un canon.<\/p>\n<p>\u201cCuando nosotros decimos un mapa decimos un mapa de grandes recaudaciones, de grandes ganancias de fundamentalmente grupos multinacionales que nada o muy poco han dejado a la ciudad\u201d, sostuvo Giorgis. \u201cPor lo tanto creemos que lo que se esta haciendo aqu\u00ed es un acto de justicia, un acto de dignidad para con el resto de los contribuyentes de la ciudad. Porque todos sabemos que cuando alguien va a poner su kiosco, o un almac\u00e9n o lo que fuere, tiene que pagar su tasa de habilitaci\u00f3n, todas sus tasas como contribuyente. Y resulta que estas compa\u00f1\u00edas que no tienen patria, que no les vemos la cara\u201d, asegur\u00f3.<\/p>\n<p>\u00abTodo esto -dijo Giorgis- ha sido una larga lucha que hoy el municipio se puede estar cumpliendo tambi\u00e9n un granito de arena cuando se comenz\u00f3 en el \u00e1rea de hacienda a intimar. Durante 18 a\u00f1os no se hab\u00edan hecho, un estado bobo, un estado complaciente, un estado que mir\u00f3 para otro lado. Empezamos a transparentar estas cosas, hay mucho todav\u00eda\u00a0para mejorar, pero creemos que hemos dado en el tema medular que es justamente ser honestos no solo con el municipio, ser honestos con la ciudad, creo que esto va a ser inclusive precursor\u201d.<\/p>\n<p>La concejal dijo que ya los han llamado de varias municipalidades. \u00abSe est\u00e1 plantando bandera. Plantear una situaci\u00f3n que existe por un lado y por otro cobrar lo justo a estos grupos que recaudan y gana n\u00fameros que no nos entran en nuestra cabeza tantos millones y millones. Pero si entra en nuestra cabeza, reci\u00e9n se hablaba de la necesidad de los vecinos tan sensible, lo que si entra en nuestras cabezas es que nos dejen en la ciudad lo que es justo\u201d, dijo.<\/p>\n<p>Giorgis fundament\u00f3 los dos proyectos: el cobro del c\u00e1non y la creaci\u00f3n del registro. Pidi\u00f3 actualizar la tarifa el\u00e9ctrica.\u00a0\u201cEsta din\u00e1mica lo que hace es que usemos el celular para todo, para comprar, para vender, para absolutamente todo. Entonces tambi\u00e9n es sorprendente que tengan una tarifa el\u00e9ctrica comercial igual a la de un kiosco, entonces el propio APE tendr\u00e1, con respecto a esto, modificar su normativa que es del a\u00f1o 81, cuando las empresas de celulares no exist\u00edan\u201d, dijo.<\/p>\n<p>Pidi\u00f3 que APE aplique una tarifa el\u00e9ctrica especial para este rubro tan millonario, que el cobro que se maneja con un este sistema de subsidios se aplique mayor tarifa a estas multinacionales y con eso se subsidie la tarifa a los comercios locales, pymes locales que tanto lo necesitan.<\/p>\n<p>&nbsp;<\/p>\n<p>&nbsp;<\/p>\n","protected":false},"excerpt":{"rendered":"<p>El Concejo Deliberante de Santa Rosa aprob\u00f3, por mayor\u00eda, la creaci\u00f3n de un registro de antenas y el cobro del canon por las antenas instaladas a las empresas de telecomunicaciones&hellip;<\/p>\n","protected":false},"author":3,"featured_media":21166,"comment_status":"closed","ping_status":"open","sticky":false,"template":"","format":"standard","meta":{"_acf_changed":false,"footnotes":""},"categories":[10,12],"tags":[],"class_list":["post-29233","post","type-post","status-publish","format-standard","has-post-thumbnail","hentry","category-portada-2","category-sociedad"],"acf":[],"yoast_head":"<!-- This site is optimized with the Yoast SEO plugin v27.5 - https:\/\/yoast.com\/product\/yoast-seo-wordpress\/ -->\n<title>Antenas: el concejo aprob\u00f3, por mayor\u00eda, el cobro de un canon - Diario Textual<\/title>\n<meta name=\"robots\" content=\"index, follow, max-snippet:-1, max-image-preview:large, max-video-preview:-1\" \/>\n<link rel=\"canonical\" href=\"https:\/\/diariotextual.com\/inicio\/index.php\/2018\/11\/29\/antenas-concejo-aprobo-mayoria-cobro-canon\/\" \/>\n<meta property=\"og:locale\" content=\"es_ES\" \/>\n<meta property=\"og:type\" content=\"article\" \/>\n<meta property=\"og:title\" content=\"Antenas: el concejo aprob\u00f3, por mayor\u00eda, el cobro de un canon - Diario Textual\" \/>\n<meta property=\"og:description\" content=\"El Concejo Deliberante de Santa Rosa aprob\u00f3, por mayor\u00eda, la creaci\u00f3n de un registro de antenas y el cobro del canon por las antenas instaladas a las empresas de telecomunicaciones&hellip;\" \/>\n<meta property=\"og:url\" content=\"https:\/\/diariotextual.com\/inicio\/index.php\/2018\/11\/29\/antenas-concejo-aprobo-mayoria-cobro-canon\/\" \/>\n<meta property=\"og:site_name\" content=\"Diario Textual\" \/>\n<meta property=\"article:publisher\" content=\"https:\/\/www.facebook.com\/eltextual\" \/>\n<meta property=\"article:published_time\" content=\"2018-11-29T21:25:44+00:00\" \/>\n<meta property=\"article:modified_time\" content=\"2018-11-30T12:01:00+00:00\" \/>\n<meta property=\"og:image\" content=\"https:\/\/diariotextual.com\/inicio\/wp-content\/uploads\/2018\/09\/antena444.jpg\" \/>\n\t<meta property=\"og:image:width\" content=\"626\" \/>\n\t<meta property=\"og:image:height\" content=\"354\" \/>\n\t<meta property=\"og:image:type\" content=\"image\/jpeg\" \/>\n<meta name=\"author\" content=\"Diario1 Diario1\" \/>\n<meta name=\"twitter:card\" content=\"summary_large_image\" \/>\n<meta name=\"twitter:creator\" content=\"@eltextual\" \/>\n<meta name=\"twitter:site\" content=\"@eltextual\" \/>\n<meta name=\"twitter:label1\" content=\"Escrito por\" \/>\n\t<meta name=\"twitter:data1\" content=\"Diario1 Diario1\" \/>\n\t<meta name=\"twitter:label2\" content=\"Tiempo de lectura\" \/>\n\t<meta name=\"twitter:data2\" content=\"3 minutos\" \/>\n<script type=\"application\/ld+json\" class=\"yoast-schema-graph\">{\"@context\":\"https:\\\/\\\/schema.org\",\"@graph\":[{\"@type\":\"Article\",\"@id\":\"https:\\\/\\\/diariotextual.com\\\/inicio\\\/index.php\\\/2018\\\/11\\\/29\\\/antenas-concejo-aprobo-mayoria-cobro-canon\\\/#article\",\"isPartOf\":{\"@id\":\"https:\\\/\\\/diariotextual.com\\\/inicio\\\/index.php\\\/2018\\\/11\\\/29\\\/antenas-concejo-aprobo-mayoria-cobro-canon\\\/\"},\"author\":{\"name\":\"Diario1 Diario1\",\"@id\":\"https:\\\/\\\/diariotextual.com\\\/inicio\\\/#\\\/schema\\\/person\\\/418fc4093c33e86ed41562db3508f958\"},\"headline\":\"Antenas: el concejo aprob\u00f3, por mayor\u00eda, el cobro de un canon\",\"datePublished\":\"2018-11-29T21:25:44+00:00\",\"dateModified\":\"2018-11-30T12:01:00+00:00\",\"mainEntityOfPage\":{\"@id\":\"https:\\\/\\\/diariotextual.com\\\/inicio\\\/index.php\\\/2018\\\/11\\\/29\\\/antenas-concejo-aprobo-mayoria-cobro-canon\\\/\"},\"wordCount\":648,\"publisher\":{\"@id\":\"https:\\\/\\\/diariotextual.com\\\/inicio\\\/#organization\"},\"image\":{\"@id\":\"https:\\\/\\\/diariotextual.com\\\/inicio\\\/index.php\\\/2018\\\/11\\\/29\\\/antenas-concejo-aprobo-mayoria-cobro-canon\\\/#primaryimage\"},\"thumbnailUrl\":\"https:\\\/\\\/diariotextual.com\\\/inicio\\\/wp-content\\\/uploads\\\/2018\\\/09\\\/antena444.jpg\",\"articleSection\":[\"A - PORTADA2\",\"SOCIEDAD\"],\"inLanguage\":\"es\"},{\"@type\":\"WebPage\",\"@id\":\"https:\\\/\\\/diariotextual.com\\\/inicio\\\/index.php\\\/2018\\\/11\\\/29\\\/antenas-concejo-aprobo-mayoria-cobro-canon\\\/\",\"url\":\"https:\\\/\\\/diariotextual.com\\\/inicio\\\/index.php\\\/2018\\\/11\\\/29\\\/antenas-concejo-aprobo-mayoria-cobro-canon\\\/\",\"name\":\"Antenas: el concejo aprob\u00f3, por mayor\u00eda, el cobro de un canon - Diario Textual\",\"isPartOf\":{\"@id\":\"https:\\\/\\\/diariotextual.com\\\/inicio\\\/#website\"},\"primaryImageOfPage\":{\"@id\":\"https:\\\/\\\/diariotextual.com\\\/inicio\\\/index.php\\\/2018\\\/11\\\/29\\\/antenas-concejo-aprobo-mayoria-cobro-canon\\\/#primaryimage\"},\"image\":{\"@id\":\"https:\\\/\\\/diariotextual.com\\\/inicio\\\/index.php\\\/2018\\\/11\\\/29\\\/antenas-concejo-aprobo-mayoria-cobro-canon\\\/#primaryimage\"},\"thumbnailUrl\":\"https:\\\/\\\/diariotextual.com\\\/inicio\\\/wp-content\\\/uploads\\\/2018\\\/09\\\/antena444.jpg\",\"datePublished\":\"2018-11-29T21:25:44+00:00\",\"dateModified\":\"2018-11-30T12:01:00+00:00\",\"breadcrumb\":{\"@id\":\"https:\\\/\\\/diariotextual.com\\\/inicio\\\/index.php\\\/2018\\\/11\\\/29\\\/antenas-concejo-aprobo-mayoria-cobro-canon\\\/#breadcrumb\"},\"inLanguage\":\"es\",\"potentialAction\":[{\"@type\":\"ReadAction\",\"target\":[\"https:\\\/\\\/diariotextual.com\\\/inicio\\\/index.php\\\/2018\\\/11\\\/29\\\/antenas-concejo-aprobo-mayoria-cobro-canon\\\/\"]}]},{\"@type\":\"ImageObject\",\"inLanguage\":\"es\",\"@id\":\"https:\\\/\\\/diariotextual.com\\\/inicio\\\/index.php\\\/2018\\\/11\\\/29\\\/antenas-concejo-aprobo-mayoria-cobro-canon\\\/#primaryimage\",\"url\":\"https:\\\/\\\/diariotextual.com\\\/inicio\\\/wp-content\\\/uploads\\\/2018\\\/09\\\/antena444.jpg\",\"contentUrl\":\"https:\\\/\\\/diariotextual.com\\\/inicio\\\/wp-content\\\/uploads\\\/2018\\\/09\\\/antena444.jpg\",\"width\":626,\"height\":354},{\"@type\":\"BreadcrumbList\",\"@id\":\"https:\\\/\\\/diariotextual.com\\\/inicio\\\/index.php\\\/2018\\\/11\\\/29\\\/antenas-concejo-aprobo-mayoria-cobro-canon\\\/#breadcrumb\",\"itemListElement\":[{\"@type\":\"ListItem\",\"position\":1,\"name\":\"Portada\",\"item\":\"https:\\\/\\\/diariotextual.com\\\/inicio\\\/\"},{\"@type\":\"ListItem\",\"position\":2,\"name\":\"Antenas: el concejo aprob\u00f3, por mayor\u00eda, el cobro de un canon\"}]},{\"@type\":\"WebSite\",\"@id\":\"https:\\\/\\\/diariotextual.com\\\/inicio\\\/#website\",\"url\":\"https:\\\/\\\/diariotextual.com\\\/inicio\\\/\",\"name\":\"Diario Textual\",\"description\":\"\",\"publisher\":{\"@id\":\"https:\\\/\\\/diariotextual.com\\\/inicio\\\/#organization\"},\"potentialAction\":[{\"@type\":\"SearchAction\",\"target\":{\"@type\":\"EntryPoint\",\"urlTemplate\":\"https:\\\/\\\/diariotextual.com\\\/inicio\\\/?s={search_term_string}\"},\"query-input\":{\"@type\":\"PropertyValueSpecification\",\"valueRequired\":true,\"valueName\":\"search_term_string\"}}],\"inLanguage\":\"es\"},{\"@type\":\"Organization\",\"@id\":\"https:\\\/\\\/diariotextual.com\\\/inicio\\\/#organization\",\"name\":\"Diario Textual\",\"url\":\"https:\\\/\\\/diariotextual.com\\\/inicio\\\/\",\"logo\":{\"@type\":\"ImageObject\",\"inLanguage\":\"es\",\"@id\":\"https:\\\/\\\/diariotextual.com\\\/inicio\\\/#\\\/schema\\\/logo\\\/image\\\/\",\"url\":\"https:\\\/\\\/diariotextual.com\\\/inicio\\\/wp-content\\\/uploads\\\/2023\\\/05\\\/logotextual1.jpg\",\"contentUrl\":\"https:\\\/\\\/diariotextual.com\\\/inicio\\\/wp-content\\\/uploads\\\/2023\\\/05\\\/logotextual1.jpg\",\"width\":516,\"height\":76,\"caption\":\"Diario Textual\"},\"image\":{\"@id\":\"https:\\\/\\\/diariotextual.com\\\/inicio\\\/#\\\/schema\\\/logo\\\/image\\\/\"},\"sameAs\":[\"https:\\\/\\\/www.facebook.com\\\/eltextual\",\"https:\\\/\\\/x.com\\\/eltextual\",\"http:\\\/\\\/www.instagram.com\\\/eltextual\"]},{\"@type\":\"Person\",\"@id\":\"https:\\\/\\\/diariotextual.com\\\/inicio\\\/#\\\/schema\\\/person\\\/418fc4093c33e86ed41562db3508f958\",\"name\":\"Diario1 Diario1\",\"image\":{\"@type\":\"ImageObject\",\"inLanguage\":\"es\",\"@id\":\"https:\\\/\\\/secure.gravatar.com\\\/avatar\\\/9167d280179c85bc18be67aa7eda765854300033af4896dd779b608640f2ef7a?s=96&d=mm&r=g\",\"url\":\"https:\\\/\\\/secure.gravatar.com\\\/avatar\\\/9167d280179c85bc18be67aa7eda765854300033af4896dd779b608640f2ef7a?s=96&d=mm&r=g\",\"contentUrl\":\"https:\\\/\\\/secure.gravatar.com\\\/avatar\\\/9167d280179c85bc18be67aa7eda765854300033af4896dd779b608640f2ef7a?s=96&d=mm&r=g\",\"caption\":\"Diario1 Diario1\"},\"url\":\"https:\\\/\\\/diariotextual.com\\\/inicio\\\/index.php\\\/author\\\/diario1\\\/\"}]}<\/script>\n<!-- \/ Yoast SEO plugin. -->","yoast_head_json":{"title":"Antenas: el concejo aprob\u00f3, por mayor\u00eda, el cobro de un canon - Diario Textual","robots":{"index":"index","follow":"follow","max-snippet":"max-snippet:-1","max-image-preview":"max-image-preview:large","max-video-preview":"max-video-preview:-1"},"canonical":"https:\/\/diariotextual.com\/inicio\/index.php\/2018\/11\/29\/antenas-concejo-aprobo-mayoria-cobro-canon\/","og_locale":"es_ES","og_type":"article","og_title":"Antenas: el concejo aprob\u00f3, por mayor\u00eda, el cobro de un canon - Diario Textual","og_description":"El Concejo Deliberante de Santa Rosa aprob\u00f3, por mayor\u00eda, la creaci\u00f3n de un registro de antenas y el cobro del canon por las antenas instaladas a las empresas de telecomunicaciones&hellip;","og_url":"https:\/\/diariotextual.com\/inicio\/index.php\/2018\/11\/29\/antenas-concejo-aprobo-mayoria-cobro-canon\/","og_site_name":"Diario Textual","article_publisher":"https:\/\/www.facebook.com\/eltextual","article_published_time":"2018-11-29T21:25:44+00:00","article_modified_time":"2018-11-30T12:01:00+00:00","og_image":[{"width":626,"height":354,"url":"https:\/\/diariotextual.com\/inicio\/wp-content\/uploads\/2018\/09\/antena444.jpg","type":"image\/jpeg"}],"author":"Diario1 Diario1","twitter_card":"summary_large_image","twitter_creator":"@eltextual","twitter_site":"@eltextual","twitter_misc":{"Escrito por":"Diario1 Diario1","Tiempo de lectura":"3 minutos"},"schema":{"@context":"https:\/\/schema.org","@graph":[{"@type":"Article","@id":"https:\/\/diariotextual.com\/inicio\/index.php\/2018\/11\/29\/antenas-concejo-aprobo-mayoria-cobro-canon\/#article","isPartOf":{"@id":"https:\/\/diariotextual.com\/inicio\/index.php\/2018\/11\/29\/antenas-concejo-aprobo-mayoria-cobro-canon\/"},"author":{"name":"Diario1 Diario1","@id":"https:\/\/diariotextual.com\/inicio\/#\/schema\/person\/418fc4093c33e86ed41562db3508f958"},"headline":"Antenas: el concejo aprob\u00f3, por mayor\u00eda, el cobro de un canon","datePublished":"2018-11-29T21:25:44+00:00","dateModified":"2018-11-30T12:01:00+00:00","mainEntityOfPage":{"@id":"https:\/\/diariotextual.com\/inicio\/index.php\/2018\/11\/29\/antenas-concejo-aprobo-mayoria-cobro-canon\/"},"wordCount":648,"publisher":{"@id":"https:\/\/diariotextual.com\/inicio\/#organization"},"image":{"@id":"https:\/\/diariotextual.com\/inicio\/index.php\/2018\/11\/29\/antenas-concejo-aprobo-mayoria-cobro-canon\/#primaryimage"},"thumbnailUrl":"https:\/\/diariotextual.com\/inicio\/wp-content\/uploads\/2018\/09\/antena444.jpg","articleSection":["A - PORTADA2","SOCIEDAD"],"inLanguage":"es"},{"@type":"WebPage","@id":"https:\/\/diariotextual.com\/inicio\/index.php\/2018\/11\/29\/antenas-concejo-aprobo-mayoria-cobro-canon\/","url":"https:\/\/diariotextual.com\/inicio\/index.php\/2018\/11\/29\/antenas-concejo-aprobo-mayoria-cobro-canon\/","name":"Antenas: el concejo aprob\u00f3, por mayor\u00eda, el cobro de un canon - Diario Textual","isPartOf":{"@id":"https:\/\/diariotextual.com\/inicio\/#website"},"primaryImageOfPage":{"@id":"https:\/\/diariotextual.com\/inicio\/index.php\/2018\/11\/29\/antenas-concejo-aprobo-mayoria-cobro-canon\/#primaryimage"},"image":{"@id":"https:\/\/diariotextual.com\/inicio\/index.php\/2018\/11\/29\/antenas-concejo-aprobo-mayoria-cobro-canon\/#primaryimage"},"thumbnailUrl":"https:\/\/diariotextual.com\/inicio\/wp-content\/uploads\/2018\/09\/antena444.jpg","datePublished":"2018-11-29T21:25:44+00:00","dateModified":"2018-11-30T12:01:00+00:00","breadcrumb":{"@id":"https:\/\/diariotextual.com\/inicio\/index.php\/2018\/11\/29\/antenas-concejo-aprobo-mayoria-cobro-canon\/#breadcrumb"},"inLanguage":"es","potentialAction":[{"@type":"ReadAction","target":["https:\/\/diariotextual.com\/inicio\/index.php\/2018\/11\/29\/antenas-concejo-aprobo-mayoria-cobro-canon\/"]}]},{"@type":"ImageObject","inLanguage":"es","@id":"https:\/\/diariotextual.com\/inicio\/index.php\/2018\/11\/29\/antenas-concejo-aprobo-mayoria-cobro-canon\/#primaryimage","url":"https:\/\/diariotextual.com\/inicio\/wp-content\/uploads\/2018\/09\/antena444.jpg","contentUrl":"https:\/\/diariotextual.com\/inicio\/wp-content\/uploads\/2018\/09\/antena444.jpg","width":626,"height":354},{"@type":"BreadcrumbList","@id":"https:\/\/diariotextual.com\/inicio\/index.php\/2018\/11\/29\/antenas-concejo-aprobo-mayoria-cobro-canon\/#breadcrumb","itemListElement":[{"@type":"ListItem","position":1,"name":"Portada","item":"https:\/\/diariotextual.com\/inicio\/"},{"@type":"ListItem","position":2,"name":"Antenas: el concejo aprob\u00f3, por mayor\u00eda, el cobro de un canon"}]},{"@type":"WebSite","@id":"https:\/\/diariotextual.com\/inicio\/#website","url":"https:\/\/diariotextual.com\/inicio\/","name":"Diario Textual","description":"","publisher":{"@id":"https:\/\/diariotextual.com\/inicio\/#organization"},"potentialAction":[{"@type":"SearchAction","target":{"@type":"EntryPoint","urlTemplate":"https:\/\/diariotextual.com\/inicio\/?s={search_term_string}"},"query-input":{"@type":"PropertyValueSpecification","valueRequired":true,"valueName":"search_term_string"}}],"inLanguage":"es"},{"@type":"Organization","@id":"https:\/\/diariotextual.com\/inicio\/#organization","name":"Diario Textual","url":"https:\/\/diariotextual.com\/inicio\/","logo":{"@type":"ImageObject","inLanguage":"es","@id":"https:\/\/diariotextual.com\/inicio\/#\/schema\/logo\/image\/","url":"https:\/\/diariotextual.com\/inicio\/wp-content\/uploads\/2023\/05\/logotextual1.jpg","contentUrl":"https:\/\/diariotextual.com\/inicio\/wp-content\/uploads\/2023\/05\/logotextual1.jpg","width":516,"height":76,"caption":"Diario Textual"},"image":{"@id":"https:\/\/diariotextual.com\/inicio\/#\/schema\/logo\/image\/"},"sameAs":["https:\/\/www.facebook.com\/eltextual","https:\/\/x.com\/eltextual","http:\/\/www.instagram.com\/eltextual"]},{"@type":"Person","@id":"https:\/\/diariotextual.com\/inicio\/#\/schema\/person\/418fc4093c33e86ed41562db3508f958","name":"Diario1 Diario1","image":{"@type":"ImageObject","inLanguage":"es","@id":"https:\/\/secure.gravatar.com\/avatar\/9167d280179c85bc18be67aa7eda765854300033af4896dd779b608640f2ef7a?s=96&d=mm&r=g","url":"https:\/\/secure.gravatar.com\/avatar\/9167d280179c85bc18be67aa7eda765854300033af4896dd779b608640f2ef7a?s=96&d=mm&r=g","contentUrl":"https:\/\/secure.gravatar.com\/avatar\/9167d280179c85bc18be67aa7eda765854300033af4896dd779b608640f2ef7a?s=96&d=mm&r=g","caption":"Diario1 Diario1"},"url":"https:\/\/diariotextual.com\/inicio\/index.php\/author\/diario1\/"}]}},"_links":{"self":[{"href":"https:\/\/diariotextual.com\/inicio\/index.php\/wp-json\/wp\/v2\/posts\/29233","targetHints":{"allow":["GET"]}}],"collection":[{"href":"https:\/\/diariotextual.com\/inicio\/index.php\/wp-json\/wp\/v2\/posts"}],"about":[{"href":"https:\/\/diariotextual.com\/inicio\/index.php\/wp-json\/wp\/v2\/types\/post"}],"author":[{"embeddable":true,"href":"https:\/\/diariotextual.com\/inicio\/index.php\/wp-json\/wp\/v2\/users\/3"}],"replies":[{"embeddable":true,"href":"https:\/\/diariotextual.com\/inicio\/index.php\/wp-json\/wp\/v2\/comments?post=29233"}],"version-history":[{"count":1,"href":"https:\/\/diariotextual.com\/inicio\/index.php\/wp-json\/wp\/v2\/posts\/29233\/revisions"}],"predecessor-version":[{"id":29236,"href":"https:\/\/diariotextual.com\/inicio\/index.php\/wp-json\/wp\/v2\/posts\/29233\/revisions\/29236"}],"wp:featuredmedia":[{"embeddable":true,"href":"https:\/\/diariotextual.com\/inicio\/index.php\/wp-json\/wp\/v2\/media\/21166"}],"wp:attachment":[{"href":"https:\/\/diariotextual.com\/inicio\/index.php\/wp-json\/wp\/v2\/media?parent=29233"}],"wp:term":[{"taxonomy":"category","embeddable":true,"href":"https:\/\/diariotextual.com\/inicio\/index.php\/wp-json\/wp\/v2\/categories?post=29233"},{"taxonomy":"post_tag","embeddable":true,"href":"https:\/\/diariotextual.com\/inicio\/index.php\/wp-json\/wp\/v2\/tags?post=29233"}],"curies":[{"name":"wp","href":"https:\/\/api.w.org\/{rel}","templated":true}]}}