{"id":292369,"date":"2025-03-25T21:46:24","date_gmt":"2025-03-26T00:46:24","guid":{"rendered":"https:\/\/diariotextual.com\/inicio\/?p=292369"},"modified":"2025-03-26T07:38:15","modified_gmt":"2025-03-26T10:38:15","slug":"con-gol-de-alexis-la-seleccion-golea-a-brasil-por-las-eliminatorias","status":"publish","type":"post","link":"https:\/\/diariotextual.com\/inicio\/index.php\/2025\/03\/25\/con-gol-de-alexis-la-seleccion-golea-a-brasil-por-las-eliminatorias\/","title":{"rendered":"Con gol de Alexis Mac Allister, la Selecci\u00f3n apabull\u00f3 a Brasil"},"content":{"rendered":"\n<p>Despu\u00e9s de asegurarse la clasificaci\u00f3n al Mundial 2026 por el empate de Uruguay, la Selecci\u00f3n argentina gole\u00f3 con contundencia por 4 a 1 a Brasil por las Eliminatorias Sudamericanas.<\/p>\n\n\n\n<p>Con los goles de Juli\u00e1n \u00c1lvarez a los cuatro minutos, Enzo Fern\u00e1ndez a los 12, Alexis a los 37, en el primer tiempo, y Giuliano Simeone a los 26 del segundo, el equipo argentino celebr\u00f3 ante su gente la clasificaci\u00f3n al Mundial de Estados Unidos, Canad\u00e1 y M\u00e9xico 2026 y el gran desempe\u00f1o de los jugadores ante Brasil, a\u00fan sin Lionel Messi en cancha.<\/p>\n\n\n\n<p>El conjunto dirigido por Lionel Scaloni consigui\u00f3 el ansiado pase al Mundial de Estados Unidos, Canad\u00e1 y M\u00e9xico 2026 sin jugar, ya que tras el empate sin goles entre Uruguay y Bolivia le otorg\u00f3 la clasificaci\u00f3n de manera directa.<\/p>\n\n\n\n<p>A los cuatro minutos del primer tiempo, Thiago Almada encontr\u00f3 un hueco entre los defensores centrales de Brasil y lo vio a Juli\u00e1n \u00c1lvarez, quien encar\u00f3 en el \u00e1rea y, tras una jugada que se ensuci\u00f3, estamp\u00f3 el 1 a 0 para Argentina con un sutil toque.<\/p>\n\n\n\n<p>Unos minutos m\u00e1s tarde, a los 12, el equipo sali\u00f3 con precisi\u00f3n del fondo del campo y tras una serie de pases en campo rival, el mediocampista del Chelsea Enzo Fern\u00e1ndez decret\u00f3 el 2 a 0 argentino ante un rival que no supo parar el asedio local.<\/p>\n\n\n\n<p>Pero a los 26 minutos, Brasil sac\u00f3 un contraataque que rompi\u00f3 el fondo argentino, y tras un error de Cristian Romero, Matheus Cunha convirti\u00f3 el descuento por 2 a 1 para Brasil.<\/p>\n\n\n\n<p>A falta de 10 minutos de la primera etapa, Fern\u00e1ndez le meti\u00f3 un pase magistral a Alexis Mac Allister, quien sell\u00f3 el 3 a 1 con un dominio claro del equipo argentino.<\/p>\n\n\n\n<p>Ya en el complemento, Brasil intent\u00f3 imponerse con los cambios en el entretiempo, pero el ingreso de Giuliano Simeone le dio otro aire y, tras un gran pase de Nicol\u00e1s Tagliafico, el atacante del Atl\u00e9tico de Madrid puso el 4 a 1 en apenas su tercer partido con la camiseta argentina.<\/p>\n\n\n\n<p>Las pr\u00f3ximas dos fechas de Eliminatorias ser\u00e1n el primer fin de semana de junio, cuando Argentina visite a Chile el mi\u00e9rcoles 4 y reciba a Colombia el lunes 9.<\/p>\n\n\n\n<p><\/p>\n\n\n\n<p><\/p>\n\n\n\n<p><\/p>\n\n\n\n<p><\/p>\n\n\n\n<blockquote class=\"twitter-tweet\"><p lang=\"es\" dir=\"ltr\">&#x1f3c6; <a href=\"https:\/\/twitter.com\/hashtag\/Eliminatorias?src=hash&amp;ref_src=twsrc%5Etfw\">#Eliminatorias<\/a> As\u00ed defini\u00f3 Juli\u00e1n \u00c1lvarez para abrir el marcador.<a href=\"https:\/\/t.co\/GZf9P226BK\">pic.twitter.com\/GZf9P226BK<\/a><\/p>&mdash; &#x1f1e6;&#x1f1f7; Selecci\u00f3n Argentina &#x2b50;&#x2b50;&#x2b50; (@Argentina) <a href=\"https:\/\/twitter.com\/Argentina\/status\/1904693495241335169?ref_src=twsrc%5Etfw\">March 26, 2025<\/a><\/blockquote> <script async src=\"https:\/\/platform.twitter.com\/widgets.js\" charset=\"utf-8\"><\/script>\n\n\n\n<p><\/p>\n\n\n\n<p><\/p>\n\n\n\n<blockquote class=\"twitter-tweet\"><p lang=\"es\" dir=\"ltr\">&#x1f3c6; <a href=\"https:\/\/twitter.com\/hashtag\/Eliminatorias?src=hash&amp;ref_src=twsrc%5Etfw\">#Eliminatorias<\/a> De galera y bast\u00f3n, Argentina &#x1f3a9;<a href=\"https:\/\/t.co\/Yw789TNxlc\">pic.twitter.com\/Yw789TNxlc<\/a><\/p>&mdash; &#x1f1e6;&#x1f1f7; Selecci\u00f3n Argentina &#x2b50;&#x2b50;&#x2b50; (@Argentina) <a href=\"https:\/\/twitter.com\/Argentina\/status\/1904691790244176383?ref_src=twsrc%5Etfw\">March 26, 2025<\/a><\/blockquote> <script async src=\"https:\/\/platform.twitter.com\/widgets.js\" charset=\"utf-8\"><\/script>\n\n\n\n<p><\/p>\n\n\n\n<p><\/p>\n\n\n\n<p><\/p>\n\n\n\n<blockquote class=\"twitter-tweet\"><p lang=\"pt\" dir=\"ltr\">&#x1f3c6; <a href=\"https:\/\/twitter.com\/hashtag\/Eliminatorias?src=hash&amp;ref_src=twsrc%5Etfw\">#Eliminatorias<\/a> De memoria &#x1f9d0;<a href=\"https:\/\/t.co\/jYYt9TmtFY\">pic.twitter.com\/jYYt9TmtFY<\/a><\/p>&mdash; &#x1f1e6;&#x1f1f7; Selecci\u00f3n Argentina &#x2b50;&#x2b50;&#x2b50; (@Argentina) <a href=\"https:\/\/twitter.com\/Argentina\/status\/1904697401073430980?ref_src=twsrc%5Etfw\">March 26, 2025<\/a><\/blockquote> <script async src=\"https:\/\/platform.twitter.com\/widgets.js\" charset=\"utf-8\"><\/script>\n\n\n\n<p><\/p>\n\n\n\n<p><\/p>\n\n\n\n<blockquote class=\"twitter-tweet\"><p lang=\"es\" dir=\"ltr\">&#x1f3c6; <a href=\"https:\/\/twitter.com\/hashtag\/Eliminatorias?src=hash&amp;ref_src=twsrc%5Etfw\">#Eliminatorias<\/a> A la carrera y c\u00f3mo viene, Giuliano &#x26bd;&#xfe0f;<a href=\"https:\/\/t.co\/46HTGJ6lr0\">pic.twitter.com\/46HTGJ6lr0<\/a><\/p>&mdash; &#x1f1e6;&#x1f1f7; Selecci\u00f3n Argentina &#x2b50;&#x2b50;&#x2b50; (@Argentina) <a href=\"https:\/\/twitter.com\/Argentina\/status\/1904709963794051321?ref_src=twsrc%5Etfw\">March 26, 2025<\/a><\/blockquote> <script async src=\"https:\/\/platform.twitter.com\/widgets.js\" charset=\"utf-8\"><\/script>\n","protected":false},"excerpt":{"rendered":"<p>Despu\u00e9s de asegurarse la clasificaci\u00f3n al Mundial 2026 por el empate de Uruguay, la Selecci\u00f3n argentina gole\u00f3 con contundencia por 4 a 1 a Brasil por las Eliminatorias Sudamericanas. Con&hellip;<\/p>\n","protected":false},"author":3,"featured_media":292379,"comment_status":"closed","ping_status":"open","sticky":false,"template":"","format":"standard","meta":{"_acf_changed":false,"footnotes":""},"categories":[1,3],"tags":[],"class_list":["post-292369","post","type-post","status-publish","format-standard","has-post-thumbnail","hentry","category-es-noticia","category-deportes"],"acf":[],"yoast_head":"<!-- This site is optimized with the Yoast SEO plugin v27.5 - https:\/\/yoast.com\/product\/yoast-seo-wordpress\/ -->\n<title>Con gol de Alexis Mac Allister, la Selecci\u00f3n apabull\u00f3 a Brasil - Diario Textual<\/title>\n<meta name=\"robots\" content=\"index, follow, max-snippet:-1, max-image-preview:large, max-video-preview:-1\" \/>\n<link rel=\"canonical\" href=\"https:\/\/diariotextual.com\/inicio\/index.php\/2025\/03\/25\/con-gol-de-alexis-la-seleccion-golea-a-brasil-por-las-eliminatorias\/\" \/>\n<meta property=\"og:locale\" content=\"es_ES\" \/>\n<meta property=\"og:type\" content=\"article\" \/>\n<meta property=\"og:title\" content=\"Con gol de Alexis Mac Allister, la Selecci\u00f3n apabull\u00f3 a Brasil - Diario Textual\" \/>\n<meta property=\"og:description\" content=\"Despu\u00e9s de asegurarse la clasificaci\u00f3n al Mundial 2026 por el empate de Uruguay, la Selecci\u00f3n argentina gole\u00f3 con contundencia por 4 a 1 a Brasil por las Eliminatorias Sudamericanas. Con&hellip;\" \/>\n<meta property=\"og:url\" content=\"https:\/\/diariotextual.com\/inicio\/index.php\/2025\/03\/25\/con-gol-de-alexis-la-seleccion-golea-a-brasil-por-las-eliminatorias\/\" \/>\n<meta property=\"og:site_name\" content=\"Diario Textual\" \/>\n<meta property=\"article:publisher\" content=\"https:\/\/www.facebook.com\/eltextual\" \/>\n<meta property=\"article:published_time\" content=\"2025-03-26T00:46:24+00:00\" \/>\n<meta property=\"article:modified_time\" content=\"2025-03-26T10:38:15+00:00\" \/>\n<meta property=\"og:image\" content=\"https:\/\/diariotextual.com\/inicio\/wp-content\/uploads\/2025\/03\/macallisteralexisseleccionargentinabrasil2025-79.jpg\" \/>\n\t<meta property=\"og:image:width\" content=\"1500\" \/>\n\t<meta property=\"og:image:height\" content=\"932\" \/>\n\t<meta property=\"og:image:type\" content=\"image\/jpeg\" \/>\n<meta name=\"author\" content=\"Diario1 Diario1\" \/>\n<meta name=\"twitter:card\" content=\"summary_large_image\" \/>\n<meta name=\"twitter:creator\" content=\"@eltextual\" \/>\n<meta name=\"twitter:site\" content=\"@eltextual\" \/>\n<meta name=\"twitter:label1\" content=\"Escrito por\" \/>\n\t<meta name=\"twitter:data1\" content=\"Diario1 Diario1\" \/>\n\t<meta name=\"twitter:label2\" content=\"Tiempo de lectura\" \/>\n\t<meta name=\"twitter:data2\" content=\"2 minutos\" \/>\n<script type=\"application\/ld+json\" class=\"yoast-schema-graph\">{\"@context\":\"https:\\\/\\\/schema.org\",\"@graph\":[{\"@type\":\"Article\",\"@id\":\"https:\\\/\\\/diariotextual.com\\\/inicio\\\/index.php\\\/2025\\\/03\\\/25\\\/con-gol-de-alexis-la-seleccion-golea-a-brasil-por-las-eliminatorias\\\/#article\",\"isPartOf\":{\"@id\":\"https:\\\/\\\/diariotextual.com\\\/inicio\\\/index.php\\\/2025\\\/03\\\/25\\\/con-gol-de-alexis-la-seleccion-golea-a-brasil-por-las-eliminatorias\\\/\"},\"author\":{\"name\":\"Diario1 Diario1\",\"@id\":\"https:\\\/\\\/diariotextual.com\\\/inicio\\\/#\\\/schema\\\/person\\\/418fc4093c33e86ed41562db3508f958\"},\"headline\":\"Con gol de Alexis Mac Allister, la Selecci\u00f3n apabull\u00f3 a Brasil\",\"datePublished\":\"2025-03-26T00:46:24+00:00\",\"dateModified\":\"2025-03-26T10:38:15+00:00\",\"mainEntityOfPage\":{\"@id\":\"https:\\\/\\\/diariotextual.com\\\/inicio\\\/index.php\\\/2025\\\/03\\\/25\\\/con-gol-de-alexis-la-seleccion-golea-a-brasil-por-las-eliminatorias\\\/\"},\"wordCount\":524,\"publisher\":{\"@id\":\"https:\\\/\\\/diariotextual.com\\\/inicio\\\/#organization\"},\"image\":{\"@id\":\"https:\\\/\\\/diariotextual.com\\\/inicio\\\/index.php\\\/2025\\\/03\\\/25\\\/con-gol-de-alexis-la-seleccion-golea-a-brasil-por-las-eliminatorias\\\/#primaryimage\"},\"thumbnailUrl\":\"https:\\\/\\\/diariotextual.com\\\/inicio\\\/wp-content\\\/uploads\\\/2025\\\/03\\\/macallisteralexisseleccionargentinabrasil2025-79.jpg\",\"articleSection\":[\"A - ES NOTICIA (van abajo)\",\"DEPORTES\"],\"inLanguage\":\"es\"},{\"@type\":\"WebPage\",\"@id\":\"https:\\\/\\\/diariotextual.com\\\/inicio\\\/index.php\\\/2025\\\/03\\\/25\\\/con-gol-de-alexis-la-seleccion-golea-a-brasil-por-las-eliminatorias\\\/\",\"url\":\"https:\\\/\\\/diariotextual.com\\\/inicio\\\/index.php\\\/2025\\\/03\\\/25\\\/con-gol-de-alexis-la-seleccion-golea-a-brasil-por-las-eliminatorias\\\/\",\"name\":\"Con gol de Alexis Mac Allister, la Selecci\u00f3n apabull\u00f3 a Brasil - Diario Textual\",\"isPartOf\":{\"@id\":\"https:\\\/\\\/diariotextual.com\\\/inicio\\\/#website\"},\"primaryImageOfPage\":{\"@id\":\"https:\\\/\\\/diariotextual.com\\\/inicio\\\/index.php\\\/2025\\\/03\\\/25\\\/con-gol-de-alexis-la-seleccion-golea-a-brasil-por-las-eliminatorias\\\/#primaryimage\"},\"image\":{\"@id\":\"https:\\\/\\\/diariotextual.com\\\/inicio\\\/index.php\\\/2025\\\/03\\\/25\\\/con-gol-de-alexis-la-seleccion-golea-a-brasil-por-las-eliminatorias\\\/#primaryimage\"},\"thumbnailUrl\":\"https:\\\/\\\/diariotextual.com\\\/inicio\\\/wp-content\\\/uploads\\\/2025\\\/03\\\/macallisteralexisseleccionargentinabrasil2025-79.jpg\",\"datePublished\":\"2025-03-26T00:46:24+00:00\",\"dateModified\":\"2025-03-26T10:38:15+00:00\",\"breadcrumb\":{\"@id\":\"https:\\\/\\\/diariotextual.com\\\/inicio\\\/index.php\\\/2025\\\/03\\\/25\\\/con-gol-de-alexis-la-seleccion-golea-a-brasil-por-las-eliminatorias\\\/#breadcrumb\"},\"inLanguage\":\"es\",\"potentialAction\":[{\"@type\":\"ReadAction\",\"target\":[\"https:\\\/\\\/diariotextual.com\\\/inicio\\\/index.php\\\/2025\\\/03\\\/25\\\/con-gol-de-alexis-la-seleccion-golea-a-brasil-por-las-eliminatorias\\\/\"]}]},{\"@type\":\"ImageObject\",\"inLanguage\":\"es\",\"@id\":\"https:\\\/\\\/diariotextual.com\\\/inicio\\\/index.php\\\/2025\\\/03\\\/25\\\/con-gol-de-alexis-la-seleccion-golea-a-brasil-por-las-eliminatorias\\\/#primaryimage\",\"url\":\"https:\\\/\\\/diariotextual.com\\\/inicio\\\/wp-content\\\/uploads\\\/2025\\\/03\\\/macallisteralexisseleccionargentinabrasil2025-79.jpg\",\"contentUrl\":\"https:\\\/\\\/diariotextual.com\\\/inicio\\\/wp-content\\\/uploads\\\/2025\\\/03\\\/macallisteralexisseleccionargentinabrasil2025-79.jpg\",\"width\":1500,\"height\":932},{\"@type\":\"BreadcrumbList\",\"@id\":\"https:\\\/\\\/diariotextual.com\\\/inicio\\\/index.php\\\/2025\\\/03\\\/25\\\/con-gol-de-alexis-la-seleccion-golea-a-brasil-por-las-eliminatorias\\\/#breadcrumb\",\"itemListElement\":[{\"@type\":\"ListItem\",\"position\":1,\"name\":\"Portada\",\"item\":\"https:\\\/\\\/diariotextual.com\\\/inicio\\\/\"},{\"@type\":\"ListItem\",\"position\":2,\"name\":\"Con gol de Alexis Mac Allister, la Selecci\u00f3n apabull\u00f3 a Brasil\"}]},{\"@type\":\"WebSite\",\"@id\":\"https:\\\/\\\/diariotextual.com\\\/inicio\\\/#website\",\"url\":\"https:\\\/\\\/diariotextual.com\\\/inicio\\\/\",\"name\":\"Diario Textual\",\"description\":\"\",\"publisher\":{\"@id\":\"https:\\\/\\\/diariotextual.com\\\/inicio\\\/#organization\"},\"potentialAction\":[{\"@type\":\"SearchAction\",\"target\":{\"@type\":\"EntryPoint\",\"urlTemplate\":\"https:\\\/\\\/diariotextual.com\\\/inicio\\\/?s={search_term_string}\"},\"query-input\":{\"@type\":\"PropertyValueSpecification\",\"valueRequired\":true,\"valueName\":\"search_term_string\"}}],\"inLanguage\":\"es\"},{\"@type\":\"Organization\",\"@id\":\"https:\\\/\\\/diariotextual.com\\\/inicio\\\/#organization\",\"name\":\"Diario Textual\",\"url\":\"https:\\\/\\\/diariotextual.com\\\/inicio\\\/\",\"logo\":{\"@type\":\"ImageObject\",\"inLanguage\":\"es\",\"@id\":\"https:\\\/\\\/diariotextual.com\\\/inicio\\\/#\\\/schema\\\/logo\\\/image\\\/\",\"url\":\"https:\\\/\\\/diariotextual.com\\\/inicio\\\/wp-content\\\/uploads\\\/2023\\\/05\\\/logotextual1.jpg\",\"contentUrl\":\"https:\\\/\\\/diariotextual.com\\\/inicio\\\/wp-content\\\/uploads\\\/2023\\\/05\\\/logotextual1.jpg\",\"width\":516,\"height\":76,\"caption\":\"Diario Textual\"},\"image\":{\"@id\":\"https:\\\/\\\/diariotextual.com\\\/inicio\\\/#\\\/schema\\\/logo\\\/image\\\/\"},\"sameAs\":[\"https:\\\/\\\/www.facebook.com\\\/eltextual\",\"https:\\\/\\\/x.com\\\/eltextual\",\"http:\\\/\\\/www.instagram.com\\\/eltextual\"]},{\"@type\":\"Person\",\"@id\":\"https:\\\/\\\/diariotextual.com\\\/inicio\\\/#\\\/schema\\\/person\\\/418fc4093c33e86ed41562db3508f958\",\"name\":\"Diario1 Diario1\",\"image\":{\"@type\":\"ImageObject\",\"inLanguage\":\"es\",\"@id\":\"https:\\\/\\\/secure.gravatar.com\\\/avatar\\\/9167d280179c85bc18be67aa7eda765854300033af4896dd779b608640f2ef7a?s=96&d=mm&r=g\",\"url\":\"https:\\\/\\\/secure.gravatar.com\\\/avatar\\\/9167d280179c85bc18be67aa7eda765854300033af4896dd779b608640f2ef7a?s=96&d=mm&r=g\",\"contentUrl\":\"https:\\\/\\\/secure.gravatar.com\\\/avatar\\\/9167d280179c85bc18be67aa7eda765854300033af4896dd779b608640f2ef7a?s=96&d=mm&r=g\",\"caption\":\"Diario1 Diario1\"},\"url\":\"https:\\\/\\\/diariotextual.com\\\/inicio\\\/index.php\\\/author\\\/diario1\\\/\"}]}<\/script>\n<!-- \/ Yoast SEO plugin. -->","yoast_head_json":{"title":"Con gol de Alexis Mac Allister, la Selecci\u00f3n apabull\u00f3 a Brasil - Diario Textual","robots":{"index":"index","follow":"follow","max-snippet":"max-snippet:-1","max-image-preview":"max-image-preview:large","max-video-preview":"max-video-preview:-1"},"canonical":"https:\/\/diariotextual.com\/inicio\/index.php\/2025\/03\/25\/con-gol-de-alexis-la-seleccion-golea-a-brasil-por-las-eliminatorias\/","og_locale":"es_ES","og_type":"article","og_title":"Con gol de Alexis Mac Allister, la Selecci\u00f3n apabull\u00f3 a Brasil - Diario Textual","og_description":"Despu\u00e9s de asegurarse la clasificaci\u00f3n al Mundial 2026 por el empate de Uruguay, la Selecci\u00f3n argentina gole\u00f3 con contundencia por 4 a 1 a Brasil por las Eliminatorias Sudamericanas. Con&hellip;","og_url":"https:\/\/diariotextual.com\/inicio\/index.php\/2025\/03\/25\/con-gol-de-alexis-la-seleccion-golea-a-brasil-por-las-eliminatorias\/","og_site_name":"Diario Textual","article_publisher":"https:\/\/www.facebook.com\/eltextual","article_published_time":"2025-03-26T00:46:24+00:00","article_modified_time":"2025-03-26T10:38:15+00:00","og_image":[{"width":1500,"height":932,"url":"https:\/\/diariotextual.com\/inicio\/wp-content\/uploads\/2025\/03\/macallisteralexisseleccionargentinabrasil2025-79.jpg","type":"image\/jpeg"}],"author":"Diario1 Diario1","twitter_card":"summary_large_image","twitter_creator":"@eltextual","twitter_site":"@eltextual","twitter_misc":{"Escrito por":"Diario1 Diario1","Tiempo de lectura":"2 minutos"},"schema":{"@context":"https:\/\/schema.org","@graph":[{"@type":"Article","@id":"https:\/\/diariotextual.com\/inicio\/index.php\/2025\/03\/25\/con-gol-de-alexis-la-seleccion-golea-a-brasil-por-las-eliminatorias\/#article","isPartOf":{"@id":"https:\/\/diariotextual.com\/inicio\/index.php\/2025\/03\/25\/con-gol-de-alexis-la-seleccion-golea-a-brasil-por-las-eliminatorias\/"},"author":{"name":"Diario1 Diario1","@id":"https:\/\/diariotextual.com\/inicio\/#\/schema\/person\/418fc4093c33e86ed41562db3508f958"},"headline":"Con gol de Alexis Mac Allister, la Selecci\u00f3n apabull\u00f3 a Brasil","datePublished":"2025-03-26T00:46:24+00:00","dateModified":"2025-03-26T10:38:15+00:00","mainEntityOfPage":{"@id":"https:\/\/diariotextual.com\/inicio\/index.php\/2025\/03\/25\/con-gol-de-alexis-la-seleccion-golea-a-brasil-por-las-eliminatorias\/"},"wordCount":524,"publisher":{"@id":"https:\/\/diariotextual.com\/inicio\/#organization"},"image":{"@id":"https:\/\/diariotextual.com\/inicio\/index.php\/2025\/03\/25\/con-gol-de-alexis-la-seleccion-golea-a-brasil-por-las-eliminatorias\/#primaryimage"},"thumbnailUrl":"https:\/\/diariotextual.com\/inicio\/wp-content\/uploads\/2025\/03\/macallisteralexisseleccionargentinabrasil2025-79.jpg","articleSection":["A - ES NOTICIA (van abajo)","DEPORTES"],"inLanguage":"es"},{"@type":"WebPage","@id":"https:\/\/diariotextual.com\/inicio\/index.php\/2025\/03\/25\/con-gol-de-alexis-la-seleccion-golea-a-brasil-por-las-eliminatorias\/","url":"https:\/\/diariotextual.com\/inicio\/index.php\/2025\/03\/25\/con-gol-de-alexis-la-seleccion-golea-a-brasil-por-las-eliminatorias\/","name":"Con gol de Alexis Mac Allister, la Selecci\u00f3n apabull\u00f3 a Brasil - Diario Textual","isPartOf":{"@id":"https:\/\/diariotextual.com\/inicio\/#website"},"primaryImageOfPage":{"@id":"https:\/\/diariotextual.com\/inicio\/index.php\/2025\/03\/25\/con-gol-de-alexis-la-seleccion-golea-a-brasil-por-las-eliminatorias\/#primaryimage"},"image":{"@id":"https:\/\/diariotextual.com\/inicio\/index.php\/2025\/03\/25\/con-gol-de-alexis-la-seleccion-golea-a-brasil-por-las-eliminatorias\/#primaryimage"},"thumbnailUrl":"https:\/\/diariotextual.com\/inicio\/wp-content\/uploads\/2025\/03\/macallisteralexisseleccionargentinabrasil2025-79.jpg","datePublished":"2025-03-26T00:46:24+00:00","dateModified":"2025-03-26T10:38:15+00:00","breadcrumb":{"@id":"https:\/\/diariotextual.com\/inicio\/index.php\/2025\/03\/25\/con-gol-de-alexis-la-seleccion-golea-a-brasil-por-las-eliminatorias\/#breadcrumb"},"inLanguage":"es","potentialAction":[{"@type":"ReadAction","target":["https:\/\/diariotextual.com\/inicio\/index.php\/2025\/03\/25\/con-gol-de-alexis-la-seleccion-golea-a-brasil-por-las-eliminatorias\/"]}]},{"@type":"ImageObject","inLanguage":"es","@id":"https:\/\/diariotextual.com\/inicio\/index.php\/2025\/03\/25\/con-gol-de-alexis-la-seleccion-golea-a-brasil-por-las-eliminatorias\/#primaryimage","url":"https:\/\/diariotextual.com\/inicio\/wp-content\/uploads\/2025\/03\/macallisteralexisseleccionargentinabrasil2025-79.jpg","contentUrl":"https:\/\/diariotextual.com\/inicio\/wp-content\/uploads\/2025\/03\/macallisteralexisseleccionargentinabrasil2025-79.jpg","width":1500,"height":932},{"@type":"BreadcrumbList","@id":"https:\/\/diariotextual.com\/inicio\/index.php\/2025\/03\/25\/con-gol-de-alexis-la-seleccion-golea-a-brasil-por-las-eliminatorias\/#breadcrumb","itemListElement":[{"@type":"ListItem","position":1,"name":"Portada","item":"https:\/\/diariotextual.com\/inicio\/"},{"@type":"ListItem","position":2,"name":"Con gol de Alexis Mac Allister, la Selecci\u00f3n apabull\u00f3 a Brasil"}]},{"@type":"WebSite","@id":"https:\/\/diariotextual.com\/inicio\/#website","url":"https:\/\/diariotextual.com\/inicio\/","name":"Diario Textual","description":"","publisher":{"@id":"https:\/\/diariotextual.com\/inicio\/#organization"},"potentialAction":[{"@type":"SearchAction","target":{"@type":"EntryPoint","urlTemplate":"https:\/\/diariotextual.com\/inicio\/?s={search_term_string}"},"query-input":{"@type":"PropertyValueSpecification","valueRequired":true,"valueName":"search_term_string"}}],"inLanguage":"es"},{"@type":"Organization","@id":"https:\/\/diariotextual.com\/inicio\/#organization","name":"Diario Textual","url":"https:\/\/diariotextual.com\/inicio\/","logo":{"@type":"ImageObject","inLanguage":"es","@id":"https:\/\/diariotextual.com\/inicio\/#\/schema\/logo\/image\/","url":"https:\/\/diariotextual.com\/inicio\/wp-content\/uploads\/2023\/05\/logotextual1.jpg","contentUrl":"https:\/\/diariotextual.com\/inicio\/wp-content\/uploads\/2023\/05\/logotextual1.jpg","width":516,"height":76,"caption":"Diario Textual"},"image":{"@id":"https:\/\/diariotextual.com\/inicio\/#\/schema\/logo\/image\/"},"sameAs":["https:\/\/www.facebook.com\/eltextual","https:\/\/x.com\/eltextual","http:\/\/www.instagram.com\/eltextual"]},{"@type":"Person","@id":"https:\/\/diariotextual.com\/inicio\/#\/schema\/person\/418fc4093c33e86ed41562db3508f958","name":"Diario1 Diario1","image":{"@type":"ImageObject","inLanguage":"es","@id":"https:\/\/secure.gravatar.com\/avatar\/9167d280179c85bc18be67aa7eda765854300033af4896dd779b608640f2ef7a?s=96&d=mm&r=g","url":"https:\/\/secure.gravatar.com\/avatar\/9167d280179c85bc18be67aa7eda765854300033af4896dd779b608640f2ef7a?s=96&d=mm&r=g","contentUrl":"https:\/\/secure.gravatar.com\/avatar\/9167d280179c85bc18be67aa7eda765854300033af4896dd779b608640f2ef7a?s=96&d=mm&r=g","caption":"Diario1 Diario1"},"url":"https:\/\/diariotextual.com\/inicio\/index.php\/author\/diario1\/"}]}},"_links":{"self":[{"href":"https:\/\/diariotextual.com\/inicio\/index.php\/wp-json\/wp\/v2\/posts\/292369","targetHints":{"allow":["GET"]}}],"collection":[{"href":"https:\/\/diariotextual.com\/inicio\/index.php\/wp-json\/wp\/v2\/posts"}],"about":[{"href":"https:\/\/diariotextual.com\/inicio\/index.php\/wp-json\/wp\/v2\/types\/post"}],"author":[{"embeddable":true,"href":"https:\/\/diariotextual.com\/inicio\/index.php\/wp-json\/wp\/v2\/users\/3"}],"replies":[{"embeddable":true,"href":"https:\/\/diariotextual.com\/inicio\/index.php\/wp-json\/wp\/v2\/comments?post=292369"}],"version-history":[{"count":6,"href":"https:\/\/diariotextual.com\/inicio\/index.php\/wp-json\/wp\/v2\/posts\/292369\/revisions"}],"predecessor-version":[{"id":292380,"href":"https:\/\/diariotextual.com\/inicio\/index.php\/wp-json\/wp\/v2\/posts\/292369\/revisions\/292380"}],"wp:featuredmedia":[{"embeddable":true,"href":"https:\/\/diariotextual.com\/inicio\/index.php\/wp-json\/wp\/v2\/media\/292379"}],"wp:attachment":[{"href":"https:\/\/diariotextual.com\/inicio\/index.php\/wp-json\/wp\/v2\/media?parent=292369"}],"wp:term":[{"taxonomy":"category","embeddable":true,"href":"https:\/\/diariotextual.com\/inicio\/index.php\/wp-json\/wp\/v2\/categories?post=292369"},{"taxonomy":"post_tag","embeddable":true,"href":"https:\/\/diariotextual.com\/inicio\/index.php\/wp-json\/wp\/v2\/tags?post=292369"}],"curies":[{"name":"wp","href":"https:\/\/api.w.org\/{rel}","templated":true}]}}