{"id":292386,"date":"2025-03-26T13:53:00","date_gmt":"2025-03-26T16:53:00","guid":{"rendered":"https:\/\/diariotextual.com\/inicio\/?p=292386"},"modified":"2025-03-27T09:36:54","modified_gmt":"2025-03-27T12:36:54","slug":"el-medanito-el-intendente-monsalve-va-a-la-legislatura-a-pedir-que-apuren-el-tratamiento-del-proyecto","status":"publish","type":"post","link":"https:\/\/diariotextual.com\/inicio\/index.php\/2025\/03\/26\/el-medanito-el-intendente-monsalve-va-a-la-legislatura-a-pedir-que-apuren-el-tratamiento-del-proyecto\/","title":{"rendered":"El Medanito: el intendente de 25 de Mayo pidi\u00f3 a diputados que aprueben el proyecto sin el data room"},"content":{"rendered":"\n<p>El intendente de 25 de Mayo, <strong>Leonel Monsalve (Juntos por el Cambio, del PRO)<\/strong>, asisti\u00f3 este mi\u00e9rcoles a la Legislatura a exponer ante los diputados y diputadas la <strong>urgencia<\/strong> de aprobar el proyecto que autoriza al Ejecutivo provincial a llamar a licitaci\u00f3n del \u00e1rea petrolera <strong>El Medanito.<\/strong> Dijo que la situaci\u00f3n social y laboral es \u201ctensa\u201d y le reclam\u00f3 a los legisladores que avancen en el tratamiento. <strong>\u201cPueden avanzar teniendo un data room sobre la marcha. Es algo que le sirve m\u00e1s a las empresas que a nosotros. Me parece que se puede avanzar\u201d<\/strong>, dijo.<\/p>\n\n\n\n<figure class=\"wp-block-audio\"><audio controls src=\"https:\/\/diariotextual.com\/inicio\/wp-content\/uploads\/2025\/03\/monsalve-en-la-Legislatura.ogg\"><\/audio><\/figure>\n\n\n\n<p>El jefe comunal asisti\u00f3 a un plenario de las comisiones de Asuntos Agrarios y de Hacienda. Antes de ingresar al recinto, Monsalve habl\u00f3 con la prensa y explic\u00f3 las dificultades que est\u00e1 ocasionando en la localidad la demora en aprobar el proyecto. <strong>\u201cAyer tuvimos una reuni\u00f3n con empresarios y sindicatos y el panorama est\u00e1 complejo. El a\u00f1o pasado ten\u00edamos en el comedor 90 viandas y hoy estamos en 230. Para paliar el tema laboral tuvimos que iniciar obras p\u00fablicas con presupuesto propio para atender la desocupaci\u00f3n y eso hizo que tengamos que pedir adelantos a Provincia. Estamos como en un embudo, y se complica. Hay m\u00e1s posibilidades de conflicto social y es bastante tensa la situaci\u00f3n\u201d<\/strong>, advirti\u00f3.<\/p>\n\n\n\n<p>Revel\u00f3 que la operadora de El Medanito, PCR, tiene 500 personas trabajando. \u201cPero quienes est\u00e1n perdiendo sus trabajos son los servicios externos: mantenimiento de calles, los que elaboran la comida, el que lleva el agua, la cafeter\u00eda, la limpieza\u201d, enumer\u00f3.<\/p>\n\n\n\n<p><strong>\u201cPodemos avanzar teniendo un data room sobre la marcha. El data room les sirve m\u00e1s a las empresas que a nosotros. Me parece que se puede avanzar\u201d<\/strong>, dijo. Es decir, <strong>propuso que el data room se pueda presentar luego de aprobada la ley en la Legislatura, pero se tenga presentado antes de la licitaci\u00f3n.<\/strong><\/p>\n\n\n\n<p>La de hoy fue la segunda visita de Monsalve a la C\u00e1mara de Diputados, ya que anteriormente fue junto a gremialistas a presionar para que traten el proyecto.<\/p>\n\n\n\n<p>Hoy volvi\u00f3 a advertir que la demora en la aprobaci\u00f3n del proyecto ya hizo que la empresa a cargo de la concesi\u00f3n, Petroqu\u00edmica Comodoro Rivadavia, dejara de invertir y eso ya est\u00e1 haciendo mella en la situaci\u00f3n social de 25 de Mayo: desocupaci\u00f3n y freno a la actividad comercial y de las pymes vinculadas a servicios petroleros. El jefe comunal teme que los desbordes se profundicen y se complique la situaci\u00f3n en la localidad.<\/p>\n\n\n\n<p>En su exposici\u00f3n, frente a diputadas y diputados,<strong> Monsalve enfatiz\u00f3 la necesidad y premura para que el proyecto tenga car\u00e1cter de ley. <\/strong>\u201cSaben ustedes lo importante que es el petr\u00f3leo para los pampeanos y para los veinticinque\u00f1os, fundamentalmente. Nuestra econom\u00eda se basa en esta producci\u00f3n y las regal\u00edas que percibimos son lo que mueve a la municipalidad y a la comunidad\u201d, afirm\u00f3.<\/p>\n\n\n\n<p>El jefe comunal tambi\u00e9n desestim\u00f3 las versiones que indicaban presiones en torno al proyecto. \u201cQuiero dejar en claro que, en alg\u00fan momento, esto se transform\u00f3 en un tema medi\u00e1tico, pero nuestro accionar fue siempre a trav\u00e9s del di\u00e1logo. Hemos presentado nuestras inquietudes y nos pusimos a disposici\u00f3n para que el tratamiento del tema avance lo antes posible\u201d, destac\u00f3.<\/p>\n\n\n\n<p>Monsalve explic\u00f3 que las regal\u00edas no han disminuido, pero sostuvo que cayeron las inversiones, lo que afecta directamente la generaci\u00f3n de empleo. En este sentido, <strong>subray\u00f3 que el proyecto de ley en debate es \u201cfundamental\u201d para la reactivaci\u00f3n del sector y la estabilidad econ\u00f3mica local<\/strong>. \u201cNosotros necesitamos certidumbre para poder planificar el futuro. Sin inversiones, los puestos de trabajo seguir\u00e1n mermando\u201d, advirti\u00f3.<\/p>\n\n\n\n<p>A su vez, expres\u00f3 que, si bien por el momento no hubo despidos de trabajadores sindicalizados del \u00e1rea hidrocarbur\u00edfera, s\u00ed <strong>se deterior\u00f3 la econom\u00eda local por la falta de inversiones<\/strong>. \u201cEsto afecta a las personas que se encargan desde la limpieza hasta quien vende tortas fritas\u201d, sostuvo.<\/p>\n\n\n\n<p>\u201c<strong>No venimos a presionar a nadie, pero la necesidad de 25 de Mayo es real. La gente est\u00e1 atravesando una situaci\u00f3n muy compleja y es fundamental que este proyecto tenga un pronto tratamiento<\/strong>\u201d, concluy\u00f3 Monsalve.<\/p>\n\n\n\n<p>En la ronda de preguntas, el diputado radical <strong>Hip\u00f3lito Altolaguirre<\/strong> realiz\u00f3 una consulta sobre c\u00f3mo afectar\u00e1 la modificaci\u00f3n, prevista en el proyecto, del porcentaje de regal\u00edas a las arcas del municipio. \u201cPetroqu\u00edmica Comodoro Rivadavia, en el nuevo contrato, realizar\u00e1 una mayor cantidad de perforaciones. Desde nuestra perspectiva, si bien perder un 35% puede parecer significativo a simple vista, consideramos que, si la realidad indica una menor participaci\u00f3n, pero a cambio hay mayor inversi\u00f3n de la empresa y m\u00e1s generaci\u00f3n de empleo, es un camino positivo. En el sector petrolero, la perforaci\u00f3n es el motor de la actividad, y nuestra postura se basa en esa premisa\u201d, respondi\u00f3 el intendente.<\/p>\n\n\n\n<p>El diputado peronista <strong>Daniel Lovera<\/strong> intervino posteriormente. <strong>\u201cCuando ac\u00e1 se habla de que se tiene que aprobarse el proyecto de manera urgente porque falta inversi\u00f3n, de que hay que hacer m\u00e1s perforaciones, de que habr\u00eda que hacer perforaciones secundarias\u2026 todo esto est\u00e1 pactado en el contrato actual.<\/strong> <strong>\u00bfNo deber\u00edan ustedes, como municipio, exigirle al Gobierno y a la empresa el cumplimiento del actual contrato?<\/strong> Parece m\u00e1s f\u00e1cil ir a alg\u00fan medio y decir: &#8216;Espero que se apuren&#8217;\u201d, lanz\u00f3.<\/p>\n\n\n\n<p><strong>\u201cLo que no puedo entender, porque las matem\u00e1ticas no me dan es \u00bfpor qu\u00e9 consideran que ante la necesidad de recursos que 25 de Mayo tiene le favorecer\u00eda que a las regal\u00edas las bajen al 10% , que mantenerlas como hoy al 35%?<\/strong>\u201d, pregunt\u00f3 Lovera. \u201cHay que tener mucho cuidado y analizar todo profundamente porque seguramente esta ley ser\u00e1 la m\u00e1s importante que va a tener la provincia de La Pampa en la historia democr\u00e1tica, en cuanto a recursos y ser\u00e1 por 30 o 35 a\u00f1os\u201d.<\/p>\n\n\n\n<p>M\u00e1s adelante, la legisladora Noelia Sosa, tambi\u00e9n del peronismo y oriunda de 25 de Mayo, hizo una serie de planteos similares. \u201cEl secretario de Energ\u00eda (Mat\u00edas Toso) reconoci\u00f3 que un escenario meramente hipot\u00e9tico del 15% estaba de acuerdo y que la \u00fanica manera en que el 15% de las regal\u00edas pod\u00eda superar al 20% era estrujando el \u00e1rea y acortando la vida \u00fatil del yacimiento\u201d, dijo. \u201cNosotros no estamos pensando de ac\u00e1 a tres a\u00f1os, que es lo que queda de Gobierno. Estamos pensando, como lo dijo el diputado Lovera, a 35 a\u00f1os, que es lo m\u00e1s probable que ocurra. Y eso equivale aproximadamente a entre ocho o nueve gobiernos futuros\u201d.<\/p>\n\n\n\n<p>\u201cA m\u00ed me gustar\u00eda saber -dijo Sosa- si el intendente es consciente realmente de que lo que se va a suscribir en el nuevo contrato va a impactar en los pr\u00f3ximos 35 a\u00f1os. Hoy estamos todos y todas ac\u00e1 hablando de uno de los temas m\u00e1s importantes de la provincia, de uno de los recursos m\u00e1s valiosos que tenemos en nuestro pueblo, donde vive mi familia, donde vive tu familia, donde viven nuestros amigos, nuestros afectos. Y que es un recurso de todas las pampeanas y los pampeanos\u201d.<\/p>\n\n\n\n<p>Una vez que culminara la ronda de preguntas, el intendente Leonel Monsalve se retir\u00f3 y se pas\u00f3 a un cuarto intermedio. Al reanudarse el plenario, y una vez que la Valderrama mocionara una nueva reuni\u00f3n plenaria para el 9 de abril, el diputado Espartaco Mar\u00edn se\u00f1al\u00f3 que la postura del bloque del Frejupa era avanzar con el dictamen en esta jornada, pero que acceder\u00edan al pedido de retomar el plenario en el siguiente mes. \u201cEs que no s\u00f3lo necesitamos una mayor\u00eda especial para sancionar el proyecto, sino que tambi\u00e9n requerimos qu\u00f3rum para la comisi\u00f3n, y nuestro bloque, por s\u00ed solo, no lo tiene\u201d, reconoci\u00f3. Es as\u00ed que, por unanimidad, se acord\u00f3 continuar con el debate el pr\u00f3ximo 9 de abril.<\/p>\n\n\n\n<p>El Medanito tiene unos 200 pozos en actividad y es la principal \u00e1rea hidrocarbur\u00edfera de la provincia, que genera el 10 por ciento de los ingresos de la Provincia, de los cuales, el 25% se distribuyen entre las municipalidades. La concesi\u00f3n de \u00e1rea, a cargo de PCR desde 1992, se vence en junio de 2026. Por ley, se debe llamar a una licitaci\u00f3n para que PCR u otros interesados puedan hacer sus ofertas.<\/p>\n\n\n\n<p>El proyecto que envi\u00f3 el Gobierno provincial a fines de noviembre del a\u00f1o pasado est\u00e1 estancado en la Legislatura porque la oposici\u00f3n, fundamentalmente el radicalismo, exige que antes de tratarlo se presente un data room, un estudio t\u00e9cnico pormenorizado del \u00e1rea.<\/p>\n\n\n\n<p>El Gobierno present\u00f3 un estudio de factibilidad que, sostiene, es m\u00e1s completo que el data room.<\/p>\n\n\n\n<p>Los diputados del oficialista Frejupa quiere darle luz verde ya para autorizar la licitaci\u00f3n. Pero la UCR, el PRO y Comunidad Organizada, siguen aferrados a la exigencia de que el Gobierno presente primero un data room del \u00e1rea para, reci\u00e9n luego, avanzar en el tratamiento.<\/p>\n\n\n\n<p>D\u00edas atr\u00e1s fueron a la Legislatura el secretario de Energ\u00eda,\u00a0Mat\u00edas Toso, y la presidenta de Pampetrol,\u00a0Mar\u00eda Roveda. Toso les reclam\u00f3 a los legisladores di\u00e1logo para lograr consenso y confirm\u00f3, como ya hab\u00edan manifestado desde Casa de Gobierno, que\u00a0el data room se va a encargar antes del llamado a licitaci\u00f3n. De todas maneras, reiter\u00f3 que la informaci\u00f3n que reclama la oposici\u00f3n con el data room est\u00e1 contenida y de modo m\u00e1s amplio en el\u00a0<strong><a href=\"https:\/\/diariotextual.com\/inicio\/index.php\/2025\/02\/18\/mejor-que-un-data-room-el-gobierno-envio-estudio-completo-de-factibilidad-de-el-medanito-y-se-ofrecio-a-ir-a-la-legislatura\/\" target=\"_blank\" rel=\"noreferrer noopener\">estudio de factibilidad<\/a><\/strong>\u00a0que ya present\u00f3 el Gobierno.\u00a0\u201cEsto es un tema de Estado, no de Gobierno\u201d, advirti\u00f3.<\/p>\n\n\n\n<p>La expectativa ahora est\u00e1 centrada en la visita de Monsalve, que en su anterior reuni\u00f3n con los legisladores y legisladoras les advirti\u00f3 que \u201cest\u00e1 en juego el futuro de la provincia\u201d ya que la demora del tratamiento ya est\u00e1 impactando en las arcas de los municipios.<\/p>\n\n\n\n<p><\/p>\n","protected":false},"excerpt":{"rendered":"<p>El intendente de 25 de Mayo, Leonel Monsalve (Juntos por el Cambio, del PRO), asisti\u00f3 este mi\u00e9rcoles a la Legislatura a exponer ante los diputados y diputadas la urgencia de&hellip;<\/p>\n","protected":false},"author":7,"featured_media":292464,"comment_status":"closed","ping_status":"open","sticky":false,"template":"","format":"standard","meta":{"_acf_changed":false,"footnotes":""},"categories":[10,8],"tags":[],"class_list":["post-292386","post","type-post","status-publish","format-standard","has-post-thumbnail","hentry","category-portada-2","category-politica"],"acf":[],"yoast_head":"<!-- This site is optimized with the Yoast SEO plugin v27.4 - https:\/\/yoast.com\/product\/yoast-seo-wordpress\/ -->\n<title>El Medanito: el intendente de 25 de Mayo pidi\u00f3 a diputados que aprueben el proyecto sin el data room - Diario Textual<\/title>\n<meta name=\"robots\" content=\"index, follow, max-snippet:-1, max-image-preview:large, max-video-preview:-1\" \/>\n<link rel=\"canonical\" href=\"https:\/\/diariotextual.com\/inicio\/index.php\/2025\/03\/26\/el-medanito-el-intendente-monsalve-va-a-la-legislatura-a-pedir-que-apuren-el-tratamiento-del-proyecto\/\" \/>\n<meta property=\"og:locale\" content=\"es_ES\" \/>\n<meta property=\"og:type\" content=\"article\" \/>\n<meta property=\"og:title\" content=\"El Medanito: el intendente de 25 de Mayo pidi\u00f3 a diputados que aprueben el proyecto sin el data room - Diario Textual\" \/>\n<meta property=\"og:description\" content=\"El intendente de 25 de Mayo, Leonel Monsalve (Juntos por el Cambio, del PRO), asisti\u00f3 este mi\u00e9rcoles a la Legislatura a exponer ante los diputados y diputadas la urgencia de&hellip;\" \/>\n<meta property=\"og:url\" content=\"https:\/\/diariotextual.com\/inicio\/index.php\/2025\/03\/26\/el-medanito-el-intendente-monsalve-va-a-la-legislatura-a-pedir-que-apuren-el-tratamiento-del-proyecto\/\" \/>\n<meta property=\"og:site_name\" content=\"Diario Textual\" \/>\n<meta property=\"article:publisher\" content=\"https:\/\/www.facebook.com\/eltextual\" \/>\n<meta property=\"article:published_time\" content=\"2025-03-26T16:53:00+00:00\" \/>\n<meta property=\"article:modified_time\" content=\"2025-03-27T12:36:54+00:00\" \/>\n<meta property=\"og:image\" content=\"https:\/\/diariotextual.com\/inicio\/wp-content\/uploads\/2025\/03\/monsalveleonellegislaturaelmedanito2025-79.jpg\" \/>\n\t<meta property=\"og:image:width\" content=\"1500\" \/>\n\t<meta property=\"og:image:height\" content=\"994\" \/>\n\t<meta property=\"og:image:type\" content=\"image\/jpeg\" \/>\n<meta name=\"author\" content=\"diario5\" \/>\n<meta name=\"twitter:card\" content=\"summary_large_image\" \/>\n<meta name=\"twitter:creator\" content=\"@eltextual\" \/>\n<meta name=\"twitter:site\" content=\"@eltextual\" \/>\n<meta name=\"twitter:label1\" content=\"Escrito por\" \/>\n\t<meta name=\"twitter:data1\" content=\"diario5\" \/>\n\t<meta name=\"twitter:label2\" content=\"Tiempo de lectura\" \/>\n\t<meta name=\"twitter:data2\" content=\"8 minutos\" \/>\n<script type=\"application\/ld+json\" class=\"yoast-schema-graph\">{\"@context\":\"https:\\\/\\\/schema.org\",\"@graph\":[{\"@type\":\"Article\",\"@id\":\"https:\\\/\\\/diariotextual.com\\\/inicio\\\/index.php\\\/2025\\\/03\\\/26\\\/el-medanito-el-intendente-monsalve-va-a-la-legislatura-a-pedir-que-apuren-el-tratamiento-del-proyecto\\\/#article\",\"isPartOf\":{\"@id\":\"https:\\\/\\\/diariotextual.com\\\/inicio\\\/index.php\\\/2025\\\/03\\\/26\\\/el-medanito-el-intendente-monsalve-va-a-la-legislatura-a-pedir-que-apuren-el-tratamiento-del-proyecto\\\/\"},\"author\":{\"name\":\"diario5\",\"@id\":\"https:\\\/\\\/diariotextual.com\\\/inicio\\\/#\\\/schema\\\/person\\\/c7834961ad8b29b1d9cdbf4571299067\"},\"headline\":\"El Medanito: el intendente de 25 de Mayo pidi\u00f3 a diputados que aprueben el proyecto sin el data room\",\"datePublished\":\"2025-03-26T16:53:00+00:00\",\"dateModified\":\"2025-03-27T12:36:54+00:00\",\"mainEntityOfPage\":{\"@id\":\"https:\\\/\\\/diariotextual.com\\\/inicio\\\/index.php\\\/2025\\\/03\\\/26\\\/el-medanito-el-intendente-monsalve-va-a-la-legislatura-a-pedir-que-apuren-el-tratamiento-del-proyecto\\\/\"},\"wordCount\":1682,\"publisher\":{\"@id\":\"https:\\\/\\\/diariotextual.com\\\/inicio\\\/#organization\"},\"image\":{\"@id\":\"https:\\\/\\\/diariotextual.com\\\/inicio\\\/index.php\\\/2025\\\/03\\\/26\\\/el-medanito-el-intendente-monsalve-va-a-la-legislatura-a-pedir-que-apuren-el-tratamiento-del-proyecto\\\/#primaryimage\"},\"thumbnailUrl\":\"https:\\\/\\\/diariotextual.com\\\/inicio\\\/wp-content\\\/uploads\\\/2025\\\/03\\\/monsalveleonellegislaturaelmedanito2025-79.jpg\",\"articleSection\":[\"A - PORTADA2\",\"POLITICA\"],\"inLanguage\":\"es\"},{\"@type\":\"WebPage\",\"@id\":\"https:\\\/\\\/diariotextual.com\\\/inicio\\\/index.php\\\/2025\\\/03\\\/26\\\/el-medanito-el-intendente-monsalve-va-a-la-legislatura-a-pedir-que-apuren-el-tratamiento-del-proyecto\\\/\",\"url\":\"https:\\\/\\\/diariotextual.com\\\/inicio\\\/index.php\\\/2025\\\/03\\\/26\\\/el-medanito-el-intendente-monsalve-va-a-la-legislatura-a-pedir-que-apuren-el-tratamiento-del-proyecto\\\/\",\"name\":\"El Medanito: el intendente de 25 de Mayo pidi\u00f3 a diputados que aprueben el proyecto sin el data room - Diario Textual\",\"isPartOf\":{\"@id\":\"https:\\\/\\\/diariotextual.com\\\/inicio\\\/#website\"},\"primaryImageOfPage\":{\"@id\":\"https:\\\/\\\/diariotextual.com\\\/inicio\\\/index.php\\\/2025\\\/03\\\/26\\\/el-medanito-el-intendente-monsalve-va-a-la-legislatura-a-pedir-que-apuren-el-tratamiento-del-proyecto\\\/#primaryimage\"},\"image\":{\"@id\":\"https:\\\/\\\/diariotextual.com\\\/inicio\\\/index.php\\\/2025\\\/03\\\/26\\\/el-medanito-el-intendente-monsalve-va-a-la-legislatura-a-pedir-que-apuren-el-tratamiento-del-proyecto\\\/#primaryimage\"},\"thumbnailUrl\":\"https:\\\/\\\/diariotextual.com\\\/inicio\\\/wp-content\\\/uploads\\\/2025\\\/03\\\/monsalveleonellegislaturaelmedanito2025-79.jpg\",\"datePublished\":\"2025-03-26T16:53:00+00:00\",\"dateModified\":\"2025-03-27T12:36:54+00:00\",\"breadcrumb\":{\"@id\":\"https:\\\/\\\/diariotextual.com\\\/inicio\\\/index.php\\\/2025\\\/03\\\/26\\\/el-medanito-el-intendente-monsalve-va-a-la-legislatura-a-pedir-que-apuren-el-tratamiento-del-proyecto\\\/#breadcrumb\"},\"inLanguage\":\"es\",\"potentialAction\":[{\"@type\":\"ReadAction\",\"target\":[\"https:\\\/\\\/diariotextual.com\\\/inicio\\\/index.php\\\/2025\\\/03\\\/26\\\/el-medanito-el-intendente-monsalve-va-a-la-legislatura-a-pedir-que-apuren-el-tratamiento-del-proyecto\\\/\"]}]},{\"@type\":\"ImageObject\",\"inLanguage\":\"es\",\"@id\":\"https:\\\/\\\/diariotextual.com\\\/inicio\\\/index.php\\\/2025\\\/03\\\/26\\\/el-medanito-el-intendente-monsalve-va-a-la-legislatura-a-pedir-que-apuren-el-tratamiento-del-proyecto\\\/#primaryimage\",\"url\":\"https:\\\/\\\/diariotextual.com\\\/inicio\\\/wp-content\\\/uploads\\\/2025\\\/03\\\/monsalveleonellegislaturaelmedanito2025-79.jpg\",\"contentUrl\":\"https:\\\/\\\/diariotextual.com\\\/inicio\\\/wp-content\\\/uploads\\\/2025\\\/03\\\/monsalveleonellegislaturaelmedanito2025-79.jpg\",\"width\":1500,\"height\":994},{\"@type\":\"BreadcrumbList\",\"@id\":\"https:\\\/\\\/diariotextual.com\\\/inicio\\\/index.php\\\/2025\\\/03\\\/26\\\/el-medanito-el-intendente-monsalve-va-a-la-legislatura-a-pedir-que-apuren-el-tratamiento-del-proyecto\\\/#breadcrumb\",\"itemListElement\":[{\"@type\":\"ListItem\",\"position\":1,\"name\":\"Portada\",\"item\":\"https:\\\/\\\/diariotextual.com\\\/inicio\\\/\"},{\"@type\":\"ListItem\",\"position\":2,\"name\":\"El Medanito: el intendente de 25 de Mayo pidi\u00f3 a diputados que aprueben el proyecto sin el data room\"}]},{\"@type\":\"WebSite\",\"@id\":\"https:\\\/\\\/diariotextual.com\\\/inicio\\\/#website\",\"url\":\"https:\\\/\\\/diariotextual.com\\\/inicio\\\/\",\"name\":\"Diario Textual\",\"description\":\"\",\"publisher\":{\"@id\":\"https:\\\/\\\/diariotextual.com\\\/inicio\\\/#organization\"},\"potentialAction\":[{\"@type\":\"SearchAction\",\"target\":{\"@type\":\"EntryPoint\",\"urlTemplate\":\"https:\\\/\\\/diariotextual.com\\\/inicio\\\/?s={search_term_string}\"},\"query-input\":{\"@type\":\"PropertyValueSpecification\",\"valueRequired\":true,\"valueName\":\"search_term_string\"}}],\"inLanguage\":\"es\"},{\"@type\":\"Organization\",\"@id\":\"https:\\\/\\\/diariotextual.com\\\/inicio\\\/#organization\",\"name\":\"Diario Textual\",\"url\":\"https:\\\/\\\/diariotextual.com\\\/inicio\\\/\",\"logo\":{\"@type\":\"ImageObject\",\"inLanguage\":\"es\",\"@id\":\"https:\\\/\\\/diariotextual.com\\\/inicio\\\/#\\\/schema\\\/logo\\\/image\\\/\",\"url\":\"https:\\\/\\\/diariotextual.com\\\/inicio\\\/wp-content\\\/uploads\\\/2023\\\/05\\\/logotextual1.jpg\",\"contentUrl\":\"https:\\\/\\\/diariotextual.com\\\/inicio\\\/wp-content\\\/uploads\\\/2023\\\/05\\\/logotextual1.jpg\",\"width\":516,\"height\":76,\"caption\":\"Diario Textual\"},\"image\":{\"@id\":\"https:\\\/\\\/diariotextual.com\\\/inicio\\\/#\\\/schema\\\/logo\\\/image\\\/\"},\"sameAs\":[\"https:\\\/\\\/www.facebook.com\\\/eltextual\",\"https:\\\/\\\/x.com\\\/eltextual\",\"http:\\\/\\\/www.instagram.com\\\/eltextual\"]},{\"@type\":\"Person\",\"@id\":\"https:\\\/\\\/diariotextual.com\\\/inicio\\\/#\\\/schema\\\/person\\\/c7834961ad8b29b1d9cdbf4571299067\",\"name\":\"diario5\",\"image\":{\"@type\":\"ImageObject\",\"inLanguage\":\"es\",\"@id\":\"https:\\\/\\\/secure.gravatar.com\\\/avatar\\\/948c893b847ca6df68216ead81b63f363408ec9b0f600fefc0641ce78613b111?s=96&d=mm&r=g\",\"url\":\"https:\\\/\\\/secure.gravatar.com\\\/avatar\\\/948c893b847ca6df68216ead81b63f363408ec9b0f600fefc0641ce78613b111?s=96&d=mm&r=g\",\"contentUrl\":\"https:\\\/\\\/secure.gravatar.com\\\/avatar\\\/948c893b847ca6df68216ead81b63f363408ec9b0f600fefc0641ce78613b111?s=96&d=mm&r=g\",\"caption\":\"diario5\"},\"url\":\"https:\\\/\\\/diariotextual.com\\\/inicio\\\/index.php\\\/author\\\/diario5\\\/\"}]}<\/script>\n<!-- \/ Yoast SEO plugin. -->","yoast_head_json":{"title":"El Medanito: el intendente de 25 de Mayo pidi\u00f3 a diputados que aprueben el proyecto sin el data room - Diario Textual","robots":{"index":"index","follow":"follow","max-snippet":"max-snippet:-1","max-image-preview":"max-image-preview:large","max-video-preview":"max-video-preview:-1"},"canonical":"https:\/\/diariotextual.com\/inicio\/index.php\/2025\/03\/26\/el-medanito-el-intendente-monsalve-va-a-la-legislatura-a-pedir-que-apuren-el-tratamiento-del-proyecto\/","og_locale":"es_ES","og_type":"article","og_title":"El Medanito: el intendente de 25 de Mayo pidi\u00f3 a diputados que aprueben el proyecto sin el data room - Diario Textual","og_description":"El intendente de 25 de Mayo, Leonel Monsalve (Juntos por el Cambio, del PRO), asisti\u00f3 este mi\u00e9rcoles a la Legislatura a exponer ante los diputados y diputadas la urgencia de&hellip;","og_url":"https:\/\/diariotextual.com\/inicio\/index.php\/2025\/03\/26\/el-medanito-el-intendente-monsalve-va-a-la-legislatura-a-pedir-que-apuren-el-tratamiento-del-proyecto\/","og_site_name":"Diario Textual","article_publisher":"https:\/\/www.facebook.com\/eltextual","article_published_time":"2025-03-26T16:53:00+00:00","article_modified_time":"2025-03-27T12:36:54+00:00","og_image":[{"width":1500,"height":994,"url":"https:\/\/diariotextual.com\/inicio\/wp-content\/uploads\/2025\/03\/monsalveleonellegislaturaelmedanito2025-79.jpg","type":"image\/jpeg"}],"author":"diario5","twitter_card":"summary_large_image","twitter_creator":"@eltextual","twitter_site":"@eltextual","twitter_misc":{"Escrito por":"diario5","Tiempo de lectura":"8 minutos"},"schema":{"@context":"https:\/\/schema.org","@graph":[{"@type":"Article","@id":"https:\/\/diariotextual.com\/inicio\/index.php\/2025\/03\/26\/el-medanito-el-intendente-monsalve-va-a-la-legislatura-a-pedir-que-apuren-el-tratamiento-del-proyecto\/#article","isPartOf":{"@id":"https:\/\/diariotextual.com\/inicio\/index.php\/2025\/03\/26\/el-medanito-el-intendente-monsalve-va-a-la-legislatura-a-pedir-que-apuren-el-tratamiento-del-proyecto\/"},"author":{"name":"diario5","@id":"https:\/\/diariotextual.com\/inicio\/#\/schema\/person\/c7834961ad8b29b1d9cdbf4571299067"},"headline":"El Medanito: el intendente de 25 de Mayo pidi\u00f3 a diputados que aprueben el proyecto sin el data room","datePublished":"2025-03-26T16:53:00+00:00","dateModified":"2025-03-27T12:36:54+00:00","mainEntityOfPage":{"@id":"https:\/\/diariotextual.com\/inicio\/index.php\/2025\/03\/26\/el-medanito-el-intendente-monsalve-va-a-la-legislatura-a-pedir-que-apuren-el-tratamiento-del-proyecto\/"},"wordCount":1682,"publisher":{"@id":"https:\/\/diariotextual.com\/inicio\/#organization"},"image":{"@id":"https:\/\/diariotextual.com\/inicio\/index.php\/2025\/03\/26\/el-medanito-el-intendente-monsalve-va-a-la-legislatura-a-pedir-que-apuren-el-tratamiento-del-proyecto\/#primaryimage"},"thumbnailUrl":"https:\/\/diariotextual.com\/inicio\/wp-content\/uploads\/2025\/03\/monsalveleonellegislaturaelmedanito2025-79.jpg","articleSection":["A - PORTADA2","POLITICA"],"inLanguage":"es"},{"@type":"WebPage","@id":"https:\/\/diariotextual.com\/inicio\/index.php\/2025\/03\/26\/el-medanito-el-intendente-monsalve-va-a-la-legislatura-a-pedir-que-apuren-el-tratamiento-del-proyecto\/","url":"https:\/\/diariotextual.com\/inicio\/index.php\/2025\/03\/26\/el-medanito-el-intendente-monsalve-va-a-la-legislatura-a-pedir-que-apuren-el-tratamiento-del-proyecto\/","name":"El Medanito: el intendente de 25 de Mayo pidi\u00f3 a diputados que aprueben el proyecto sin el data room - Diario Textual","isPartOf":{"@id":"https:\/\/diariotextual.com\/inicio\/#website"},"primaryImageOfPage":{"@id":"https:\/\/diariotextual.com\/inicio\/index.php\/2025\/03\/26\/el-medanito-el-intendente-monsalve-va-a-la-legislatura-a-pedir-que-apuren-el-tratamiento-del-proyecto\/#primaryimage"},"image":{"@id":"https:\/\/diariotextual.com\/inicio\/index.php\/2025\/03\/26\/el-medanito-el-intendente-monsalve-va-a-la-legislatura-a-pedir-que-apuren-el-tratamiento-del-proyecto\/#primaryimage"},"thumbnailUrl":"https:\/\/diariotextual.com\/inicio\/wp-content\/uploads\/2025\/03\/monsalveleonellegislaturaelmedanito2025-79.jpg","datePublished":"2025-03-26T16:53:00+00:00","dateModified":"2025-03-27T12:36:54+00:00","breadcrumb":{"@id":"https:\/\/diariotextual.com\/inicio\/index.php\/2025\/03\/26\/el-medanito-el-intendente-monsalve-va-a-la-legislatura-a-pedir-que-apuren-el-tratamiento-del-proyecto\/#breadcrumb"},"inLanguage":"es","potentialAction":[{"@type":"ReadAction","target":["https:\/\/diariotextual.com\/inicio\/index.php\/2025\/03\/26\/el-medanito-el-intendente-monsalve-va-a-la-legislatura-a-pedir-que-apuren-el-tratamiento-del-proyecto\/"]}]},{"@type":"ImageObject","inLanguage":"es","@id":"https:\/\/diariotextual.com\/inicio\/index.php\/2025\/03\/26\/el-medanito-el-intendente-monsalve-va-a-la-legislatura-a-pedir-que-apuren-el-tratamiento-del-proyecto\/#primaryimage","url":"https:\/\/diariotextual.com\/inicio\/wp-content\/uploads\/2025\/03\/monsalveleonellegislaturaelmedanito2025-79.jpg","contentUrl":"https:\/\/diariotextual.com\/inicio\/wp-content\/uploads\/2025\/03\/monsalveleonellegislaturaelmedanito2025-79.jpg","width":1500,"height":994},{"@type":"BreadcrumbList","@id":"https:\/\/diariotextual.com\/inicio\/index.php\/2025\/03\/26\/el-medanito-el-intendente-monsalve-va-a-la-legislatura-a-pedir-que-apuren-el-tratamiento-del-proyecto\/#breadcrumb","itemListElement":[{"@type":"ListItem","position":1,"name":"Portada","item":"https:\/\/diariotextual.com\/inicio\/"},{"@type":"ListItem","position":2,"name":"El Medanito: el intendente de 25 de Mayo pidi\u00f3 a diputados que aprueben el proyecto sin el data room"}]},{"@type":"WebSite","@id":"https:\/\/diariotextual.com\/inicio\/#website","url":"https:\/\/diariotextual.com\/inicio\/","name":"Diario Textual","description":"","publisher":{"@id":"https:\/\/diariotextual.com\/inicio\/#organization"},"potentialAction":[{"@type":"SearchAction","target":{"@type":"EntryPoint","urlTemplate":"https:\/\/diariotextual.com\/inicio\/?s={search_term_string}"},"query-input":{"@type":"PropertyValueSpecification","valueRequired":true,"valueName":"search_term_string"}}],"inLanguage":"es"},{"@type":"Organization","@id":"https:\/\/diariotextual.com\/inicio\/#organization","name":"Diario Textual","url":"https:\/\/diariotextual.com\/inicio\/","logo":{"@type":"ImageObject","inLanguage":"es","@id":"https:\/\/diariotextual.com\/inicio\/#\/schema\/logo\/image\/","url":"https:\/\/diariotextual.com\/inicio\/wp-content\/uploads\/2023\/05\/logotextual1.jpg","contentUrl":"https:\/\/diariotextual.com\/inicio\/wp-content\/uploads\/2023\/05\/logotextual1.jpg","width":516,"height":76,"caption":"Diario Textual"},"image":{"@id":"https:\/\/diariotextual.com\/inicio\/#\/schema\/logo\/image\/"},"sameAs":["https:\/\/www.facebook.com\/eltextual","https:\/\/x.com\/eltextual","http:\/\/www.instagram.com\/eltextual"]},{"@type":"Person","@id":"https:\/\/diariotextual.com\/inicio\/#\/schema\/person\/c7834961ad8b29b1d9cdbf4571299067","name":"diario5","image":{"@type":"ImageObject","inLanguage":"es","@id":"https:\/\/secure.gravatar.com\/avatar\/948c893b847ca6df68216ead81b63f363408ec9b0f600fefc0641ce78613b111?s=96&d=mm&r=g","url":"https:\/\/secure.gravatar.com\/avatar\/948c893b847ca6df68216ead81b63f363408ec9b0f600fefc0641ce78613b111?s=96&d=mm&r=g","contentUrl":"https:\/\/secure.gravatar.com\/avatar\/948c893b847ca6df68216ead81b63f363408ec9b0f600fefc0641ce78613b111?s=96&d=mm&r=g","caption":"diario5"},"url":"https:\/\/diariotextual.com\/inicio\/index.php\/author\/diario5\/"}]}},"_links":{"self":[{"href":"https:\/\/diariotextual.com\/inicio\/index.php\/wp-json\/wp\/v2\/posts\/292386","targetHints":{"allow":["GET"]}}],"collection":[{"href":"https:\/\/diariotextual.com\/inicio\/index.php\/wp-json\/wp\/v2\/posts"}],"about":[{"href":"https:\/\/diariotextual.com\/inicio\/index.php\/wp-json\/wp\/v2\/types\/post"}],"author":[{"embeddable":true,"href":"https:\/\/diariotextual.com\/inicio\/index.php\/wp-json\/wp\/v2\/users\/7"}],"replies":[{"embeddable":true,"href":"https:\/\/diariotextual.com\/inicio\/index.php\/wp-json\/wp\/v2\/comments?post=292386"}],"version-history":[{"count":10,"href":"https:\/\/diariotextual.com\/inicio\/index.php\/wp-json\/wp\/v2\/posts\/292386\/revisions"}],"predecessor-version":[{"id":292449,"href":"https:\/\/diariotextual.com\/inicio\/index.php\/wp-json\/wp\/v2\/posts\/292386\/revisions\/292449"}],"wp:featuredmedia":[{"embeddable":true,"href":"https:\/\/diariotextual.com\/inicio\/index.php\/wp-json\/wp\/v2\/media\/292464"}],"wp:attachment":[{"href":"https:\/\/diariotextual.com\/inicio\/index.php\/wp-json\/wp\/v2\/media?parent=292386"}],"wp:term":[{"taxonomy":"category","embeddable":true,"href":"https:\/\/diariotextual.com\/inicio\/index.php\/wp-json\/wp\/v2\/categories?post=292386"},{"taxonomy":"post_tag","embeddable":true,"href":"https:\/\/diariotextual.com\/inicio\/index.php\/wp-json\/wp\/v2\/tags?post=292386"}],"curies":[{"name":"wp","href":"https:\/\/api.w.org\/{rel}","templated":true}]}}