{"id":292499,"date":"2025-03-27T08:50:09","date_gmt":"2025-03-27T11:50:09","guid":{"rendered":"https:\/\/diariotextual.com\/inicio\/?p=292499"},"modified":"2025-03-27T09:38:52","modified_gmt":"2025-03-27T12:38:52","slug":"el-medanito-la-presidenta-del-bloque-del-pro-dice-que-la-traba-esta-en-el-frejupa","status":"publish","type":"post","link":"https:\/\/diariotextual.com\/inicio\/index.php\/2025\/03\/27\/el-medanito-la-presidenta-del-bloque-del-pro-dice-que-la-traba-esta-en-el-frejupa\/","title":{"rendered":"El Medanito: la presidenta del bloque del PRO dice que \u201cla traba\u201d est\u00e1 en el peronismo"},"content":{"rendered":"\n<p>La presidenta del bloque de diputados y diputadas del PRO, <strong>Mar\u00eda Laura Trapaglia<\/strong>, dijo este jueves que \u201cla traba\u201d para aprobar el proyecto que autoriza al Gobierno provincial a llamar a licitaci\u00f3n del \u00e1rea petrolera <strong>El Medanito<\/strong> est\u00e1 en el bloque peronista del Frejupa.<\/p>\n\n\n\n<p><strong>\u201cLa traba est\u00e1 en el mismo Frejupa. Le hicieron muchos planteos cuando vino (el secretario de Energ\u00eda, Mat\u00edas) Toso a la comisi\u00f3n. Nos sorprendimos\u201d<\/strong>, dijo Trapaglia en declaraciones a Radio Kerm\u00e9s.<\/p>\n\n\n\n<p><strong>El PRO, al igual que la UCR, sostiene que hay sectores del peronismo, concretamente los cinco legisladores que responden a Carlos Verna, que tienen serias dudas en avanzar con la ley que propone Sergio Ziliotto.<\/strong><\/p>\n\n\n\n<p>Ayer, en un plenario al que asisti\u00f3 el intendente de 25 de Mayo, una de las espadas del vernismo en la Legislatura, <strong>Daniel Lovera<\/strong>, blanque\u00f3 los reparos que tiene ese sector del peronismo para dar luz verde al proyecto.&nbsp;\u201cCuando ac\u00e1 se habla de que se tiene que aprobarse el proyecto de manera urgente porque falta inversi\u00f3n, de que hay que hacer m\u00e1s perforaciones, de que habr\u00eda que hacer perforaciones secundarias\u2026 todo esto est\u00e1 pactado en el contrato actual.&nbsp;\u00bfNo deber\u00edan ustedes, como municipio, exigirle al Gobierno y a la empresa el cumplimiento del actual contrato?&nbsp;Parece m\u00e1s f\u00e1cil ir a alg\u00fan medio y decir: \u2018Espero que se apuren\u2019\u201d, lanz\u00f3.<\/p>\n\n\n\n<p>\u201cLo que no puedo entender, porque las matem\u00e1ticas no me dan es \u00bfpor qu\u00e9 consideran que ante la necesidad de recursos que 25 de Mayo tiene le favorecer\u00eda que a las regal\u00edas las bajen al 10% , que mantenerlas como hoy al 35%?\u201d, pregunt\u00f3 Lovera. \u201cHay que tener mucho cuidado y analizar todo profundamente porque seguramente esta ley ser\u00e1 la m\u00e1s importante que va a tener la provincia de La Pampa en la historia democr\u00e1tica, en cuanto a recursos y ser\u00e1 por 30 o 35 a\u00f1os\u201d.<\/p>\n\n\n\n<p>El proyecto que envi\u00f3 el Gobierno provincial a fines de noviembre del a\u00f1o pasado est\u00e1 estancado en la Legislatura porque la oposici\u00f3n, fundamentalmente el radicalismo, exige que antes de tratarlo se presente un data room, un estudio t\u00e9cnico pormenorizado del \u00e1rea.<\/p>\n\n\n\n<p>El Gobierno present\u00f3 un estudio de factibilidad que, sostiene, es m\u00e1s completo que el data room.<\/p>\n\n\n\n<p>En rigor,&nbsp;todos -tanto el Gobierno, como los legisladores del PJ, la UCR, Pro y Comunidad Organizada- est\u00e1n de acuerdo en hacerlo. La diferencia es cu\u00e1ndo: si antes o despu\u00e9s de aprobada la ley.<\/p>\n\n\n\n<p>D\u00edas atr\u00e1s fueron a la Legislatura el secretario de Energ\u00eda,&nbsp;Mat\u00edas Toso, y la presidenta de Pampetrol,&nbsp;Mar\u00eda Roveda. Toso les reclam\u00f3 a los legisladores di\u00e1logo para lograr consenso y confirm\u00f3, como ya hab\u00edan manifestado desde Casa de Gobierno, que&nbsp;el data room se va a encargar antes del llamado a licitaci\u00f3n. De todas maneras, reiter\u00f3 que la informaci\u00f3n que reclama la oposici\u00f3n con el data room est\u00e1 contenida y de modo m\u00e1s amplio en el&nbsp;<strong><a href=\"https:\/\/diariotextual.com\/inicio\/index.php\/2025\/02\/18\/mejor-que-un-data-room-el-gobierno-envio-estudio-completo-de-factibilidad-de-el-medanito-y-se-ofrecio-a-ir-a-la-legislatura\/\" target=\"_blank\" rel=\"noreferrer noopener\">estudio de factibilidad<\/a><\/strong>&nbsp;que ya present\u00f3 el Gobierno.&nbsp;\u201cEsto es un tema de Estado, no de Gobierno\u201d, advirti\u00f3.<\/p>\n\n\n\n<p>El Medanito tiene unos 200 pozos en actividad y es la principal \u00e1rea hidrocarbur\u00edfera de la provincia, que genera el 10 por ciento de los ingresos de la Provincia, de los cuales, el 25% se distribuyen entre las municipalidades. La concesi\u00f3n de \u00e1rea, a cargo de PCR desde 1992, se vence en junio de 2026. Por ley, se debe llamar a una licitaci\u00f3n para que PCR u otros interesados puedan hacer sus ofertas.<\/p>\n\n\n\n<p>Hay apuro para sacar el proyecto, tanto en Casa de Gobierno, como en la intendencia de 25 de Mayo. <strong><a href=\"https:\/\/diariotextual.com\/inicio\/index.php\/2025\/03\/26\/el-medanito-el-intendente-monsalve-va-a-la-legislatura-a-pedir-que-apuren-el-tratamiento-del-proyecto\/\" target=\"_blank\" rel=\"noreferrer noopener\">El jefe comunal de esa localidad,&nbsp;Leonel Monsalve (Juntos por el Cambio, del PRO), asisti\u00f3 este mi\u00e9rcoles a la Legislatura a exponer ante los diputados y diputadas la&nbsp;urgencia&nbsp;de aprobarlo<\/a><\/strong>: dijo que la situaci\u00f3n social y laboral es \u201ctensa\u201d y le reclam\u00f3 a los legisladores que avancen en el tratamiento.&nbsp;\u201cPueden avanzar teniendo un data room sobre la marcha. Es algo que le sirve m\u00e1s a las empresas que a nosotros. Me parece que se puede avanzar\u201d, dijo.<\/p>\n\n\n\n<p>El Gobierno tambi\u00e9n tiene urgencia porque la demora en la Legislatura \u201cya est\u00e1 impactando en los municipios\u201d, seg\u00fan dijo el ministro de Hacienda, Guido Bisterfeld. <\/p>\n\n\n\n<p><\/p>\n","protected":false},"excerpt":{"rendered":"<p>La presidenta del bloque de diputados y diputadas del PRO, Mar\u00eda Laura Trapaglia, dijo este jueves que \u201cla traba\u201d para aprobar el proyecto que autoriza al Gobierno provincial a llamar&hellip;<\/p>\n","protected":false},"author":7,"featured_media":202355,"comment_status":"closed","ping_status":"open","sticky":false,"template":"","format":"standard","meta":{"_acf_changed":false,"footnotes":""},"categories":[4,8],"tags":[],"class_list":["post-292499","post","type-post","status-publish","format-standard","has-post-thumbnail","hentry","category-destacadas","category-politica"],"acf":[],"yoast_head":"<!-- This site is optimized with the Yoast SEO plugin v27.4 - https:\/\/yoast.com\/product\/yoast-seo-wordpress\/ -->\n<title>El Medanito: la presidenta del bloque del PRO dice que \u201cla traba\u201d est\u00e1 en el peronismo - Diario Textual<\/title>\n<meta name=\"robots\" content=\"index, follow, max-snippet:-1, max-image-preview:large, max-video-preview:-1\" \/>\n<link rel=\"canonical\" href=\"https:\/\/diariotextual.com\/inicio\/index.php\/2025\/03\/27\/el-medanito-la-presidenta-del-bloque-del-pro-dice-que-la-traba-esta-en-el-frejupa\/\" \/>\n<meta property=\"og:locale\" content=\"es_ES\" \/>\n<meta property=\"og:type\" content=\"article\" \/>\n<meta property=\"og:title\" content=\"El Medanito: la presidenta del bloque del PRO dice que \u201cla traba\u201d est\u00e1 en el peronismo - Diario Textual\" \/>\n<meta property=\"og:description\" content=\"La presidenta del bloque de diputados y diputadas del PRO, Mar\u00eda Laura Trapaglia, dijo este jueves que \u201cla traba\u201d para aprobar el proyecto que autoriza al Gobierno provincial a llamar&hellip;\" \/>\n<meta property=\"og:url\" content=\"https:\/\/diariotextual.com\/inicio\/index.php\/2025\/03\/27\/el-medanito-la-presidenta-del-bloque-del-pro-dice-que-la-traba-esta-en-el-frejupa\/\" \/>\n<meta property=\"og:site_name\" content=\"Diario Textual\" \/>\n<meta property=\"article:publisher\" content=\"https:\/\/www.facebook.com\/eltextual\" \/>\n<meta property=\"article:published_time\" content=\"2025-03-27T11:50:09+00:00\" \/>\n<meta property=\"article:modified_time\" content=\"2025-03-27T12:38:52+00:00\" \/>\n<meta property=\"og:image\" content=\"https:\/\/diariotextual.com\/inicio\/wp-content\/uploads\/2022\/10\/trapaglialaura2022-1.jpeg\" \/>\n\t<meta property=\"og:image:width\" content=\"1024\" \/>\n\t<meta property=\"og:image:height\" content=\"678\" \/>\n\t<meta property=\"og:image:type\" content=\"image\/jpeg\" \/>\n<meta name=\"author\" content=\"diario5\" \/>\n<meta name=\"twitter:card\" content=\"summary_large_image\" \/>\n<meta name=\"twitter:creator\" content=\"@eltextual\" \/>\n<meta name=\"twitter:site\" content=\"@eltextual\" \/>\n<meta name=\"twitter:label1\" content=\"Escrito por\" \/>\n\t<meta name=\"twitter:data1\" content=\"diario5\" \/>\n\t<meta name=\"twitter:label2\" content=\"Tiempo de lectura\" \/>\n\t<meta name=\"twitter:data2\" content=\"4 minutos\" \/>\n<script type=\"application\/ld+json\" class=\"yoast-schema-graph\">{\"@context\":\"https:\\\/\\\/schema.org\",\"@graph\":[{\"@type\":\"Article\",\"@id\":\"https:\\\/\\\/diariotextual.com\\\/inicio\\\/index.php\\\/2025\\\/03\\\/27\\\/el-medanito-la-presidenta-del-bloque-del-pro-dice-que-la-traba-esta-en-el-frejupa\\\/#article\",\"isPartOf\":{\"@id\":\"https:\\\/\\\/diariotextual.com\\\/inicio\\\/index.php\\\/2025\\\/03\\\/27\\\/el-medanito-la-presidenta-del-bloque-del-pro-dice-que-la-traba-esta-en-el-frejupa\\\/\"},\"author\":{\"name\":\"diario5\",\"@id\":\"https:\\\/\\\/diariotextual.com\\\/inicio\\\/#\\\/schema\\\/person\\\/c7834961ad8b29b1d9cdbf4571299067\"},\"headline\":\"El Medanito: la presidenta del bloque del PRO dice que \u201cla traba\u201d est\u00e1 en el peronismo\",\"datePublished\":\"2025-03-27T11:50:09+00:00\",\"dateModified\":\"2025-03-27T12:38:52+00:00\",\"mainEntityOfPage\":{\"@id\":\"https:\\\/\\\/diariotextual.com\\\/inicio\\\/index.php\\\/2025\\\/03\\\/27\\\/el-medanito-la-presidenta-del-bloque-del-pro-dice-que-la-traba-esta-en-el-frejupa\\\/\"},\"wordCount\":749,\"publisher\":{\"@id\":\"https:\\\/\\\/diariotextual.com\\\/inicio\\\/#organization\"},\"image\":{\"@id\":\"https:\\\/\\\/diariotextual.com\\\/inicio\\\/index.php\\\/2025\\\/03\\\/27\\\/el-medanito-la-presidenta-del-bloque-del-pro-dice-que-la-traba-esta-en-el-frejupa\\\/#primaryimage\"},\"thumbnailUrl\":\"https:\\\/\\\/diariotextual.com\\\/inicio\\\/wp-content\\\/uploads\\\/2022\\\/10\\\/trapaglialaura2022-1.jpeg\",\"articleSection\":[\"A - DESTACADAS (mod 16)\",\"POLITICA\"],\"inLanguage\":\"es\"},{\"@type\":\"WebPage\",\"@id\":\"https:\\\/\\\/diariotextual.com\\\/inicio\\\/index.php\\\/2025\\\/03\\\/27\\\/el-medanito-la-presidenta-del-bloque-del-pro-dice-que-la-traba-esta-en-el-frejupa\\\/\",\"url\":\"https:\\\/\\\/diariotextual.com\\\/inicio\\\/index.php\\\/2025\\\/03\\\/27\\\/el-medanito-la-presidenta-del-bloque-del-pro-dice-que-la-traba-esta-en-el-frejupa\\\/\",\"name\":\"El Medanito: la presidenta del bloque del PRO dice que \u201cla traba\u201d est\u00e1 en el peronismo - Diario Textual\",\"isPartOf\":{\"@id\":\"https:\\\/\\\/diariotextual.com\\\/inicio\\\/#website\"},\"primaryImageOfPage\":{\"@id\":\"https:\\\/\\\/diariotextual.com\\\/inicio\\\/index.php\\\/2025\\\/03\\\/27\\\/el-medanito-la-presidenta-del-bloque-del-pro-dice-que-la-traba-esta-en-el-frejupa\\\/#primaryimage\"},\"image\":{\"@id\":\"https:\\\/\\\/diariotextual.com\\\/inicio\\\/index.php\\\/2025\\\/03\\\/27\\\/el-medanito-la-presidenta-del-bloque-del-pro-dice-que-la-traba-esta-en-el-frejupa\\\/#primaryimage\"},\"thumbnailUrl\":\"https:\\\/\\\/diariotextual.com\\\/inicio\\\/wp-content\\\/uploads\\\/2022\\\/10\\\/trapaglialaura2022-1.jpeg\",\"datePublished\":\"2025-03-27T11:50:09+00:00\",\"dateModified\":\"2025-03-27T12:38:52+00:00\",\"breadcrumb\":{\"@id\":\"https:\\\/\\\/diariotextual.com\\\/inicio\\\/index.php\\\/2025\\\/03\\\/27\\\/el-medanito-la-presidenta-del-bloque-del-pro-dice-que-la-traba-esta-en-el-frejupa\\\/#breadcrumb\"},\"inLanguage\":\"es\",\"potentialAction\":[{\"@type\":\"ReadAction\",\"target\":[\"https:\\\/\\\/diariotextual.com\\\/inicio\\\/index.php\\\/2025\\\/03\\\/27\\\/el-medanito-la-presidenta-del-bloque-del-pro-dice-que-la-traba-esta-en-el-frejupa\\\/\"]}]},{\"@type\":\"ImageObject\",\"inLanguage\":\"es\",\"@id\":\"https:\\\/\\\/diariotextual.com\\\/inicio\\\/index.php\\\/2025\\\/03\\\/27\\\/el-medanito-la-presidenta-del-bloque-del-pro-dice-que-la-traba-esta-en-el-frejupa\\\/#primaryimage\",\"url\":\"https:\\\/\\\/diariotextual.com\\\/inicio\\\/wp-content\\\/uploads\\\/2022\\\/10\\\/trapaglialaura2022-1.jpeg\",\"contentUrl\":\"https:\\\/\\\/diariotextual.com\\\/inicio\\\/wp-content\\\/uploads\\\/2022\\\/10\\\/trapaglialaura2022-1.jpeg\",\"width\":1024,\"height\":678},{\"@type\":\"BreadcrumbList\",\"@id\":\"https:\\\/\\\/diariotextual.com\\\/inicio\\\/index.php\\\/2025\\\/03\\\/27\\\/el-medanito-la-presidenta-del-bloque-del-pro-dice-que-la-traba-esta-en-el-frejupa\\\/#breadcrumb\",\"itemListElement\":[{\"@type\":\"ListItem\",\"position\":1,\"name\":\"Portada\",\"item\":\"https:\\\/\\\/diariotextual.com\\\/inicio\\\/\"},{\"@type\":\"ListItem\",\"position\":2,\"name\":\"El Medanito: la presidenta del bloque del PRO dice que \u201cla traba\u201d est\u00e1 en el peronismo\"}]},{\"@type\":\"WebSite\",\"@id\":\"https:\\\/\\\/diariotextual.com\\\/inicio\\\/#website\",\"url\":\"https:\\\/\\\/diariotextual.com\\\/inicio\\\/\",\"name\":\"Diario Textual\",\"description\":\"\",\"publisher\":{\"@id\":\"https:\\\/\\\/diariotextual.com\\\/inicio\\\/#organization\"},\"potentialAction\":[{\"@type\":\"SearchAction\",\"target\":{\"@type\":\"EntryPoint\",\"urlTemplate\":\"https:\\\/\\\/diariotextual.com\\\/inicio\\\/?s={search_term_string}\"},\"query-input\":{\"@type\":\"PropertyValueSpecification\",\"valueRequired\":true,\"valueName\":\"search_term_string\"}}],\"inLanguage\":\"es\"},{\"@type\":\"Organization\",\"@id\":\"https:\\\/\\\/diariotextual.com\\\/inicio\\\/#organization\",\"name\":\"Diario Textual\",\"url\":\"https:\\\/\\\/diariotextual.com\\\/inicio\\\/\",\"logo\":{\"@type\":\"ImageObject\",\"inLanguage\":\"es\",\"@id\":\"https:\\\/\\\/diariotextual.com\\\/inicio\\\/#\\\/schema\\\/logo\\\/image\\\/\",\"url\":\"https:\\\/\\\/diariotextual.com\\\/inicio\\\/wp-content\\\/uploads\\\/2023\\\/05\\\/logotextual1.jpg\",\"contentUrl\":\"https:\\\/\\\/diariotextual.com\\\/inicio\\\/wp-content\\\/uploads\\\/2023\\\/05\\\/logotextual1.jpg\",\"width\":516,\"height\":76,\"caption\":\"Diario Textual\"},\"image\":{\"@id\":\"https:\\\/\\\/diariotextual.com\\\/inicio\\\/#\\\/schema\\\/logo\\\/image\\\/\"},\"sameAs\":[\"https:\\\/\\\/www.facebook.com\\\/eltextual\",\"https:\\\/\\\/x.com\\\/eltextual\",\"http:\\\/\\\/www.instagram.com\\\/eltextual\"]},{\"@type\":\"Person\",\"@id\":\"https:\\\/\\\/diariotextual.com\\\/inicio\\\/#\\\/schema\\\/person\\\/c7834961ad8b29b1d9cdbf4571299067\",\"name\":\"diario5\",\"image\":{\"@type\":\"ImageObject\",\"inLanguage\":\"es\",\"@id\":\"https:\\\/\\\/secure.gravatar.com\\\/avatar\\\/948c893b847ca6df68216ead81b63f363408ec9b0f600fefc0641ce78613b111?s=96&d=mm&r=g\",\"url\":\"https:\\\/\\\/secure.gravatar.com\\\/avatar\\\/948c893b847ca6df68216ead81b63f363408ec9b0f600fefc0641ce78613b111?s=96&d=mm&r=g\",\"contentUrl\":\"https:\\\/\\\/secure.gravatar.com\\\/avatar\\\/948c893b847ca6df68216ead81b63f363408ec9b0f600fefc0641ce78613b111?s=96&d=mm&r=g\",\"caption\":\"diario5\"},\"url\":\"https:\\\/\\\/diariotextual.com\\\/inicio\\\/index.php\\\/author\\\/diario5\\\/\"}]}<\/script>\n<!-- \/ Yoast SEO plugin. -->","yoast_head_json":{"title":"El Medanito: la presidenta del bloque del PRO dice que \u201cla traba\u201d est\u00e1 en el peronismo - Diario Textual","robots":{"index":"index","follow":"follow","max-snippet":"max-snippet:-1","max-image-preview":"max-image-preview:large","max-video-preview":"max-video-preview:-1"},"canonical":"https:\/\/diariotextual.com\/inicio\/index.php\/2025\/03\/27\/el-medanito-la-presidenta-del-bloque-del-pro-dice-que-la-traba-esta-en-el-frejupa\/","og_locale":"es_ES","og_type":"article","og_title":"El Medanito: la presidenta del bloque del PRO dice que \u201cla traba\u201d est\u00e1 en el peronismo - Diario Textual","og_description":"La presidenta del bloque de diputados y diputadas del PRO, Mar\u00eda Laura Trapaglia, dijo este jueves que \u201cla traba\u201d para aprobar el proyecto que autoriza al Gobierno provincial a llamar&hellip;","og_url":"https:\/\/diariotextual.com\/inicio\/index.php\/2025\/03\/27\/el-medanito-la-presidenta-del-bloque-del-pro-dice-que-la-traba-esta-en-el-frejupa\/","og_site_name":"Diario Textual","article_publisher":"https:\/\/www.facebook.com\/eltextual","article_published_time":"2025-03-27T11:50:09+00:00","article_modified_time":"2025-03-27T12:38:52+00:00","og_image":[{"width":1024,"height":678,"url":"https:\/\/diariotextual.com\/inicio\/wp-content\/uploads\/2022\/10\/trapaglialaura2022-1.jpeg","type":"image\/jpeg"}],"author":"diario5","twitter_card":"summary_large_image","twitter_creator":"@eltextual","twitter_site":"@eltextual","twitter_misc":{"Escrito por":"diario5","Tiempo de lectura":"4 minutos"},"schema":{"@context":"https:\/\/schema.org","@graph":[{"@type":"Article","@id":"https:\/\/diariotextual.com\/inicio\/index.php\/2025\/03\/27\/el-medanito-la-presidenta-del-bloque-del-pro-dice-que-la-traba-esta-en-el-frejupa\/#article","isPartOf":{"@id":"https:\/\/diariotextual.com\/inicio\/index.php\/2025\/03\/27\/el-medanito-la-presidenta-del-bloque-del-pro-dice-que-la-traba-esta-en-el-frejupa\/"},"author":{"name":"diario5","@id":"https:\/\/diariotextual.com\/inicio\/#\/schema\/person\/c7834961ad8b29b1d9cdbf4571299067"},"headline":"El Medanito: la presidenta del bloque del PRO dice que \u201cla traba\u201d est\u00e1 en el peronismo","datePublished":"2025-03-27T11:50:09+00:00","dateModified":"2025-03-27T12:38:52+00:00","mainEntityOfPage":{"@id":"https:\/\/diariotextual.com\/inicio\/index.php\/2025\/03\/27\/el-medanito-la-presidenta-del-bloque-del-pro-dice-que-la-traba-esta-en-el-frejupa\/"},"wordCount":749,"publisher":{"@id":"https:\/\/diariotextual.com\/inicio\/#organization"},"image":{"@id":"https:\/\/diariotextual.com\/inicio\/index.php\/2025\/03\/27\/el-medanito-la-presidenta-del-bloque-del-pro-dice-que-la-traba-esta-en-el-frejupa\/#primaryimage"},"thumbnailUrl":"https:\/\/diariotextual.com\/inicio\/wp-content\/uploads\/2022\/10\/trapaglialaura2022-1.jpeg","articleSection":["A - DESTACADAS (mod 16)","POLITICA"],"inLanguage":"es"},{"@type":"WebPage","@id":"https:\/\/diariotextual.com\/inicio\/index.php\/2025\/03\/27\/el-medanito-la-presidenta-del-bloque-del-pro-dice-que-la-traba-esta-en-el-frejupa\/","url":"https:\/\/diariotextual.com\/inicio\/index.php\/2025\/03\/27\/el-medanito-la-presidenta-del-bloque-del-pro-dice-que-la-traba-esta-en-el-frejupa\/","name":"El Medanito: la presidenta del bloque del PRO dice que \u201cla traba\u201d est\u00e1 en el peronismo - Diario Textual","isPartOf":{"@id":"https:\/\/diariotextual.com\/inicio\/#website"},"primaryImageOfPage":{"@id":"https:\/\/diariotextual.com\/inicio\/index.php\/2025\/03\/27\/el-medanito-la-presidenta-del-bloque-del-pro-dice-que-la-traba-esta-en-el-frejupa\/#primaryimage"},"image":{"@id":"https:\/\/diariotextual.com\/inicio\/index.php\/2025\/03\/27\/el-medanito-la-presidenta-del-bloque-del-pro-dice-que-la-traba-esta-en-el-frejupa\/#primaryimage"},"thumbnailUrl":"https:\/\/diariotextual.com\/inicio\/wp-content\/uploads\/2022\/10\/trapaglialaura2022-1.jpeg","datePublished":"2025-03-27T11:50:09+00:00","dateModified":"2025-03-27T12:38:52+00:00","breadcrumb":{"@id":"https:\/\/diariotextual.com\/inicio\/index.php\/2025\/03\/27\/el-medanito-la-presidenta-del-bloque-del-pro-dice-que-la-traba-esta-en-el-frejupa\/#breadcrumb"},"inLanguage":"es","potentialAction":[{"@type":"ReadAction","target":["https:\/\/diariotextual.com\/inicio\/index.php\/2025\/03\/27\/el-medanito-la-presidenta-del-bloque-del-pro-dice-que-la-traba-esta-en-el-frejupa\/"]}]},{"@type":"ImageObject","inLanguage":"es","@id":"https:\/\/diariotextual.com\/inicio\/index.php\/2025\/03\/27\/el-medanito-la-presidenta-del-bloque-del-pro-dice-que-la-traba-esta-en-el-frejupa\/#primaryimage","url":"https:\/\/diariotextual.com\/inicio\/wp-content\/uploads\/2022\/10\/trapaglialaura2022-1.jpeg","contentUrl":"https:\/\/diariotextual.com\/inicio\/wp-content\/uploads\/2022\/10\/trapaglialaura2022-1.jpeg","width":1024,"height":678},{"@type":"BreadcrumbList","@id":"https:\/\/diariotextual.com\/inicio\/index.php\/2025\/03\/27\/el-medanito-la-presidenta-del-bloque-del-pro-dice-que-la-traba-esta-en-el-frejupa\/#breadcrumb","itemListElement":[{"@type":"ListItem","position":1,"name":"Portada","item":"https:\/\/diariotextual.com\/inicio\/"},{"@type":"ListItem","position":2,"name":"El Medanito: la presidenta del bloque del PRO dice que \u201cla traba\u201d est\u00e1 en el peronismo"}]},{"@type":"WebSite","@id":"https:\/\/diariotextual.com\/inicio\/#website","url":"https:\/\/diariotextual.com\/inicio\/","name":"Diario Textual","description":"","publisher":{"@id":"https:\/\/diariotextual.com\/inicio\/#organization"},"potentialAction":[{"@type":"SearchAction","target":{"@type":"EntryPoint","urlTemplate":"https:\/\/diariotextual.com\/inicio\/?s={search_term_string}"},"query-input":{"@type":"PropertyValueSpecification","valueRequired":true,"valueName":"search_term_string"}}],"inLanguage":"es"},{"@type":"Organization","@id":"https:\/\/diariotextual.com\/inicio\/#organization","name":"Diario Textual","url":"https:\/\/diariotextual.com\/inicio\/","logo":{"@type":"ImageObject","inLanguage":"es","@id":"https:\/\/diariotextual.com\/inicio\/#\/schema\/logo\/image\/","url":"https:\/\/diariotextual.com\/inicio\/wp-content\/uploads\/2023\/05\/logotextual1.jpg","contentUrl":"https:\/\/diariotextual.com\/inicio\/wp-content\/uploads\/2023\/05\/logotextual1.jpg","width":516,"height":76,"caption":"Diario Textual"},"image":{"@id":"https:\/\/diariotextual.com\/inicio\/#\/schema\/logo\/image\/"},"sameAs":["https:\/\/www.facebook.com\/eltextual","https:\/\/x.com\/eltextual","http:\/\/www.instagram.com\/eltextual"]},{"@type":"Person","@id":"https:\/\/diariotextual.com\/inicio\/#\/schema\/person\/c7834961ad8b29b1d9cdbf4571299067","name":"diario5","image":{"@type":"ImageObject","inLanguage":"es","@id":"https:\/\/secure.gravatar.com\/avatar\/948c893b847ca6df68216ead81b63f363408ec9b0f600fefc0641ce78613b111?s=96&d=mm&r=g","url":"https:\/\/secure.gravatar.com\/avatar\/948c893b847ca6df68216ead81b63f363408ec9b0f600fefc0641ce78613b111?s=96&d=mm&r=g","contentUrl":"https:\/\/secure.gravatar.com\/avatar\/948c893b847ca6df68216ead81b63f363408ec9b0f600fefc0641ce78613b111?s=96&d=mm&r=g","caption":"diario5"},"url":"https:\/\/diariotextual.com\/inicio\/index.php\/author\/diario5\/"}]}},"_links":{"self":[{"href":"https:\/\/diariotextual.com\/inicio\/index.php\/wp-json\/wp\/v2\/posts\/292499","targetHints":{"allow":["GET"]}}],"collection":[{"href":"https:\/\/diariotextual.com\/inicio\/index.php\/wp-json\/wp\/v2\/posts"}],"about":[{"href":"https:\/\/diariotextual.com\/inicio\/index.php\/wp-json\/wp\/v2\/types\/post"}],"author":[{"embeddable":true,"href":"https:\/\/diariotextual.com\/inicio\/index.php\/wp-json\/wp\/v2\/users\/7"}],"replies":[{"embeddable":true,"href":"https:\/\/diariotextual.com\/inicio\/index.php\/wp-json\/wp\/v2\/comments?post=292499"}],"version-history":[{"count":5,"href":"https:\/\/diariotextual.com\/inicio\/index.php\/wp-json\/wp\/v2\/posts\/292499\/revisions"}],"predecessor-version":[{"id":292515,"href":"https:\/\/diariotextual.com\/inicio\/index.php\/wp-json\/wp\/v2\/posts\/292499\/revisions\/292515"}],"wp:featuredmedia":[{"embeddable":true,"href":"https:\/\/diariotextual.com\/inicio\/index.php\/wp-json\/wp\/v2\/media\/202355"}],"wp:attachment":[{"href":"https:\/\/diariotextual.com\/inicio\/index.php\/wp-json\/wp\/v2\/media?parent=292499"}],"wp:term":[{"taxonomy":"category","embeddable":true,"href":"https:\/\/diariotextual.com\/inicio\/index.php\/wp-json\/wp\/v2\/categories?post=292499"},{"taxonomy":"post_tag","embeddable":true,"href":"https:\/\/diariotextual.com\/inicio\/index.php\/wp-json\/wp\/v2\/tags?post=292499"}],"curies":[{"name":"wp","href":"https:\/\/api.w.org\/{rel}","templated":true}]}}