{"id":292677,"date":"2025-03-30T08:38:38","date_gmt":"2025-03-30T11:38:38","guid":{"rendered":"https:\/\/diariotextual.com\/inicio\/?p=292677"},"modified":"2025-03-30T11:59:42","modified_gmt":"2025-03-30T14:59:42","slug":"senado-la-agonia-de-los-pliegos-de-lijo-y-garcia-mansilla-puede-llegar-a-su-fin-esta-semana","status":"publish","type":"post","link":"https:\/\/diariotextual.com\/inicio\/index.php\/2025\/03\/30\/senado-la-agonia-de-los-pliegos-de-lijo-y-garcia-mansilla-puede-llegar-a-su-fin-esta-semana\/","title":{"rendered":"Senado: la agon\u00eda de los pliegos de Lijo y Garc\u00eda Mansilla puede llegar a su fin esta semana"},"content":{"rendered":"\n<p>La agon\u00eda de los pliegos de Manuel Garc\u00eda Mansilla y Ariel Lijo podr\u00eda llegar a su final el pr\u00f3ximo jueves a las 14 cuando el recinto del Senado de la Naci\u00f3n abra sus puertas para debatir sus candidaturas a la Corte Suprema de Justicia propuestas por el presidente Javier Milei, en 2024.<\/p>\n\n\n\n<p>El oficialismo, centrado en resolver los frentes de conflictos internos y externos que le presenta la din\u00e1mica del poder, desaprovech\u00f3 el per\u00edodo de gracia que le otorg\u00f3 la vicepresidenta Victoria Villarruel al patear la sesi\u00f3n especial pedida por el kirchnerismo hasta el pr\u00f3ximo 3 de abril, haciendo uso del reglamento del cuerpo.<\/p>\n\n\n\n<p>Sobre el uso del condicional por el eventual desenlace de esta historia, que lleva meses estancada en la C\u00e1mara alta, y hasta aburri\u00f3 a propios y extra\u00f1os, se sostiene en la estrategia con la que La Libertad Avanza llegar\u00e1 al hemiciclo. En la mayor\u00eda de las sesiones, salvo contadas excepciones, no logr\u00f3 -al menos- demostrar cohesi\u00f3n en el accionar legislativo.<\/p>\n\n\n\n<p>La \u00fanica propuesta que barajaban los libertarios hasta el viernes era dejar sin quorum la sesi\u00f3n, lo cual parecer\u00eda una estrategia compleja de articular. La idea era masticada, incluso, por un operador judicial del Gobierno. Para plasmarla, necesitar\u00eda el apoyo no solo de los dialoguistas, sino recurrir a los -zigzagueantes- santacruce\u00f1os Natalia Gadano y Jos\u00e9 M. Carambia y al flamante bloque Convicci\u00f3n Federal.<\/p>\n\n\n\n<p>Este espacio es la nueva l\u00ednea interna peronista que ya se mueve con independencia de la agenda que propone la ex presidenta Cristina Kirchner y que canaliza a trav\u00e9s del interbloque de Uni\u00f3n por la Patria, que intenta liderar el formose\u00f1o Jos\u00e9 Mayans bajo la tutela -siempre- del d\u00fao del Instituto Patria: Oscar Parrilli y Juliana Di Tullio.<\/p>\n\n\n\n<p>Tanto que es as\u00ed que, al menos dos de sus integrantes, Fernando Salino (San Luis) y Guillermo Andrada (Catarmarca), pasaron el jueves pasado por el despacho de Villarruel, seg\u00fan pudo confirmar la Agencia Noticias Argentinas con una alta fuente que tiene entrada y salida de la oficina presidencial del primer piso del Senado.<\/p>\n\n\n\n<p>La bancada, que tambi\u00e9n integran Fernando Rejal (Chaco) y Carolina Mois\u00e9s (Jujuy), prestar\u00eda el quorum para habilitar la sesi\u00f3n. No obstante, persist\u00edan las dudas sobre las posturas de estos a la hora de votar contra, principalmente, Lijo. Por ejemplo, Salino dijo en declaraciones radiales que a\u00fan meditaba su decisi\u00f3n sobre el juez federal y que nunca votar\u00eda un proyecto de Milei.<\/p>\n\n\n\n<p>Por su parte, los santacruce\u00f1os ya le aguaron la fiesta de renovaci\u00f3n de autoridades a Villarruel, al dejarla sin quorum en la Preparatoria de finales de febrero; mostraron as\u00ed los acuerdos<\/p>\n\n\n\n<p>endebles que teji\u00f3 el Gobierno nacional y evidenciaron cu\u00e1nto cal\u00f3 la expulsi\u00f3n del ex senador Edgardo Kueider a la hora de construir una mayor\u00eda.&nbsp;<\/p>\n\n\n\n<p>Este dilema se multiplica como signo de interrogaci\u00f3n en todos los bloques que integran el Senado, salvo el libertario. De hecho, en el olvido qued\u00f3 la postura negativa frente a Lijo del riojano Juan Carlos Pagotto, que viene de perder la Bicameral de Tr\u00e1mite Legislativo. \u00abEstoy pensando qu\u00e9 votar sobre Ariel Lijo: hay juristas m\u00e1s capaces\u00bb, dijo meses atr\u00e1s.<\/p>\n\n\n\n<p>El interbloque de Mayans -con Convicci\u00f3n Federal adentro- llega a una base de 34 y se les sumar\u00edan los otros impulsores de esta sesi\u00f3n, los solistas porte\u00f1os Guadalupe Tagliaferri (PRO) y Mart\u00edn Lousteau (UCR). Podr\u00edan plegarse el ex libertario Francisco Paoltroni (Formosa) o el radical Pablo Blanco (Tierra del Fuego) y as\u00ed alcanzar el n\u00famero m\u00e1gico de 37.<\/p>\n\n\n\n<p>De habilitarse la sesi\u00f3n, este grupo -heterog\u00e9neo- tendr\u00e1 que reunir solo 25 votos para obturar los dos tercios, si es que al momento de la votaci\u00f3n est\u00e1n los 72 senadores sentados. Mayans dice contar con una veintena voluntades para la movida, panorama que tiene sentido para el pliego de Garc\u00eda Mansilla; no est\u00e1 claro si contar\u00e1 tambi\u00e9n con ese apoyo para el de Lijo.<\/p>\n\n\n\n<p>La actitud de rebotar a ambos fue perdiendo fuerza a lo largo de estos d\u00edas y varios senadores entraron en un proceso de hermetismo. Y es, sencillamente, porque lleg\u00f3 la hora de mostrar las cartas que ocultaron por comodidad durante meses y fijar postura p\u00fablica contra Lijo, el m\u00e1s cuestionado de ambos candidatos.<\/p>\n\n\n\n<p>Sus razones fueron ya mencionadas hasta el hartazgo: si no llega a la Corte, Lijo continuar\u00e1 en su juzgado de, nada m\u00e1s y nada menos, que Comodoro Py; y si llega, y alguno de estos no apoy\u00f3 su pliego, dejar\u00edan su huella ante un ministro del m\u00e1ximo tribunal.<\/p>\n\n\n\n<p>M\u00e1s all\u00e1 de las especulaciones con respecto al quorum, si el Senado avanza con el rechazo a los pliegos de Garc\u00eda Mansilla y Lijo, que no ser\u00eda improbable, las dudas pasar\u00e1n al plano m\u00e1s t\u00e9cnico sobre la validez de los nombramientos en comisi\u00f3n.<\/p>\n\n\n\n<p>El ex catedr\u00e1tico de la Austral dej\u00f3 en claro que su designaci\u00f3n en comisi\u00f3n se hizo efectiva luego de haber prestado juramento ante la Corte. Fue en respuesta al federal Alejo Ramos Padilla, que tramita una causa para impugnar su designaci\u00f3n y la de Lijo. Su postura, y la de Gobierno, sostiene que solo puede ser removido por juicio pol\u00edtico.<\/p>\n\n\n\n<p>En el Senado toman el argumento del Ejecutivo y sostienen que los nombramientos en comisi\u00f3n tienen lugar hasta que la Comisi\u00f3n de Acuerdos se expida, es decir, si los pliegos llegan al recinto y se rechazan quedar\u00edan invalidados.<\/p>\n\n\n\n<p>Hasta el propio libertario y presidente provisional del Senado, Bartolom\u00e9 Abdala -de bajo perfil en las \u00faltimas semanas-, lo admiti\u00f3 en una entrevista con radio Rivadavia. \u201cSi los rechazan, &nbsp;estos caballeros se van a su casa y habr\u00e1 que nombrar nuevos pliegos\u201d, sostuvo.<\/p>\n","protected":false},"excerpt":{"rendered":"<p>La agon\u00eda de los pliegos de Manuel Garc\u00eda Mansilla y Ariel Lijo podr\u00eda llegar a su final el pr\u00f3ximo jueves a las 14 cuando el recinto del Senado de la&hellip;<\/p>\n","protected":false},"author":3,"featured_media":275078,"comment_status":"closed","ping_status":"open","sticky":false,"template":"","format":"standard","meta":{"_acf_changed":false,"footnotes":""},"categories":[4,1,8],"tags":[],"class_list":["post-292677","post","type-post","status-publish","format-standard","has-post-thumbnail","hentry","category-destacadas","category-es-noticia","category-politica"],"acf":[],"yoast_head":"<!-- This site is optimized with the Yoast SEO plugin v27.4 - https:\/\/yoast.com\/product\/yoast-seo-wordpress\/ -->\n<title>Senado: la agon\u00eda de los pliegos de Lijo y Garc\u00eda Mansilla puede llegar a su fin esta semana - Diario Textual<\/title>\n<meta name=\"robots\" content=\"index, follow, max-snippet:-1, max-image-preview:large, max-video-preview:-1\" \/>\n<link rel=\"canonical\" href=\"https:\/\/diariotextual.com\/inicio\/index.php\/2025\/03\/30\/senado-la-agonia-de-los-pliegos-de-lijo-y-garcia-mansilla-puede-llegar-a-su-fin-esta-semana\/\" \/>\n<meta property=\"og:locale\" content=\"es_ES\" \/>\n<meta property=\"og:type\" content=\"article\" \/>\n<meta property=\"og:title\" content=\"Senado: la agon\u00eda de los pliegos de Lijo y Garc\u00eda Mansilla puede llegar a su fin esta semana - Diario Textual\" \/>\n<meta property=\"og:description\" content=\"La agon\u00eda de los pliegos de Manuel Garc\u00eda Mansilla y Ariel Lijo podr\u00eda llegar a su final el pr\u00f3ximo jueves a las 14 cuando el recinto del Senado de la&hellip;\" \/>\n<meta property=\"og:url\" content=\"https:\/\/diariotextual.com\/inicio\/index.php\/2025\/03\/30\/senado-la-agonia-de-los-pliegos-de-lijo-y-garcia-mansilla-puede-llegar-a-su-fin-esta-semana\/\" \/>\n<meta property=\"og:site_name\" content=\"Diario Textual\" \/>\n<meta property=\"article:publisher\" content=\"https:\/\/www.facebook.com\/eltextual\" \/>\n<meta property=\"article:published_time\" content=\"2025-03-30T11:38:38+00:00\" \/>\n<meta property=\"article:modified_time\" content=\"2025-03-30T14:59:42+00:00\" \/>\n<meta property=\"og:image\" content=\"https:\/\/diariotextual.com\/inicio\/wp-content\/uploads\/2024\/09\/senadoboletaunicapapel2024.webp\" \/>\n\t<meta property=\"og:image:width\" content=\"750\" \/>\n\t<meta property=\"og:image:height\" content=\"500\" \/>\n\t<meta property=\"og:image:type\" content=\"image\/webp\" \/>\n<meta name=\"author\" content=\"Diario1 Diario1\" \/>\n<meta name=\"twitter:card\" content=\"summary_large_image\" \/>\n<meta name=\"twitter:creator\" content=\"@eltextual\" \/>\n<meta name=\"twitter:site\" content=\"@eltextual\" \/>\n<meta name=\"twitter:label1\" content=\"Escrito por\" \/>\n\t<meta name=\"twitter:data1\" content=\"Diario1 Diario1\" \/>\n\t<meta name=\"twitter:label2\" content=\"Tiempo de lectura\" \/>\n\t<meta name=\"twitter:data2\" content=\"5 minutos\" \/>\n<script type=\"application\/ld+json\" class=\"yoast-schema-graph\">{\"@context\":\"https:\\\/\\\/schema.org\",\"@graph\":[{\"@type\":\"Article\",\"@id\":\"https:\\\/\\\/diariotextual.com\\\/inicio\\\/index.php\\\/2025\\\/03\\\/30\\\/senado-la-agonia-de-los-pliegos-de-lijo-y-garcia-mansilla-puede-llegar-a-su-fin-esta-semana\\\/#article\",\"isPartOf\":{\"@id\":\"https:\\\/\\\/diariotextual.com\\\/inicio\\\/index.php\\\/2025\\\/03\\\/30\\\/senado-la-agonia-de-los-pliegos-de-lijo-y-garcia-mansilla-puede-llegar-a-su-fin-esta-semana\\\/\"},\"author\":{\"name\":\"Diario1 Diario1\",\"@id\":\"https:\\\/\\\/diariotextual.com\\\/inicio\\\/#\\\/schema\\\/person\\\/418fc4093c33e86ed41562db3508f958\"},\"headline\":\"Senado: la agon\u00eda de los pliegos de Lijo y Garc\u00eda Mansilla puede llegar a su fin esta semana\",\"datePublished\":\"2025-03-30T11:38:38+00:00\",\"dateModified\":\"2025-03-30T14:59:42+00:00\",\"mainEntityOfPage\":{\"@id\":\"https:\\\/\\\/diariotextual.com\\\/inicio\\\/index.php\\\/2025\\\/03\\\/30\\\/senado-la-agonia-de-los-pliegos-de-lijo-y-garcia-mansilla-puede-llegar-a-su-fin-esta-semana\\\/\"},\"wordCount\":1011,\"publisher\":{\"@id\":\"https:\\\/\\\/diariotextual.com\\\/inicio\\\/#organization\"},\"image\":{\"@id\":\"https:\\\/\\\/diariotextual.com\\\/inicio\\\/index.php\\\/2025\\\/03\\\/30\\\/senado-la-agonia-de-los-pliegos-de-lijo-y-garcia-mansilla-puede-llegar-a-su-fin-esta-semana\\\/#primaryimage\"},\"thumbnailUrl\":\"https:\\\/\\\/diariotextual.com\\\/inicio\\\/wp-content\\\/uploads\\\/2024\\\/09\\\/senadoboletaunicapapel2024.webp\",\"articleSection\":[\"A - DESTACADAS (mod 16)\",\"A - ES NOTICIA (van abajo)\",\"POLITICA\"],\"inLanguage\":\"es\"},{\"@type\":\"WebPage\",\"@id\":\"https:\\\/\\\/diariotextual.com\\\/inicio\\\/index.php\\\/2025\\\/03\\\/30\\\/senado-la-agonia-de-los-pliegos-de-lijo-y-garcia-mansilla-puede-llegar-a-su-fin-esta-semana\\\/\",\"url\":\"https:\\\/\\\/diariotextual.com\\\/inicio\\\/index.php\\\/2025\\\/03\\\/30\\\/senado-la-agonia-de-los-pliegos-de-lijo-y-garcia-mansilla-puede-llegar-a-su-fin-esta-semana\\\/\",\"name\":\"Senado: la agon\u00eda de los pliegos de Lijo y Garc\u00eda Mansilla puede llegar a su fin esta semana - Diario Textual\",\"isPartOf\":{\"@id\":\"https:\\\/\\\/diariotextual.com\\\/inicio\\\/#website\"},\"primaryImageOfPage\":{\"@id\":\"https:\\\/\\\/diariotextual.com\\\/inicio\\\/index.php\\\/2025\\\/03\\\/30\\\/senado-la-agonia-de-los-pliegos-de-lijo-y-garcia-mansilla-puede-llegar-a-su-fin-esta-semana\\\/#primaryimage\"},\"image\":{\"@id\":\"https:\\\/\\\/diariotextual.com\\\/inicio\\\/index.php\\\/2025\\\/03\\\/30\\\/senado-la-agonia-de-los-pliegos-de-lijo-y-garcia-mansilla-puede-llegar-a-su-fin-esta-semana\\\/#primaryimage\"},\"thumbnailUrl\":\"https:\\\/\\\/diariotextual.com\\\/inicio\\\/wp-content\\\/uploads\\\/2024\\\/09\\\/senadoboletaunicapapel2024.webp\",\"datePublished\":\"2025-03-30T11:38:38+00:00\",\"dateModified\":\"2025-03-30T14:59:42+00:00\",\"breadcrumb\":{\"@id\":\"https:\\\/\\\/diariotextual.com\\\/inicio\\\/index.php\\\/2025\\\/03\\\/30\\\/senado-la-agonia-de-los-pliegos-de-lijo-y-garcia-mansilla-puede-llegar-a-su-fin-esta-semana\\\/#breadcrumb\"},\"inLanguage\":\"es\",\"potentialAction\":[{\"@type\":\"ReadAction\",\"target\":[\"https:\\\/\\\/diariotextual.com\\\/inicio\\\/index.php\\\/2025\\\/03\\\/30\\\/senado-la-agonia-de-los-pliegos-de-lijo-y-garcia-mansilla-puede-llegar-a-su-fin-esta-semana\\\/\"]}]},{\"@type\":\"ImageObject\",\"inLanguage\":\"es\",\"@id\":\"https:\\\/\\\/diariotextual.com\\\/inicio\\\/index.php\\\/2025\\\/03\\\/30\\\/senado-la-agonia-de-los-pliegos-de-lijo-y-garcia-mansilla-puede-llegar-a-su-fin-esta-semana\\\/#primaryimage\",\"url\":\"https:\\\/\\\/diariotextual.com\\\/inicio\\\/wp-content\\\/uploads\\\/2024\\\/09\\\/senadoboletaunicapapel2024.webp\",\"contentUrl\":\"https:\\\/\\\/diariotextual.com\\\/inicio\\\/wp-content\\\/uploads\\\/2024\\\/09\\\/senadoboletaunicapapel2024.webp\",\"width\":750,\"height\":500},{\"@type\":\"BreadcrumbList\",\"@id\":\"https:\\\/\\\/diariotextual.com\\\/inicio\\\/index.php\\\/2025\\\/03\\\/30\\\/senado-la-agonia-de-los-pliegos-de-lijo-y-garcia-mansilla-puede-llegar-a-su-fin-esta-semana\\\/#breadcrumb\",\"itemListElement\":[{\"@type\":\"ListItem\",\"position\":1,\"name\":\"Portada\",\"item\":\"https:\\\/\\\/diariotextual.com\\\/inicio\\\/\"},{\"@type\":\"ListItem\",\"position\":2,\"name\":\"Senado: la agon\u00eda de los pliegos de Lijo y Garc\u00eda Mansilla puede llegar a su fin esta semana\"}]},{\"@type\":\"WebSite\",\"@id\":\"https:\\\/\\\/diariotextual.com\\\/inicio\\\/#website\",\"url\":\"https:\\\/\\\/diariotextual.com\\\/inicio\\\/\",\"name\":\"Diario Textual\",\"description\":\"\",\"publisher\":{\"@id\":\"https:\\\/\\\/diariotextual.com\\\/inicio\\\/#organization\"},\"potentialAction\":[{\"@type\":\"SearchAction\",\"target\":{\"@type\":\"EntryPoint\",\"urlTemplate\":\"https:\\\/\\\/diariotextual.com\\\/inicio\\\/?s={search_term_string}\"},\"query-input\":{\"@type\":\"PropertyValueSpecification\",\"valueRequired\":true,\"valueName\":\"search_term_string\"}}],\"inLanguage\":\"es\"},{\"@type\":\"Organization\",\"@id\":\"https:\\\/\\\/diariotextual.com\\\/inicio\\\/#organization\",\"name\":\"Diario Textual\",\"url\":\"https:\\\/\\\/diariotextual.com\\\/inicio\\\/\",\"logo\":{\"@type\":\"ImageObject\",\"inLanguage\":\"es\",\"@id\":\"https:\\\/\\\/diariotextual.com\\\/inicio\\\/#\\\/schema\\\/logo\\\/image\\\/\",\"url\":\"https:\\\/\\\/diariotextual.com\\\/inicio\\\/wp-content\\\/uploads\\\/2023\\\/05\\\/logotextual1.jpg\",\"contentUrl\":\"https:\\\/\\\/diariotextual.com\\\/inicio\\\/wp-content\\\/uploads\\\/2023\\\/05\\\/logotextual1.jpg\",\"width\":516,\"height\":76,\"caption\":\"Diario Textual\"},\"image\":{\"@id\":\"https:\\\/\\\/diariotextual.com\\\/inicio\\\/#\\\/schema\\\/logo\\\/image\\\/\"},\"sameAs\":[\"https:\\\/\\\/www.facebook.com\\\/eltextual\",\"https:\\\/\\\/x.com\\\/eltextual\",\"http:\\\/\\\/www.instagram.com\\\/eltextual\"]},{\"@type\":\"Person\",\"@id\":\"https:\\\/\\\/diariotextual.com\\\/inicio\\\/#\\\/schema\\\/person\\\/418fc4093c33e86ed41562db3508f958\",\"name\":\"Diario1 Diario1\",\"image\":{\"@type\":\"ImageObject\",\"inLanguage\":\"es\",\"@id\":\"https:\\\/\\\/secure.gravatar.com\\\/avatar\\\/9167d280179c85bc18be67aa7eda765854300033af4896dd779b608640f2ef7a?s=96&d=mm&r=g\",\"url\":\"https:\\\/\\\/secure.gravatar.com\\\/avatar\\\/9167d280179c85bc18be67aa7eda765854300033af4896dd779b608640f2ef7a?s=96&d=mm&r=g\",\"contentUrl\":\"https:\\\/\\\/secure.gravatar.com\\\/avatar\\\/9167d280179c85bc18be67aa7eda765854300033af4896dd779b608640f2ef7a?s=96&d=mm&r=g\",\"caption\":\"Diario1 Diario1\"},\"url\":\"https:\\\/\\\/diariotextual.com\\\/inicio\\\/index.php\\\/author\\\/diario1\\\/\"}]}<\/script>\n<!-- \/ Yoast SEO plugin. -->","yoast_head_json":{"title":"Senado: la agon\u00eda de los pliegos de Lijo y Garc\u00eda Mansilla puede llegar a su fin esta semana - Diario Textual","robots":{"index":"index","follow":"follow","max-snippet":"max-snippet:-1","max-image-preview":"max-image-preview:large","max-video-preview":"max-video-preview:-1"},"canonical":"https:\/\/diariotextual.com\/inicio\/index.php\/2025\/03\/30\/senado-la-agonia-de-los-pliegos-de-lijo-y-garcia-mansilla-puede-llegar-a-su-fin-esta-semana\/","og_locale":"es_ES","og_type":"article","og_title":"Senado: la agon\u00eda de los pliegos de Lijo y Garc\u00eda Mansilla puede llegar a su fin esta semana - Diario Textual","og_description":"La agon\u00eda de los pliegos de Manuel Garc\u00eda Mansilla y Ariel Lijo podr\u00eda llegar a su final el pr\u00f3ximo jueves a las 14 cuando el recinto del Senado de la&hellip;","og_url":"https:\/\/diariotextual.com\/inicio\/index.php\/2025\/03\/30\/senado-la-agonia-de-los-pliegos-de-lijo-y-garcia-mansilla-puede-llegar-a-su-fin-esta-semana\/","og_site_name":"Diario Textual","article_publisher":"https:\/\/www.facebook.com\/eltextual","article_published_time":"2025-03-30T11:38:38+00:00","article_modified_time":"2025-03-30T14:59:42+00:00","og_image":[{"width":750,"height":500,"url":"https:\/\/diariotextual.com\/inicio\/wp-content\/uploads\/2024\/09\/senadoboletaunicapapel2024.webp","type":"image\/webp"}],"author":"Diario1 Diario1","twitter_card":"summary_large_image","twitter_creator":"@eltextual","twitter_site":"@eltextual","twitter_misc":{"Escrito por":"Diario1 Diario1","Tiempo de lectura":"5 minutos"},"schema":{"@context":"https:\/\/schema.org","@graph":[{"@type":"Article","@id":"https:\/\/diariotextual.com\/inicio\/index.php\/2025\/03\/30\/senado-la-agonia-de-los-pliegos-de-lijo-y-garcia-mansilla-puede-llegar-a-su-fin-esta-semana\/#article","isPartOf":{"@id":"https:\/\/diariotextual.com\/inicio\/index.php\/2025\/03\/30\/senado-la-agonia-de-los-pliegos-de-lijo-y-garcia-mansilla-puede-llegar-a-su-fin-esta-semana\/"},"author":{"name":"Diario1 Diario1","@id":"https:\/\/diariotextual.com\/inicio\/#\/schema\/person\/418fc4093c33e86ed41562db3508f958"},"headline":"Senado: la agon\u00eda de los pliegos de Lijo y Garc\u00eda Mansilla puede llegar a su fin esta semana","datePublished":"2025-03-30T11:38:38+00:00","dateModified":"2025-03-30T14:59:42+00:00","mainEntityOfPage":{"@id":"https:\/\/diariotextual.com\/inicio\/index.php\/2025\/03\/30\/senado-la-agonia-de-los-pliegos-de-lijo-y-garcia-mansilla-puede-llegar-a-su-fin-esta-semana\/"},"wordCount":1011,"publisher":{"@id":"https:\/\/diariotextual.com\/inicio\/#organization"},"image":{"@id":"https:\/\/diariotextual.com\/inicio\/index.php\/2025\/03\/30\/senado-la-agonia-de-los-pliegos-de-lijo-y-garcia-mansilla-puede-llegar-a-su-fin-esta-semana\/#primaryimage"},"thumbnailUrl":"https:\/\/diariotextual.com\/inicio\/wp-content\/uploads\/2024\/09\/senadoboletaunicapapel2024.webp","articleSection":["A - DESTACADAS (mod 16)","A - ES NOTICIA (van abajo)","POLITICA"],"inLanguage":"es"},{"@type":"WebPage","@id":"https:\/\/diariotextual.com\/inicio\/index.php\/2025\/03\/30\/senado-la-agonia-de-los-pliegos-de-lijo-y-garcia-mansilla-puede-llegar-a-su-fin-esta-semana\/","url":"https:\/\/diariotextual.com\/inicio\/index.php\/2025\/03\/30\/senado-la-agonia-de-los-pliegos-de-lijo-y-garcia-mansilla-puede-llegar-a-su-fin-esta-semana\/","name":"Senado: la agon\u00eda de los pliegos de Lijo y Garc\u00eda Mansilla puede llegar a su fin esta semana - Diario Textual","isPartOf":{"@id":"https:\/\/diariotextual.com\/inicio\/#website"},"primaryImageOfPage":{"@id":"https:\/\/diariotextual.com\/inicio\/index.php\/2025\/03\/30\/senado-la-agonia-de-los-pliegos-de-lijo-y-garcia-mansilla-puede-llegar-a-su-fin-esta-semana\/#primaryimage"},"image":{"@id":"https:\/\/diariotextual.com\/inicio\/index.php\/2025\/03\/30\/senado-la-agonia-de-los-pliegos-de-lijo-y-garcia-mansilla-puede-llegar-a-su-fin-esta-semana\/#primaryimage"},"thumbnailUrl":"https:\/\/diariotextual.com\/inicio\/wp-content\/uploads\/2024\/09\/senadoboletaunicapapel2024.webp","datePublished":"2025-03-30T11:38:38+00:00","dateModified":"2025-03-30T14:59:42+00:00","breadcrumb":{"@id":"https:\/\/diariotextual.com\/inicio\/index.php\/2025\/03\/30\/senado-la-agonia-de-los-pliegos-de-lijo-y-garcia-mansilla-puede-llegar-a-su-fin-esta-semana\/#breadcrumb"},"inLanguage":"es","potentialAction":[{"@type":"ReadAction","target":["https:\/\/diariotextual.com\/inicio\/index.php\/2025\/03\/30\/senado-la-agonia-de-los-pliegos-de-lijo-y-garcia-mansilla-puede-llegar-a-su-fin-esta-semana\/"]}]},{"@type":"ImageObject","inLanguage":"es","@id":"https:\/\/diariotextual.com\/inicio\/index.php\/2025\/03\/30\/senado-la-agonia-de-los-pliegos-de-lijo-y-garcia-mansilla-puede-llegar-a-su-fin-esta-semana\/#primaryimage","url":"https:\/\/diariotextual.com\/inicio\/wp-content\/uploads\/2024\/09\/senadoboletaunicapapel2024.webp","contentUrl":"https:\/\/diariotextual.com\/inicio\/wp-content\/uploads\/2024\/09\/senadoboletaunicapapel2024.webp","width":750,"height":500},{"@type":"BreadcrumbList","@id":"https:\/\/diariotextual.com\/inicio\/index.php\/2025\/03\/30\/senado-la-agonia-de-los-pliegos-de-lijo-y-garcia-mansilla-puede-llegar-a-su-fin-esta-semana\/#breadcrumb","itemListElement":[{"@type":"ListItem","position":1,"name":"Portada","item":"https:\/\/diariotextual.com\/inicio\/"},{"@type":"ListItem","position":2,"name":"Senado: la agon\u00eda de los pliegos de Lijo y Garc\u00eda Mansilla puede llegar a su fin esta semana"}]},{"@type":"WebSite","@id":"https:\/\/diariotextual.com\/inicio\/#website","url":"https:\/\/diariotextual.com\/inicio\/","name":"Diario Textual","description":"","publisher":{"@id":"https:\/\/diariotextual.com\/inicio\/#organization"},"potentialAction":[{"@type":"SearchAction","target":{"@type":"EntryPoint","urlTemplate":"https:\/\/diariotextual.com\/inicio\/?s={search_term_string}"},"query-input":{"@type":"PropertyValueSpecification","valueRequired":true,"valueName":"search_term_string"}}],"inLanguage":"es"},{"@type":"Organization","@id":"https:\/\/diariotextual.com\/inicio\/#organization","name":"Diario Textual","url":"https:\/\/diariotextual.com\/inicio\/","logo":{"@type":"ImageObject","inLanguage":"es","@id":"https:\/\/diariotextual.com\/inicio\/#\/schema\/logo\/image\/","url":"https:\/\/diariotextual.com\/inicio\/wp-content\/uploads\/2023\/05\/logotextual1.jpg","contentUrl":"https:\/\/diariotextual.com\/inicio\/wp-content\/uploads\/2023\/05\/logotextual1.jpg","width":516,"height":76,"caption":"Diario Textual"},"image":{"@id":"https:\/\/diariotextual.com\/inicio\/#\/schema\/logo\/image\/"},"sameAs":["https:\/\/www.facebook.com\/eltextual","https:\/\/x.com\/eltextual","http:\/\/www.instagram.com\/eltextual"]},{"@type":"Person","@id":"https:\/\/diariotextual.com\/inicio\/#\/schema\/person\/418fc4093c33e86ed41562db3508f958","name":"Diario1 Diario1","image":{"@type":"ImageObject","inLanguage":"es","@id":"https:\/\/secure.gravatar.com\/avatar\/9167d280179c85bc18be67aa7eda765854300033af4896dd779b608640f2ef7a?s=96&d=mm&r=g","url":"https:\/\/secure.gravatar.com\/avatar\/9167d280179c85bc18be67aa7eda765854300033af4896dd779b608640f2ef7a?s=96&d=mm&r=g","contentUrl":"https:\/\/secure.gravatar.com\/avatar\/9167d280179c85bc18be67aa7eda765854300033af4896dd779b608640f2ef7a?s=96&d=mm&r=g","caption":"Diario1 Diario1"},"url":"https:\/\/diariotextual.com\/inicio\/index.php\/author\/diario1\/"}]}},"_links":{"self":[{"href":"https:\/\/diariotextual.com\/inicio\/index.php\/wp-json\/wp\/v2\/posts\/292677","targetHints":{"allow":["GET"]}}],"collection":[{"href":"https:\/\/diariotextual.com\/inicio\/index.php\/wp-json\/wp\/v2\/posts"}],"about":[{"href":"https:\/\/diariotextual.com\/inicio\/index.php\/wp-json\/wp\/v2\/types\/post"}],"author":[{"embeddable":true,"href":"https:\/\/diariotextual.com\/inicio\/index.php\/wp-json\/wp\/v2\/users\/3"}],"replies":[{"embeddable":true,"href":"https:\/\/diariotextual.com\/inicio\/index.php\/wp-json\/wp\/v2\/comments?post=292677"}],"version-history":[{"count":2,"href":"https:\/\/diariotextual.com\/inicio\/index.php\/wp-json\/wp\/v2\/posts\/292677\/revisions"}],"predecessor-version":[{"id":292679,"href":"https:\/\/diariotextual.com\/inicio\/index.php\/wp-json\/wp\/v2\/posts\/292677\/revisions\/292679"}],"wp:featuredmedia":[{"embeddable":true,"href":"https:\/\/diariotextual.com\/inicio\/index.php\/wp-json\/wp\/v2\/media\/275078"}],"wp:attachment":[{"href":"https:\/\/diariotextual.com\/inicio\/index.php\/wp-json\/wp\/v2\/media?parent=292677"}],"wp:term":[{"taxonomy":"category","embeddable":true,"href":"https:\/\/diariotextual.com\/inicio\/index.php\/wp-json\/wp\/v2\/categories?post=292677"},{"taxonomy":"post_tag","embeddable":true,"href":"https:\/\/diariotextual.com\/inicio\/index.php\/wp-json\/wp\/v2\/tags?post=292677"}],"curies":[{"name":"wp","href":"https:\/\/api.w.org\/{rel}","templated":true}]}}