{"id":293125,"date":"2025-04-04T08:08:18","date_gmt":"2025-04-04T11:08:18","guid":{"rendered":"https:\/\/diariotextual.com\/inicio\/?p=293125"},"modified":"2025-04-04T11:21:34","modified_gmt":"2025-04-04T14:21:34","slug":"gil-dominguez-a-garcia-mansilla-manuel-tenes-que-renunciar-por-el-bien-de-la-republica-y-para-evitar-una-crisis-en-la-corte","status":"publish","type":"post","link":"https:\/\/diariotextual.com\/inicio\/index.php\/2025\/04\/04\/gil-dominguez-a-garcia-mansilla-manuel-tenes-que-renunciar-por-el-bien-de-la-republica-y-para-evitar-una-crisis-en-la-corte\/","title":{"rendered":"Gil Dom\u00ednguez a Garc\u00eda Mansilla: \u201cManuel, ten\u00e9s que renunciar por el bien de la Rep\u00fablica\u201d"},"content":{"rendered":"\n<p>El constitucionalista pampeano y docente de la Universidad Nacional de La Pampa, <strong>Andr\u00e9s Gil Dom\u00ednguez<\/strong>, le aconsej\u00f3 al juez <strong>Garc\u00eda Mansilla<\/strong> que deje su cargo en la <strong>Corte Suprema<\/strong> luego de que el Senado rechazara su pliego y el de Ariel Lijo, ambos postulados para ocupar cargos en el m\u00e1ximo tribunal por el presidente Javier Milei.<\/p>\n\n\n\n<p><strong>\u201cTe lo dice el originalismo, la deliberaci\u00f3n, el neoconstitucionalismo y el bidartcampismo, Manuel ten\u00e9s que renunciar por el bien de la rep\u00fablica y para evitar una crisis de legitimidad de la CSJN sin precedentes\u201d<\/strong>, dijo Gil Dom\u00ednguez a trav\u00e9s de su cuenta en la red social X.<\/p>\n\n\n\n<p>La recomendaci\u00f3n del constitucionalista pampeano se produjo un d\u00eda despu\u00e9s de que el Senado, en un hecho hist\u00f3rico, rechazara los pliegos de\u00a0Ariel Lijo\u00a0y\u00a0Manuel Garc\u00eda Mansilla, los jueces que el presidente\u00a0Javier Milei\u00a0nombr\u00f3 en comisi\u00f3n en la\u00a0Corte Suprema de Justicia de la Naci\u00f3n. <\/p>\n\n\n\n<p>El pronunciamiento del Senado se configur\u00f3 con el voto de la mayor parte de los bloques kirchnerista, de la UCR y de Pro, quienes coincidieron en cuestionar la decisi\u00f3n del Gobierno de nombrar a ambos candidatos por decreto. <\/p>\n\n\n\n<p>El pliego de Lijo fue rechazado por 43 votos en contra y 27 a favor y la abstenci\u00f3n del oficialista Juan Carlos Pagotto (La Rioja). El de Garc\u00eda Mansilla, en tanto, concit\u00f3 m\u00e1s oposici\u00f3n a\u00fan y termin\u00f3 vetado por 51 senadores, y apoyado s\u00f3lo por 20. Ambos necesitaban el respaldo de los dos tercios de los presentes para convertirse en jueces de la Corte. <\/p>\n\n\n\n<figure class=\"wp-block-embed is-type-wp-embed is-provider-diario-textual wp-block-embed-diario-textual\"><div class=\"wp-block-embed__wrapper\">\n<blockquote class=\"wp-embedded-content\" data-secret=\"SuBSVoReA8\"><a href=\"https:\/\/diariotextual.com\/inicio\/index.php\/2025\/04\/03\/derrota-politica-de-milei-el-senado-volteo-los-pliegos-de-lijo-y-de-garcia-mansilla\/\">Derrota pol\u00edtica de Milei: el Senado volte\u00f3 los pliegos de Lijo y de Garc\u00eda Mansilla<\/a><\/blockquote><iframe class=\"wp-embedded-content\" sandbox=\"allow-scripts\" security=\"restricted\" style=\"position: absolute; visibility: hidden;\" title=\"\u00abDerrota pol\u00edtica de Milei: el Senado volte\u00f3 los pliegos de Lijo y de Garc\u00eda Mansilla\u00bb \u2014 Diario Textual\" src=\"https:\/\/diariotextual.com\/inicio\/index.php\/2025\/04\/03\/derrota-politica-de-milei-el-senado-volteo-los-pliegos-de-lijo-y-de-garcia-mansilla\/embed\/#?secret=yHGdny5b0y#?secret=SuBSVoReA8\" data-secret=\"SuBSVoReA8\" width=\"600\" height=\"338\" frameborder=\"0\" marginwidth=\"0\" marginheight=\"0\" scrolling=\"no\"><\/iframe>\n<\/div><\/figure>\n","protected":false},"excerpt":{"rendered":"<p>El constitucionalista pampeano y docente de la Universidad Nacional de La Pampa, Andr\u00e9s Gil Dom\u00ednguez, le aconsej\u00f3 al juez Garc\u00eda Mansilla que deje su cargo en la Corte Suprema luego&hellip;<\/p>\n","protected":false},"author":7,"featured_media":291413,"comment_status":"closed","ping_status":"open","sticky":false,"template":"","format":"standard","meta":{"_acf_changed":false,"footnotes":""},"categories":[10,12],"tags":[],"class_list":["post-293125","post","type-post","status-publish","format-standard","has-post-thumbnail","hentry","category-portada-2","category-sociedad"],"acf":[],"yoast_head":"<!-- This site is optimized with the Yoast SEO plugin v27.5 - https:\/\/yoast.com\/product\/yoast-seo-wordpress\/ -->\n<title>Gil Dom\u00ednguez a Garc\u00eda Mansilla: \u201cManuel, ten\u00e9s que renunciar por el bien de la Rep\u00fablica\u201d - Diario Textual<\/title>\n<meta name=\"robots\" content=\"index, follow, max-snippet:-1, max-image-preview:large, max-video-preview:-1\" \/>\n<link rel=\"canonical\" href=\"https:\/\/diariotextual.com\/inicio\/index.php\/2025\/04\/04\/gil-dominguez-a-garcia-mansilla-manuel-tenes-que-renunciar-por-el-bien-de-la-republica-y-para-evitar-una-crisis-en-la-corte\/\" \/>\n<meta property=\"og:locale\" content=\"es_ES\" \/>\n<meta property=\"og:type\" content=\"article\" \/>\n<meta property=\"og:title\" content=\"Gil Dom\u00ednguez a Garc\u00eda Mansilla: \u201cManuel, ten\u00e9s que renunciar por el bien de la Rep\u00fablica\u201d - Diario Textual\" \/>\n<meta property=\"og:description\" content=\"El constitucionalista pampeano y docente de la Universidad Nacional de La Pampa, Andr\u00e9s Gil Dom\u00ednguez, le aconsej\u00f3 al juez Garc\u00eda Mansilla que deje su cargo en la Corte Suprema luego&hellip;\" \/>\n<meta property=\"og:url\" content=\"https:\/\/diariotextual.com\/inicio\/index.php\/2025\/04\/04\/gil-dominguez-a-garcia-mansilla-manuel-tenes-que-renunciar-por-el-bien-de-la-republica-y-para-evitar-una-crisis-en-la-corte\/\" \/>\n<meta property=\"og:site_name\" content=\"Diario Textual\" \/>\n<meta property=\"article:publisher\" content=\"https:\/\/www.facebook.com\/eltextual\" \/>\n<meta property=\"article:published_time\" content=\"2025-04-04T11:08:18+00:00\" \/>\n<meta property=\"article:modified_time\" content=\"2025-04-04T14:21:34+00:00\" \/>\n<meta property=\"og:image\" content=\"https:\/\/diariotextual.com\/inicio\/wp-content\/uploads\/2025\/03\/gildominguezandres2025.webp\" \/>\n\t<meta property=\"og:image:width\" content=\"824\" \/>\n\t<meta property=\"og:image:height\" content=\"720\" \/>\n\t<meta property=\"og:image:type\" content=\"image\/webp\" \/>\n<meta name=\"author\" content=\"diario5\" \/>\n<meta name=\"twitter:card\" content=\"summary_large_image\" \/>\n<meta name=\"twitter:creator\" content=\"@eltextual\" \/>\n<meta name=\"twitter:site\" content=\"@eltextual\" \/>\n<meta name=\"twitter:label1\" content=\"Escrito por\" \/>\n\t<meta name=\"twitter:data1\" content=\"diario5\" \/>\n\t<meta name=\"twitter:label2\" content=\"Tiempo de lectura\" \/>\n\t<meta name=\"twitter:data2\" content=\"2 minutos\" \/>\n<script type=\"application\/ld+json\" class=\"yoast-schema-graph\">{\"@context\":\"https:\\\/\\\/schema.org\",\"@graph\":[{\"@type\":\"Article\",\"@id\":\"https:\\\/\\\/diariotextual.com\\\/inicio\\\/index.php\\\/2025\\\/04\\\/04\\\/gil-dominguez-a-garcia-mansilla-manuel-tenes-que-renunciar-por-el-bien-de-la-republica-y-para-evitar-una-crisis-en-la-corte\\\/#article\",\"isPartOf\":{\"@id\":\"https:\\\/\\\/diariotextual.com\\\/inicio\\\/index.php\\\/2025\\\/04\\\/04\\\/gil-dominguez-a-garcia-mansilla-manuel-tenes-que-renunciar-por-el-bien-de-la-republica-y-para-evitar-una-crisis-en-la-corte\\\/\"},\"author\":{\"name\":\"diario5\",\"@id\":\"https:\\\/\\\/diariotextual.com\\\/inicio\\\/#\\\/schema\\\/person\\\/c7834961ad8b29b1d9cdbf4571299067\"},\"headline\":\"Gil Dom\u00ednguez a Garc\u00eda Mansilla: \u201cManuel, ten\u00e9s que renunciar por el bien de la Rep\u00fablica\u201d\",\"datePublished\":\"2025-04-04T11:08:18+00:00\",\"dateModified\":\"2025-04-04T14:21:34+00:00\",\"mainEntityOfPage\":{\"@id\":\"https:\\\/\\\/diariotextual.com\\\/inicio\\\/index.php\\\/2025\\\/04\\\/04\\\/gil-dominguez-a-garcia-mansilla-manuel-tenes-que-renunciar-por-el-bien-de-la-republica-y-para-evitar-una-crisis-en-la-corte\\\/\"},\"wordCount\":297,\"publisher\":{\"@id\":\"https:\\\/\\\/diariotextual.com\\\/inicio\\\/#organization\"},\"image\":{\"@id\":\"https:\\\/\\\/diariotextual.com\\\/inicio\\\/index.php\\\/2025\\\/04\\\/04\\\/gil-dominguez-a-garcia-mansilla-manuel-tenes-que-renunciar-por-el-bien-de-la-republica-y-para-evitar-una-crisis-en-la-corte\\\/#primaryimage\"},\"thumbnailUrl\":\"https:\\\/\\\/diariotextual.com\\\/inicio\\\/wp-content\\\/uploads\\\/2025\\\/03\\\/gildominguezandres2025.webp\",\"articleSection\":[\"A - PORTADA2\",\"SOCIEDAD\"],\"inLanguage\":\"es\"},{\"@type\":\"WebPage\",\"@id\":\"https:\\\/\\\/diariotextual.com\\\/inicio\\\/index.php\\\/2025\\\/04\\\/04\\\/gil-dominguez-a-garcia-mansilla-manuel-tenes-que-renunciar-por-el-bien-de-la-republica-y-para-evitar-una-crisis-en-la-corte\\\/\",\"url\":\"https:\\\/\\\/diariotextual.com\\\/inicio\\\/index.php\\\/2025\\\/04\\\/04\\\/gil-dominguez-a-garcia-mansilla-manuel-tenes-que-renunciar-por-el-bien-de-la-republica-y-para-evitar-una-crisis-en-la-corte\\\/\",\"name\":\"Gil Dom\u00ednguez a Garc\u00eda Mansilla: \u201cManuel, ten\u00e9s que renunciar por el bien de la Rep\u00fablica\u201d - Diario Textual\",\"isPartOf\":{\"@id\":\"https:\\\/\\\/diariotextual.com\\\/inicio\\\/#website\"},\"primaryImageOfPage\":{\"@id\":\"https:\\\/\\\/diariotextual.com\\\/inicio\\\/index.php\\\/2025\\\/04\\\/04\\\/gil-dominguez-a-garcia-mansilla-manuel-tenes-que-renunciar-por-el-bien-de-la-republica-y-para-evitar-una-crisis-en-la-corte\\\/#primaryimage\"},\"image\":{\"@id\":\"https:\\\/\\\/diariotextual.com\\\/inicio\\\/index.php\\\/2025\\\/04\\\/04\\\/gil-dominguez-a-garcia-mansilla-manuel-tenes-que-renunciar-por-el-bien-de-la-republica-y-para-evitar-una-crisis-en-la-corte\\\/#primaryimage\"},\"thumbnailUrl\":\"https:\\\/\\\/diariotextual.com\\\/inicio\\\/wp-content\\\/uploads\\\/2025\\\/03\\\/gildominguezandres2025.webp\",\"datePublished\":\"2025-04-04T11:08:18+00:00\",\"dateModified\":\"2025-04-04T14:21:34+00:00\",\"breadcrumb\":{\"@id\":\"https:\\\/\\\/diariotextual.com\\\/inicio\\\/index.php\\\/2025\\\/04\\\/04\\\/gil-dominguez-a-garcia-mansilla-manuel-tenes-que-renunciar-por-el-bien-de-la-republica-y-para-evitar-una-crisis-en-la-corte\\\/#breadcrumb\"},\"inLanguage\":\"es\",\"potentialAction\":[{\"@type\":\"ReadAction\",\"target\":[\"https:\\\/\\\/diariotextual.com\\\/inicio\\\/index.php\\\/2025\\\/04\\\/04\\\/gil-dominguez-a-garcia-mansilla-manuel-tenes-que-renunciar-por-el-bien-de-la-republica-y-para-evitar-una-crisis-en-la-corte\\\/\"]}]},{\"@type\":\"ImageObject\",\"inLanguage\":\"es\",\"@id\":\"https:\\\/\\\/diariotextual.com\\\/inicio\\\/index.php\\\/2025\\\/04\\\/04\\\/gil-dominguez-a-garcia-mansilla-manuel-tenes-que-renunciar-por-el-bien-de-la-republica-y-para-evitar-una-crisis-en-la-corte\\\/#primaryimage\",\"url\":\"https:\\\/\\\/diariotextual.com\\\/inicio\\\/wp-content\\\/uploads\\\/2025\\\/03\\\/gildominguezandres2025.webp\",\"contentUrl\":\"https:\\\/\\\/diariotextual.com\\\/inicio\\\/wp-content\\\/uploads\\\/2025\\\/03\\\/gildominguezandres2025.webp\",\"width\":824,\"height\":720},{\"@type\":\"BreadcrumbList\",\"@id\":\"https:\\\/\\\/diariotextual.com\\\/inicio\\\/index.php\\\/2025\\\/04\\\/04\\\/gil-dominguez-a-garcia-mansilla-manuel-tenes-que-renunciar-por-el-bien-de-la-republica-y-para-evitar-una-crisis-en-la-corte\\\/#breadcrumb\",\"itemListElement\":[{\"@type\":\"ListItem\",\"position\":1,\"name\":\"Portada\",\"item\":\"https:\\\/\\\/diariotextual.com\\\/inicio\\\/\"},{\"@type\":\"ListItem\",\"position\":2,\"name\":\"Gil Dom\u00ednguez a Garc\u00eda Mansilla: \u201cManuel, ten\u00e9s que renunciar por el bien de la Rep\u00fablica\u201d\"}]},{\"@type\":\"WebSite\",\"@id\":\"https:\\\/\\\/diariotextual.com\\\/inicio\\\/#website\",\"url\":\"https:\\\/\\\/diariotextual.com\\\/inicio\\\/\",\"name\":\"Diario Textual\",\"description\":\"\",\"publisher\":{\"@id\":\"https:\\\/\\\/diariotextual.com\\\/inicio\\\/#organization\"},\"potentialAction\":[{\"@type\":\"SearchAction\",\"target\":{\"@type\":\"EntryPoint\",\"urlTemplate\":\"https:\\\/\\\/diariotextual.com\\\/inicio\\\/?s={search_term_string}\"},\"query-input\":{\"@type\":\"PropertyValueSpecification\",\"valueRequired\":true,\"valueName\":\"search_term_string\"}}],\"inLanguage\":\"es\"},{\"@type\":\"Organization\",\"@id\":\"https:\\\/\\\/diariotextual.com\\\/inicio\\\/#organization\",\"name\":\"Diario Textual\",\"url\":\"https:\\\/\\\/diariotextual.com\\\/inicio\\\/\",\"logo\":{\"@type\":\"ImageObject\",\"inLanguage\":\"es\",\"@id\":\"https:\\\/\\\/diariotextual.com\\\/inicio\\\/#\\\/schema\\\/logo\\\/image\\\/\",\"url\":\"https:\\\/\\\/diariotextual.com\\\/inicio\\\/wp-content\\\/uploads\\\/2023\\\/05\\\/logotextual1.jpg\",\"contentUrl\":\"https:\\\/\\\/diariotextual.com\\\/inicio\\\/wp-content\\\/uploads\\\/2023\\\/05\\\/logotextual1.jpg\",\"width\":516,\"height\":76,\"caption\":\"Diario Textual\"},\"image\":{\"@id\":\"https:\\\/\\\/diariotextual.com\\\/inicio\\\/#\\\/schema\\\/logo\\\/image\\\/\"},\"sameAs\":[\"https:\\\/\\\/www.facebook.com\\\/eltextual\",\"https:\\\/\\\/x.com\\\/eltextual\",\"http:\\\/\\\/www.instagram.com\\\/eltextual\"]},{\"@type\":\"Person\",\"@id\":\"https:\\\/\\\/diariotextual.com\\\/inicio\\\/#\\\/schema\\\/person\\\/c7834961ad8b29b1d9cdbf4571299067\",\"name\":\"diario5\",\"image\":{\"@type\":\"ImageObject\",\"inLanguage\":\"es\",\"@id\":\"https:\\\/\\\/secure.gravatar.com\\\/avatar\\\/948c893b847ca6df68216ead81b63f363408ec9b0f600fefc0641ce78613b111?s=96&d=mm&r=g\",\"url\":\"https:\\\/\\\/secure.gravatar.com\\\/avatar\\\/948c893b847ca6df68216ead81b63f363408ec9b0f600fefc0641ce78613b111?s=96&d=mm&r=g\",\"contentUrl\":\"https:\\\/\\\/secure.gravatar.com\\\/avatar\\\/948c893b847ca6df68216ead81b63f363408ec9b0f600fefc0641ce78613b111?s=96&d=mm&r=g\",\"caption\":\"diario5\"},\"url\":\"https:\\\/\\\/diariotextual.com\\\/inicio\\\/index.php\\\/author\\\/diario5\\\/\"}]}<\/script>\n<!-- \/ Yoast SEO plugin. -->","yoast_head_json":{"title":"Gil Dom\u00ednguez a Garc\u00eda Mansilla: \u201cManuel, ten\u00e9s que renunciar por el bien de la Rep\u00fablica\u201d - Diario Textual","robots":{"index":"index","follow":"follow","max-snippet":"max-snippet:-1","max-image-preview":"max-image-preview:large","max-video-preview":"max-video-preview:-1"},"canonical":"https:\/\/diariotextual.com\/inicio\/index.php\/2025\/04\/04\/gil-dominguez-a-garcia-mansilla-manuel-tenes-que-renunciar-por-el-bien-de-la-republica-y-para-evitar-una-crisis-en-la-corte\/","og_locale":"es_ES","og_type":"article","og_title":"Gil Dom\u00ednguez a Garc\u00eda Mansilla: \u201cManuel, ten\u00e9s que renunciar por el bien de la Rep\u00fablica\u201d - Diario Textual","og_description":"El constitucionalista pampeano y docente de la Universidad Nacional de La Pampa, Andr\u00e9s Gil Dom\u00ednguez, le aconsej\u00f3 al juez Garc\u00eda Mansilla que deje su cargo en la Corte Suprema luego&hellip;","og_url":"https:\/\/diariotextual.com\/inicio\/index.php\/2025\/04\/04\/gil-dominguez-a-garcia-mansilla-manuel-tenes-que-renunciar-por-el-bien-de-la-republica-y-para-evitar-una-crisis-en-la-corte\/","og_site_name":"Diario Textual","article_publisher":"https:\/\/www.facebook.com\/eltextual","article_published_time":"2025-04-04T11:08:18+00:00","article_modified_time":"2025-04-04T14:21:34+00:00","og_image":[{"width":824,"height":720,"url":"https:\/\/diariotextual.com\/inicio\/wp-content\/uploads\/2025\/03\/gildominguezandres2025.webp","type":"image\/webp"}],"author":"diario5","twitter_card":"summary_large_image","twitter_creator":"@eltextual","twitter_site":"@eltextual","twitter_misc":{"Escrito por":"diario5","Tiempo de lectura":"2 minutos"},"schema":{"@context":"https:\/\/schema.org","@graph":[{"@type":"Article","@id":"https:\/\/diariotextual.com\/inicio\/index.php\/2025\/04\/04\/gil-dominguez-a-garcia-mansilla-manuel-tenes-que-renunciar-por-el-bien-de-la-republica-y-para-evitar-una-crisis-en-la-corte\/#article","isPartOf":{"@id":"https:\/\/diariotextual.com\/inicio\/index.php\/2025\/04\/04\/gil-dominguez-a-garcia-mansilla-manuel-tenes-que-renunciar-por-el-bien-de-la-republica-y-para-evitar-una-crisis-en-la-corte\/"},"author":{"name":"diario5","@id":"https:\/\/diariotextual.com\/inicio\/#\/schema\/person\/c7834961ad8b29b1d9cdbf4571299067"},"headline":"Gil Dom\u00ednguez a Garc\u00eda Mansilla: \u201cManuel, ten\u00e9s que renunciar por el bien de la Rep\u00fablica\u201d","datePublished":"2025-04-04T11:08:18+00:00","dateModified":"2025-04-04T14:21:34+00:00","mainEntityOfPage":{"@id":"https:\/\/diariotextual.com\/inicio\/index.php\/2025\/04\/04\/gil-dominguez-a-garcia-mansilla-manuel-tenes-que-renunciar-por-el-bien-de-la-republica-y-para-evitar-una-crisis-en-la-corte\/"},"wordCount":297,"publisher":{"@id":"https:\/\/diariotextual.com\/inicio\/#organization"},"image":{"@id":"https:\/\/diariotextual.com\/inicio\/index.php\/2025\/04\/04\/gil-dominguez-a-garcia-mansilla-manuel-tenes-que-renunciar-por-el-bien-de-la-republica-y-para-evitar-una-crisis-en-la-corte\/#primaryimage"},"thumbnailUrl":"https:\/\/diariotextual.com\/inicio\/wp-content\/uploads\/2025\/03\/gildominguezandres2025.webp","articleSection":["A - PORTADA2","SOCIEDAD"],"inLanguage":"es"},{"@type":"WebPage","@id":"https:\/\/diariotextual.com\/inicio\/index.php\/2025\/04\/04\/gil-dominguez-a-garcia-mansilla-manuel-tenes-que-renunciar-por-el-bien-de-la-republica-y-para-evitar-una-crisis-en-la-corte\/","url":"https:\/\/diariotextual.com\/inicio\/index.php\/2025\/04\/04\/gil-dominguez-a-garcia-mansilla-manuel-tenes-que-renunciar-por-el-bien-de-la-republica-y-para-evitar-una-crisis-en-la-corte\/","name":"Gil Dom\u00ednguez a Garc\u00eda Mansilla: \u201cManuel, ten\u00e9s que renunciar por el bien de la Rep\u00fablica\u201d - Diario Textual","isPartOf":{"@id":"https:\/\/diariotextual.com\/inicio\/#website"},"primaryImageOfPage":{"@id":"https:\/\/diariotextual.com\/inicio\/index.php\/2025\/04\/04\/gil-dominguez-a-garcia-mansilla-manuel-tenes-que-renunciar-por-el-bien-de-la-republica-y-para-evitar-una-crisis-en-la-corte\/#primaryimage"},"image":{"@id":"https:\/\/diariotextual.com\/inicio\/index.php\/2025\/04\/04\/gil-dominguez-a-garcia-mansilla-manuel-tenes-que-renunciar-por-el-bien-de-la-republica-y-para-evitar-una-crisis-en-la-corte\/#primaryimage"},"thumbnailUrl":"https:\/\/diariotextual.com\/inicio\/wp-content\/uploads\/2025\/03\/gildominguezandres2025.webp","datePublished":"2025-04-04T11:08:18+00:00","dateModified":"2025-04-04T14:21:34+00:00","breadcrumb":{"@id":"https:\/\/diariotextual.com\/inicio\/index.php\/2025\/04\/04\/gil-dominguez-a-garcia-mansilla-manuel-tenes-que-renunciar-por-el-bien-de-la-republica-y-para-evitar-una-crisis-en-la-corte\/#breadcrumb"},"inLanguage":"es","potentialAction":[{"@type":"ReadAction","target":["https:\/\/diariotextual.com\/inicio\/index.php\/2025\/04\/04\/gil-dominguez-a-garcia-mansilla-manuel-tenes-que-renunciar-por-el-bien-de-la-republica-y-para-evitar-una-crisis-en-la-corte\/"]}]},{"@type":"ImageObject","inLanguage":"es","@id":"https:\/\/diariotextual.com\/inicio\/index.php\/2025\/04\/04\/gil-dominguez-a-garcia-mansilla-manuel-tenes-que-renunciar-por-el-bien-de-la-republica-y-para-evitar-una-crisis-en-la-corte\/#primaryimage","url":"https:\/\/diariotextual.com\/inicio\/wp-content\/uploads\/2025\/03\/gildominguezandres2025.webp","contentUrl":"https:\/\/diariotextual.com\/inicio\/wp-content\/uploads\/2025\/03\/gildominguezandres2025.webp","width":824,"height":720},{"@type":"BreadcrumbList","@id":"https:\/\/diariotextual.com\/inicio\/index.php\/2025\/04\/04\/gil-dominguez-a-garcia-mansilla-manuel-tenes-que-renunciar-por-el-bien-de-la-republica-y-para-evitar-una-crisis-en-la-corte\/#breadcrumb","itemListElement":[{"@type":"ListItem","position":1,"name":"Portada","item":"https:\/\/diariotextual.com\/inicio\/"},{"@type":"ListItem","position":2,"name":"Gil Dom\u00ednguez a Garc\u00eda Mansilla: \u201cManuel, ten\u00e9s que renunciar por el bien de la Rep\u00fablica\u201d"}]},{"@type":"WebSite","@id":"https:\/\/diariotextual.com\/inicio\/#website","url":"https:\/\/diariotextual.com\/inicio\/","name":"Diario Textual","description":"","publisher":{"@id":"https:\/\/diariotextual.com\/inicio\/#organization"},"potentialAction":[{"@type":"SearchAction","target":{"@type":"EntryPoint","urlTemplate":"https:\/\/diariotextual.com\/inicio\/?s={search_term_string}"},"query-input":{"@type":"PropertyValueSpecification","valueRequired":true,"valueName":"search_term_string"}}],"inLanguage":"es"},{"@type":"Organization","@id":"https:\/\/diariotextual.com\/inicio\/#organization","name":"Diario Textual","url":"https:\/\/diariotextual.com\/inicio\/","logo":{"@type":"ImageObject","inLanguage":"es","@id":"https:\/\/diariotextual.com\/inicio\/#\/schema\/logo\/image\/","url":"https:\/\/diariotextual.com\/inicio\/wp-content\/uploads\/2023\/05\/logotextual1.jpg","contentUrl":"https:\/\/diariotextual.com\/inicio\/wp-content\/uploads\/2023\/05\/logotextual1.jpg","width":516,"height":76,"caption":"Diario Textual"},"image":{"@id":"https:\/\/diariotextual.com\/inicio\/#\/schema\/logo\/image\/"},"sameAs":["https:\/\/www.facebook.com\/eltextual","https:\/\/x.com\/eltextual","http:\/\/www.instagram.com\/eltextual"]},{"@type":"Person","@id":"https:\/\/diariotextual.com\/inicio\/#\/schema\/person\/c7834961ad8b29b1d9cdbf4571299067","name":"diario5","image":{"@type":"ImageObject","inLanguage":"es","@id":"https:\/\/secure.gravatar.com\/avatar\/948c893b847ca6df68216ead81b63f363408ec9b0f600fefc0641ce78613b111?s=96&d=mm&r=g","url":"https:\/\/secure.gravatar.com\/avatar\/948c893b847ca6df68216ead81b63f363408ec9b0f600fefc0641ce78613b111?s=96&d=mm&r=g","contentUrl":"https:\/\/secure.gravatar.com\/avatar\/948c893b847ca6df68216ead81b63f363408ec9b0f600fefc0641ce78613b111?s=96&d=mm&r=g","caption":"diario5"},"url":"https:\/\/diariotextual.com\/inicio\/index.php\/author\/diario5\/"}]}},"_links":{"self":[{"href":"https:\/\/diariotextual.com\/inicio\/index.php\/wp-json\/wp\/v2\/posts\/293125","targetHints":{"allow":["GET"]}}],"collection":[{"href":"https:\/\/diariotextual.com\/inicio\/index.php\/wp-json\/wp\/v2\/posts"}],"about":[{"href":"https:\/\/diariotextual.com\/inicio\/index.php\/wp-json\/wp\/v2\/types\/post"}],"author":[{"embeddable":true,"href":"https:\/\/diariotextual.com\/inicio\/index.php\/wp-json\/wp\/v2\/users\/7"}],"replies":[{"embeddable":true,"href":"https:\/\/diariotextual.com\/inicio\/index.php\/wp-json\/wp\/v2\/comments?post=293125"}],"version-history":[{"count":2,"href":"https:\/\/diariotextual.com\/inicio\/index.php\/wp-json\/wp\/v2\/posts\/293125\/revisions"}],"predecessor-version":[{"id":293131,"href":"https:\/\/diariotextual.com\/inicio\/index.php\/wp-json\/wp\/v2\/posts\/293125\/revisions\/293131"}],"wp:featuredmedia":[{"embeddable":true,"href":"https:\/\/diariotextual.com\/inicio\/index.php\/wp-json\/wp\/v2\/media\/291413"}],"wp:attachment":[{"href":"https:\/\/diariotextual.com\/inicio\/index.php\/wp-json\/wp\/v2\/media?parent=293125"}],"wp:term":[{"taxonomy":"category","embeddable":true,"href":"https:\/\/diariotextual.com\/inicio\/index.php\/wp-json\/wp\/v2\/categories?post=293125"},{"taxonomy":"post_tag","embeddable":true,"href":"https:\/\/diariotextual.com\/inicio\/index.php\/wp-json\/wp\/v2\/tags?post=293125"}],"curies":[{"name":"wp","href":"https:\/\/api.w.org\/{rel}","templated":true}]}}