{"id":293236,"date":"2025-04-05T19:02:44","date_gmt":"2025-04-05T22:02:44","guid":{"rendered":"https:\/\/diariotextual.com\/inicio\/?p=293236"},"modified":"2025-04-05T19:02:46","modified_gmt":"2025-04-05T22:02:46","slug":"intendenta-de-winifreda-inauguro-el-sendero-del-luan","status":"publish","type":"post","link":"https:\/\/diariotextual.com\/inicio\/index.php\/2025\/04\/05\/intendenta-de-winifreda-inauguro-el-sendero-del-luan\/","title":{"rendered":"Intendenta de Winifreda inaugur\u00f3 el Sendero del Luan"},"content":{"rendered":"\n<p>A pocos kil\u00f3metros de la localidad de Winifreda, la intendenta Adriana Garc\u00eda dej\u00f3 inaugurado el Sendero del Luan, un nuevo paseo hist\u00f3rico-natural y que est\u00e1 ubicado en el km 366 de la ruta nacional 35.<\/p>\n\n\n\n<p>El recorrido del sendero desemboca en la <strong>verdadera laguna de Luan Lauquen (Tierra de Guanacos)<\/strong>, donde <strong>en 1825 se firm\u00f3 un importante tratado entre el Gobierno de las Provincias y unos 50 caciques<\/strong> <strong>ranqueles que habitaban la zona<\/strong> y viv\u00edan a orillas de ese espejo de agua.<\/p>\n\n\n\n<p>\u201cA trav\u00e9s de ese <strong>tratado, los pueblos originarios pod\u00edan transitar por sus territorios avisando previamente a la comandancia del gobierno ya que en ese momento hab\u00eda una convivencia relativamente pac\u00edfica<\/strong>\u201d, dijo la jefa comunal, quien agradeci\u00f3 al docente e investigador Omar Lobos, oriundo de Winifreda y radicado en Capital Federal, por el aporte de sus conocimientos para establecer el recorrido.<\/p>\n\n\n\n<figure class=\"wp-block-image size-full\"><img fetchpriority=\"high\" decoding=\"async\" width=\"900\" height=\"483\" src=\"https:\/\/diariotextual.com\/inicio\/wp-content\/uploads\/2025\/04\/winifredasenderoluan2025.jpg\" alt=\"\" class=\"wp-image-293238\" srcset=\"https:\/\/diariotextual.com\/inicio\/wp-content\/uploads\/2025\/04\/winifredasenderoluan2025.jpg 900w, https:\/\/diariotextual.com\/inicio\/wp-content\/uploads\/2025\/04\/winifredasenderoluan2025-300x161.jpg 300w, https:\/\/diariotextual.com\/inicio\/wp-content\/uploads\/2025\/04\/winifredasenderoluan2025-768x412.jpg 768w, https:\/\/diariotextual.com\/inicio\/wp-content\/uploads\/2025\/04\/winifredasenderoluan2025-585x314.jpg 585w\" sizes=\"(max-width: 900px) 100vw, 900px\" \/><\/figure>\n\n\n\n<p><strong>\u201cOmar fue el alma pater de este sendero dado que es un gran conocedor de la cartograf\u00eda <\/strong>y de los asentamientos ind\u00edgenas, fue quien nos indic\u00f3 que <strong>en esa zona estuvo el cacique Pinc\u00e9n con sus tolder\u00edas<\/strong>\u201d, expres\u00f3 Adriana Garc\u00eda.<\/p>\n\n\n\n<p>\u201cQueremos que la gente pueda visitar este sitio de memoria y de disfrute de la naturaleza ya que hay colonias de flamencos, entre otras especies\u201d, finaliz\u00f3 la intendenta.<\/p>\n\n\n\n<p>A los interesados, que les interese hacer el recorrido del sendero, deber\u00e1n circular hasta el km 366 de la ruta nacional 35, doblar hacia la derecha donde hay un camino vecinal que se limpi\u00f3 y conecta con el sendero.<\/p>\n\n\n\n<figure class=\"wp-block-image size-full\"><img decoding=\"async\" width=\"900\" height=\"506\" src=\"https:\/\/diariotextual.com\/inicio\/wp-content\/uploads\/2025\/04\/winifredaluan2025.jpg\" alt=\"\" class=\"wp-image-293239\" srcset=\"https:\/\/diariotextual.com\/inicio\/wp-content\/uploads\/2025\/04\/winifredaluan2025.jpg 900w, https:\/\/diariotextual.com\/inicio\/wp-content\/uploads\/2025\/04\/winifredaluan2025-300x169.jpg 300w, https:\/\/diariotextual.com\/inicio\/wp-content\/uploads\/2025\/04\/winifredaluan2025-768x432.jpg 768w, https:\/\/diariotextual.com\/inicio\/wp-content\/uploads\/2025\/04\/winifredaluan2025-585x329.jpg 585w\" sizes=\"(max-width: 900px) 100vw, 900px\" \/><figcaption class=\"wp-element-caption\">DCIM\\100MEDIA\\DJI_0546.JPG<\/figcaption><\/figure>\n","protected":false},"excerpt":{"rendered":"<p>A pocos kil\u00f3metros de la localidad de Winifreda, la intendenta Adriana Garc\u00eda dej\u00f3 inaugurado el Sendero del Luan, un nuevo paseo hist\u00f3rico-natural y que est\u00e1 ubicado en el km 366&hellip;<\/p>\n","protected":false},"author":5,"featured_media":293237,"comment_status":"closed","ping_status":"open","sticky":false,"template":"","format":"standard","meta":{"_acf_changed":false,"footnotes":""},"categories":[1],"tags":[],"class_list":["post-293236","post","type-post","status-publish","format-standard","has-post-thumbnail","hentry","category-es-noticia"],"acf":[],"yoast_head":"<!-- This site is optimized with the Yoast SEO plugin v27.5 - https:\/\/yoast.com\/product\/yoast-seo-wordpress\/ -->\n<title>Intendenta de Winifreda inaugur\u00f3 el Sendero del Luan - Diario Textual<\/title>\n<meta name=\"robots\" content=\"index, follow, max-snippet:-1, max-image-preview:large, max-video-preview:-1\" \/>\n<link rel=\"canonical\" href=\"https:\/\/diariotextual.com\/inicio\/index.php\/2025\/04\/05\/intendenta-de-winifreda-inauguro-el-sendero-del-luan\/\" \/>\n<meta property=\"og:locale\" content=\"es_ES\" \/>\n<meta property=\"og:type\" content=\"article\" \/>\n<meta property=\"og:title\" content=\"Intendenta de Winifreda inaugur\u00f3 el Sendero del Luan - Diario Textual\" \/>\n<meta property=\"og:description\" content=\"A pocos kil\u00f3metros de la localidad de Winifreda, la intendenta Adriana Garc\u00eda dej\u00f3 inaugurado el Sendero del Luan, un nuevo paseo hist\u00f3rico-natural y que est\u00e1 ubicado en el km 366&hellip;\" \/>\n<meta property=\"og:url\" content=\"https:\/\/diariotextual.com\/inicio\/index.php\/2025\/04\/05\/intendenta-de-winifreda-inauguro-el-sendero-del-luan\/\" \/>\n<meta property=\"og:site_name\" content=\"Diario Textual\" \/>\n<meta property=\"article:publisher\" content=\"https:\/\/www.facebook.com\/eltextual\" \/>\n<meta property=\"article:published_time\" content=\"2025-04-05T22:02:44+00:00\" \/>\n<meta property=\"article:modified_time\" content=\"2025-04-05T22:02:46+00:00\" \/>\n<meta property=\"og:image\" content=\"https:\/\/diariotextual.com\/inicio\/wp-content\/uploads\/2025\/04\/winifredaluansendero2025.jpg\" \/>\n\t<meta property=\"og:image:width\" content=\"900\" \/>\n\t<meta property=\"og:image:height\" content=\"525\" \/>\n\t<meta property=\"og:image:type\" content=\"image\/jpeg\" \/>\n<meta name=\"author\" content=\"diario3\" \/>\n<meta name=\"twitter:card\" content=\"summary_large_image\" \/>\n<meta name=\"twitter:creator\" content=\"@eltextual\" \/>\n<meta name=\"twitter:site\" content=\"@eltextual\" \/>\n<meta name=\"twitter:label1\" content=\"Escrito por\" \/>\n\t<meta name=\"twitter:data1\" content=\"diario3\" \/>\n\t<meta name=\"twitter:label2\" content=\"Tiempo de lectura\" \/>\n\t<meta name=\"twitter:data2\" content=\"2 minutos\" \/>\n<script type=\"application\/ld+json\" class=\"yoast-schema-graph\">{\"@context\":\"https:\\\/\\\/schema.org\",\"@graph\":[{\"@type\":\"Article\",\"@id\":\"https:\\\/\\\/diariotextual.com\\\/inicio\\\/index.php\\\/2025\\\/04\\\/05\\\/intendenta-de-winifreda-inauguro-el-sendero-del-luan\\\/#article\",\"isPartOf\":{\"@id\":\"https:\\\/\\\/diariotextual.com\\\/inicio\\\/index.php\\\/2025\\\/04\\\/05\\\/intendenta-de-winifreda-inauguro-el-sendero-del-luan\\\/\"},\"author\":{\"name\":\"diario3\",\"@id\":\"https:\\\/\\\/diariotextual.com\\\/inicio\\\/#\\\/schema\\\/person\\\/a1b6f563e0ee944c60f98119389a4d9f\"},\"headline\":\"Intendenta de Winifreda inaugur\u00f3 el Sendero del Luan\",\"datePublished\":\"2025-04-05T22:02:44+00:00\",\"dateModified\":\"2025-04-05T22:02:46+00:00\",\"mainEntityOfPage\":{\"@id\":\"https:\\\/\\\/diariotextual.com\\\/inicio\\\/index.php\\\/2025\\\/04\\\/05\\\/intendenta-de-winifreda-inauguro-el-sendero-del-luan\\\/\"},\"wordCount\":269,\"publisher\":{\"@id\":\"https:\\\/\\\/diariotextual.com\\\/inicio\\\/#organization\"},\"image\":{\"@id\":\"https:\\\/\\\/diariotextual.com\\\/inicio\\\/index.php\\\/2025\\\/04\\\/05\\\/intendenta-de-winifreda-inauguro-el-sendero-del-luan\\\/#primaryimage\"},\"thumbnailUrl\":\"https:\\\/\\\/diariotextual.com\\\/inicio\\\/wp-content\\\/uploads\\\/2025\\\/04\\\/winifredaluansendero2025.jpg\",\"articleSection\":[\"A - ES NOTICIA (van abajo)\"],\"inLanguage\":\"es\"},{\"@type\":\"WebPage\",\"@id\":\"https:\\\/\\\/diariotextual.com\\\/inicio\\\/index.php\\\/2025\\\/04\\\/05\\\/intendenta-de-winifreda-inauguro-el-sendero-del-luan\\\/\",\"url\":\"https:\\\/\\\/diariotextual.com\\\/inicio\\\/index.php\\\/2025\\\/04\\\/05\\\/intendenta-de-winifreda-inauguro-el-sendero-del-luan\\\/\",\"name\":\"Intendenta de Winifreda inaugur\u00f3 el Sendero del Luan - Diario Textual\",\"isPartOf\":{\"@id\":\"https:\\\/\\\/diariotextual.com\\\/inicio\\\/#website\"},\"primaryImageOfPage\":{\"@id\":\"https:\\\/\\\/diariotextual.com\\\/inicio\\\/index.php\\\/2025\\\/04\\\/05\\\/intendenta-de-winifreda-inauguro-el-sendero-del-luan\\\/#primaryimage\"},\"image\":{\"@id\":\"https:\\\/\\\/diariotextual.com\\\/inicio\\\/index.php\\\/2025\\\/04\\\/05\\\/intendenta-de-winifreda-inauguro-el-sendero-del-luan\\\/#primaryimage\"},\"thumbnailUrl\":\"https:\\\/\\\/diariotextual.com\\\/inicio\\\/wp-content\\\/uploads\\\/2025\\\/04\\\/winifredaluansendero2025.jpg\",\"datePublished\":\"2025-04-05T22:02:44+00:00\",\"dateModified\":\"2025-04-05T22:02:46+00:00\",\"breadcrumb\":{\"@id\":\"https:\\\/\\\/diariotextual.com\\\/inicio\\\/index.php\\\/2025\\\/04\\\/05\\\/intendenta-de-winifreda-inauguro-el-sendero-del-luan\\\/#breadcrumb\"},\"inLanguage\":\"es\",\"potentialAction\":[{\"@type\":\"ReadAction\",\"target\":[\"https:\\\/\\\/diariotextual.com\\\/inicio\\\/index.php\\\/2025\\\/04\\\/05\\\/intendenta-de-winifreda-inauguro-el-sendero-del-luan\\\/\"]}]},{\"@type\":\"ImageObject\",\"inLanguage\":\"es\",\"@id\":\"https:\\\/\\\/diariotextual.com\\\/inicio\\\/index.php\\\/2025\\\/04\\\/05\\\/intendenta-de-winifreda-inauguro-el-sendero-del-luan\\\/#primaryimage\",\"url\":\"https:\\\/\\\/diariotextual.com\\\/inicio\\\/wp-content\\\/uploads\\\/2025\\\/04\\\/winifredaluansendero2025.jpg\",\"contentUrl\":\"https:\\\/\\\/diariotextual.com\\\/inicio\\\/wp-content\\\/uploads\\\/2025\\\/04\\\/winifredaluansendero2025.jpg\",\"width\":900,\"height\":525},{\"@type\":\"BreadcrumbList\",\"@id\":\"https:\\\/\\\/diariotextual.com\\\/inicio\\\/index.php\\\/2025\\\/04\\\/05\\\/intendenta-de-winifreda-inauguro-el-sendero-del-luan\\\/#breadcrumb\",\"itemListElement\":[{\"@type\":\"ListItem\",\"position\":1,\"name\":\"Portada\",\"item\":\"https:\\\/\\\/diariotextual.com\\\/inicio\\\/\"},{\"@type\":\"ListItem\",\"position\":2,\"name\":\"Intendenta de Winifreda inaugur\u00f3 el Sendero del Luan\"}]},{\"@type\":\"WebSite\",\"@id\":\"https:\\\/\\\/diariotextual.com\\\/inicio\\\/#website\",\"url\":\"https:\\\/\\\/diariotextual.com\\\/inicio\\\/\",\"name\":\"Diario Textual\",\"description\":\"\",\"publisher\":{\"@id\":\"https:\\\/\\\/diariotextual.com\\\/inicio\\\/#organization\"},\"potentialAction\":[{\"@type\":\"SearchAction\",\"target\":{\"@type\":\"EntryPoint\",\"urlTemplate\":\"https:\\\/\\\/diariotextual.com\\\/inicio\\\/?s={search_term_string}\"},\"query-input\":{\"@type\":\"PropertyValueSpecification\",\"valueRequired\":true,\"valueName\":\"search_term_string\"}}],\"inLanguage\":\"es\"},{\"@type\":\"Organization\",\"@id\":\"https:\\\/\\\/diariotextual.com\\\/inicio\\\/#organization\",\"name\":\"Diario Textual\",\"url\":\"https:\\\/\\\/diariotextual.com\\\/inicio\\\/\",\"logo\":{\"@type\":\"ImageObject\",\"inLanguage\":\"es\",\"@id\":\"https:\\\/\\\/diariotextual.com\\\/inicio\\\/#\\\/schema\\\/logo\\\/image\\\/\",\"url\":\"https:\\\/\\\/diariotextual.com\\\/inicio\\\/wp-content\\\/uploads\\\/2023\\\/05\\\/logotextual1.jpg\",\"contentUrl\":\"https:\\\/\\\/diariotextual.com\\\/inicio\\\/wp-content\\\/uploads\\\/2023\\\/05\\\/logotextual1.jpg\",\"width\":516,\"height\":76,\"caption\":\"Diario Textual\"},\"image\":{\"@id\":\"https:\\\/\\\/diariotextual.com\\\/inicio\\\/#\\\/schema\\\/logo\\\/image\\\/\"},\"sameAs\":[\"https:\\\/\\\/www.facebook.com\\\/eltextual\",\"https:\\\/\\\/x.com\\\/eltextual\",\"http:\\\/\\\/www.instagram.com\\\/eltextual\"]},{\"@type\":\"Person\",\"@id\":\"https:\\\/\\\/diariotextual.com\\\/inicio\\\/#\\\/schema\\\/person\\\/a1b6f563e0ee944c60f98119389a4d9f\",\"name\":\"diario3\",\"image\":{\"@type\":\"ImageObject\",\"inLanguage\":\"es\",\"@id\":\"https:\\\/\\\/secure.gravatar.com\\\/avatar\\\/5e7ee62c82fc04d9dd79d746a390d93c69c43223e5faeeb3ea9461ef752bfc5d?s=96&d=mm&r=g\",\"url\":\"https:\\\/\\\/secure.gravatar.com\\\/avatar\\\/5e7ee62c82fc04d9dd79d746a390d93c69c43223e5faeeb3ea9461ef752bfc5d?s=96&d=mm&r=g\",\"contentUrl\":\"https:\\\/\\\/secure.gravatar.com\\\/avatar\\\/5e7ee62c82fc04d9dd79d746a390d93c69c43223e5faeeb3ea9461ef752bfc5d?s=96&d=mm&r=g\",\"caption\":\"diario3\"},\"url\":\"https:\\\/\\\/diariotextual.com\\\/inicio\\\/index.php\\\/author\\\/diario3\\\/\"}]}<\/script>\n<!-- \/ Yoast SEO plugin. -->","yoast_head_json":{"title":"Intendenta de Winifreda inaugur\u00f3 el Sendero del Luan - Diario Textual","robots":{"index":"index","follow":"follow","max-snippet":"max-snippet:-1","max-image-preview":"max-image-preview:large","max-video-preview":"max-video-preview:-1"},"canonical":"https:\/\/diariotextual.com\/inicio\/index.php\/2025\/04\/05\/intendenta-de-winifreda-inauguro-el-sendero-del-luan\/","og_locale":"es_ES","og_type":"article","og_title":"Intendenta de Winifreda inaugur\u00f3 el Sendero del Luan - Diario Textual","og_description":"A pocos kil\u00f3metros de la localidad de Winifreda, la intendenta Adriana Garc\u00eda dej\u00f3 inaugurado el Sendero del Luan, un nuevo paseo hist\u00f3rico-natural y que est\u00e1 ubicado en el km 366&hellip;","og_url":"https:\/\/diariotextual.com\/inicio\/index.php\/2025\/04\/05\/intendenta-de-winifreda-inauguro-el-sendero-del-luan\/","og_site_name":"Diario Textual","article_publisher":"https:\/\/www.facebook.com\/eltextual","article_published_time":"2025-04-05T22:02:44+00:00","article_modified_time":"2025-04-05T22:02:46+00:00","og_image":[{"width":900,"height":525,"url":"https:\/\/diariotextual.com\/inicio\/wp-content\/uploads\/2025\/04\/winifredaluansendero2025.jpg","type":"image\/jpeg"}],"author":"diario3","twitter_card":"summary_large_image","twitter_creator":"@eltextual","twitter_site":"@eltextual","twitter_misc":{"Escrito por":"diario3","Tiempo de lectura":"2 minutos"},"schema":{"@context":"https:\/\/schema.org","@graph":[{"@type":"Article","@id":"https:\/\/diariotextual.com\/inicio\/index.php\/2025\/04\/05\/intendenta-de-winifreda-inauguro-el-sendero-del-luan\/#article","isPartOf":{"@id":"https:\/\/diariotextual.com\/inicio\/index.php\/2025\/04\/05\/intendenta-de-winifreda-inauguro-el-sendero-del-luan\/"},"author":{"name":"diario3","@id":"https:\/\/diariotextual.com\/inicio\/#\/schema\/person\/a1b6f563e0ee944c60f98119389a4d9f"},"headline":"Intendenta de Winifreda inaugur\u00f3 el Sendero del Luan","datePublished":"2025-04-05T22:02:44+00:00","dateModified":"2025-04-05T22:02:46+00:00","mainEntityOfPage":{"@id":"https:\/\/diariotextual.com\/inicio\/index.php\/2025\/04\/05\/intendenta-de-winifreda-inauguro-el-sendero-del-luan\/"},"wordCount":269,"publisher":{"@id":"https:\/\/diariotextual.com\/inicio\/#organization"},"image":{"@id":"https:\/\/diariotextual.com\/inicio\/index.php\/2025\/04\/05\/intendenta-de-winifreda-inauguro-el-sendero-del-luan\/#primaryimage"},"thumbnailUrl":"https:\/\/diariotextual.com\/inicio\/wp-content\/uploads\/2025\/04\/winifredaluansendero2025.jpg","articleSection":["A - ES NOTICIA (van abajo)"],"inLanguage":"es"},{"@type":"WebPage","@id":"https:\/\/diariotextual.com\/inicio\/index.php\/2025\/04\/05\/intendenta-de-winifreda-inauguro-el-sendero-del-luan\/","url":"https:\/\/diariotextual.com\/inicio\/index.php\/2025\/04\/05\/intendenta-de-winifreda-inauguro-el-sendero-del-luan\/","name":"Intendenta de Winifreda inaugur\u00f3 el Sendero del Luan - Diario Textual","isPartOf":{"@id":"https:\/\/diariotextual.com\/inicio\/#website"},"primaryImageOfPage":{"@id":"https:\/\/diariotextual.com\/inicio\/index.php\/2025\/04\/05\/intendenta-de-winifreda-inauguro-el-sendero-del-luan\/#primaryimage"},"image":{"@id":"https:\/\/diariotextual.com\/inicio\/index.php\/2025\/04\/05\/intendenta-de-winifreda-inauguro-el-sendero-del-luan\/#primaryimage"},"thumbnailUrl":"https:\/\/diariotextual.com\/inicio\/wp-content\/uploads\/2025\/04\/winifredaluansendero2025.jpg","datePublished":"2025-04-05T22:02:44+00:00","dateModified":"2025-04-05T22:02:46+00:00","breadcrumb":{"@id":"https:\/\/diariotextual.com\/inicio\/index.php\/2025\/04\/05\/intendenta-de-winifreda-inauguro-el-sendero-del-luan\/#breadcrumb"},"inLanguage":"es","potentialAction":[{"@type":"ReadAction","target":["https:\/\/diariotextual.com\/inicio\/index.php\/2025\/04\/05\/intendenta-de-winifreda-inauguro-el-sendero-del-luan\/"]}]},{"@type":"ImageObject","inLanguage":"es","@id":"https:\/\/diariotextual.com\/inicio\/index.php\/2025\/04\/05\/intendenta-de-winifreda-inauguro-el-sendero-del-luan\/#primaryimage","url":"https:\/\/diariotextual.com\/inicio\/wp-content\/uploads\/2025\/04\/winifredaluansendero2025.jpg","contentUrl":"https:\/\/diariotextual.com\/inicio\/wp-content\/uploads\/2025\/04\/winifredaluansendero2025.jpg","width":900,"height":525},{"@type":"BreadcrumbList","@id":"https:\/\/diariotextual.com\/inicio\/index.php\/2025\/04\/05\/intendenta-de-winifreda-inauguro-el-sendero-del-luan\/#breadcrumb","itemListElement":[{"@type":"ListItem","position":1,"name":"Portada","item":"https:\/\/diariotextual.com\/inicio\/"},{"@type":"ListItem","position":2,"name":"Intendenta de Winifreda inaugur\u00f3 el Sendero del Luan"}]},{"@type":"WebSite","@id":"https:\/\/diariotextual.com\/inicio\/#website","url":"https:\/\/diariotextual.com\/inicio\/","name":"Diario Textual","description":"","publisher":{"@id":"https:\/\/diariotextual.com\/inicio\/#organization"},"potentialAction":[{"@type":"SearchAction","target":{"@type":"EntryPoint","urlTemplate":"https:\/\/diariotextual.com\/inicio\/?s={search_term_string}"},"query-input":{"@type":"PropertyValueSpecification","valueRequired":true,"valueName":"search_term_string"}}],"inLanguage":"es"},{"@type":"Organization","@id":"https:\/\/diariotextual.com\/inicio\/#organization","name":"Diario Textual","url":"https:\/\/diariotextual.com\/inicio\/","logo":{"@type":"ImageObject","inLanguage":"es","@id":"https:\/\/diariotextual.com\/inicio\/#\/schema\/logo\/image\/","url":"https:\/\/diariotextual.com\/inicio\/wp-content\/uploads\/2023\/05\/logotextual1.jpg","contentUrl":"https:\/\/diariotextual.com\/inicio\/wp-content\/uploads\/2023\/05\/logotextual1.jpg","width":516,"height":76,"caption":"Diario Textual"},"image":{"@id":"https:\/\/diariotextual.com\/inicio\/#\/schema\/logo\/image\/"},"sameAs":["https:\/\/www.facebook.com\/eltextual","https:\/\/x.com\/eltextual","http:\/\/www.instagram.com\/eltextual"]},{"@type":"Person","@id":"https:\/\/diariotextual.com\/inicio\/#\/schema\/person\/a1b6f563e0ee944c60f98119389a4d9f","name":"diario3","image":{"@type":"ImageObject","inLanguage":"es","@id":"https:\/\/secure.gravatar.com\/avatar\/5e7ee62c82fc04d9dd79d746a390d93c69c43223e5faeeb3ea9461ef752bfc5d?s=96&d=mm&r=g","url":"https:\/\/secure.gravatar.com\/avatar\/5e7ee62c82fc04d9dd79d746a390d93c69c43223e5faeeb3ea9461ef752bfc5d?s=96&d=mm&r=g","contentUrl":"https:\/\/secure.gravatar.com\/avatar\/5e7ee62c82fc04d9dd79d746a390d93c69c43223e5faeeb3ea9461ef752bfc5d?s=96&d=mm&r=g","caption":"diario3"},"url":"https:\/\/diariotextual.com\/inicio\/index.php\/author\/diario3\/"}]}},"_links":{"self":[{"href":"https:\/\/diariotextual.com\/inicio\/index.php\/wp-json\/wp\/v2\/posts\/293236","targetHints":{"allow":["GET"]}}],"collection":[{"href":"https:\/\/diariotextual.com\/inicio\/index.php\/wp-json\/wp\/v2\/posts"}],"about":[{"href":"https:\/\/diariotextual.com\/inicio\/index.php\/wp-json\/wp\/v2\/types\/post"}],"author":[{"embeddable":true,"href":"https:\/\/diariotextual.com\/inicio\/index.php\/wp-json\/wp\/v2\/users\/5"}],"replies":[{"embeddable":true,"href":"https:\/\/diariotextual.com\/inicio\/index.php\/wp-json\/wp\/v2\/comments?post=293236"}],"version-history":[{"count":1,"href":"https:\/\/diariotextual.com\/inicio\/index.php\/wp-json\/wp\/v2\/posts\/293236\/revisions"}],"predecessor-version":[{"id":293240,"href":"https:\/\/diariotextual.com\/inicio\/index.php\/wp-json\/wp\/v2\/posts\/293236\/revisions\/293240"}],"wp:featuredmedia":[{"embeddable":true,"href":"https:\/\/diariotextual.com\/inicio\/index.php\/wp-json\/wp\/v2\/media\/293237"}],"wp:attachment":[{"href":"https:\/\/diariotextual.com\/inicio\/index.php\/wp-json\/wp\/v2\/media?parent=293236"}],"wp:term":[{"taxonomy":"category","embeddable":true,"href":"https:\/\/diariotextual.com\/inicio\/index.php\/wp-json\/wp\/v2\/categories?post=293236"},{"taxonomy":"post_tag","embeddable":true,"href":"https:\/\/diariotextual.com\/inicio\/index.php\/wp-json\/wp\/v2\/tags?post=293236"}],"curies":[{"name":"wp","href":"https:\/\/api.w.org\/{rel}","templated":true}]}}