{"id":293244,"date":"2025-04-05T19:31:29","date_gmt":"2025-04-05T22:31:29","guid":{"rendered":"https:\/\/diariotextual.com\/inicio\/?p=293244"},"modified":"2025-04-05T19:31:32","modified_gmt":"2025-04-05T22:31:32","slug":"unos-700-chicos-y-chicas-participaron-de-la-mini-maraton-a-pampa-traviesa","status":"publish","type":"post","link":"https:\/\/diariotextual.com\/inicio\/index.php\/2025\/04\/05\/unos-700-chicos-y-chicas-participaron-de-la-mini-maraton-a-pampa-traviesa\/","title":{"rendered":"Unos 700 chicos y chicas participaron de la Mini Marat\u00f3n \u201cA Pampa Traviesa\u201d"},"content":{"rendered":"\n<p>Con una participaci\u00f3n que super\u00f3 los 700 chicos y chicas de distintas edades, y el acompa\u00f1amiento de sus familias, se llev\u00f3 a cabo este s\u00e1bado por la tarde la tradicional Mini Marat\u00f3n \u201cA Pampa Traviesa\u201d, como antesala de la Marat\u00f3n Internacional que se correr\u00e1 este domingo en Santa Rosa.<\/p>\n\n\n\n<figure class=\"wp-block-image size-large\"><img fetchpriority=\"high\" decoding=\"async\" width=\"1024\" height=\"682\" src=\"https:\/\/diariotextual.com\/inicio\/wp-content\/uploads\/2025\/04\/dinapolilucianoapampatraviesaminimaraton2025-1-1024x682.jpg\" alt=\"\" class=\"wp-image-293245\" srcset=\"https:\/\/diariotextual.com\/inicio\/wp-content\/uploads\/2025\/04\/dinapolilucianoapampatraviesaminimaraton2025-1-1024x682.jpg 1024w, https:\/\/diariotextual.com\/inicio\/wp-content\/uploads\/2025\/04\/dinapolilucianoapampatraviesaminimaraton2025-1-300x200.jpg 300w, https:\/\/diariotextual.com\/inicio\/wp-content\/uploads\/2025\/04\/dinapolilucianoapampatraviesaminimaraton2025-1-768x512.jpg 768w, https:\/\/diariotextual.com\/inicio\/wp-content\/uploads\/2025\/04\/dinapolilucianoapampatraviesaminimaraton2025-1-1536x1023.jpg 1536w, https:\/\/diariotextual.com\/inicio\/wp-content\/uploads\/2025\/04\/dinapolilucianoapampatraviesaminimaraton2025-1-1170x780.jpg 1170w, https:\/\/diariotextual.com\/inicio\/wp-content\/uploads\/2025\/04\/dinapolilucianoapampatraviesaminimaraton2025-1-585x390.jpg 585w, https:\/\/diariotextual.com\/inicio\/wp-content\/uploads\/2025\/04\/dinapolilucianoapampatraviesaminimaraton2025-1-263x175.jpg 263w, https:\/\/diariotextual.com\/inicio\/wp-content\/uploads\/2025\/04\/dinapolilucianoapampatraviesaminimaraton2025-1.jpg 1600w\" sizes=\"(max-width: 1024px) 100vw, 1024px\" \/><\/figure>\n\n\n\n<p>El evento, que ya es un cl\u00e1sico del atletismo local, cont\u00f3 con la presencia del intendente Luciano di N\u00e1poli, quien fue el encargado de dar inicio a la competencia. \u201cEs muy positivo que los m\u00e1s chicos puedan ser parte de esta gran fiesta del atletismo santarrose\u00f1o. Como cada a\u00f1o, todo el equipo de gesti\u00f3n trabaja con mucho compromiso para que este evento siga creciendo y sea un orgullo de toda la comunidad\u201d, expres\u00f3 luego del evento.<\/p>\n\n\n\n<p>La Mini Marat\u00f3n convirti\u00f3 al centro de la ciudad en una verdadera fiesta deportiva, cargada de alegr\u00eda, emoci\u00f3n y esp\u00edritu recreativo. Los y las m\u00e1s peque\u00f1as junto a sus familias fueron protagonistas de una jornada inolvidable, pensada especialmente para fomentar el deporte y la vida activa desde temprana edad.<\/p>\n\n\n\n<p>Adem\u00e1s de las carreras, hubo actividades especiales para ni\u00f1os y ni\u00f1as de 4 y 5 a\u00f1os, espect\u00e1culos circenses con acr\u00f3batas, mu\u00f1ecos gigantes y un show de cierre a cargo de Pulso Creativo. La tradicional merienda compartida fue otro de los momentos m\u00e1s esperados y disfrutados por las y los participantes.<\/p>\n\n\n\n<p><\/p>\n","protected":false},"excerpt":{"rendered":"<p>Con una participaci\u00f3n que super\u00f3 los 700 chicos y chicas de distintas edades, y el acompa\u00f1amiento de sus familias, se llev\u00f3 a cabo este s\u00e1bado por la tarde la tradicional&hellip;<\/p>\n","protected":false},"author":3,"featured_media":293246,"comment_status":"closed","ping_status":"open","sticky":false,"template":"","format":"standard","meta":{"_acf_changed":false,"footnotes":""},"categories":[1,3],"tags":[],"class_list":["post-293244","post","type-post","status-publish","format-standard","has-post-thumbnail","hentry","category-es-noticia","category-deportes"],"acf":[],"yoast_head":"<!-- This site is optimized with the Yoast SEO plugin v27.5 - https:\/\/yoast.com\/product\/yoast-seo-wordpress\/ -->\n<title>Unos 700 chicos y chicas participaron de la Mini Marat\u00f3n \u201cA Pampa Traviesa\u201d - Diario Textual<\/title>\n<meta name=\"robots\" content=\"index, follow, max-snippet:-1, max-image-preview:large, max-video-preview:-1\" \/>\n<link rel=\"canonical\" href=\"https:\/\/diariotextual.com\/inicio\/index.php\/2025\/04\/05\/unos-700-chicos-y-chicas-participaron-de-la-mini-maraton-a-pampa-traviesa\/\" \/>\n<meta property=\"og:locale\" content=\"es_ES\" \/>\n<meta property=\"og:type\" content=\"article\" \/>\n<meta property=\"og:title\" content=\"Unos 700 chicos y chicas participaron de la Mini Marat\u00f3n \u201cA Pampa Traviesa\u201d - Diario Textual\" \/>\n<meta property=\"og:description\" content=\"Con una participaci\u00f3n que super\u00f3 los 700 chicos y chicas de distintas edades, y el acompa\u00f1amiento de sus familias, se llev\u00f3 a cabo este s\u00e1bado por la tarde la tradicional&hellip;\" \/>\n<meta property=\"og:url\" content=\"https:\/\/diariotextual.com\/inicio\/index.php\/2025\/04\/05\/unos-700-chicos-y-chicas-participaron-de-la-mini-maraton-a-pampa-traviesa\/\" \/>\n<meta property=\"og:site_name\" content=\"Diario Textual\" \/>\n<meta property=\"article:publisher\" content=\"https:\/\/www.facebook.com\/eltextual\" \/>\n<meta property=\"article:published_time\" content=\"2025-04-05T22:31:29+00:00\" \/>\n<meta property=\"article:modified_time\" content=\"2025-04-05T22:31:32+00:00\" \/>\n<meta property=\"og:image\" content=\"https:\/\/diariotextual.com\/inicio\/wp-content\/uploads\/2025\/04\/apampatraviesaminimaraton2025-7.jpg\" \/>\n\t<meta property=\"og:image:width\" content=\"1600\" \/>\n\t<meta property=\"og:image:height\" content=\"1067\" \/>\n\t<meta property=\"og:image:type\" content=\"image\/jpeg\" \/>\n<meta name=\"author\" content=\"Diario1 Diario1\" \/>\n<meta name=\"twitter:card\" content=\"summary_large_image\" \/>\n<meta name=\"twitter:creator\" content=\"@eltextual\" \/>\n<meta name=\"twitter:site\" content=\"@eltextual\" \/>\n<meta name=\"twitter:label1\" content=\"Escrito por\" \/>\n\t<meta name=\"twitter:data1\" content=\"Diario1 Diario1\" \/>\n\t<meta name=\"twitter:label2\" content=\"Tiempo de lectura\" \/>\n\t<meta name=\"twitter:data2\" content=\"2 minutos\" \/>\n<script type=\"application\/ld+json\" class=\"yoast-schema-graph\">{\"@context\":\"https:\\\/\\\/schema.org\",\"@graph\":[{\"@type\":\"Article\",\"@id\":\"https:\\\/\\\/diariotextual.com\\\/inicio\\\/index.php\\\/2025\\\/04\\\/05\\\/unos-700-chicos-y-chicas-participaron-de-la-mini-maraton-a-pampa-traviesa\\\/#article\",\"isPartOf\":{\"@id\":\"https:\\\/\\\/diariotextual.com\\\/inicio\\\/index.php\\\/2025\\\/04\\\/05\\\/unos-700-chicos-y-chicas-participaron-de-la-mini-maraton-a-pampa-traviesa\\\/\"},\"author\":{\"name\":\"Diario1 Diario1\",\"@id\":\"https:\\\/\\\/diariotextual.com\\\/inicio\\\/#\\\/schema\\\/person\\\/418fc4093c33e86ed41562db3508f958\"},\"headline\":\"Unos 700 chicos y chicas participaron de la Mini Marat\u00f3n \u201cA Pampa Traviesa\u201d\",\"datePublished\":\"2025-04-05T22:31:29+00:00\",\"dateModified\":\"2025-04-05T22:31:32+00:00\",\"mainEntityOfPage\":{\"@id\":\"https:\\\/\\\/diariotextual.com\\\/inicio\\\/index.php\\\/2025\\\/04\\\/05\\\/unos-700-chicos-y-chicas-participaron-de-la-mini-maraton-a-pampa-traviesa\\\/\"},\"wordCount\":259,\"publisher\":{\"@id\":\"https:\\\/\\\/diariotextual.com\\\/inicio\\\/#organization\"},\"image\":{\"@id\":\"https:\\\/\\\/diariotextual.com\\\/inicio\\\/index.php\\\/2025\\\/04\\\/05\\\/unos-700-chicos-y-chicas-participaron-de-la-mini-maraton-a-pampa-traviesa\\\/#primaryimage\"},\"thumbnailUrl\":\"https:\\\/\\\/diariotextual.com\\\/inicio\\\/wp-content\\\/uploads\\\/2025\\\/04\\\/apampatraviesaminimaraton2025-7.jpg\",\"articleSection\":[\"A - ES NOTICIA (van abajo)\",\"DEPORTES\"],\"inLanguage\":\"es\"},{\"@type\":\"WebPage\",\"@id\":\"https:\\\/\\\/diariotextual.com\\\/inicio\\\/index.php\\\/2025\\\/04\\\/05\\\/unos-700-chicos-y-chicas-participaron-de-la-mini-maraton-a-pampa-traviesa\\\/\",\"url\":\"https:\\\/\\\/diariotextual.com\\\/inicio\\\/index.php\\\/2025\\\/04\\\/05\\\/unos-700-chicos-y-chicas-participaron-de-la-mini-maraton-a-pampa-traviesa\\\/\",\"name\":\"Unos 700 chicos y chicas participaron de la Mini Marat\u00f3n \u201cA Pampa Traviesa\u201d - Diario Textual\",\"isPartOf\":{\"@id\":\"https:\\\/\\\/diariotextual.com\\\/inicio\\\/#website\"},\"primaryImageOfPage\":{\"@id\":\"https:\\\/\\\/diariotextual.com\\\/inicio\\\/index.php\\\/2025\\\/04\\\/05\\\/unos-700-chicos-y-chicas-participaron-de-la-mini-maraton-a-pampa-traviesa\\\/#primaryimage\"},\"image\":{\"@id\":\"https:\\\/\\\/diariotextual.com\\\/inicio\\\/index.php\\\/2025\\\/04\\\/05\\\/unos-700-chicos-y-chicas-participaron-de-la-mini-maraton-a-pampa-traviesa\\\/#primaryimage\"},\"thumbnailUrl\":\"https:\\\/\\\/diariotextual.com\\\/inicio\\\/wp-content\\\/uploads\\\/2025\\\/04\\\/apampatraviesaminimaraton2025-7.jpg\",\"datePublished\":\"2025-04-05T22:31:29+00:00\",\"dateModified\":\"2025-04-05T22:31:32+00:00\",\"breadcrumb\":{\"@id\":\"https:\\\/\\\/diariotextual.com\\\/inicio\\\/index.php\\\/2025\\\/04\\\/05\\\/unos-700-chicos-y-chicas-participaron-de-la-mini-maraton-a-pampa-traviesa\\\/#breadcrumb\"},\"inLanguage\":\"es\",\"potentialAction\":[{\"@type\":\"ReadAction\",\"target\":[\"https:\\\/\\\/diariotextual.com\\\/inicio\\\/index.php\\\/2025\\\/04\\\/05\\\/unos-700-chicos-y-chicas-participaron-de-la-mini-maraton-a-pampa-traviesa\\\/\"]}]},{\"@type\":\"ImageObject\",\"inLanguage\":\"es\",\"@id\":\"https:\\\/\\\/diariotextual.com\\\/inicio\\\/index.php\\\/2025\\\/04\\\/05\\\/unos-700-chicos-y-chicas-participaron-de-la-mini-maraton-a-pampa-traviesa\\\/#primaryimage\",\"url\":\"https:\\\/\\\/diariotextual.com\\\/inicio\\\/wp-content\\\/uploads\\\/2025\\\/04\\\/apampatraviesaminimaraton2025-7.jpg\",\"contentUrl\":\"https:\\\/\\\/diariotextual.com\\\/inicio\\\/wp-content\\\/uploads\\\/2025\\\/04\\\/apampatraviesaminimaraton2025-7.jpg\",\"width\":1600,\"height\":1067},{\"@type\":\"BreadcrumbList\",\"@id\":\"https:\\\/\\\/diariotextual.com\\\/inicio\\\/index.php\\\/2025\\\/04\\\/05\\\/unos-700-chicos-y-chicas-participaron-de-la-mini-maraton-a-pampa-traviesa\\\/#breadcrumb\",\"itemListElement\":[{\"@type\":\"ListItem\",\"position\":1,\"name\":\"Portada\",\"item\":\"https:\\\/\\\/diariotextual.com\\\/inicio\\\/\"},{\"@type\":\"ListItem\",\"position\":2,\"name\":\"Unos 700 chicos y chicas participaron de la Mini Marat\u00f3n \u201cA Pampa Traviesa\u201d\"}]},{\"@type\":\"WebSite\",\"@id\":\"https:\\\/\\\/diariotextual.com\\\/inicio\\\/#website\",\"url\":\"https:\\\/\\\/diariotextual.com\\\/inicio\\\/\",\"name\":\"Diario Textual\",\"description\":\"\",\"publisher\":{\"@id\":\"https:\\\/\\\/diariotextual.com\\\/inicio\\\/#organization\"},\"potentialAction\":[{\"@type\":\"SearchAction\",\"target\":{\"@type\":\"EntryPoint\",\"urlTemplate\":\"https:\\\/\\\/diariotextual.com\\\/inicio\\\/?s={search_term_string}\"},\"query-input\":{\"@type\":\"PropertyValueSpecification\",\"valueRequired\":true,\"valueName\":\"search_term_string\"}}],\"inLanguage\":\"es\"},{\"@type\":\"Organization\",\"@id\":\"https:\\\/\\\/diariotextual.com\\\/inicio\\\/#organization\",\"name\":\"Diario Textual\",\"url\":\"https:\\\/\\\/diariotextual.com\\\/inicio\\\/\",\"logo\":{\"@type\":\"ImageObject\",\"inLanguage\":\"es\",\"@id\":\"https:\\\/\\\/diariotextual.com\\\/inicio\\\/#\\\/schema\\\/logo\\\/image\\\/\",\"url\":\"https:\\\/\\\/diariotextual.com\\\/inicio\\\/wp-content\\\/uploads\\\/2023\\\/05\\\/logotextual1.jpg\",\"contentUrl\":\"https:\\\/\\\/diariotextual.com\\\/inicio\\\/wp-content\\\/uploads\\\/2023\\\/05\\\/logotextual1.jpg\",\"width\":516,\"height\":76,\"caption\":\"Diario Textual\"},\"image\":{\"@id\":\"https:\\\/\\\/diariotextual.com\\\/inicio\\\/#\\\/schema\\\/logo\\\/image\\\/\"},\"sameAs\":[\"https:\\\/\\\/www.facebook.com\\\/eltextual\",\"https:\\\/\\\/x.com\\\/eltextual\",\"http:\\\/\\\/www.instagram.com\\\/eltextual\"]},{\"@type\":\"Person\",\"@id\":\"https:\\\/\\\/diariotextual.com\\\/inicio\\\/#\\\/schema\\\/person\\\/418fc4093c33e86ed41562db3508f958\",\"name\":\"Diario1 Diario1\",\"image\":{\"@type\":\"ImageObject\",\"inLanguage\":\"es\",\"@id\":\"https:\\\/\\\/secure.gravatar.com\\\/avatar\\\/9167d280179c85bc18be67aa7eda765854300033af4896dd779b608640f2ef7a?s=96&d=mm&r=g\",\"url\":\"https:\\\/\\\/secure.gravatar.com\\\/avatar\\\/9167d280179c85bc18be67aa7eda765854300033af4896dd779b608640f2ef7a?s=96&d=mm&r=g\",\"contentUrl\":\"https:\\\/\\\/secure.gravatar.com\\\/avatar\\\/9167d280179c85bc18be67aa7eda765854300033af4896dd779b608640f2ef7a?s=96&d=mm&r=g\",\"caption\":\"Diario1 Diario1\"},\"url\":\"https:\\\/\\\/diariotextual.com\\\/inicio\\\/index.php\\\/author\\\/diario1\\\/\"}]}<\/script>\n<!-- \/ Yoast SEO plugin. -->","yoast_head_json":{"title":"Unos 700 chicos y chicas participaron de la Mini Marat\u00f3n \u201cA Pampa Traviesa\u201d - Diario Textual","robots":{"index":"index","follow":"follow","max-snippet":"max-snippet:-1","max-image-preview":"max-image-preview:large","max-video-preview":"max-video-preview:-1"},"canonical":"https:\/\/diariotextual.com\/inicio\/index.php\/2025\/04\/05\/unos-700-chicos-y-chicas-participaron-de-la-mini-maraton-a-pampa-traviesa\/","og_locale":"es_ES","og_type":"article","og_title":"Unos 700 chicos y chicas participaron de la Mini Marat\u00f3n \u201cA Pampa Traviesa\u201d - Diario Textual","og_description":"Con una participaci\u00f3n que super\u00f3 los 700 chicos y chicas de distintas edades, y el acompa\u00f1amiento de sus familias, se llev\u00f3 a cabo este s\u00e1bado por la tarde la tradicional&hellip;","og_url":"https:\/\/diariotextual.com\/inicio\/index.php\/2025\/04\/05\/unos-700-chicos-y-chicas-participaron-de-la-mini-maraton-a-pampa-traviesa\/","og_site_name":"Diario Textual","article_publisher":"https:\/\/www.facebook.com\/eltextual","article_published_time":"2025-04-05T22:31:29+00:00","article_modified_time":"2025-04-05T22:31:32+00:00","og_image":[{"width":1600,"height":1067,"url":"https:\/\/diariotextual.com\/inicio\/wp-content\/uploads\/2025\/04\/apampatraviesaminimaraton2025-7.jpg","type":"image\/jpeg"}],"author":"Diario1 Diario1","twitter_card":"summary_large_image","twitter_creator":"@eltextual","twitter_site":"@eltextual","twitter_misc":{"Escrito por":"Diario1 Diario1","Tiempo de lectura":"2 minutos"},"schema":{"@context":"https:\/\/schema.org","@graph":[{"@type":"Article","@id":"https:\/\/diariotextual.com\/inicio\/index.php\/2025\/04\/05\/unos-700-chicos-y-chicas-participaron-de-la-mini-maraton-a-pampa-traviesa\/#article","isPartOf":{"@id":"https:\/\/diariotextual.com\/inicio\/index.php\/2025\/04\/05\/unos-700-chicos-y-chicas-participaron-de-la-mini-maraton-a-pampa-traviesa\/"},"author":{"name":"Diario1 Diario1","@id":"https:\/\/diariotextual.com\/inicio\/#\/schema\/person\/418fc4093c33e86ed41562db3508f958"},"headline":"Unos 700 chicos y chicas participaron de la Mini Marat\u00f3n \u201cA Pampa Traviesa\u201d","datePublished":"2025-04-05T22:31:29+00:00","dateModified":"2025-04-05T22:31:32+00:00","mainEntityOfPage":{"@id":"https:\/\/diariotextual.com\/inicio\/index.php\/2025\/04\/05\/unos-700-chicos-y-chicas-participaron-de-la-mini-maraton-a-pampa-traviesa\/"},"wordCount":259,"publisher":{"@id":"https:\/\/diariotextual.com\/inicio\/#organization"},"image":{"@id":"https:\/\/diariotextual.com\/inicio\/index.php\/2025\/04\/05\/unos-700-chicos-y-chicas-participaron-de-la-mini-maraton-a-pampa-traviesa\/#primaryimage"},"thumbnailUrl":"https:\/\/diariotextual.com\/inicio\/wp-content\/uploads\/2025\/04\/apampatraviesaminimaraton2025-7.jpg","articleSection":["A - ES NOTICIA (van abajo)","DEPORTES"],"inLanguage":"es"},{"@type":"WebPage","@id":"https:\/\/diariotextual.com\/inicio\/index.php\/2025\/04\/05\/unos-700-chicos-y-chicas-participaron-de-la-mini-maraton-a-pampa-traviesa\/","url":"https:\/\/diariotextual.com\/inicio\/index.php\/2025\/04\/05\/unos-700-chicos-y-chicas-participaron-de-la-mini-maraton-a-pampa-traviesa\/","name":"Unos 700 chicos y chicas participaron de la Mini Marat\u00f3n \u201cA Pampa Traviesa\u201d - Diario Textual","isPartOf":{"@id":"https:\/\/diariotextual.com\/inicio\/#website"},"primaryImageOfPage":{"@id":"https:\/\/diariotextual.com\/inicio\/index.php\/2025\/04\/05\/unos-700-chicos-y-chicas-participaron-de-la-mini-maraton-a-pampa-traviesa\/#primaryimage"},"image":{"@id":"https:\/\/diariotextual.com\/inicio\/index.php\/2025\/04\/05\/unos-700-chicos-y-chicas-participaron-de-la-mini-maraton-a-pampa-traviesa\/#primaryimage"},"thumbnailUrl":"https:\/\/diariotextual.com\/inicio\/wp-content\/uploads\/2025\/04\/apampatraviesaminimaraton2025-7.jpg","datePublished":"2025-04-05T22:31:29+00:00","dateModified":"2025-04-05T22:31:32+00:00","breadcrumb":{"@id":"https:\/\/diariotextual.com\/inicio\/index.php\/2025\/04\/05\/unos-700-chicos-y-chicas-participaron-de-la-mini-maraton-a-pampa-traviesa\/#breadcrumb"},"inLanguage":"es","potentialAction":[{"@type":"ReadAction","target":["https:\/\/diariotextual.com\/inicio\/index.php\/2025\/04\/05\/unos-700-chicos-y-chicas-participaron-de-la-mini-maraton-a-pampa-traviesa\/"]}]},{"@type":"ImageObject","inLanguage":"es","@id":"https:\/\/diariotextual.com\/inicio\/index.php\/2025\/04\/05\/unos-700-chicos-y-chicas-participaron-de-la-mini-maraton-a-pampa-traviesa\/#primaryimage","url":"https:\/\/diariotextual.com\/inicio\/wp-content\/uploads\/2025\/04\/apampatraviesaminimaraton2025-7.jpg","contentUrl":"https:\/\/diariotextual.com\/inicio\/wp-content\/uploads\/2025\/04\/apampatraviesaminimaraton2025-7.jpg","width":1600,"height":1067},{"@type":"BreadcrumbList","@id":"https:\/\/diariotextual.com\/inicio\/index.php\/2025\/04\/05\/unos-700-chicos-y-chicas-participaron-de-la-mini-maraton-a-pampa-traviesa\/#breadcrumb","itemListElement":[{"@type":"ListItem","position":1,"name":"Portada","item":"https:\/\/diariotextual.com\/inicio\/"},{"@type":"ListItem","position":2,"name":"Unos 700 chicos y chicas participaron de la Mini Marat\u00f3n \u201cA Pampa Traviesa\u201d"}]},{"@type":"WebSite","@id":"https:\/\/diariotextual.com\/inicio\/#website","url":"https:\/\/diariotextual.com\/inicio\/","name":"Diario Textual","description":"","publisher":{"@id":"https:\/\/diariotextual.com\/inicio\/#organization"},"potentialAction":[{"@type":"SearchAction","target":{"@type":"EntryPoint","urlTemplate":"https:\/\/diariotextual.com\/inicio\/?s={search_term_string}"},"query-input":{"@type":"PropertyValueSpecification","valueRequired":true,"valueName":"search_term_string"}}],"inLanguage":"es"},{"@type":"Organization","@id":"https:\/\/diariotextual.com\/inicio\/#organization","name":"Diario Textual","url":"https:\/\/diariotextual.com\/inicio\/","logo":{"@type":"ImageObject","inLanguage":"es","@id":"https:\/\/diariotextual.com\/inicio\/#\/schema\/logo\/image\/","url":"https:\/\/diariotextual.com\/inicio\/wp-content\/uploads\/2023\/05\/logotextual1.jpg","contentUrl":"https:\/\/diariotextual.com\/inicio\/wp-content\/uploads\/2023\/05\/logotextual1.jpg","width":516,"height":76,"caption":"Diario Textual"},"image":{"@id":"https:\/\/diariotextual.com\/inicio\/#\/schema\/logo\/image\/"},"sameAs":["https:\/\/www.facebook.com\/eltextual","https:\/\/x.com\/eltextual","http:\/\/www.instagram.com\/eltextual"]},{"@type":"Person","@id":"https:\/\/diariotextual.com\/inicio\/#\/schema\/person\/418fc4093c33e86ed41562db3508f958","name":"Diario1 Diario1","image":{"@type":"ImageObject","inLanguage":"es","@id":"https:\/\/secure.gravatar.com\/avatar\/9167d280179c85bc18be67aa7eda765854300033af4896dd779b608640f2ef7a?s=96&d=mm&r=g","url":"https:\/\/secure.gravatar.com\/avatar\/9167d280179c85bc18be67aa7eda765854300033af4896dd779b608640f2ef7a?s=96&d=mm&r=g","contentUrl":"https:\/\/secure.gravatar.com\/avatar\/9167d280179c85bc18be67aa7eda765854300033af4896dd779b608640f2ef7a?s=96&d=mm&r=g","caption":"Diario1 Diario1"},"url":"https:\/\/diariotextual.com\/inicio\/index.php\/author\/diario1\/"}]}},"_links":{"self":[{"href":"https:\/\/diariotextual.com\/inicio\/index.php\/wp-json\/wp\/v2\/posts\/293244","targetHints":{"allow":["GET"]}}],"collection":[{"href":"https:\/\/diariotextual.com\/inicio\/index.php\/wp-json\/wp\/v2\/posts"}],"about":[{"href":"https:\/\/diariotextual.com\/inicio\/index.php\/wp-json\/wp\/v2\/types\/post"}],"author":[{"embeddable":true,"href":"https:\/\/diariotextual.com\/inicio\/index.php\/wp-json\/wp\/v2\/users\/3"}],"replies":[{"embeddable":true,"href":"https:\/\/diariotextual.com\/inicio\/index.php\/wp-json\/wp\/v2\/comments?post=293244"}],"version-history":[{"count":1,"href":"https:\/\/diariotextual.com\/inicio\/index.php\/wp-json\/wp\/v2\/posts\/293244\/revisions"}],"predecessor-version":[{"id":293247,"href":"https:\/\/diariotextual.com\/inicio\/index.php\/wp-json\/wp\/v2\/posts\/293244\/revisions\/293247"}],"wp:featuredmedia":[{"embeddable":true,"href":"https:\/\/diariotextual.com\/inicio\/index.php\/wp-json\/wp\/v2\/media\/293246"}],"wp:attachment":[{"href":"https:\/\/diariotextual.com\/inicio\/index.php\/wp-json\/wp\/v2\/media?parent=293244"}],"wp:term":[{"taxonomy":"category","embeddable":true,"href":"https:\/\/diariotextual.com\/inicio\/index.php\/wp-json\/wp\/v2\/categories?post=293244"},{"taxonomy":"post_tag","embeddable":true,"href":"https:\/\/diariotextual.com\/inicio\/index.php\/wp-json\/wp\/v2\/tags?post=293244"}],"curies":[{"name":"wp","href":"https:\/\/api.w.org\/{rel}","templated":true}]}}