{"id":293256,"date":"2025-04-06T08:56:03","date_gmt":"2025-04-06T11:56:03","guid":{"rendered":"https:\/\/diariotextual.com\/inicio\/?p=293256"},"modified":"2025-04-07T08:09:09","modified_gmt":"2025-04-07T11:09:09","slug":"ya-se-corre-a-pampa-traviesa-esta-maraton-es-un-orgullo-para-toda-la-ciudad","status":"publish","type":"post","link":"https:\/\/diariotextual.com\/inicio\/index.php\/2025\/04\/06\/ya-se-corre-a-pampa-traviesa-esta-maraton-es-un-orgullo-para-toda-la-ciudad\/","title":{"rendered":"A Pampa Traviesa: Pedro G\u00f3mez y Mar\u00eda Luj\u00e1n Urrutia ganaron en 42K, y C\u00f3rsico y Chretien en 21K"},"content":{"rendered":"\n<p>Con r\u00e9cord de participantes, emoci\u00f3n en el aire y el acompa\u00f1amiento del p\u00fablico en las calles, Santa Rosa se corri\u00f3 esta ma\u00f1ana la 40\u00b0 edici\u00f3n de la Marat\u00f3n Internacional A Pampa Traviesa. <\/p>\n\n\n\n<p>El ganador de los 21K en hombres fue el bahiense <strong>Manuel C\u00f3rsico. <\/strong>En damas la ganadora fue <strong>Agustina Chretien<\/strong> <strong>(Federaci\u00f3n Atl\u00e9tica Metropolitana). <\/strong>En los 42K gan\u00f3 <strong>Pedro Luis G\u00f3mez<\/strong> y en damas la tandilense <strong>Mar\u00eda Luj\u00e1n Urrutia.<\/strong><\/p>\n\n\n\n<p>\u201cEstamos orgullosos de ver c\u00f3mo A Pampa Traviesa sigue creciendo y convocando a tantas personas. Esta marat\u00f3n es parte de nuestra identidad y nos proyecta como una capital del deporte en la regi\u00f3n\u201d, afirm\u00f3 el intendente Luciano di N\u00e1poli durante la premiaci\u00f3n. La ceremonia se llev\u00f3 a cabo en el sector de llegada, con la presencia de autoridades municipales, atletas, equipos t\u00e9cnicos y familiares.<\/p>\n\n\n\n<p>A lo largo de todo el recorrido, vecinas y vecinos acompa\u00f1aron con entusiasmo a los corredores, generando un clima de celebraci\u00f3n popular. La edici\u00f3n 40\u00b0 quedar\u00e1 en la memoria colectiva como un punto de encuentro entre generaciones, instituciones deportivas y una comunidad que cada a\u00f1o renueva el compromiso con esta tradici\u00f3n que trasciende lo estrictamente deportivo.<\/p>\n\n\n\n<p>Alrededor de 2.500 atletas de la ciudad, la provincia y distintos puntos del pa\u00eds se dieron cita a primera hora para vivir una de las competencias m\u00e1s emblem\u00e1ticas del atletismo argentino, que este a\u00f1o replic\u00f3 el recorrido original de la primera edici\u00f3n realizada en 1985.<\/p>\n\n\n\n<p>La largada tuvo lugar desde la avenida San Mart\u00edn y la fiscalizaci\u00f3n estuvo a cargo de la Federaci\u00f3n Atl\u00e9tica Pampeana. \u201cAgradezco especialmente a todas las \u00e1reas municipales, al equipo de Deportes y a quienes colaboraron para que esta fiesta del deporte siga creciendo, atrayendo a miles de corredores y generando un gran impacto para la ciudad\u201d, agreg\u00f3 el intendente.<\/p>\n\n\n\n<figure class=\"wp-block-image size-large\"><img fetchpriority=\"high\" decoding=\"async\" width=\"1024\" height=\"682\" src=\"https:\/\/diariotextual.com\/inicio\/wp-content\/uploads\/2025\/04\/apampatraviesa2025-7-1024x682.jpg\" alt=\"\" class=\"wp-image-293257\" srcset=\"https:\/\/diariotextual.com\/inicio\/wp-content\/uploads\/2025\/04\/apampatraviesa2025-7-1024x682.jpg 1024w, https:\/\/diariotextual.com\/inicio\/wp-content\/uploads\/2025\/04\/apampatraviesa2025-7-300x200.jpg 300w, https:\/\/diariotextual.com\/inicio\/wp-content\/uploads\/2025\/04\/apampatraviesa2025-7-768x512.jpg 768w, https:\/\/diariotextual.com\/inicio\/wp-content\/uploads\/2025\/04\/apampatraviesa2025-7-1170x780.jpg 1170w, https:\/\/diariotextual.com\/inicio\/wp-content\/uploads\/2025\/04\/apampatraviesa2025-7-585x390.jpg 585w, https:\/\/diariotextual.com\/inicio\/wp-content\/uploads\/2025\/04\/apampatraviesa2025-7-263x175.jpg 263w, https:\/\/diariotextual.com\/inicio\/wp-content\/uploads\/2025\/04\/apampatraviesa2025-7.jpg 1280w\" sizes=\"(max-width: 1024px) 100vw, 1024px\" \/><\/figure>\n\n\n\n<p>Estos fueron los resultados oficiales:<\/p>\n\n\n\n<p>CATEGOR\u00cdA 42K (MARAT\u00d3N)<\/p>\n\n\n\n<p>Femenino<\/p>\n\n\n\n<p>Mar\u00eda Luj\u00e1n Urrutia \u2013 02:44:39<br>Angelina Reyes \u2013 02:53:06<br>Magaly Echarri \u2013 02:56:12<br>Mar\u00eda Aguilar \u2013 02:59:58<\/p>\n\n\n\n<p>Masculino<\/p>\n\n\n\n<p>Pedro Luis G\u00f3mez \u2013 02:18:14<br>Daniel Oscar Penta \u2013 02:23:39<br>Lucas Emanuel Machado \u2013 02:25:10<br>Alejandro Ezequiel Monin \u2013 02:28:31<\/p>\n\n\n\n<p>Mejores pampeanas \u2013 42K femenino<\/p>\n\n\n\n<p>Nadia Lucrecia Otero<br>Pilar Mar\u00eda Diez<br>Carola Fernanda Esparza<br>Valeria Rodr\u00edguez<\/p>\n\n\n\n<p>Mejores pampeanos \u2013 42K Masculino<\/p>\n\n\n\n<p>Dar\u00edo Sim\u00f3n Cabrera<br>Mariano Cluster<br>Eduardo Zaccara<br>Javier Ferm\u00edn<\/p>\n\n\n\n<p>CATEGOR\u00cdA 21K (MEDIA MARAT\u00d3N)<br>Femenino<\/p>\n\n\n\n<p>Agustina Chretien<br>Tamara Rodr\u00edguez<br>Mar\u00eda Bel\u00e9n Iardino<br>Elisa Noelia Abarca<br>Masculino<br>Manuel Corsico<br>Franco Gabriel Mercado<br>Denis \u00c1lvarez<br>Alberto Bravo<\/p>\n\n\n\n<p>Mejores pampeanas \u2013 21K Femenino<\/p>\n\n\n\n<p>Josefina Gonz\u00e1lez<br>Ver\u00f3nica De la Nava<br>Naomi Sueldo<\/p>\n\n\n\n<p>Mejores pampeanos \u2013 21K Masculino<\/p>\n\n\n\n<p>Jairo Becerra<br>Lucas Maizon<br>Dami\u00e1n Brizuela<\/p>\n\n\n\n<p>CATEGOR\u00cdA 10K<br>Femenino<\/p>\n\n\n\n<p>Pamela Araneo<br>Agostina Atencio<br>Julieta Josefina Gaute G\u00f3mez<br>Marina Cecilia Rodr\u00edguez<br>Masculino<br>Cristian Cabrera<br>Braian Rudolf<br>Nahuel Gim\u00e9nez<br>Joaqu\u00edn Tripailao<br>Horacio David Sayago<\/p>\n\n\n\n<p>CATEGOR\u00cdA 5<br>Femenino<\/p>\n\n\n\n<p>Rocio Sueldo<br>Maia Monin<br>In\u00e9s Ledesma<br>Anal\u00eda Ramirez<br>Masculino<br>Mateo Jes\u00fas Coria<br>Joaqu\u00edn Odriozola<br>Benjam\u00edn Fern\u00e1ndez<br>Gonzalo Pedernera<\/p>\n\n\n\n<p><\/p>\n","protected":false},"excerpt":{"rendered":"<p>Con r\u00e9cord de participantes, emoci\u00f3n en el aire y el acompa\u00f1amiento del p\u00fablico en las calles, Santa Rosa se corri\u00f3 esta ma\u00f1ana la 40\u00b0 edici\u00f3n de la Marat\u00f3n Internacional A&hellip;<\/p>\n","protected":false},"author":3,"featured_media":293312,"comment_status":"closed","ping_status":"open","sticky":false,"template":"","format":"standard","meta":{"_acf_changed":false,"footnotes":""},"categories":[1,3],"tags":[],"class_list":["post-293256","post","type-post","status-publish","format-standard","has-post-thumbnail","hentry","category-es-noticia","category-deportes"],"acf":[],"yoast_head":"<!-- This site is optimized with the Yoast SEO plugin v27.5 - https:\/\/yoast.com\/product\/yoast-seo-wordpress\/ -->\n<title>A Pampa Traviesa: Pedro G\u00f3mez y Mar\u00eda Luj\u00e1n Urrutia ganaron en 42K, y C\u00f3rsico y Chretien en 21K - Diario Textual<\/title>\n<meta name=\"robots\" content=\"index, follow, max-snippet:-1, max-image-preview:large, max-video-preview:-1\" \/>\n<link rel=\"canonical\" href=\"https:\/\/diariotextual.com\/inicio\/index.php\/2025\/04\/06\/ya-se-corre-a-pampa-traviesa-esta-maraton-es-un-orgullo-para-toda-la-ciudad\/\" \/>\n<meta property=\"og:locale\" content=\"es_ES\" \/>\n<meta property=\"og:type\" content=\"article\" \/>\n<meta property=\"og:title\" content=\"A Pampa Traviesa: Pedro G\u00f3mez y Mar\u00eda Luj\u00e1n Urrutia ganaron en 42K, y C\u00f3rsico y Chretien en 21K - Diario Textual\" \/>\n<meta property=\"og:description\" content=\"Con r\u00e9cord de participantes, emoci\u00f3n en el aire y el acompa\u00f1amiento del p\u00fablico en las calles, Santa Rosa se corri\u00f3 esta ma\u00f1ana la 40\u00b0 edici\u00f3n de la Marat\u00f3n Internacional A&hellip;\" \/>\n<meta property=\"og:url\" content=\"https:\/\/diariotextual.com\/inicio\/index.php\/2025\/04\/06\/ya-se-corre-a-pampa-traviesa-esta-maraton-es-un-orgullo-para-toda-la-ciudad\/\" \/>\n<meta property=\"og:site_name\" content=\"Diario Textual\" \/>\n<meta property=\"article:publisher\" content=\"https:\/\/www.facebook.com\/eltextual\" \/>\n<meta property=\"article:published_time\" content=\"2025-04-06T11:56:03+00:00\" \/>\n<meta property=\"article:modified_time\" content=\"2025-04-07T11:09:09+00:00\" \/>\n<meta property=\"og:image\" content=\"https:\/\/diariotextual.com\/inicio\/wp-content\/uploads\/2025\/04\/apampatraviesagomezdinapoli2025-777.jpg\" \/>\n\t<meta property=\"og:image:width\" content=\"1040\" \/>\n\t<meta property=\"og:image:height\" content=\"694\" \/>\n\t<meta property=\"og:image:type\" content=\"image\/jpeg\" \/>\n<meta name=\"author\" content=\"Diario1 Diario1\" \/>\n<meta name=\"twitter:card\" content=\"summary_large_image\" \/>\n<meta name=\"twitter:creator\" content=\"@eltextual\" \/>\n<meta name=\"twitter:site\" content=\"@eltextual\" \/>\n<meta name=\"twitter:label1\" content=\"Escrito por\" \/>\n\t<meta name=\"twitter:data1\" content=\"Diario1 Diario1\" \/>\n\t<meta name=\"twitter:label2\" content=\"Tiempo de lectura\" \/>\n\t<meta name=\"twitter:data2\" content=\"3 minutos\" \/>\n<script type=\"application\/ld+json\" class=\"yoast-schema-graph\">{\"@context\":\"https:\\\/\\\/schema.org\",\"@graph\":[{\"@type\":\"Article\",\"@id\":\"https:\\\/\\\/diariotextual.com\\\/inicio\\\/index.php\\\/2025\\\/04\\\/06\\\/ya-se-corre-a-pampa-traviesa-esta-maraton-es-un-orgullo-para-toda-la-ciudad\\\/#article\",\"isPartOf\":{\"@id\":\"https:\\\/\\\/diariotextual.com\\\/inicio\\\/index.php\\\/2025\\\/04\\\/06\\\/ya-se-corre-a-pampa-traviesa-esta-maraton-es-un-orgullo-para-toda-la-ciudad\\\/\"},\"author\":{\"name\":\"Diario1 Diario1\",\"@id\":\"https:\\\/\\\/diariotextual.com\\\/inicio\\\/#\\\/schema\\\/person\\\/418fc4093c33e86ed41562db3508f958\"},\"headline\":\"A Pampa Traviesa: Pedro G\u00f3mez y Mar\u00eda Luj\u00e1n Urrutia ganaron en 42K, y C\u00f3rsico y Chretien en 21K\",\"datePublished\":\"2025-04-06T11:56:03+00:00\",\"dateModified\":\"2025-04-07T11:09:09+00:00\",\"mainEntityOfPage\":{\"@id\":\"https:\\\/\\\/diariotextual.com\\\/inicio\\\/index.php\\\/2025\\\/04\\\/06\\\/ya-se-corre-a-pampa-traviesa-esta-maraton-es-un-orgullo-para-toda-la-ciudad\\\/\"},\"wordCount\":491,\"publisher\":{\"@id\":\"https:\\\/\\\/diariotextual.com\\\/inicio\\\/#organization\"},\"image\":{\"@id\":\"https:\\\/\\\/diariotextual.com\\\/inicio\\\/index.php\\\/2025\\\/04\\\/06\\\/ya-se-corre-a-pampa-traviesa-esta-maraton-es-un-orgullo-para-toda-la-ciudad\\\/#primaryimage\"},\"thumbnailUrl\":\"https:\\\/\\\/diariotextual.com\\\/inicio\\\/wp-content\\\/uploads\\\/2025\\\/04\\\/apampatraviesagomezdinapoli2025-777.jpg\",\"articleSection\":[\"A - ES NOTICIA (van abajo)\",\"DEPORTES\"],\"inLanguage\":\"es\"},{\"@type\":\"WebPage\",\"@id\":\"https:\\\/\\\/diariotextual.com\\\/inicio\\\/index.php\\\/2025\\\/04\\\/06\\\/ya-se-corre-a-pampa-traviesa-esta-maraton-es-un-orgullo-para-toda-la-ciudad\\\/\",\"url\":\"https:\\\/\\\/diariotextual.com\\\/inicio\\\/index.php\\\/2025\\\/04\\\/06\\\/ya-se-corre-a-pampa-traviesa-esta-maraton-es-un-orgullo-para-toda-la-ciudad\\\/\",\"name\":\"A Pampa Traviesa: Pedro G\u00f3mez y Mar\u00eda Luj\u00e1n Urrutia ganaron en 42K, y C\u00f3rsico y Chretien en 21K - Diario Textual\",\"isPartOf\":{\"@id\":\"https:\\\/\\\/diariotextual.com\\\/inicio\\\/#website\"},\"primaryImageOfPage\":{\"@id\":\"https:\\\/\\\/diariotextual.com\\\/inicio\\\/index.php\\\/2025\\\/04\\\/06\\\/ya-se-corre-a-pampa-traviesa-esta-maraton-es-un-orgullo-para-toda-la-ciudad\\\/#primaryimage\"},\"image\":{\"@id\":\"https:\\\/\\\/diariotextual.com\\\/inicio\\\/index.php\\\/2025\\\/04\\\/06\\\/ya-se-corre-a-pampa-traviesa-esta-maraton-es-un-orgullo-para-toda-la-ciudad\\\/#primaryimage\"},\"thumbnailUrl\":\"https:\\\/\\\/diariotextual.com\\\/inicio\\\/wp-content\\\/uploads\\\/2025\\\/04\\\/apampatraviesagomezdinapoli2025-777.jpg\",\"datePublished\":\"2025-04-06T11:56:03+00:00\",\"dateModified\":\"2025-04-07T11:09:09+00:00\",\"breadcrumb\":{\"@id\":\"https:\\\/\\\/diariotextual.com\\\/inicio\\\/index.php\\\/2025\\\/04\\\/06\\\/ya-se-corre-a-pampa-traviesa-esta-maraton-es-un-orgullo-para-toda-la-ciudad\\\/#breadcrumb\"},\"inLanguage\":\"es\",\"potentialAction\":[{\"@type\":\"ReadAction\",\"target\":[\"https:\\\/\\\/diariotextual.com\\\/inicio\\\/index.php\\\/2025\\\/04\\\/06\\\/ya-se-corre-a-pampa-traviesa-esta-maraton-es-un-orgullo-para-toda-la-ciudad\\\/\"]}]},{\"@type\":\"ImageObject\",\"inLanguage\":\"es\",\"@id\":\"https:\\\/\\\/diariotextual.com\\\/inicio\\\/index.php\\\/2025\\\/04\\\/06\\\/ya-se-corre-a-pampa-traviesa-esta-maraton-es-un-orgullo-para-toda-la-ciudad\\\/#primaryimage\",\"url\":\"https:\\\/\\\/diariotextual.com\\\/inicio\\\/wp-content\\\/uploads\\\/2025\\\/04\\\/apampatraviesagomezdinapoli2025-777.jpg\",\"contentUrl\":\"https:\\\/\\\/diariotextual.com\\\/inicio\\\/wp-content\\\/uploads\\\/2025\\\/04\\\/apampatraviesagomezdinapoli2025-777.jpg\",\"width\":1040,\"height\":694},{\"@type\":\"BreadcrumbList\",\"@id\":\"https:\\\/\\\/diariotextual.com\\\/inicio\\\/index.php\\\/2025\\\/04\\\/06\\\/ya-se-corre-a-pampa-traviesa-esta-maraton-es-un-orgullo-para-toda-la-ciudad\\\/#breadcrumb\",\"itemListElement\":[{\"@type\":\"ListItem\",\"position\":1,\"name\":\"Portada\",\"item\":\"https:\\\/\\\/diariotextual.com\\\/inicio\\\/\"},{\"@type\":\"ListItem\",\"position\":2,\"name\":\"A Pampa Traviesa: Pedro G\u00f3mez y Mar\u00eda Luj\u00e1n Urrutia ganaron en 42K, y C\u00f3rsico y Chretien en 21K\"}]},{\"@type\":\"WebSite\",\"@id\":\"https:\\\/\\\/diariotextual.com\\\/inicio\\\/#website\",\"url\":\"https:\\\/\\\/diariotextual.com\\\/inicio\\\/\",\"name\":\"Diario Textual\",\"description\":\"\",\"publisher\":{\"@id\":\"https:\\\/\\\/diariotextual.com\\\/inicio\\\/#organization\"},\"potentialAction\":[{\"@type\":\"SearchAction\",\"target\":{\"@type\":\"EntryPoint\",\"urlTemplate\":\"https:\\\/\\\/diariotextual.com\\\/inicio\\\/?s={search_term_string}\"},\"query-input\":{\"@type\":\"PropertyValueSpecification\",\"valueRequired\":true,\"valueName\":\"search_term_string\"}}],\"inLanguage\":\"es\"},{\"@type\":\"Organization\",\"@id\":\"https:\\\/\\\/diariotextual.com\\\/inicio\\\/#organization\",\"name\":\"Diario Textual\",\"url\":\"https:\\\/\\\/diariotextual.com\\\/inicio\\\/\",\"logo\":{\"@type\":\"ImageObject\",\"inLanguage\":\"es\",\"@id\":\"https:\\\/\\\/diariotextual.com\\\/inicio\\\/#\\\/schema\\\/logo\\\/image\\\/\",\"url\":\"https:\\\/\\\/diariotextual.com\\\/inicio\\\/wp-content\\\/uploads\\\/2023\\\/05\\\/logotextual1.jpg\",\"contentUrl\":\"https:\\\/\\\/diariotextual.com\\\/inicio\\\/wp-content\\\/uploads\\\/2023\\\/05\\\/logotextual1.jpg\",\"width\":516,\"height\":76,\"caption\":\"Diario Textual\"},\"image\":{\"@id\":\"https:\\\/\\\/diariotextual.com\\\/inicio\\\/#\\\/schema\\\/logo\\\/image\\\/\"},\"sameAs\":[\"https:\\\/\\\/www.facebook.com\\\/eltextual\",\"https:\\\/\\\/x.com\\\/eltextual\",\"http:\\\/\\\/www.instagram.com\\\/eltextual\"]},{\"@type\":\"Person\",\"@id\":\"https:\\\/\\\/diariotextual.com\\\/inicio\\\/#\\\/schema\\\/person\\\/418fc4093c33e86ed41562db3508f958\",\"name\":\"Diario1 Diario1\",\"image\":{\"@type\":\"ImageObject\",\"inLanguage\":\"es\",\"@id\":\"https:\\\/\\\/secure.gravatar.com\\\/avatar\\\/9167d280179c85bc18be67aa7eda765854300033af4896dd779b608640f2ef7a?s=96&d=mm&r=g\",\"url\":\"https:\\\/\\\/secure.gravatar.com\\\/avatar\\\/9167d280179c85bc18be67aa7eda765854300033af4896dd779b608640f2ef7a?s=96&d=mm&r=g\",\"contentUrl\":\"https:\\\/\\\/secure.gravatar.com\\\/avatar\\\/9167d280179c85bc18be67aa7eda765854300033af4896dd779b608640f2ef7a?s=96&d=mm&r=g\",\"caption\":\"Diario1 Diario1\"},\"url\":\"https:\\\/\\\/diariotextual.com\\\/inicio\\\/index.php\\\/author\\\/diario1\\\/\"}]}<\/script>\n<!-- \/ Yoast SEO plugin. -->","yoast_head_json":{"title":"A Pampa Traviesa: Pedro G\u00f3mez y Mar\u00eda Luj\u00e1n Urrutia ganaron en 42K, y C\u00f3rsico y Chretien en 21K - Diario Textual","robots":{"index":"index","follow":"follow","max-snippet":"max-snippet:-1","max-image-preview":"max-image-preview:large","max-video-preview":"max-video-preview:-1"},"canonical":"https:\/\/diariotextual.com\/inicio\/index.php\/2025\/04\/06\/ya-se-corre-a-pampa-traviesa-esta-maraton-es-un-orgullo-para-toda-la-ciudad\/","og_locale":"es_ES","og_type":"article","og_title":"A Pampa Traviesa: Pedro G\u00f3mez y Mar\u00eda Luj\u00e1n Urrutia ganaron en 42K, y C\u00f3rsico y Chretien en 21K - Diario Textual","og_description":"Con r\u00e9cord de participantes, emoci\u00f3n en el aire y el acompa\u00f1amiento del p\u00fablico en las calles, Santa Rosa se corri\u00f3 esta ma\u00f1ana la 40\u00b0 edici\u00f3n de la Marat\u00f3n Internacional A&hellip;","og_url":"https:\/\/diariotextual.com\/inicio\/index.php\/2025\/04\/06\/ya-se-corre-a-pampa-traviesa-esta-maraton-es-un-orgullo-para-toda-la-ciudad\/","og_site_name":"Diario Textual","article_publisher":"https:\/\/www.facebook.com\/eltextual","article_published_time":"2025-04-06T11:56:03+00:00","article_modified_time":"2025-04-07T11:09:09+00:00","og_image":[{"width":1040,"height":694,"url":"https:\/\/diariotextual.com\/inicio\/wp-content\/uploads\/2025\/04\/apampatraviesagomezdinapoli2025-777.jpg","type":"image\/jpeg"}],"author":"Diario1 Diario1","twitter_card":"summary_large_image","twitter_creator":"@eltextual","twitter_site":"@eltextual","twitter_misc":{"Escrito por":"Diario1 Diario1","Tiempo de lectura":"3 minutos"},"schema":{"@context":"https:\/\/schema.org","@graph":[{"@type":"Article","@id":"https:\/\/diariotextual.com\/inicio\/index.php\/2025\/04\/06\/ya-se-corre-a-pampa-traviesa-esta-maraton-es-un-orgullo-para-toda-la-ciudad\/#article","isPartOf":{"@id":"https:\/\/diariotextual.com\/inicio\/index.php\/2025\/04\/06\/ya-se-corre-a-pampa-traviesa-esta-maraton-es-un-orgullo-para-toda-la-ciudad\/"},"author":{"name":"Diario1 Diario1","@id":"https:\/\/diariotextual.com\/inicio\/#\/schema\/person\/418fc4093c33e86ed41562db3508f958"},"headline":"A Pampa Traviesa: Pedro G\u00f3mez y Mar\u00eda Luj\u00e1n Urrutia ganaron en 42K, y C\u00f3rsico y Chretien en 21K","datePublished":"2025-04-06T11:56:03+00:00","dateModified":"2025-04-07T11:09:09+00:00","mainEntityOfPage":{"@id":"https:\/\/diariotextual.com\/inicio\/index.php\/2025\/04\/06\/ya-se-corre-a-pampa-traviesa-esta-maraton-es-un-orgullo-para-toda-la-ciudad\/"},"wordCount":491,"publisher":{"@id":"https:\/\/diariotextual.com\/inicio\/#organization"},"image":{"@id":"https:\/\/diariotextual.com\/inicio\/index.php\/2025\/04\/06\/ya-se-corre-a-pampa-traviesa-esta-maraton-es-un-orgullo-para-toda-la-ciudad\/#primaryimage"},"thumbnailUrl":"https:\/\/diariotextual.com\/inicio\/wp-content\/uploads\/2025\/04\/apampatraviesagomezdinapoli2025-777.jpg","articleSection":["A - ES NOTICIA (van abajo)","DEPORTES"],"inLanguage":"es"},{"@type":"WebPage","@id":"https:\/\/diariotextual.com\/inicio\/index.php\/2025\/04\/06\/ya-se-corre-a-pampa-traviesa-esta-maraton-es-un-orgullo-para-toda-la-ciudad\/","url":"https:\/\/diariotextual.com\/inicio\/index.php\/2025\/04\/06\/ya-se-corre-a-pampa-traviesa-esta-maraton-es-un-orgullo-para-toda-la-ciudad\/","name":"A Pampa Traviesa: Pedro G\u00f3mez y Mar\u00eda Luj\u00e1n Urrutia ganaron en 42K, y C\u00f3rsico y Chretien en 21K - Diario Textual","isPartOf":{"@id":"https:\/\/diariotextual.com\/inicio\/#website"},"primaryImageOfPage":{"@id":"https:\/\/diariotextual.com\/inicio\/index.php\/2025\/04\/06\/ya-se-corre-a-pampa-traviesa-esta-maraton-es-un-orgullo-para-toda-la-ciudad\/#primaryimage"},"image":{"@id":"https:\/\/diariotextual.com\/inicio\/index.php\/2025\/04\/06\/ya-se-corre-a-pampa-traviesa-esta-maraton-es-un-orgullo-para-toda-la-ciudad\/#primaryimage"},"thumbnailUrl":"https:\/\/diariotextual.com\/inicio\/wp-content\/uploads\/2025\/04\/apampatraviesagomezdinapoli2025-777.jpg","datePublished":"2025-04-06T11:56:03+00:00","dateModified":"2025-04-07T11:09:09+00:00","breadcrumb":{"@id":"https:\/\/diariotextual.com\/inicio\/index.php\/2025\/04\/06\/ya-se-corre-a-pampa-traviesa-esta-maraton-es-un-orgullo-para-toda-la-ciudad\/#breadcrumb"},"inLanguage":"es","potentialAction":[{"@type":"ReadAction","target":["https:\/\/diariotextual.com\/inicio\/index.php\/2025\/04\/06\/ya-se-corre-a-pampa-traviesa-esta-maraton-es-un-orgullo-para-toda-la-ciudad\/"]}]},{"@type":"ImageObject","inLanguage":"es","@id":"https:\/\/diariotextual.com\/inicio\/index.php\/2025\/04\/06\/ya-se-corre-a-pampa-traviesa-esta-maraton-es-un-orgullo-para-toda-la-ciudad\/#primaryimage","url":"https:\/\/diariotextual.com\/inicio\/wp-content\/uploads\/2025\/04\/apampatraviesagomezdinapoli2025-777.jpg","contentUrl":"https:\/\/diariotextual.com\/inicio\/wp-content\/uploads\/2025\/04\/apampatraviesagomezdinapoli2025-777.jpg","width":1040,"height":694},{"@type":"BreadcrumbList","@id":"https:\/\/diariotextual.com\/inicio\/index.php\/2025\/04\/06\/ya-se-corre-a-pampa-traviesa-esta-maraton-es-un-orgullo-para-toda-la-ciudad\/#breadcrumb","itemListElement":[{"@type":"ListItem","position":1,"name":"Portada","item":"https:\/\/diariotextual.com\/inicio\/"},{"@type":"ListItem","position":2,"name":"A Pampa Traviesa: Pedro G\u00f3mez y Mar\u00eda Luj\u00e1n Urrutia ganaron en 42K, y C\u00f3rsico y Chretien en 21K"}]},{"@type":"WebSite","@id":"https:\/\/diariotextual.com\/inicio\/#website","url":"https:\/\/diariotextual.com\/inicio\/","name":"Diario Textual","description":"","publisher":{"@id":"https:\/\/diariotextual.com\/inicio\/#organization"},"potentialAction":[{"@type":"SearchAction","target":{"@type":"EntryPoint","urlTemplate":"https:\/\/diariotextual.com\/inicio\/?s={search_term_string}"},"query-input":{"@type":"PropertyValueSpecification","valueRequired":true,"valueName":"search_term_string"}}],"inLanguage":"es"},{"@type":"Organization","@id":"https:\/\/diariotextual.com\/inicio\/#organization","name":"Diario Textual","url":"https:\/\/diariotextual.com\/inicio\/","logo":{"@type":"ImageObject","inLanguage":"es","@id":"https:\/\/diariotextual.com\/inicio\/#\/schema\/logo\/image\/","url":"https:\/\/diariotextual.com\/inicio\/wp-content\/uploads\/2023\/05\/logotextual1.jpg","contentUrl":"https:\/\/diariotextual.com\/inicio\/wp-content\/uploads\/2023\/05\/logotextual1.jpg","width":516,"height":76,"caption":"Diario Textual"},"image":{"@id":"https:\/\/diariotextual.com\/inicio\/#\/schema\/logo\/image\/"},"sameAs":["https:\/\/www.facebook.com\/eltextual","https:\/\/x.com\/eltextual","http:\/\/www.instagram.com\/eltextual"]},{"@type":"Person","@id":"https:\/\/diariotextual.com\/inicio\/#\/schema\/person\/418fc4093c33e86ed41562db3508f958","name":"Diario1 Diario1","image":{"@type":"ImageObject","inLanguage":"es","@id":"https:\/\/secure.gravatar.com\/avatar\/9167d280179c85bc18be67aa7eda765854300033af4896dd779b608640f2ef7a?s=96&d=mm&r=g","url":"https:\/\/secure.gravatar.com\/avatar\/9167d280179c85bc18be67aa7eda765854300033af4896dd779b608640f2ef7a?s=96&d=mm&r=g","contentUrl":"https:\/\/secure.gravatar.com\/avatar\/9167d280179c85bc18be67aa7eda765854300033af4896dd779b608640f2ef7a?s=96&d=mm&r=g","caption":"Diario1 Diario1"},"url":"https:\/\/diariotextual.com\/inicio\/index.php\/author\/diario1\/"}]}},"_links":{"self":[{"href":"https:\/\/diariotextual.com\/inicio\/index.php\/wp-json\/wp\/v2\/posts\/293256","targetHints":{"allow":["GET"]}}],"collection":[{"href":"https:\/\/diariotextual.com\/inicio\/index.php\/wp-json\/wp\/v2\/posts"}],"about":[{"href":"https:\/\/diariotextual.com\/inicio\/index.php\/wp-json\/wp\/v2\/types\/post"}],"author":[{"embeddable":true,"href":"https:\/\/diariotextual.com\/inicio\/index.php\/wp-json\/wp\/v2\/users\/3"}],"replies":[{"embeddable":true,"href":"https:\/\/diariotextual.com\/inicio\/index.php\/wp-json\/wp\/v2\/comments?post=293256"}],"version-history":[{"count":14,"href":"https:\/\/diariotextual.com\/inicio\/index.php\/wp-json\/wp\/v2\/posts\/293256\/revisions"}],"predecessor-version":[{"id":293315,"href":"https:\/\/diariotextual.com\/inicio\/index.php\/wp-json\/wp\/v2\/posts\/293256\/revisions\/293315"}],"wp:featuredmedia":[{"embeddable":true,"href":"https:\/\/diariotextual.com\/inicio\/index.php\/wp-json\/wp\/v2\/media\/293312"}],"wp:attachment":[{"href":"https:\/\/diariotextual.com\/inicio\/index.php\/wp-json\/wp\/v2\/media?parent=293256"}],"wp:term":[{"taxonomy":"category","embeddable":true,"href":"https:\/\/diariotextual.com\/inicio\/index.php\/wp-json\/wp\/v2\/categories?post=293256"},{"taxonomy":"post_tag","embeddable":true,"href":"https:\/\/diariotextual.com\/inicio\/index.php\/wp-json\/wp\/v2\/tags?post=293256"}],"curies":[{"name":"wp","href":"https:\/\/api.w.org\/{rel}","templated":true}]}}