{"id":293296,"date":"2025-04-06T11:59:43","date_gmt":"2025-04-06T14:59:43","guid":{"rendered":"https:\/\/diariotextual.com\/inicio\/?p=293296"},"modified":"2025-04-06T11:59:44","modified_gmt":"2025-04-06T14:59:44","slug":"verstappen-consiguio-su-primera-victoria-de-la-temporada-de-formula-1","status":"publish","type":"post","link":"https:\/\/diariotextual.com\/inicio\/index.php\/2025\/04\/06\/verstappen-consiguio-su-primera-victoria-de-la-temporada-de-formula-1\/","title":{"rendered":"Verstappen consigui\u00f3 su primera victoria de la temporada de F\u00f3rmula 1"},"content":{"rendered":"\n<p>El neerlandes Max Verstappen logr\u00f3 su primer triunfo de la temporada 2025 con una impecable actuaci\u00f3n en el Gran Premio de Jap\u00f3n y consolid\u00f3 su dominio en el circuito de Suzuka con su cuarta victoria consecutiva.<\/p>\n\n\n\n<p>El piloto neerland\u00e9s super\u00f3 a los McLaren del brit\u00e1nico Lando Norris y el australiano Oscar Piastri, quienes lo escoltaron en el podio.<\/p>\n\n\n\n<p>Esta victoria coloca a Verstappen a solo un punto de Norris en el liderazgo del Campeonato de Pilotos, mientras que Piastri avanza al tercer puesto.<\/p>\n\n\n\n<p>La carrera comenz\u00f3 con Verstappen defendiendo h\u00e1bilmente su posici\u00f3n de privilegio en la salida y manteniendo una c\u00f3moda ventaja en los primeros compases.<\/p>\n\n\n\n<p>La acci\u00f3n se intensific\u00f3 durante las paradas en boxes, cuando un pit stop ligeramente lento permiti\u00f3 a Norris intentar emparejarse con Verstappen en la salida de los pits.<\/p>\n\n\n\n<p>Este enfrentamiento llev\u00f3 al brit\u00e1nico a salirse del trazado, aunque los comisarios decidieron no investigar el incidente, y el neerland\u00e9s mantuvo su posici\u00f3n.<\/p>\n\n\n\n<p>En el tramo final de la carrera, Piastri acort\u00f3 la distancia con Norris, obligando al brit\u00e1nico a acelerar su ritmo y acercarse a Verstappen.<\/p>\n\n\n\n<p>Sin embargo, el esfuerzo conjunto de los McLaren no fue suficiente y Verstappen cruz\u00f3 la meta como ganador, sumando su 64\u00aa victoria en Grandes Premios.<\/p>\n\n\n\n<p>Aunque Norris pudo mantener el segundo puesto, Piastri tuvo que conformarse con el tercero, celebrando su cumplea\u00f1os 24 con un podio.<\/p>\n\n\n\n<p>El monegasco Charles Leclerc asegur\u00f3 el cuarto lugar para Ferrari, seguido por el brit\u00e1nico George Russell y el joven italiano Kimi Antonelli en sus Mercedes, este \u00faltimo liderando la carrera brevemente gracias a una estrategia.<\/p>\n\n\n\n<p>El ingl\u00e9s Lewis Hamilton concluy\u00f3 s\u00e9ptimo, aportando puntos para Ferrari, mientras que el debutante Isack Hadjar sorprendi\u00f3 con su octavo puesto, sumando sus primeros puntos para Racing Bulls.<\/p>\n\n\n\n<p>Alex Albon, de Williams, y Ollie Bearman, de Haas, completaron los diez primeros clasificados.<\/p>\n\n\n\n<p>Fuera de la zona de puntos, Fernando Alonso cruz\u00f3 la meta en la und\u00e9cima posici\u00f3n y rompi\u00f3 una racha de dos abandonos consecutivos en las primeras carreraas de la atemporada.<\/p>\n\n\n\n<p>El japon\u00e9s Yuki Tsunoda debut\u00f3 con Red Bull en el 12\u00b0 lugar y se llev\u00f3 el reconocimiento de Piloto del D\u00eda por parte de los aficionados.<\/p>\n\n\n\n<p>El resto de los puestos estuvo marcado por Pierre Gasly (Alpine), Carlos Sainz (Williams), Jack Doohan (Alpine) y Nico H\u00fclkenberg (Kick Sauber), entre otros, con Lance Stroll cerrando la clasificaci\u00f3n para Aston Martin.<\/p>\n","protected":false},"excerpt":{"rendered":"<p>El neerlandes Max Verstappen logr\u00f3 su primer triunfo de la temporada 2025 con una impecable actuaci\u00f3n en el Gran Premio de Jap\u00f3n y consolid\u00f3 su dominio en el circuito de&hellip;<\/p>\n","protected":false},"author":7,"featured_media":293297,"comment_status":"closed","ping_status":"open","sticky":false,"template":"","format":"standard","meta":{"_acf_changed":false,"footnotes":""},"categories":[1,3],"tags":[],"class_list":["post-293296","post","type-post","status-publish","format-standard","has-post-thumbnail","hentry","category-es-noticia","category-deportes"],"acf":[],"yoast_head":"<!-- This site is optimized with the Yoast SEO plugin v27.5 - https:\/\/yoast.com\/product\/yoast-seo-wordpress\/ -->\n<title>Verstappen consigui\u00f3 su primera victoria de la temporada de F\u00f3rmula 1 - Diario Textual<\/title>\n<meta name=\"robots\" content=\"index, follow, max-snippet:-1, max-image-preview:large, max-video-preview:-1\" \/>\n<link rel=\"canonical\" href=\"https:\/\/diariotextual.com\/inicio\/index.php\/2025\/04\/06\/verstappen-consiguio-su-primera-victoria-de-la-temporada-de-formula-1\/\" \/>\n<meta property=\"og:locale\" content=\"es_ES\" \/>\n<meta property=\"og:type\" content=\"article\" \/>\n<meta property=\"og:title\" content=\"Verstappen consigui\u00f3 su primera victoria de la temporada de F\u00f3rmula 1 - Diario Textual\" \/>\n<meta property=\"og:description\" content=\"El neerlandes Max Verstappen logr\u00f3 su primer triunfo de la temporada 2025 con una impecable actuaci\u00f3n en el Gran Premio de Jap\u00f3n y consolid\u00f3 su dominio en el circuito de&hellip;\" \/>\n<meta property=\"og:url\" content=\"https:\/\/diariotextual.com\/inicio\/index.php\/2025\/04\/06\/verstappen-consiguio-su-primera-victoria-de-la-temporada-de-formula-1\/\" \/>\n<meta property=\"og:site_name\" content=\"Diario Textual\" \/>\n<meta property=\"article:publisher\" content=\"https:\/\/www.facebook.com\/eltextual\" \/>\n<meta property=\"article:published_time\" content=\"2025-04-06T14:59:43+00:00\" \/>\n<meta property=\"article:modified_time\" content=\"2025-04-06T14:59:44+00:00\" \/>\n<meta property=\"og:image\" content=\"https:\/\/diariotextual.com\/inicio\/wp-content\/uploads\/2025\/04\/verstappenf1.jpg\" \/>\n\t<meta property=\"og:image:width\" content=\"777\" \/>\n\t<meta property=\"og:image:height\" content=\"434\" \/>\n\t<meta property=\"og:image:type\" content=\"image\/jpeg\" \/>\n<meta name=\"author\" content=\"diario5\" \/>\n<meta name=\"twitter:card\" content=\"summary_large_image\" \/>\n<meta name=\"twitter:creator\" content=\"@eltextual\" \/>\n<meta name=\"twitter:site\" content=\"@eltextual\" \/>\n<meta name=\"twitter:label1\" content=\"Escrito por\" \/>\n\t<meta name=\"twitter:data1\" content=\"diario5\" \/>\n\t<meta name=\"twitter:label2\" content=\"Tiempo de lectura\" \/>\n\t<meta name=\"twitter:data2\" content=\"3 minutos\" \/>\n<script type=\"application\/ld+json\" class=\"yoast-schema-graph\">{\"@context\":\"https:\\\/\\\/schema.org\",\"@graph\":[{\"@type\":\"Article\",\"@id\":\"https:\\\/\\\/diariotextual.com\\\/inicio\\\/index.php\\\/2025\\\/04\\\/06\\\/verstappen-consiguio-su-primera-victoria-de-la-temporada-de-formula-1\\\/#article\",\"isPartOf\":{\"@id\":\"https:\\\/\\\/diariotextual.com\\\/inicio\\\/index.php\\\/2025\\\/04\\\/06\\\/verstappen-consiguio-su-primera-victoria-de-la-temporada-de-formula-1\\\/\"},\"author\":{\"name\":\"diario5\",\"@id\":\"https:\\\/\\\/diariotextual.com\\\/inicio\\\/#\\\/schema\\\/person\\\/c7834961ad8b29b1d9cdbf4571299067\"},\"headline\":\"Verstappen consigui\u00f3 su primera victoria de la temporada de F\u00f3rmula 1\",\"datePublished\":\"2025-04-06T14:59:43+00:00\",\"dateModified\":\"2025-04-06T14:59:44+00:00\",\"mainEntityOfPage\":{\"@id\":\"https:\\\/\\\/diariotextual.com\\\/inicio\\\/index.php\\\/2025\\\/04\\\/06\\\/verstappen-consiguio-su-primera-victoria-de-la-temporada-de-formula-1\\\/\"},\"wordCount\":422,\"publisher\":{\"@id\":\"https:\\\/\\\/diariotextual.com\\\/inicio\\\/#organization\"},\"image\":{\"@id\":\"https:\\\/\\\/diariotextual.com\\\/inicio\\\/index.php\\\/2025\\\/04\\\/06\\\/verstappen-consiguio-su-primera-victoria-de-la-temporada-de-formula-1\\\/#primaryimage\"},\"thumbnailUrl\":\"https:\\\/\\\/diariotextual.com\\\/inicio\\\/wp-content\\\/uploads\\\/2025\\\/04\\\/verstappenf1.jpg\",\"articleSection\":[\"A - ES NOTICIA (van abajo)\",\"DEPORTES\"],\"inLanguage\":\"es\"},{\"@type\":\"WebPage\",\"@id\":\"https:\\\/\\\/diariotextual.com\\\/inicio\\\/index.php\\\/2025\\\/04\\\/06\\\/verstappen-consiguio-su-primera-victoria-de-la-temporada-de-formula-1\\\/\",\"url\":\"https:\\\/\\\/diariotextual.com\\\/inicio\\\/index.php\\\/2025\\\/04\\\/06\\\/verstappen-consiguio-su-primera-victoria-de-la-temporada-de-formula-1\\\/\",\"name\":\"Verstappen consigui\u00f3 su primera victoria de la temporada de F\u00f3rmula 1 - Diario Textual\",\"isPartOf\":{\"@id\":\"https:\\\/\\\/diariotextual.com\\\/inicio\\\/#website\"},\"primaryImageOfPage\":{\"@id\":\"https:\\\/\\\/diariotextual.com\\\/inicio\\\/index.php\\\/2025\\\/04\\\/06\\\/verstappen-consiguio-su-primera-victoria-de-la-temporada-de-formula-1\\\/#primaryimage\"},\"image\":{\"@id\":\"https:\\\/\\\/diariotextual.com\\\/inicio\\\/index.php\\\/2025\\\/04\\\/06\\\/verstappen-consiguio-su-primera-victoria-de-la-temporada-de-formula-1\\\/#primaryimage\"},\"thumbnailUrl\":\"https:\\\/\\\/diariotextual.com\\\/inicio\\\/wp-content\\\/uploads\\\/2025\\\/04\\\/verstappenf1.jpg\",\"datePublished\":\"2025-04-06T14:59:43+00:00\",\"dateModified\":\"2025-04-06T14:59:44+00:00\",\"breadcrumb\":{\"@id\":\"https:\\\/\\\/diariotextual.com\\\/inicio\\\/index.php\\\/2025\\\/04\\\/06\\\/verstappen-consiguio-su-primera-victoria-de-la-temporada-de-formula-1\\\/#breadcrumb\"},\"inLanguage\":\"es\",\"potentialAction\":[{\"@type\":\"ReadAction\",\"target\":[\"https:\\\/\\\/diariotextual.com\\\/inicio\\\/index.php\\\/2025\\\/04\\\/06\\\/verstappen-consiguio-su-primera-victoria-de-la-temporada-de-formula-1\\\/\"]}]},{\"@type\":\"ImageObject\",\"inLanguage\":\"es\",\"@id\":\"https:\\\/\\\/diariotextual.com\\\/inicio\\\/index.php\\\/2025\\\/04\\\/06\\\/verstappen-consiguio-su-primera-victoria-de-la-temporada-de-formula-1\\\/#primaryimage\",\"url\":\"https:\\\/\\\/diariotextual.com\\\/inicio\\\/wp-content\\\/uploads\\\/2025\\\/04\\\/verstappenf1.jpg\",\"contentUrl\":\"https:\\\/\\\/diariotextual.com\\\/inicio\\\/wp-content\\\/uploads\\\/2025\\\/04\\\/verstappenf1.jpg\",\"width\":777,\"height\":434},{\"@type\":\"BreadcrumbList\",\"@id\":\"https:\\\/\\\/diariotextual.com\\\/inicio\\\/index.php\\\/2025\\\/04\\\/06\\\/verstappen-consiguio-su-primera-victoria-de-la-temporada-de-formula-1\\\/#breadcrumb\",\"itemListElement\":[{\"@type\":\"ListItem\",\"position\":1,\"name\":\"Portada\",\"item\":\"https:\\\/\\\/diariotextual.com\\\/inicio\\\/\"},{\"@type\":\"ListItem\",\"position\":2,\"name\":\"Verstappen consigui\u00f3 su primera victoria de la temporada de F\u00f3rmula 1\"}]},{\"@type\":\"WebSite\",\"@id\":\"https:\\\/\\\/diariotextual.com\\\/inicio\\\/#website\",\"url\":\"https:\\\/\\\/diariotextual.com\\\/inicio\\\/\",\"name\":\"Diario Textual\",\"description\":\"\",\"publisher\":{\"@id\":\"https:\\\/\\\/diariotextual.com\\\/inicio\\\/#organization\"},\"potentialAction\":[{\"@type\":\"SearchAction\",\"target\":{\"@type\":\"EntryPoint\",\"urlTemplate\":\"https:\\\/\\\/diariotextual.com\\\/inicio\\\/?s={search_term_string}\"},\"query-input\":{\"@type\":\"PropertyValueSpecification\",\"valueRequired\":true,\"valueName\":\"search_term_string\"}}],\"inLanguage\":\"es\"},{\"@type\":\"Organization\",\"@id\":\"https:\\\/\\\/diariotextual.com\\\/inicio\\\/#organization\",\"name\":\"Diario Textual\",\"url\":\"https:\\\/\\\/diariotextual.com\\\/inicio\\\/\",\"logo\":{\"@type\":\"ImageObject\",\"inLanguage\":\"es\",\"@id\":\"https:\\\/\\\/diariotextual.com\\\/inicio\\\/#\\\/schema\\\/logo\\\/image\\\/\",\"url\":\"https:\\\/\\\/diariotextual.com\\\/inicio\\\/wp-content\\\/uploads\\\/2023\\\/05\\\/logotextual1.jpg\",\"contentUrl\":\"https:\\\/\\\/diariotextual.com\\\/inicio\\\/wp-content\\\/uploads\\\/2023\\\/05\\\/logotextual1.jpg\",\"width\":516,\"height\":76,\"caption\":\"Diario Textual\"},\"image\":{\"@id\":\"https:\\\/\\\/diariotextual.com\\\/inicio\\\/#\\\/schema\\\/logo\\\/image\\\/\"},\"sameAs\":[\"https:\\\/\\\/www.facebook.com\\\/eltextual\",\"https:\\\/\\\/x.com\\\/eltextual\",\"http:\\\/\\\/www.instagram.com\\\/eltextual\"]},{\"@type\":\"Person\",\"@id\":\"https:\\\/\\\/diariotextual.com\\\/inicio\\\/#\\\/schema\\\/person\\\/c7834961ad8b29b1d9cdbf4571299067\",\"name\":\"diario5\",\"image\":{\"@type\":\"ImageObject\",\"inLanguage\":\"es\",\"@id\":\"https:\\\/\\\/secure.gravatar.com\\\/avatar\\\/948c893b847ca6df68216ead81b63f363408ec9b0f600fefc0641ce78613b111?s=96&d=mm&r=g\",\"url\":\"https:\\\/\\\/secure.gravatar.com\\\/avatar\\\/948c893b847ca6df68216ead81b63f363408ec9b0f600fefc0641ce78613b111?s=96&d=mm&r=g\",\"contentUrl\":\"https:\\\/\\\/secure.gravatar.com\\\/avatar\\\/948c893b847ca6df68216ead81b63f363408ec9b0f600fefc0641ce78613b111?s=96&d=mm&r=g\",\"caption\":\"diario5\"},\"url\":\"https:\\\/\\\/diariotextual.com\\\/inicio\\\/index.php\\\/author\\\/diario5\\\/\"}]}<\/script>\n<!-- \/ Yoast SEO plugin. -->","yoast_head_json":{"title":"Verstappen consigui\u00f3 su primera victoria de la temporada de F\u00f3rmula 1 - Diario Textual","robots":{"index":"index","follow":"follow","max-snippet":"max-snippet:-1","max-image-preview":"max-image-preview:large","max-video-preview":"max-video-preview:-1"},"canonical":"https:\/\/diariotextual.com\/inicio\/index.php\/2025\/04\/06\/verstappen-consiguio-su-primera-victoria-de-la-temporada-de-formula-1\/","og_locale":"es_ES","og_type":"article","og_title":"Verstappen consigui\u00f3 su primera victoria de la temporada de F\u00f3rmula 1 - Diario Textual","og_description":"El neerlandes Max Verstappen logr\u00f3 su primer triunfo de la temporada 2025 con una impecable actuaci\u00f3n en el Gran Premio de Jap\u00f3n y consolid\u00f3 su dominio en el circuito de&hellip;","og_url":"https:\/\/diariotextual.com\/inicio\/index.php\/2025\/04\/06\/verstappen-consiguio-su-primera-victoria-de-la-temporada-de-formula-1\/","og_site_name":"Diario Textual","article_publisher":"https:\/\/www.facebook.com\/eltextual","article_published_time":"2025-04-06T14:59:43+00:00","article_modified_time":"2025-04-06T14:59:44+00:00","og_image":[{"width":777,"height":434,"url":"https:\/\/diariotextual.com\/inicio\/wp-content\/uploads\/2025\/04\/verstappenf1.jpg","type":"image\/jpeg"}],"author":"diario5","twitter_card":"summary_large_image","twitter_creator":"@eltextual","twitter_site":"@eltextual","twitter_misc":{"Escrito por":"diario5","Tiempo de lectura":"3 minutos"},"schema":{"@context":"https:\/\/schema.org","@graph":[{"@type":"Article","@id":"https:\/\/diariotextual.com\/inicio\/index.php\/2025\/04\/06\/verstappen-consiguio-su-primera-victoria-de-la-temporada-de-formula-1\/#article","isPartOf":{"@id":"https:\/\/diariotextual.com\/inicio\/index.php\/2025\/04\/06\/verstappen-consiguio-su-primera-victoria-de-la-temporada-de-formula-1\/"},"author":{"name":"diario5","@id":"https:\/\/diariotextual.com\/inicio\/#\/schema\/person\/c7834961ad8b29b1d9cdbf4571299067"},"headline":"Verstappen consigui\u00f3 su primera victoria de la temporada de F\u00f3rmula 1","datePublished":"2025-04-06T14:59:43+00:00","dateModified":"2025-04-06T14:59:44+00:00","mainEntityOfPage":{"@id":"https:\/\/diariotextual.com\/inicio\/index.php\/2025\/04\/06\/verstappen-consiguio-su-primera-victoria-de-la-temporada-de-formula-1\/"},"wordCount":422,"publisher":{"@id":"https:\/\/diariotextual.com\/inicio\/#organization"},"image":{"@id":"https:\/\/diariotextual.com\/inicio\/index.php\/2025\/04\/06\/verstappen-consiguio-su-primera-victoria-de-la-temporada-de-formula-1\/#primaryimage"},"thumbnailUrl":"https:\/\/diariotextual.com\/inicio\/wp-content\/uploads\/2025\/04\/verstappenf1.jpg","articleSection":["A - ES NOTICIA (van abajo)","DEPORTES"],"inLanguage":"es"},{"@type":"WebPage","@id":"https:\/\/diariotextual.com\/inicio\/index.php\/2025\/04\/06\/verstappen-consiguio-su-primera-victoria-de-la-temporada-de-formula-1\/","url":"https:\/\/diariotextual.com\/inicio\/index.php\/2025\/04\/06\/verstappen-consiguio-su-primera-victoria-de-la-temporada-de-formula-1\/","name":"Verstappen consigui\u00f3 su primera victoria de la temporada de F\u00f3rmula 1 - Diario Textual","isPartOf":{"@id":"https:\/\/diariotextual.com\/inicio\/#website"},"primaryImageOfPage":{"@id":"https:\/\/diariotextual.com\/inicio\/index.php\/2025\/04\/06\/verstappen-consiguio-su-primera-victoria-de-la-temporada-de-formula-1\/#primaryimage"},"image":{"@id":"https:\/\/diariotextual.com\/inicio\/index.php\/2025\/04\/06\/verstappen-consiguio-su-primera-victoria-de-la-temporada-de-formula-1\/#primaryimage"},"thumbnailUrl":"https:\/\/diariotextual.com\/inicio\/wp-content\/uploads\/2025\/04\/verstappenf1.jpg","datePublished":"2025-04-06T14:59:43+00:00","dateModified":"2025-04-06T14:59:44+00:00","breadcrumb":{"@id":"https:\/\/diariotextual.com\/inicio\/index.php\/2025\/04\/06\/verstappen-consiguio-su-primera-victoria-de-la-temporada-de-formula-1\/#breadcrumb"},"inLanguage":"es","potentialAction":[{"@type":"ReadAction","target":["https:\/\/diariotextual.com\/inicio\/index.php\/2025\/04\/06\/verstappen-consiguio-su-primera-victoria-de-la-temporada-de-formula-1\/"]}]},{"@type":"ImageObject","inLanguage":"es","@id":"https:\/\/diariotextual.com\/inicio\/index.php\/2025\/04\/06\/verstappen-consiguio-su-primera-victoria-de-la-temporada-de-formula-1\/#primaryimage","url":"https:\/\/diariotextual.com\/inicio\/wp-content\/uploads\/2025\/04\/verstappenf1.jpg","contentUrl":"https:\/\/diariotextual.com\/inicio\/wp-content\/uploads\/2025\/04\/verstappenf1.jpg","width":777,"height":434},{"@type":"BreadcrumbList","@id":"https:\/\/diariotextual.com\/inicio\/index.php\/2025\/04\/06\/verstappen-consiguio-su-primera-victoria-de-la-temporada-de-formula-1\/#breadcrumb","itemListElement":[{"@type":"ListItem","position":1,"name":"Portada","item":"https:\/\/diariotextual.com\/inicio\/"},{"@type":"ListItem","position":2,"name":"Verstappen consigui\u00f3 su primera victoria de la temporada de F\u00f3rmula 1"}]},{"@type":"WebSite","@id":"https:\/\/diariotextual.com\/inicio\/#website","url":"https:\/\/diariotextual.com\/inicio\/","name":"Diario Textual","description":"","publisher":{"@id":"https:\/\/diariotextual.com\/inicio\/#organization"},"potentialAction":[{"@type":"SearchAction","target":{"@type":"EntryPoint","urlTemplate":"https:\/\/diariotextual.com\/inicio\/?s={search_term_string}"},"query-input":{"@type":"PropertyValueSpecification","valueRequired":true,"valueName":"search_term_string"}}],"inLanguage":"es"},{"@type":"Organization","@id":"https:\/\/diariotextual.com\/inicio\/#organization","name":"Diario Textual","url":"https:\/\/diariotextual.com\/inicio\/","logo":{"@type":"ImageObject","inLanguage":"es","@id":"https:\/\/diariotextual.com\/inicio\/#\/schema\/logo\/image\/","url":"https:\/\/diariotextual.com\/inicio\/wp-content\/uploads\/2023\/05\/logotextual1.jpg","contentUrl":"https:\/\/diariotextual.com\/inicio\/wp-content\/uploads\/2023\/05\/logotextual1.jpg","width":516,"height":76,"caption":"Diario Textual"},"image":{"@id":"https:\/\/diariotextual.com\/inicio\/#\/schema\/logo\/image\/"},"sameAs":["https:\/\/www.facebook.com\/eltextual","https:\/\/x.com\/eltextual","http:\/\/www.instagram.com\/eltextual"]},{"@type":"Person","@id":"https:\/\/diariotextual.com\/inicio\/#\/schema\/person\/c7834961ad8b29b1d9cdbf4571299067","name":"diario5","image":{"@type":"ImageObject","inLanguage":"es","@id":"https:\/\/secure.gravatar.com\/avatar\/948c893b847ca6df68216ead81b63f363408ec9b0f600fefc0641ce78613b111?s=96&d=mm&r=g","url":"https:\/\/secure.gravatar.com\/avatar\/948c893b847ca6df68216ead81b63f363408ec9b0f600fefc0641ce78613b111?s=96&d=mm&r=g","contentUrl":"https:\/\/secure.gravatar.com\/avatar\/948c893b847ca6df68216ead81b63f363408ec9b0f600fefc0641ce78613b111?s=96&d=mm&r=g","caption":"diario5"},"url":"https:\/\/diariotextual.com\/inicio\/index.php\/author\/diario5\/"}]}},"_links":{"self":[{"href":"https:\/\/diariotextual.com\/inicio\/index.php\/wp-json\/wp\/v2\/posts\/293296","targetHints":{"allow":["GET"]}}],"collection":[{"href":"https:\/\/diariotextual.com\/inicio\/index.php\/wp-json\/wp\/v2\/posts"}],"about":[{"href":"https:\/\/diariotextual.com\/inicio\/index.php\/wp-json\/wp\/v2\/types\/post"}],"author":[{"embeddable":true,"href":"https:\/\/diariotextual.com\/inicio\/index.php\/wp-json\/wp\/v2\/users\/7"}],"replies":[{"embeddable":true,"href":"https:\/\/diariotextual.com\/inicio\/index.php\/wp-json\/wp\/v2\/comments?post=293296"}],"version-history":[{"count":1,"href":"https:\/\/diariotextual.com\/inicio\/index.php\/wp-json\/wp\/v2\/posts\/293296\/revisions"}],"predecessor-version":[{"id":293298,"href":"https:\/\/diariotextual.com\/inicio\/index.php\/wp-json\/wp\/v2\/posts\/293296\/revisions\/293298"}],"wp:featuredmedia":[{"embeddable":true,"href":"https:\/\/diariotextual.com\/inicio\/index.php\/wp-json\/wp\/v2\/media\/293297"}],"wp:attachment":[{"href":"https:\/\/diariotextual.com\/inicio\/index.php\/wp-json\/wp\/v2\/media?parent=293296"}],"wp:term":[{"taxonomy":"category","embeddable":true,"href":"https:\/\/diariotextual.com\/inicio\/index.php\/wp-json\/wp\/v2\/categories?post=293296"},{"taxonomy":"post_tag","embeddable":true,"href":"https:\/\/diariotextual.com\/inicio\/index.php\/wp-json\/wp\/v2\/tags?post=293296"}],"curies":[{"name":"wp","href":"https:\/\/api.w.org\/{rel}","templated":true}]}}