{"id":29344,"date":"2018-12-01T07:08:15","date_gmt":"2018-12-01T10:08:15","guid":{"rendered":"http:\/\/diariotextual.com\/inicio\/?p=29344"},"modified":"2018-12-01T18:23:32","modified_gmt":"2018-12-01T21:23:32","slug":"murio-el-expresidente-george-w-bush","status":"publish","type":"post","link":"https:\/\/diariotextual.com\/inicio\/index.php\/2018\/12\/01\/murio-el-expresidente-george-w-bush\/","title":{"rendered":"Muri\u00f3 el expresidente George Bush padre"},"content":{"rendered":"<p><strong>\u201cA Jeb, Neil, Marvin, Doro y a m\u00ed nos entristece anunciar que tras 94 extraordinarios a\u00f1os, nuestro querido padre ha fallecido\u00bb<\/strong>, dijo el expresidente estadounidense George W. Bush al anunciar la muerte de su padre, quien tambi\u00e9n fue presidente, George H.W. Bush. El texto agrega que Bush, fallecido a los 94 a\u00f1os, fue \u201cel mejor padre que un hijo o una hija puede tener\u201d y agradecen las muestras de cari\u00f1os que les enviaron en estos momentos de tristeza.<\/p>\n<p>Su esposa, B\u00e1rbara Bush, muri\u00f3 en abril de este a\u00f1o, despu\u00e9s de decidir no volver al hospital para seguir luchando contra una enfermedad pulmonar cr\u00f3nica y una falla cardiovascular. \u00abTen\u00eda 94 a\u00f1os y lo sobreviven sus cinco hijos y sus esposas, 17 nietos, ocho bisnietos y dos hermanos\u00bb, escribi\u00f3 el vocero de la familia, Jim McGrath y agreg\u00f3 que la informaci\u00f3n sobre los funerales ser\u00e1 anunciada pronto.<\/p>\n<p>Los Bush eran una familia aristocr\u00e1tica de Massachusetts que hab\u00edan acrecentado su patrimonio con negocios afortunados en Wall Street; el fundador de la \u00abdinast\u00eda\u00bb, Prescott Bush, comenz\u00f3 tambi\u00e9n el h\u00e1bito de combinar negocios y pol\u00edtica y sirvi\u00f3 como senador del Partido Republicano (RP) por Connecticut. Su hijo, George Herbert Walker Bush naci\u00f3 en Milton, Massachussets, el 12 de junio de 1924.<\/p>\n<p><strong>Bush Sr. fue tambi\u00e9n un h\u00e9roe de la Segunda Guerra Mundial -vol\u00f3 58 misiones de combate para la Armada durante la Segunda Guerra Mundial y recibi\u00f3 tres medallas de aire y la Cruz de vuelo distinguida- congresista de Texas, director de la CIA y vicepresidente con Ronald Reagan, resumi\u00f3 el New York Times.<\/strong><\/p>\n<p>Bush es recordado entre los hispanos en Estados Unidos porque, al empezar su gobierno en 1990, us\u00f3 sus facultades presidenciales aprobando un amparo para mantener a las familias unidas tras la amnist\u00eda aprobada por el Congreso durante el gobierno de Ronald Reagan, de quien fue vicepresidente. \u00abNuestra naci\u00f3n es el anhelado sue\u00f1o de cada inmigrante que ha pisado estas costas y de los millones que siguen luchando por la libertad\u00bb, dijo ese a\u00f1o en su discurso sobre el Estado de la Uni\u00f3n.<\/p>\n","protected":false},"excerpt":{"rendered":"<p>\u201cA Jeb, Neil, Marvin, Doro y a m\u00ed nos entristece anunciar que tras 94 extraordinarios a\u00f1os, nuestro querido padre ha fallecido\u00bb, dijo el expresidente estadounidense George W. Bush al anunciar&hellip;<\/p>\n","protected":false},"author":3,"featured_media":29346,"comment_status":"closed","ping_status":"open","sticky":false,"template":"","format":"standard","meta":{"_acf_changed":false,"footnotes":""},"categories":[319,7],"tags":[931],"class_list":["post-29344","post","type-post","status-publish","format-standard","has-post-thumbnail","hentry","category-a-temporales","category-mundo","tag-bush"],"acf":[],"yoast_head":"<!-- This site is optimized with the Yoast SEO plugin v27.5 - https:\/\/yoast.com\/product\/yoast-seo-wordpress\/ -->\n<title>Muri\u00f3 George Bush padre<\/title>\n<meta name=\"description\" content=\"Falleci\u00f3 George Bush padre.\" \/>\n<meta name=\"robots\" content=\"index, follow, max-snippet:-1, max-image-preview:large, max-video-preview:-1\" \/>\n<link rel=\"canonical\" href=\"https:\/\/diariotextual.com\/inicio\/index.php\/2018\/12\/01\/murio-el-expresidente-george-w-bush\/\" \/>\n<meta property=\"og:locale\" content=\"es_ES\" \/>\n<meta property=\"og:type\" content=\"article\" \/>\n<meta property=\"og:title\" content=\"Muri\u00f3 George Bush padre\" \/>\n<meta property=\"og:description\" content=\"Falleci\u00f3 George Bush padre.\" \/>\n<meta property=\"og:url\" content=\"https:\/\/diariotextual.com\/inicio\/index.php\/2018\/12\/01\/murio-el-expresidente-george-w-bush\/\" \/>\n<meta property=\"og:site_name\" content=\"Diario Textual\" \/>\n<meta property=\"article:publisher\" content=\"https:\/\/www.facebook.com\/eltextual\" \/>\n<meta property=\"article:published_time\" content=\"2018-12-01T10:08:15+00:00\" \/>\n<meta property=\"article:modified_time\" content=\"2018-12-01T21:23:32+00:00\" \/>\n<meta property=\"og:image\" content=\"https:\/\/diariotextual.com\/inicio\/wp-content\/uploads\/2018\/12\/bushgeorge333.jpg\" \/>\n\t<meta property=\"og:image:width\" content=\"1485\" \/>\n\t<meta property=\"og:image:height\" content=\"900\" \/>\n\t<meta property=\"og:image:type\" content=\"image\/jpeg\" \/>\n<meta name=\"author\" content=\"Diario1 Diario1\" \/>\n<meta name=\"twitter:card\" content=\"summary_large_image\" \/>\n<meta name=\"twitter:creator\" content=\"@eltextual\" \/>\n<meta name=\"twitter:site\" content=\"@eltextual\" \/>\n<meta name=\"twitter:label1\" content=\"Escrito por\" \/>\n\t<meta name=\"twitter:data1\" content=\"Diario1 Diario1\" \/>\n\t<meta name=\"twitter:label2\" content=\"Tiempo de lectura\" \/>\n\t<meta name=\"twitter:data2\" content=\"2 minutos\" \/>\n<script type=\"application\/ld+json\" class=\"yoast-schema-graph\">{\"@context\":\"https:\\\/\\\/schema.org\",\"@graph\":[{\"@type\":\"Article\",\"@id\":\"https:\\\/\\\/diariotextual.com\\\/inicio\\\/index.php\\\/2018\\\/12\\\/01\\\/murio-el-expresidente-george-w-bush\\\/#article\",\"isPartOf\":{\"@id\":\"https:\\\/\\\/diariotextual.com\\\/inicio\\\/index.php\\\/2018\\\/12\\\/01\\\/murio-el-expresidente-george-w-bush\\\/\"},\"author\":{\"name\":\"Diario1 Diario1\",\"@id\":\"https:\\\/\\\/diariotextual.com\\\/inicio\\\/#\\\/schema\\\/person\\\/418fc4093c33e86ed41562db3508f958\"},\"headline\":\"Muri\u00f3 el expresidente George Bush padre\",\"datePublished\":\"2018-12-01T10:08:15+00:00\",\"dateModified\":\"2018-12-01T21:23:32+00:00\",\"mainEntityOfPage\":{\"@id\":\"https:\\\/\\\/diariotextual.com\\\/inicio\\\/index.php\\\/2018\\\/12\\\/01\\\/murio-el-expresidente-george-w-bush\\\/\"},\"wordCount\":364,\"publisher\":{\"@id\":\"https:\\\/\\\/diariotextual.com\\\/inicio\\\/#organization\"},\"image\":{\"@id\":\"https:\\\/\\\/diariotextual.com\\\/inicio\\\/index.php\\\/2018\\\/12\\\/01\\\/murio-el-expresidente-george-w-bush\\\/#primaryimage\"},\"thumbnailUrl\":\"https:\\\/\\\/diariotextual.com\\\/inicio\\\/wp-content\\\/uploads\\\/2018\\\/12\\\/bushgeorge333.jpg\",\"keywords\":[\"bush\"],\"articleSection\":[\"A - TEMPORALES\",\"MUNDO\"],\"inLanguage\":\"es\"},{\"@type\":\"WebPage\",\"@id\":\"https:\\\/\\\/diariotextual.com\\\/inicio\\\/index.php\\\/2018\\\/12\\\/01\\\/murio-el-expresidente-george-w-bush\\\/\",\"url\":\"https:\\\/\\\/diariotextual.com\\\/inicio\\\/index.php\\\/2018\\\/12\\\/01\\\/murio-el-expresidente-george-w-bush\\\/\",\"name\":\"Muri\u00f3 George Bush padre\",\"isPartOf\":{\"@id\":\"https:\\\/\\\/diariotextual.com\\\/inicio\\\/#website\"},\"primaryImageOfPage\":{\"@id\":\"https:\\\/\\\/diariotextual.com\\\/inicio\\\/index.php\\\/2018\\\/12\\\/01\\\/murio-el-expresidente-george-w-bush\\\/#primaryimage\"},\"image\":{\"@id\":\"https:\\\/\\\/diariotextual.com\\\/inicio\\\/index.php\\\/2018\\\/12\\\/01\\\/murio-el-expresidente-george-w-bush\\\/#primaryimage\"},\"thumbnailUrl\":\"https:\\\/\\\/diariotextual.com\\\/inicio\\\/wp-content\\\/uploads\\\/2018\\\/12\\\/bushgeorge333.jpg\",\"datePublished\":\"2018-12-01T10:08:15+00:00\",\"dateModified\":\"2018-12-01T21:23:32+00:00\",\"description\":\"Falleci\u00f3 George Bush padre.\",\"breadcrumb\":{\"@id\":\"https:\\\/\\\/diariotextual.com\\\/inicio\\\/index.php\\\/2018\\\/12\\\/01\\\/murio-el-expresidente-george-w-bush\\\/#breadcrumb\"},\"inLanguage\":\"es\",\"potentialAction\":[{\"@type\":\"ReadAction\",\"target\":[\"https:\\\/\\\/diariotextual.com\\\/inicio\\\/index.php\\\/2018\\\/12\\\/01\\\/murio-el-expresidente-george-w-bush\\\/\"]}]},{\"@type\":\"ImageObject\",\"inLanguage\":\"es\",\"@id\":\"https:\\\/\\\/diariotextual.com\\\/inicio\\\/index.php\\\/2018\\\/12\\\/01\\\/murio-el-expresidente-george-w-bush\\\/#primaryimage\",\"url\":\"https:\\\/\\\/diariotextual.com\\\/inicio\\\/wp-content\\\/uploads\\\/2018\\\/12\\\/bushgeorge333.jpg\",\"contentUrl\":\"https:\\\/\\\/diariotextual.com\\\/inicio\\\/wp-content\\\/uploads\\\/2018\\\/12\\\/bushgeorge333.jpg\",\"width\":1485,\"height\":900},{\"@type\":\"BreadcrumbList\",\"@id\":\"https:\\\/\\\/diariotextual.com\\\/inicio\\\/index.php\\\/2018\\\/12\\\/01\\\/murio-el-expresidente-george-w-bush\\\/#breadcrumb\",\"itemListElement\":[{\"@type\":\"ListItem\",\"position\":1,\"name\":\"Portada\",\"item\":\"https:\\\/\\\/diariotextual.com\\\/inicio\\\/\"},{\"@type\":\"ListItem\",\"position\":2,\"name\":\"Muri\u00f3 el expresidente George Bush padre\"}]},{\"@type\":\"WebSite\",\"@id\":\"https:\\\/\\\/diariotextual.com\\\/inicio\\\/#website\",\"url\":\"https:\\\/\\\/diariotextual.com\\\/inicio\\\/\",\"name\":\"Diario Textual\",\"description\":\"\",\"publisher\":{\"@id\":\"https:\\\/\\\/diariotextual.com\\\/inicio\\\/#organization\"},\"potentialAction\":[{\"@type\":\"SearchAction\",\"target\":{\"@type\":\"EntryPoint\",\"urlTemplate\":\"https:\\\/\\\/diariotextual.com\\\/inicio\\\/?s={search_term_string}\"},\"query-input\":{\"@type\":\"PropertyValueSpecification\",\"valueRequired\":true,\"valueName\":\"search_term_string\"}}],\"inLanguage\":\"es\"},{\"@type\":\"Organization\",\"@id\":\"https:\\\/\\\/diariotextual.com\\\/inicio\\\/#organization\",\"name\":\"Diario Textual\",\"url\":\"https:\\\/\\\/diariotextual.com\\\/inicio\\\/\",\"logo\":{\"@type\":\"ImageObject\",\"inLanguage\":\"es\",\"@id\":\"https:\\\/\\\/diariotextual.com\\\/inicio\\\/#\\\/schema\\\/logo\\\/image\\\/\",\"url\":\"https:\\\/\\\/diariotextual.com\\\/inicio\\\/wp-content\\\/uploads\\\/2023\\\/05\\\/logotextual1.jpg\",\"contentUrl\":\"https:\\\/\\\/diariotextual.com\\\/inicio\\\/wp-content\\\/uploads\\\/2023\\\/05\\\/logotextual1.jpg\",\"width\":516,\"height\":76,\"caption\":\"Diario Textual\"},\"image\":{\"@id\":\"https:\\\/\\\/diariotextual.com\\\/inicio\\\/#\\\/schema\\\/logo\\\/image\\\/\"},\"sameAs\":[\"https:\\\/\\\/www.facebook.com\\\/eltextual\",\"https:\\\/\\\/x.com\\\/eltextual\",\"http:\\\/\\\/www.instagram.com\\\/eltextual\"]},{\"@type\":\"Person\",\"@id\":\"https:\\\/\\\/diariotextual.com\\\/inicio\\\/#\\\/schema\\\/person\\\/418fc4093c33e86ed41562db3508f958\",\"name\":\"Diario1 Diario1\",\"image\":{\"@type\":\"ImageObject\",\"inLanguage\":\"es\",\"@id\":\"https:\\\/\\\/secure.gravatar.com\\\/avatar\\\/9167d280179c85bc18be67aa7eda765854300033af4896dd779b608640f2ef7a?s=96&d=mm&r=g\",\"url\":\"https:\\\/\\\/secure.gravatar.com\\\/avatar\\\/9167d280179c85bc18be67aa7eda765854300033af4896dd779b608640f2ef7a?s=96&d=mm&r=g\",\"contentUrl\":\"https:\\\/\\\/secure.gravatar.com\\\/avatar\\\/9167d280179c85bc18be67aa7eda765854300033af4896dd779b608640f2ef7a?s=96&d=mm&r=g\",\"caption\":\"Diario1 Diario1\"},\"url\":\"https:\\\/\\\/diariotextual.com\\\/inicio\\\/index.php\\\/author\\\/diario1\\\/\"}]}<\/script>\n<!-- \/ Yoast SEO plugin. -->","yoast_head_json":{"title":"Muri\u00f3 George Bush padre","description":"Falleci\u00f3 George Bush padre.","robots":{"index":"index","follow":"follow","max-snippet":"max-snippet:-1","max-image-preview":"max-image-preview:large","max-video-preview":"max-video-preview:-1"},"canonical":"https:\/\/diariotextual.com\/inicio\/index.php\/2018\/12\/01\/murio-el-expresidente-george-w-bush\/","og_locale":"es_ES","og_type":"article","og_title":"Muri\u00f3 George Bush padre","og_description":"Falleci\u00f3 George Bush padre.","og_url":"https:\/\/diariotextual.com\/inicio\/index.php\/2018\/12\/01\/murio-el-expresidente-george-w-bush\/","og_site_name":"Diario Textual","article_publisher":"https:\/\/www.facebook.com\/eltextual","article_published_time":"2018-12-01T10:08:15+00:00","article_modified_time":"2018-12-01T21:23:32+00:00","og_image":[{"width":1485,"height":900,"url":"https:\/\/diariotextual.com\/inicio\/wp-content\/uploads\/2018\/12\/bushgeorge333.jpg","type":"image\/jpeg"}],"author":"Diario1 Diario1","twitter_card":"summary_large_image","twitter_creator":"@eltextual","twitter_site":"@eltextual","twitter_misc":{"Escrito por":"Diario1 Diario1","Tiempo de lectura":"2 minutos"},"schema":{"@context":"https:\/\/schema.org","@graph":[{"@type":"Article","@id":"https:\/\/diariotextual.com\/inicio\/index.php\/2018\/12\/01\/murio-el-expresidente-george-w-bush\/#article","isPartOf":{"@id":"https:\/\/diariotextual.com\/inicio\/index.php\/2018\/12\/01\/murio-el-expresidente-george-w-bush\/"},"author":{"name":"Diario1 Diario1","@id":"https:\/\/diariotextual.com\/inicio\/#\/schema\/person\/418fc4093c33e86ed41562db3508f958"},"headline":"Muri\u00f3 el expresidente George Bush padre","datePublished":"2018-12-01T10:08:15+00:00","dateModified":"2018-12-01T21:23:32+00:00","mainEntityOfPage":{"@id":"https:\/\/diariotextual.com\/inicio\/index.php\/2018\/12\/01\/murio-el-expresidente-george-w-bush\/"},"wordCount":364,"publisher":{"@id":"https:\/\/diariotextual.com\/inicio\/#organization"},"image":{"@id":"https:\/\/diariotextual.com\/inicio\/index.php\/2018\/12\/01\/murio-el-expresidente-george-w-bush\/#primaryimage"},"thumbnailUrl":"https:\/\/diariotextual.com\/inicio\/wp-content\/uploads\/2018\/12\/bushgeorge333.jpg","keywords":["bush"],"articleSection":["A - TEMPORALES","MUNDO"],"inLanguage":"es"},{"@type":"WebPage","@id":"https:\/\/diariotextual.com\/inicio\/index.php\/2018\/12\/01\/murio-el-expresidente-george-w-bush\/","url":"https:\/\/diariotextual.com\/inicio\/index.php\/2018\/12\/01\/murio-el-expresidente-george-w-bush\/","name":"Muri\u00f3 George Bush padre","isPartOf":{"@id":"https:\/\/diariotextual.com\/inicio\/#website"},"primaryImageOfPage":{"@id":"https:\/\/diariotextual.com\/inicio\/index.php\/2018\/12\/01\/murio-el-expresidente-george-w-bush\/#primaryimage"},"image":{"@id":"https:\/\/diariotextual.com\/inicio\/index.php\/2018\/12\/01\/murio-el-expresidente-george-w-bush\/#primaryimage"},"thumbnailUrl":"https:\/\/diariotextual.com\/inicio\/wp-content\/uploads\/2018\/12\/bushgeorge333.jpg","datePublished":"2018-12-01T10:08:15+00:00","dateModified":"2018-12-01T21:23:32+00:00","description":"Falleci\u00f3 George Bush padre.","breadcrumb":{"@id":"https:\/\/diariotextual.com\/inicio\/index.php\/2018\/12\/01\/murio-el-expresidente-george-w-bush\/#breadcrumb"},"inLanguage":"es","potentialAction":[{"@type":"ReadAction","target":["https:\/\/diariotextual.com\/inicio\/index.php\/2018\/12\/01\/murio-el-expresidente-george-w-bush\/"]}]},{"@type":"ImageObject","inLanguage":"es","@id":"https:\/\/diariotextual.com\/inicio\/index.php\/2018\/12\/01\/murio-el-expresidente-george-w-bush\/#primaryimage","url":"https:\/\/diariotextual.com\/inicio\/wp-content\/uploads\/2018\/12\/bushgeorge333.jpg","contentUrl":"https:\/\/diariotextual.com\/inicio\/wp-content\/uploads\/2018\/12\/bushgeorge333.jpg","width":1485,"height":900},{"@type":"BreadcrumbList","@id":"https:\/\/diariotextual.com\/inicio\/index.php\/2018\/12\/01\/murio-el-expresidente-george-w-bush\/#breadcrumb","itemListElement":[{"@type":"ListItem","position":1,"name":"Portada","item":"https:\/\/diariotextual.com\/inicio\/"},{"@type":"ListItem","position":2,"name":"Muri\u00f3 el expresidente George Bush padre"}]},{"@type":"WebSite","@id":"https:\/\/diariotextual.com\/inicio\/#website","url":"https:\/\/diariotextual.com\/inicio\/","name":"Diario Textual","description":"","publisher":{"@id":"https:\/\/diariotextual.com\/inicio\/#organization"},"potentialAction":[{"@type":"SearchAction","target":{"@type":"EntryPoint","urlTemplate":"https:\/\/diariotextual.com\/inicio\/?s={search_term_string}"},"query-input":{"@type":"PropertyValueSpecification","valueRequired":true,"valueName":"search_term_string"}}],"inLanguage":"es"},{"@type":"Organization","@id":"https:\/\/diariotextual.com\/inicio\/#organization","name":"Diario Textual","url":"https:\/\/diariotextual.com\/inicio\/","logo":{"@type":"ImageObject","inLanguage":"es","@id":"https:\/\/diariotextual.com\/inicio\/#\/schema\/logo\/image\/","url":"https:\/\/diariotextual.com\/inicio\/wp-content\/uploads\/2023\/05\/logotextual1.jpg","contentUrl":"https:\/\/diariotextual.com\/inicio\/wp-content\/uploads\/2023\/05\/logotextual1.jpg","width":516,"height":76,"caption":"Diario Textual"},"image":{"@id":"https:\/\/diariotextual.com\/inicio\/#\/schema\/logo\/image\/"},"sameAs":["https:\/\/www.facebook.com\/eltextual","https:\/\/x.com\/eltextual","http:\/\/www.instagram.com\/eltextual"]},{"@type":"Person","@id":"https:\/\/diariotextual.com\/inicio\/#\/schema\/person\/418fc4093c33e86ed41562db3508f958","name":"Diario1 Diario1","image":{"@type":"ImageObject","inLanguage":"es","@id":"https:\/\/secure.gravatar.com\/avatar\/9167d280179c85bc18be67aa7eda765854300033af4896dd779b608640f2ef7a?s=96&d=mm&r=g","url":"https:\/\/secure.gravatar.com\/avatar\/9167d280179c85bc18be67aa7eda765854300033af4896dd779b608640f2ef7a?s=96&d=mm&r=g","contentUrl":"https:\/\/secure.gravatar.com\/avatar\/9167d280179c85bc18be67aa7eda765854300033af4896dd779b608640f2ef7a?s=96&d=mm&r=g","caption":"Diario1 Diario1"},"url":"https:\/\/diariotextual.com\/inicio\/index.php\/author\/diario1\/"}]}},"_links":{"self":[{"href":"https:\/\/diariotextual.com\/inicio\/index.php\/wp-json\/wp\/v2\/posts\/29344","targetHints":{"allow":["GET"]}}],"collection":[{"href":"https:\/\/diariotextual.com\/inicio\/index.php\/wp-json\/wp\/v2\/posts"}],"about":[{"href":"https:\/\/diariotextual.com\/inicio\/index.php\/wp-json\/wp\/v2\/types\/post"}],"author":[{"embeddable":true,"href":"https:\/\/diariotextual.com\/inicio\/index.php\/wp-json\/wp\/v2\/users\/3"}],"replies":[{"embeddable":true,"href":"https:\/\/diariotextual.com\/inicio\/index.php\/wp-json\/wp\/v2\/comments?post=29344"}],"version-history":[{"count":3,"href":"https:\/\/diariotextual.com\/inicio\/index.php\/wp-json\/wp\/v2\/posts\/29344\/revisions"}],"predecessor-version":[{"id":29348,"href":"https:\/\/diariotextual.com\/inicio\/index.php\/wp-json\/wp\/v2\/posts\/29344\/revisions\/29348"}],"wp:featuredmedia":[{"embeddable":true,"href":"https:\/\/diariotextual.com\/inicio\/index.php\/wp-json\/wp\/v2\/media\/29346"}],"wp:attachment":[{"href":"https:\/\/diariotextual.com\/inicio\/index.php\/wp-json\/wp\/v2\/media?parent=29344"}],"wp:term":[{"taxonomy":"category","embeddable":true,"href":"https:\/\/diariotextual.com\/inicio\/index.php\/wp-json\/wp\/v2\/categories?post=29344"},{"taxonomy":"post_tag","embeddable":true,"href":"https:\/\/diariotextual.com\/inicio\/index.php\/wp-json\/wp\/v2\/tags?post=29344"}],"curies":[{"name":"wp","href":"https:\/\/api.w.org\/{rel}","templated":true}]}}